{"id":4964,"date":"2025-02-09T02:17:59","date_gmt":"2025-02-09T01:17:59","guid":{"rendered":"https:\/\/vieassociative.be\/actualites\/microsoft-edge-peut-desormais-bloquer-les-fenetres-contextuelles-ennuyeuses-en-plein-ecran\/"},"modified":"2025-02-09T02:17:59","modified_gmt":"2025-02-09T01:17:59","slug":"microsoft-edge-peut-desormais-bloquer-les-fenetres-contextuelles-ennuyeuses-en-plein-ecran","status":"publish","type":"post","link":"https:\/\/vieassociative.be\/actualites\/microsoft-edge-peut-desormais-bloquer-les-fenetres-contextuelles-ennuyeuses-en-plein-ecran\/","title":{"rendered":"Microsoft Edge peut d\u00e9sormais bloquer les fen\u00eatres contextuelles ennuyeuses en plein \u00e9cran"},"content":{"rendered":"<div class=\"mt-4 leading-6 md:mb-8\">Ne soyez plus jamais tromp\u00e9 par Scareware.<\/div>\n<p><\/p>\n<p>Avez-vous d\u00e9j\u00e0 fait d\u00e9filer, en vous souciant de votre propre entreprise, lorsqu&rsquo;une annonce d\u00e9tourne soudainement votre page avec un avertissement complet d&rsquo;un virus informatique ou d&rsquo;une ins\u00e9curit\u00e9 de compte? Ce sont des escroqueries invariablement, mais \u00e0 l&rsquo;\u0153il non form\u00e9, ils pourraient ressembler \u00e0 un v\u00e9ritable pop-up d&rsquo;un pare-feu. C&rsquo;est pourquoi Microsoft Edge utilise l&rsquo;IA pour aider les utilisateurs \u00e0 rep\u00e9rer lorsque quelqu&rsquo;un essaie de les effrayer pour t\u00e9l\u00e9charger des logiciels malveillants ou abandonner des informations sensibles.<\/p>\n<p>Disponible maintenant pour tous les utilisateurs via un aper\u00e7u, le nouveau \u00abBlocker Scareware\u00bb du navigateur est un outil bas\u00e9 sur l&rsquo;IA pour rejeter et naviguer loin de ces interruptions g\u00eanantes. Alors que l&rsquo;outil de d\u00e9fenseur int\u00e9gr\u00e9 d&rsquo;Edge sur le d\u00e9fenseur int\u00e9gr\u00e9 bloque d\u00e9j\u00e0 les escroqueries connues, l&rsquo;id\u00e9e est que Scareware Blocker aide \u00e0 r\u00e9pondre \u00e0 de nouvelles menaces.<\/p>\n<p>L&rsquo;outil utilise un mod\u00e8le d&rsquo;IA local pour d\u00e9tecter le moment o\u00f9 votre navigateur entre en mode plein \u00e9cran, un incontournable des fen\u00eatres contextuelles Scareware, puis examine ce que vous regardez pour voir s&rsquo;il ressemble \u00e0 une arnaque. Il a \u00e9t\u00e9 form\u00e9 sur \u00abdes milliers d&rsquo;\u00e9chantillons d&rsquo;escroqueries que la communaut\u00e9 de lutte contre l&rsquo;escroquerie a partag\u00e9e\u00bb avec Microsoft, et ne sauve pas les images ou ne les envoie pas au cloud \u00e0 tout moment.<\/p>\n<p>Bien que les utilisateurs puissent maintenir manuellement la touche ESC pour quitter le mode plein \u00e9cran \u00e0 tout moment, le mod\u00e8le le fera pour vous, en prenant une capture d&rsquo;\u00e9cran du site et en vous d\u00e9pla\u00e7ant vers une page qui vous avertit qu&rsquo;elle semble suspecte. Vous aurez alors la possibilit\u00e9 de fermer la page ou de continuer.<\/p>\n<p>En plus d&rsquo;aider \u00e0 prot\u00e9ger les utilisateurs sensibles aux escroqueries, Scareware Blocker s&rsquo;efforce \u00e9galement de r\u00e9duire une partie de la panique de la rencontre de l&rsquo;une de ces annonces, car ils joueront souvent des bruits forts et masquer le curseur de la souris. En les fermant rapidement et en vous emmenant sur une page d&rsquo;avertissement, la fonctionnalit\u00e9 vise \u00e0 vous aider \u00e0 retrouver vos sens.<\/p>\n<div class=\"eloquent-imagery-image\">\n<div class=\"flex justify-center\">\n                    <img decoding=\"async\" class=\"border border-gray-100\" src=\"https:\/\/vieassociative.be\/actualites\/wp-content\/uploads\/2025\/02\/Microsoft-Edge-peut-desormais-bloquer-les-fenetres-contextuelles-ennuyeuses-en.webp.webp\" alt=\"Comment activer Microsoft Edge Scareware Blocker\" width=\"2000\" height=\"1036\" loading=\"lazy\"  >\n            <\/div>\n<\/p><\/div>\n<p>Bien que j&rsquo;aie d\u00e9j\u00e0 rencontr\u00e9 ces annonces, je n&rsquo;ai pas pu en invoquer une en essayant de tester la fonctionnalit\u00e9, mais c&rsquo;est assez facile \u00e0 activer. Acc\u00e9dez simplement aux param\u00e8tres> Recherche et services de confidentialit\u00e9 et faites d\u00e9filer un peu jusqu&rsquo;\u00e0 ce que vous voyiez le bloqueur ScareWare basculer. Allumez-le et vous serez pr\u00e9par\u00e9 la prochaine fois qu&rsquo;un escroc essaie de vous effrayer pour vous vendre.<\/p>\n<p>Si vous ne voyez pas la bascule, il est possible que vous ayez besoin de mettre \u00e0 jour Edge (dans <strong>Param\u00e8tres> \u00c0 propos de Microsoft Edge<\/strong>) ou red\u00e9marrer le navigateur.<\/p>\n","protected":false},"excerpt":{"rendered":"<p>Ne soyez plus jamais tromp\u00e9 par Scareware. Avez-vous d\u00e9j\u00e0 fait d\u00e9filer, en vous souciant de votre propre entreprise, lorsqu&rsquo;une annonce d\u00e9tourne soudainement votre page avec<\/p>\n","protected":false},"author":1,"featured_media":4965,"comment_status":"","ping_status":"","sticky":false,"template":"","format":"standard","meta":{"footnotes":""},"categories":[13],"tags":[2825,5246,6,2382,5244,2174,5245,14,1190,22,3734],"class_list":["post-4964","post","type-post","status-publish","format-standard","has-post-thumbnail","hentry","category-technologie","tag-bloquer","tag-contextuelles","tag-desormais","tag-ecran","tag-edge","tag-ennuyeuses","tag-fenetres","tag-les","tag-microsoft","tag-peut","tag-plein","generate-columns","tablet-grid-50","mobile-grid-100","grid-parent","grid-33"],"yoast_head":"<!-- This site is optimized with the Yoast SEO plugin v24.0 - https:\/\/yoast.com\/wordpress\/plugins\/seo\/ -->\n<title>Microsoft Edge peut d\u00e9sormais bloquer les fen\u00eatres contextuelles ennuyeuses en plein \u00e9cran | Vie Associative<\/title>\n<meta name=\"robots\" content=\"index, follow, max-snippet:-1, max-image-preview:large, max-video-preview:-1\" \/>\n<link rel=\"canonical\" href=\"https:\/\/vieassociative.be\/actualites\/microsoft-edge-peut-desormais-bloquer-les-fenetres-contextuelles-ennuyeuses-en-plein-ecran\/\" \/>\n<meta property=\"og:locale\" content=\"fr_FR\" \/>\n<meta property=\"og:type\" content=\"article\" \/>\n<meta property=\"og:title\" content=\"Microsoft Edge peut d\u00e9sormais bloquer les fen\u00eatres contextuelles ennuyeuses en plein \u00e9cran | Vie Associative\" \/>\n<meta property=\"og:description\" content=\"Ne soyez plus jamais tromp\u00e9 par Scareware. Avez-vous d\u00e9j\u00e0 fait d\u00e9filer, en vous souciant de votre propre entreprise, lorsqu&rsquo;une annonce d\u00e9tourne soudainement votre page avec\" \/>\n<meta property=\"og:url\" content=\"https:\/\/vieassociative.be\/actualites\/microsoft-edge-peut-desormais-bloquer-les-fenetres-contextuelles-ennuyeuses-en-plein-ecran\/\" \/>\n<meta property=\"og:site_name\" content=\"Vie Associative\" \/>\n<meta property=\"article:published_time\" content=\"2025-02-09T01:17:59+00:00\" \/>\n<meta property=\"og:image\" content=\"https:\/\/vieassociative.be\/actualites\/wp-content\/uploads\/2025\/02\/Microsoft-Edge-peut-desormais-bloquer-les-fenetres-contextuelles-ennuyeuses-en.webp.webp\" \/>\n<meta name=\"author\" content=\"Julien\" \/>\n<meta name=\"twitter:card\" content=\"summary_large_image\" \/>\n<meta name=\"twitter:label1\" content=\"\u00c9crit par\" \/>\n\t<meta name=\"twitter:data1\" content=\"Julien\" \/>\n\t<meta name=\"twitter:label2\" content=\"Dur\u00e9e de lecture est.\" \/>\n\t<meta name=\"twitter:data2\" content=\"2 minutes\" \/>\n<script type=\"application\/ld+json\" class=\"yoast-schema-graph\">{\"@context\":\"https:\/\/schema.org\",\"@graph\":[{\"@type\":\"Article\",\"@id\":\"https:\/\/vieassociative.be\/actualites\/microsoft-edge-peut-desormais-bloquer-les-fenetres-contextuelles-ennuyeuses-en-plein-ecran\/#article\",\"isPartOf\":{\"@id\":\"https:\/\/vieassociative.be\/actualites\/microsoft-edge-peut-desormais-bloquer-les-fenetres-contextuelles-ennuyeuses-en-plein-ecran\/\"},\"author\":{\"name\":\"Julien\",\"@id\":\"https:\/\/vieassociative.be\/actualites\/#\/schema\/person\/b87ac4f82f9d4e7b7cec7395b679edc4\"},\"headline\":\"Microsoft Edge peut d\u00e9sormais bloquer les fen\u00eatres contextuelles ennuyeuses en plein \u00e9cran\",\"datePublished\":\"2025-02-09T01:17:59+00:00\",\"dateModified\":\"2025-02-09T01:17:59+00:00\",\"mainEntityOfPage\":{\"@id\":\"https:\/\/vieassociative.be\/actualites\/microsoft-edge-peut-desormais-bloquer-les-fenetres-contextuelles-ennuyeuses-en-plein-ecran\/\"},\"wordCount\":493,\"publisher\":{\"@id\":\"https:\/\/vieassociative.be\/actualites\/#organization\"},\"image\":{\"@id\":\"https:\/\/vieassociative.be\/actualites\/microsoft-edge-peut-desormais-bloquer-les-fenetres-contextuelles-ennuyeuses-en-plein-ecran\/#primaryimage\"},\"thumbnailUrl\":\"https:\/\/vieassociative.be\/actualites\/wp-content\/uploads\/2025\/02\/1739063879_Microsoft-Edge-peut-desormais-bloquer-les-fenetres-contextuelles-ennuyeuses-en.webp.webp\",\"keywords\":[\"bloquer\",\"contextuelles\",\"d\u00e9sormais\",\"\u00e9cran\",\"Edge\",\"ennuyeuses\",\"fen\u00eatres\",\"Les\",\"Microsoft\",\"peut\",\"plein\"],\"articleSection\":[\"Technologie\"],\"inLanguage\":\"fr-BE\"},{\"@type\":\"WebPage\",\"@id\":\"https:\/\/vieassociative.be\/actualites\/microsoft-edge-peut-desormais-bloquer-les-fenetres-contextuelles-ennuyeuses-en-plein-ecran\/\",\"url\":\"https:\/\/vieassociative.be\/actualites\/microsoft-edge-peut-desormais-bloquer-les-fenetres-contextuelles-ennuyeuses-en-plein-ecran\/\",\"name\":\"Microsoft Edge peut d\u00e9sormais bloquer les fen\u00eatres contextuelles ennuyeuses en plein \u00e9cran | Vie Associative\",\"isPartOf\":{\"@id\":\"https:\/\/vieassociative.be\/actualites\/#website\"},\"primaryImageOfPage\":{\"@id\":\"https:\/\/vieassociative.be\/actualites\/microsoft-edge-peut-desormais-bloquer-les-fenetres-contextuelles-ennuyeuses-en-plein-ecran\/#primaryimage\"},\"image\":{\"@id\":\"https:\/\/vieassociative.be\/actualites\/microsoft-edge-peut-desormais-bloquer-les-fenetres-contextuelles-ennuyeuses-en-plein-ecran\/#primaryimage\"},\"thumbnailUrl\":\"https:\/\/vieassociative.be\/actualites\/wp-content\/uploads\/2025\/02\/1739063879_Microsoft-Edge-peut-desormais-bloquer-les-fenetres-contextuelles-ennuyeuses-en.webp.webp\",\"datePublished\":\"2025-02-09T01:17:59+00:00\",\"dateModified\":\"2025-02-09T01:17:59+00:00\",\"breadcrumb\":{\"@id\":\"https:\/\/vieassociative.be\/actualites\/microsoft-edge-peut-desormais-bloquer-les-fenetres-contextuelles-ennuyeuses-en-plein-ecran\/#breadcrumb\"},\"inLanguage\":\"fr-BE\",\"potentialAction\":[{\"@type\":\"ReadAction\",\"target\":[\"https:\/\/vieassociative.be\/actualites\/microsoft-edge-peut-desormais-bloquer-les-fenetres-contextuelles-ennuyeuses-en-plein-ecran\/\"]}]},{\"@type\":\"ImageObject\",\"inLanguage\":\"fr-BE\",\"@id\":\"https:\/\/vieassociative.be\/actualites\/microsoft-edge-peut-desormais-bloquer-les-fenetres-contextuelles-ennuyeuses-en-plein-ecran\/#primaryimage\",\"url\":\"https:\/\/vieassociative.be\/actualites\/wp-content\/uploads\/2025\/02\/1739063879_Microsoft-Edge-peut-desormais-bloquer-les-fenetres-contextuelles-ennuyeuses-en.webp.webp\",\"contentUrl\":\"https:\/\/vieassociative.be\/actualites\/wp-content\/uploads\/2025\/02\/1739063879_Microsoft-Edge-peut-desormais-bloquer-les-fenetres-contextuelles-ennuyeuses-en.webp.webp\",\"width\":1200,\"height\":675,\"caption\":\"Microsoft Edge peut d\u00e9sormais bloquer les fen\u00eatres contextuelles ennuyeuses en plein \u00e9cran\"},{\"@type\":\"BreadcrumbList\",\"@id\":\"https:\/\/vieassociative.be\/actualites\/microsoft-edge-peut-desormais-bloquer-les-fenetres-contextuelles-ennuyeuses-en-plein-ecran\/#breadcrumb\",\"itemListElement\":[{\"@type\":\"ListItem\",\"position\":1,\"name\":\"Accueil\",\"item\":\"https:\/\/vieassociative.be\/actualites\/\"},{\"@type\":\"ListItem\",\"position\":2,\"name\":\"Microsoft Edge peut d\u00e9sormais bloquer les fen\u00eatres contextuelles ennuyeuses en plein \u00e9cran\"}]},{\"@type\":\"WebSite\",\"@id\":\"https:\/\/vieassociative.be\/actualites\/#website\",\"url\":\"https:\/\/vieassociative.be\/actualites\/\",\"name\":\"Vie Associative\",\"description\":\"\",\"publisher\":{\"@id\":\"https:\/\/vieassociative.be\/actualites\/#organization\"},\"potentialAction\":[{\"@type\":\"SearchAction\",\"target\":{\"@type\":\"EntryPoint\",\"urlTemplate\":\"https:\/\/vieassociative.be\/actualites\/?s={search_term_string}\"},\"query-input\":{\"@type\":\"PropertyValueSpecification\",\"valueRequired\":true,\"valueName\":\"search_term_string\"}}],\"inLanguage\":\"fr-BE\"},{\"@type\":\"Organization\",\"@id\":\"https:\/\/vieassociative.be\/actualites\/#organization\",\"name\":\"Vie Associative\",\"url\":\"https:\/\/vieassociative.be\/actualites\/\",\"logo\":{\"@type\":\"ImageObject\",\"inLanguage\":\"fr-BE\",\"@id\":\"https:\/\/vieassociative.be\/actualites\/#\/schema\/logo\/image\/\",\"url\":\"https:\/\/vieassociative.be\/actualites\/wp-content\/uploads\/2024\/09\/cropped-vieassociative_favicon.ico.png\",\"contentUrl\":\"https:\/\/vieassociative.be\/actualites\/wp-content\/uploads\/2024\/09\/cropped-vieassociative_favicon.ico.png\",\"width\":512,\"height\":512,\"caption\":\"Vie Associative\"},\"image\":{\"@id\":\"https:\/\/vieassociative.be\/actualites\/#\/schema\/logo\/image\/\"}},{\"@type\":\"Person\",\"@id\":\"https:\/\/vieassociative.be\/actualites\/#\/schema\/person\/b87ac4f82f9d4e7b7cec7395b679edc4\",\"name\":\"Julien\",\"image\":{\"@type\":\"ImageObject\",\"inLanguage\":\"fr-BE\",\"@id\":\"https:\/\/vieassociative.be\/actualites\/#\/schema\/person\/image\/\",\"url\":\"https:\/\/vieassociative.be\/actualites\/wp-content\/uploads\/2024\/09\/vie-associative-1-150x150.jpg\",\"contentUrl\":\"https:\/\/vieassociative.be\/actualites\/wp-content\/uploads\/2024\/09\/vie-associative-1-150x150.jpg\",\"caption\":\"Julien\"},\"description\":\"Je suis Julien, r\u00e9dacteur pour Vie Associative. Passionn\u00e9 par le monde associatif depuis plus de 10 ans, j'ai \u00e0 c\u0153ur de partager des histoires inspirantes et de mettre en lumi\u00e8re les initiatives locales. Mon objectif est de sensibiliser et d'encourager l'engagement communautaire \u00e0 travers mes articles.\",\"sameAs\":[\"https:\/\/vieassociative.be\/\"]}]}<\/script>\n<!-- \/ Yoast SEO plugin. -->","yoast_head_json":{"title":"Microsoft Edge peut d\u00e9sormais bloquer les fen\u00eatres contextuelles ennuyeuses en plein \u00e9cran | Vie Associative","robots":{"index":"index","follow":"follow","max-snippet":"max-snippet:-1","max-image-preview":"max-image-preview:large","max-video-preview":"max-video-preview:-1"},"canonical":"https:\/\/vieassociative.be\/actualites\/microsoft-edge-peut-desormais-bloquer-les-fenetres-contextuelles-ennuyeuses-en-plein-ecran\/","og_locale":"fr_FR","og_type":"article","og_title":"Microsoft Edge peut d\u00e9sormais bloquer les fen\u00eatres contextuelles ennuyeuses en plein \u00e9cran | Vie Associative","og_description":"Ne soyez plus jamais tromp\u00e9 par Scareware. Avez-vous d\u00e9j\u00e0 fait d\u00e9filer, en vous souciant de votre propre entreprise, lorsqu&rsquo;une annonce d\u00e9tourne soudainement votre page avec","og_url":"https:\/\/vieassociative.be\/actualites\/microsoft-edge-peut-desormais-bloquer-les-fenetres-contextuelles-ennuyeuses-en-plein-ecran\/","og_site_name":"Vie Associative","article_published_time":"2025-02-09T01:17:59+00:00","og_image":[{"url":"https:\/\/vieassociative.be\/actualites\/wp-content\/uploads\/2025\/02\/Microsoft-Edge-peut-desormais-bloquer-les-fenetres-contextuelles-ennuyeuses-en.webp.webp","type":"","width":"","height":""}],"author":"Julien","twitter_card":"summary_large_image","twitter_misc":{"\u00c9crit par":"Julien","Dur\u00e9e de lecture est.":"2 minutes"},"schema":{"@context":"https:\/\/schema.org","@graph":[{"@type":"Article","@id":"https:\/\/vieassociative.be\/actualites\/microsoft-edge-peut-desormais-bloquer-les-fenetres-contextuelles-ennuyeuses-en-plein-ecran\/#article","isPartOf":{"@id":"https:\/\/vieassociative.be\/actualites\/microsoft-edge-peut-desormais-bloquer-les-fenetres-contextuelles-ennuyeuses-en-plein-ecran\/"},"author":{"name":"Julien","@id":"https:\/\/vieassociative.be\/actualites\/#\/schema\/person\/b87ac4f82f9d4e7b7cec7395b679edc4"},"headline":"Microsoft Edge peut d\u00e9sormais bloquer les fen\u00eatres contextuelles ennuyeuses en plein \u00e9cran","datePublished":"2025-02-09T01:17:59+00:00","dateModified":"2025-02-09T01:17:59+00:00","mainEntityOfPage":{"@id":"https:\/\/vieassociative.be\/actualites\/microsoft-edge-peut-desormais-bloquer-les-fenetres-contextuelles-ennuyeuses-en-plein-ecran\/"},"wordCount":493,"publisher":{"@id":"https:\/\/vieassociative.be\/actualites\/#organization"},"image":{"@id":"https:\/\/vieassociative.be\/actualites\/microsoft-edge-peut-desormais-bloquer-les-fenetres-contextuelles-ennuyeuses-en-plein-ecran\/#primaryimage"},"thumbnailUrl":"https:\/\/vieassociative.be\/actualites\/wp-content\/uploads\/2025\/02\/1739063879_Microsoft-Edge-peut-desormais-bloquer-les-fenetres-contextuelles-ennuyeuses-en.webp.webp","keywords":["bloquer","contextuelles","d\u00e9sormais","\u00e9cran","Edge","ennuyeuses","fen\u00eatres","Les","Microsoft","peut","plein"],"articleSection":["Technologie"],"inLanguage":"fr-BE"},{"@type":"WebPage","@id":"https:\/\/vieassociative.be\/actualites\/microsoft-edge-peut-desormais-bloquer-les-fenetres-contextuelles-ennuyeuses-en-plein-ecran\/","url":"https:\/\/vieassociative.be\/actualites\/microsoft-edge-peut-desormais-bloquer-les-fenetres-contextuelles-ennuyeuses-en-plein-ecran\/","name":"Microsoft Edge peut d\u00e9sormais bloquer les fen\u00eatres contextuelles ennuyeuses en plein \u00e9cran | Vie Associative","isPartOf":{"@id":"https:\/\/vieassociative.be\/actualites\/#website"},"primaryImageOfPage":{"@id":"https:\/\/vieassociative.be\/actualites\/microsoft-edge-peut-desormais-bloquer-les-fenetres-contextuelles-ennuyeuses-en-plein-ecran\/#primaryimage"},"image":{"@id":"https:\/\/vieassociative.be\/actualites\/microsoft-edge-peut-desormais-bloquer-les-fenetres-contextuelles-ennuyeuses-en-plein-ecran\/#primaryimage"},"thumbnailUrl":"https:\/\/vieassociative.be\/actualites\/wp-content\/uploads\/2025\/02\/1739063879_Microsoft-Edge-peut-desormais-bloquer-les-fenetres-contextuelles-ennuyeuses-en.webp.webp","datePublished":"2025-02-09T01:17:59+00:00","dateModified":"2025-02-09T01:17:59+00:00","breadcrumb":{"@id":"https:\/\/vieassociative.be\/actualites\/microsoft-edge-peut-desormais-bloquer-les-fenetres-contextuelles-ennuyeuses-en-plein-ecran\/#breadcrumb"},"inLanguage":"fr-BE","potentialAction":[{"@type":"ReadAction","target":["https:\/\/vieassociative.be\/actualites\/microsoft-edge-peut-desormais-bloquer-les-fenetres-contextuelles-ennuyeuses-en-plein-ecran\/"]}]},{"@type":"ImageObject","inLanguage":"fr-BE","@id":"https:\/\/vieassociative.be\/actualites\/microsoft-edge-peut-desormais-bloquer-les-fenetres-contextuelles-ennuyeuses-en-plein-ecran\/#primaryimage","url":"https:\/\/vieassociative.be\/actualites\/wp-content\/uploads\/2025\/02\/1739063879_Microsoft-Edge-peut-desormais-bloquer-les-fenetres-contextuelles-ennuyeuses-en.webp.webp","contentUrl":"https:\/\/vieassociative.be\/actualites\/wp-content\/uploads\/2025\/02\/1739063879_Microsoft-Edge-peut-desormais-bloquer-les-fenetres-contextuelles-ennuyeuses-en.webp.webp","width":1200,"height":675,"caption":"Microsoft Edge peut d\u00e9sormais bloquer les fen\u00eatres contextuelles ennuyeuses en plein \u00e9cran"},{"@type":"BreadcrumbList","@id":"https:\/\/vieassociative.be\/actualites\/microsoft-edge-peut-desormais-bloquer-les-fenetres-contextuelles-ennuyeuses-en-plein-ecran\/#breadcrumb","itemListElement":[{"@type":"ListItem","position":1,"name":"Accueil","item":"https:\/\/vieassociative.be\/actualites\/"},{"@type":"ListItem","position":2,"name":"Microsoft Edge peut d\u00e9sormais bloquer les fen\u00eatres contextuelles ennuyeuses en plein \u00e9cran"}]},{"@type":"WebSite","@id":"https:\/\/vieassociative.be\/actualites\/#website","url":"https:\/\/vieassociative.be\/actualites\/","name":"Vie Associative","description":"","publisher":{"@id":"https:\/\/vieassociative.be\/actualites\/#organization"},"potentialAction":[{"@type":"SearchAction","target":{"@type":"EntryPoint","urlTemplate":"https:\/\/vieassociative.be\/actualites\/?s={search_term_string}"},"query-input":{"@type":"PropertyValueSpecification","valueRequired":true,"valueName":"search_term_string"}}],"inLanguage":"fr-BE"},{"@type":"Organization","@id":"https:\/\/vieassociative.be\/actualites\/#organization","name":"Vie Associative","url":"https:\/\/vieassociative.be\/actualites\/","logo":{"@type":"ImageObject","inLanguage":"fr-BE","@id":"https:\/\/vieassociative.be\/actualites\/#\/schema\/logo\/image\/","url":"https:\/\/vieassociative.be\/actualites\/wp-content\/uploads\/2024\/09\/cropped-vieassociative_favicon.ico.png","contentUrl":"https:\/\/vieassociative.be\/actualites\/wp-content\/uploads\/2024\/09\/cropped-vieassociative_favicon.ico.png","width":512,"height":512,"caption":"Vie Associative"},"image":{"@id":"https:\/\/vieassociative.be\/actualites\/#\/schema\/logo\/image\/"}},{"@type":"Person","@id":"https:\/\/vieassociative.be\/actualites\/#\/schema\/person\/b87ac4f82f9d4e7b7cec7395b679edc4","name":"Julien","image":{"@type":"ImageObject","inLanguage":"fr-BE","@id":"https:\/\/vieassociative.be\/actualites\/#\/schema\/person\/image\/","url":"https:\/\/vieassociative.be\/actualites\/wp-content\/uploads\/2024\/09\/vie-associative-1-150x150.jpg","contentUrl":"https:\/\/vieassociative.be\/actualites\/wp-content\/uploads\/2024\/09\/vie-associative-1-150x150.jpg","caption":"Julien"},"description":"Je suis Julien, r\u00e9dacteur pour Vie Associative. Passionn\u00e9 par le monde associatif depuis plus de 10 ans, j'ai \u00e0 c\u0153ur de partager des histoires inspirantes et de mettre en lumi\u00e8re les initiatives locales. Mon objectif est de sensibiliser et d'encourager l'engagement communautaire \u00e0 travers mes articles.","sameAs":["https:\/\/vieassociative.be\/"]}]}},"_links":{"self":[{"href":"https:\/\/vieassociative.be\/actualites\/wp-json\/wp\/v2\/posts\/4964"}],"collection":[{"href":"https:\/\/vieassociative.be\/actualites\/wp-json\/wp\/v2\/posts"}],"about":[{"href":"https:\/\/vieassociative.be\/actualites\/wp-json\/wp\/v2\/types\/post"}],"author":[{"embeddable":true,"href":"https:\/\/vieassociative.be\/actualites\/wp-json\/wp\/v2\/users\/1"}],"replies":[{"embeddable":true,"href":"https:\/\/vieassociative.be\/actualites\/wp-json\/wp\/v2\/comments?post=4964"}],"version-history":[{"count":0,"href":"https:\/\/vieassociative.be\/actualites\/wp-json\/wp\/v2\/posts\/4964\/revisions"}],"wp:featuredmedia":[{"embeddable":true,"href":"https:\/\/vieassociative.be\/actualites\/wp-json\/wp\/v2\/media\/4965"}],"wp:attachment":[{"href":"https:\/\/vieassociative.be\/actualites\/wp-json\/wp\/v2\/media?parent=4964"}],"wp:term":[{"taxonomy":"category","embeddable":true,"href":"https:\/\/vieassociative.be\/actualites\/wp-json\/wp\/v2\/categories?post=4964"},{"taxonomy":"post_tag","embeddable":true,"href":"https:\/\/vieassociative.be\/actualites\/wp-json\/wp\/v2\/tags?post=4964"}],"curies":[{"name":"wp","href":"https:\/\/api.w.org\/{rel}","templated":true}]}}