{"id":4953,"date":"2025-02-08T14:18:42","date_gmt":"2025-02-08T13:18:42","guid":{"rendered":"https:\/\/vieassociative.be\/actualites\/il-semble-que-des-rumeurs-sur-le-mode-de-souris-du-switch-2-soient-vraies\/"},"modified":"2025-02-08T14:18:42","modified_gmt":"2025-02-08T13:18:42","slug":"il-semble-que-des-rumeurs-sur-le-mode-de-souris-du-switch-2-soient-vraies","status":"publish","type":"post","link":"https:\/\/vieassociative.be\/actualites\/il-semble-que-des-rumeurs-sur-le-mode-de-souris-du-switch-2-soient-vraies\/","title":{"rendered":"Il semble que des rumeurs sur le \u00abmode de souris\u00bb du Switch 2 soient vraies"},"content":{"rendered":"<div class=\"mt-4 leading-6 md:mb-8\">Imaginez comment les joueurs de Call of Duty r\u00e9agiront.<\/div>\n<p><\/p>\n<p>Lorsque le Nintendo Switch 2 a \u00e9t\u00e9 officiellement annonc\u00e9, il \u00e9tait difficile de sentir que ce n&rsquo;\u00e9tait pas plus la m\u00eame chose. Sans des gadgets 3D \u00e9tranges et aucun sch\u00e9ma de d\u00e9nomination absurde, cela ressemblait-il m\u00eame \u00e0 un nouvel appareil Nintendo? Mais les t\u00e9l\u00e9spectateurs aux yeux d&rsquo;aigle ont ramass\u00e9 autre chose &#8211; Nintendo, il s&rsquo;av\u00e8re que, pourrait \u00eatre le premier fabricant de consoles \u00e0 construire une souris directement dans son contr\u00f4leur par d\u00e9faut.<\/p>\n<div class=\"mx-auto mt-8 w-full max-w-4xl\">\n<div id=\"video-container-itpcsQQvgAQ?t=61\"><\/div>\n<\/div>\n<p>Vers 1:01 dans la bande-annonce d&rsquo;annonce, vous pouvez voir ce qui ressemble \u00e0 un capteur optique appara\u00eetre sur le c\u00f4t\u00e9 d&rsquo;un des contr\u00f4leurs Joy-Con Switch 2 (ou peu importe leur appel), et quelques secondes plus tard , ces deux m\u00eames contr\u00f4leurs glissent le long d&rsquo;un bureau de leur c\u00f4t\u00e9, comme s&rsquo;ils \u00e9taient utilis\u00e9s comme des souris. <\/p>\n<p>Le moment a suivi des semaines de rumeurs et de fuites suppos\u00e9es, mais rien de concret n&rsquo;avait fait surface\u2026 jusqu&rsquo;\u00e0 pr\u00e9sent. <\/p>\n<p>Dans un brevet d\u00e9pos\u00e9 le 1er ao\u00fbt de l&rsquo;ann\u00e9e derni\u00e8re et publi\u00e9 le 6 f\u00e9vrier, Nintendo d\u00e9crit un \u00abappareil d&rsquo;entr\u00e9e\u00bb qui ressemble et ressemble beaucoup \u00e0 un Switch 2 Joy-Con (c&rsquo;est comme \u00e7a que je vais l&rsquo;appeler pour le moment) \u00catre tenu sur le c\u00f4t\u00e9 et comprend un \u00abcapteur pour le fonctionnement de la souris\u00bb. Enfin, il semble que Switch 2 de Nintendo ne soit pas aussi ennuyeux apr\u00e8s tout.<\/p>\n<div class=\"eloquent-imagery-image\">\n<div class=\"flex justify-center\">\n                    <img decoding=\"async\" class=\"border border-gray-100\" src=\"https:\/\/vieassociative.be\/actualites\/wp-content\/uploads\/2025\/02\/Il-semble-que-des-rumeurs-sur-le-mode-de-souris.png\" alt=\"Nintendo Switch 2 Sch\u00e9ma de brevet\" width=\"2000\" height=\"1367\" loading=\"lazy\"  >\n            <\/div>\n<\/p><\/div>\n<p>Dans un diagramme inclus avec le brevet, une main semble utiliser les boutons de l&rsquo;\u00e9paule et du d\u00e9clenchement de Joy-Con comme boutons de la souris, et peut-\u00eatre en utilisant le pouce comme roue de d\u00e9filement. Un bouton semble manquer dans le Joy-Con dans le diagramme, le myst\u00e9rieux nouveau bouton C vu dans la bande-annonce de Switch 2 de la fin du mois dernier, mais \u00e0 part cela, tout semble \u00eatre repr\u00e9sent\u00e9 exactement comme pr\u00e9vu.<\/p>\n<p>Techniquement, Nintendo n&rsquo;est pas le premier \u00e0 avoir cette id\u00e9e. Une fonctionnalit\u00e9 similaire, bien qu&rsquo;avec une impl\u00e9mentation l\u00e9g\u00e8rement plus maladroite, est d\u00e9j\u00e0 disponible sur le Lenovo Legion Go, avec le \u00abmode FPS\u00bb de cet appareil. Mais avec Nintendo donnant le contr\u00f4le de la souris \u00e0 l&rsquo;ensemble de sa base d&rsquo;utilisateurs, les d\u00e9veloppeurs se sentiront probablement beaucoup plus \u00e0 l&rsquo;aise de soutenir le sch\u00e9ma de contr\u00f4le.<\/p>\n<p>Alors, que pourrait signifier une souris sur le commutateur 2? Eh bien, des ports PC plus naturels et un objectif plus facile dans le tournage des jeux, c&rsquo;est s\u00fbr. Mais j&rsquo;ai une th\u00e9orie un peu plus ext\u00e9rieure.<\/p>\n<p>Je pense que Nintendo veut apporter des jeux DS au t\u00e9l\u00e9viseur pour la premi\u00e8re fois depuis la console virtuelle de la Wii U. La soci\u00e9t\u00e9 a r\u00e9cemment ajout\u00e9 Game Boy Advance Games \u00e0 un niveau am\u00e9lior\u00e9 de la biblioth\u00e8que Switch Online, mais avec une souris, Nintendo pourrait facilement apporter \u00e9galement DS Games au Switch 2. Oui, techniquement, les contr\u00f4les de mouvement de Joy-Con pourraient imiter un stylet \u00e0 \u00e9cran tactile, mais une souris fournira beaucoup plus facilement la vitesse et la pr\u00e9cision n\u00e9cessaires aux classiques DS comme <em>Le monde se termine avec toi<\/em>qui n&rsquo;a jamais vraiment bien traduit en d&rsquo;autres syst\u00e8mes (malgr\u00e9 plusieurs tentatives de Square Enix). Enfin, il y aura une bonne m\u00e9thode officielle pour jouer \u00e0 ces jeux qui n&rsquo;implique pas r\u00e9ellement l&rsquo;ancien DS Lite (ou, oui, une 3DS).<\/p>\n<p>Mais m\u00eame si je me trompe et que la souris devient simplement une fonction de contr\u00f4le facultative pour certains jeux, il est dr\u00f4le d&rsquo;imaginer un avenir o\u00f9 le Switch Nintendo a un meilleur support pour les tireurs que la Xbox.<\/p>\n","protected":false},"excerpt":{"rendered":"<p>Imaginez comment les joueurs de Call of Duty r\u00e9agiront. Lorsque le Nintendo Switch 2 a \u00e9t\u00e9 officiellement annonc\u00e9, il \u00e9tait difficile de sentir que ce<\/p>\n","protected":false},"author":1,"featured_media":4954,"comment_status":"","ping_status":"","sticky":false,"template":"","format":"standard","meta":{"footnotes":""},"categories":[13],"tags":[29,2050,1844,1611,2544,1670,33,1390,5240],"class_list":["post-4953","post","type-post","status-publish","format-standard","has-post-thumbnail","hentry","category-technologie","tag-des","tag-mode","tag-rumeurs","tag-semble","tag-soient","tag-souris","tag-sur","tag-switch","tag-vraies","generate-columns","tablet-grid-50","mobile-grid-100","grid-parent","grid-33"],"yoast_head":"<!-- This site is optimized with the Yoast SEO plugin v24.0 - https:\/\/yoast.com\/wordpress\/plugins\/seo\/ -->\n<title>Il semble que des rumeurs sur le \u00abmode de souris\u00bb du Switch 2 soient vraies | Vie Associative<\/title>\n<meta name=\"robots\" content=\"index, follow, max-snippet:-1, max-image-preview:large, max-video-preview:-1\" \/>\n<link rel=\"canonical\" href=\"https:\/\/vieassociative.be\/actualites\/il-semble-que-des-rumeurs-sur-le-mode-de-souris-du-switch-2-soient-vraies\/\" \/>\n<meta property=\"og:locale\" content=\"fr_FR\" \/>\n<meta property=\"og:type\" content=\"article\" \/>\n<meta property=\"og:title\" content=\"Il semble que des rumeurs sur le \u00abmode de souris\u00bb du Switch 2 soient vraies | Vie Associative\" \/>\n<meta property=\"og:description\" content=\"Imaginez comment les joueurs de Call of Duty r\u00e9agiront. Lorsque le Nintendo Switch 2 a \u00e9t\u00e9 officiellement annonc\u00e9, il \u00e9tait difficile de sentir que ce\" \/>\n<meta property=\"og:url\" content=\"https:\/\/vieassociative.be\/actualites\/il-semble-que-des-rumeurs-sur-le-mode-de-souris-du-switch-2-soient-vraies\/\" \/>\n<meta property=\"og:site_name\" content=\"Vie Associative\" \/>\n<meta property=\"article:published_time\" content=\"2025-02-08T13:18:42+00:00\" \/>\n<meta property=\"og:image\" content=\"https:\/\/vieassociative.be\/actualites\/wp-content\/uploads\/2025\/02\/Il-semble-que-des-rumeurs-sur-le-mode-de-souris.png\" \/>\n<meta name=\"author\" content=\"Julien\" \/>\n<meta name=\"twitter:card\" content=\"summary_large_image\" \/>\n<meta name=\"twitter:label1\" content=\"\u00c9crit par\" \/>\n\t<meta name=\"twitter:data1\" content=\"Julien\" \/>\n\t<meta name=\"twitter:label2\" content=\"Dur\u00e9e de lecture est.\" \/>\n\t<meta name=\"twitter:data2\" content=\"3 minutes\" \/>\n<script type=\"application\/ld+json\" class=\"yoast-schema-graph\">{\"@context\":\"https:\/\/schema.org\",\"@graph\":[{\"@type\":\"Article\",\"@id\":\"https:\/\/vieassociative.be\/actualites\/il-semble-que-des-rumeurs-sur-le-mode-de-souris-du-switch-2-soient-vraies\/#article\",\"isPartOf\":{\"@id\":\"https:\/\/vieassociative.be\/actualites\/il-semble-que-des-rumeurs-sur-le-mode-de-souris-du-switch-2-soient-vraies\/\"},\"author\":{\"name\":\"Julien\",\"@id\":\"https:\/\/vieassociative.be\/actualites\/#\/schema\/person\/b87ac4f82f9d4e7b7cec7395b679edc4\"},\"headline\":\"Il semble que des rumeurs sur le \u00abmode de souris\u00bb du Switch 2 soient vraies\",\"datePublished\":\"2025-02-08T13:18:42+00:00\",\"dateModified\":\"2025-02-08T13:18:42+00:00\",\"mainEntityOfPage\":{\"@id\":\"https:\/\/vieassociative.be\/actualites\/il-semble-que-des-rumeurs-sur-le-mode-de-souris-du-switch-2-soient-vraies\/\"},\"wordCount\":656,\"publisher\":{\"@id\":\"https:\/\/vieassociative.be\/actualites\/#organization\"},\"image\":{\"@id\":\"https:\/\/vieassociative.be\/actualites\/il-semble-que-des-rumeurs-sur-le-mode-de-souris-du-switch-2-soient-vraies\/#primaryimage\"},\"thumbnailUrl\":\"https:\/\/vieassociative.be\/actualites\/wp-content\/uploads\/2025\/02\/1739020723_Il-semble-que-des-rumeurs-sur-le-mode-de-souris.png\",\"keywords\":[\"Des\",\"mode\",\"rumeurs\",\"semble\",\"soient\",\"souris\",\"sur\",\"Switch\",\"vraies\"],\"articleSection\":[\"Technologie\"],\"inLanguage\":\"fr-BE\"},{\"@type\":\"WebPage\",\"@id\":\"https:\/\/vieassociative.be\/actualites\/il-semble-que-des-rumeurs-sur-le-mode-de-souris-du-switch-2-soient-vraies\/\",\"url\":\"https:\/\/vieassociative.be\/actualites\/il-semble-que-des-rumeurs-sur-le-mode-de-souris-du-switch-2-soient-vraies\/\",\"name\":\"Il semble que des rumeurs sur le \u00abmode de souris\u00bb du Switch 2 soient vraies | Vie Associative\",\"isPartOf\":{\"@id\":\"https:\/\/vieassociative.be\/actualites\/#website\"},\"primaryImageOfPage\":{\"@id\":\"https:\/\/vieassociative.be\/actualites\/il-semble-que-des-rumeurs-sur-le-mode-de-souris-du-switch-2-soient-vraies\/#primaryimage\"},\"image\":{\"@id\":\"https:\/\/vieassociative.be\/actualites\/il-semble-que-des-rumeurs-sur-le-mode-de-souris-du-switch-2-soient-vraies\/#primaryimage\"},\"thumbnailUrl\":\"https:\/\/vieassociative.be\/actualites\/wp-content\/uploads\/2025\/02\/1739020723_Il-semble-que-des-rumeurs-sur-le-mode-de-souris.png\",\"datePublished\":\"2025-02-08T13:18:42+00:00\",\"dateModified\":\"2025-02-08T13:18:42+00:00\",\"breadcrumb\":{\"@id\":\"https:\/\/vieassociative.be\/actualites\/il-semble-que-des-rumeurs-sur-le-mode-de-souris-du-switch-2-soient-vraies\/#breadcrumb\"},\"inLanguage\":\"fr-BE\",\"potentialAction\":[{\"@type\":\"ReadAction\",\"target\":[\"https:\/\/vieassociative.be\/actualites\/il-semble-que-des-rumeurs-sur-le-mode-de-souris-du-switch-2-soient-vraies\/\"]}]},{\"@type\":\"ImageObject\",\"inLanguage\":\"fr-BE\",\"@id\":\"https:\/\/vieassociative.be\/actualites\/il-semble-que-des-rumeurs-sur-le-mode-de-souris-du-switch-2-soient-vraies\/#primaryimage\",\"url\":\"https:\/\/vieassociative.be\/actualites\/wp-content\/uploads\/2025\/02\/1739020723_Il-semble-que-des-rumeurs-sur-le-mode-de-souris.png\",\"contentUrl\":\"https:\/\/vieassociative.be\/actualites\/wp-content\/uploads\/2025\/02\/1739020723_Il-semble-que-des-rumeurs-sur-le-mode-de-souris.png\",\"width\":1200,\"height\":675,\"caption\":\"Il semble que des rumeurs sur le \u00abmode de souris\u00bb du Switch 2 soient vraies\"},{\"@type\":\"BreadcrumbList\",\"@id\":\"https:\/\/vieassociative.be\/actualites\/il-semble-que-des-rumeurs-sur-le-mode-de-souris-du-switch-2-soient-vraies\/#breadcrumb\",\"itemListElement\":[{\"@type\":\"ListItem\",\"position\":1,\"name\":\"Accueil\",\"item\":\"https:\/\/vieassociative.be\/actualites\/\"},{\"@type\":\"ListItem\",\"position\":2,\"name\":\"Il semble que des rumeurs sur le \u00abmode de souris\u00bb du Switch 2 soient vraies\"}]},{\"@type\":\"WebSite\",\"@id\":\"https:\/\/vieassociative.be\/actualites\/#website\",\"url\":\"https:\/\/vieassociative.be\/actualites\/\",\"name\":\"Vie Associative\",\"description\":\"\",\"publisher\":{\"@id\":\"https:\/\/vieassociative.be\/actualites\/#organization\"},\"potentialAction\":[{\"@type\":\"SearchAction\",\"target\":{\"@type\":\"EntryPoint\",\"urlTemplate\":\"https:\/\/vieassociative.be\/actualites\/?s={search_term_string}\"},\"query-input\":{\"@type\":\"PropertyValueSpecification\",\"valueRequired\":true,\"valueName\":\"search_term_string\"}}],\"inLanguage\":\"fr-BE\"},{\"@type\":\"Organization\",\"@id\":\"https:\/\/vieassociative.be\/actualites\/#organization\",\"name\":\"Vie Associative\",\"url\":\"https:\/\/vieassociative.be\/actualites\/\",\"logo\":{\"@type\":\"ImageObject\",\"inLanguage\":\"fr-BE\",\"@id\":\"https:\/\/vieassociative.be\/actualites\/#\/schema\/logo\/image\/\",\"url\":\"https:\/\/vieassociative.be\/actualites\/wp-content\/uploads\/2024\/09\/cropped-vieassociative_favicon.ico.png\",\"contentUrl\":\"https:\/\/vieassociative.be\/actualites\/wp-content\/uploads\/2024\/09\/cropped-vieassociative_favicon.ico.png\",\"width\":512,\"height\":512,\"caption\":\"Vie Associative\"},\"image\":{\"@id\":\"https:\/\/vieassociative.be\/actualites\/#\/schema\/logo\/image\/\"}},{\"@type\":\"Person\",\"@id\":\"https:\/\/vieassociative.be\/actualites\/#\/schema\/person\/b87ac4f82f9d4e7b7cec7395b679edc4\",\"name\":\"Julien\",\"image\":{\"@type\":\"ImageObject\",\"inLanguage\":\"fr-BE\",\"@id\":\"https:\/\/vieassociative.be\/actualites\/#\/schema\/person\/image\/\",\"url\":\"https:\/\/vieassociative.be\/actualites\/wp-content\/uploads\/2024\/09\/vie-associative-1-150x150.jpg\",\"contentUrl\":\"https:\/\/vieassociative.be\/actualites\/wp-content\/uploads\/2024\/09\/vie-associative-1-150x150.jpg\",\"caption\":\"Julien\"},\"description\":\"Je suis Julien, r\u00e9dacteur pour Vie Associative. Passionn\u00e9 par le monde associatif depuis plus de 10 ans, j'ai \u00e0 c\u0153ur de partager des histoires inspirantes et de mettre en lumi\u00e8re les initiatives locales. Mon objectif est de sensibiliser et d'encourager l'engagement communautaire \u00e0 travers mes articles.\",\"sameAs\":[\"https:\/\/vieassociative.be\/\"]}]}<\/script>\n<!-- \/ Yoast SEO plugin. -->","yoast_head_json":{"title":"Il semble que des rumeurs sur le \u00abmode de souris\u00bb du Switch 2 soient vraies | Vie Associative","robots":{"index":"index","follow":"follow","max-snippet":"max-snippet:-1","max-image-preview":"max-image-preview:large","max-video-preview":"max-video-preview:-1"},"canonical":"https:\/\/vieassociative.be\/actualites\/il-semble-que-des-rumeurs-sur-le-mode-de-souris-du-switch-2-soient-vraies\/","og_locale":"fr_FR","og_type":"article","og_title":"Il semble que des rumeurs sur le \u00abmode de souris\u00bb du Switch 2 soient vraies | Vie Associative","og_description":"Imaginez comment les joueurs de Call of Duty r\u00e9agiront. Lorsque le Nintendo Switch 2 a \u00e9t\u00e9 officiellement annonc\u00e9, il \u00e9tait difficile de sentir que ce","og_url":"https:\/\/vieassociative.be\/actualites\/il-semble-que-des-rumeurs-sur-le-mode-de-souris-du-switch-2-soient-vraies\/","og_site_name":"Vie Associative","article_published_time":"2025-02-08T13:18:42+00:00","og_image":[{"url":"https:\/\/vieassociative.be\/actualites\/wp-content\/uploads\/2025\/02\/Il-semble-que-des-rumeurs-sur-le-mode-de-souris.png","type":"","width":"","height":""}],"author":"Julien","twitter_card":"summary_large_image","twitter_misc":{"\u00c9crit par":"Julien","Dur\u00e9e de lecture est.":"3 minutes"},"schema":{"@context":"https:\/\/schema.org","@graph":[{"@type":"Article","@id":"https:\/\/vieassociative.be\/actualites\/il-semble-que-des-rumeurs-sur-le-mode-de-souris-du-switch-2-soient-vraies\/#article","isPartOf":{"@id":"https:\/\/vieassociative.be\/actualites\/il-semble-que-des-rumeurs-sur-le-mode-de-souris-du-switch-2-soient-vraies\/"},"author":{"name":"Julien","@id":"https:\/\/vieassociative.be\/actualites\/#\/schema\/person\/b87ac4f82f9d4e7b7cec7395b679edc4"},"headline":"Il semble que des rumeurs sur le \u00abmode de souris\u00bb du Switch 2 soient vraies","datePublished":"2025-02-08T13:18:42+00:00","dateModified":"2025-02-08T13:18:42+00:00","mainEntityOfPage":{"@id":"https:\/\/vieassociative.be\/actualites\/il-semble-que-des-rumeurs-sur-le-mode-de-souris-du-switch-2-soient-vraies\/"},"wordCount":656,"publisher":{"@id":"https:\/\/vieassociative.be\/actualites\/#organization"},"image":{"@id":"https:\/\/vieassociative.be\/actualites\/il-semble-que-des-rumeurs-sur-le-mode-de-souris-du-switch-2-soient-vraies\/#primaryimage"},"thumbnailUrl":"https:\/\/vieassociative.be\/actualites\/wp-content\/uploads\/2025\/02\/1739020723_Il-semble-que-des-rumeurs-sur-le-mode-de-souris.png","keywords":["Des","mode","rumeurs","semble","soient","souris","sur","Switch","vraies"],"articleSection":["Technologie"],"inLanguage":"fr-BE"},{"@type":"WebPage","@id":"https:\/\/vieassociative.be\/actualites\/il-semble-que-des-rumeurs-sur-le-mode-de-souris-du-switch-2-soient-vraies\/","url":"https:\/\/vieassociative.be\/actualites\/il-semble-que-des-rumeurs-sur-le-mode-de-souris-du-switch-2-soient-vraies\/","name":"Il semble que des rumeurs sur le \u00abmode de souris\u00bb du Switch 2 soient vraies | Vie Associative","isPartOf":{"@id":"https:\/\/vieassociative.be\/actualites\/#website"},"primaryImageOfPage":{"@id":"https:\/\/vieassociative.be\/actualites\/il-semble-que-des-rumeurs-sur-le-mode-de-souris-du-switch-2-soient-vraies\/#primaryimage"},"image":{"@id":"https:\/\/vieassociative.be\/actualites\/il-semble-que-des-rumeurs-sur-le-mode-de-souris-du-switch-2-soient-vraies\/#primaryimage"},"thumbnailUrl":"https:\/\/vieassociative.be\/actualites\/wp-content\/uploads\/2025\/02\/1739020723_Il-semble-que-des-rumeurs-sur-le-mode-de-souris.png","datePublished":"2025-02-08T13:18:42+00:00","dateModified":"2025-02-08T13:18:42+00:00","breadcrumb":{"@id":"https:\/\/vieassociative.be\/actualites\/il-semble-que-des-rumeurs-sur-le-mode-de-souris-du-switch-2-soient-vraies\/#breadcrumb"},"inLanguage":"fr-BE","potentialAction":[{"@type":"ReadAction","target":["https:\/\/vieassociative.be\/actualites\/il-semble-que-des-rumeurs-sur-le-mode-de-souris-du-switch-2-soient-vraies\/"]}]},{"@type":"ImageObject","inLanguage":"fr-BE","@id":"https:\/\/vieassociative.be\/actualites\/il-semble-que-des-rumeurs-sur-le-mode-de-souris-du-switch-2-soient-vraies\/#primaryimage","url":"https:\/\/vieassociative.be\/actualites\/wp-content\/uploads\/2025\/02\/1739020723_Il-semble-que-des-rumeurs-sur-le-mode-de-souris.png","contentUrl":"https:\/\/vieassociative.be\/actualites\/wp-content\/uploads\/2025\/02\/1739020723_Il-semble-que-des-rumeurs-sur-le-mode-de-souris.png","width":1200,"height":675,"caption":"Il semble que des rumeurs sur le \u00abmode de souris\u00bb du Switch 2 soient vraies"},{"@type":"BreadcrumbList","@id":"https:\/\/vieassociative.be\/actualites\/il-semble-que-des-rumeurs-sur-le-mode-de-souris-du-switch-2-soient-vraies\/#breadcrumb","itemListElement":[{"@type":"ListItem","position":1,"name":"Accueil","item":"https:\/\/vieassociative.be\/actualites\/"},{"@type":"ListItem","position":2,"name":"Il semble que des rumeurs sur le \u00abmode de souris\u00bb du Switch 2 soient vraies"}]},{"@type":"WebSite","@id":"https:\/\/vieassociative.be\/actualites\/#website","url":"https:\/\/vieassociative.be\/actualites\/","name":"Vie Associative","description":"","publisher":{"@id":"https:\/\/vieassociative.be\/actualites\/#organization"},"potentialAction":[{"@type":"SearchAction","target":{"@type":"EntryPoint","urlTemplate":"https:\/\/vieassociative.be\/actualites\/?s={search_term_string}"},"query-input":{"@type":"PropertyValueSpecification","valueRequired":true,"valueName":"search_term_string"}}],"inLanguage":"fr-BE"},{"@type":"Organization","@id":"https:\/\/vieassociative.be\/actualites\/#organization","name":"Vie Associative","url":"https:\/\/vieassociative.be\/actualites\/","logo":{"@type":"ImageObject","inLanguage":"fr-BE","@id":"https:\/\/vieassociative.be\/actualites\/#\/schema\/logo\/image\/","url":"https:\/\/vieassociative.be\/actualites\/wp-content\/uploads\/2024\/09\/cropped-vieassociative_favicon.ico.png","contentUrl":"https:\/\/vieassociative.be\/actualites\/wp-content\/uploads\/2024\/09\/cropped-vieassociative_favicon.ico.png","width":512,"height":512,"caption":"Vie Associative"},"image":{"@id":"https:\/\/vieassociative.be\/actualites\/#\/schema\/logo\/image\/"}},{"@type":"Person","@id":"https:\/\/vieassociative.be\/actualites\/#\/schema\/person\/b87ac4f82f9d4e7b7cec7395b679edc4","name":"Julien","image":{"@type":"ImageObject","inLanguage":"fr-BE","@id":"https:\/\/vieassociative.be\/actualites\/#\/schema\/person\/image\/","url":"https:\/\/vieassociative.be\/actualites\/wp-content\/uploads\/2024\/09\/vie-associative-1-150x150.jpg","contentUrl":"https:\/\/vieassociative.be\/actualites\/wp-content\/uploads\/2024\/09\/vie-associative-1-150x150.jpg","caption":"Julien"},"description":"Je suis Julien, r\u00e9dacteur pour Vie Associative. Passionn\u00e9 par le monde associatif depuis plus de 10 ans, j'ai \u00e0 c\u0153ur de partager des histoires inspirantes et de mettre en lumi\u00e8re les initiatives locales. Mon objectif est de sensibiliser et d'encourager l'engagement communautaire \u00e0 travers mes articles.","sameAs":["https:\/\/vieassociative.be\/"]}]}},"_links":{"self":[{"href":"https:\/\/vieassociative.be\/actualites\/wp-json\/wp\/v2\/posts\/4953"}],"collection":[{"href":"https:\/\/vieassociative.be\/actualites\/wp-json\/wp\/v2\/posts"}],"about":[{"href":"https:\/\/vieassociative.be\/actualites\/wp-json\/wp\/v2\/types\/post"}],"author":[{"embeddable":true,"href":"https:\/\/vieassociative.be\/actualites\/wp-json\/wp\/v2\/users\/1"}],"replies":[{"embeddable":true,"href":"https:\/\/vieassociative.be\/actualites\/wp-json\/wp\/v2\/comments?post=4953"}],"version-history":[{"count":0,"href":"https:\/\/vieassociative.be\/actualites\/wp-json\/wp\/v2\/posts\/4953\/revisions"}],"wp:featuredmedia":[{"embeddable":true,"href":"https:\/\/vieassociative.be\/actualites\/wp-json\/wp\/v2\/media\/4954"}],"wp:attachment":[{"href":"https:\/\/vieassociative.be\/actualites\/wp-json\/wp\/v2\/media?parent=4953"}],"wp:term":[{"taxonomy":"category","embeddable":true,"href":"https:\/\/vieassociative.be\/actualites\/wp-json\/wp\/v2\/categories?post=4953"},{"taxonomy":"post_tag","embeddable":true,"href":"https:\/\/vieassociative.be\/actualites\/wp-json\/wp\/v2\/tags?post=4953"}],"curies":[{"name":"wp","href":"https:\/\/api.w.org\/{rel}","templated":true}]}}