{"id":4950,"date":"2025-02-08T09:17:34","date_gmt":"2025-02-08T08:17:34","guid":{"rendered":"https:\/\/vieassociative.be\/actualites\/lex-president-de-la-france-sarkozy-obtient-un-pied\/"},"modified":"2025-02-08T09:17:34","modified_gmt":"2025-02-08T08:17:34","slug":"lex-president-de-la-france-sarkozy-obtient-un-pied","status":"publish","type":"post","link":"https:\/\/vieassociative.be\/actualites\/lex-president-de-la-france-sarkozy-obtient-un-pied\/","title":{"rendered":"L&rsquo;ex-pr\u00e9sident de la France Sarkozy obtient un pied"},"content":{"rendered":"<p><strong>L&rsquo;ex-pr\u00e9sident condamn\u00e9 de France, Nicolas Sarkozy, a re\u00e7u un \u00e9cureuil pour s&rsquo;asseoir sur sa peine d&rsquo;un an de prison.<\/strong><\/p>\n<p><span id=\"more-407709\"><\/span>Le conservateur ne peut quitter la maison que entre 8 h et 20 heures, comme l&rsquo;a indiqu\u00e9 le procureur parisien. Les lundis, mercredis et jeudis, il peut voyager jusqu&rsquo;\u00e0 21 h 30. Ces jours de semaine, Sarkozy est jug\u00e9 dans un autre proc\u00e8s.<\/p>\n<p>Sarkozy avait \u00e9t\u00e9 condamn\u00e9 \u00e0 trois ans de prison pour corruption et influence non autoris\u00e9e. Deux d&rsquo;entre eux sont expos\u00e9s \u00e0 la probation, une chose qu&rsquo;il doit servir \u00e0 la maison avec un stand. La Cour de justice en tant que la plus haute cour fran\u00e7aise a confirm\u00e9 un jugement correspondant de la Cour d&rsquo;appel de Paris en d\u00e9cembre. Le verdict est devenu juridiquement contraignant.<\/p>\n<div id=\"attachment_279393\" class=\"wp-caption alignleft\" style=\"max-width: 300px\"><img fetchpriority=\"high\" decoding=\"async\" class=\"wp-image-279393 size-medium\" src=\"https:\/\/vieassociative.be\/actualites\/wp-content\/uploads\/2025\/02\/Lex-president-de-la-France-Sarkozy-obtient-un-pied.jpeg\" alt=\"\" width=\"300\" height=\"200\"><\/p>\n<p class=\"wp-caption-text\">21\/11\/2016, France, Paris: Nicolas Sarkozy, ancien pr\u00e9sident de la France, entre dans une sc\u00e8ne pour prononcer un discours sur le contexte de la tour Eiffel lors d&rsquo;un \u00e9v\u00e9nement de campagne \u00e9lectorale en 2012. Photo: Eric Feferberg \/ Pool AFP \/ AP \/ DPA<\/p>\n<\/div>\n<p>Sarkozy avait ni\u00e9 les all\u00e9gations. La punition est sans pr\u00e9c\u00e9dent pour un ancien chef d&rsquo;\u00c9tat de l&rsquo;histoire fran\u00e7aise r\u00e9cente.<\/p>\n<p>La proc\u00e9dure portait sur le fait que l&rsquo;ancien pr\u00e9sident aurait essay\u00e9 son avocat \u00e0 long terme Thierry Herzog en 2014 pour recevoir des secrets de l&rsquo;avocat Gilbert Azibert dans une autre affaire. En retour, Azibert a \u00e9t\u00e9 propos\u00e9 de support pour la demande de poste \u00e0 Monaco. Essentiellement, ce comportement a mis en danger l&rsquo;ind\u00e9pendance du pouvoir judiciaire, a soutenu l&rsquo;acte d&rsquo;accusation. Duke et Azibert ont \u00e9galement \u00e9t\u00e9 condamn\u00e9s \u00e0 trois ans de prison, dont deux en probation.<\/p>\n<p><strong>-Sarkozy in Libya Affair devant le tribunal:<\/strong> Sarkozy est actuellement en jugement en raison de la soi-disant affaire de Libye. Il s&rsquo;agit de preuves que, selon laquelle la campagne \u00e9lectorale de Sarkozy en 2007, l&rsquo;argent ill\u00e9gal du r\u00e9gime du souverain libyen Mouammar al-Gadhafi de l&rsquo;\u00e9poque aurait coul\u00e9. Sarkozy, qui a \u00e9t\u00e9 pr\u00e9sident de 2007 \u00e0 2012, rejette les all\u00e9gations. (DPA)<\/p>\n","protected":false},"excerpt":{"rendered":"<p>L&rsquo;ex-pr\u00e9sident condamn\u00e9 de France, Nicolas Sarkozy, a re\u00e7u un \u00e9cureuil pour s&rsquo;asseoir sur sa peine d&rsquo;un an de prison. Le conservateur ne peut quitter la<\/p>\n","protected":false},"author":1,"featured_media":4951,"comment_status":"","ping_status":"","sticky":false,"template":"","format":"standard","meta":{"footnotes":""},"categories":[298],"tags":[2444,5237,4304,5239,5238],"class_list":["post-4950","post","type-post","status-publish","format-standard","has-post-thumbnail","hentry","category-belgique","tag-france","tag-lexpresident","tag-obtient","tag-pied","tag-sarkozy","generate-columns","tablet-grid-50","mobile-grid-100","grid-parent","grid-33"],"yoast_head":"<!-- This site is optimized with the Yoast SEO plugin v24.0 - https:\/\/yoast.com\/wordpress\/plugins\/seo\/ -->\n<title>L&#039;ex-pr\u00e9sident de la France Sarkozy obtient un pied | Vie Associative<\/title>\n<meta name=\"robots\" content=\"index, follow, max-snippet:-1, max-image-preview:large, max-video-preview:-1\" \/>\n<link rel=\"canonical\" href=\"https:\/\/vieassociative.be\/actualites\/lex-president-de-la-france-sarkozy-obtient-un-pied\/\" \/>\n<meta property=\"og:locale\" content=\"fr_FR\" \/>\n<meta property=\"og:type\" content=\"article\" \/>\n<meta property=\"og:title\" content=\"L&#039;ex-pr\u00e9sident de la France Sarkozy obtient un pied | Vie Associative\" \/>\n<meta property=\"og:description\" content=\"L&rsquo;ex-pr\u00e9sident condamn\u00e9 de France, Nicolas Sarkozy, a re\u00e7u un \u00e9cureuil pour s&rsquo;asseoir sur sa peine d&rsquo;un an de prison. Le conservateur ne peut quitter la\" \/>\n<meta property=\"og:url\" content=\"https:\/\/vieassociative.be\/actualites\/lex-president-de-la-france-sarkozy-obtient-un-pied\/\" \/>\n<meta property=\"og:site_name\" content=\"Vie Associative\" \/>\n<meta property=\"article:published_time\" content=\"2025-02-08T08:17:34+00:00\" \/>\n<meta property=\"og:image\" content=\"https:\/\/vieassociative.be\/actualites\/wp-content\/uploads\/2024\/09\/header_backgroundk-01-e1726694325946.png\" \/>\n\t<meta property=\"og:image:width\" content=\"279\" \/>\n\t<meta property=\"og:image:height\" content=\"92\" \/>\n\t<meta property=\"og:image:type\" content=\"image\/png\" \/>\n<meta name=\"author\" content=\"Julien\" \/>\n<meta name=\"twitter:card\" content=\"summary_large_image\" \/>\n<meta name=\"twitter:label1\" content=\"\u00c9crit par\" \/>\n\t<meta name=\"twitter:data1\" content=\"Julien\" \/>\n\t<meta name=\"twitter:label2\" content=\"Dur\u00e9e de lecture est.\" \/>\n\t<meta name=\"twitter:data2\" content=\"2 minutes\" \/>\n<script type=\"application\/ld+json\" class=\"yoast-schema-graph\">{\"@context\":\"https:\/\/schema.org\",\"@graph\":[{\"@type\":\"Article\",\"@id\":\"https:\/\/vieassociative.be\/actualites\/lex-president-de-la-france-sarkozy-obtient-un-pied\/#article\",\"isPartOf\":{\"@id\":\"https:\/\/vieassociative.be\/actualites\/lex-president-de-la-france-sarkozy-obtient-un-pied\/\"},\"author\":{\"name\":\"Julien\",\"@id\":\"https:\/\/vieassociative.be\/actualites\/#\/schema\/person\/b87ac4f82f9d4e7b7cec7395b679edc4\"},\"headline\":\"L&rsquo;ex-pr\u00e9sident de la France Sarkozy obtient un pied\",\"datePublished\":\"2025-02-08T08:17:34+00:00\",\"dateModified\":\"2025-02-08T08:17:34+00:00\",\"mainEntityOfPage\":{\"@id\":\"https:\/\/vieassociative.be\/actualites\/lex-president-de-la-france-sarkozy-obtient-un-pied\/\"},\"wordCount\":358,\"publisher\":{\"@id\":\"https:\/\/vieassociative.be\/actualites\/#organization\"},\"image\":{\"@id\":\"https:\/\/vieassociative.be\/actualites\/lex-president-de-la-france-sarkozy-obtient-un-pied\/#primaryimage\"},\"thumbnailUrl\":\"https:\/\/vieassociative.be\/actualites\/wp-content\/uploads\/2025\/02\/Lex-president-de-la-France-Sarkozy-obtient-un-pied.jpg\",\"keywords\":[\"France\",\"Lexpr\u00e9sident\",\"obtient\",\"pied\",\"Sarkozy\"],\"articleSection\":[\"Belgique\"],\"inLanguage\":\"fr-BE\"},{\"@type\":\"WebPage\",\"@id\":\"https:\/\/vieassociative.be\/actualites\/lex-president-de-la-france-sarkozy-obtient-un-pied\/\",\"url\":\"https:\/\/vieassociative.be\/actualites\/lex-president-de-la-france-sarkozy-obtient-un-pied\/\",\"name\":\"L'ex-pr\u00e9sident de la France Sarkozy obtient un pied | Vie Associative\",\"isPartOf\":{\"@id\":\"https:\/\/vieassociative.be\/actualites\/#website\"},\"primaryImageOfPage\":{\"@id\":\"https:\/\/vieassociative.be\/actualites\/lex-president-de-la-france-sarkozy-obtient-un-pied\/#primaryimage\"},\"image\":{\"@id\":\"https:\/\/vieassociative.be\/actualites\/lex-president-de-la-france-sarkozy-obtient-un-pied\/#primaryimage\"},\"thumbnailUrl\":\"https:\/\/vieassociative.be\/actualites\/wp-content\/uploads\/2025\/02\/Lex-president-de-la-France-Sarkozy-obtient-un-pied.jpg\",\"datePublished\":\"2025-02-08T08:17:34+00:00\",\"dateModified\":\"2025-02-08T08:17:34+00:00\",\"breadcrumb\":{\"@id\":\"https:\/\/vieassociative.be\/actualites\/lex-president-de-la-france-sarkozy-obtient-un-pied\/#breadcrumb\"},\"inLanguage\":\"fr-BE\",\"potentialAction\":[{\"@type\":\"ReadAction\",\"target\":[\"https:\/\/vieassociative.be\/actualites\/lex-president-de-la-france-sarkozy-obtient-un-pied\/\"]}]},{\"@type\":\"ImageObject\",\"inLanguage\":\"fr-BE\",\"@id\":\"https:\/\/vieassociative.be\/actualites\/lex-president-de-la-france-sarkozy-obtient-un-pied\/#primaryimage\",\"url\":\"https:\/\/vieassociative.be\/actualites\/wp-content\/uploads\/2025\/02\/Lex-president-de-la-France-Sarkozy-obtient-un-pied.jpg\",\"contentUrl\":\"https:\/\/vieassociative.be\/actualites\/wp-content\/uploads\/2025\/02\/Lex-president-de-la-France-Sarkozy-obtient-un-pied.jpg\",\"width\":1200,\"height\":800,\"caption\":\"L'ex-pr\u00e9sident de la France Sarkozy obtient un pied\"},{\"@type\":\"BreadcrumbList\",\"@id\":\"https:\/\/vieassociative.be\/actualites\/lex-president-de-la-france-sarkozy-obtient-un-pied\/#breadcrumb\",\"itemListElement\":[{\"@type\":\"ListItem\",\"position\":1,\"name\":\"Accueil\",\"item\":\"https:\/\/vieassociative.be\/actualites\/\"},{\"@type\":\"ListItem\",\"position\":2,\"name\":\"L&rsquo;ex-pr\u00e9sident de la France Sarkozy obtient un pied\"}]},{\"@type\":\"WebSite\",\"@id\":\"https:\/\/vieassociative.be\/actualites\/#website\",\"url\":\"https:\/\/vieassociative.be\/actualites\/\",\"name\":\"Vie Associative\",\"description\":\"\",\"publisher\":{\"@id\":\"https:\/\/vieassociative.be\/actualites\/#organization\"},\"potentialAction\":[{\"@type\":\"SearchAction\",\"target\":{\"@type\":\"EntryPoint\",\"urlTemplate\":\"https:\/\/vieassociative.be\/actualites\/?s={search_term_string}\"},\"query-input\":{\"@type\":\"PropertyValueSpecification\",\"valueRequired\":true,\"valueName\":\"search_term_string\"}}],\"inLanguage\":\"fr-BE\"},{\"@type\":\"Organization\",\"@id\":\"https:\/\/vieassociative.be\/actualites\/#organization\",\"name\":\"Vie Associative\",\"url\":\"https:\/\/vieassociative.be\/actualites\/\",\"logo\":{\"@type\":\"ImageObject\",\"inLanguage\":\"fr-BE\",\"@id\":\"https:\/\/vieassociative.be\/actualites\/#\/schema\/logo\/image\/\",\"url\":\"https:\/\/vieassociative.be\/actualites\/wp-content\/uploads\/2024\/09\/cropped-vieassociative_favicon.ico.png\",\"contentUrl\":\"https:\/\/vieassociative.be\/actualites\/wp-content\/uploads\/2024\/09\/cropped-vieassociative_favicon.ico.png\",\"width\":512,\"height\":512,\"caption\":\"Vie Associative\"},\"image\":{\"@id\":\"https:\/\/vieassociative.be\/actualites\/#\/schema\/logo\/image\/\"}},{\"@type\":\"Person\",\"@id\":\"https:\/\/vieassociative.be\/actualites\/#\/schema\/person\/b87ac4f82f9d4e7b7cec7395b679edc4\",\"name\":\"Julien\",\"image\":{\"@type\":\"ImageObject\",\"inLanguage\":\"fr-BE\",\"@id\":\"https:\/\/vieassociative.be\/actualites\/#\/schema\/person\/image\/\",\"url\":\"https:\/\/vieassociative.be\/actualites\/wp-content\/uploads\/2024\/09\/vie-associative-1-150x150.jpg\",\"contentUrl\":\"https:\/\/vieassociative.be\/actualites\/wp-content\/uploads\/2024\/09\/vie-associative-1-150x150.jpg\",\"caption\":\"Julien\"},\"description\":\"Je suis Julien, r\u00e9dacteur pour Vie Associative. Passionn\u00e9 par le monde associatif depuis plus de 10 ans, j'ai \u00e0 c\u0153ur de partager des histoires inspirantes et de mettre en lumi\u00e8re les initiatives locales. Mon objectif est de sensibiliser et d'encourager l'engagement communautaire \u00e0 travers mes articles.\",\"sameAs\":[\"https:\/\/vieassociative.be\/\"]}]}<\/script>\n<!-- \/ Yoast SEO plugin. -->","yoast_head_json":{"title":"L'ex-pr\u00e9sident de la France Sarkozy obtient un pied | Vie Associative","robots":{"index":"index","follow":"follow","max-snippet":"max-snippet:-1","max-image-preview":"max-image-preview:large","max-video-preview":"max-video-preview:-1"},"canonical":"https:\/\/vieassociative.be\/actualites\/lex-president-de-la-france-sarkozy-obtient-un-pied\/","og_locale":"fr_FR","og_type":"article","og_title":"L'ex-pr\u00e9sident de la France Sarkozy obtient un pied | Vie Associative","og_description":"L&rsquo;ex-pr\u00e9sident condamn\u00e9 de France, Nicolas Sarkozy, a re\u00e7u un \u00e9cureuil pour s&rsquo;asseoir sur sa peine d&rsquo;un an de prison. Le conservateur ne peut quitter la","og_url":"https:\/\/vieassociative.be\/actualites\/lex-president-de-la-france-sarkozy-obtient-un-pied\/","og_site_name":"Vie Associative","article_published_time":"2025-02-08T08:17:34+00:00","og_image":[{"width":279,"height":92,"url":"https:\/\/vieassociative.be\/actualites\/wp-content\/uploads\/2024\/09\/header_backgroundk-01-e1726694325946.png","type":"image\/png"}],"author":"Julien","twitter_card":"summary_large_image","twitter_misc":{"\u00c9crit par":"Julien","Dur\u00e9e de lecture est.":"2 minutes"},"schema":{"@context":"https:\/\/schema.org","@graph":[{"@type":"Article","@id":"https:\/\/vieassociative.be\/actualites\/lex-president-de-la-france-sarkozy-obtient-un-pied\/#article","isPartOf":{"@id":"https:\/\/vieassociative.be\/actualites\/lex-president-de-la-france-sarkozy-obtient-un-pied\/"},"author":{"name":"Julien","@id":"https:\/\/vieassociative.be\/actualites\/#\/schema\/person\/b87ac4f82f9d4e7b7cec7395b679edc4"},"headline":"L&rsquo;ex-pr\u00e9sident de la France Sarkozy obtient un pied","datePublished":"2025-02-08T08:17:34+00:00","dateModified":"2025-02-08T08:17:34+00:00","mainEntityOfPage":{"@id":"https:\/\/vieassociative.be\/actualites\/lex-president-de-la-france-sarkozy-obtient-un-pied\/"},"wordCount":358,"publisher":{"@id":"https:\/\/vieassociative.be\/actualites\/#organization"},"image":{"@id":"https:\/\/vieassociative.be\/actualites\/lex-president-de-la-france-sarkozy-obtient-un-pied\/#primaryimage"},"thumbnailUrl":"https:\/\/vieassociative.be\/actualites\/wp-content\/uploads\/2025\/02\/Lex-president-de-la-France-Sarkozy-obtient-un-pied.jpg","keywords":["France","Lexpr\u00e9sident","obtient","pied","Sarkozy"],"articleSection":["Belgique"],"inLanguage":"fr-BE"},{"@type":"WebPage","@id":"https:\/\/vieassociative.be\/actualites\/lex-president-de-la-france-sarkozy-obtient-un-pied\/","url":"https:\/\/vieassociative.be\/actualites\/lex-president-de-la-france-sarkozy-obtient-un-pied\/","name":"L'ex-pr\u00e9sident de la France Sarkozy obtient un pied | Vie Associative","isPartOf":{"@id":"https:\/\/vieassociative.be\/actualites\/#website"},"primaryImageOfPage":{"@id":"https:\/\/vieassociative.be\/actualites\/lex-president-de-la-france-sarkozy-obtient-un-pied\/#primaryimage"},"image":{"@id":"https:\/\/vieassociative.be\/actualites\/lex-president-de-la-france-sarkozy-obtient-un-pied\/#primaryimage"},"thumbnailUrl":"https:\/\/vieassociative.be\/actualites\/wp-content\/uploads\/2025\/02\/Lex-president-de-la-France-Sarkozy-obtient-un-pied.jpg","datePublished":"2025-02-08T08:17:34+00:00","dateModified":"2025-02-08T08:17:34+00:00","breadcrumb":{"@id":"https:\/\/vieassociative.be\/actualites\/lex-president-de-la-france-sarkozy-obtient-un-pied\/#breadcrumb"},"inLanguage":"fr-BE","potentialAction":[{"@type":"ReadAction","target":["https:\/\/vieassociative.be\/actualites\/lex-president-de-la-france-sarkozy-obtient-un-pied\/"]}]},{"@type":"ImageObject","inLanguage":"fr-BE","@id":"https:\/\/vieassociative.be\/actualites\/lex-president-de-la-france-sarkozy-obtient-un-pied\/#primaryimage","url":"https:\/\/vieassociative.be\/actualites\/wp-content\/uploads\/2025\/02\/Lex-president-de-la-France-Sarkozy-obtient-un-pied.jpg","contentUrl":"https:\/\/vieassociative.be\/actualites\/wp-content\/uploads\/2025\/02\/Lex-president-de-la-France-Sarkozy-obtient-un-pied.jpg","width":1200,"height":800,"caption":"L'ex-pr\u00e9sident de la France Sarkozy obtient un pied"},{"@type":"BreadcrumbList","@id":"https:\/\/vieassociative.be\/actualites\/lex-president-de-la-france-sarkozy-obtient-un-pied\/#breadcrumb","itemListElement":[{"@type":"ListItem","position":1,"name":"Accueil","item":"https:\/\/vieassociative.be\/actualites\/"},{"@type":"ListItem","position":2,"name":"L&rsquo;ex-pr\u00e9sident de la France Sarkozy obtient un pied"}]},{"@type":"WebSite","@id":"https:\/\/vieassociative.be\/actualites\/#website","url":"https:\/\/vieassociative.be\/actualites\/","name":"Vie Associative","description":"","publisher":{"@id":"https:\/\/vieassociative.be\/actualites\/#organization"},"potentialAction":[{"@type":"SearchAction","target":{"@type":"EntryPoint","urlTemplate":"https:\/\/vieassociative.be\/actualites\/?s={search_term_string}"},"query-input":{"@type":"PropertyValueSpecification","valueRequired":true,"valueName":"search_term_string"}}],"inLanguage":"fr-BE"},{"@type":"Organization","@id":"https:\/\/vieassociative.be\/actualites\/#organization","name":"Vie Associative","url":"https:\/\/vieassociative.be\/actualites\/","logo":{"@type":"ImageObject","inLanguage":"fr-BE","@id":"https:\/\/vieassociative.be\/actualites\/#\/schema\/logo\/image\/","url":"https:\/\/vieassociative.be\/actualites\/wp-content\/uploads\/2024\/09\/cropped-vieassociative_favicon.ico.png","contentUrl":"https:\/\/vieassociative.be\/actualites\/wp-content\/uploads\/2024\/09\/cropped-vieassociative_favicon.ico.png","width":512,"height":512,"caption":"Vie Associative"},"image":{"@id":"https:\/\/vieassociative.be\/actualites\/#\/schema\/logo\/image\/"}},{"@type":"Person","@id":"https:\/\/vieassociative.be\/actualites\/#\/schema\/person\/b87ac4f82f9d4e7b7cec7395b679edc4","name":"Julien","image":{"@type":"ImageObject","inLanguage":"fr-BE","@id":"https:\/\/vieassociative.be\/actualites\/#\/schema\/person\/image\/","url":"https:\/\/vieassociative.be\/actualites\/wp-content\/uploads\/2024\/09\/vie-associative-1-150x150.jpg","contentUrl":"https:\/\/vieassociative.be\/actualites\/wp-content\/uploads\/2024\/09\/vie-associative-1-150x150.jpg","caption":"Julien"},"description":"Je suis Julien, r\u00e9dacteur pour Vie Associative. Passionn\u00e9 par le monde associatif depuis plus de 10 ans, j'ai \u00e0 c\u0153ur de partager des histoires inspirantes et de mettre en lumi\u00e8re les initiatives locales. Mon objectif est de sensibiliser et d'encourager l'engagement communautaire \u00e0 travers mes articles.","sameAs":["https:\/\/vieassociative.be\/"]}]}},"_links":{"self":[{"href":"https:\/\/vieassociative.be\/actualites\/wp-json\/wp\/v2\/posts\/4950"}],"collection":[{"href":"https:\/\/vieassociative.be\/actualites\/wp-json\/wp\/v2\/posts"}],"about":[{"href":"https:\/\/vieassociative.be\/actualites\/wp-json\/wp\/v2\/types\/post"}],"author":[{"embeddable":true,"href":"https:\/\/vieassociative.be\/actualites\/wp-json\/wp\/v2\/users\/1"}],"replies":[{"embeddable":true,"href":"https:\/\/vieassociative.be\/actualites\/wp-json\/wp\/v2\/comments?post=4950"}],"version-history":[{"count":0,"href":"https:\/\/vieassociative.be\/actualites\/wp-json\/wp\/v2\/posts\/4950\/revisions"}],"wp:featuredmedia":[{"embeddable":true,"href":"https:\/\/vieassociative.be\/actualites\/wp-json\/wp\/v2\/media\/4951"}],"wp:attachment":[{"href":"https:\/\/vieassociative.be\/actualites\/wp-json\/wp\/v2\/media?parent=4950"}],"wp:term":[{"taxonomy":"category","embeddable":true,"href":"https:\/\/vieassociative.be\/actualites\/wp-json\/wp\/v2\/categories?post=4950"},{"taxonomy":"post_tag","embeddable":true,"href":"https:\/\/vieassociative.be\/actualites\/wp-json\/wp\/v2\/tags?post=4950"}],"curies":[{"name":"wp","href":"https:\/\/api.w.org\/{rel}","templated":true}]}}