{"id":4944,"date":"2025-02-08T06:17:25","date_gmt":"2025-02-08T05:17:25","guid":{"rendered":"https:\/\/vieassociative.be\/actualites\/cinq-facons-faciles-de-masquer-les-cordons-et-les-cables-dans-votre-maison\/"},"modified":"2025-02-08T06:17:25","modified_gmt":"2025-02-08T05:17:25","slug":"cinq-facons-faciles-de-masquer-les-cordons-et-les-cables-dans-votre-maison","status":"publish","type":"post","link":"https:\/\/vieassociative.be\/actualites\/cinq-facons-faciles-de-masquer-les-cordons-et-les-cables-dans-votre-maison\/","title":{"rendered":"Cinq fa\u00e7ons faciles de masquer les cordons et les c\u00e2bles dans votre maison"},"content":{"rendered":"<div class=\"mt-4 leading-6 md:mb-8\">Vous pouvez masquer ce g\u00e2chis de cordons d&rsquo;alimentation, de c\u00e2bles caax et de cat5.<\/div>\n<p><\/p>\n<p>Malgr\u00e9 la pr\u00e9valence des appareils sans fil, les cordons et les c\u00e2bles de la dispute dans la maison sont toujours un point de douleur pour la plupart des gens. Si vous \u00eates propri\u00e9taire de votre maison, vous pourrez peut-\u00eatre masquer vos fils \u00e0 l&rsquo;int\u00e9rieur des murs, mais si vous louez ou que vous ne voulez tout simplement pas forer ou ouvrir vos murs, ce n&rsquo;est pas id\u00e9al. En outre, il existe de nombreuses fa\u00e7ons beaucoup plus faciles de les cacher sans avoir besoin d&rsquo;apprendre la r\u00e9paration des cloisons s\u00e8ches.<\/p>\n<h2 id=\"behind-furniture\">Derri\u00e8re les meubles<\/h2>\n<p>L&rsquo;une des fa\u00e7ons les plus simples de cacher vos c\u00e2bles est de les couper derri\u00e8re des meubles facilement plac\u00e9s. Des clips adh\u00e9sifs comme ceux-ci collent aux jambes et au dos des tables et des consoles et fixez tous ces fils en place. Si vous \u00eates bien \u00e0 ce sujet, vous pouvez magiquement rendre ces fils invisibles sans toucher vos murs, et les clips peuvent \u00eatre supprim\u00e9s \u00e0 tout moment si vous changez votre disposition ou passez \u00e0 un nouvel endroit.<\/p>\n<p>Vous pouvez \u00e9galement tirer parti d&rsquo;un meuble cl\u00e9: votre canap\u00e9 ou votre canap\u00e9. Montant une \u00e9tag\u00e8re peu profonde derri\u00e8re le canap\u00e9 (rincez avec le haut de son dos) ou en achetant une table de console \u00e9troite qui s&rsquo;adapte derri\u00e8re vous permet de fixer des fils en dessous pour un c\u00e2blage parfaitement cach\u00e9. De plus, cela ajoute un peu de stockage \u00e0 votre espace pour une victoire suppl\u00e9mentaire.<\/p>\n<h2 id=\"cable-management-boxes\">Bo\u00eetes de gestion des c\u00e2bles<\/h2>\n<p>Si vos c\u00e2bles ne vous d\u00e9rangent que lorsqu&rsquo;ils explosent en un d\u00e9sordre \u00e0 un seul endroit (comme o\u00f9 ils doivent sauter du sol pour se connecter \u00e0 votre t\u00e9l\u00e9viseur ou \u00e0 votre ordinateur), une bo\u00eete de gestion du c\u00e2ble est une fa\u00e7on d\u00e9corative de les s&rsquo;efforcer sans jouer avec un Projet d&rsquo;organisation \u00e0 grande \u00e9chelle. Vous pouvez les trouver dans une vari\u00e9t\u00e9 de finitions et cherche \u00e0 correspondre \u00e0 votre style existant, et ils gardent tout ce chaos de c\u00e2ble cach\u00e9 \u00e0 la vue avec un travail de bricolage z\u00e9ro de votre part.<\/p>\n<h2 id=\"cable-covers\">Couvercles de c\u00e2ble<\/h2>\n<p>Si vous avez besoin d&rsquo;ex\u00e9cuter votre c\u00e2blage \u00e0 une bonne distance autour de la pi\u00e8ce, des couvercles de c\u00e2bles peinables et sans drille masqueront les fils <em>et<\/em> M\u00e9langez-les dans l&rsquo;arri\u00e8re-plan; Une fois peintes, ces couvertures ne seront pas du tout visibles. Vous pouvez \u00e9galement obtenir une moulure de couronne ou de plinthe \u00abRaceway\u00bb qui masquera vos c\u00e2bles d&rsquo;une mani\u00e8re compl\u00e8tement imperceptible, bien qu&rsquo;elles n\u00e9cessiteront un peu plus de travail \u00e0 installer. Si vous avez d\u00e9j\u00e0 des plinthes dans la pi\u00e8ce, vous pouvez obtenir des canaux de quart de ronde qui montent directement contre votre garniture existante pour un look transparent.<\/p>\n<h2 id=\"wall-panels\">Panneaux muraux<\/h2>\n<p>Un projet l\u00e9g\u00e8rement plus impliqu\u00e9 n&rsquo;ouvre pas vos murs, mais n\u00e9cessite un peu de comp\u00e9tence de bricolage. Vous pouvez ajouter des panneaux muraux pour masquer les c\u00e2bles et le c\u00e2blage:<\/p>\n<ul>\n<li>\n<p><strong>Wainscot.<\/strong> Un look classique, l&rsquo;installation de lambris n&rsquo;est pas terriblement difficile tant que vous \u00eates patient lors de la mesure et de la coupe. Il ne n\u00e9cessite pas d&rsquo;ouvrir le mur, mais il faut des comp\u00e9tences de forage, de clouage et de sciage. La cl\u00e9 ici est de d\u00e9poser vos lambris \u00e0 environ un pouce du mur avec des bandes de fourrure d&rsquo;un pouce pour permettre \u00e0 la place de courir derri\u00e8re les fils, puis de le coiffer avec un peu de moulage pour couvrir l&rsquo;\u00e9cart.<\/p>\n<\/li>\n<li>\n<p><strong>Panneaux d&rsquo;accent.<\/strong> Vous pouvez \u00e9galement ajouter un mur d&rsquo;accent \u00e0 l&rsquo;aide d&rsquo;un panneau mural derri\u00e8re la t\u00e9l\u00e9vision ou votre bureau. D\u00e9posez-le \u00e0 un pouce du mur et passez vos fils derri\u00e8re pour un look soign\u00e9 et transparent qui ajoute du drame \u00e0 la pi\u00e8ce. Les panneaux muraux peuvent imiter le bois, la brique, la pierre ou les carreaux, ou simplement \u00eatre une touche de couleur dans une pi\u00e8ce autrement neutre.<\/p>\n<\/li>\n<\/ul>\n<h2 id=\"decor\">D\u00e9cor<\/h2>\n<p>Enfin, la fa\u00e7on la plus simple, la moins ch\u00e8re et la moins invasive de cacher vos fils et vos c\u00e2bles est de les ex\u00e9cuter derri\u00e8re des choses que vous avez d\u00e9j\u00e0. Une rang\u00e9e de livres ou de plantes en pot, par exemple, peut fournir un camouflage suffisant pour quelques fils group\u00e9s. Tout ce qui peut s&rsquo;asseoir sur une \u00e9tag\u00e8re d&rsquo;une mani\u00e8re agr\u00e9ablement organis\u00e9e ne peut masquer certains fils, aucun forage ou r\u00e9duction de meubles ne requis.<\/p>\n","protected":false},"excerpt":{"rendered":"<p>Vous pouvez masquer ce g\u00e2chis de cordons d&rsquo;alimentation, de c\u00e2bles caax et de cat5. Malgr\u00e9 la pr\u00e9valence des appareils sans fil, les cordons et les<\/p>\n","protected":false},"author":1,"featured_media":4945,"comment_status":"","ping_status":"","sticky":false,"template":"","format":"standard","meta":{"footnotes":""},"categories":[40],"tags":[5234,317,5233,166,912,119,14,560,898,8],"class_list":["post-4944","post","type-post","status-publish","format-standard","has-post-thumbnail","hentry","category-maison","tag-cables","tag-cinq","tag-cordons","tag-dans","tag-faciles","tag-facons","tag-les","tag-maison","tag-masquer","tag-votre","generate-columns","tablet-grid-50","mobile-grid-100","grid-parent","grid-33"],"yoast_head":"<!-- This site is optimized with the Yoast SEO plugin v24.0 - https:\/\/yoast.com\/wordpress\/plugins\/seo\/ -->\n<title>Cinq fa\u00e7ons faciles de masquer les cordons et les c\u00e2bles dans votre maison | Vie Associative<\/title>\n<meta name=\"robots\" content=\"index, follow, max-snippet:-1, max-image-preview:large, max-video-preview:-1\" \/>\n<link rel=\"canonical\" href=\"https:\/\/vieassociative.be\/actualites\/cinq-facons-faciles-de-masquer-les-cordons-et-les-cables-dans-votre-maison\/\" \/>\n<meta property=\"og:locale\" content=\"fr_FR\" \/>\n<meta property=\"og:type\" content=\"article\" \/>\n<meta property=\"og:title\" content=\"Cinq fa\u00e7ons faciles de masquer les cordons et les c\u00e2bles dans votre maison | Vie Associative\" \/>\n<meta property=\"og:description\" content=\"Vous pouvez masquer ce g\u00e2chis de cordons d&rsquo;alimentation, de c\u00e2bles caax et de cat5. Malgr\u00e9 la pr\u00e9valence des appareils sans fil, les cordons et les\" \/>\n<meta property=\"og:url\" content=\"https:\/\/vieassociative.be\/actualites\/cinq-facons-faciles-de-masquer-les-cordons-et-les-cables-dans-votre-maison\/\" \/>\n<meta property=\"og:site_name\" content=\"Vie Associative\" \/>\n<meta property=\"article:published_time\" content=\"2025-02-08T05:17:25+00:00\" \/>\n<meta property=\"og:image\" content=\"https:\/\/vieassociative.be\/actualites\/wp-content\/uploads\/2024\/09\/header_backgroundk-01-e1726694325946.png\" \/>\n\t<meta property=\"og:image:width\" content=\"279\" \/>\n\t<meta property=\"og:image:height\" content=\"92\" \/>\n\t<meta property=\"og:image:type\" content=\"image\/png\" \/>\n<meta name=\"author\" content=\"Julien\" \/>\n<meta name=\"twitter:card\" content=\"summary_large_image\" \/>\n<meta name=\"twitter:label1\" content=\"\u00c9crit par\" \/>\n\t<meta name=\"twitter:data1\" content=\"Julien\" \/>\n\t<meta name=\"twitter:label2\" content=\"Dur\u00e9e de lecture est.\" \/>\n\t<meta name=\"twitter:data2\" content=\"4 minutes\" \/>\n<script type=\"application\/ld+json\" class=\"yoast-schema-graph\">{\"@context\":\"https:\/\/schema.org\",\"@graph\":[{\"@type\":\"Article\",\"@id\":\"https:\/\/vieassociative.be\/actualites\/cinq-facons-faciles-de-masquer-les-cordons-et-les-cables-dans-votre-maison\/#article\",\"isPartOf\":{\"@id\":\"https:\/\/vieassociative.be\/actualites\/cinq-facons-faciles-de-masquer-les-cordons-et-les-cables-dans-votre-maison\/\"},\"author\":{\"name\":\"Julien\",\"@id\":\"https:\/\/vieassociative.be\/actualites\/#\/schema\/person\/b87ac4f82f9d4e7b7cec7395b679edc4\"},\"headline\":\"Cinq fa\u00e7ons faciles de masquer les cordons et les c\u00e2bles dans votre maison\",\"datePublished\":\"2025-02-08T05:17:25+00:00\",\"dateModified\":\"2025-02-08T05:17:25+00:00\",\"mainEntityOfPage\":{\"@id\":\"https:\/\/vieassociative.be\/actualites\/cinq-facons-faciles-de-masquer-les-cordons-et-les-cables-dans-votre-maison\/\"},\"wordCount\":822,\"publisher\":{\"@id\":\"https:\/\/vieassociative.be\/actualites\/#organization\"},\"image\":{\"@id\":\"https:\/\/vieassociative.be\/actualites\/cinq-facons-faciles-de-masquer-les-cordons-et-les-cables-dans-votre-maison\/#primaryimage\"},\"thumbnailUrl\":\"https:\/\/vieassociative.be\/actualites\/wp-content\/uploads\/2025\/02\/Cinq-facons-faciles-de-masquer-les-cordons-et-les-cables.png\",\"keywords\":[\"c\u00e2bles\",\"Cinq\",\"cordons\",\"dans\",\"faciles\",\"fa\u00e7ons\",\"Les\",\"maison\",\"masquer\",\"votre\"],\"articleSection\":[\"Maison\"],\"inLanguage\":\"fr-BE\"},{\"@type\":\"WebPage\",\"@id\":\"https:\/\/vieassociative.be\/actualites\/cinq-facons-faciles-de-masquer-les-cordons-et-les-cables-dans-votre-maison\/\",\"url\":\"https:\/\/vieassociative.be\/actualites\/cinq-facons-faciles-de-masquer-les-cordons-et-les-cables-dans-votre-maison\/\",\"name\":\"Cinq fa\u00e7ons faciles de masquer les cordons et les c\u00e2bles dans votre maison | Vie Associative\",\"isPartOf\":{\"@id\":\"https:\/\/vieassociative.be\/actualites\/#website\"},\"primaryImageOfPage\":{\"@id\":\"https:\/\/vieassociative.be\/actualites\/cinq-facons-faciles-de-masquer-les-cordons-et-les-cables-dans-votre-maison\/#primaryimage\"},\"image\":{\"@id\":\"https:\/\/vieassociative.be\/actualites\/cinq-facons-faciles-de-masquer-les-cordons-et-les-cables-dans-votre-maison\/#primaryimage\"},\"thumbnailUrl\":\"https:\/\/vieassociative.be\/actualites\/wp-content\/uploads\/2025\/02\/Cinq-facons-faciles-de-masquer-les-cordons-et-les-cables.png\",\"datePublished\":\"2025-02-08T05:17:25+00:00\",\"dateModified\":\"2025-02-08T05:17:25+00:00\",\"breadcrumb\":{\"@id\":\"https:\/\/vieassociative.be\/actualites\/cinq-facons-faciles-de-masquer-les-cordons-et-les-cables-dans-votre-maison\/#breadcrumb\"},\"inLanguage\":\"fr-BE\",\"potentialAction\":[{\"@type\":\"ReadAction\",\"target\":[\"https:\/\/vieassociative.be\/actualites\/cinq-facons-faciles-de-masquer-les-cordons-et-les-cables-dans-votre-maison\/\"]}]},{\"@type\":\"ImageObject\",\"inLanguage\":\"fr-BE\",\"@id\":\"https:\/\/vieassociative.be\/actualites\/cinq-facons-faciles-de-masquer-les-cordons-et-les-cables-dans-votre-maison\/#primaryimage\",\"url\":\"https:\/\/vieassociative.be\/actualites\/wp-content\/uploads\/2025\/02\/Cinq-facons-faciles-de-masquer-les-cordons-et-les-cables.png\",\"contentUrl\":\"https:\/\/vieassociative.be\/actualites\/wp-content\/uploads\/2025\/02\/Cinq-facons-faciles-de-masquer-les-cordons-et-les-cables.png\",\"width\":1200,\"height\":675,\"caption\":\"Cinq fa\u00e7ons faciles de masquer les cordons et les c\u00e2bles dans votre maison\"},{\"@type\":\"BreadcrumbList\",\"@id\":\"https:\/\/vieassociative.be\/actualites\/cinq-facons-faciles-de-masquer-les-cordons-et-les-cables-dans-votre-maison\/#breadcrumb\",\"itemListElement\":[{\"@type\":\"ListItem\",\"position\":1,\"name\":\"Accueil\",\"item\":\"https:\/\/vieassociative.be\/actualites\/\"},{\"@type\":\"ListItem\",\"position\":2,\"name\":\"Cinq fa\u00e7ons faciles de masquer les cordons et les c\u00e2bles dans votre maison\"}]},{\"@type\":\"WebSite\",\"@id\":\"https:\/\/vieassociative.be\/actualites\/#website\",\"url\":\"https:\/\/vieassociative.be\/actualites\/\",\"name\":\"Vie Associative\",\"description\":\"\",\"publisher\":{\"@id\":\"https:\/\/vieassociative.be\/actualites\/#organization\"},\"potentialAction\":[{\"@type\":\"SearchAction\",\"target\":{\"@type\":\"EntryPoint\",\"urlTemplate\":\"https:\/\/vieassociative.be\/actualites\/?s={search_term_string}\"},\"query-input\":{\"@type\":\"PropertyValueSpecification\",\"valueRequired\":true,\"valueName\":\"search_term_string\"}}],\"inLanguage\":\"fr-BE\"},{\"@type\":\"Organization\",\"@id\":\"https:\/\/vieassociative.be\/actualites\/#organization\",\"name\":\"Vie Associative\",\"url\":\"https:\/\/vieassociative.be\/actualites\/\",\"logo\":{\"@type\":\"ImageObject\",\"inLanguage\":\"fr-BE\",\"@id\":\"https:\/\/vieassociative.be\/actualites\/#\/schema\/logo\/image\/\",\"url\":\"https:\/\/vieassociative.be\/actualites\/wp-content\/uploads\/2024\/09\/cropped-vieassociative_favicon.ico.png\",\"contentUrl\":\"https:\/\/vieassociative.be\/actualites\/wp-content\/uploads\/2024\/09\/cropped-vieassociative_favicon.ico.png\",\"width\":512,\"height\":512,\"caption\":\"Vie Associative\"},\"image\":{\"@id\":\"https:\/\/vieassociative.be\/actualites\/#\/schema\/logo\/image\/\"}},{\"@type\":\"Person\",\"@id\":\"https:\/\/vieassociative.be\/actualites\/#\/schema\/person\/b87ac4f82f9d4e7b7cec7395b679edc4\",\"name\":\"Julien\",\"image\":{\"@type\":\"ImageObject\",\"inLanguage\":\"fr-BE\",\"@id\":\"https:\/\/vieassociative.be\/actualites\/#\/schema\/person\/image\/\",\"url\":\"https:\/\/vieassociative.be\/actualites\/wp-content\/uploads\/2024\/09\/vie-associative-1-150x150.jpg\",\"contentUrl\":\"https:\/\/vieassociative.be\/actualites\/wp-content\/uploads\/2024\/09\/vie-associative-1-150x150.jpg\",\"caption\":\"Julien\"},\"description\":\"Je suis Julien, r\u00e9dacteur pour Vie Associative. Passionn\u00e9 par le monde associatif depuis plus de 10 ans, j'ai \u00e0 c\u0153ur de partager des histoires inspirantes et de mettre en lumi\u00e8re les initiatives locales. Mon objectif est de sensibiliser et d'encourager l'engagement communautaire \u00e0 travers mes articles.\",\"sameAs\":[\"https:\/\/vieassociative.be\/\"]}]}<\/script>\n<!-- \/ Yoast SEO plugin. -->","yoast_head_json":{"title":"Cinq fa\u00e7ons faciles de masquer les cordons et les c\u00e2bles dans votre maison | Vie Associative","robots":{"index":"index","follow":"follow","max-snippet":"max-snippet:-1","max-image-preview":"max-image-preview:large","max-video-preview":"max-video-preview:-1"},"canonical":"https:\/\/vieassociative.be\/actualites\/cinq-facons-faciles-de-masquer-les-cordons-et-les-cables-dans-votre-maison\/","og_locale":"fr_FR","og_type":"article","og_title":"Cinq fa\u00e7ons faciles de masquer les cordons et les c\u00e2bles dans votre maison | Vie Associative","og_description":"Vous pouvez masquer ce g\u00e2chis de cordons d&rsquo;alimentation, de c\u00e2bles caax et de cat5. Malgr\u00e9 la pr\u00e9valence des appareils sans fil, les cordons et les","og_url":"https:\/\/vieassociative.be\/actualites\/cinq-facons-faciles-de-masquer-les-cordons-et-les-cables-dans-votre-maison\/","og_site_name":"Vie Associative","article_published_time":"2025-02-08T05:17:25+00:00","og_image":[{"width":279,"height":92,"url":"https:\/\/vieassociative.be\/actualites\/wp-content\/uploads\/2024\/09\/header_backgroundk-01-e1726694325946.png","type":"image\/png"}],"author":"Julien","twitter_card":"summary_large_image","twitter_misc":{"\u00c9crit par":"Julien","Dur\u00e9e de lecture est.":"4 minutes"},"schema":{"@context":"https:\/\/schema.org","@graph":[{"@type":"Article","@id":"https:\/\/vieassociative.be\/actualites\/cinq-facons-faciles-de-masquer-les-cordons-et-les-cables-dans-votre-maison\/#article","isPartOf":{"@id":"https:\/\/vieassociative.be\/actualites\/cinq-facons-faciles-de-masquer-les-cordons-et-les-cables-dans-votre-maison\/"},"author":{"name":"Julien","@id":"https:\/\/vieassociative.be\/actualites\/#\/schema\/person\/b87ac4f82f9d4e7b7cec7395b679edc4"},"headline":"Cinq fa\u00e7ons faciles de masquer les cordons et les c\u00e2bles dans votre maison","datePublished":"2025-02-08T05:17:25+00:00","dateModified":"2025-02-08T05:17:25+00:00","mainEntityOfPage":{"@id":"https:\/\/vieassociative.be\/actualites\/cinq-facons-faciles-de-masquer-les-cordons-et-les-cables-dans-votre-maison\/"},"wordCount":822,"publisher":{"@id":"https:\/\/vieassociative.be\/actualites\/#organization"},"image":{"@id":"https:\/\/vieassociative.be\/actualites\/cinq-facons-faciles-de-masquer-les-cordons-et-les-cables-dans-votre-maison\/#primaryimage"},"thumbnailUrl":"https:\/\/vieassociative.be\/actualites\/wp-content\/uploads\/2025\/02\/Cinq-facons-faciles-de-masquer-les-cordons-et-les-cables.png","keywords":["c\u00e2bles","Cinq","cordons","dans","faciles","fa\u00e7ons","Les","maison","masquer","votre"],"articleSection":["Maison"],"inLanguage":"fr-BE"},{"@type":"WebPage","@id":"https:\/\/vieassociative.be\/actualites\/cinq-facons-faciles-de-masquer-les-cordons-et-les-cables-dans-votre-maison\/","url":"https:\/\/vieassociative.be\/actualites\/cinq-facons-faciles-de-masquer-les-cordons-et-les-cables-dans-votre-maison\/","name":"Cinq fa\u00e7ons faciles de masquer les cordons et les c\u00e2bles dans votre maison | Vie Associative","isPartOf":{"@id":"https:\/\/vieassociative.be\/actualites\/#website"},"primaryImageOfPage":{"@id":"https:\/\/vieassociative.be\/actualites\/cinq-facons-faciles-de-masquer-les-cordons-et-les-cables-dans-votre-maison\/#primaryimage"},"image":{"@id":"https:\/\/vieassociative.be\/actualites\/cinq-facons-faciles-de-masquer-les-cordons-et-les-cables-dans-votre-maison\/#primaryimage"},"thumbnailUrl":"https:\/\/vieassociative.be\/actualites\/wp-content\/uploads\/2025\/02\/Cinq-facons-faciles-de-masquer-les-cordons-et-les-cables.png","datePublished":"2025-02-08T05:17:25+00:00","dateModified":"2025-02-08T05:17:25+00:00","breadcrumb":{"@id":"https:\/\/vieassociative.be\/actualites\/cinq-facons-faciles-de-masquer-les-cordons-et-les-cables-dans-votre-maison\/#breadcrumb"},"inLanguage":"fr-BE","potentialAction":[{"@type":"ReadAction","target":["https:\/\/vieassociative.be\/actualites\/cinq-facons-faciles-de-masquer-les-cordons-et-les-cables-dans-votre-maison\/"]}]},{"@type":"ImageObject","inLanguage":"fr-BE","@id":"https:\/\/vieassociative.be\/actualites\/cinq-facons-faciles-de-masquer-les-cordons-et-les-cables-dans-votre-maison\/#primaryimage","url":"https:\/\/vieassociative.be\/actualites\/wp-content\/uploads\/2025\/02\/Cinq-facons-faciles-de-masquer-les-cordons-et-les-cables.png","contentUrl":"https:\/\/vieassociative.be\/actualites\/wp-content\/uploads\/2025\/02\/Cinq-facons-faciles-de-masquer-les-cordons-et-les-cables.png","width":1200,"height":675,"caption":"Cinq fa\u00e7ons faciles de masquer les cordons et les c\u00e2bles dans votre maison"},{"@type":"BreadcrumbList","@id":"https:\/\/vieassociative.be\/actualites\/cinq-facons-faciles-de-masquer-les-cordons-et-les-cables-dans-votre-maison\/#breadcrumb","itemListElement":[{"@type":"ListItem","position":1,"name":"Accueil","item":"https:\/\/vieassociative.be\/actualites\/"},{"@type":"ListItem","position":2,"name":"Cinq fa\u00e7ons faciles de masquer les cordons et les c\u00e2bles dans votre maison"}]},{"@type":"WebSite","@id":"https:\/\/vieassociative.be\/actualites\/#website","url":"https:\/\/vieassociative.be\/actualites\/","name":"Vie Associative","description":"","publisher":{"@id":"https:\/\/vieassociative.be\/actualites\/#organization"},"potentialAction":[{"@type":"SearchAction","target":{"@type":"EntryPoint","urlTemplate":"https:\/\/vieassociative.be\/actualites\/?s={search_term_string}"},"query-input":{"@type":"PropertyValueSpecification","valueRequired":true,"valueName":"search_term_string"}}],"inLanguage":"fr-BE"},{"@type":"Organization","@id":"https:\/\/vieassociative.be\/actualites\/#organization","name":"Vie Associative","url":"https:\/\/vieassociative.be\/actualites\/","logo":{"@type":"ImageObject","inLanguage":"fr-BE","@id":"https:\/\/vieassociative.be\/actualites\/#\/schema\/logo\/image\/","url":"https:\/\/vieassociative.be\/actualites\/wp-content\/uploads\/2024\/09\/cropped-vieassociative_favicon.ico.png","contentUrl":"https:\/\/vieassociative.be\/actualites\/wp-content\/uploads\/2024\/09\/cropped-vieassociative_favicon.ico.png","width":512,"height":512,"caption":"Vie Associative"},"image":{"@id":"https:\/\/vieassociative.be\/actualites\/#\/schema\/logo\/image\/"}},{"@type":"Person","@id":"https:\/\/vieassociative.be\/actualites\/#\/schema\/person\/b87ac4f82f9d4e7b7cec7395b679edc4","name":"Julien","image":{"@type":"ImageObject","inLanguage":"fr-BE","@id":"https:\/\/vieassociative.be\/actualites\/#\/schema\/person\/image\/","url":"https:\/\/vieassociative.be\/actualites\/wp-content\/uploads\/2024\/09\/vie-associative-1-150x150.jpg","contentUrl":"https:\/\/vieassociative.be\/actualites\/wp-content\/uploads\/2024\/09\/vie-associative-1-150x150.jpg","caption":"Julien"},"description":"Je suis Julien, r\u00e9dacteur pour Vie Associative. Passionn\u00e9 par le monde associatif depuis plus de 10 ans, j'ai \u00e0 c\u0153ur de partager des histoires inspirantes et de mettre en lumi\u00e8re les initiatives locales. Mon objectif est de sensibiliser et d'encourager l'engagement communautaire \u00e0 travers mes articles.","sameAs":["https:\/\/vieassociative.be\/"]}]}},"_links":{"self":[{"href":"https:\/\/vieassociative.be\/actualites\/wp-json\/wp\/v2\/posts\/4944"}],"collection":[{"href":"https:\/\/vieassociative.be\/actualites\/wp-json\/wp\/v2\/posts"}],"about":[{"href":"https:\/\/vieassociative.be\/actualites\/wp-json\/wp\/v2\/types\/post"}],"author":[{"embeddable":true,"href":"https:\/\/vieassociative.be\/actualites\/wp-json\/wp\/v2\/users\/1"}],"replies":[{"embeddable":true,"href":"https:\/\/vieassociative.be\/actualites\/wp-json\/wp\/v2\/comments?post=4944"}],"version-history":[{"count":0,"href":"https:\/\/vieassociative.be\/actualites\/wp-json\/wp\/v2\/posts\/4944\/revisions"}],"wp:featuredmedia":[{"embeddable":true,"href":"https:\/\/vieassociative.be\/actualites\/wp-json\/wp\/v2\/media\/4945"}],"wp:attachment":[{"href":"https:\/\/vieassociative.be\/actualites\/wp-json\/wp\/v2\/media?parent=4944"}],"wp:term":[{"taxonomy":"category","embeddable":true,"href":"https:\/\/vieassociative.be\/actualites\/wp-json\/wp\/v2\/categories?post=4944"},{"taxonomy":"post_tag","embeddable":true,"href":"https:\/\/vieassociative.be\/actualites\/wp-json\/wp\/v2\/tags?post=4944"}],"curies":[{"name":"wp","href":"https:\/\/api.w.org\/{rel}","templated":true}]}}