{"id":4940,"date":"2025-02-08T03:18:17","date_gmt":"2025-02-08T02:18:17","guid":{"rendered":"https:\/\/vieassociative.be\/actualites\/harry-kane-ice-cold-le-bayern-du-fc-est-renforce-dans-la-semaine-des-examens\/"},"modified":"2025-02-08T03:18:17","modified_gmt":"2025-02-08T02:18:17","slug":"harry-kane-ice-cold-le-bayern-du-fc-est-renforce-dans-la-semaine-des-examens","status":"publish","type":"post","link":"https:\/\/vieassociative.be\/actualites\/harry-kane-ice-cold-le-bayern-du-fc-est-renforce-dans-la-semaine-des-examens\/","title":{"rendered":"Harry Kane Ice Cold: Le Bayern du FC est renforc\u00e9 dans la semaine des examens"},"content":{"rendered":"<p><strong>Le Bayern n&rsquo;est pas en galaform avant les t\u00e2ches importantes \u00e0 l&rsquo;ext\u00e9rieur \u00e0 Glasgow et Leverkusen. Cependant, il suffit de gagner le Bremer r\u00e9ciproque &#8211; gr\u00e2ce \u00e0 \u00ab\u00a0Mister 100%\u00a0\u00bb.<\/strong><\/p>\n<p><span id=\"more-407720\"><\/span>Gr\u00e2ce \u00e0 la nouvelle s\u00e9rie de p\u00e9nalit\u00e9s impeccables de Harry Kane dans la Bundesliga, le FC Bayern est renforc\u00e9 dans sa prochaine grande semaine d&rsquo;examen. Le fastidieux 3: 0 (0: 0) contre un SV Werder Bremen, qui a \u00e9t\u00e9 gravement battu, a suffi au leader de la ligue pour \u00e9tendre l&rsquo;avance sur Bayer Leverkusen \u00e0 neuf points au d\u00e9but du 21e jour de match.<\/p>\n<div id=\"attachment_407722\" class=\"wp-caption alignleft\" style=\"max-width: 300px\"><img fetchpriority=\"high\" decoding=\"async\" class=\"wp-image-407722 size-medium\" src=\"https:\/\/vieassociative.be\/actualites\/wp-content\/uploads\/2025\/02\/Harry-Kane-Ice-Cold-Le-Bayern-du-FC-est-renforce.jpg\" alt=\"\" width=\"300\" height=\"217\"><\/p>\n<p class=\"wp-caption-text\">07.02.2025, Bavi\u00e8re, Munich: Jamal Musiala (ci-dessus) du Bayern du FC et Anthony Jung de Br\u00eame en action. Photo: Sven Hoppe \/ DPA<\/p>\n<\/div>\n<p>La garantie du succ\u00e8s \u00e9tait une fois de plus le marqueur de but Kane. Apr\u00e8s une longue balle de Joshua Kimmich, l&rsquo;Anglais a pris le ballon dans la parole avec sa poitrine. Le d\u00e9fenseur de Werder, Anthony Jung, a rebondi le ballon sur le bras droit dans un duel. Les preuves vid\u00e9o ont confirm\u00e9 le sifflet de p\u00e9nalit\u00e9. Dans le temps suppl\u00e9mentaire, Kane a m\u00eame \u00e9t\u00e9 autoris\u00e9 \u00e0 courir \u00e0 nouveau et \u00e0 se convertir \u00e0 nouveau.<\/p>\n<p><strong>-Super Kane Quota-14 911, 14 coups s\u00fbrs:<\/strong> Kane est rest\u00e9 tr\u00e8s cool avec son 13e elfe Bundesliga, tir\u00e9 \u00e0 plat dans le coin gauche. Leroy San\u00e9 est pass\u00e9 \u00e0 2-0 avec sa premi\u00e8re campagne. L&rsquo;international n&rsquo;avait \u00e0 tenir son pied que \u00e0 la 82e minute apr\u00e8s les travaux pr\u00e9paratoires de Konrad Laimer, qui a \u00e9galement \u00e9t\u00e9 remplac\u00e9.<\/p>\n<p>Mercredi, l&rsquo;\u00e9quipe de Munich doit d&rsquo;abord jouer les s\u00e9ries \u00e9liminatoires en Ligue des champions au champion \u00e9cossais Celtic Glasgow, trois jours plus tard, le premier match de la ligue suit le champion allemand \u00e0 Leverkusen. L&rsquo;ensemble de l&rsquo;entra\u00eeneur Vincent Kompany n&rsquo;a pas \u00e9clat\u00e9 d&rsquo;\u00e9nergie et de l\u00e9g\u00e8ret\u00e9 avant les t\u00e2ches directionnelles. (DPA)<\/p>\n","protected":false},"excerpt":{"rendered":"<p>Le Bayern n&rsquo;est pas en galaform avant les t\u00e2ches importantes \u00e0 l&rsquo;ext\u00e9rieur \u00e0 Glasgow et Leverkusen. Cependant, il suffit de gagner le Bremer r\u00e9ciproque &#8211;<\/p>\n","protected":false},"author":1,"featured_media":4941,"comment_status":"","ping_status":"","sticky":false,"template":"","format":"standard","meta":{"footnotes":""},"categories":[298],"tags":[2298,5231,166,29,76,1466,3417,5230,3418,5232,1348],"class_list":["post-4940","post","type-post","status-publish","format-standard","has-post-thumbnail","hentry","category-belgique","tag-bayern","tag-cold","tag-dans","tag-des","tag-est","tag-examens","tag-harry","tag-ice","tag-kane","tag-renforce","tag-semaine","generate-columns","tablet-grid-50","mobile-grid-100","grid-parent","grid-33"],"yoast_head":"<!-- This site is optimized with the Yoast SEO plugin v24.0 - https:\/\/yoast.com\/wordpress\/plugins\/seo\/ -->\n<title>Harry Kane Ice Cold: Le Bayern du FC est renforc\u00e9 dans la semaine des examens | Vie Associative<\/title>\n<meta name=\"robots\" content=\"index, follow, max-snippet:-1, max-image-preview:large, max-video-preview:-1\" \/>\n<link rel=\"canonical\" href=\"https:\/\/vieassociative.be\/actualites\/harry-kane-ice-cold-le-bayern-du-fc-est-renforce-dans-la-semaine-des-examens\/\" \/>\n<meta property=\"og:locale\" content=\"fr_FR\" \/>\n<meta property=\"og:type\" content=\"article\" \/>\n<meta property=\"og:title\" content=\"Harry Kane Ice Cold: Le Bayern du FC est renforc\u00e9 dans la semaine des examens | Vie Associative\" \/>\n<meta property=\"og:description\" content=\"Le Bayern n&rsquo;est pas en galaform avant les t\u00e2ches importantes \u00e0 l&rsquo;ext\u00e9rieur \u00e0 Glasgow et Leverkusen. Cependant, il suffit de gagner le Bremer r\u00e9ciproque &#8211;\" \/>\n<meta property=\"og:url\" content=\"https:\/\/vieassociative.be\/actualites\/harry-kane-ice-cold-le-bayern-du-fc-est-renforce-dans-la-semaine-des-examens\/\" \/>\n<meta property=\"og:site_name\" content=\"Vie Associative\" \/>\n<meta property=\"article:published_time\" content=\"2025-02-08T02:18:17+00:00\" \/>\n<meta property=\"og:image\" content=\"https:\/\/vieassociative.be\/actualites\/wp-content\/uploads\/2024\/09\/header_backgroundk-01-e1726694325946.png\" \/>\n\t<meta property=\"og:image:width\" content=\"279\" \/>\n\t<meta property=\"og:image:height\" content=\"92\" \/>\n\t<meta property=\"og:image:type\" content=\"image\/png\" \/>\n<meta name=\"author\" content=\"Julien\" \/>\n<meta name=\"twitter:card\" content=\"summary_large_image\" \/>\n<meta name=\"twitter:label1\" content=\"\u00c9crit par\" \/>\n\t<meta name=\"twitter:data1\" content=\"Julien\" \/>\n\t<meta name=\"twitter:label2\" content=\"Dur\u00e9e de lecture est.\" \/>\n\t<meta name=\"twitter:data2\" content=\"2 minutes\" \/>\n<script type=\"application\/ld+json\" class=\"yoast-schema-graph\">{\"@context\":\"https:\/\/schema.org\",\"@graph\":[{\"@type\":\"Article\",\"@id\":\"https:\/\/vieassociative.be\/actualites\/harry-kane-ice-cold-le-bayern-du-fc-est-renforce-dans-la-semaine-des-examens\/#article\",\"isPartOf\":{\"@id\":\"https:\/\/vieassociative.be\/actualites\/harry-kane-ice-cold-le-bayern-du-fc-est-renforce-dans-la-semaine-des-examens\/\"},\"author\":{\"name\":\"Julien\",\"@id\":\"https:\/\/vieassociative.be\/actualites\/#\/schema\/person\/b87ac4f82f9d4e7b7cec7395b679edc4\"},\"headline\":\"Harry Kane Ice Cold: Le Bayern du FC est renforc\u00e9 dans la semaine des examens\",\"datePublished\":\"2025-02-08T02:18:17+00:00\",\"dateModified\":\"2025-02-08T02:18:17+00:00\",\"mainEntityOfPage\":{\"@id\":\"https:\/\/vieassociative.be\/actualites\/harry-kane-ice-cold-le-bayern-du-fc-est-renforce-dans-la-semaine-des-examens\/\"},\"wordCount\":334,\"publisher\":{\"@id\":\"https:\/\/vieassociative.be\/actualites\/#organization\"},\"image\":{\"@id\":\"https:\/\/vieassociative.be\/actualites\/harry-kane-ice-cold-le-bayern-du-fc-est-renforce-dans-la-semaine-des-examens\/#primaryimage\"},\"thumbnailUrl\":\"https:\/\/vieassociative.be\/actualites\/wp-content\/uploads\/2025\/02\/1738981097_Harry-Kane-Ice-Cold-Le-Bayern-du-FC-est-renforce.jpg\",\"keywords\":[\"Bayern\",\"Cold\",\"dans\",\"Des\",\"est\",\"examens\",\"Harry\",\"Ice\",\"Kane\",\"renforc\u00e9\",\"semaine\"],\"articleSection\":[\"Belgique\"],\"inLanguage\":\"fr-BE\"},{\"@type\":\"WebPage\",\"@id\":\"https:\/\/vieassociative.be\/actualites\/harry-kane-ice-cold-le-bayern-du-fc-est-renforce-dans-la-semaine-des-examens\/\",\"url\":\"https:\/\/vieassociative.be\/actualites\/harry-kane-ice-cold-le-bayern-du-fc-est-renforce-dans-la-semaine-des-examens\/\",\"name\":\"Harry Kane Ice Cold: Le Bayern du FC est renforc\u00e9 dans la semaine des examens | Vie Associative\",\"isPartOf\":{\"@id\":\"https:\/\/vieassociative.be\/actualites\/#website\"},\"primaryImageOfPage\":{\"@id\":\"https:\/\/vieassociative.be\/actualites\/harry-kane-ice-cold-le-bayern-du-fc-est-renforce-dans-la-semaine-des-examens\/#primaryimage\"},\"image\":{\"@id\":\"https:\/\/vieassociative.be\/actualites\/harry-kane-ice-cold-le-bayern-du-fc-est-renforce-dans-la-semaine-des-examens\/#primaryimage\"},\"thumbnailUrl\":\"https:\/\/vieassociative.be\/actualites\/wp-content\/uploads\/2025\/02\/1738981097_Harry-Kane-Ice-Cold-Le-Bayern-du-FC-est-renforce.jpg\",\"datePublished\":\"2025-02-08T02:18:17+00:00\",\"dateModified\":\"2025-02-08T02:18:17+00:00\",\"breadcrumb\":{\"@id\":\"https:\/\/vieassociative.be\/actualites\/harry-kane-ice-cold-le-bayern-du-fc-est-renforce-dans-la-semaine-des-examens\/#breadcrumb\"},\"inLanguage\":\"fr-BE\",\"potentialAction\":[{\"@type\":\"ReadAction\",\"target\":[\"https:\/\/vieassociative.be\/actualites\/harry-kane-ice-cold-le-bayern-du-fc-est-renforce-dans-la-semaine-des-examens\/\"]}]},{\"@type\":\"ImageObject\",\"inLanguage\":\"fr-BE\",\"@id\":\"https:\/\/vieassociative.be\/actualites\/harry-kane-ice-cold-le-bayern-du-fc-est-renforce-dans-la-semaine-des-examens\/#primaryimage\",\"url\":\"https:\/\/vieassociative.be\/actualites\/wp-content\/uploads\/2025\/02\/1738981097_Harry-Kane-Ice-Cold-Le-Bayern-du-FC-est-renforce.jpg\",\"contentUrl\":\"https:\/\/vieassociative.be\/actualites\/wp-content\/uploads\/2025\/02\/1738981097_Harry-Kane-Ice-Cold-Le-Bayern-du-FC-est-renforce.jpg\",\"width\":1200,\"height\":805,\"caption\":\"Harry Kane Ice Cold: Le Bayern du FC est renforc\u00e9 dans la semaine des examens\"},{\"@type\":\"BreadcrumbList\",\"@id\":\"https:\/\/vieassociative.be\/actualites\/harry-kane-ice-cold-le-bayern-du-fc-est-renforce-dans-la-semaine-des-examens\/#breadcrumb\",\"itemListElement\":[{\"@type\":\"ListItem\",\"position\":1,\"name\":\"Accueil\",\"item\":\"https:\/\/vieassociative.be\/actualites\/\"},{\"@type\":\"ListItem\",\"position\":2,\"name\":\"Harry Kane Ice Cold: Le Bayern du FC est renforc\u00e9 dans la semaine des examens\"}]},{\"@type\":\"WebSite\",\"@id\":\"https:\/\/vieassociative.be\/actualites\/#website\",\"url\":\"https:\/\/vieassociative.be\/actualites\/\",\"name\":\"Vie Associative\",\"description\":\"\",\"publisher\":{\"@id\":\"https:\/\/vieassociative.be\/actualites\/#organization\"},\"potentialAction\":[{\"@type\":\"SearchAction\",\"target\":{\"@type\":\"EntryPoint\",\"urlTemplate\":\"https:\/\/vieassociative.be\/actualites\/?s={search_term_string}\"},\"query-input\":{\"@type\":\"PropertyValueSpecification\",\"valueRequired\":true,\"valueName\":\"search_term_string\"}}],\"inLanguage\":\"fr-BE\"},{\"@type\":\"Organization\",\"@id\":\"https:\/\/vieassociative.be\/actualites\/#organization\",\"name\":\"Vie Associative\",\"url\":\"https:\/\/vieassociative.be\/actualites\/\",\"logo\":{\"@type\":\"ImageObject\",\"inLanguage\":\"fr-BE\",\"@id\":\"https:\/\/vieassociative.be\/actualites\/#\/schema\/logo\/image\/\",\"url\":\"https:\/\/vieassociative.be\/actualites\/wp-content\/uploads\/2024\/09\/cropped-vieassociative_favicon.ico.png\",\"contentUrl\":\"https:\/\/vieassociative.be\/actualites\/wp-content\/uploads\/2024\/09\/cropped-vieassociative_favicon.ico.png\",\"width\":512,\"height\":512,\"caption\":\"Vie Associative\"},\"image\":{\"@id\":\"https:\/\/vieassociative.be\/actualites\/#\/schema\/logo\/image\/\"}},{\"@type\":\"Person\",\"@id\":\"https:\/\/vieassociative.be\/actualites\/#\/schema\/person\/b87ac4f82f9d4e7b7cec7395b679edc4\",\"name\":\"Julien\",\"image\":{\"@type\":\"ImageObject\",\"inLanguage\":\"fr-BE\",\"@id\":\"https:\/\/vieassociative.be\/actualites\/#\/schema\/person\/image\/\",\"url\":\"https:\/\/vieassociative.be\/actualites\/wp-content\/uploads\/2024\/09\/vie-associative-1-150x150.jpg\",\"contentUrl\":\"https:\/\/vieassociative.be\/actualites\/wp-content\/uploads\/2024\/09\/vie-associative-1-150x150.jpg\",\"caption\":\"Julien\"},\"description\":\"Je suis Julien, r\u00e9dacteur pour Vie Associative. Passionn\u00e9 par le monde associatif depuis plus de 10 ans, j'ai \u00e0 c\u0153ur de partager des histoires inspirantes et de mettre en lumi\u00e8re les initiatives locales. Mon objectif est de sensibiliser et d'encourager l'engagement communautaire \u00e0 travers mes articles.\",\"sameAs\":[\"https:\/\/vieassociative.be\/\"]}]}<\/script>\n<!-- \/ Yoast SEO plugin. -->","yoast_head_json":{"title":"Harry Kane Ice Cold: Le Bayern du FC est renforc\u00e9 dans la semaine des examens | Vie Associative","robots":{"index":"index","follow":"follow","max-snippet":"max-snippet:-1","max-image-preview":"max-image-preview:large","max-video-preview":"max-video-preview:-1"},"canonical":"https:\/\/vieassociative.be\/actualites\/harry-kane-ice-cold-le-bayern-du-fc-est-renforce-dans-la-semaine-des-examens\/","og_locale":"fr_FR","og_type":"article","og_title":"Harry Kane Ice Cold: Le Bayern du FC est renforc\u00e9 dans la semaine des examens | Vie Associative","og_description":"Le Bayern n&rsquo;est pas en galaform avant les t\u00e2ches importantes \u00e0 l&rsquo;ext\u00e9rieur \u00e0 Glasgow et Leverkusen. Cependant, il suffit de gagner le Bremer r\u00e9ciproque &#8211;","og_url":"https:\/\/vieassociative.be\/actualites\/harry-kane-ice-cold-le-bayern-du-fc-est-renforce-dans-la-semaine-des-examens\/","og_site_name":"Vie Associative","article_published_time":"2025-02-08T02:18:17+00:00","og_image":[{"width":279,"height":92,"url":"https:\/\/vieassociative.be\/actualites\/wp-content\/uploads\/2024\/09\/header_backgroundk-01-e1726694325946.png","type":"image\/png"}],"author":"Julien","twitter_card":"summary_large_image","twitter_misc":{"\u00c9crit par":"Julien","Dur\u00e9e de lecture est.":"2 minutes"},"schema":{"@context":"https:\/\/schema.org","@graph":[{"@type":"Article","@id":"https:\/\/vieassociative.be\/actualites\/harry-kane-ice-cold-le-bayern-du-fc-est-renforce-dans-la-semaine-des-examens\/#article","isPartOf":{"@id":"https:\/\/vieassociative.be\/actualites\/harry-kane-ice-cold-le-bayern-du-fc-est-renforce-dans-la-semaine-des-examens\/"},"author":{"name":"Julien","@id":"https:\/\/vieassociative.be\/actualites\/#\/schema\/person\/b87ac4f82f9d4e7b7cec7395b679edc4"},"headline":"Harry Kane Ice Cold: Le Bayern du FC est renforc\u00e9 dans la semaine des examens","datePublished":"2025-02-08T02:18:17+00:00","dateModified":"2025-02-08T02:18:17+00:00","mainEntityOfPage":{"@id":"https:\/\/vieassociative.be\/actualites\/harry-kane-ice-cold-le-bayern-du-fc-est-renforce-dans-la-semaine-des-examens\/"},"wordCount":334,"publisher":{"@id":"https:\/\/vieassociative.be\/actualites\/#organization"},"image":{"@id":"https:\/\/vieassociative.be\/actualites\/harry-kane-ice-cold-le-bayern-du-fc-est-renforce-dans-la-semaine-des-examens\/#primaryimage"},"thumbnailUrl":"https:\/\/vieassociative.be\/actualites\/wp-content\/uploads\/2025\/02\/1738981097_Harry-Kane-Ice-Cold-Le-Bayern-du-FC-est-renforce.jpg","keywords":["Bayern","Cold","dans","Des","est","examens","Harry","Ice","Kane","renforc\u00e9","semaine"],"articleSection":["Belgique"],"inLanguage":"fr-BE"},{"@type":"WebPage","@id":"https:\/\/vieassociative.be\/actualites\/harry-kane-ice-cold-le-bayern-du-fc-est-renforce-dans-la-semaine-des-examens\/","url":"https:\/\/vieassociative.be\/actualites\/harry-kane-ice-cold-le-bayern-du-fc-est-renforce-dans-la-semaine-des-examens\/","name":"Harry Kane Ice Cold: Le Bayern du FC est renforc\u00e9 dans la semaine des examens | Vie Associative","isPartOf":{"@id":"https:\/\/vieassociative.be\/actualites\/#website"},"primaryImageOfPage":{"@id":"https:\/\/vieassociative.be\/actualites\/harry-kane-ice-cold-le-bayern-du-fc-est-renforce-dans-la-semaine-des-examens\/#primaryimage"},"image":{"@id":"https:\/\/vieassociative.be\/actualites\/harry-kane-ice-cold-le-bayern-du-fc-est-renforce-dans-la-semaine-des-examens\/#primaryimage"},"thumbnailUrl":"https:\/\/vieassociative.be\/actualites\/wp-content\/uploads\/2025\/02\/1738981097_Harry-Kane-Ice-Cold-Le-Bayern-du-FC-est-renforce.jpg","datePublished":"2025-02-08T02:18:17+00:00","dateModified":"2025-02-08T02:18:17+00:00","breadcrumb":{"@id":"https:\/\/vieassociative.be\/actualites\/harry-kane-ice-cold-le-bayern-du-fc-est-renforce-dans-la-semaine-des-examens\/#breadcrumb"},"inLanguage":"fr-BE","potentialAction":[{"@type":"ReadAction","target":["https:\/\/vieassociative.be\/actualites\/harry-kane-ice-cold-le-bayern-du-fc-est-renforce-dans-la-semaine-des-examens\/"]}]},{"@type":"ImageObject","inLanguage":"fr-BE","@id":"https:\/\/vieassociative.be\/actualites\/harry-kane-ice-cold-le-bayern-du-fc-est-renforce-dans-la-semaine-des-examens\/#primaryimage","url":"https:\/\/vieassociative.be\/actualites\/wp-content\/uploads\/2025\/02\/1738981097_Harry-Kane-Ice-Cold-Le-Bayern-du-FC-est-renforce.jpg","contentUrl":"https:\/\/vieassociative.be\/actualites\/wp-content\/uploads\/2025\/02\/1738981097_Harry-Kane-Ice-Cold-Le-Bayern-du-FC-est-renforce.jpg","width":1200,"height":805,"caption":"Harry Kane Ice Cold: Le Bayern du FC est renforc\u00e9 dans la semaine des examens"},{"@type":"BreadcrumbList","@id":"https:\/\/vieassociative.be\/actualites\/harry-kane-ice-cold-le-bayern-du-fc-est-renforce-dans-la-semaine-des-examens\/#breadcrumb","itemListElement":[{"@type":"ListItem","position":1,"name":"Accueil","item":"https:\/\/vieassociative.be\/actualites\/"},{"@type":"ListItem","position":2,"name":"Harry Kane Ice Cold: Le Bayern du FC est renforc\u00e9 dans la semaine des examens"}]},{"@type":"WebSite","@id":"https:\/\/vieassociative.be\/actualites\/#website","url":"https:\/\/vieassociative.be\/actualites\/","name":"Vie Associative","description":"","publisher":{"@id":"https:\/\/vieassociative.be\/actualites\/#organization"},"potentialAction":[{"@type":"SearchAction","target":{"@type":"EntryPoint","urlTemplate":"https:\/\/vieassociative.be\/actualites\/?s={search_term_string}"},"query-input":{"@type":"PropertyValueSpecification","valueRequired":true,"valueName":"search_term_string"}}],"inLanguage":"fr-BE"},{"@type":"Organization","@id":"https:\/\/vieassociative.be\/actualites\/#organization","name":"Vie Associative","url":"https:\/\/vieassociative.be\/actualites\/","logo":{"@type":"ImageObject","inLanguage":"fr-BE","@id":"https:\/\/vieassociative.be\/actualites\/#\/schema\/logo\/image\/","url":"https:\/\/vieassociative.be\/actualites\/wp-content\/uploads\/2024\/09\/cropped-vieassociative_favicon.ico.png","contentUrl":"https:\/\/vieassociative.be\/actualites\/wp-content\/uploads\/2024\/09\/cropped-vieassociative_favicon.ico.png","width":512,"height":512,"caption":"Vie Associative"},"image":{"@id":"https:\/\/vieassociative.be\/actualites\/#\/schema\/logo\/image\/"}},{"@type":"Person","@id":"https:\/\/vieassociative.be\/actualites\/#\/schema\/person\/b87ac4f82f9d4e7b7cec7395b679edc4","name":"Julien","image":{"@type":"ImageObject","inLanguage":"fr-BE","@id":"https:\/\/vieassociative.be\/actualites\/#\/schema\/person\/image\/","url":"https:\/\/vieassociative.be\/actualites\/wp-content\/uploads\/2024\/09\/vie-associative-1-150x150.jpg","contentUrl":"https:\/\/vieassociative.be\/actualites\/wp-content\/uploads\/2024\/09\/vie-associative-1-150x150.jpg","caption":"Julien"},"description":"Je suis Julien, r\u00e9dacteur pour Vie Associative. Passionn\u00e9 par le monde associatif depuis plus de 10 ans, j'ai \u00e0 c\u0153ur de partager des histoires inspirantes et de mettre en lumi\u00e8re les initiatives locales. Mon objectif est de sensibiliser et d'encourager l'engagement communautaire \u00e0 travers mes articles.","sameAs":["https:\/\/vieassociative.be\/"]}]}},"_links":{"self":[{"href":"https:\/\/vieassociative.be\/actualites\/wp-json\/wp\/v2\/posts\/4940"}],"collection":[{"href":"https:\/\/vieassociative.be\/actualites\/wp-json\/wp\/v2\/posts"}],"about":[{"href":"https:\/\/vieassociative.be\/actualites\/wp-json\/wp\/v2\/types\/post"}],"author":[{"embeddable":true,"href":"https:\/\/vieassociative.be\/actualites\/wp-json\/wp\/v2\/users\/1"}],"replies":[{"embeddable":true,"href":"https:\/\/vieassociative.be\/actualites\/wp-json\/wp\/v2\/comments?post=4940"}],"version-history":[{"count":0,"href":"https:\/\/vieassociative.be\/actualites\/wp-json\/wp\/v2\/posts\/4940\/revisions"}],"wp:featuredmedia":[{"embeddable":true,"href":"https:\/\/vieassociative.be\/actualites\/wp-json\/wp\/v2\/media\/4941"}],"wp:attachment":[{"href":"https:\/\/vieassociative.be\/actualites\/wp-json\/wp\/v2\/media?parent=4940"}],"wp:term":[{"taxonomy":"category","embeddable":true,"href":"https:\/\/vieassociative.be\/actualites\/wp-json\/wp\/v2\/categories?post=4940"},{"taxonomy":"post_tag","embeddable":true,"href":"https:\/\/vieassociative.be\/actualites\/wp-json\/wp\/v2\/tags?post=4940"}],"curies":[{"name":"wp","href":"https:\/\/api.w.org\/{rel}","templated":true}]}}