{"id":4932,"date":"2025-02-07T21:19:46","date_gmt":"2025-02-07T20:19:46","guid":{"rendered":"https:\/\/vieassociative.be\/actualites\/cat-parvient-a-la-cuisson-des-plaques-de-cuisson-et-declenche-le-feu-les-marcheurs-ont-entendu-un-sifflement-fort-la-fuite-de-gaz\/"},"modified":"2025-02-07T21:19:46","modified_gmt":"2025-02-07T20:19:46","slug":"cat-parvient-a-la-cuisson-des-plaques-de-cuisson-et-declenche-le-feu-les-marcheurs-ont-entendu-un-sifflement-fort-la-fuite-de-gaz","status":"publish","type":"post","link":"https:\/\/vieassociative.be\/actualites\/cat-parvient-a-la-cuisson-des-plaques-de-cuisson-et-declenche-le-feu-les-marcheurs-ont-entendu-un-sifflement-fort-la-fuite-de-gaz\/","title":{"rendered":"Cat parvient \u00e0 la cuisson des plaques de cuisson et d\u00e9clenche le feu &#8211; les marcheurs ont entendu un sifflement fort: la fuite de gaz"},"content":{"rendered":"<p><strong>Entre le jeudi 6 f\u00e9vrier 2025, \u00e0 7h00 et le vendredi 7 f\u00e9vrier 2025, \u00e0 7h00. Une vari\u00e9t\u00e9 d&rsquo;op\u00e9rations ont \u00e9t\u00e9 enregistr\u00e9es par la zone de police de Weser-G\u00f6hl.<\/strong><\/p>\n<p><span id=\"more-407714\"><\/span><strong>&#8211; Gasleck &#8211; Raeren, Blar: <\/strong>Le 06\/02, les services de la zone de police de Weser-G\u00f6hl seront appel\u00e9s \u00e0 Raeren \u00e0 7 h 57. Un marcheur a entendu un Zichen bruyant, qui semble provenir du r\u00e9servoir invit\u00e9 ext\u00e9rieur d&rsquo;une maison. Un p\u00e9rim\u00e8tre de s\u00e9curit\u00e9 est configur\u00e9. La brigade des pompiers peut confirmer la fuite de gaz et manipuler le r\u00e9servoir de sorte que pour le moment, il ne peut plus \u00e9chapper au gaz. L&rsquo;entreprise responsable s&rsquo;occupera de la r\u00e9paration compl\u00e8te du r\u00e9servoir. Toutes les fermetures peuvent \u00eatre annul\u00e9es.<\/p>\n<p><strong>&#8211; Vol de repos \u00e0 Kelmis:<\/strong> Le 06\/02, une femme monte Li\u00e8ge Stra\u00dfe vers Schnellenberg \u00e0 8 h 30 \u00e0 Kelmis. Elle appelle son t\u00e9l\u00e9phone portable. Alors qu&rsquo;elle appelle au t\u00e9l\u00e9phone, un homme sort de derri\u00e8re, arrache son t\u00e9l\u00e9phone portable et s&rsquo;\u00e9chappe \u00e0 pied.<\/p>\n<div id=\"attachment_396327\" class=\"wp-caption alignleft\" style=\"max-width: 300px\"><img fetchpriority=\"high\" decoding=\"async\" class=\"wp-image-396327 size-medium\" src=\"https:\/\/vieassociative.be\/actualites\/wp-content\/uploads\/2024\/12\/Un-differend-entre-conducteur-et-pieton-a-Kelmis-se-termine.jpeg\" alt=\"\" width=\"300\" height=\"200\"  ><\/p>\n<p class=\"wp-caption-text\">Un v\u00e9hicule d&rsquo;urgence de la police d&rsquo;Eupen (photo d&rsquo;illustration).<\/p>\n<\/div>\n<p><strong>&#8211; Feu \u00e0 Lontzen:<\/strong> Le 06\/02 \u00e0 10 h 21, les services de la zone de police de Weser-G\u00f6hl seront appel\u00e9s \u00e0 un incendie \u00e0 Lontzen, Neutralstra\u00dfe. Le chat de la famille a couru sur la kitchenette et au-dessus de la plaque de cuisson \u00e9lectronique et l&rsquo;a allum\u00e9e. Les objets qui sont sur la plaques de cuisson ont commenc\u00e9 \u00e0 br\u00fbler et \u00e0 d\u00e9clencher le d\u00e9tecteur de fum\u00e9e de l&rsquo;appartement. Les pompiers rappel\u00e9s peuvent supprimer l&rsquo;incendie tr\u00e8s rapidement afin que les d\u00e9g\u00e2ts soient limit\u00e9s.<\/p>\n<p><strong>&#8211; Vol de petit v\u00e9lo de patinage:<\/strong> Le 05\/02 \u00e0 21h00, un homme quitte son petit patin devant sa r\u00e9sidence \u00e0 Raeren, Burgstra\u00dfe, et le s\u00e9curise avec un ch\u00e2teau. Quand il regarde en arri\u00e8re pour son v\u00e9lo de pointe \u00e0 9 h 20, il doit constater que cela a \u00e9t\u00e9 vol\u00e9. Le v\u00e9hicule vol\u00e9 est un petit patin de la marque Sym, un croisement de couleur noire.<\/p>\n<p><strong>&#8211; Achetez le vol \u00e0 Eynatten:<\/strong> Le 06\/02, les services de la zone de police de Weser-G\u00f6hl seront appel\u00e9s dans un grand magasin d&rsquo;Eynatten \u00e0 15 h 51. Un homme a \u00e9t\u00e9 attrap\u00e9 l\u00e0-bas. Sur place, la police constate que le suspect a tent\u00e9 de voler une bouteille de champagne. Une mani\u00e8re de vol de magasin est lanc\u00e9e contre l&rsquo;homme.<\/p>\n","protected":false},"excerpt":{"rendered":"<p>Entre le jeudi 6 f\u00e9vrier 2025, \u00e0 7h00 et le vendredi 7 f\u00e9vrier 2025, \u00e0 7h00. Une vari\u00e9t\u00e9 d&rsquo;op\u00e9rations ont \u00e9t\u00e9 enregistr\u00e9es par la zone<\/p>\n","protected":false},"author":1,"featured_media":4933,"comment_status":"","ping_status":"","sticky":false,"template":"","format":"standard","meta":{"footnotes":""},"categories":[298],"tags":[74,5219,5221,29,5223,2114,5225,3865,4432,14,5222,1374,3820,5220,5224],"class_list":["post-4932","post","type-post","status-publish","format-standard","has-post-thumbnail","hentry","category-belgique","tag-cat","tag-cuisson","tag-declenche","tag-des","tag-entendu","tag-feu","tag-fort","tag-fuite","tag-gaz","tag-les","tag-marcheurs","tag-ont","tag-parvient","tag-plaques","tag-sifflement","generate-columns","tablet-grid-50","mobile-grid-100","grid-parent","grid-33"],"yoast_head":"<!-- This site is optimized with the Yoast SEO plugin v24.0 - https:\/\/yoast.com\/wordpress\/plugins\/seo\/ -->\n<title>Cat parvient \u00e0 la cuisson des plaques de cuisson et d\u00e9clenche le feu - les marcheurs ont entendu un sifflement fort: la fuite de gaz | Vie Associative<\/title>\n<meta name=\"robots\" content=\"index, follow, max-snippet:-1, max-image-preview:large, max-video-preview:-1\" \/>\n<link rel=\"canonical\" href=\"https:\/\/vieassociative.be\/actualites\/cat-parvient-a-la-cuisson-des-plaques-de-cuisson-et-declenche-le-feu-les-marcheurs-ont-entendu-un-sifflement-fort-la-fuite-de-gaz\/\" \/>\n<meta property=\"og:locale\" content=\"fr_FR\" \/>\n<meta property=\"og:type\" content=\"article\" \/>\n<meta property=\"og:title\" content=\"Cat parvient \u00e0 la cuisson des plaques de cuisson et d\u00e9clenche le feu - les marcheurs ont entendu un sifflement fort: la fuite de gaz | Vie Associative\" \/>\n<meta property=\"og:description\" content=\"Entre le jeudi 6 f\u00e9vrier 2025, \u00e0 7h00 et le vendredi 7 f\u00e9vrier 2025, \u00e0 7h00. Une vari\u00e9t\u00e9 d&rsquo;op\u00e9rations ont \u00e9t\u00e9 enregistr\u00e9es par la zone\" \/>\n<meta property=\"og:url\" content=\"https:\/\/vieassociative.be\/actualites\/cat-parvient-a-la-cuisson-des-plaques-de-cuisson-et-declenche-le-feu-les-marcheurs-ont-entendu-un-sifflement-fort-la-fuite-de-gaz\/\" \/>\n<meta property=\"og:site_name\" content=\"Vie Associative\" \/>\n<meta property=\"article:published_time\" content=\"2025-02-07T20:19:46+00:00\" \/>\n<meta property=\"og:image\" content=\"https:\/\/vieassociative.be\/actualites\/wp-content\/uploads\/2024\/09\/header_backgroundk-01-e1726694325946.png\" \/>\n\t<meta property=\"og:image:width\" content=\"279\" \/>\n\t<meta property=\"og:image:height\" content=\"92\" \/>\n\t<meta property=\"og:image:type\" content=\"image\/png\" \/>\n<meta name=\"author\" content=\"Julien\" \/>\n<meta name=\"twitter:card\" content=\"summary_large_image\" \/>\n<meta name=\"twitter:label1\" content=\"\u00c9crit par\" \/>\n\t<meta name=\"twitter:data1\" content=\"Julien\" \/>\n\t<meta name=\"twitter:label2\" content=\"Dur\u00e9e de lecture est.\" \/>\n\t<meta name=\"twitter:data2\" content=\"2 minutes\" \/>\n<script type=\"application\/ld+json\" class=\"yoast-schema-graph\">{\"@context\":\"https:\/\/schema.org\",\"@graph\":[{\"@type\":\"Article\",\"@id\":\"https:\/\/vieassociative.be\/actualites\/cat-parvient-a-la-cuisson-des-plaques-de-cuisson-et-declenche-le-feu-les-marcheurs-ont-entendu-un-sifflement-fort-la-fuite-de-gaz\/#article\",\"isPartOf\":{\"@id\":\"https:\/\/vieassociative.be\/actualites\/cat-parvient-a-la-cuisson-des-plaques-de-cuisson-et-declenche-le-feu-les-marcheurs-ont-entendu-un-sifflement-fort-la-fuite-de-gaz\/\"},\"author\":{\"name\":\"Julien\",\"@id\":\"https:\/\/vieassociative.be\/actualites\/#\/schema\/person\/b87ac4f82f9d4e7b7cec7395b679edc4\"},\"headline\":\"Cat parvient \u00e0 la cuisson des plaques de cuisson et d\u00e9clenche le feu &#8211; les marcheurs ont entendu un sifflement fort: la fuite de gaz\",\"datePublished\":\"2025-02-07T20:19:46+00:00\",\"dateModified\":\"2025-02-07T20:19:46+00:00\",\"mainEntityOfPage\":{\"@id\":\"https:\/\/vieassociative.be\/actualites\/cat-parvient-a-la-cuisson-des-plaques-de-cuisson-et-declenche-le-feu-les-marcheurs-ont-entendu-un-sifflement-fort-la-fuite-de-gaz\/\"},\"wordCount\":436,\"publisher\":{\"@id\":\"https:\/\/vieassociative.be\/actualites\/#organization\"},\"image\":{\"@id\":\"https:\/\/vieassociative.be\/actualites\/cat-parvient-a-la-cuisson-des-plaques-de-cuisson-et-declenche-le-feu-les-marcheurs-ont-entendu-un-sifflement-fort-la-fuite-de-gaz\/#primaryimage\"},\"thumbnailUrl\":\"https:\/\/vieassociative.be\/actualites\/wp-content\/uploads\/2025\/02\/Cat-parvient-a-la-cuisson-des-plaques-de-cuisson-et.jpg\",\"keywords\":[\"Cat\",\"cuisson\",\"d\u00e9clenche\",\"Des\",\"entendu\",\"feu\",\"fort\",\"fuite\",\"gaz\",\"Les\",\"marcheurs\",\"ont\",\"parvient\",\"plaques\",\"sifflement\"],\"articleSection\":[\"Belgique\"],\"inLanguage\":\"fr-BE\"},{\"@type\":\"WebPage\",\"@id\":\"https:\/\/vieassociative.be\/actualites\/cat-parvient-a-la-cuisson-des-plaques-de-cuisson-et-declenche-le-feu-les-marcheurs-ont-entendu-un-sifflement-fort-la-fuite-de-gaz\/\",\"url\":\"https:\/\/vieassociative.be\/actualites\/cat-parvient-a-la-cuisson-des-plaques-de-cuisson-et-declenche-le-feu-les-marcheurs-ont-entendu-un-sifflement-fort-la-fuite-de-gaz\/\",\"name\":\"Cat parvient \u00e0 la cuisson des plaques de cuisson et d\u00e9clenche le feu - les marcheurs ont entendu un sifflement fort: la fuite de gaz | Vie Associative\",\"isPartOf\":{\"@id\":\"https:\/\/vieassociative.be\/actualites\/#website\"},\"primaryImageOfPage\":{\"@id\":\"https:\/\/vieassociative.be\/actualites\/cat-parvient-a-la-cuisson-des-plaques-de-cuisson-et-declenche-le-feu-les-marcheurs-ont-entendu-un-sifflement-fort-la-fuite-de-gaz\/#primaryimage\"},\"image\":{\"@id\":\"https:\/\/vieassociative.be\/actualites\/cat-parvient-a-la-cuisson-des-plaques-de-cuisson-et-declenche-le-feu-les-marcheurs-ont-entendu-un-sifflement-fort-la-fuite-de-gaz\/#primaryimage\"},\"thumbnailUrl\":\"https:\/\/vieassociative.be\/actualites\/wp-content\/uploads\/2025\/02\/Cat-parvient-a-la-cuisson-des-plaques-de-cuisson-et.jpg\",\"datePublished\":\"2025-02-07T20:19:46+00:00\",\"dateModified\":\"2025-02-07T20:19:46+00:00\",\"breadcrumb\":{\"@id\":\"https:\/\/vieassociative.be\/actualites\/cat-parvient-a-la-cuisson-des-plaques-de-cuisson-et-declenche-le-feu-les-marcheurs-ont-entendu-un-sifflement-fort-la-fuite-de-gaz\/#breadcrumb\"},\"inLanguage\":\"fr-BE\",\"potentialAction\":[{\"@type\":\"ReadAction\",\"target\":[\"https:\/\/vieassociative.be\/actualites\/cat-parvient-a-la-cuisson-des-plaques-de-cuisson-et-declenche-le-feu-les-marcheurs-ont-entendu-un-sifflement-fort-la-fuite-de-gaz\/\"]}]},{\"@type\":\"ImageObject\",\"inLanguage\":\"fr-BE\",\"@id\":\"https:\/\/vieassociative.be\/actualites\/cat-parvient-a-la-cuisson-des-plaques-de-cuisson-et-declenche-le-feu-les-marcheurs-ont-entendu-un-sifflement-fort-la-fuite-de-gaz\/#primaryimage\",\"url\":\"https:\/\/vieassociative.be\/actualites\/wp-content\/uploads\/2025\/02\/Cat-parvient-a-la-cuisson-des-plaques-de-cuisson-et.jpg\",\"contentUrl\":\"https:\/\/vieassociative.be\/actualites\/wp-content\/uploads\/2025\/02\/Cat-parvient-a-la-cuisson-des-plaques-de-cuisson-et.jpg\",\"width\":1200,\"height\":800,\"caption\":\"Cat parvient \u00e0 la cuisson des plaques de cuisson et d\u00e9clenche le feu - les marcheurs ont entendu un sifflement fort: la fuite de gaz\"},{\"@type\":\"BreadcrumbList\",\"@id\":\"https:\/\/vieassociative.be\/actualites\/cat-parvient-a-la-cuisson-des-plaques-de-cuisson-et-declenche-le-feu-les-marcheurs-ont-entendu-un-sifflement-fort-la-fuite-de-gaz\/#breadcrumb\",\"itemListElement\":[{\"@type\":\"ListItem\",\"position\":1,\"name\":\"Accueil\",\"item\":\"https:\/\/vieassociative.be\/actualites\/\"},{\"@type\":\"ListItem\",\"position\":2,\"name\":\"Cat parvient \u00e0 la cuisson des plaques de cuisson et d\u00e9clenche le feu &#8211; les marcheurs ont entendu un sifflement fort: la fuite de gaz\"}]},{\"@type\":\"WebSite\",\"@id\":\"https:\/\/vieassociative.be\/actualites\/#website\",\"url\":\"https:\/\/vieassociative.be\/actualites\/\",\"name\":\"Vie Associative\",\"description\":\"\",\"publisher\":{\"@id\":\"https:\/\/vieassociative.be\/actualites\/#organization\"},\"potentialAction\":[{\"@type\":\"SearchAction\",\"target\":{\"@type\":\"EntryPoint\",\"urlTemplate\":\"https:\/\/vieassociative.be\/actualites\/?s={search_term_string}\"},\"query-input\":{\"@type\":\"PropertyValueSpecification\",\"valueRequired\":true,\"valueName\":\"search_term_string\"}}],\"inLanguage\":\"fr-BE\"},{\"@type\":\"Organization\",\"@id\":\"https:\/\/vieassociative.be\/actualites\/#organization\",\"name\":\"Vie Associative\",\"url\":\"https:\/\/vieassociative.be\/actualites\/\",\"logo\":{\"@type\":\"ImageObject\",\"inLanguage\":\"fr-BE\",\"@id\":\"https:\/\/vieassociative.be\/actualites\/#\/schema\/logo\/image\/\",\"url\":\"https:\/\/vieassociative.be\/actualites\/wp-content\/uploads\/2024\/09\/cropped-vieassociative_favicon.ico.png\",\"contentUrl\":\"https:\/\/vieassociative.be\/actualites\/wp-content\/uploads\/2024\/09\/cropped-vieassociative_favicon.ico.png\",\"width\":512,\"height\":512,\"caption\":\"Vie Associative\"},\"image\":{\"@id\":\"https:\/\/vieassociative.be\/actualites\/#\/schema\/logo\/image\/\"}},{\"@type\":\"Person\",\"@id\":\"https:\/\/vieassociative.be\/actualites\/#\/schema\/person\/b87ac4f82f9d4e7b7cec7395b679edc4\",\"name\":\"Julien\",\"image\":{\"@type\":\"ImageObject\",\"inLanguage\":\"fr-BE\",\"@id\":\"https:\/\/vieassociative.be\/actualites\/#\/schema\/person\/image\/\",\"url\":\"https:\/\/vieassociative.be\/actualites\/wp-content\/uploads\/2024\/09\/vie-associative-1-150x150.jpg\",\"contentUrl\":\"https:\/\/vieassociative.be\/actualites\/wp-content\/uploads\/2024\/09\/vie-associative-1-150x150.jpg\",\"caption\":\"Julien\"},\"description\":\"Je suis Julien, r\u00e9dacteur pour Vie Associative. Passionn\u00e9 par le monde associatif depuis plus de 10 ans, j'ai \u00e0 c\u0153ur de partager des histoires inspirantes et de mettre en lumi\u00e8re les initiatives locales. Mon objectif est de sensibiliser et d'encourager l'engagement communautaire \u00e0 travers mes articles.\",\"sameAs\":[\"https:\/\/vieassociative.be\/\"]}]}<\/script>\n<!-- \/ Yoast SEO plugin. -->","yoast_head_json":{"title":"Cat parvient \u00e0 la cuisson des plaques de cuisson et d\u00e9clenche le feu - les marcheurs ont entendu un sifflement fort: la fuite de gaz | Vie Associative","robots":{"index":"index","follow":"follow","max-snippet":"max-snippet:-1","max-image-preview":"max-image-preview:large","max-video-preview":"max-video-preview:-1"},"canonical":"https:\/\/vieassociative.be\/actualites\/cat-parvient-a-la-cuisson-des-plaques-de-cuisson-et-declenche-le-feu-les-marcheurs-ont-entendu-un-sifflement-fort-la-fuite-de-gaz\/","og_locale":"fr_FR","og_type":"article","og_title":"Cat parvient \u00e0 la cuisson des plaques de cuisson et d\u00e9clenche le feu - les marcheurs ont entendu un sifflement fort: la fuite de gaz | Vie Associative","og_description":"Entre le jeudi 6 f\u00e9vrier 2025, \u00e0 7h00 et le vendredi 7 f\u00e9vrier 2025, \u00e0 7h00. Une vari\u00e9t\u00e9 d&rsquo;op\u00e9rations ont \u00e9t\u00e9 enregistr\u00e9es par la zone","og_url":"https:\/\/vieassociative.be\/actualites\/cat-parvient-a-la-cuisson-des-plaques-de-cuisson-et-declenche-le-feu-les-marcheurs-ont-entendu-un-sifflement-fort-la-fuite-de-gaz\/","og_site_name":"Vie Associative","article_published_time":"2025-02-07T20:19:46+00:00","og_image":[{"width":279,"height":92,"url":"https:\/\/vieassociative.be\/actualites\/wp-content\/uploads\/2024\/09\/header_backgroundk-01-e1726694325946.png","type":"image\/png"}],"author":"Julien","twitter_card":"summary_large_image","twitter_misc":{"\u00c9crit par":"Julien","Dur\u00e9e de lecture est.":"2 minutes"},"schema":{"@context":"https:\/\/schema.org","@graph":[{"@type":"Article","@id":"https:\/\/vieassociative.be\/actualites\/cat-parvient-a-la-cuisson-des-plaques-de-cuisson-et-declenche-le-feu-les-marcheurs-ont-entendu-un-sifflement-fort-la-fuite-de-gaz\/#article","isPartOf":{"@id":"https:\/\/vieassociative.be\/actualites\/cat-parvient-a-la-cuisson-des-plaques-de-cuisson-et-declenche-le-feu-les-marcheurs-ont-entendu-un-sifflement-fort-la-fuite-de-gaz\/"},"author":{"name":"Julien","@id":"https:\/\/vieassociative.be\/actualites\/#\/schema\/person\/b87ac4f82f9d4e7b7cec7395b679edc4"},"headline":"Cat parvient \u00e0 la cuisson des plaques de cuisson et d\u00e9clenche le feu &#8211; les marcheurs ont entendu un sifflement fort: la fuite de gaz","datePublished":"2025-02-07T20:19:46+00:00","dateModified":"2025-02-07T20:19:46+00:00","mainEntityOfPage":{"@id":"https:\/\/vieassociative.be\/actualites\/cat-parvient-a-la-cuisson-des-plaques-de-cuisson-et-declenche-le-feu-les-marcheurs-ont-entendu-un-sifflement-fort-la-fuite-de-gaz\/"},"wordCount":436,"publisher":{"@id":"https:\/\/vieassociative.be\/actualites\/#organization"},"image":{"@id":"https:\/\/vieassociative.be\/actualites\/cat-parvient-a-la-cuisson-des-plaques-de-cuisson-et-declenche-le-feu-les-marcheurs-ont-entendu-un-sifflement-fort-la-fuite-de-gaz\/#primaryimage"},"thumbnailUrl":"https:\/\/vieassociative.be\/actualites\/wp-content\/uploads\/2025\/02\/Cat-parvient-a-la-cuisson-des-plaques-de-cuisson-et.jpg","keywords":["Cat","cuisson","d\u00e9clenche","Des","entendu","feu","fort","fuite","gaz","Les","marcheurs","ont","parvient","plaques","sifflement"],"articleSection":["Belgique"],"inLanguage":"fr-BE"},{"@type":"WebPage","@id":"https:\/\/vieassociative.be\/actualites\/cat-parvient-a-la-cuisson-des-plaques-de-cuisson-et-declenche-le-feu-les-marcheurs-ont-entendu-un-sifflement-fort-la-fuite-de-gaz\/","url":"https:\/\/vieassociative.be\/actualites\/cat-parvient-a-la-cuisson-des-plaques-de-cuisson-et-declenche-le-feu-les-marcheurs-ont-entendu-un-sifflement-fort-la-fuite-de-gaz\/","name":"Cat parvient \u00e0 la cuisson des plaques de cuisson et d\u00e9clenche le feu - les marcheurs ont entendu un sifflement fort: la fuite de gaz | Vie Associative","isPartOf":{"@id":"https:\/\/vieassociative.be\/actualites\/#website"},"primaryImageOfPage":{"@id":"https:\/\/vieassociative.be\/actualites\/cat-parvient-a-la-cuisson-des-plaques-de-cuisson-et-declenche-le-feu-les-marcheurs-ont-entendu-un-sifflement-fort-la-fuite-de-gaz\/#primaryimage"},"image":{"@id":"https:\/\/vieassociative.be\/actualites\/cat-parvient-a-la-cuisson-des-plaques-de-cuisson-et-declenche-le-feu-les-marcheurs-ont-entendu-un-sifflement-fort-la-fuite-de-gaz\/#primaryimage"},"thumbnailUrl":"https:\/\/vieassociative.be\/actualites\/wp-content\/uploads\/2025\/02\/Cat-parvient-a-la-cuisson-des-plaques-de-cuisson-et.jpg","datePublished":"2025-02-07T20:19:46+00:00","dateModified":"2025-02-07T20:19:46+00:00","breadcrumb":{"@id":"https:\/\/vieassociative.be\/actualites\/cat-parvient-a-la-cuisson-des-plaques-de-cuisson-et-declenche-le-feu-les-marcheurs-ont-entendu-un-sifflement-fort-la-fuite-de-gaz\/#breadcrumb"},"inLanguage":"fr-BE","potentialAction":[{"@type":"ReadAction","target":["https:\/\/vieassociative.be\/actualites\/cat-parvient-a-la-cuisson-des-plaques-de-cuisson-et-declenche-le-feu-les-marcheurs-ont-entendu-un-sifflement-fort-la-fuite-de-gaz\/"]}]},{"@type":"ImageObject","inLanguage":"fr-BE","@id":"https:\/\/vieassociative.be\/actualites\/cat-parvient-a-la-cuisson-des-plaques-de-cuisson-et-declenche-le-feu-les-marcheurs-ont-entendu-un-sifflement-fort-la-fuite-de-gaz\/#primaryimage","url":"https:\/\/vieassociative.be\/actualites\/wp-content\/uploads\/2025\/02\/Cat-parvient-a-la-cuisson-des-plaques-de-cuisson-et.jpg","contentUrl":"https:\/\/vieassociative.be\/actualites\/wp-content\/uploads\/2025\/02\/Cat-parvient-a-la-cuisson-des-plaques-de-cuisson-et.jpg","width":1200,"height":800,"caption":"Cat parvient \u00e0 la cuisson des plaques de cuisson et d\u00e9clenche le feu - les marcheurs ont entendu un sifflement fort: la fuite de gaz"},{"@type":"BreadcrumbList","@id":"https:\/\/vieassociative.be\/actualites\/cat-parvient-a-la-cuisson-des-plaques-de-cuisson-et-declenche-le-feu-les-marcheurs-ont-entendu-un-sifflement-fort-la-fuite-de-gaz\/#breadcrumb","itemListElement":[{"@type":"ListItem","position":1,"name":"Accueil","item":"https:\/\/vieassociative.be\/actualites\/"},{"@type":"ListItem","position":2,"name":"Cat parvient \u00e0 la cuisson des plaques de cuisson et d\u00e9clenche le feu &#8211; les marcheurs ont entendu un sifflement fort: la fuite de gaz"}]},{"@type":"WebSite","@id":"https:\/\/vieassociative.be\/actualites\/#website","url":"https:\/\/vieassociative.be\/actualites\/","name":"Vie Associative","description":"","publisher":{"@id":"https:\/\/vieassociative.be\/actualites\/#organization"},"potentialAction":[{"@type":"SearchAction","target":{"@type":"EntryPoint","urlTemplate":"https:\/\/vieassociative.be\/actualites\/?s={search_term_string}"},"query-input":{"@type":"PropertyValueSpecification","valueRequired":true,"valueName":"search_term_string"}}],"inLanguage":"fr-BE"},{"@type":"Organization","@id":"https:\/\/vieassociative.be\/actualites\/#organization","name":"Vie Associative","url":"https:\/\/vieassociative.be\/actualites\/","logo":{"@type":"ImageObject","inLanguage":"fr-BE","@id":"https:\/\/vieassociative.be\/actualites\/#\/schema\/logo\/image\/","url":"https:\/\/vieassociative.be\/actualites\/wp-content\/uploads\/2024\/09\/cropped-vieassociative_favicon.ico.png","contentUrl":"https:\/\/vieassociative.be\/actualites\/wp-content\/uploads\/2024\/09\/cropped-vieassociative_favicon.ico.png","width":512,"height":512,"caption":"Vie Associative"},"image":{"@id":"https:\/\/vieassociative.be\/actualites\/#\/schema\/logo\/image\/"}},{"@type":"Person","@id":"https:\/\/vieassociative.be\/actualites\/#\/schema\/person\/b87ac4f82f9d4e7b7cec7395b679edc4","name":"Julien","image":{"@type":"ImageObject","inLanguage":"fr-BE","@id":"https:\/\/vieassociative.be\/actualites\/#\/schema\/person\/image\/","url":"https:\/\/vieassociative.be\/actualites\/wp-content\/uploads\/2024\/09\/vie-associative-1-150x150.jpg","contentUrl":"https:\/\/vieassociative.be\/actualites\/wp-content\/uploads\/2024\/09\/vie-associative-1-150x150.jpg","caption":"Julien"},"description":"Je suis Julien, r\u00e9dacteur pour Vie Associative. Passionn\u00e9 par le monde associatif depuis plus de 10 ans, j'ai \u00e0 c\u0153ur de partager des histoires inspirantes et de mettre en lumi\u00e8re les initiatives locales. Mon objectif est de sensibiliser et d'encourager l'engagement communautaire \u00e0 travers mes articles.","sameAs":["https:\/\/vieassociative.be\/"]}]}},"_links":{"self":[{"href":"https:\/\/vieassociative.be\/actualites\/wp-json\/wp\/v2\/posts\/4932"}],"collection":[{"href":"https:\/\/vieassociative.be\/actualites\/wp-json\/wp\/v2\/posts"}],"about":[{"href":"https:\/\/vieassociative.be\/actualites\/wp-json\/wp\/v2\/types\/post"}],"author":[{"embeddable":true,"href":"https:\/\/vieassociative.be\/actualites\/wp-json\/wp\/v2\/users\/1"}],"replies":[{"embeddable":true,"href":"https:\/\/vieassociative.be\/actualites\/wp-json\/wp\/v2\/comments?post=4932"}],"version-history":[{"count":0,"href":"https:\/\/vieassociative.be\/actualites\/wp-json\/wp\/v2\/posts\/4932\/revisions"}],"wp:featuredmedia":[{"embeddable":true,"href":"https:\/\/vieassociative.be\/actualites\/wp-json\/wp\/v2\/media\/4933"}],"wp:attachment":[{"href":"https:\/\/vieassociative.be\/actualites\/wp-json\/wp\/v2\/media?parent=4932"}],"wp:term":[{"taxonomy":"category","embeddable":true,"href":"https:\/\/vieassociative.be\/actualites\/wp-json\/wp\/v2\/categories?post=4932"},{"taxonomy":"post_tag","embeddable":true,"href":"https:\/\/vieassociative.be\/actualites\/wp-json\/wp\/v2\/tags?post=4932"}],"curies":[{"name":"wp","href":"https:\/\/api.w.org\/{rel}","templated":true}]}}