{"id":4930,"date":"2025-02-07T20:17:20","date_gmt":"2025-02-07T19:17:20","guid":{"rendered":"https:\/\/vieassociative.be\/actualites\/tout-ce-que-je-suis-en-fevrier\/"},"modified":"2025-02-07T20:17:20","modified_gmt":"2025-02-07T19:17:20","slug":"tout-ce-que-je-suis-en-fevrier","status":"publish","type":"post","link":"https:\/\/vieassociative.be\/actualites\/tout-ce-que-je-suis-en-fevrier\/","title":{"rendered":"Tout ce que je suis en f\u00e9vrier"},"content":{"rendered":"<div class=\"mt-4 leading-6 md:mb-8\">Si vous \u00eates \u00e0 Jonesing pour commencer \u00e0 jardiner, bonne nouvelle &#8211; il est d\u00e9j\u00e0 temps de commencer vos graines.<\/div>\n<p><\/p>\n<p>Bonne nouvelle: le printemps approche \u00e0 grands pas. Au moment o\u00f9 le sol est suffisamment chaud pour recevoir votre fleur, vos l\u00e9gumes et vos herbes, c&rsquo;est une course pour voir la quantit\u00e9 de production que vous pouvez obtenir de ces plantes avant la fin de la saison. Plus la plante avec laquelle vous commencez, mieux c&rsquo;est. C&rsquo;est pourquoi je donne \u00e0 mes plantes une longueur d&rsquo;avance en faisant pousser des semis \u00e0 l&rsquo;int\u00e9rieur. Voici tout ce que je commence \u00e0 l&rsquo;int\u00e9rieur ce mois-ci, et quelques graines, vous pouvez \u00e9galement diriger \u00e0 l&rsquo;ext\u00e9rieur. <\/p>\n<p>(Si vous n&rsquo;avez jamais grandi \u00e0 l&rsquo;int\u00e9rieur des graines auparavant, ne soyez pas intimid\u00e9. C&rsquo;est incroyablement enrichissant, \u00e9conomiser de l&rsquo;argent et vous donnera le jardinage dont vous avez besoin alors que le temps est encore terrible.) <\/p>\n<h2 id=\"start-long-germinating-flowers-today\">Commencez les fleurs longues g\u00e9n\u00e9minantes aujourd&rsquo;hui<\/h2>\n<p>Il peut \u00eatre difficile d&rsquo;imaginer des fleurs d&rsquo;\u00e9t\u00e9 en ce moment, mais certaines prennent une \u00e9ternit\u00e9 \u00e0 germer. Dans ces cas, les d\u00e9marrer \u00e0 l&rsquo;int\u00e9rieur en janvier ou f\u00e9vrier est logique. Des fleurs hautes et h\u00e9riss\u00e9es comme les lupines, les snapdragons, le digital de renard, le hollyhock, le stock et les Delphiniums ont tous besoin du temps suppl\u00e9mentaire \u00e0 l&rsquo;int\u00e9rieur pour \u00eatre pr\u00eat pour la floraison cet \u00e9t\u00e9. Vous pouvez \u00e9galement commencer vos plantes vivaces telles que l&rsquo;\u00e9chinac\u00e9e et le coneflower maintenant, donc ils sont grands et sains au moment o\u00f9 vous les mettez dans le sol \u00e0 la fin du printemps. <\/p>\n<h2 id=\"spring-vegetables-need-to-be-ready-in-four-to-five-weeks\">Les l\u00e9gumes de printemps doivent \u00eatre pr\u00eats dans quatre \u00e0 cinq semaines<\/h2>\n<p>Parfois, les gens oublient qu&rsquo;il y a une saison enti\u00e8re avant que les tomates d&rsquo;\u00e9t\u00e9 et les aubergines entrent. D\u00e9marrez les l\u00e9gumes, y compris le chou-fleur, le brocoli, le chou, la laitue robuste, la carde, le fenouil, le chou fris\u00e9 et le kohlrabi en ce moment. Dans de nombreux endroits, les \u00e9pinards et les l\u00e9gumes de moutarde ne font que bien au printemps et \u00e0 l&rsquo;automne, alors commencez ces semis. Tous les oignons, poireaux et c\u00e9leri devraient \u00eatre lanc\u00e9s \u00e0 l&rsquo;int\u00e9rieur en f\u00e9vrier, d\u00e8s que possible, car ils prennent un certain temps pour \u00eatre pr\u00eats \u00e0 planter. <\/p>\n<p>Alors que la plupart des gens ach\u00e8tent des couronnes d&rsquo;asperges de trois ans et les plantent, vous <em>peut<\/em> cultiver les asperges \u00e0 partir des graines. La croissance de vari\u00e9t\u00e9s fran\u00e7aises d\u00e9licates n&rsquo;est possible que si vous cultivez des graines, mais sachez qu&rsquo;il faudra des ann\u00e9es avant de pouvoir r\u00e9colter le butin. Les artichauts peuvent \u00e9galement \u00eatre cultiv\u00e9s \u00e0 partir de graines, bien que la plupart des gens transplantent simplement un \u00abchiot\u00bb d&rsquo;une plante existante et le d\u00e9veloppent en un d\u00e9but de grande taille. Dans les deux cas, les artichauts et les asperges iront au sol au d\u00e9but du printemps. <\/p>\n<h2 id=\"hardy-herbs-need-a-head-start-too\">Les herbes rustiques ont aussi besoin d&rsquo;une longueur d&rsquo;avance<\/h2>\n<p>Les herbes tendres comme le basilic et la coriandre peuvent attendre, mais les herbes qui ont des tiges ligneuses &#8211; comme la sauge, la lavande, le thym d&rsquo;hiver et le romarin &#8211; ont besoin d&rsquo;\u00eatre lanc\u00e9s maintenant. Ceux-ci sont possibles de pousser \u00e0 partir des graines, ou vous pouvez prendre des boutures et tenter de les \u00e9tablir. Ces semis sortiront \u00e0 l&rsquo;ext\u00e9rieur une fois que le sol sera suffisamment chaud, mais l&rsquo;ann\u00e9e prochaine, ils hiverneront \u00e0 l&rsquo;ext\u00e9rieur.<\/p>\n<h2 id=\"direct-sow-these-seeds-now\">Va directement ces graines maintenant<\/h2>\n<p>Il y a quelques graines que vous pouvez diriger la truie \u00e0 l&rsquo;ext\u00e9rieur maintenant. Les coquelicots ne transplantent traditionnellement pas bien, donc le meilleur plan d&rsquo;action est de simplement lancer des graines \u00e0 l&rsquo;ext\u00e9rieur, et esp\u00e9rer qu&rsquo;un petit pourcentage d&rsquo;entre eux germe. Vous pouvez \u00e9galement planter des pois \u00e0 l&rsquo;ext\u00e9rieur maintenant &#8211; \u00e0 la fois des pois sucr\u00e9s comestibles et non comestibles. Ne les m\u00e9langez pas ensemble &#8211; les petits pois sont tr\u00e8s toxiques (bien que valables pour leur odeur et leur beaut\u00e9). Les pois comestibles devraient avoir leur propre zone et les deux appara\u00eetront au d\u00e9but du printemps. Vous devriez planter des carottes pendant qu&rsquo;il pleut encore, donc ils b\u00e9n\u00e9ficient de l&rsquo;aide, et les betteraves, les radis et les navets peuvent \u00eatre \u00e0 la voie directe d\u00e8s que le sol est r\u00e9alisable. <\/p>\n<p>Gardez \u00e9galement \u00e0 l&rsquo;esprit que les t\u00eates de tomate, le poivre et le semis d&rsquo;\u00e9t\u00e9 commencent le mois prochain. Assurez-vous d&rsquo;avoir les graines dont vous avez besoin maintenant, vous \u00eates donc pr\u00eat. <\/p>\n","protected":false},"excerpt":{"rendered":"<p>Si vous \u00eates \u00e0 Jonesing pour commencer \u00e0 jardiner, bonne nouvelle &#8211; il est d\u00e9j\u00e0 temps de commencer vos graines. Bonne nouvelle: le printemps approche<\/p>\n","protected":false},"author":1,"featured_media":4931,"comment_status":"","ping_status":"","sticky":false,"template":"","format":"standard","meta":{"footnotes":""},"categories":[40],"tags":[2464,2985,236],"class_list":["post-4930","post","type-post","status-publish","format-standard","has-post-thumbnail","hentry","category-maison","tag-fevrier","tag-suis","tag-tout","generate-columns","tablet-grid-50","mobile-grid-100","grid-parent","grid-33"],"yoast_head":"<!-- This site is optimized with the Yoast SEO plugin v24.0 - https:\/\/yoast.com\/wordpress\/plugins\/seo\/ -->\n<title>Tout ce que je suis en f\u00e9vrier | Vie Associative<\/title>\n<meta name=\"robots\" content=\"index, follow, max-snippet:-1, max-image-preview:large, max-video-preview:-1\" \/>\n<link rel=\"canonical\" href=\"https:\/\/vieassociative.be\/actualites\/tout-ce-que-je-suis-en-fevrier\/\" \/>\n<meta property=\"og:locale\" content=\"fr_FR\" \/>\n<meta property=\"og:type\" content=\"article\" \/>\n<meta property=\"og:title\" content=\"Tout ce que je suis en f\u00e9vrier | Vie Associative\" \/>\n<meta property=\"og:description\" content=\"Si vous \u00eates \u00e0 Jonesing pour commencer \u00e0 jardiner, bonne nouvelle &#8211; il est d\u00e9j\u00e0 temps de commencer vos graines. Bonne nouvelle: le printemps approche\" \/>\n<meta property=\"og:url\" content=\"https:\/\/vieassociative.be\/actualites\/tout-ce-que-je-suis-en-fevrier\/\" \/>\n<meta property=\"og:site_name\" content=\"Vie Associative\" \/>\n<meta property=\"article:published_time\" content=\"2025-02-07T19:17:20+00:00\" \/>\n<meta property=\"og:image\" content=\"https:\/\/vieassociative.be\/actualites\/wp-content\/uploads\/2024\/09\/header_backgroundk-01-e1726694325946.png\" \/>\n\t<meta property=\"og:image:width\" content=\"279\" \/>\n\t<meta property=\"og:image:height\" content=\"92\" \/>\n\t<meta property=\"og:image:type\" content=\"image\/png\" \/>\n<meta name=\"author\" content=\"Julien\" \/>\n<meta name=\"twitter:card\" content=\"summary_large_image\" \/>\n<meta name=\"twitter:label1\" content=\"\u00c9crit par\" \/>\n\t<meta name=\"twitter:data1\" content=\"Julien\" \/>\n\t<meta name=\"twitter:label2\" content=\"Dur\u00e9e de lecture est.\" \/>\n\t<meta name=\"twitter:data2\" content=\"4 minutes\" \/>\n<script type=\"application\/ld+json\" class=\"yoast-schema-graph\">{\"@context\":\"https:\/\/schema.org\",\"@graph\":[{\"@type\":\"Article\",\"@id\":\"https:\/\/vieassociative.be\/actualites\/tout-ce-que-je-suis-en-fevrier\/#article\",\"isPartOf\":{\"@id\":\"https:\/\/vieassociative.be\/actualites\/tout-ce-que-je-suis-en-fevrier\/\"},\"author\":{\"name\":\"Julien\",\"@id\":\"https:\/\/vieassociative.be\/actualites\/#\/schema\/person\/b87ac4f82f9d4e7b7cec7395b679edc4\"},\"headline\":\"Tout ce que je suis en f\u00e9vrier\",\"datePublished\":\"2025-02-07T19:17:20+00:00\",\"dateModified\":\"2025-02-07T19:17:20+00:00\",\"mainEntityOfPage\":{\"@id\":\"https:\/\/vieassociative.be\/actualites\/tout-ce-que-je-suis-en-fevrier\/\"},\"wordCount\":803,\"publisher\":{\"@id\":\"https:\/\/vieassociative.be\/actualites\/#organization\"},\"image\":{\"@id\":\"https:\/\/vieassociative.be\/actualites\/tout-ce-que-je-suis-en-fevrier\/#primaryimage\"},\"thumbnailUrl\":\"https:\/\/vieassociative.be\/actualites\/wp-content\/uploads\/2025\/02\/Tout-ce-que-je-suis-en-fevrier.jpg\",\"keywords\":[\"f\u00e9vrier\",\"suis\",\"tout\"],\"articleSection\":[\"Maison\"],\"inLanguage\":\"fr-BE\"},{\"@type\":\"WebPage\",\"@id\":\"https:\/\/vieassociative.be\/actualites\/tout-ce-que-je-suis-en-fevrier\/\",\"url\":\"https:\/\/vieassociative.be\/actualites\/tout-ce-que-je-suis-en-fevrier\/\",\"name\":\"Tout ce que je suis en f\u00e9vrier | Vie Associative\",\"isPartOf\":{\"@id\":\"https:\/\/vieassociative.be\/actualites\/#website\"},\"primaryImageOfPage\":{\"@id\":\"https:\/\/vieassociative.be\/actualites\/tout-ce-que-je-suis-en-fevrier\/#primaryimage\"},\"image\":{\"@id\":\"https:\/\/vieassociative.be\/actualites\/tout-ce-que-je-suis-en-fevrier\/#primaryimage\"},\"thumbnailUrl\":\"https:\/\/vieassociative.be\/actualites\/wp-content\/uploads\/2025\/02\/Tout-ce-que-je-suis-en-fevrier.jpg\",\"datePublished\":\"2025-02-07T19:17:20+00:00\",\"dateModified\":\"2025-02-07T19:17:20+00:00\",\"breadcrumb\":{\"@id\":\"https:\/\/vieassociative.be\/actualites\/tout-ce-que-je-suis-en-fevrier\/#breadcrumb\"},\"inLanguage\":\"fr-BE\",\"potentialAction\":[{\"@type\":\"ReadAction\",\"target\":[\"https:\/\/vieassociative.be\/actualites\/tout-ce-que-je-suis-en-fevrier\/\"]}]},{\"@type\":\"ImageObject\",\"inLanguage\":\"fr-BE\",\"@id\":\"https:\/\/vieassociative.be\/actualites\/tout-ce-que-je-suis-en-fevrier\/#primaryimage\",\"url\":\"https:\/\/vieassociative.be\/actualites\/wp-content\/uploads\/2025\/02\/Tout-ce-que-je-suis-en-fevrier.jpg\",\"contentUrl\":\"https:\/\/vieassociative.be\/actualites\/wp-content\/uploads\/2025\/02\/Tout-ce-que-je-suis-en-fevrier.jpg\",\"width\":1200,\"height\":675,\"caption\":\"Tout ce que je suis en f\u00e9vrier\"},{\"@type\":\"BreadcrumbList\",\"@id\":\"https:\/\/vieassociative.be\/actualites\/tout-ce-que-je-suis-en-fevrier\/#breadcrumb\",\"itemListElement\":[{\"@type\":\"ListItem\",\"position\":1,\"name\":\"Accueil\",\"item\":\"https:\/\/vieassociative.be\/actualites\/\"},{\"@type\":\"ListItem\",\"position\":2,\"name\":\"Tout ce que je suis en f\u00e9vrier\"}]},{\"@type\":\"WebSite\",\"@id\":\"https:\/\/vieassociative.be\/actualites\/#website\",\"url\":\"https:\/\/vieassociative.be\/actualites\/\",\"name\":\"Vie Associative\",\"description\":\"\",\"publisher\":{\"@id\":\"https:\/\/vieassociative.be\/actualites\/#organization\"},\"potentialAction\":[{\"@type\":\"SearchAction\",\"target\":{\"@type\":\"EntryPoint\",\"urlTemplate\":\"https:\/\/vieassociative.be\/actualites\/?s={search_term_string}\"},\"query-input\":{\"@type\":\"PropertyValueSpecification\",\"valueRequired\":true,\"valueName\":\"search_term_string\"}}],\"inLanguage\":\"fr-BE\"},{\"@type\":\"Organization\",\"@id\":\"https:\/\/vieassociative.be\/actualites\/#organization\",\"name\":\"Vie Associative\",\"url\":\"https:\/\/vieassociative.be\/actualites\/\",\"logo\":{\"@type\":\"ImageObject\",\"inLanguage\":\"fr-BE\",\"@id\":\"https:\/\/vieassociative.be\/actualites\/#\/schema\/logo\/image\/\",\"url\":\"https:\/\/vieassociative.be\/actualites\/wp-content\/uploads\/2024\/09\/cropped-vieassociative_favicon.ico.png\",\"contentUrl\":\"https:\/\/vieassociative.be\/actualites\/wp-content\/uploads\/2024\/09\/cropped-vieassociative_favicon.ico.png\",\"width\":512,\"height\":512,\"caption\":\"Vie Associative\"},\"image\":{\"@id\":\"https:\/\/vieassociative.be\/actualites\/#\/schema\/logo\/image\/\"}},{\"@type\":\"Person\",\"@id\":\"https:\/\/vieassociative.be\/actualites\/#\/schema\/person\/b87ac4f82f9d4e7b7cec7395b679edc4\",\"name\":\"Julien\",\"image\":{\"@type\":\"ImageObject\",\"inLanguage\":\"fr-BE\",\"@id\":\"https:\/\/vieassociative.be\/actualites\/#\/schema\/person\/image\/\",\"url\":\"https:\/\/vieassociative.be\/actualites\/wp-content\/uploads\/2024\/09\/vie-associative-1-150x150.jpg\",\"contentUrl\":\"https:\/\/vieassociative.be\/actualites\/wp-content\/uploads\/2024\/09\/vie-associative-1-150x150.jpg\",\"caption\":\"Julien\"},\"description\":\"Je suis Julien, r\u00e9dacteur pour Vie Associative. Passionn\u00e9 par le monde associatif depuis plus de 10 ans, j'ai \u00e0 c\u0153ur de partager des histoires inspirantes et de mettre en lumi\u00e8re les initiatives locales. Mon objectif est de sensibiliser et d'encourager l'engagement communautaire \u00e0 travers mes articles.\",\"sameAs\":[\"https:\/\/vieassociative.be\/\"]}]}<\/script>\n<!-- \/ Yoast SEO plugin. -->","yoast_head_json":{"title":"Tout ce que je suis en f\u00e9vrier | Vie Associative","robots":{"index":"index","follow":"follow","max-snippet":"max-snippet:-1","max-image-preview":"max-image-preview:large","max-video-preview":"max-video-preview:-1"},"canonical":"https:\/\/vieassociative.be\/actualites\/tout-ce-que-je-suis-en-fevrier\/","og_locale":"fr_FR","og_type":"article","og_title":"Tout ce que je suis en f\u00e9vrier | Vie Associative","og_description":"Si vous \u00eates \u00e0 Jonesing pour commencer \u00e0 jardiner, bonne nouvelle &#8211; il est d\u00e9j\u00e0 temps de commencer vos graines. Bonne nouvelle: le printemps approche","og_url":"https:\/\/vieassociative.be\/actualites\/tout-ce-que-je-suis-en-fevrier\/","og_site_name":"Vie Associative","article_published_time":"2025-02-07T19:17:20+00:00","og_image":[{"width":279,"height":92,"url":"https:\/\/vieassociative.be\/actualites\/wp-content\/uploads\/2024\/09\/header_backgroundk-01-e1726694325946.png","type":"image\/png"}],"author":"Julien","twitter_card":"summary_large_image","twitter_misc":{"\u00c9crit par":"Julien","Dur\u00e9e de lecture est.":"4 minutes"},"schema":{"@context":"https:\/\/schema.org","@graph":[{"@type":"Article","@id":"https:\/\/vieassociative.be\/actualites\/tout-ce-que-je-suis-en-fevrier\/#article","isPartOf":{"@id":"https:\/\/vieassociative.be\/actualites\/tout-ce-que-je-suis-en-fevrier\/"},"author":{"name":"Julien","@id":"https:\/\/vieassociative.be\/actualites\/#\/schema\/person\/b87ac4f82f9d4e7b7cec7395b679edc4"},"headline":"Tout ce que je suis en f\u00e9vrier","datePublished":"2025-02-07T19:17:20+00:00","dateModified":"2025-02-07T19:17:20+00:00","mainEntityOfPage":{"@id":"https:\/\/vieassociative.be\/actualites\/tout-ce-que-je-suis-en-fevrier\/"},"wordCount":803,"publisher":{"@id":"https:\/\/vieassociative.be\/actualites\/#organization"},"image":{"@id":"https:\/\/vieassociative.be\/actualites\/tout-ce-que-je-suis-en-fevrier\/#primaryimage"},"thumbnailUrl":"https:\/\/vieassociative.be\/actualites\/wp-content\/uploads\/2025\/02\/Tout-ce-que-je-suis-en-fevrier.jpg","keywords":["f\u00e9vrier","suis","tout"],"articleSection":["Maison"],"inLanguage":"fr-BE"},{"@type":"WebPage","@id":"https:\/\/vieassociative.be\/actualites\/tout-ce-que-je-suis-en-fevrier\/","url":"https:\/\/vieassociative.be\/actualites\/tout-ce-que-je-suis-en-fevrier\/","name":"Tout ce que je suis en f\u00e9vrier | Vie Associative","isPartOf":{"@id":"https:\/\/vieassociative.be\/actualites\/#website"},"primaryImageOfPage":{"@id":"https:\/\/vieassociative.be\/actualites\/tout-ce-que-je-suis-en-fevrier\/#primaryimage"},"image":{"@id":"https:\/\/vieassociative.be\/actualites\/tout-ce-que-je-suis-en-fevrier\/#primaryimage"},"thumbnailUrl":"https:\/\/vieassociative.be\/actualites\/wp-content\/uploads\/2025\/02\/Tout-ce-que-je-suis-en-fevrier.jpg","datePublished":"2025-02-07T19:17:20+00:00","dateModified":"2025-02-07T19:17:20+00:00","breadcrumb":{"@id":"https:\/\/vieassociative.be\/actualites\/tout-ce-que-je-suis-en-fevrier\/#breadcrumb"},"inLanguage":"fr-BE","potentialAction":[{"@type":"ReadAction","target":["https:\/\/vieassociative.be\/actualites\/tout-ce-que-je-suis-en-fevrier\/"]}]},{"@type":"ImageObject","inLanguage":"fr-BE","@id":"https:\/\/vieassociative.be\/actualites\/tout-ce-que-je-suis-en-fevrier\/#primaryimage","url":"https:\/\/vieassociative.be\/actualites\/wp-content\/uploads\/2025\/02\/Tout-ce-que-je-suis-en-fevrier.jpg","contentUrl":"https:\/\/vieassociative.be\/actualites\/wp-content\/uploads\/2025\/02\/Tout-ce-que-je-suis-en-fevrier.jpg","width":1200,"height":675,"caption":"Tout ce que je suis en f\u00e9vrier"},{"@type":"BreadcrumbList","@id":"https:\/\/vieassociative.be\/actualites\/tout-ce-que-je-suis-en-fevrier\/#breadcrumb","itemListElement":[{"@type":"ListItem","position":1,"name":"Accueil","item":"https:\/\/vieassociative.be\/actualites\/"},{"@type":"ListItem","position":2,"name":"Tout ce que je suis en f\u00e9vrier"}]},{"@type":"WebSite","@id":"https:\/\/vieassociative.be\/actualites\/#website","url":"https:\/\/vieassociative.be\/actualites\/","name":"Vie Associative","description":"","publisher":{"@id":"https:\/\/vieassociative.be\/actualites\/#organization"},"potentialAction":[{"@type":"SearchAction","target":{"@type":"EntryPoint","urlTemplate":"https:\/\/vieassociative.be\/actualites\/?s={search_term_string}"},"query-input":{"@type":"PropertyValueSpecification","valueRequired":true,"valueName":"search_term_string"}}],"inLanguage":"fr-BE"},{"@type":"Organization","@id":"https:\/\/vieassociative.be\/actualites\/#organization","name":"Vie Associative","url":"https:\/\/vieassociative.be\/actualites\/","logo":{"@type":"ImageObject","inLanguage":"fr-BE","@id":"https:\/\/vieassociative.be\/actualites\/#\/schema\/logo\/image\/","url":"https:\/\/vieassociative.be\/actualites\/wp-content\/uploads\/2024\/09\/cropped-vieassociative_favicon.ico.png","contentUrl":"https:\/\/vieassociative.be\/actualites\/wp-content\/uploads\/2024\/09\/cropped-vieassociative_favicon.ico.png","width":512,"height":512,"caption":"Vie Associative"},"image":{"@id":"https:\/\/vieassociative.be\/actualites\/#\/schema\/logo\/image\/"}},{"@type":"Person","@id":"https:\/\/vieassociative.be\/actualites\/#\/schema\/person\/b87ac4f82f9d4e7b7cec7395b679edc4","name":"Julien","image":{"@type":"ImageObject","inLanguage":"fr-BE","@id":"https:\/\/vieassociative.be\/actualites\/#\/schema\/person\/image\/","url":"https:\/\/vieassociative.be\/actualites\/wp-content\/uploads\/2024\/09\/vie-associative-1-150x150.jpg","contentUrl":"https:\/\/vieassociative.be\/actualites\/wp-content\/uploads\/2024\/09\/vie-associative-1-150x150.jpg","caption":"Julien"},"description":"Je suis Julien, r\u00e9dacteur pour Vie Associative. Passionn\u00e9 par le monde associatif depuis plus de 10 ans, j'ai \u00e0 c\u0153ur de partager des histoires inspirantes et de mettre en lumi\u00e8re les initiatives locales. Mon objectif est de sensibiliser et d'encourager l'engagement communautaire \u00e0 travers mes articles.","sameAs":["https:\/\/vieassociative.be\/"]}]}},"_links":{"self":[{"href":"https:\/\/vieassociative.be\/actualites\/wp-json\/wp\/v2\/posts\/4930"}],"collection":[{"href":"https:\/\/vieassociative.be\/actualites\/wp-json\/wp\/v2\/posts"}],"about":[{"href":"https:\/\/vieassociative.be\/actualites\/wp-json\/wp\/v2\/types\/post"}],"author":[{"embeddable":true,"href":"https:\/\/vieassociative.be\/actualites\/wp-json\/wp\/v2\/users\/1"}],"replies":[{"embeddable":true,"href":"https:\/\/vieassociative.be\/actualites\/wp-json\/wp\/v2\/comments?post=4930"}],"version-history":[{"count":0,"href":"https:\/\/vieassociative.be\/actualites\/wp-json\/wp\/v2\/posts\/4930\/revisions"}],"wp:featuredmedia":[{"embeddable":true,"href":"https:\/\/vieassociative.be\/actualites\/wp-json\/wp\/v2\/media\/4931"}],"wp:attachment":[{"href":"https:\/\/vieassociative.be\/actualites\/wp-json\/wp\/v2\/media?parent=4930"}],"wp:term":[{"taxonomy":"category","embeddable":true,"href":"https:\/\/vieassociative.be\/actualites\/wp-json\/wp\/v2\/categories?post=4930"},{"taxonomy":"post_tag","embeddable":true,"href":"https:\/\/vieassociative.be\/actualites\/wp-json\/wp\/v2\/tags?post=4930"}],"curies":[{"name":"wp","href":"https:\/\/api.w.org\/{rel}","templated":true}]}}