{"id":4918,"date":"2025-02-07T08:21:02","date_gmt":"2025-02-07T07:21:02","guid":{"rendered":"https:\/\/vieassociative.be\/actualites\/cinq-de-mes-solutions-de-stockage-bon-marche-preferees\/"},"modified":"2025-02-07T08:21:02","modified_gmt":"2025-02-07T07:21:02","slug":"cinq-de-mes-solutions-de-stockage-bon-marche-preferees","status":"publish","type":"post","link":"https:\/\/vieassociative.be\/actualites\/cinq-de-mes-solutions-de-stockage-bon-marche-preferees\/","title":{"rendered":"Cinq de mes solutions de stockage bon march\u00e9 pr\u00e9f\u00e9r\u00e9es"},"content":{"rendered":"<div class=\"mt-4 leading-6 md:mb-8\">Je vis dans un tr\u00e8s petit appartement &#8211; ces conteneurs de stockage et les \u00e9tag\u00e8res y rendent la vie.<\/div>\n<p><\/p>\n<p>Je recommande de nombreux outils organisationnels ici, des \u00e9tag\u00e8res de haute qualit\u00e9 aux options adapt\u00e9es aux locataires. Bien que le fait d&rsquo;avoir un tas d&rsquo;espace de stockage d\u00e9sign\u00e9 soit crucial pour maintenir les principes de d\u00e9sencombrement et d&rsquo;organisation qui gardent une maison en ordre, certains des produits du march\u00e9 sont un peu d\u00e9pens\u00e9s. Parfois, bien s\u00fbr, vous devez abandonner de l&rsquo;argent important sur quelque chose qui vous aidera vraiment \u00e0 fouetter un espace en forme, mais la plupart du temps, il existe des options peu co\u00fbteuses qui font tout aussi bien le travail. Voici quelques-unes de mes agrafes d&rsquo;organisation pr\u00e9f\u00e9r\u00e9es, ce qui m&rsquo;a co\u00fbt\u00e9 moins ou environ 25 $. <\/p>\n<h2 id=\"storage-carts-save-money-and-space\">Les chariots de stockage \u00e9conomisent de l&rsquo;argent et de l&rsquo;espace<\/h2>\n<p>Tout d&rsquo;abord, j&rsquo;ai obtenu un nouveau panier de stockage cette semaine. Vous ne pensez peut-\u00eatre pas que quelque chose de si petit &#8211; il n&rsquo;a que 15 pouces de profondeur et moins de cinq pouces de large &#8211; serait utile, mais c&rsquo;est absolument le cas. Quelques notes: c&rsquo;\u00e9tait scandaleusement facile \u00e0 construire. Les pi\u00e8ces \u00e9taient simples, ils se sont tous mis en place de mani\u00e8re logique, et je n&rsquo;avais m\u00eame pas besoin d&rsquo;outils. Il m&rsquo;a fallu environ deux minutes et demie pour le faire. Il est venu avec six crochets diff\u00e9rents, ce qui \u00e9largit vraiment le potentiel qu&rsquo;il a pour le stockage au-del\u00e0 de ses \u00e9tag\u00e8res \u00e0 trois niveaux. Surtout, il est \u00e9galement venu avec des roues, mais contrairement \u00e0 ceux que j&rsquo;ai vus sur de nombreux meubles de construction, ceux-ci en fait <em>travail<\/em>. Les petits coulisses ne sont pas emm\u00eal\u00e9s ou g\u00e2ch\u00e9s. Ils ne sont pas collants. Ils sont juste &#8230; roulez. Le meilleur de tous? Je l&rsquo;ai obtenu pour 16,71 $ apr\u00e8s avoir regard\u00e9 son prix fluctuer entre 17 $ et 21 $ alors qu&rsquo;il \u00e9tait assis dans mon chariot Amazon. <\/p>\n<div class=\"eloquent-imagery-image\">\n<div class=\"flex justify-center\">\n                    <img decoding=\"async\" class=\"border border-gray-100\" src=\"https:\/\/vieassociative.be\/actualites\/wp-content\/uploads\/2025\/02\/Cinq-de-mes-solutions-de-stockage-bon-marche-preferees.png\" alt=\"Chariot de rangement rose\" width=\"565\" height=\"750\" loading=\"lazy\"  >\n            <\/div>\n<\/p><\/div>\n<p>Comme je l&rsquo;ai admir\u00e9 ces derni\u00e8res heures, j&rsquo;ai \u00e9t\u00e9 coinc\u00e9 sur ce que je veux <em>faire <\/em>avec \u00e7a. Il peut \u00eatre petit, mais il a beaucoup de potentiel. Je suis tent\u00e9 de faire un nouveau chariot de nettoyage, ce qui n\u00e9cessite un engin roulant comme celui-ci, mais je suis \u00e9galement tent\u00e9 de le glisser \u00e0 c\u00f4t\u00e9 de mes toilettes pour un rangement de salle de bain suppl\u00e9mentaire. L\u00e0 encore, cela pourrait \u00e9galement s&rsquo;int\u00e9grer facilement dans mon placard, o\u00f9 cela pourrait m&rsquo;aider avec tous les accessoires pour l&rsquo;organisation avec laquelle je lutte &#8211; les shoes et les sacs pourraient aller sur les \u00e9tag\u00e8res tandis que les foulards, les colliers et les ceintures drap\u00e9s des crochets. \u00c0 ce prix et sachant \u00e0 quel point il est polyvalent et simple, je pense que je devrais en acheter trois autres en ce moment et tout faire. <\/p>\n<h2 id=\"under-cabinet-storage-is-key-and-cheap\">Le stockage sous le cabinet est cl\u00e9 (et bon march\u00e9)<\/h2>\n<p>\u00c0 ce moment-l\u00e0, je ne cr\u00e9erai probablement pas de chariot de nettoyage \u00e0 partir de mon merveilleux organisateur \u00e0 plusieurs niveaux, mais uniquement parce que j&rsquo;ai finalement organis\u00e9 mes produits de nettoyage comme je les aime (et pour moins de 25 $, encore). J&rsquo;ai une unit\u00e9 de stockage sous le capuchon similaire \u00e0 celle-ci, mais ce produit est en fait meilleur parce que vous obtenez <em>deux <\/em>pour 21,99 $. <\/p>\n<div class=\"pogoClear mb-12 mt-10 rounded-md border-2 border-gray-100 py-7 shadow-xl md:py-6\">\n<div class=\"flex flex-wrap justify-between px-7 text-black no-underline md:flex-nowrap md:px-8\">\n<div class=\"order-1 mx-auto flex flex-col justify-center md:order-2 md:ml-4 md:w-full md:grow\">\n<div class=\"block cursor-pointer text-center font-akshar text-2xl font-medium leading-7 text-brand-green duration-200 ease-in-out hover:text-brand-green-700 md:text-left md:text-xl md:leading-6\">2 organisateurs de stockage de retrait de pack\n                <\/div>\n<div class=\"mt-4 hidden md:flex md:justify-between\">\n<div class=\"self-end\">\n<div class=\"mb-0 h-11 md:flex md:flex-col md:justify-center\">\n<div class=\" font-sans leading-4 text-black\">\n<div class=\"flex flex-wrap items-center justify-center gap-x-1 md:justify-start\">\n        <span class=\"font-bold\"><\/p>\n<p>            21,99 $<br \/>\n                            <span class=\"font-medium\">\u00e0 Amazon<\/span><br \/>\n                    <\/span><br \/>\n                    <img decoding=\"async\" class=\"mt-0 h-(15px)\" src=\"https:\/\/vieassociative.be\/actualites\/wp-content\/uploads\/2025\/02\/Cinq-de-mes-solutions-de-stockage-bon-marche-preferees.svg.svg+xml\" title=\"Amazon Prime\" alt=\"Amazon Prime\">\n            <\/div>\n<\/p><\/div>\n<\/p><\/div>\n<\/p><\/div>\n<div class=\"w-44 self-end\">\n                            <button class=\"flex justify-center items-center w-full bg-brand-green text-white text-base font-sans font-medium rounded-md hover:bg-brand-green-700 hover:cursor-pointer md:text-sm h-11\"><\/p>\n<p>    Faire un magasin maintenant<br \/>\n<\/button>\n                        <\/div>\n<\/p><\/div>\n<\/p><\/div>\n<div class=\"order-2 mt-5 h-auto w-full md:order-1 md:mt-0 md:hidden\">\n<div class=\"flex aspect-video items-center justify-center\">\n                                            <img decoding=\"async\" class=\"m-0 max-h-full max-w-full rounded-md\" src=\"https:\/\/vieassociative.be\/actualites\/wp-content\/uploads\/2025\/02\/Cinq-de-mes-solutions-de-stockage-bon-marche-preferees.jpg\" alt=\"Ukeetap 2 Pack Organisateurs de stockage \u00e0 traction polyvalente, sous les organisateurs de l'\u00e9vier et stockage pour les salles de bain et la cuisine, sous les organisateurs de l'armoire et le stockage, 12,8 pouces, rose\" width=\"auto\" height=\"auto\" loading=\"lazy\">\n                                    <\/div>\n<\/p><\/div>\n<div class=\"order-2 ml-2 hidden w-32 shrink-0 items-center md:order-1 md:ml-0 md:flex\">\n<div class=\"flex aspect-video items-center justify-center\">\n                                            <img decoding=\"async\" class=\"m-0 max-h-full max-w-full rounded-md\" src=\"https:\/\/vieassociative.be\/actualites\/wp-content\/uploads\/2025\/02\/Cinq-de-mes-solutions-de-stockage-bon-marche-preferees.jpg\" alt=\"Ukeetap 2 Pack Organisateurs de stockage \u00e0 traction polyvalente, sous les organisateurs de l'\u00e9vier et stockage pour les salles de bain et la cuisine, sous les organisateurs de l'armoire et le stockage, 12,8 pouces, rose\" width=\"auto\" height=\"auto\" loading=\"lazy\">\n                                    <\/div>\n<\/p><\/div>\n<div class=\"order-3 flex grow flex-wrap md:hidden md:grow-0\">\n<div class=\"mt-4 w-full\">\n                        <button class=\"flex justify-center items-center w-full bg-brand-green text-white text-base font-sans font-medium rounded-md hover:bg-brand-green-700 hover:cursor-pointer md:text-sm h-11\"><\/p>\n<p>    Faire un magasin maintenant<br \/>\n<\/button>\n                    <\/div>\n<div class=\"mx-2 mt-4 w-full\">\n<div class=\" font-sans leading-4 text-black\">\n<div class=\"flex flex-wrap items-center justify-center gap-x-1 md:justify-start\">\n        <span class=\"font-bold\"><\/p>\n<p>            21,99 $<br \/>\n                            <span class=\"font-medium\">\u00e0 Amazon<\/span><br \/>\n                    <\/span><br \/>\n                    <img decoding=\"async\" class=\"mt-0 h-(15px)\" src=\"https:\/\/vieassociative.be\/actualites\/wp-content\/uploads\/2025\/02\/Cinq-de-mes-solutions-de-stockage-bon-marche-preferees.svg.svg+xml\" title=\"Amazon Prime\" alt=\"Amazon Prime\">\n            <\/div>\n<\/p><\/div>\n<\/p><\/div>\n<\/p><\/div>\n<\/p><\/div>\n<\/div>\n<p>Je n&rsquo;en ai pas eu un avant, mais c&rsquo;\u00e9tait environ 17 $. M\u00eame si j&rsquo;ai juste celui-l\u00e0, cela a fait une diff\u00e9rence dans le monde de garder mes fournitures de nettoyage organis\u00e9es, principalement en raison de la capacit\u00e9 de l&rsquo;\u00e9tag\u00e8re inf\u00e9rieure \u00e0 glisser, ce qui signifie que je n&rsquo;ai pas \u00e0 fouiller un tas d&rsquo;objets soigneusement empil\u00e9s pour atteindre ce dont j&rsquo;ai besoin. Encore une fois, il y a des crochets sur le c\u00f4t\u00e9, qui sont parfaits pour les chiffons, donc tout reste ensemble. <\/p>\n<h2 id=\"acrylic-organizers-for-existing-shelves\">Organisateurs acryliques pour les \u00e9tag\u00e8res existantes<\/h2>\n<p>J&rsquo;ai d\u00e9j\u00e0 mentionn\u00e9 cela, mais les organisateurs en acrylique ont fait des merveilles pour avoir organis\u00e9 mes \u00e9tag\u00e8res. Vous pouvez aussi obtenir des bois, mais l&rsquo;acrylique a tendance \u00e0 \u00eatre moins cher. Recherchez tout avec de minuscules \u00e9tapes \u00e0 plusieurs niveaux int\u00e9gr\u00e9es, comme ceci:<\/p>\n<div class=\"pogoClear mb-12 mt-10 rounded-md border-2 border-gray-100 py-7 shadow-xl md:py-6\">\n<div class=\"flex flex-wrap justify-between px-7 text-black no-underline md:flex-nowrap md:px-8\">\n<div class=\"order-1 mx-auto flex flex-col justify-center md:order-2 md:ml-4 md:w-full md:grow\">\n<div class=\"block cursor-pointer text-center font-akshar text-2xl font-medium leading-7 text-brand-green duration-200 ease-in-out hover:text-brand-green-700 md:text-left md:text-xl md:leading-6\">Grands contrebandiers en acrylique\n                <\/div>\n<div class=\"mt-4 hidden md:flex md:justify-between\">\n<div class=\"self-end\">\n<div class=\"mb-0 h-11 md:flex md:flex-col md:justify-center\">\n<div class=\" font-sans leading-4 text-black\">\n<div class=\"flex flex-wrap items-center justify-center gap-x-1 md:justify-start\">\n        <span class=\"font-bold\"><\/p>\n<p>            6,49 $<br \/>\n                            <span class=\"font-medium\">\u00e0 Amazon<\/span><br \/>\n                    <\/span><br \/>\n                    <img decoding=\"async\" class=\"mt-0 h-(15px)\" src=\"https:\/\/vieassociative.be\/actualites\/wp-content\/uploads\/2025\/02\/Cinq-de-mes-solutions-de-stockage-bon-marche-preferees.svg.svg+xml\" title=\"Amazon Prime\" alt=\"Amazon Prime\">\n            <\/div>\n<div class=\"flex items-center justify-center gap-x-1 font-bold md:justify-start\">\n            <span class=\"text-sm line-through\">8,73 $<\/span><br \/>\n            <span class=\"text-sm text-brand-green\">\u00c9conomisez 2,24 $<\/span>\n        <\/div>\n<\/p><\/div>\n<\/p><\/div>\n<\/p><\/div>\n<div class=\"w-44 self-end\">\n                            <button class=\"flex justify-center items-center w-full bg-brand-green text-white text-base font-sans font-medium rounded-md hover:bg-brand-green-700 hover:cursor-pointer md:text-sm h-11\"><\/p>\n<p>    Faire un magasin maintenant<br \/>\n<\/button>\n                        <\/div>\n<\/p><\/div>\n<\/p><\/div>\n<div class=\"order-2 mt-5 h-auto w-full md:order-1 md:mt-0 md:hidden\">\n<div class=\"flex aspect-video items-center justify-center\">\n                                            <img decoding=\"async\" class=\"m-0 max-h-full max-w-full rounded-md\" src=\"https:\/\/vieassociative.be\/actualites\/wp-content\/uploads\/2025\/02\/1738912862_941_Cinq-de-mes-solutions-de-stockage-bon-marche-preferees.jpg\" alt=\"Henable Large Acrylic Display Risers, Organisateur du stand de parfum, Clear Acrylique Shelf Risers for Display Stands for Food, Tabletop Use, Amiibo Funko Pop Figure, 3 Tier Clear Cupcake Stand Risers\" width=\"auto\" height=\"auto\" loading=\"lazy\">\n                                    <\/div>\n<\/p><\/div>\n<div class=\"order-2 ml-2 hidden w-32 shrink-0 items-center md:order-1 md:ml-0 md:flex\">\n<div class=\"flex aspect-video items-center justify-center\">\n                                            <img decoding=\"async\" class=\"m-0 max-h-full max-w-full rounded-md\" src=\"https:\/\/vieassociative.be\/actualites\/wp-content\/uploads\/2025\/02\/1738912862_941_Cinq-de-mes-solutions-de-stockage-bon-marche-preferees.jpg\" alt=\"Henable Large Acrylic Display Risers, Organisateur du stand de parfum, Clear Acrylique Shelf Risers for Display Stands for Food, Tabletop Use, Amiibo Funko Pop Figure, 3 Tier Clear Cupcake Stand Risers\" width=\"auto\" height=\"auto\" loading=\"lazy\">\n                                    <\/div>\n<\/p><\/div>\n<div class=\"order-3 flex grow flex-wrap md:hidden md:grow-0\">\n<div class=\"mt-4 w-full\">\n                        <button class=\"flex justify-center items-center w-full bg-brand-green text-white text-base font-sans font-medium rounded-md hover:bg-brand-green-700 hover:cursor-pointer md:text-sm h-11\"><\/p>\n<p>    Faire un magasin maintenant<br \/>\n<\/button>\n                    <\/div>\n<div class=\"mx-2 mt-4 w-full\">\n<div class=\" font-sans leading-4 text-black\">\n<div class=\"flex flex-wrap items-center justify-center gap-x-1 md:justify-start\">\n        <span class=\"font-bold\"><\/p>\n<p>            6,49 $<br \/>\n                            <span class=\"font-medium\">\u00e0 Amazon<\/span><br \/>\n                    <\/span><br \/>\n                    <img decoding=\"async\" class=\"mt-0 h-(15px)\" src=\"https:\/\/vieassociative.be\/actualites\/wp-content\/uploads\/2025\/02\/Cinq-de-mes-solutions-de-stockage-bon-marche-preferees.svg.svg+xml\" title=\"Amazon Prime\" alt=\"Amazon Prime\">\n            <\/div>\n<div class=\"flex items-center justify-center gap-x-1 font-bold md:justify-start\">\n            <span class=\"text-sm line-through\">8,73 $<\/span><br \/>\n            <span class=\"text-sm text-brand-green\">\u00c9conomisez 2,24 $<\/span>\n        <\/div>\n<\/p><\/div>\n<\/p><\/div>\n<\/p><\/div>\n<\/p><\/div>\n<\/div>\n<p>J&rsquo;utilise de petits \u00e9l\u00e9vateurs comme celui-ci partout dans mon appartement: ils stockent mon maquillage, mon parfum et, dans certains cas, des bibelots plus petits comme des bougies et de petites d\u00e9corations. Au-del\u00e0 du fait qu&rsquo;ils sont tout simplement ridiculement bon march\u00e9, les niveaux les rendent parfaits pour tenir des objets d\u00e9licats, car je n&rsquo;ai pas \u00e0 perturber aucun des articles devant les uns sur les autres. Je peux voir et atteindre ce que j&rsquo;ai et tout reste en s\u00e9curit\u00e9. (Si vous craignez de renvoyer les choses sur ces petites unit\u00e9s d\u00e9licates, cependant, prenez un gel de mus\u00e9e, qui est une substance collante que vous pouvez placer sous des articles sur des surfaces plates pour les maintenir en place.)<\/p>\n<h2 id=\"cube-shelving-for-creating-subdivisions\">\u00c9tag\u00e8res cubes pour cr\u00e9er des subdivisions<\/h2>\n<p>Je suis, je crois, dans ma 12e ann\u00e9e en tant que passionn\u00e9 de cube. J&rsquo;ai d\u00e9j\u00e0 \u00e9vang\u00e9lis\u00e9 \u00e0 ce sujet, mais je me tiens vraiment \u00e0 c\u00f4t\u00e9 pour plusieurs raisons. Tout d&rsquo;abord, les \u00e9tag\u00e8res divis\u00e9es en compartiments carr\u00e9s facilitent l&rsquo;organisation de vos biens par les cat\u00e9gories de niche. Avec des \u00e9tag\u00e8res ou des tiroirs plus longs, vous ne pouvez en avoir un \u00e0 consacrer qu&rsquo;aux \u00abchemises\u00bb, mais les chemises peuvent faire r\u00e9f\u00e9rence \u00e0 des hauts \u00e0 manches longues, des t-shirts, des hauts de sortie, des camis, des boutonni\u00e8res, des pulls et toute une s\u00e9rie de compas autres types. Avec le stockage du cube, vous pouvez explorer des cat\u00e9gories plus raffin\u00e9es, en gardant tout en meilleur ordre et en facilitant la recherche de ce dont vous avez besoin lorsque vous en avez besoin. <\/p>\n<div class=\"pogoClear mb-12 mt-10 rounded-md border-2 border-gray-100 py-7 shadow-xl md:py-6\">\n<div class=\"flex flex-wrap justify-between px-7 text-black no-underline md:flex-nowrap md:px-8\">\n<div class=\"order-1 mx-auto flex flex-col justify-center md:order-2 md:ml-4 md:w-full md:grow\">\n<div class=\"block cursor-pointer text-center font-akshar text-2xl font-medium leading-7 text-brand-green duration-200 ease-in-out hover:text-brand-green-700 md:text-left md:text-xl md:leading-6\">FURINNO PASIR 3-TIER NO TOTLER ASSELLAGE OUVERT BIBOTHERS, BLANC\n                <\/div>\n<div class=\"mt-4 hidden md:flex md:justify-between\">\n<div class=\"self-end\">\n<div class=\"mb-0 h-11 md:flex md:flex-col md:justify-center\">\n<div class=\" font-sans leading-4 text-black\">\n<div class=\"flex flex-wrap items-center justify-center gap-x-1 md:justify-start\">\n        <span class=\"font-bold\"><\/p>\n<p>            25,92 $<br \/>\n                            <span class=\"font-medium\">\u00e0 Amazon<\/span><br \/>\n                    <\/span><br \/>\n                    <img decoding=\"async\" class=\"mt-0 h-(15px)\" src=\"https:\/\/vieassociative.be\/actualites\/wp-content\/uploads\/2025\/02\/Cinq-de-mes-solutions-de-stockage-bon-marche-preferees.svg.svg+xml\" title=\"Amazon Prime\" alt=\"Amazon Prime\">\n            <\/div>\n<div class=\"flex items-center justify-center gap-x-1 font-bold md:justify-start\">\n            <span class=\"text-sm line-through\">29,99 $<\/span><br \/>\n            <span class=\"text-sm text-brand-green\">\u00c9conomisez 4,07 $<\/span>\n        <\/div>\n<\/p><\/div>\n<\/p><\/div>\n<\/p><\/div>\n<div class=\"w-44 self-end\">\n                            <button class=\"flex justify-center items-center w-full bg-brand-green text-white text-base font-sans font-medium rounded-md hover:bg-brand-green-700 hover:cursor-pointer md:text-sm h-11\"><\/p>\n<p>    Faire un magasin maintenant<br \/>\n<\/button>\n                        <\/div>\n<\/p><\/div>\n<\/p><\/div>\n<div class=\"order-2 mt-5 h-auto w-full md:order-1 md:mt-0 md:hidden\">\n<div class=\"flex aspect-video items-center justify-center\">\n                                            <img decoding=\"async\" class=\"m-0 max-h-full max-w-full rounded-md\" src=\"https:\/\/vieassociative.be\/actualites\/wp-content\/uploads\/2025\/02\/1738912862_678_Cinq-de-mes-solutions-de-stockage-bon-marche-preferees.jpg\" alt=\"FURINNO PASIR 3-TIER NO TOTLER ASSELLAGE OUVERT BIBOTHERS, BLANC\" width=\"auto\" height=\"auto\" loading=\"lazy\">\n                                    <\/div>\n<\/p><\/div>\n<div class=\"order-2 ml-2 hidden w-32 shrink-0 items-center md:order-1 md:ml-0 md:flex\">\n<div class=\"flex aspect-video items-center justify-center\">\n                                            <img decoding=\"async\" class=\"m-0 max-h-full max-w-full rounded-md\" src=\"https:\/\/vieassociative.be\/actualites\/wp-content\/uploads\/2025\/02\/1738912862_678_Cinq-de-mes-solutions-de-stockage-bon-marche-preferees.jpg\" alt=\"FURINNO PASIR 3-TIER NO TOTLER ASSELLAGE OUVERT BIBOTHERS, BLANC\" width=\"auto\" height=\"auto\" loading=\"lazy\">\n                                    <\/div>\n<\/p><\/div>\n<div class=\"order-3 flex grow flex-wrap md:hidden md:grow-0\">\n<div class=\"mt-4 w-full\">\n                        <button class=\"flex justify-center items-center w-full bg-brand-green text-white text-base font-sans font-medium rounded-md hover:bg-brand-green-700 hover:cursor-pointer md:text-sm h-11\"><\/p>\n<p>    Faire un magasin maintenant<br \/>\n<\/button>\n                    <\/div>\n<div class=\"mx-2 mt-4 w-full\">\n<div class=\" font-sans leading-4 text-black\">\n<div class=\"flex flex-wrap items-center justify-center gap-x-1 md:justify-start\">\n        <span class=\"font-bold\"><\/p>\n<p>            25,92 $<br \/>\n                            <span class=\"font-medium\">\u00e0 Amazon<\/span><br \/>\n                    <\/span><br \/>\n                    <img decoding=\"async\" class=\"mt-0 h-(15px)\" src=\"https:\/\/vieassociative.be\/actualites\/wp-content\/uploads\/2025\/02\/Cinq-de-mes-solutions-de-stockage-bon-marche-preferees.svg.svg+xml\" title=\"Amazon Prime\" alt=\"Amazon Prime\">\n            <\/div>\n<div class=\"flex items-center justify-center gap-x-1 font-bold md:justify-start\">\n            <span class=\"text-sm line-through\">29,99 $<\/span><br \/>\n            <span class=\"text-sm text-brand-green\">\u00c9conomisez 4,07 $<\/span>\n        <\/div>\n<\/p><\/div>\n<\/p><\/div>\n<\/p><\/div>\n<\/p><\/div>\n<\/div>\n<p>La deuxi\u00e8me raison est qu&rsquo;ils sont bon march\u00e9 &#8211; la plupart du temps. Oui, vous pouvez trouver des versions plus grandes qui se vendent dans la fourchette de 80 $ ou 90 $, mais mon appartement est stock\u00e9 avec ces types de trois cubes, qui sont g\u00e9n\u00e9ralement environ 25 $. (Je sais que celui li\u00e9 ci-dessus est de 25,92 $, donc pas <em>sous <\/em>25 $, mais selon l&rsquo;outil de suivi des prix CamelCamelCamel, il a \u00e9t\u00e9 en baisse \u00e0 17,99 $ auparavant et c&rsquo;est proche du prix dont je me souviens avoir achet\u00e9 le plus souvent. C&rsquo;est un jeu d&rsquo;attente, c&rsquo;est tout.) Je les ai dans mon placard derri\u00e8re mes v\u00eatements suspendus, dans ma cuisine (doubler en tant qu&rsquo;espace de travail suppl\u00e9mentaire, avec leurs hauts plats), dans ma salle de bain et dans mon salon. Ils sont compacts et les acheter dans des configurations plus petites les rend plus polyvalents et adaptables, surtout lorsque vous vivez dans un espace plus petit. Les \u00e9tag\u00e8res du cube pour toujours! <\/p>\n<h2 id=\"i-remain-obsessed-with-my-storage-lamp-though-its-price-fluctuates\">Je reste obs\u00e9d\u00e9 par ma lampe de stockage (bien que son prix fluctue)<\/h2>\n<p>Enfin, depuis l&rsquo;achat d&rsquo;une lampe de stockage pendant le premier jour d&rsquo;octobre, j&rsquo;ai \u00e9t\u00e9 toujours impressionn\u00e9 par son utile &#8211; mais le prix a augment\u00e9 r\u00e9cemment. Je ne peux pas vous dire que c&rsquo;est quelque chose que vous pouvez obtenir pour ci-dessous ou environ 25 $, bien que cela me doute de l&rsquo;admettre. Celui que j&rsquo;ai \u00e9tait dans la fourchette de 33 $ \u00e0 l&rsquo;automne, mais est maintenant de 51,09 $. Un peu m\u00e9prisable, si vous me demandez, mais j&rsquo;ai de la chance de l&rsquo;avoir eu quand je l&rsquo;ai fait parce que j&rsquo;utilise un niveau pour contenir des lotions et des articles confortables, un autre pour mes trucs de jeu, et le haut de la zone d&rsquo;affichage pour prendre des photos de Les choses que je veux vendre en ligne, car l&rsquo;\u00e9clairage de haut en haut illumine mes marchandises juste. De plus, c&rsquo;est juste une putain de lampe utile \u00e0 part enti\u00e8re, avec ou sans les \u00e9tag\u00e8res de stockage en dessous.<\/p>\n<p>La bonne nouvelle est que les marques et produits concurrents <em>sont<\/em> Disponible dans la gamme inf\u00e9rieure, pour environ 29 $. Encore une fois, ce n&rsquo;est pas 25 $, mais c&rsquo;est toujours proche et si vous recherchez un stockage chic qui sert de d\u00e9coration fonctionnelle, c&rsquo;est ce que je recommande. <\/p>\n","protected":false},"excerpt":{"rendered":"<p>Je vis dans un tr\u00e8s petit appartement &#8211; ces conteneurs de stockage et les \u00e9tag\u00e8res y rendent la vie. Je recommande de nombreux outils organisationnels<\/p>\n","protected":false},"author":1,"featured_media":4919,"comment_status":"","ping_status":"","sticky":false,"template":"","format":"standard","meta":{"footnotes":""},"categories":[40],"tags":[1036,317,1523,87,116,1436,3486],"class_list":["post-4918","post","type-post","status-publish","format-standard","has-post-thumbnail","hentry","category-maison","tag-bon","tag-cinq","tag-marche","tag-mes","tag-preferees","tag-solutions","tag-stockage","generate-columns","tablet-grid-50","mobile-grid-100","grid-parent","grid-33"],"yoast_head":"<!-- This site is optimized with the Yoast SEO plugin v24.0 - https:\/\/yoast.com\/wordpress\/plugins\/seo\/ -->\n<title>Cinq de mes solutions de stockage bon march\u00e9 pr\u00e9f\u00e9r\u00e9es | Vie Associative<\/title>\n<meta name=\"robots\" content=\"index, follow, max-snippet:-1, max-image-preview:large, max-video-preview:-1\" \/>\n<link rel=\"canonical\" href=\"https:\/\/vieassociative.be\/actualites\/cinq-de-mes-solutions-de-stockage-bon-marche-preferees\/\" \/>\n<meta property=\"og:locale\" content=\"fr_FR\" \/>\n<meta property=\"og:type\" content=\"article\" \/>\n<meta property=\"og:title\" content=\"Cinq de mes solutions de stockage bon march\u00e9 pr\u00e9f\u00e9r\u00e9es | Vie Associative\" \/>\n<meta property=\"og:description\" content=\"Je vis dans un tr\u00e8s petit appartement &#8211; ces conteneurs de stockage et les \u00e9tag\u00e8res y rendent la vie. Je recommande de nombreux outils organisationnels\" \/>\n<meta property=\"og:url\" content=\"https:\/\/vieassociative.be\/actualites\/cinq-de-mes-solutions-de-stockage-bon-marche-preferees\/\" \/>\n<meta property=\"og:site_name\" content=\"Vie Associative\" \/>\n<meta property=\"article:published_time\" content=\"2025-02-07T07:21:02+00:00\" \/>\n<meta property=\"og:image\" content=\"https:\/\/vieassociative.be\/actualites\/wp-content\/uploads\/2025\/02\/Cinq-de-mes-solutions-de-stockage-bon-marche-preferees.png\" \/>\n<meta name=\"author\" content=\"Julien\" \/>\n<meta name=\"twitter:card\" content=\"summary_large_image\" \/>\n<meta name=\"twitter:label1\" content=\"\u00c9crit par\" \/>\n\t<meta name=\"twitter:data1\" content=\"Julien\" \/>\n\t<meta name=\"twitter:label2\" content=\"Dur\u00e9e de lecture est.\" \/>\n\t<meta name=\"twitter:data2\" content=\"7 minutes\" \/>\n<script type=\"application\/ld+json\" class=\"yoast-schema-graph\">{\"@context\":\"https:\/\/schema.org\",\"@graph\":[{\"@type\":\"Article\",\"@id\":\"https:\/\/vieassociative.be\/actualites\/cinq-de-mes-solutions-de-stockage-bon-marche-preferees\/#article\",\"isPartOf\":{\"@id\":\"https:\/\/vieassociative.be\/actualites\/cinq-de-mes-solutions-de-stockage-bon-marche-preferees\/\"},\"author\":{\"name\":\"Julien\",\"@id\":\"https:\/\/vieassociative.be\/actualites\/#\/schema\/person\/b87ac4f82f9d4e7b7cec7395b679edc4\"},\"headline\":\"Cinq de mes solutions de stockage bon march\u00e9 pr\u00e9f\u00e9r\u00e9es\",\"datePublished\":\"2025-02-07T07:21:02+00:00\",\"dateModified\":\"2025-02-07T07:21:02+00:00\",\"mainEntityOfPage\":{\"@id\":\"https:\/\/vieassociative.be\/actualites\/cinq-de-mes-solutions-de-stockage-bon-marche-preferees\/\"},\"wordCount\":1478,\"publisher\":{\"@id\":\"https:\/\/vieassociative.be\/actualites\/#organization\"},\"image\":{\"@id\":\"https:\/\/vieassociative.be\/actualites\/cinq-de-mes-solutions-de-stockage-bon-marche-preferees\/#primaryimage\"},\"thumbnailUrl\":\"https:\/\/vieassociative.be\/actualites\/wp-content\/uploads\/2025\/02\/1738912862_Cinq-de-mes-solutions-de-stockage-bon-marche-preferees.png\",\"keywords\":[\"bon\",\"Cinq\",\"march\u00e9\",\"Mes\",\"pr\u00e9f\u00e9r\u00e9es\",\"solutions\",\"stockage\"],\"articleSection\":[\"Maison\"],\"inLanguage\":\"fr-BE\"},{\"@type\":\"WebPage\",\"@id\":\"https:\/\/vieassociative.be\/actualites\/cinq-de-mes-solutions-de-stockage-bon-marche-preferees\/\",\"url\":\"https:\/\/vieassociative.be\/actualites\/cinq-de-mes-solutions-de-stockage-bon-marche-preferees\/\",\"name\":\"Cinq de mes solutions de stockage bon march\u00e9 pr\u00e9f\u00e9r\u00e9es | Vie Associative\",\"isPartOf\":{\"@id\":\"https:\/\/vieassociative.be\/actualites\/#website\"},\"primaryImageOfPage\":{\"@id\":\"https:\/\/vieassociative.be\/actualites\/cinq-de-mes-solutions-de-stockage-bon-marche-preferees\/#primaryimage\"},\"image\":{\"@id\":\"https:\/\/vieassociative.be\/actualites\/cinq-de-mes-solutions-de-stockage-bon-marche-preferees\/#primaryimage\"},\"thumbnailUrl\":\"https:\/\/vieassociative.be\/actualites\/wp-content\/uploads\/2025\/02\/1738912862_Cinq-de-mes-solutions-de-stockage-bon-marche-preferees.png\",\"datePublished\":\"2025-02-07T07:21:02+00:00\",\"dateModified\":\"2025-02-07T07:21:02+00:00\",\"breadcrumb\":{\"@id\":\"https:\/\/vieassociative.be\/actualites\/cinq-de-mes-solutions-de-stockage-bon-marche-preferees\/#breadcrumb\"},\"inLanguage\":\"fr-BE\",\"potentialAction\":[{\"@type\":\"ReadAction\",\"target\":[\"https:\/\/vieassociative.be\/actualites\/cinq-de-mes-solutions-de-stockage-bon-marche-preferees\/\"]}]},{\"@type\":\"ImageObject\",\"inLanguage\":\"fr-BE\",\"@id\":\"https:\/\/vieassociative.be\/actualites\/cinq-de-mes-solutions-de-stockage-bon-marche-preferees\/#primaryimage\",\"url\":\"https:\/\/vieassociative.be\/actualites\/wp-content\/uploads\/2025\/02\/1738912862_Cinq-de-mes-solutions-de-stockage-bon-marche-preferees.png\",\"contentUrl\":\"https:\/\/vieassociative.be\/actualites\/wp-content\/uploads\/2025\/02\/1738912862_Cinq-de-mes-solutions-de-stockage-bon-marche-preferees.png\",\"width\":1199,\"height\":675,\"caption\":\"Cinq de mes solutions de stockage bon march\u00e9 pr\u00e9f\u00e9r\u00e9es\"},{\"@type\":\"BreadcrumbList\",\"@id\":\"https:\/\/vieassociative.be\/actualites\/cinq-de-mes-solutions-de-stockage-bon-marche-preferees\/#breadcrumb\",\"itemListElement\":[{\"@type\":\"ListItem\",\"position\":1,\"name\":\"Accueil\",\"item\":\"https:\/\/vieassociative.be\/actualites\/\"},{\"@type\":\"ListItem\",\"position\":2,\"name\":\"Cinq de mes solutions de stockage bon march\u00e9 pr\u00e9f\u00e9r\u00e9es\"}]},{\"@type\":\"WebSite\",\"@id\":\"https:\/\/vieassociative.be\/actualites\/#website\",\"url\":\"https:\/\/vieassociative.be\/actualites\/\",\"name\":\"Vie Associative\",\"description\":\"\",\"publisher\":{\"@id\":\"https:\/\/vieassociative.be\/actualites\/#organization\"},\"potentialAction\":[{\"@type\":\"SearchAction\",\"target\":{\"@type\":\"EntryPoint\",\"urlTemplate\":\"https:\/\/vieassociative.be\/actualites\/?s={search_term_string}\"},\"query-input\":{\"@type\":\"PropertyValueSpecification\",\"valueRequired\":true,\"valueName\":\"search_term_string\"}}],\"inLanguage\":\"fr-BE\"},{\"@type\":\"Organization\",\"@id\":\"https:\/\/vieassociative.be\/actualites\/#organization\",\"name\":\"Vie Associative\",\"url\":\"https:\/\/vieassociative.be\/actualites\/\",\"logo\":{\"@type\":\"ImageObject\",\"inLanguage\":\"fr-BE\",\"@id\":\"https:\/\/vieassociative.be\/actualites\/#\/schema\/logo\/image\/\",\"url\":\"https:\/\/vieassociative.be\/actualites\/wp-content\/uploads\/2024\/09\/cropped-vieassociative_favicon.ico.png\",\"contentUrl\":\"https:\/\/vieassociative.be\/actualites\/wp-content\/uploads\/2024\/09\/cropped-vieassociative_favicon.ico.png\",\"width\":512,\"height\":512,\"caption\":\"Vie Associative\"},\"image\":{\"@id\":\"https:\/\/vieassociative.be\/actualites\/#\/schema\/logo\/image\/\"}},{\"@type\":\"Person\",\"@id\":\"https:\/\/vieassociative.be\/actualites\/#\/schema\/person\/b87ac4f82f9d4e7b7cec7395b679edc4\",\"name\":\"Julien\",\"image\":{\"@type\":\"ImageObject\",\"inLanguage\":\"fr-BE\",\"@id\":\"https:\/\/vieassociative.be\/actualites\/#\/schema\/person\/image\/\",\"url\":\"https:\/\/vieassociative.be\/actualites\/wp-content\/uploads\/2024\/09\/vie-associative-1-150x150.jpg\",\"contentUrl\":\"https:\/\/vieassociative.be\/actualites\/wp-content\/uploads\/2024\/09\/vie-associative-1-150x150.jpg\",\"caption\":\"Julien\"},\"description\":\"Je suis Julien, r\u00e9dacteur pour Vie Associative. Passionn\u00e9 par le monde associatif depuis plus de 10 ans, j'ai \u00e0 c\u0153ur de partager des histoires inspirantes et de mettre en lumi\u00e8re les initiatives locales. Mon objectif est de sensibiliser et d'encourager l'engagement communautaire \u00e0 travers mes articles.\",\"sameAs\":[\"https:\/\/vieassociative.be\/\"]}]}<\/script>\n<!-- \/ Yoast SEO plugin. -->","yoast_head_json":{"title":"Cinq de mes solutions de stockage bon march\u00e9 pr\u00e9f\u00e9r\u00e9es | Vie Associative","robots":{"index":"index","follow":"follow","max-snippet":"max-snippet:-1","max-image-preview":"max-image-preview:large","max-video-preview":"max-video-preview:-1"},"canonical":"https:\/\/vieassociative.be\/actualites\/cinq-de-mes-solutions-de-stockage-bon-marche-preferees\/","og_locale":"fr_FR","og_type":"article","og_title":"Cinq de mes solutions de stockage bon march\u00e9 pr\u00e9f\u00e9r\u00e9es | Vie Associative","og_description":"Je vis dans un tr\u00e8s petit appartement &#8211; ces conteneurs de stockage et les \u00e9tag\u00e8res y rendent la vie. Je recommande de nombreux outils organisationnels","og_url":"https:\/\/vieassociative.be\/actualites\/cinq-de-mes-solutions-de-stockage-bon-marche-preferees\/","og_site_name":"Vie Associative","article_published_time":"2025-02-07T07:21:02+00:00","og_image":[{"url":"https:\/\/vieassociative.be\/actualites\/wp-content\/uploads\/2025\/02\/Cinq-de-mes-solutions-de-stockage-bon-marche-preferees.png","type":"","width":"","height":""}],"author":"Julien","twitter_card":"summary_large_image","twitter_misc":{"\u00c9crit par":"Julien","Dur\u00e9e de lecture est.":"7 minutes"},"schema":{"@context":"https:\/\/schema.org","@graph":[{"@type":"Article","@id":"https:\/\/vieassociative.be\/actualites\/cinq-de-mes-solutions-de-stockage-bon-marche-preferees\/#article","isPartOf":{"@id":"https:\/\/vieassociative.be\/actualites\/cinq-de-mes-solutions-de-stockage-bon-marche-preferees\/"},"author":{"name":"Julien","@id":"https:\/\/vieassociative.be\/actualites\/#\/schema\/person\/b87ac4f82f9d4e7b7cec7395b679edc4"},"headline":"Cinq de mes solutions de stockage bon march\u00e9 pr\u00e9f\u00e9r\u00e9es","datePublished":"2025-02-07T07:21:02+00:00","dateModified":"2025-02-07T07:21:02+00:00","mainEntityOfPage":{"@id":"https:\/\/vieassociative.be\/actualites\/cinq-de-mes-solutions-de-stockage-bon-marche-preferees\/"},"wordCount":1478,"publisher":{"@id":"https:\/\/vieassociative.be\/actualites\/#organization"},"image":{"@id":"https:\/\/vieassociative.be\/actualites\/cinq-de-mes-solutions-de-stockage-bon-marche-preferees\/#primaryimage"},"thumbnailUrl":"https:\/\/vieassociative.be\/actualites\/wp-content\/uploads\/2025\/02\/1738912862_Cinq-de-mes-solutions-de-stockage-bon-marche-preferees.png","keywords":["bon","Cinq","march\u00e9","Mes","pr\u00e9f\u00e9r\u00e9es","solutions","stockage"],"articleSection":["Maison"],"inLanguage":"fr-BE"},{"@type":"WebPage","@id":"https:\/\/vieassociative.be\/actualites\/cinq-de-mes-solutions-de-stockage-bon-marche-preferees\/","url":"https:\/\/vieassociative.be\/actualites\/cinq-de-mes-solutions-de-stockage-bon-marche-preferees\/","name":"Cinq de mes solutions de stockage bon march\u00e9 pr\u00e9f\u00e9r\u00e9es | Vie Associative","isPartOf":{"@id":"https:\/\/vieassociative.be\/actualites\/#website"},"primaryImageOfPage":{"@id":"https:\/\/vieassociative.be\/actualites\/cinq-de-mes-solutions-de-stockage-bon-marche-preferees\/#primaryimage"},"image":{"@id":"https:\/\/vieassociative.be\/actualites\/cinq-de-mes-solutions-de-stockage-bon-marche-preferees\/#primaryimage"},"thumbnailUrl":"https:\/\/vieassociative.be\/actualites\/wp-content\/uploads\/2025\/02\/1738912862_Cinq-de-mes-solutions-de-stockage-bon-marche-preferees.png","datePublished":"2025-02-07T07:21:02+00:00","dateModified":"2025-02-07T07:21:02+00:00","breadcrumb":{"@id":"https:\/\/vieassociative.be\/actualites\/cinq-de-mes-solutions-de-stockage-bon-marche-preferees\/#breadcrumb"},"inLanguage":"fr-BE","potentialAction":[{"@type":"ReadAction","target":["https:\/\/vieassociative.be\/actualites\/cinq-de-mes-solutions-de-stockage-bon-marche-preferees\/"]}]},{"@type":"ImageObject","inLanguage":"fr-BE","@id":"https:\/\/vieassociative.be\/actualites\/cinq-de-mes-solutions-de-stockage-bon-marche-preferees\/#primaryimage","url":"https:\/\/vieassociative.be\/actualites\/wp-content\/uploads\/2025\/02\/1738912862_Cinq-de-mes-solutions-de-stockage-bon-marche-preferees.png","contentUrl":"https:\/\/vieassociative.be\/actualites\/wp-content\/uploads\/2025\/02\/1738912862_Cinq-de-mes-solutions-de-stockage-bon-marche-preferees.png","width":1199,"height":675,"caption":"Cinq de mes solutions de stockage bon march\u00e9 pr\u00e9f\u00e9r\u00e9es"},{"@type":"BreadcrumbList","@id":"https:\/\/vieassociative.be\/actualites\/cinq-de-mes-solutions-de-stockage-bon-marche-preferees\/#breadcrumb","itemListElement":[{"@type":"ListItem","position":1,"name":"Accueil","item":"https:\/\/vieassociative.be\/actualites\/"},{"@type":"ListItem","position":2,"name":"Cinq de mes solutions de stockage bon march\u00e9 pr\u00e9f\u00e9r\u00e9es"}]},{"@type":"WebSite","@id":"https:\/\/vieassociative.be\/actualites\/#website","url":"https:\/\/vieassociative.be\/actualites\/","name":"Vie Associative","description":"","publisher":{"@id":"https:\/\/vieassociative.be\/actualites\/#organization"},"potentialAction":[{"@type":"SearchAction","target":{"@type":"EntryPoint","urlTemplate":"https:\/\/vieassociative.be\/actualites\/?s={search_term_string}"},"query-input":{"@type":"PropertyValueSpecification","valueRequired":true,"valueName":"search_term_string"}}],"inLanguage":"fr-BE"},{"@type":"Organization","@id":"https:\/\/vieassociative.be\/actualites\/#organization","name":"Vie Associative","url":"https:\/\/vieassociative.be\/actualites\/","logo":{"@type":"ImageObject","inLanguage":"fr-BE","@id":"https:\/\/vieassociative.be\/actualites\/#\/schema\/logo\/image\/","url":"https:\/\/vieassociative.be\/actualites\/wp-content\/uploads\/2024\/09\/cropped-vieassociative_favicon.ico.png","contentUrl":"https:\/\/vieassociative.be\/actualites\/wp-content\/uploads\/2024\/09\/cropped-vieassociative_favicon.ico.png","width":512,"height":512,"caption":"Vie Associative"},"image":{"@id":"https:\/\/vieassociative.be\/actualites\/#\/schema\/logo\/image\/"}},{"@type":"Person","@id":"https:\/\/vieassociative.be\/actualites\/#\/schema\/person\/b87ac4f82f9d4e7b7cec7395b679edc4","name":"Julien","image":{"@type":"ImageObject","inLanguage":"fr-BE","@id":"https:\/\/vieassociative.be\/actualites\/#\/schema\/person\/image\/","url":"https:\/\/vieassociative.be\/actualites\/wp-content\/uploads\/2024\/09\/vie-associative-1-150x150.jpg","contentUrl":"https:\/\/vieassociative.be\/actualites\/wp-content\/uploads\/2024\/09\/vie-associative-1-150x150.jpg","caption":"Julien"},"description":"Je suis Julien, r\u00e9dacteur pour Vie Associative. Passionn\u00e9 par le monde associatif depuis plus de 10 ans, j'ai \u00e0 c\u0153ur de partager des histoires inspirantes et de mettre en lumi\u00e8re les initiatives locales. Mon objectif est de sensibiliser et d'encourager l'engagement communautaire \u00e0 travers mes articles.","sameAs":["https:\/\/vieassociative.be\/"]}]}},"_links":{"self":[{"href":"https:\/\/vieassociative.be\/actualites\/wp-json\/wp\/v2\/posts\/4918"}],"collection":[{"href":"https:\/\/vieassociative.be\/actualites\/wp-json\/wp\/v2\/posts"}],"about":[{"href":"https:\/\/vieassociative.be\/actualites\/wp-json\/wp\/v2\/types\/post"}],"author":[{"embeddable":true,"href":"https:\/\/vieassociative.be\/actualites\/wp-json\/wp\/v2\/users\/1"}],"replies":[{"embeddable":true,"href":"https:\/\/vieassociative.be\/actualites\/wp-json\/wp\/v2\/comments?post=4918"}],"version-history":[{"count":0,"href":"https:\/\/vieassociative.be\/actualites\/wp-json\/wp\/v2\/posts\/4918\/revisions"}],"wp:featuredmedia":[{"embeddable":true,"href":"https:\/\/vieassociative.be\/actualites\/wp-json\/wp\/v2\/media\/4919"}],"wp:attachment":[{"href":"https:\/\/vieassociative.be\/actualites\/wp-json\/wp\/v2\/media?parent=4918"}],"wp:term":[{"taxonomy":"category","embeddable":true,"href":"https:\/\/vieassociative.be\/actualites\/wp-json\/wp\/v2\/categories?post=4918"},{"taxonomy":"post_tag","embeddable":true,"href":"https:\/\/vieassociative.be\/actualites\/wp-json\/wp\/v2\/tags?post=4918"}],"curies":[{"name":"wp","href":"https:\/\/api.w.org\/{rel}","templated":true}]}}