{"id":4913,"date":"2025-02-07T03:17:09","date_gmt":"2025-02-07T02:17:09","guid":{"rendered":"https:\/\/vieassociative.be\/actualites\/le-pere-de-lattente-leander-dendoncker-tire-le-rsc-anderlecht-dans-la-finale-de-la-coupe-contre-le-fc-bruges\/"},"modified":"2025-02-07T03:17:09","modified_gmt":"2025-02-07T02:17:09","slug":"le-pere-de-lattente-leander-dendoncker-tire-le-rsc-anderlecht-dans-la-finale-de-la-coupe-contre-le-fc-bruges","status":"publish","type":"post","link":"https:\/\/vieassociative.be\/actualites\/le-pere-de-lattente-leander-dendoncker-tire-le-rsc-anderlecht-dans-la-finale-de-la-coupe-contre-le-fc-bruges\/","title":{"rendered":"Le p\u00e8re de l&rsquo;attente Leander Dendoncker tire le RSC Anderlecht dans la finale de la coupe contre le FC Bruges"},"content":{"rendered":"<p><strong>Un match de fin de coupe plus glamour au moins sur le papier n&rsquo;aurait pas pu \u00eatre souhait\u00e9: apr\u00e8s un 2-2 dans le stade Bosuil d&rsquo;Anvers, RSC Anderlecht a atteint la finale de la Coupe Croky jeudi. En demi-finale \u00e0 premi\u00e8re vue, le champion record a pr\u00e9valu 1-0 contre le Royal Antwerp FC. D\u00e9j\u00e0 mercredi, le FC Bruges avait obtenu la participation finale avec un 1-1 au KRC Genk.<\/strong><\/p>\n<p><span id=\"more-407651\"><\/span>C&rsquo;est la 15e fois qu&rsquo;Anderlecht atteint la finale de la Coupe belge. La derni\u00e8re fois, c&rsquo;\u00e9tait le \u00ab\u00a0Violet\u00a0\u00bb en 2022. Le Royal Antwerp FC, en revanche, n&rsquo;a pas r\u00e9ussi \u00e0 se d\u00e9placer dans la finale de la Coupe Croky d&rsquo;affil\u00e9e.<\/p>\n<p>Anderlecht a pu se qualifier avec une \u00e9galit\u00e9 \u00e0 Anvers pour la finale du troph\u00e9e belge. L&rsquo;entra\u00eeneur David Hubert a agi en cons\u00e9quence: sur le terrain, les trois d\u00e9fenseurs centraux &#8211; H\u00e9, Simic et Adryelson &#8211; se sont tenus de mani\u00e8re. L&rsquo;objectif \u00e9tait donc clair, \u00e0 savoir quitter le ballon aux nuages.<\/p>\n<div id=\"attachment_407661\" class=\"wp-caption alignleft\" style=\"max-width: 200px\"><img fetchpriority=\"high\" decoding=\"async\" class=\"wp-image-407661 size-medium\" src=\"https:\/\/vieassociative.be\/actualites\/wp-content\/uploads\/2025\/02\/Le-pere-de-lattente-Leander-Dendoncker-tire-le-RSC-Anderlecht.jpg\" alt=\"\" width=\"200\" height=\"300\"  ><\/p>\n<p class=\"wp-caption-text\">Anderlechts Yari a marqu\u00e9 le 1-1 \u00e0 la 32e minute. Photo: Geert Vanden Wijngaert \/ AP \/ DPA<\/p>\n<\/div>\n<p>L&rsquo;entra\u00eeneur national belge Rudi Garcia faisait \u00e9galement partie des spectateurs. \u00c0 la 26e minute, Anvers pensait que le pire \u00e9tait termin\u00e9. Apr\u00e8s une combinaison intelligente, Bayo a remis le ballon sur DeMAN, qui a flanqu\u00e9 dans la surface de r\u00e9paration. Odoi se tenait sur le long poteau, qui a pu remplacer et marquer 1-0 (26e).<\/p>\n<p>L&rsquo;Anderlechner, qui n&rsquo;avait rien \u00e0 commander dans la premi\u00e8re demi-heure, s&rsquo;est r\u00e9veill\u00e9. Vasquez a eu une premi\u00e8re chance. Apr\u00e8s un coin, Benitez a couvert le cuir, qui n&rsquo;a pas h\u00e9sit\u00e9 une seconde et a chass\u00e9 une fus\u00e9e \u00e0 travers le plafond de Lemmens et a atteint l&rsquo;\u00e9galisation (1: 1, 32.).<\/p>\n<p>Le marqueur d&rsquo;Odoi, cependant, avait un deuxi\u00e8me carton jaune \u00e0 la 37e minute, qui \u00e9tait synonyme d&rsquo;un licenciement. Les nuages \u200b\u200b\u00e9taient en inf\u00e9riorit\u00e9 num\u00e9rique. N\u00e9anmoins, Anderlecht a \u00e9galement trouv\u00e9 la pi\u00e8ce trop rarement pour causer des lamens en difficult\u00e9.<\/p>\n<p>En seconde p\u00e9riode, le jeu \u00e9tait au bord du bord plusieurs fois, d&rsquo;autant plus que Kerk a ramen\u00e9 le \u00ab\u00a0grand vieux\u00a0\u00bb en t\u00eate (2: 1, 87.).<\/p>\n<p>Lorsque les 21 acteurs se dirigeaient d\u00e9j\u00e0 vers l&rsquo;extension, les deux nouveaux ajouts Anderlecht Huerta et Dendoncker ont d\u00e9cid\u00e9 du jeu. Le Mexicain a pr\u00e9valu sur la gauche avant de servir Dendoncker, qui a marqu\u00e9 le 2: 2 (91e). <\/p>\n<p>C&rsquo;\u00e9tait le premier but de Dendoncker depuis son retour aux \u00ab\u00a0Violets\u00a0\u00bb. L&rsquo;Anderlechner a pris le ballon sous son maillot, et pour une bonne raison, car ce sera bient\u00f4t un p\u00e8re pour la deuxi\u00e8me fois &#8230;<\/p>\n<p>La finale entre FC Bruges et le RSC Anderlecht aura lieu le 1er mai au stade de Bruxelles K\u00f6nig-Bau-Douin. Le duel entre les deux-services d&rsquo;arc, qui s&rsquo;appelle le \u00ab\u00a0topper\u00a0\u00bb, promet d&rsquo;\u00eatre excitant.<\/p>\n<p>Soit dit en passant, dimanche, il y aura un duel entre Anderlecht et Anvers dans la Jupil Pro League, cette fois dans le Lotto Park. (Cre)<\/p>\n<p><em><strong>Sur le sujet, voir \u00e9galement l&rsquo;article suivant sur OD:<\/strong><\/em><\/p>\n<div class=\"responsive-embed widescreen\">\n<blockquote class=\"wp-embedded-content\" data-secret=\"qUa5xENVDf\">\n<p>Thorsten Fink est d&rsquo;accord de Genk \u00e0 Cup contre Bruges sur le combat pour les titres de championnat (vid\u00e9o)<\/p>\n<\/blockquote>\n<p><iframe loading=\"lazy\" class=\"wp-embedded-content\" sandbox=\"allow-scripts\" security=\"restricted\" style=\"position: absolute; visibility: hidden;\" title=\"\u201eThorsten Fink stimmt Fans von Genk nach Pokal-Aus gegen Br\u00fcgge auf Kampf um Meistertitel ein (VIDEO)\u201c \u2014 Ostbelgien Direkt\" src=\"https:\/\/ostbelgiendirekt.be\/about:blank\" data-secret=\"qUa5xENVDf\" width=\"500\" height=\"282\" frameborder=\"0\" marginwidth=\"0\" marginheight=\"0\" scrolling=\"no\" data-rocket-lazyload=\"fitvidscompatible\" data-lazy-src=\"https:\/\/ostbelgiendirekt.be\/thorsten-fink-auf-video-407614\/embed#?secret=exnoardiV4#?secret=qUa5xENVDf\"><\/iframe><noscript><iframe class=\"wp-embedded-content\" sandbox=\"allow-scripts\" security=\"restricted\" style=\"position: absolute; visibility: hidden;\" title=\"\u201eThorsten Fink stimmt Fans von Genk nach Pokal-Aus gegen Br\u00fcgge auf Kampf um Meistertitel ein (VIDEO)\u201c \u2014 Ostbelgien Direkt\" src=\"https:\/\/ostbelgiendirekt.be\/thorsten-fink-auf-video-407614\/embed#?secret=exnoardiV4#?secret=qUa5xENVDf\" data-secret=\"qUa5xENVDf\" width=\"500\" height=\"282\" frameborder=\"0\" marginwidth=\"0\" marginheight=\"0\" scrolling=\"no\"><\/iframe><\/noscript><\/p>\n<\/div>\n","protected":false},"excerpt":{"rendered":"<p>Un match de fin de coupe plus glamour au moins sur le papier n&rsquo;aurait pas pu \u00eatre souhait\u00e9: apr\u00e8s un 2-2 dans le stade Bosuil<\/p>\n","protected":false},"author":1,"featured_media":4914,"comment_status":"","ping_status":"","sticky":false,"template":"","format":"standard","meta":{"footnotes":""},"categories":[298],"tags":[2623,2851,796,2472,166,5213,879,5100,5212,3065,2622,4476],"class_list":["post-4913","post","type-post","status-publish","format-standard","has-post-thumbnail","hentry","category-belgique","tag-anderlecht","tag-bruges","tag-contre","tag-coupe","tag-dans","tag-dendoncker","tag-finale","tag-lattente","tag-leander","tag-pere","tag-rsc","tag-tire","generate-columns","tablet-grid-50","mobile-grid-100","grid-parent","grid-33"],"yoast_head":"<!-- This site is optimized with the Yoast SEO plugin v24.0 - https:\/\/yoast.com\/wordpress\/plugins\/seo\/ -->\n<title>Le p\u00e8re de l&#039;attente Leander Dendoncker tire le RSC Anderlecht dans la finale de la coupe contre le FC Bruges | Vie Associative<\/title>\n<meta name=\"robots\" content=\"index, follow, max-snippet:-1, max-image-preview:large, max-video-preview:-1\" \/>\n<link rel=\"canonical\" href=\"https:\/\/vieassociative.be\/actualites\/le-pere-de-lattente-leander-dendoncker-tire-le-rsc-anderlecht-dans-la-finale-de-la-coupe-contre-le-fc-bruges\/\" \/>\n<meta property=\"og:locale\" content=\"fr_FR\" \/>\n<meta property=\"og:type\" content=\"article\" \/>\n<meta property=\"og:title\" content=\"Le p\u00e8re de l&#039;attente Leander Dendoncker tire le RSC Anderlecht dans la finale de la coupe contre le FC Bruges | Vie Associative\" \/>\n<meta property=\"og:description\" content=\"Un match de fin de coupe plus glamour au moins sur le papier n&rsquo;aurait pas pu \u00eatre souhait\u00e9: apr\u00e8s un 2-2 dans le stade Bosuil\" \/>\n<meta property=\"og:url\" content=\"https:\/\/vieassociative.be\/actualites\/le-pere-de-lattente-leander-dendoncker-tire-le-rsc-anderlecht-dans-la-finale-de-la-coupe-contre-le-fc-bruges\/\" \/>\n<meta property=\"og:site_name\" content=\"Vie Associative\" \/>\n<meta property=\"article:published_time\" content=\"2025-02-07T02:17:09+00:00\" \/>\n<meta property=\"og:image\" content=\"https:\/\/vieassociative.be\/actualites\/wp-content\/uploads\/2024\/09\/header_backgroundk-01-e1726694325946.png\" \/>\n\t<meta property=\"og:image:width\" content=\"279\" \/>\n\t<meta property=\"og:image:height\" content=\"92\" \/>\n\t<meta property=\"og:image:type\" content=\"image\/png\" \/>\n<meta name=\"author\" content=\"Julien\" \/>\n<meta name=\"twitter:card\" content=\"summary_large_image\" \/>\n<meta name=\"twitter:label1\" content=\"\u00c9crit par\" \/>\n\t<meta name=\"twitter:data1\" content=\"Julien\" \/>\n\t<meta name=\"twitter:label2\" content=\"Dur\u00e9e de lecture est.\" \/>\n\t<meta name=\"twitter:data2\" content=\"3 minutes\" \/>\n<script type=\"application\/ld+json\" class=\"yoast-schema-graph\">{\"@context\":\"https:\/\/schema.org\",\"@graph\":[{\"@type\":\"Article\",\"@id\":\"https:\/\/vieassociative.be\/actualites\/le-pere-de-lattente-leander-dendoncker-tire-le-rsc-anderlecht-dans-la-finale-de-la-coupe-contre-le-fc-bruges\/#article\",\"isPartOf\":{\"@id\":\"https:\/\/vieassociative.be\/actualites\/le-pere-de-lattente-leander-dendoncker-tire-le-rsc-anderlecht-dans-la-finale-de-la-coupe-contre-le-fc-bruges\/\"},\"author\":{\"name\":\"Julien\",\"@id\":\"https:\/\/vieassociative.be\/actualites\/#\/schema\/person\/b87ac4f82f9d4e7b7cec7395b679edc4\"},\"headline\":\"Le p\u00e8re de l&rsquo;attente Leander Dendoncker tire le RSC Anderlecht dans la finale de la coupe contre le FC Bruges\",\"datePublished\":\"2025-02-07T02:17:09+00:00\",\"dateModified\":\"2025-02-07T02:17:09+00:00\",\"mainEntityOfPage\":{\"@id\":\"https:\/\/vieassociative.be\/actualites\/le-pere-de-lattente-leander-dendoncker-tire-le-rsc-anderlecht-dans-la-finale-de-la-coupe-contre-le-fc-bruges\/\"},\"wordCount\":571,\"publisher\":{\"@id\":\"https:\/\/vieassociative.be\/actualites\/#organization\"},\"image\":{\"@id\":\"https:\/\/vieassociative.be\/actualites\/le-pere-de-lattente-leander-dendoncker-tire-le-rsc-anderlecht-dans-la-finale-de-la-coupe-contre-le-fc-bruges\/#primaryimage\"},\"thumbnailUrl\":\"https:\/\/vieassociative.be\/actualites\/wp-content\/uploads\/2025\/02\/1738894630_Le-pere-de-lattente-Leander-Dendoncker-tire-le-RSC-Anderlecht.jpg\",\"keywords\":[\"Anderlecht\",\"Bruges\",\"contre\",\"Coupe\",\"dans\",\"Dendoncker\",\"finale\",\"Lattente\",\"Leander\",\"P\u00e8re\",\"RSC\",\"tir\u00e9\"],\"articleSection\":[\"Belgique\"],\"inLanguage\":\"fr-BE\"},{\"@type\":\"WebPage\",\"@id\":\"https:\/\/vieassociative.be\/actualites\/le-pere-de-lattente-leander-dendoncker-tire-le-rsc-anderlecht-dans-la-finale-de-la-coupe-contre-le-fc-bruges\/\",\"url\":\"https:\/\/vieassociative.be\/actualites\/le-pere-de-lattente-leander-dendoncker-tire-le-rsc-anderlecht-dans-la-finale-de-la-coupe-contre-le-fc-bruges\/\",\"name\":\"Le p\u00e8re de l'attente Leander Dendoncker tire le RSC Anderlecht dans la finale de la coupe contre le FC Bruges | Vie Associative\",\"isPartOf\":{\"@id\":\"https:\/\/vieassociative.be\/actualites\/#website\"},\"primaryImageOfPage\":{\"@id\":\"https:\/\/vieassociative.be\/actualites\/le-pere-de-lattente-leander-dendoncker-tire-le-rsc-anderlecht-dans-la-finale-de-la-coupe-contre-le-fc-bruges\/#primaryimage\"},\"image\":{\"@id\":\"https:\/\/vieassociative.be\/actualites\/le-pere-de-lattente-leander-dendoncker-tire-le-rsc-anderlecht-dans-la-finale-de-la-coupe-contre-le-fc-bruges\/#primaryimage\"},\"thumbnailUrl\":\"https:\/\/vieassociative.be\/actualites\/wp-content\/uploads\/2025\/02\/1738894630_Le-pere-de-lattente-Leander-Dendoncker-tire-le-RSC-Anderlecht.jpg\",\"datePublished\":\"2025-02-07T02:17:09+00:00\",\"dateModified\":\"2025-02-07T02:17:09+00:00\",\"breadcrumb\":{\"@id\":\"https:\/\/vieassociative.be\/actualites\/le-pere-de-lattente-leander-dendoncker-tire-le-rsc-anderlecht-dans-la-finale-de-la-coupe-contre-le-fc-bruges\/#breadcrumb\"},\"inLanguage\":\"fr-BE\",\"potentialAction\":[{\"@type\":\"ReadAction\",\"target\":[\"https:\/\/vieassociative.be\/actualites\/le-pere-de-lattente-leander-dendoncker-tire-le-rsc-anderlecht-dans-la-finale-de-la-coupe-contre-le-fc-bruges\/\"]}]},{\"@type\":\"ImageObject\",\"inLanguage\":\"fr-BE\",\"@id\":\"https:\/\/vieassociative.be\/actualites\/le-pere-de-lattente-leander-dendoncker-tire-le-rsc-anderlecht-dans-la-finale-de-la-coupe-contre-le-fc-bruges\/#primaryimage\",\"url\":\"https:\/\/vieassociative.be\/actualites\/wp-content\/uploads\/2025\/02\/1738894630_Le-pere-de-lattente-Leander-Dendoncker-tire-le-RSC-Anderlecht.jpg\",\"contentUrl\":\"https:\/\/vieassociative.be\/actualites\/wp-content\/uploads\/2025\/02\/1738894630_Le-pere-de-lattente-Leander-Dendoncker-tire-le-RSC-Anderlecht.jpg\",\"width\":1200,\"height\":800,\"caption\":\"Le p\u00e8re de l'attente Leander Dendoncker tire le RSC Anderlecht dans la finale de la coupe contre le FC Bruges\"},{\"@type\":\"BreadcrumbList\",\"@id\":\"https:\/\/vieassociative.be\/actualites\/le-pere-de-lattente-leander-dendoncker-tire-le-rsc-anderlecht-dans-la-finale-de-la-coupe-contre-le-fc-bruges\/#breadcrumb\",\"itemListElement\":[{\"@type\":\"ListItem\",\"position\":1,\"name\":\"Accueil\",\"item\":\"https:\/\/vieassociative.be\/actualites\/\"},{\"@type\":\"ListItem\",\"position\":2,\"name\":\"Le p\u00e8re de l&rsquo;attente Leander Dendoncker tire le RSC Anderlecht dans la finale de la coupe contre le FC Bruges\"}]},{\"@type\":\"WebSite\",\"@id\":\"https:\/\/vieassociative.be\/actualites\/#website\",\"url\":\"https:\/\/vieassociative.be\/actualites\/\",\"name\":\"Vie Associative\",\"description\":\"\",\"publisher\":{\"@id\":\"https:\/\/vieassociative.be\/actualites\/#organization\"},\"potentialAction\":[{\"@type\":\"SearchAction\",\"target\":{\"@type\":\"EntryPoint\",\"urlTemplate\":\"https:\/\/vieassociative.be\/actualites\/?s={search_term_string}\"},\"query-input\":{\"@type\":\"PropertyValueSpecification\",\"valueRequired\":true,\"valueName\":\"search_term_string\"}}],\"inLanguage\":\"fr-BE\"},{\"@type\":\"Organization\",\"@id\":\"https:\/\/vieassociative.be\/actualites\/#organization\",\"name\":\"Vie Associative\",\"url\":\"https:\/\/vieassociative.be\/actualites\/\",\"logo\":{\"@type\":\"ImageObject\",\"inLanguage\":\"fr-BE\",\"@id\":\"https:\/\/vieassociative.be\/actualites\/#\/schema\/logo\/image\/\",\"url\":\"https:\/\/vieassociative.be\/actualites\/wp-content\/uploads\/2024\/09\/cropped-vieassociative_favicon.ico.png\",\"contentUrl\":\"https:\/\/vieassociative.be\/actualites\/wp-content\/uploads\/2024\/09\/cropped-vieassociative_favicon.ico.png\",\"width\":512,\"height\":512,\"caption\":\"Vie Associative\"},\"image\":{\"@id\":\"https:\/\/vieassociative.be\/actualites\/#\/schema\/logo\/image\/\"}},{\"@type\":\"Person\",\"@id\":\"https:\/\/vieassociative.be\/actualites\/#\/schema\/person\/b87ac4f82f9d4e7b7cec7395b679edc4\",\"name\":\"Julien\",\"image\":{\"@type\":\"ImageObject\",\"inLanguage\":\"fr-BE\",\"@id\":\"https:\/\/vieassociative.be\/actualites\/#\/schema\/person\/image\/\",\"url\":\"https:\/\/vieassociative.be\/actualites\/wp-content\/uploads\/2024\/09\/vie-associative-1-150x150.jpg\",\"contentUrl\":\"https:\/\/vieassociative.be\/actualites\/wp-content\/uploads\/2024\/09\/vie-associative-1-150x150.jpg\",\"caption\":\"Julien\"},\"description\":\"Je suis Julien, r\u00e9dacteur pour Vie Associative. Passionn\u00e9 par le monde associatif depuis plus de 10 ans, j'ai \u00e0 c\u0153ur de partager des histoires inspirantes et de mettre en lumi\u00e8re les initiatives locales. Mon objectif est de sensibiliser et d'encourager l'engagement communautaire \u00e0 travers mes articles.\",\"sameAs\":[\"https:\/\/vieassociative.be\/\"]}]}<\/script>\n<!-- \/ Yoast SEO plugin. -->","yoast_head_json":{"title":"Le p\u00e8re de l'attente Leander Dendoncker tire le RSC Anderlecht dans la finale de la coupe contre le FC Bruges | Vie Associative","robots":{"index":"index","follow":"follow","max-snippet":"max-snippet:-1","max-image-preview":"max-image-preview:large","max-video-preview":"max-video-preview:-1"},"canonical":"https:\/\/vieassociative.be\/actualites\/le-pere-de-lattente-leander-dendoncker-tire-le-rsc-anderlecht-dans-la-finale-de-la-coupe-contre-le-fc-bruges\/","og_locale":"fr_FR","og_type":"article","og_title":"Le p\u00e8re de l'attente Leander Dendoncker tire le RSC Anderlecht dans la finale de la coupe contre le FC Bruges | Vie Associative","og_description":"Un match de fin de coupe plus glamour au moins sur le papier n&rsquo;aurait pas pu \u00eatre souhait\u00e9: apr\u00e8s un 2-2 dans le stade Bosuil","og_url":"https:\/\/vieassociative.be\/actualites\/le-pere-de-lattente-leander-dendoncker-tire-le-rsc-anderlecht-dans-la-finale-de-la-coupe-contre-le-fc-bruges\/","og_site_name":"Vie Associative","article_published_time":"2025-02-07T02:17:09+00:00","og_image":[{"width":279,"height":92,"url":"https:\/\/vieassociative.be\/actualites\/wp-content\/uploads\/2024\/09\/header_backgroundk-01-e1726694325946.png","type":"image\/png"}],"author":"Julien","twitter_card":"summary_large_image","twitter_misc":{"\u00c9crit par":"Julien","Dur\u00e9e de lecture est.":"3 minutes"},"schema":{"@context":"https:\/\/schema.org","@graph":[{"@type":"Article","@id":"https:\/\/vieassociative.be\/actualites\/le-pere-de-lattente-leander-dendoncker-tire-le-rsc-anderlecht-dans-la-finale-de-la-coupe-contre-le-fc-bruges\/#article","isPartOf":{"@id":"https:\/\/vieassociative.be\/actualites\/le-pere-de-lattente-leander-dendoncker-tire-le-rsc-anderlecht-dans-la-finale-de-la-coupe-contre-le-fc-bruges\/"},"author":{"name":"Julien","@id":"https:\/\/vieassociative.be\/actualites\/#\/schema\/person\/b87ac4f82f9d4e7b7cec7395b679edc4"},"headline":"Le p\u00e8re de l&rsquo;attente Leander Dendoncker tire le RSC Anderlecht dans la finale de la coupe contre le FC Bruges","datePublished":"2025-02-07T02:17:09+00:00","dateModified":"2025-02-07T02:17:09+00:00","mainEntityOfPage":{"@id":"https:\/\/vieassociative.be\/actualites\/le-pere-de-lattente-leander-dendoncker-tire-le-rsc-anderlecht-dans-la-finale-de-la-coupe-contre-le-fc-bruges\/"},"wordCount":571,"publisher":{"@id":"https:\/\/vieassociative.be\/actualites\/#organization"},"image":{"@id":"https:\/\/vieassociative.be\/actualites\/le-pere-de-lattente-leander-dendoncker-tire-le-rsc-anderlecht-dans-la-finale-de-la-coupe-contre-le-fc-bruges\/#primaryimage"},"thumbnailUrl":"https:\/\/vieassociative.be\/actualites\/wp-content\/uploads\/2025\/02\/1738894630_Le-pere-de-lattente-Leander-Dendoncker-tire-le-RSC-Anderlecht.jpg","keywords":["Anderlecht","Bruges","contre","Coupe","dans","Dendoncker","finale","Lattente","Leander","P\u00e8re","RSC","tir\u00e9"],"articleSection":["Belgique"],"inLanguage":"fr-BE"},{"@type":"WebPage","@id":"https:\/\/vieassociative.be\/actualites\/le-pere-de-lattente-leander-dendoncker-tire-le-rsc-anderlecht-dans-la-finale-de-la-coupe-contre-le-fc-bruges\/","url":"https:\/\/vieassociative.be\/actualites\/le-pere-de-lattente-leander-dendoncker-tire-le-rsc-anderlecht-dans-la-finale-de-la-coupe-contre-le-fc-bruges\/","name":"Le p\u00e8re de l'attente Leander Dendoncker tire le RSC Anderlecht dans la finale de la coupe contre le FC Bruges | Vie Associative","isPartOf":{"@id":"https:\/\/vieassociative.be\/actualites\/#website"},"primaryImageOfPage":{"@id":"https:\/\/vieassociative.be\/actualites\/le-pere-de-lattente-leander-dendoncker-tire-le-rsc-anderlecht-dans-la-finale-de-la-coupe-contre-le-fc-bruges\/#primaryimage"},"image":{"@id":"https:\/\/vieassociative.be\/actualites\/le-pere-de-lattente-leander-dendoncker-tire-le-rsc-anderlecht-dans-la-finale-de-la-coupe-contre-le-fc-bruges\/#primaryimage"},"thumbnailUrl":"https:\/\/vieassociative.be\/actualites\/wp-content\/uploads\/2025\/02\/1738894630_Le-pere-de-lattente-Leander-Dendoncker-tire-le-RSC-Anderlecht.jpg","datePublished":"2025-02-07T02:17:09+00:00","dateModified":"2025-02-07T02:17:09+00:00","breadcrumb":{"@id":"https:\/\/vieassociative.be\/actualites\/le-pere-de-lattente-leander-dendoncker-tire-le-rsc-anderlecht-dans-la-finale-de-la-coupe-contre-le-fc-bruges\/#breadcrumb"},"inLanguage":"fr-BE","potentialAction":[{"@type":"ReadAction","target":["https:\/\/vieassociative.be\/actualites\/le-pere-de-lattente-leander-dendoncker-tire-le-rsc-anderlecht-dans-la-finale-de-la-coupe-contre-le-fc-bruges\/"]}]},{"@type":"ImageObject","inLanguage":"fr-BE","@id":"https:\/\/vieassociative.be\/actualites\/le-pere-de-lattente-leander-dendoncker-tire-le-rsc-anderlecht-dans-la-finale-de-la-coupe-contre-le-fc-bruges\/#primaryimage","url":"https:\/\/vieassociative.be\/actualites\/wp-content\/uploads\/2025\/02\/1738894630_Le-pere-de-lattente-Leander-Dendoncker-tire-le-RSC-Anderlecht.jpg","contentUrl":"https:\/\/vieassociative.be\/actualites\/wp-content\/uploads\/2025\/02\/1738894630_Le-pere-de-lattente-Leander-Dendoncker-tire-le-RSC-Anderlecht.jpg","width":1200,"height":800,"caption":"Le p\u00e8re de l'attente Leander Dendoncker tire le RSC Anderlecht dans la finale de la coupe contre le FC Bruges"},{"@type":"BreadcrumbList","@id":"https:\/\/vieassociative.be\/actualites\/le-pere-de-lattente-leander-dendoncker-tire-le-rsc-anderlecht-dans-la-finale-de-la-coupe-contre-le-fc-bruges\/#breadcrumb","itemListElement":[{"@type":"ListItem","position":1,"name":"Accueil","item":"https:\/\/vieassociative.be\/actualites\/"},{"@type":"ListItem","position":2,"name":"Le p\u00e8re de l&rsquo;attente Leander Dendoncker tire le RSC Anderlecht dans la finale de la coupe contre le FC Bruges"}]},{"@type":"WebSite","@id":"https:\/\/vieassociative.be\/actualites\/#website","url":"https:\/\/vieassociative.be\/actualites\/","name":"Vie Associative","description":"","publisher":{"@id":"https:\/\/vieassociative.be\/actualites\/#organization"},"potentialAction":[{"@type":"SearchAction","target":{"@type":"EntryPoint","urlTemplate":"https:\/\/vieassociative.be\/actualites\/?s={search_term_string}"},"query-input":{"@type":"PropertyValueSpecification","valueRequired":true,"valueName":"search_term_string"}}],"inLanguage":"fr-BE"},{"@type":"Organization","@id":"https:\/\/vieassociative.be\/actualites\/#organization","name":"Vie Associative","url":"https:\/\/vieassociative.be\/actualites\/","logo":{"@type":"ImageObject","inLanguage":"fr-BE","@id":"https:\/\/vieassociative.be\/actualites\/#\/schema\/logo\/image\/","url":"https:\/\/vieassociative.be\/actualites\/wp-content\/uploads\/2024\/09\/cropped-vieassociative_favicon.ico.png","contentUrl":"https:\/\/vieassociative.be\/actualites\/wp-content\/uploads\/2024\/09\/cropped-vieassociative_favicon.ico.png","width":512,"height":512,"caption":"Vie Associative"},"image":{"@id":"https:\/\/vieassociative.be\/actualites\/#\/schema\/logo\/image\/"}},{"@type":"Person","@id":"https:\/\/vieassociative.be\/actualites\/#\/schema\/person\/b87ac4f82f9d4e7b7cec7395b679edc4","name":"Julien","image":{"@type":"ImageObject","inLanguage":"fr-BE","@id":"https:\/\/vieassociative.be\/actualites\/#\/schema\/person\/image\/","url":"https:\/\/vieassociative.be\/actualites\/wp-content\/uploads\/2024\/09\/vie-associative-1-150x150.jpg","contentUrl":"https:\/\/vieassociative.be\/actualites\/wp-content\/uploads\/2024\/09\/vie-associative-1-150x150.jpg","caption":"Julien"},"description":"Je suis Julien, r\u00e9dacteur pour Vie Associative. Passionn\u00e9 par le monde associatif depuis plus de 10 ans, j'ai \u00e0 c\u0153ur de partager des histoires inspirantes et de mettre en lumi\u00e8re les initiatives locales. Mon objectif est de sensibiliser et d'encourager l'engagement communautaire \u00e0 travers mes articles.","sameAs":["https:\/\/vieassociative.be\/"]}]}},"_links":{"self":[{"href":"https:\/\/vieassociative.be\/actualites\/wp-json\/wp\/v2\/posts\/4913"}],"collection":[{"href":"https:\/\/vieassociative.be\/actualites\/wp-json\/wp\/v2\/posts"}],"about":[{"href":"https:\/\/vieassociative.be\/actualites\/wp-json\/wp\/v2\/types\/post"}],"author":[{"embeddable":true,"href":"https:\/\/vieassociative.be\/actualites\/wp-json\/wp\/v2\/users\/1"}],"replies":[{"embeddable":true,"href":"https:\/\/vieassociative.be\/actualites\/wp-json\/wp\/v2\/comments?post=4913"}],"version-history":[{"count":0,"href":"https:\/\/vieassociative.be\/actualites\/wp-json\/wp\/v2\/posts\/4913\/revisions"}],"wp:featuredmedia":[{"embeddable":true,"href":"https:\/\/vieassociative.be\/actualites\/wp-json\/wp\/v2\/media\/4914"}],"wp:attachment":[{"href":"https:\/\/vieassociative.be\/actualites\/wp-json\/wp\/v2\/media?parent=4913"}],"wp:term":[{"taxonomy":"category","embeddable":true,"href":"https:\/\/vieassociative.be\/actualites\/wp-json\/wp\/v2\/categories?post=4913"},{"taxonomy":"post_tag","embeddable":true,"href":"https:\/\/vieassociative.be\/actualites\/wp-json\/wp\/v2\/tags?post=4913"}],"curies":[{"name":"wp","href":"https:\/\/api.w.org\/{rel}","templated":true}]}}