{"id":4909,"date":"2025-02-07T00:19:47","date_gmt":"2025-02-06T23:19:47","guid":{"rendered":"https:\/\/vieassociative.be\/actualites\/cinq-questions-a-vous-poser-lorsque-vous-netes-pas-productif\/"},"modified":"2025-02-07T00:19:47","modified_gmt":"2025-02-06T23:19:47","slug":"cinq-questions-a-vous-poser-lorsque-vous-netes-pas-productif","status":"publish","type":"post","link":"https:\/\/vieassociative.be\/actualites\/cinq-questions-a-vous-poser-lorsque-vous-netes-pas-productif\/","title":{"rendered":"Cinq questions \u00e0 vous poser lorsque vous n&rsquo;\u00eates pas productif"},"content":{"rendered":"<div class=\"mt-4 leading-6 md:mb-8\">Vous devez creuser un peu plus avant de vous engager dans un projet.<\/div>\n<p><\/p>\n<p>Lorsque vous avez un projet sur lequel travailler mais que vous ne pouvez tout simplement pas commencer ou faire des progr\u00e8s significatifs, il est facile de vous battre \u00e0 ce sujet &#8211; ce qui ne fait pas non plus beaucoup pour vous mettre dans un \u00e9tat d&rsquo;esprit de go-getter. Lorsque vous vous sentez coinc\u00e9, vous pouvez certainement choisir une m\u00e9thode de productivit\u00e9 qui pourrait mieux fonctionner pour vous, mais avant de le faire, c&rsquo;est une bonne id\u00e9e de vous orienter en vous posant une poign\u00e9e de questions sur ce que vous esp\u00e9rez accomplir.<\/p>\n<p>Voici cinq questions \u00e0 vous poser la prochaine fois que vous serez coinc\u00e9 et que vous vous sentez improductif, vous pouvez donc bouger \u00e0 nouveau. <\/p>\n<h2 id=\"when-was-the-last-time-i-was-as-productive-as-i-wanted-to-be\">\u00ab\u00a0\u00c0 quand remonte la derni\u00e8re fois que j&rsquo;\u00e9tais aussi productif que je le voulais?\u00a0\u00bb<\/h2>\n<p>Nous passons tous des p\u00e9riodes o\u00f9 nous sommes moins ou plus productifs, alors ne vous sentez pas mal si vous passez une semaine de cong\u00e9. Au lieu de cela, essayez de rappeler les circonstances de la derni\u00e8re fois que vous vous \u00eates senti vraiment productif. C&rsquo;\u00e9tait peut-\u00eatre avant les vacances, quand un sentiment d&rsquo;urgence vous a propuls\u00e9 de tout faire avant des vacances; Cela s&rsquo;aligne sur la loi de Yerkes-Dodson, qui postule avec laquelle vous travaillez mieux lorsque vous \u00eates sous une pression. C&rsquo;est peut-\u00eatre lorsque vous aviez un objectif clairement d\u00e9fini (j&rsquo;aurai la valeur de cela dans un instant). Plus vous pouvez vous reconstituer, plus vous pourrez reproduire cet environnement et remettre en action. <\/p>\n<p>Dans cet esprit, il est utile que, chaque fois que vous ressentez votre prochaine explosion de productivit\u00e9, vous notez quelques notes sur ce qui a fonctionn\u00e9, ce qui n&rsquo;a pas fonctionn\u00e9 et ce qui aurait pu aller mieux. De cette fa\u00e7on, vous pouvez g\u00e9n\u00e9rer une \u00ab\u00a0revue apr\u00e8s action\u00a0\u00bb que vous pourrez regarder en arri\u00e8re quand il est temps de vous poser \u00e0 nouveau cette question. <\/p>\n<h2 id=\"what-is-my-ultimate-goal\">\u00ab\u00a0Quel est mon objectif ultime?\u00a0\u00bb<\/h2>\n<p>Parfois, vous entrez dans la routine de faire quelque chose parce que vous savez que cela doit \u00eatre fait, mais vous ne pensez pas au but plus \u00e9lev\u00e9. Les t\u00e2ches subalternes, comme effacer votre bo\u00eete de r\u00e9ception ou faire la vaisselle, entrent souvent dans cette cat\u00e9gorie. Dans l&rsquo;ensemble, il est difficile de trouver la motivation de faire ces choses ennuyeuses qui prennent tellement de temps &#8211; \u00e0 moins que vous ne pensiez plus grand. <\/p>\n<p>Vous poser des questions sur votre objectif ultime peut vous aider. Retirez votre bo\u00eete de r\u00e9ception: cela facilitera la vision des messages importants et r\u00e9pondra en temps opportun, oui, mais l&rsquo;objectif ultime est que r\u00e9pondre plus rapidement vous rendra meilleur dans votre travail, ce qui pourrait conduire \u00e0 gagner plus d&rsquo;argent, \u00e0 obtenir Une promotion ou quitter le bureau plus t\u00f4t afin que vous puissiez profiter de plus de temps avec votre famille. Faire la vaisselle sert l&rsquo;objectif ultime de garder la maison en ordre, mais cela pourrait conduire \u00e0 l&rsquo;objectif plus important d&rsquo;avoir des choses bien rang\u00e9es avant que vos amis ne viennent, en \u00e9vitant les insectes qui se pr\u00e9sentent dans votre \u00e9vier ou d&rsquo;avoir des assiettes fra\u00eeches \u00e0 la main lorsque vous essayez Une nouvelle recette demain. <\/p>\n<p>La d\u00e9finition de l&rsquo;objectif plus large derri\u00e8re ce que vous devez faire est un \u00e9l\u00e9ment cl\u00e9 pour prioriser vos t\u00e2ches et obtenir la motivation pour les faire. Travaillez en arri\u00e8re, en vous demandant quel est votre objectif ultime, puis trouvez les t\u00e2ches que vous devez faire pour l&rsquo;atteindre. \u00c7a te gardera sur la bonne voie et te fera <em>vouloir <\/em>Pour commencer. (Points bonus si vous d\u00e9finissez tout en utilisant une formule de buts intelligents.)<\/p>\n<h2 id=\"why-dont-i-want-to-get-to-work\">\u00ab\u00a0Pourquoi je ne veux pas me rendre au travail?\u00a0\u00bb<\/h2>\n<p>C&rsquo;est la question que je me pose chaque fois que je me sens improductif. La plupart du temps, je connais d\u00e9j\u00e0 mon objectif ultime, et je sais quand et comment je travaille le mieux, donc quand je reparne une t\u00e2che, j&rsquo;essaie de comprendre <em>pourquoi,<\/em> et aborder la cause profonde. Parfois, j&rsquo;ai peur d&rsquo;envoyer un e-mail parce que je suis nerveux \u00e0 propos de la r\u00e9ponse. D&rsquo;autres fois, je ne veux pas travailler sur un projet parce que je ne suis tout simplement pas accompli par cela. \u00c9videmment, je ne peux pas contr\u00f4ler comment quelqu&rsquo;un r\u00e9pondra \u00e0 mon e-mail, mais je peux travailler pour rendre cet e-mail aussi clair que possible pour m&rsquo;assurer qu&rsquo;il communique ce qu&rsquo;il a besoin et me rappeler que la r\u00e9ponse pourrait tr\u00e8s bien \u00eatre positive &#8211; et que Je ne saurai pas avant que je ne l&rsquo;envoie. Je garde \u00e9galement une trace des fois que je trouve que j&rsquo;\u00e9vite quelque chose parce que je ne me sens pas r\u00e9alis\u00e9 ou int\u00e9ress\u00e9 par \u00e7a. Si cela se produit beaucoup, je sais qu&rsquo;il est temps pour un examen apr\u00e8s-action et, peut-\u00eatre, une correction du cours compl\u00e8te. <\/p>\n<p>D\u00e9terminer pourquoi vous \u00e9vitez quelque chose est, \u00e0 certains \u00e9gards, plus important que de vous forcer \u00e0 boucler et \u00e0 le faire. Essayez d&rsquo;appliquer la hi\u00e9rarchie des besoins \u00e0 votre situation actuelle pour avoir une meilleure id\u00e9e de ce qui ne fonctionne pas et de ce qui vous retient. <\/p>\n<h2 id=\"can-i-break-this-work-down-more\">\u00ab\u00a0Puis-je d\u00e9composer ce travail davantage?\u00a0\u00bb<\/h2>\n<p>D&rsquo;autres fois, la raison pour laquelle vous avez du mal \u00e0 \u00eatre productif est que la t\u00e2che devant vous est trop grande. Imaginez que vous essayez de vous pr\u00e9parer \u00e0 une conf\u00e9rence de travail dans une autre ville, mais vous continuez \u00e0 le reporter. Cela pourrait \u00eatre d\u00fb au fait que \u00ab\u00a0Pr\u00e9parez-vous \u00e0 la conf\u00e9rence\u00a0\u00bb englobe trop: planifier votre vol, r\u00e9server votre h\u00f4tel, soumettre un remboursement de votre entreprise, d\u00e9terminer votre voyage \u00e0 l&rsquo;a\u00e9roport, emballer, planifier ce que vous ferez tous les jours du voyage , Coordination des responsabilit\u00e9s avec les coll\u00e8gues et assembler votre pr\u00e9sentation &#8211; tout est li\u00e9 mais sont toutes des activit\u00e9s assez diff\u00e9rentes. Les d\u00e9composer en cat\u00e9gories plus petites (manipuler les voyages, prendre soin de la planification et se pr\u00e9parer \u00e0 la conf\u00e9rence elle-m\u00eame) puis la rupture <em>ceux <\/em>dans les t\u00e2ches individuelles peut vous aider \u00e0 vous sentir moins d\u00e9pass\u00e9. <\/p>\n<p>C&rsquo;est l\u00e0 que vous utilisez un syst\u00e8me comme Kanban ou la m\u00e9thode JAR, qui peut vous aider \u00e0 hi\u00e9rarchiser et \u00e0 suivre le travail que vous devez faire un jour donn\u00e9. Essayer de prendre un projet en vrac sans le d\u00e9composer en pi\u00e8ces g\u00e9rables ne fera que vous frustrer. (C&rsquo;est pourquoi je ne recommande jamais de nettoyer toute votre maison \u00e0 la fois; vous devriez plut\u00f4t vous concentrer sur le nettoyage d&rsquo;une pi\u00e8ce pendant une courte p\u00e9riode.)<\/p>\n<h2 id=\"is-this-work-really-necessary\">\u00ab\u00a0Ce travail est-il vraiment n\u00e9cessaire?\u00a0\u00bb<\/h2>\n<p>Vous demander si votre travail est vraiment n\u00e9cessaire peut ressembler \u00e0 un flic, car vous vous donnez presque une excuse pour ne pas faire certaines choses, mais il y aura toujours des t\u00e2ches qui sont moins importantes ou m\u00eame inutiles, et les \u00e9liminer vous permettre de vous concentrer sur le d\u00e9marrage sur quelque chose qui compte vraiment. <\/p>\n<p>Tout d&rsquo;abord, utilisez une technique de hi\u00e9rarchisation comme la matrice Eisenhower ou la m\u00e9thode ABCDE pour d\u00e9terminer les choses que vous devez faire sont r\u00e9ellement pressantes et lesquelles sont du peluche. Une fois que vous avez compris ce qui est et n&rsquo;est pas imm\u00e9diatement n\u00e9cessaire, appelez l&rsquo;approche 4D, qui est souvent utilis\u00e9e pour trier les e-mails mais peut \u00eatre appliqu\u00e9e \u00e0 une vari\u00e9t\u00e9 d&rsquo;utilisations. Les quatre ds sont <strong>supprimer<\/strong>, <strong>faire<\/strong>, <strong>d\u00e9l\u00e9guer<\/strong>et <strong>reporter<\/strong>. Supprimer (ou oublier) tout ce qui n&rsquo;a pas besoin d&rsquo;\u00eatre fait, d\u00e9l\u00e9guer des t\u00e2ches mineures \u00e0 quelqu&rsquo;un d&rsquo;autre (comme demander \u00e0 votre enfant de nettoyer le salon ou un coll\u00e8gue pour entreprendre une partie d&rsquo;un projet plus grand), diff\u00e9rez des choses qui sont Il est important maintenant mais sera finalement, puis <em>faire<\/em> les choses importantes. <\/p>\n<p>Si vous ne hi\u00e9rarchisez pas tout ce que vous avez \u00e0 faire, vous vous retrouverez avec une liste de responsabilit\u00e9s qui est beaucoup trop longue, ce qui vous submergera et vous am\u00e8nera \u00e0 ne rien faire du tout. Passer un peu de temps en d\u00e9sherbant pour d\u00e9terminer ce qui est le plus pressant vous laissera juste les n\u00e9cessit\u00e9s, et le travail sur cette liste est garanti de se sentir plus \u00e9panouissant.<\/p>\n","protected":false},"excerpt":{"rendered":"<p>Vous devez creuser un peu plus avant de vous engager dans un projet. Lorsque vous avez un projet sur lequel travailler mais que vous ne<\/p>\n","protected":false},"author":1,"featured_media":4910,"comment_status":"","ping_status":"","sticky":false,"template":"","format":"standard","meta":{"footnotes":""},"categories":[43],"tags":[317,559,2966,126,482,5209,481,4],"class_list":["post-4909","post","type-post","status-publish","format-standard","has-post-thumbnail","hentry","category-travail","tag-cinq","tag-lorsque","tag-netes","tag-pas","tag-poser","tag-productif","tag-questions","tag-vous","generate-columns","tablet-grid-50","mobile-grid-100","grid-parent","grid-33"],"yoast_head":"<!-- This site is optimized with the Yoast SEO plugin v24.0 - https:\/\/yoast.com\/wordpress\/plugins\/seo\/ -->\n<title>Cinq questions \u00e0 vous poser lorsque vous n&#039;\u00eates pas productif | Vie Associative<\/title>\n<meta name=\"robots\" content=\"index, follow, max-snippet:-1, max-image-preview:large, max-video-preview:-1\" \/>\n<link rel=\"canonical\" href=\"https:\/\/vieassociative.be\/actualites\/cinq-questions-a-vous-poser-lorsque-vous-netes-pas-productif\/\" \/>\n<meta property=\"og:locale\" content=\"fr_FR\" \/>\n<meta property=\"og:type\" content=\"article\" \/>\n<meta property=\"og:title\" content=\"Cinq questions \u00e0 vous poser lorsque vous n&#039;\u00eates pas productif | Vie Associative\" \/>\n<meta property=\"og:description\" content=\"Vous devez creuser un peu plus avant de vous engager dans un projet. Lorsque vous avez un projet sur lequel travailler mais que vous ne\" \/>\n<meta property=\"og:url\" content=\"https:\/\/vieassociative.be\/actualites\/cinq-questions-a-vous-poser-lorsque-vous-netes-pas-productif\/\" \/>\n<meta property=\"og:site_name\" content=\"Vie Associative\" \/>\n<meta property=\"article:published_time\" content=\"2025-02-06T23:19:47+00:00\" \/>\n<meta property=\"og:image\" content=\"https:\/\/vieassociative.be\/actualites\/wp-content\/uploads\/2024\/09\/header_backgroundk-01-e1726694325946.png\" \/>\n\t<meta property=\"og:image:width\" content=\"279\" \/>\n\t<meta property=\"og:image:height\" content=\"92\" \/>\n\t<meta property=\"og:image:type\" content=\"image\/png\" \/>\n<meta name=\"author\" content=\"Julien\" \/>\n<meta name=\"twitter:card\" content=\"summary_large_image\" \/>\n<meta name=\"twitter:label1\" content=\"\u00c9crit par\" \/>\n\t<meta name=\"twitter:data1\" content=\"Julien\" \/>\n\t<meta name=\"twitter:label2\" content=\"Dur\u00e9e de lecture est.\" \/>\n\t<meta name=\"twitter:data2\" content=\"7 minutes\" \/>\n<script type=\"application\/ld+json\" class=\"yoast-schema-graph\">{\"@context\":\"https:\/\/schema.org\",\"@graph\":[{\"@type\":\"Article\",\"@id\":\"https:\/\/vieassociative.be\/actualites\/cinq-questions-a-vous-poser-lorsque-vous-netes-pas-productif\/#article\",\"isPartOf\":{\"@id\":\"https:\/\/vieassociative.be\/actualites\/cinq-questions-a-vous-poser-lorsque-vous-netes-pas-productif\/\"},\"author\":{\"name\":\"Julien\",\"@id\":\"https:\/\/vieassociative.be\/actualites\/#\/schema\/person\/b87ac4f82f9d4e7b7cec7395b679edc4\"},\"headline\":\"Cinq questions \u00e0 vous poser lorsque vous n&rsquo;\u00eates pas productif\",\"datePublished\":\"2025-02-06T23:19:47+00:00\",\"dateModified\":\"2025-02-06T23:19:47+00:00\",\"mainEntityOfPage\":{\"@id\":\"https:\/\/vieassociative.be\/actualites\/cinq-questions-a-vous-poser-lorsque-vous-netes-pas-productif\/\"},\"wordCount\":1470,\"publisher\":{\"@id\":\"https:\/\/vieassociative.be\/actualites\/#organization\"},\"image\":{\"@id\":\"https:\/\/vieassociative.be\/actualites\/cinq-questions-a-vous-poser-lorsque-vous-netes-pas-productif\/#primaryimage\"},\"thumbnailUrl\":\"https:\/\/vieassociative.be\/actualites\/wp-content\/uploads\/2025\/02\/Cinq-questions-a-vous-poser-lorsque-vous-netes-pas-productif.png\",\"keywords\":[\"Cinq\",\"lorsque\",\"n\u00eates\",\"pas\",\"poser\",\"productif\",\"questions\",\"Vous\"],\"articleSection\":[\"Travail\"],\"inLanguage\":\"fr-BE\"},{\"@type\":\"WebPage\",\"@id\":\"https:\/\/vieassociative.be\/actualites\/cinq-questions-a-vous-poser-lorsque-vous-netes-pas-productif\/\",\"url\":\"https:\/\/vieassociative.be\/actualites\/cinq-questions-a-vous-poser-lorsque-vous-netes-pas-productif\/\",\"name\":\"Cinq questions \u00e0 vous poser lorsque vous n'\u00eates pas productif | Vie Associative\",\"isPartOf\":{\"@id\":\"https:\/\/vieassociative.be\/actualites\/#website\"},\"primaryImageOfPage\":{\"@id\":\"https:\/\/vieassociative.be\/actualites\/cinq-questions-a-vous-poser-lorsque-vous-netes-pas-productif\/#primaryimage\"},\"image\":{\"@id\":\"https:\/\/vieassociative.be\/actualites\/cinq-questions-a-vous-poser-lorsque-vous-netes-pas-productif\/#primaryimage\"},\"thumbnailUrl\":\"https:\/\/vieassociative.be\/actualites\/wp-content\/uploads\/2025\/02\/Cinq-questions-a-vous-poser-lorsque-vous-netes-pas-productif.png\",\"datePublished\":\"2025-02-06T23:19:47+00:00\",\"dateModified\":\"2025-02-06T23:19:47+00:00\",\"breadcrumb\":{\"@id\":\"https:\/\/vieassociative.be\/actualites\/cinq-questions-a-vous-poser-lorsque-vous-netes-pas-productif\/#breadcrumb\"},\"inLanguage\":\"fr-BE\",\"potentialAction\":[{\"@type\":\"ReadAction\",\"target\":[\"https:\/\/vieassociative.be\/actualites\/cinq-questions-a-vous-poser-lorsque-vous-netes-pas-productif\/\"]}]},{\"@type\":\"ImageObject\",\"inLanguage\":\"fr-BE\",\"@id\":\"https:\/\/vieassociative.be\/actualites\/cinq-questions-a-vous-poser-lorsque-vous-netes-pas-productif\/#primaryimage\",\"url\":\"https:\/\/vieassociative.be\/actualites\/wp-content\/uploads\/2025\/02\/Cinq-questions-a-vous-poser-lorsque-vous-netes-pas-productif.png\",\"contentUrl\":\"https:\/\/vieassociative.be\/actualites\/wp-content\/uploads\/2025\/02\/Cinq-questions-a-vous-poser-lorsque-vous-netes-pas-productif.png\",\"width\":1200,\"height\":675,\"caption\":\"Cinq questions \u00e0 vous poser lorsque vous n'\u00eates pas productif\"},{\"@type\":\"BreadcrumbList\",\"@id\":\"https:\/\/vieassociative.be\/actualites\/cinq-questions-a-vous-poser-lorsque-vous-netes-pas-productif\/#breadcrumb\",\"itemListElement\":[{\"@type\":\"ListItem\",\"position\":1,\"name\":\"Accueil\",\"item\":\"https:\/\/vieassociative.be\/actualites\/\"},{\"@type\":\"ListItem\",\"position\":2,\"name\":\"Cinq questions \u00e0 vous poser lorsque vous n&rsquo;\u00eates pas productif\"}]},{\"@type\":\"WebSite\",\"@id\":\"https:\/\/vieassociative.be\/actualites\/#website\",\"url\":\"https:\/\/vieassociative.be\/actualites\/\",\"name\":\"Vie Associative\",\"description\":\"\",\"publisher\":{\"@id\":\"https:\/\/vieassociative.be\/actualites\/#organization\"},\"potentialAction\":[{\"@type\":\"SearchAction\",\"target\":{\"@type\":\"EntryPoint\",\"urlTemplate\":\"https:\/\/vieassociative.be\/actualites\/?s={search_term_string}\"},\"query-input\":{\"@type\":\"PropertyValueSpecification\",\"valueRequired\":true,\"valueName\":\"search_term_string\"}}],\"inLanguage\":\"fr-BE\"},{\"@type\":\"Organization\",\"@id\":\"https:\/\/vieassociative.be\/actualites\/#organization\",\"name\":\"Vie Associative\",\"url\":\"https:\/\/vieassociative.be\/actualites\/\",\"logo\":{\"@type\":\"ImageObject\",\"inLanguage\":\"fr-BE\",\"@id\":\"https:\/\/vieassociative.be\/actualites\/#\/schema\/logo\/image\/\",\"url\":\"https:\/\/vieassociative.be\/actualites\/wp-content\/uploads\/2024\/09\/cropped-vieassociative_favicon.ico.png\",\"contentUrl\":\"https:\/\/vieassociative.be\/actualites\/wp-content\/uploads\/2024\/09\/cropped-vieassociative_favicon.ico.png\",\"width\":512,\"height\":512,\"caption\":\"Vie Associative\"},\"image\":{\"@id\":\"https:\/\/vieassociative.be\/actualites\/#\/schema\/logo\/image\/\"}},{\"@type\":\"Person\",\"@id\":\"https:\/\/vieassociative.be\/actualites\/#\/schema\/person\/b87ac4f82f9d4e7b7cec7395b679edc4\",\"name\":\"Julien\",\"image\":{\"@type\":\"ImageObject\",\"inLanguage\":\"fr-BE\",\"@id\":\"https:\/\/vieassociative.be\/actualites\/#\/schema\/person\/image\/\",\"url\":\"https:\/\/vieassociative.be\/actualites\/wp-content\/uploads\/2024\/09\/vie-associative-1-150x150.jpg\",\"contentUrl\":\"https:\/\/vieassociative.be\/actualites\/wp-content\/uploads\/2024\/09\/vie-associative-1-150x150.jpg\",\"caption\":\"Julien\"},\"description\":\"Je suis Julien, r\u00e9dacteur pour Vie Associative. Passionn\u00e9 par le monde associatif depuis plus de 10 ans, j'ai \u00e0 c\u0153ur de partager des histoires inspirantes et de mettre en lumi\u00e8re les initiatives locales. Mon objectif est de sensibiliser et d'encourager l'engagement communautaire \u00e0 travers mes articles.\",\"sameAs\":[\"https:\/\/vieassociative.be\/\"]}]}<\/script>\n<!-- \/ Yoast SEO plugin. -->","yoast_head_json":{"title":"Cinq questions \u00e0 vous poser lorsque vous n'\u00eates pas productif | Vie Associative","robots":{"index":"index","follow":"follow","max-snippet":"max-snippet:-1","max-image-preview":"max-image-preview:large","max-video-preview":"max-video-preview:-1"},"canonical":"https:\/\/vieassociative.be\/actualites\/cinq-questions-a-vous-poser-lorsque-vous-netes-pas-productif\/","og_locale":"fr_FR","og_type":"article","og_title":"Cinq questions \u00e0 vous poser lorsque vous n'\u00eates pas productif | Vie Associative","og_description":"Vous devez creuser un peu plus avant de vous engager dans un projet. Lorsque vous avez un projet sur lequel travailler mais que vous ne","og_url":"https:\/\/vieassociative.be\/actualites\/cinq-questions-a-vous-poser-lorsque-vous-netes-pas-productif\/","og_site_name":"Vie Associative","article_published_time":"2025-02-06T23:19:47+00:00","og_image":[{"width":279,"height":92,"url":"https:\/\/vieassociative.be\/actualites\/wp-content\/uploads\/2024\/09\/header_backgroundk-01-e1726694325946.png","type":"image\/png"}],"author":"Julien","twitter_card":"summary_large_image","twitter_misc":{"\u00c9crit par":"Julien","Dur\u00e9e de lecture est.":"7 minutes"},"schema":{"@context":"https:\/\/schema.org","@graph":[{"@type":"Article","@id":"https:\/\/vieassociative.be\/actualites\/cinq-questions-a-vous-poser-lorsque-vous-netes-pas-productif\/#article","isPartOf":{"@id":"https:\/\/vieassociative.be\/actualites\/cinq-questions-a-vous-poser-lorsque-vous-netes-pas-productif\/"},"author":{"name":"Julien","@id":"https:\/\/vieassociative.be\/actualites\/#\/schema\/person\/b87ac4f82f9d4e7b7cec7395b679edc4"},"headline":"Cinq questions \u00e0 vous poser lorsque vous n&rsquo;\u00eates pas productif","datePublished":"2025-02-06T23:19:47+00:00","dateModified":"2025-02-06T23:19:47+00:00","mainEntityOfPage":{"@id":"https:\/\/vieassociative.be\/actualites\/cinq-questions-a-vous-poser-lorsque-vous-netes-pas-productif\/"},"wordCount":1470,"publisher":{"@id":"https:\/\/vieassociative.be\/actualites\/#organization"},"image":{"@id":"https:\/\/vieassociative.be\/actualites\/cinq-questions-a-vous-poser-lorsque-vous-netes-pas-productif\/#primaryimage"},"thumbnailUrl":"https:\/\/vieassociative.be\/actualites\/wp-content\/uploads\/2025\/02\/Cinq-questions-a-vous-poser-lorsque-vous-netes-pas-productif.png","keywords":["Cinq","lorsque","n\u00eates","pas","poser","productif","questions","Vous"],"articleSection":["Travail"],"inLanguage":"fr-BE"},{"@type":"WebPage","@id":"https:\/\/vieassociative.be\/actualites\/cinq-questions-a-vous-poser-lorsque-vous-netes-pas-productif\/","url":"https:\/\/vieassociative.be\/actualites\/cinq-questions-a-vous-poser-lorsque-vous-netes-pas-productif\/","name":"Cinq questions \u00e0 vous poser lorsque vous n'\u00eates pas productif | Vie Associative","isPartOf":{"@id":"https:\/\/vieassociative.be\/actualites\/#website"},"primaryImageOfPage":{"@id":"https:\/\/vieassociative.be\/actualites\/cinq-questions-a-vous-poser-lorsque-vous-netes-pas-productif\/#primaryimage"},"image":{"@id":"https:\/\/vieassociative.be\/actualites\/cinq-questions-a-vous-poser-lorsque-vous-netes-pas-productif\/#primaryimage"},"thumbnailUrl":"https:\/\/vieassociative.be\/actualites\/wp-content\/uploads\/2025\/02\/Cinq-questions-a-vous-poser-lorsque-vous-netes-pas-productif.png","datePublished":"2025-02-06T23:19:47+00:00","dateModified":"2025-02-06T23:19:47+00:00","breadcrumb":{"@id":"https:\/\/vieassociative.be\/actualites\/cinq-questions-a-vous-poser-lorsque-vous-netes-pas-productif\/#breadcrumb"},"inLanguage":"fr-BE","potentialAction":[{"@type":"ReadAction","target":["https:\/\/vieassociative.be\/actualites\/cinq-questions-a-vous-poser-lorsque-vous-netes-pas-productif\/"]}]},{"@type":"ImageObject","inLanguage":"fr-BE","@id":"https:\/\/vieassociative.be\/actualites\/cinq-questions-a-vous-poser-lorsque-vous-netes-pas-productif\/#primaryimage","url":"https:\/\/vieassociative.be\/actualites\/wp-content\/uploads\/2025\/02\/Cinq-questions-a-vous-poser-lorsque-vous-netes-pas-productif.png","contentUrl":"https:\/\/vieassociative.be\/actualites\/wp-content\/uploads\/2025\/02\/Cinq-questions-a-vous-poser-lorsque-vous-netes-pas-productif.png","width":1200,"height":675,"caption":"Cinq questions \u00e0 vous poser lorsque vous n'\u00eates pas productif"},{"@type":"BreadcrumbList","@id":"https:\/\/vieassociative.be\/actualites\/cinq-questions-a-vous-poser-lorsque-vous-netes-pas-productif\/#breadcrumb","itemListElement":[{"@type":"ListItem","position":1,"name":"Accueil","item":"https:\/\/vieassociative.be\/actualites\/"},{"@type":"ListItem","position":2,"name":"Cinq questions \u00e0 vous poser lorsque vous n&rsquo;\u00eates pas productif"}]},{"@type":"WebSite","@id":"https:\/\/vieassociative.be\/actualites\/#website","url":"https:\/\/vieassociative.be\/actualites\/","name":"Vie Associative","description":"","publisher":{"@id":"https:\/\/vieassociative.be\/actualites\/#organization"},"potentialAction":[{"@type":"SearchAction","target":{"@type":"EntryPoint","urlTemplate":"https:\/\/vieassociative.be\/actualites\/?s={search_term_string}"},"query-input":{"@type":"PropertyValueSpecification","valueRequired":true,"valueName":"search_term_string"}}],"inLanguage":"fr-BE"},{"@type":"Organization","@id":"https:\/\/vieassociative.be\/actualites\/#organization","name":"Vie Associative","url":"https:\/\/vieassociative.be\/actualites\/","logo":{"@type":"ImageObject","inLanguage":"fr-BE","@id":"https:\/\/vieassociative.be\/actualites\/#\/schema\/logo\/image\/","url":"https:\/\/vieassociative.be\/actualites\/wp-content\/uploads\/2024\/09\/cropped-vieassociative_favicon.ico.png","contentUrl":"https:\/\/vieassociative.be\/actualites\/wp-content\/uploads\/2024\/09\/cropped-vieassociative_favicon.ico.png","width":512,"height":512,"caption":"Vie Associative"},"image":{"@id":"https:\/\/vieassociative.be\/actualites\/#\/schema\/logo\/image\/"}},{"@type":"Person","@id":"https:\/\/vieassociative.be\/actualites\/#\/schema\/person\/b87ac4f82f9d4e7b7cec7395b679edc4","name":"Julien","image":{"@type":"ImageObject","inLanguage":"fr-BE","@id":"https:\/\/vieassociative.be\/actualites\/#\/schema\/person\/image\/","url":"https:\/\/vieassociative.be\/actualites\/wp-content\/uploads\/2024\/09\/vie-associative-1-150x150.jpg","contentUrl":"https:\/\/vieassociative.be\/actualites\/wp-content\/uploads\/2024\/09\/vie-associative-1-150x150.jpg","caption":"Julien"},"description":"Je suis Julien, r\u00e9dacteur pour Vie Associative. Passionn\u00e9 par le monde associatif depuis plus de 10 ans, j'ai \u00e0 c\u0153ur de partager des histoires inspirantes et de mettre en lumi\u00e8re les initiatives locales. Mon objectif est de sensibiliser et d'encourager l'engagement communautaire \u00e0 travers mes articles.","sameAs":["https:\/\/vieassociative.be\/"]}]}},"_links":{"self":[{"href":"https:\/\/vieassociative.be\/actualites\/wp-json\/wp\/v2\/posts\/4909"}],"collection":[{"href":"https:\/\/vieassociative.be\/actualites\/wp-json\/wp\/v2\/posts"}],"about":[{"href":"https:\/\/vieassociative.be\/actualites\/wp-json\/wp\/v2\/types\/post"}],"author":[{"embeddable":true,"href":"https:\/\/vieassociative.be\/actualites\/wp-json\/wp\/v2\/users\/1"}],"replies":[{"embeddable":true,"href":"https:\/\/vieassociative.be\/actualites\/wp-json\/wp\/v2\/comments?post=4909"}],"version-history":[{"count":0,"href":"https:\/\/vieassociative.be\/actualites\/wp-json\/wp\/v2\/posts\/4909\/revisions"}],"wp:featuredmedia":[{"embeddable":true,"href":"https:\/\/vieassociative.be\/actualites\/wp-json\/wp\/v2\/media\/4910"}],"wp:attachment":[{"href":"https:\/\/vieassociative.be\/actualites\/wp-json\/wp\/v2\/media?parent=4909"}],"wp:term":[{"taxonomy":"category","embeddable":true,"href":"https:\/\/vieassociative.be\/actualites\/wp-json\/wp\/v2\/categories?post=4909"},{"taxonomy":"post_tag","embeddable":true,"href":"https:\/\/vieassociative.be\/actualites\/wp-json\/wp\/v2\/tags?post=4909"}],"curies":[{"name":"wp","href":"https:\/\/api.w.org\/{rel}","templated":true}]}}