{"id":4906,"date":"2025-02-06T21:19:05","date_gmt":"2025-02-06T20:19:05","guid":{"rendered":"https:\/\/vieassociative.be\/actualites\/donald-trump-a-signe-dekret-les-personnes-trans-devraient-etre-exclues-des-sports-feminins\/"},"modified":"2025-02-06T21:19:05","modified_gmt":"2025-02-06T20:19:05","slug":"donald-trump-a-signe-dekret-les-personnes-trans-devraient-etre-exclues-des-sports-feminins","status":"publish","type":"post","link":"https:\/\/vieassociative.be\/actualites\/donald-trump-a-signe-dekret-les-personnes-trans-devraient-etre-exclues-des-sports-feminins\/","title":{"rendered":"Donald Trump a sign\u00e9 Dekret: les personnes trans devraient \u00eatre exclues des sports f\u00e9minins"},"content":{"rendered":"<p><strong>Le pr\u00e9sident am\u00e9ricain Donald Trump a sign\u00e9 un d\u00e9cret pour exclure les personnes trans de participer aux sports f\u00e9minins, en particulier dans les \u00e9coles publiques et les universit\u00e9s.<\/strong><\/p>\n<p><span id=\"more-407598\"><\/span>\u00ab\u00a0Avec ce d\u00e9cret, la guerre contre les sports des femmes est termin\u00e9e\u00a0\u00bb, a expliqu\u00e9 Trump \u00e0 la Maison Blanche et, comme souvent, a critiqu\u00e9 \u00ab\u00a0l&rsquo;id\u00e9ologie transgenre militante\u00a0\u00bb de la \u00ab\u00a0gauche radicale\u00a0\u00bb dans ses yeux.<\/p>\n<p>Les \u00e9tablissements d&rsquo;enseignement menacent de retirer des fonds f\u00e9d\u00e9raux s&rsquo;ils permettent aux athl\u00e8tes transgenres de participer \u00e0 des \u00e9quipes qui ne correspondent pas \u00e0 leur sexe attribu\u00e9 \u00e0 la naissance. Les \u00e9coles qui donnent aux personnes trans aux vestiaires qui ne correspondent pas \u00e0 la famille biologique pourraient \u00e9galement \u00eatre sanctionn\u00e9s. Les \u00e9coles et les universit\u00e9s sont souvent consid\u00e9r\u00e9es comme des talents aux \u00c9tats-Unis. Ils jouent donc un r\u00f4le central dans les sports professionnels.<\/p>\n<p><b>&#8211; vent de face juridique attendu: <\/b>Les transmens ou transgenres sont des personnes qui ne s&rsquo;identifient pas au sexe qui leur ont \u00e9t\u00e9 attribu\u00e9s \u00e0 la naissance. Le nouveau d\u00e9cret fait partie d&rsquo;une s\u00e9rie de mesures similaires du gouvernement Trump, notamment des restrictions pour les personnes transgenres dans l&rsquo;arm\u00e9e am\u00e9ricaine.<\/p>\n<p>Comme pour les d\u00e9crets pr\u00e9c\u00e9dents, une r\u00e9sistance juridique est attendue ici. Les opposants soutiennent qu&rsquo;il existe des preuves fond\u00e9es sur les puits d&rsquo;ex\u00e9cution que les athl\u00e8tes transgenres dominent les sports f\u00e9minins \u00e0 grande \u00e9chelle. Ils soulignent que les organisations sportives ont d\u00e9j\u00e0 d\u00e9velopp\u00e9 des r\u00e9glementations diff\u00e9renci\u00e9es qui prennent en compte des facteurs scientifiques tels que les niveaux d&rsquo;hormones.<\/p>\n<p>Les critiques avertissent que de telles mesures favorisent la polarisation politique plut\u00f4t que de cr\u00e9er des solutions \u00e9quitables pour le sport. On craint \u00e9galement que l&rsquo;exclusion des jeunes transgenres puisse mettre en danger leur sant\u00e9 mentale.<\/p>\n<p>Le pr\u00e9sident am\u00e9ricain a une certaine autorit\u00e9 par d\u00e9cret, mais ses ordonnances peuvent ne pas violer les lois existantes ou la Constitution. Si vous d\u00e9passez les limites l\u00e9gales ou si vous \u00eates consid\u00e9r\u00e9 comme discriminatoire, les plats pourraient les annuler. (DPA)<\/p>\n<p><em><strong>Sur le sujet, voir \u00e9galement l&rsquo;article suivant sur OD:<\/strong><\/em><\/p>\n<div class=\"responsive-embed widescreen\">\n<blockquote class=\"wp-embedded-content\" data-secret=\"JjAe841jr8\">\n<p>Donald Trump veut arr\u00eater le \u00ab\u00a0sens transgenre de l&rsquo;esprit\u00a0\u00bb &#8211; \u00ab\u00a0seulement deux sexes: homme ou femme\u00a0\u00bb<\/p>\n<\/blockquote>\n<p><iframe loading=\"lazy\" class=\"wp-embedded-content\" sandbox=\"allow-scripts\" security=\"restricted\" style=\"position: absolute; visibility: hidden;\" title=\"\u201eDonald Trump will den \u201eTransgender-Irrsinn\u201c stoppen \u2013 \u201eNur zwei Geschlechter: m\u00e4nnlich oder weiblich\u201c\u201c \u2014 Ostbelgien Direkt\" src=\"https:\/\/ostbelgiendirekt.be\/about:blank\" data-secret=\"JjAe841jr8\" width=\"500\" height=\"282\" frameborder=\"0\" marginwidth=\"0\" marginheight=\"0\" scrolling=\"no\" data-rocket-lazyload=\"fitvidscompatible\" data-lazy-src=\"https:\/\/ostbelgiendirekt.be\/donald-trump-will-transgender-irrsinn-stoppen-404708\/embed#?secret=Td3ovmvIwx#?secret=JjAe841jr8\"><\/iframe><noscript><iframe class=\"wp-embedded-content\" sandbox=\"allow-scripts\" security=\"restricted\" style=\"position: absolute; visibility: hidden;\" title=\"\u201eDonald Trump will den \u201eTransgender-Irrsinn\u201c stoppen \u2013 \u201eNur zwei Geschlechter: m\u00e4nnlich oder weiblich\u201c\u201c \u2014 Ostbelgien Direkt\" src=\"https:\/\/ostbelgiendirekt.be\/donald-trump-will-transgender-irrsinn-stoppen-404708\/embed#?secret=Td3ovmvIwx#?secret=JjAe841jr8\" data-secret=\"JjAe841jr8\" width=\"500\" height=\"282\" frameborder=\"0\" marginwidth=\"0\" marginheight=\"0\" scrolling=\"no\"><\/iframe><\/noscript><\/p>\n<\/div>\n","protected":false},"excerpt":{"rendered":"<p>Le pr\u00e9sident am\u00e9ricain Donald Trump a sign\u00e9 un d\u00e9cret pour exclure les personnes trans de participer aux sports f\u00e9minins, en particulier dans les \u00e9coles publiques<\/p>\n","protected":false},"author":1,"featured_media":4907,"comment_status":"","ping_status":"","sticky":false,"template":"","format":"standard","meta":{"footnotes":""},"categories":[298],"tags":[5204,29,1321,2424,23,5206,5208,14,714,5203,5207,5205,2425],"class_list":["post-4906","post","type-post","status-publish","format-standard","has-post-thumbnail","hentry","category-belgique","tag-dekret","tag-des","tag-devraient","tag-donald","tag-etre","tag-exclues","tag-feminins","tag-les","tag-personnes","tag-signe","tag-sports","tag-trans","tag-trump","generate-columns","tablet-grid-50","mobile-grid-100","grid-parent","grid-33"],"yoast_head":"<!-- This site is optimized with the Yoast SEO plugin v24.0 - https:\/\/yoast.com\/wordpress\/plugins\/seo\/ -->\n<title>Donald Trump a sign\u00e9 Dekret: les personnes trans devraient \u00eatre exclues des sports f\u00e9minins | Vie Associative<\/title>\n<meta name=\"robots\" content=\"index, follow, max-snippet:-1, max-image-preview:large, max-video-preview:-1\" \/>\n<link rel=\"canonical\" href=\"https:\/\/vieassociative.be\/actualites\/donald-trump-a-signe-dekret-les-personnes-trans-devraient-etre-exclues-des-sports-feminins\/\" \/>\n<meta property=\"og:locale\" content=\"fr_FR\" \/>\n<meta property=\"og:type\" content=\"article\" \/>\n<meta property=\"og:title\" content=\"Donald Trump a sign\u00e9 Dekret: les personnes trans devraient \u00eatre exclues des sports f\u00e9minins | Vie Associative\" \/>\n<meta property=\"og:description\" content=\"Le pr\u00e9sident am\u00e9ricain Donald Trump a sign\u00e9 un d\u00e9cret pour exclure les personnes trans de participer aux sports f\u00e9minins, en particulier dans les \u00e9coles publiques\" \/>\n<meta property=\"og:url\" content=\"https:\/\/vieassociative.be\/actualites\/donald-trump-a-signe-dekret-les-personnes-trans-devraient-etre-exclues-des-sports-feminins\/\" \/>\n<meta property=\"og:site_name\" content=\"Vie Associative\" \/>\n<meta property=\"article:published_time\" content=\"2025-02-06T20:19:05+00:00\" \/>\n<meta property=\"og:image\" content=\"https:\/\/vieassociative.be\/actualites\/wp-content\/uploads\/2024\/09\/header_backgroundk-01-e1726694325946.png\" \/>\n\t<meta property=\"og:image:width\" content=\"279\" \/>\n\t<meta property=\"og:image:height\" content=\"92\" \/>\n\t<meta property=\"og:image:type\" content=\"image\/png\" \/>\n<meta name=\"author\" content=\"Julien\" \/>\n<meta name=\"twitter:card\" content=\"summary_large_image\" \/>\n<meta name=\"twitter:label1\" content=\"\u00c9crit par\" \/>\n\t<meta name=\"twitter:data1\" content=\"Julien\" \/>\n\t<meta name=\"twitter:label2\" content=\"Dur\u00e9e de lecture est.\" \/>\n\t<meta name=\"twitter:data2\" content=\"2 minutes\" \/>\n<script type=\"application\/ld+json\" class=\"yoast-schema-graph\">{\"@context\":\"https:\/\/schema.org\",\"@graph\":[{\"@type\":\"Article\",\"@id\":\"https:\/\/vieassociative.be\/actualites\/donald-trump-a-signe-dekret-les-personnes-trans-devraient-etre-exclues-des-sports-feminins\/#article\",\"isPartOf\":{\"@id\":\"https:\/\/vieassociative.be\/actualites\/donald-trump-a-signe-dekret-les-personnes-trans-devraient-etre-exclues-des-sports-feminins\/\"},\"author\":{\"name\":\"Julien\",\"@id\":\"https:\/\/vieassociative.be\/actualites\/#\/schema\/person\/b87ac4f82f9d4e7b7cec7395b679edc4\"},\"headline\":\"Donald Trump a sign\u00e9 Dekret: les personnes trans devraient \u00eatre exclues des sports f\u00e9minins\",\"datePublished\":\"2025-02-06T20:19:05+00:00\",\"dateModified\":\"2025-02-06T20:19:05+00:00\",\"mainEntityOfPage\":{\"@id\":\"https:\/\/vieassociative.be\/actualites\/donald-trump-a-signe-dekret-les-personnes-trans-devraient-etre-exclues-des-sports-feminins\/\"},\"wordCount\":409,\"publisher\":{\"@id\":\"https:\/\/vieassociative.be\/actualites\/#organization\"},\"image\":{\"@id\":\"https:\/\/vieassociative.be\/actualites\/donald-trump-a-signe-dekret-les-personnes-trans-devraient-etre-exclues-des-sports-feminins\/#primaryimage\"},\"thumbnailUrl\":\"https:\/\/vieassociative.be\/actualites\/wp-content\/uploads\/2025\/02\/Donald-Trump-a-signe-Dekret-les-personnes-trans-devraient-etre.jpg\",\"keywords\":[\"Dekret\",\"Des\",\"devraient\",\"Donald\",\"\u00eatre\",\"exclues\",\"f\u00e9minins\",\"Les\",\"personnes\",\"sign\u00e9\",\"sports\",\"trans\",\"Trump\"],\"articleSection\":[\"Belgique\"],\"inLanguage\":\"fr-BE\"},{\"@type\":\"WebPage\",\"@id\":\"https:\/\/vieassociative.be\/actualites\/donald-trump-a-signe-dekret-les-personnes-trans-devraient-etre-exclues-des-sports-feminins\/\",\"url\":\"https:\/\/vieassociative.be\/actualites\/donald-trump-a-signe-dekret-les-personnes-trans-devraient-etre-exclues-des-sports-feminins\/\",\"name\":\"Donald Trump a sign\u00e9 Dekret: les personnes trans devraient \u00eatre exclues des sports f\u00e9minins | Vie Associative\",\"isPartOf\":{\"@id\":\"https:\/\/vieassociative.be\/actualites\/#website\"},\"primaryImageOfPage\":{\"@id\":\"https:\/\/vieassociative.be\/actualites\/donald-trump-a-signe-dekret-les-personnes-trans-devraient-etre-exclues-des-sports-feminins\/#primaryimage\"},\"image\":{\"@id\":\"https:\/\/vieassociative.be\/actualites\/donald-trump-a-signe-dekret-les-personnes-trans-devraient-etre-exclues-des-sports-feminins\/#primaryimage\"},\"thumbnailUrl\":\"https:\/\/vieassociative.be\/actualites\/wp-content\/uploads\/2025\/02\/Donald-Trump-a-signe-Dekret-les-personnes-trans-devraient-etre.jpg\",\"datePublished\":\"2025-02-06T20:19:05+00:00\",\"dateModified\":\"2025-02-06T20:19:05+00:00\",\"breadcrumb\":{\"@id\":\"https:\/\/vieassociative.be\/actualites\/donald-trump-a-signe-dekret-les-personnes-trans-devraient-etre-exclues-des-sports-feminins\/#breadcrumb\"},\"inLanguage\":\"fr-BE\",\"potentialAction\":[{\"@type\":\"ReadAction\",\"target\":[\"https:\/\/vieassociative.be\/actualites\/donald-trump-a-signe-dekret-les-personnes-trans-devraient-etre-exclues-des-sports-feminins\/\"]}]},{\"@type\":\"ImageObject\",\"inLanguage\":\"fr-BE\",\"@id\":\"https:\/\/vieassociative.be\/actualites\/donald-trump-a-signe-dekret-les-personnes-trans-devraient-etre-exclues-des-sports-feminins\/#primaryimage\",\"url\":\"https:\/\/vieassociative.be\/actualites\/wp-content\/uploads\/2025\/02\/Donald-Trump-a-signe-Dekret-les-personnes-trans-devraient-etre.jpg\",\"contentUrl\":\"https:\/\/vieassociative.be\/actualites\/wp-content\/uploads\/2025\/02\/Donald-Trump-a-signe-Dekret-les-personnes-trans-devraient-etre.jpg\",\"width\":1200,\"height\":800,\"caption\":\"Donald Trump a sign\u00e9 Dekret: les personnes trans devraient \u00eatre exclues des sports f\u00e9minins\"},{\"@type\":\"BreadcrumbList\",\"@id\":\"https:\/\/vieassociative.be\/actualites\/donald-trump-a-signe-dekret-les-personnes-trans-devraient-etre-exclues-des-sports-feminins\/#breadcrumb\",\"itemListElement\":[{\"@type\":\"ListItem\",\"position\":1,\"name\":\"Accueil\",\"item\":\"https:\/\/vieassociative.be\/actualites\/\"},{\"@type\":\"ListItem\",\"position\":2,\"name\":\"Donald Trump a sign\u00e9 Dekret: les personnes trans devraient \u00eatre exclues des sports f\u00e9minins\"}]},{\"@type\":\"WebSite\",\"@id\":\"https:\/\/vieassociative.be\/actualites\/#website\",\"url\":\"https:\/\/vieassociative.be\/actualites\/\",\"name\":\"Vie Associative\",\"description\":\"\",\"publisher\":{\"@id\":\"https:\/\/vieassociative.be\/actualites\/#organization\"},\"potentialAction\":[{\"@type\":\"SearchAction\",\"target\":{\"@type\":\"EntryPoint\",\"urlTemplate\":\"https:\/\/vieassociative.be\/actualites\/?s={search_term_string}\"},\"query-input\":{\"@type\":\"PropertyValueSpecification\",\"valueRequired\":true,\"valueName\":\"search_term_string\"}}],\"inLanguage\":\"fr-BE\"},{\"@type\":\"Organization\",\"@id\":\"https:\/\/vieassociative.be\/actualites\/#organization\",\"name\":\"Vie Associative\",\"url\":\"https:\/\/vieassociative.be\/actualites\/\",\"logo\":{\"@type\":\"ImageObject\",\"inLanguage\":\"fr-BE\",\"@id\":\"https:\/\/vieassociative.be\/actualites\/#\/schema\/logo\/image\/\",\"url\":\"https:\/\/vieassociative.be\/actualites\/wp-content\/uploads\/2024\/09\/cropped-vieassociative_favicon.ico.png\",\"contentUrl\":\"https:\/\/vieassociative.be\/actualites\/wp-content\/uploads\/2024\/09\/cropped-vieassociative_favicon.ico.png\",\"width\":512,\"height\":512,\"caption\":\"Vie Associative\"},\"image\":{\"@id\":\"https:\/\/vieassociative.be\/actualites\/#\/schema\/logo\/image\/\"}},{\"@type\":\"Person\",\"@id\":\"https:\/\/vieassociative.be\/actualites\/#\/schema\/person\/b87ac4f82f9d4e7b7cec7395b679edc4\",\"name\":\"Julien\",\"image\":{\"@type\":\"ImageObject\",\"inLanguage\":\"fr-BE\",\"@id\":\"https:\/\/vieassociative.be\/actualites\/#\/schema\/person\/image\/\",\"url\":\"https:\/\/vieassociative.be\/actualites\/wp-content\/uploads\/2024\/09\/vie-associative-1-150x150.jpg\",\"contentUrl\":\"https:\/\/vieassociative.be\/actualites\/wp-content\/uploads\/2024\/09\/vie-associative-1-150x150.jpg\",\"caption\":\"Julien\"},\"description\":\"Je suis Julien, r\u00e9dacteur pour Vie Associative. Passionn\u00e9 par le monde associatif depuis plus de 10 ans, j'ai \u00e0 c\u0153ur de partager des histoires inspirantes et de mettre en lumi\u00e8re les initiatives locales. Mon objectif est de sensibiliser et d'encourager l'engagement communautaire \u00e0 travers mes articles.\",\"sameAs\":[\"https:\/\/vieassociative.be\/\"]}]}<\/script>\n<!-- \/ Yoast SEO plugin. -->","yoast_head_json":{"title":"Donald Trump a sign\u00e9 Dekret: les personnes trans devraient \u00eatre exclues des sports f\u00e9minins | Vie Associative","robots":{"index":"index","follow":"follow","max-snippet":"max-snippet:-1","max-image-preview":"max-image-preview:large","max-video-preview":"max-video-preview:-1"},"canonical":"https:\/\/vieassociative.be\/actualites\/donald-trump-a-signe-dekret-les-personnes-trans-devraient-etre-exclues-des-sports-feminins\/","og_locale":"fr_FR","og_type":"article","og_title":"Donald Trump a sign\u00e9 Dekret: les personnes trans devraient \u00eatre exclues des sports f\u00e9minins | Vie Associative","og_description":"Le pr\u00e9sident am\u00e9ricain Donald Trump a sign\u00e9 un d\u00e9cret pour exclure les personnes trans de participer aux sports f\u00e9minins, en particulier dans les \u00e9coles publiques","og_url":"https:\/\/vieassociative.be\/actualites\/donald-trump-a-signe-dekret-les-personnes-trans-devraient-etre-exclues-des-sports-feminins\/","og_site_name":"Vie Associative","article_published_time":"2025-02-06T20:19:05+00:00","og_image":[{"width":279,"height":92,"url":"https:\/\/vieassociative.be\/actualites\/wp-content\/uploads\/2024\/09\/header_backgroundk-01-e1726694325946.png","type":"image\/png"}],"author":"Julien","twitter_card":"summary_large_image","twitter_misc":{"\u00c9crit par":"Julien","Dur\u00e9e de lecture est.":"2 minutes"},"schema":{"@context":"https:\/\/schema.org","@graph":[{"@type":"Article","@id":"https:\/\/vieassociative.be\/actualites\/donald-trump-a-signe-dekret-les-personnes-trans-devraient-etre-exclues-des-sports-feminins\/#article","isPartOf":{"@id":"https:\/\/vieassociative.be\/actualites\/donald-trump-a-signe-dekret-les-personnes-trans-devraient-etre-exclues-des-sports-feminins\/"},"author":{"name":"Julien","@id":"https:\/\/vieassociative.be\/actualites\/#\/schema\/person\/b87ac4f82f9d4e7b7cec7395b679edc4"},"headline":"Donald Trump a sign\u00e9 Dekret: les personnes trans devraient \u00eatre exclues des sports f\u00e9minins","datePublished":"2025-02-06T20:19:05+00:00","dateModified":"2025-02-06T20:19:05+00:00","mainEntityOfPage":{"@id":"https:\/\/vieassociative.be\/actualites\/donald-trump-a-signe-dekret-les-personnes-trans-devraient-etre-exclues-des-sports-feminins\/"},"wordCount":409,"publisher":{"@id":"https:\/\/vieassociative.be\/actualites\/#organization"},"image":{"@id":"https:\/\/vieassociative.be\/actualites\/donald-trump-a-signe-dekret-les-personnes-trans-devraient-etre-exclues-des-sports-feminins\/#primaryimage"},"thumbnailUrl":"https:\/\/vieassociative.be\/actualites\/wp-content\/uploads\/2025\/02\/Donald-Trump-a-signe-Dekret-les-personnes-trans-devraient-etre.jpg","keywords":["Dekret","Des","devraient","Donald","\u00eatre","exclues","f\u00e9minins","Les","personnes","sign\u00e9","sports","trans","Trump"],"articleSection":["Belgique"],"inLanguage":"fr-BE"},{"@type":"WebPage","@id":"https:\/\/vieassociative.be\/actualites\/donald-trump-a-signe-dekret-les-personnes-trans-devraient-etre-exclues-des-sports-feminins\/","url":"https:\/\/vieassociative.be\/actualites\/donald-trump-a-signe-dekret-les-personnes-trans-devraient-etre-exclues-des-sports-feminins\/","name":"Donald Trump a sign\u00e9 Dekret: les personnes trans devraient \u00eatre exclues des sports f\u00e9minins | Vie Associative","isPartOf":{"@id":"https:\/\/vieassociative.be\/actualites\/#website"},"primaryImageOfPage":{"@id":"https:\/\/vieassociative.be\/actualites\/donald-trump-a-signe-dekret-les-personnes-trans-devraient-etre-exclues-des-sports-feminins\/#primaryimage"},"image":{"@id":"https:\/\/vieassociative.be\/actualites\/donald-trump-a-signe-dekret-les-personnes-trans-devraient-etre-exclues-des-sports-feminins\/#primaryimage"},"thumbnailUrl":"https:\/\/vieassociative.be\/actualites\/wp-content\/uploads\/2025\/02\/Donald-Trump-a-signe-Dekret-les-personnes-trans-devraient-etre.jpg","datePublished":"2025-02-06T20:19:05+00:00","dateModified":"2025-02-06T20:19:05+00:00","breadcrumb":{"@id":"https:\/\/vieassociative.be\/actualites\/donald-trump-a-signe-dekret-les-personnes-trans-devraient-etre-exclues-des-sports-feminins\/#breadcrumb"},"inLanguage":"fr-BE","potentialAction":[{"@type":"ReadAction","target":["https:\/\/vieassociative.be\/actualites\/donald-trump-a-signe-dekret-les-personnes-trans-devraient-etre-exclues-des-sports-feminins\/"]}]},{"@type":"ImageObject","inLanguage":"fr-BE","@id":"https:\/\/vieassociative.be\/actualites\/donald-trump-a-signe-dekret-les-personnes-trans-devraient-etre-exclues-des-sports-feminins\/#primaryimage","url":"https:\/\/vieassociative.be\/actualites\/wp-content\/uploads\/2025\/02\/Donald-Trump-a-signe-Dekret-les-personnes-trans-devraient-etre.jpg","contentUrl":"https:\/\/vieassociative.be\/actualites\/wp-content\/uploads\/2025\/02\/Donald-Trump-a-signe-Dekret-les-personnes-trans-devraient-etre.jpg","width":1200,"height":800,"caption":"Donald Trump a sign\u00e9 Dekret: les personnes trans devraient \u00eatre exclues des sports f\u00e9minins"},{"@type":"BreadcrumbList","@id":"https:\/\/vieassociative.be\/actualites\/donald-trump-a-signe-dekret-les-personnes-trans-devraient-etre-exclues-des-sports-feminins\/#breadcrumb","itemListElement":[{"@type":"ListItem","position":1,"name":"Accueil","item":"https:\/\/vieassociative.be\/actualites\/"},{"@type":"ListItem","position":2,"name":"Donald Trump a sign\u00e9 Dekret: les personnes trans devraient \u00eatre exclues des sports f\u00e9minins"}]},{"@type":"WebSite","@id":"https:\/\/vieassociative.be\/actualites\/#website","url":"https:\/\/vieassociative.be\/actualites\/","name":"Vie Associative","description":"","publisher":{"@id":"https:\/\/vieassociative.be\/actualites\/#organization"},"potentialAction":[{"@type":"SearchAction","target":{"@type":"EntryPoint","urlTemplate":"https:\/\/vieassociative.be\/actualites\/?s={search_term_string}"},"query-input":{"@type":"PropertyValueSpecification","valueRequired":true,"valueName":"search_term_string"}}],"inLanguage":"fr-BE"},{"@type":"Organization","@id":"https:\/\/vieassociative.be\/actualites\/#organization","name":"Vie Associative","url":"https:\/\/vieassociative.be\/actualites\/","logo":{"@type":"ImageObject","inLanguage":"fr-BE","@id":"https:\/\/vieassociative.be\/actualites\/#\/schema\/logo\/image\/","url":"https:\/\/vieassociative.be\/actualites\/wp-content\/uploads\/2024\/09\/cropped-vieassociative_favicon.ico.png","contentUrl":"https:\/\/vieassociative.be\/actualites\/wp-content\/uploads\/2024\/09\/cropped-vieassociative_favicon.ico.png","width":512,"height":512,"caption":"Vie Associative"},"image":{"@id":"https:\/\/vieassociative.be\/actualites\/#\/schema\/logo\/image\/"}},{"@type":"Person","@id":"https:\/\/vieassociative.be\/actualites\/#\/schema\/person\/b87ac4f82f9d4e7b7cec7395b679edc4","name":"Julien","image":{"@type":"ImageObject","inLanguage":"fr-BE","@id":"https:\/\/vieassociative.be\/actualites\/#\/schema\/person\/image\/","url":"https:\/\/vieassociative.be\/actualites\/wp-content\/uploads\/2024\/09\/vie-associative-1-150x150.jpg","contentUrl":"https:\/\/vieassociative.be\/actualites\/wp-content\/uploads\/2024\/09\/vie-associative-1-150x150.jpg","caption":"Julien"},"description":"Je suis Julien, r\u00e9dacteur pour Vie Associative. Passionn\u00e9 par le monde associatif depuis plus de 10 ans, j'ai \u00e0 c\u0153ur de partager des histoires inspirantes et de mettre en lumi\u00e8re les initiatives locales. Mon objectif est de sensibiliser et d'encourager l'engagement communautaire \u00e0 travers mes articles.","sameAs":["https:\/\/vieassociative.be\/"]}]}},"_links":{"self":[{"href":"https:\/\/vieassociative.be\/actualites\/wp-json\/wp\/v2\/posts\/4906"}],"collection":[{"href":"https:\/\/vieassociative.be\/actualites\/wp-json\/wp\/v2\/posts"}],"about":[{"href":"https:\/\/vieassociative.be\/actualites\/wp-json\/wp\/v2\/types\/post"}],"author":[{"embeddable":true,"href":"https:\/\/vieassociative.be\/actualites\/wp-json\/wp\/v2\/users\/1"}],"replies":[{"embeddable":true,"href":"https:\/\/vieassociative.be\/actualites\/wp-json\/wp\/v2\/comments?post=4906"}],"version-history":[{"count":0,"href":"https:\/\/vieassociative.be\/actualites\/wp-json\/wp\/v2\/posts\/4906\/revisions"}],"wp:featuredmedia":[{"embeddable":true,"href":"https:\/\/vieassociative.be\/actualites\/wp-json\/wp\/v2\/media\/4907"}],"wp:attachment":[{"href":"https:\/\/vieassociative.be\/actualites\/wp-json\/wp\/v2\/media?parent=4906"}],"wp:term":[{"taxonomy":"category","embeddable":true,"href":"https:\/\/vieassociative.be\/actualites\/wp-json\/wp\/v2\/categories?post=4906"},{"taxonomy":"post_tag","embeddable":true,"href":"https:\/\/vieassociative.be\/actualites\/wp-json\/wp\/v2\/tags?post=4906"}],"curies":[{"name":"wp","href":"https:\/\/api.w.org\/{rel}","templated":true}]}}