{"id":4899,"date":"2025-02-06T15:17:45","date_gmt":"2025-02-06T14:17:45","guid":{"rendered":"https:\/\/vieassociative.be\/actualites\/thorsten-fink-est-daccord-de-genk-a-cup-contre-bruges-sur-le-combat-pour-les-titres-de-championnat-video\/"},"modified":"2025-02-06T15:17:45","modified_gmt":"2025-02-06T14:17:45","slug":"thorsten-fink-est-daccord-de-genk-a-cup-contre-bruges-sur-le-combat-pour-les-titres-de-championnat-video","status":"publish","type":"post","link":"https:\/\/vieassociative.be\/actualites\/thorsten-fink-est-daccord-de-genk-a-cup-contre-bruges-sur-le-combat-pour-les-titres-de-championnat-video\/","title":{"rendered":"Thorsten Fink est d&rsquo;accord de Genk \u00e0 Cup contre Bruges sur le combat pour les titres de championnat (vid\u00e9o)"},"content":{"rendered":"<p><strong>Le FC Bruges a obtenu la premi\u00e8re place de la finale de la Coupe belge, \u00e9galement appel\u00e9e Croky Cup. L&rsquo;entra\u00eeneur de la KRC Genk excr\u00e9t\u00e9e, Thorsten Fink, a fait l&rsquo;\u00e9coute de son \u00e9quipe et des fans apr\u00e8s le match avec un discours passionnant sur le combat pour le titre de champion.<\/strong><\/p>\n<p><span id=\"more-407614\"><\/span>Apr\u00e8s le match nul 1-1 en demi-finale \u00e0 la deuxi\u00e8me \u00e9tape de Genk mercredi devant les yeux du nouvel entra\u00eeneur national Rudi Garcia, l&rsquo;\u00e9quipe du footballeur belge de 2024, Hans Vanaken, est autoris\u00e9 \u00e0 mettre fin au Bruxelles-Bau- Douin Stadium. La premi\u00e8re \u00e9tape du Br\u00fcgger Jan-Breydel Stadium a remport\u00e9 \u00abBlauw &#038; Zwart\u00bb 2-1.<\/p>\n<p>Le r\u00eave du joueur du double du double a \u00e9clat\u00e9. La d\u00e9ception avec les fans de Limburg apr\u00e8s le match dans l&rsquo;ar\u00e8ne de Cegeka enti\u00e8rement occup\u00e9e de Genk \u00e9tait en cons\u00e9quence grande.<\/p>\n<div id=\"attachment_351584\" class=\"wp-caption alignleft\" style=\"max-width: 300px\"><img fetchpriority=\"high\" decoding=\"async\" class=\"wp-image-351584 size-medium\" src=\"https:\/\/vieassociative.be\/actualites\/wp-content\/uploads\/2025\/02\/Thorsten-Fink-est-daccord-de-Genk-a-Cup-contre-Bruges.jpeg\" alt=\"\" width=\"300\" height=\"222\"  ><\/p>\n<p class=\"wp-caption-text\">L&rsquo;ancien professionnel du Bayern Thorsten Fink est maintenant entra\u00eeneur du KRC Genk. Photo: Herbert Pfarrhofer \/ APA \/ DPA<\/p>\n<\/div>\n<p>Alors que les fans itin\u00e9rants du FC Br\u00fcgge ont c\u00e9l\u00e9br\u00e9 \u00e0 haute voix leur \u00e9quipe, en particulier le gardien de but Nordin Jackers, qui a remplac\u00e9 le gardien de stamm Simon Mignolet dans le troph\u00e9e et \u00e0 Genk par plusieurs d\u00e9fil\u00e9s brillants, a s\u00e9curis\u00e9 le Br\u00fcggern \u00e0 la finale du troph\u00e9e, il y a eu longtemps dans le fan Courbe des faces longues KRC Genk.<\/p>\n<p>L&rsquo;entra\u00eeneur de Genk, Thorsten Fink, ne pouvait plus regarder cela. L&rsquo;ancien joueur du Bayern FC a rapidement saisi le Megafon et l&rsquo;a vraiment laiss\u00e9 se fissurer (voir la vid\u00e9o sous le lien ci-dessous).<\/p>\n<p>\u00ab\u00a0Un r\u00eave a \u00e9clat\u00e9, mais maintenant nous allons au suivant.\u00a0\u00bb Cela signifie: le Genk KRC vise le titre de champion.<\/p>\n<p>Alors que Bruges est toujours repr\u00e9sent\u00e9 dans trois comp\u00e9titions (championnat, Ligue des champions et la Coupe d&rsquo;\u00c9tat), les Limburg, qui n&rsquo;\u00e9taient pas \u00e0 l&rsquo;international cette saison, peuvent se concentrer enti\u00e8rement sur le sprint final de la Jupil Pro League.<\/p>\n<div id=\"attachment_229845\" class=\"wp-caption alignleft\" style=\"max-width: 300px\"><img decoding=\"async\" class=\"wp-image-229845 size-medium\" src=\"https:\/\/vieassociative.be\/actualites\/wp-content\/uploads\/2025\/02\/1738851465_630_Thorsten-Fink-est-daccord-de-Genk-a-Cup-contre-Bruges.jpeg\" alt=\"\" width=\"300\" height=\"181\"><\/p>\n<p class=\"wp-caption-text\">Les fans de Genk tiennent leurs foulards. Photo: Yorick Jansens \/ Belga \/ DPA<\/p>\n<\/div>\n<p>Avec un dicton bien connu de Louis Van Gaal &#8211; \u00ab\u00a0Death Or the Gladiols\u00a0\u00bb &#8211; Fink avait clairement indiqu\u00e9 qu&rsquo;il s&rsquo;agissait de \u00ab\u00a0tout ou rien\u00a0\u00bb. Mais l&rsquo;allemand n&rsquo;a pas fait une impression d\u00e9prim\u00e9e apr\u00e8s la tasse.<\/p>\n<p>Apr\u00e8s le coup de sifflet final, l&rsquo;ancienne star du Bayern, qui avait d\u00e9m\u00e9nag\u00e9 au Genk KRC \u00e0 l&rsquo;\u00e9t\u00e9 de Sint-Truiden VV en \u00e9t\u00e9, a prononc\u00e9 un discours passionnant. \u00ab\u00a0Je suis tr\u00e8s fier de cette jeune \u00e9quipe, la plus jeune \u00e9quipe de la ligue\u00a0\u00bb, a-t-il rugi. \u00ab\u00a0Nous devrions \u00eatre fiers de cela.\u00a0\u00bb<\/p>\n<p>\u00abAujourd&rsquo;hui, nous avons perdu un r\u00eave, mais \u00e0 partir de demain, nous suivrons le prochain. Nous nous battrons pour le titre \u00bb, Fink a \u00e0 nouveau secou\u00e9 le public.<\/p>\n<p>L&rsquo;entra\u00eeneur de Genk a finalement salu\u00e9 les fans, \u00ab\u00a0les meilleurs fans de la ligue\u00a0\u00bb. \u00ab\u00a0Vous nous avez donn\u00e9 une excellente soir\u00e9e, que nous gagnions ou que nous jouions \u00e0 \u00e9galit\u00e9\u00a0\u00bb, a-t-il d\u00e9clar\u00e9. \u00abNous avons eu l&rsquo;occasion, nous avons tout donn\u00e9. Nous sommes une famille, merci beaucoup aux fans! \u00bbApplaudissements de tonnerre des fans du Genk KRC qui se souviendront de ce moment de chair de poule.<\/p>\n<p>Ce jeudi soir, la deuxi\u00e8me demi-finale en demi-finale entre Anvers et le RSC Anderlecht (20 h 45 \/ Live sur RTL Club et VTM2) augmentera dans le stade Bosuil d&rsquo;Anvers. Le champion record a remport\u00e9 le match aller 1-0. (Cre)<\/p>\n<p><em><strong>Sous le lien suivant, vous pouvez voir l&rsquo;adresse remarquable de l&rsquo;entra\u00eeneur de Genk Thorsten Fink apr\u00e8s la coupe contre le FC Bruges:<\/strong><\/em><\/p>\n<p><u>https:\/\/x.com\/krcgenkofficial\/status\/1887374405331?t=isqfqfqn9ehjc3e_hj68Jetw&#038;s=19<\/u><\/p><\/p>\n","protected":false},"excerpt":{"rendered":"<p>Le FC Bruges a obtenu la premi\u00e8re place de la finale de la Coupe belge, \u00e9galement appel\u00e9e Croky Cup. L&rsquo;entra\u00eeneur de la KRC Genk excr\u00e9t\u00e9e,<\/p>\n","protected":false},"author":1,"featured_media":4900,"comment_status":"","ping_status":"","sticky":false,"template":"","format":"standard","meta":{"footnotes":""},"categories":[298],"tags":[2851,4054,5197,796,5196,5195,76,5194,932,14,81,33,5193,5198,1204],"class_list":["post-4899","post","type-post","status-publish","format-standard","has-post-thumbnail","hentry","category-belgique","tag-bruges","tag-championnat","tag-combat","tag-contre","tag-cup","tag-daccord","tag-est","tag-fink","tag-genk","tag-les","tag-pour","tag-sur","tag-thorsten","tag-titres","tag-video","generate-columns","tablet-grid-50","mobile-grid-100","grid-parent","grid-33"],"yoast_head":"<!-- This site is optimized with the Yoast SEO plugin v24.0 - https:\/\/yoast.com\/wordpress\/plugins\/seo\/ -->\n<title>Thorsten Fink est d&#039;accord de Genk \u00e0 Cup contre Bruges sur le combat pour les titres de championnat (vid\u00e9o) | Vie Associative<\/title>\n<meta name=\"robots\" content=\"index, follow, max-snippet:-1, max-image-preview:large, max-video-preview:-1\" \/>\n<link rel=\"canonical\" href=\"https:\/\/vieassociative.be\/actualites\/thorsten-fink-est-daccord-de-genk-a-cup-contre-bruges-sur-le-combat-pour-les-titres-de-championnat-video\/\" \/>\n<meta property=\"og:locale\" content=\"fr_FR\" \/>\n<meta property=\"og:type\" content=\"article\" \/>\n<meta property=\"og:title\" content=\"Thorsten Fink est d&#039;accord de Genk \u00e0 Cup contre Bruges sur le combat pour les titres de championnat (vid\u00e9o) | Vie Associative\" \/>\n<meta property=\"og:description\" content=\"Le FC Bruges a obtenu la premi\u00e8re place de la finale de la Coupe belge, \u00e9galement appel\u00e9e Croky Cup. L&rsquo;entra\u00eeneur de la KRC Genk excr\u00e9t\u00e9e,\" \/>\n<meta property=\"og:url\" content=\"https:\/\/vieassociative.be\/actualites\/thorsten-fink-est-daccord-de-genk-a-cup-contre-bruges-sur-le-combat-pour-les-titres-de-championnat-video\/\" \/>\n<meta property=\"og:site_name\" content=\"Vie Associative\" \/>\n<meta property=\"article:published_time\" content=\"2025-02-06T14:17:45+00:00\" \/>\n<meta property=\"og:image\" content=\"https:\/\/vieassociative.be\/actualites\/wp-content\/uploads\/2024\/09\/header_backgroundk-01-e1726694325946.png\" \/>\n\t<meta property=\"og:image:width\" content=\"279\" \/>\n\t<meta property=\"og:image:height\" content=\"92\" \/>\n\t<meta property=\"og:image:type\" content=\"image\/png\" \/>\n<meta name=\"author\" content=\"Julien\" \/>\n<meta name=\"twitter:card\" content=\"summary_large_image\" \/>\n<meta name=\"twitter:label1\" content=\"\u00c9crit par\" \/>\n\t<meta name=\"twitter:data1\" content=\"Julien\" \/>\n\t<meta name=\"twitter:label2\" content=\"Dur\u00e9e de lecture est.\" \/>\n\t<meta name=\"twitter:data2\" content=\"3 minutes\" \/>\n<script type=\"application\/ld+json\" class=\"yoast-schema-graph\">{\"@context\":\"https:\/\/schema.org\",\"@graph\":[{\"@type\":\"Article\",\"@id\":\"https:\/\/vieassociative.be\/actualites\/thorsten-fink-est-daccord-de-genk-a-cup-contre-bruges-sur-le-combat-pour-les-titres-de-championnat-video\/#article\",\"isPartOf\":{\"@id\":\"https:\/\/vieassociative.be\/actualites\/thorsten-fink-est-daccord-de-genk-a-cup-contre-bruges-sur-le-combat-pour-les-titres-de-championnat-video\/\"},\"author\":{\"name\":\"Julien\",\"@id\":\"https:\/\/vieassociative.be\/actualites\/#\/schema\/person\/b87ac4f82f9d4e7b7cec7395b679edc4\"},\"headline\":\"Thorsten Fink est d&rsquo;accord de Genk \u00e0 Cup contre Bruges sur le combat pour les titres de championnat (vid\u00e9o)\",\"datePublished\":\"2025-02-06T14:17:45+00:00\",\"dateModified\":\"2025-02-06T14:17:45+00:00\",\"mainEntityOfPage\":{\"@id\":\"https:\/\/vieassociative.be\/actualites\/thorsten-fink-est-daccord-de-genk-a-cup-contre-bruges-sur-le-combat-pour-les-titres-de-championnat-video\/\"},\"wordCount\":654,\"publisher\":{\"@id\":\"https:\/\/vieassociative.be\/actualites\/#organization\"},\"image\":{\"@id\":\"https:\/\/vieassociative.be\/actualites\/thorsten-fink-est-daccord-de-genk-a-cup-contre-bruges-sur-le-combat-pour-les-titres-de-championnat-video\/#primaryimage\"},\"thumbnailUrl\":\"https:\/\/vieassociative.be\/actualites\/wp-content\/uploads\/2025\/02\/Thorsten-Fink-est-daccord-de-Genk-a-Cup-contre-Bruges.jpg\",\"keywords\":[\"Bruges\",\"Championnat\",\"combat\",\"contre\",\"Cup\",\"daccord\",\"est\",\"Fink\",\"Genk\",\"Les\",\"pour\",\"sur\",\"Thorsten\",\"titres\",\"vid\u00e9o\"],\"articleSection\":[\"Belgique\"],\"inLanguage\":\"fr-BE\"},{\"@type\":\"WebPage\",\"@id\":\"https:\/\/vieassociative.be\/actualites\/thorsten-fink-est-daccord-de-genk-a-cup-contre-bruges-sur-le-combat-pour-les-titres-de-championnat-video\/\",\"url\":\"https:\/\/vieassociative.be\/actualites\/thorsten-fink-est-daccord-de-genk-a-cup-contre-bruges-sur-le-combat-pour-les-titres-de-championnat-video\/\",\"name\":\"Thorsten Fink est d'accord de Genk \u00e0 Cup contre Bruges sur le combat pour les titres de championnat (vid\u00e9o) | Vie Associative\",\"isPartOf\":{\"@id\":\"https:\/\/vieassociative.be\/actualites\/#website\"},\"primaryImageOfPage\":{\"@id\":\"https:\/\/vieassociative.be\/actualites\/thorsten-fink-est-daccord-de-genk-a-cup-contre-bruges-sur-le-combat-pour-les-titres-de-championnat-video\/#primaryimage\"},\"image\":{\"@id\":\"https:\/\/vieassociative.be\/actualites\/thorsten-fink-est-daccord-de-genk-a-cup-contre-bruges-sur-le-combat-pour-les-titres-de-championnat-video\/#primaryimage\"},\"thumbnailUrl\":\"https:\/\/vieassociative.be\/actualites\/wp-content\/uploads\/2025\/02\/Thorsten-Fink-est-daccord-de-Genk-a-Cup-contre-Bruges.jpg\",\"datePublished\":\"2025-02-06T14:17:45+00:00\",\"dateModified\":\"2025-02-06T14:17:45+00:00\",\"breadcrumb\":{\"@id\":\"https:\/\/vieassociative.be\/actualites\/thorsten-fink-est-daccord-de-genk-a-cup-contre-bruges-sur-le-combat-pour-les-titres-de-championnat-video\/#breadcrumb\"},\"inLanguage\":\"fr-BE\",\"potentialAction\":[{\"@type\":\"ReadAction\",\"target\":[\"https:\/\/vieassociative.be\/actualites\/thorsten-fink-est-daccord-de-genk-a-cup-contre-bruges-sur-le-combat-pour-les-titres-de-championnat-video\/\"]}]},{\"@type\":\"ImageObject\",\"inLanguage\":\"fr-BE\",\"@id\":\"https:\/\/vieassociative.be\/actualites\/thorsten-fink-est-daccord-de-genk-a-cup-contre-bruges-sur-le-combat-pour-les-titres-de-championnat-video\/#primaryimage\",\"url\":\"https:\/\/vieassociative.be\/actualites\/wp-content\/uploads\/2025\/02\/Thorsten-Fink-est-daccord-de-Genk-a-Cup-contre-Bruges.jpg\",\"contentUrl\":\"https:\/\/vieassociative.be\/actualites\/wp-content\/uploads\/2025\/02\/Thorsten-Fink-est-daccord-de-Genk-a-Cup-contre-Bruges.jpg\",\"width\":1200,\"height\":800,\"caption\":\"Thorsten Fink est d'accord de Genk \u00e0 Cup contre Bruges sur le combat pour les titres de championnat (vid\u00e9o)\"},{\"@type\":\"BreadcrumbList\",\"@id\":\"https:\/\/vieassociative.be\/actualites\/thorsten-fink-est-daccord-de-genk-a-cup-contre-bruges-sur-le-combat-pour-les-titres-de-championnat-video\/#breadcrumb\",\"itemListElement\":[{\"@type\":\"ListItem\",\"position\":1,\"name\":\"Accueil\",\"item\":\"https:\/\/vieassociative.be\/actualites\/\"},{\"@type\":\"ListItem\",\"position\":2,\"name\":\"Thorsten Fink est d&rsquo;accord de Genk \u00e0 Cup contre Bruges sur le combat pour les titres de championnat (vid\u00e9o)\"}]},{\"@type\":\"WebSite\",\"@id\":\"https:\/\/vieassociative.be\/actualites\/#website\",\"url\":\"https:\/\/vieassociative.be\/actualites\/\",\"name\":\"Vie Associative\",\"description\":\"\",\"publisher\":{\"@id\":\"https:\/\/vieassociative.be\/actualites\/#organization\"},\"potentialAction\":[{\"@type\":\"SearchAction\",\"target\":{\"@type\":\"EntryPoint\",\"urlTemplate\":\"https:\/\/vieassociative.be\/actualites\/?s={search_term_string}\"},\"query-input\":{\"@type\":\"PropertyValueSpecification\",\"valueRequired\":true,\"valueName\":\"search_term_string\"}}],\"inLanguage\":\"fr-BE\"},{\"@type\":\"Organization\",\"@id\":\"https:\/\/vieassociative.be\/actualites\/#organization\",\"name\":\"Vie Associative\",\"url\":\"https:\/\/vieassociative.be\/actualites\/\",\"logo\":{\"@type\":\"ImageObject\",\"inLanguage\":\"fr-BE\",\"@id\":\"https:\/\/vieassociative.be\/actualites\/#\/schema\/logo\/image\/\",\"url\":\"https:\/\/vieassociative.be\/actualites\/wp-content\/uploads\/2024\/09\/cropped-vieassociative_favicon.ico.png\",\"contentUrl\":\"https:\/\/vieassociative.be\/actualites\/wp-content\/uploads\/2024\/09\/cropped-vieassociative_favicon.ico.png\",\"width\":512,\"height\":512,\"caption\":\"Vie Associative\"},\"image\":{\"@id\":\"https:\/\/vieassociative.be\/actualites\/#\/schema\/logo\/image\/\"}},{\"@type\":\"Person\",\"@id\":\"https:\/\/vieassociative.be\/actualites\/#\/schema\/person\/b87ac4f82f9d4e7b7cec7395b679edc4\",\"name\":\"Julien\",\"image\":{\"@type\":\"ImageObject\",\"inLanguage\":\"fr-BE\",\"@id\":\"https:\/\/vieassociative.be\/actualites\/#\/schema\/person\/image\/\",\"url\":\"https:\/\/vieassociative.be\/actualites\/wp-content\/uploads\/2024\/09\/vie-associative-1-150x150.jpg\",\"contentUrl\":\"https:\/\/vieassociative.be\/actualites\/wp-content\/uploads\/2024\/09\/vie-associative-1-150x150.jpg\",\"caption\":\"Julien\"},\"description\":\"Je suis Julien, r\u00e9dacteur pour Vie Associative. Passionn\u00e9 par le monde associatif depuis plus de 10 ans, j'ai \u00e0 c\u0153ur de partager des histoires inspirantes et de mettre en lumi\u00e8re les initiatives locales. Mon objectif est de sensibiliser et d'encourager l'engagement communautaire \u00e0 travers mes articles.\",\"sameAs\":[\"https:\/\/vieassociative.be\/\"]}]}<\/script>\n<!-- \/ Yoast SEO plugin. -->","yoast_head_json":{"title":"Thorsten Fink est d'accord de Genk \u00e0 Cup contre Bruges sur le combat pour les titres de championnat (vid\u00e9o) | Vie Associative","robots":{"index":"index","follow":"follow","max-snippet":"max-snippet:-1","max-image-preview":"max-image-preview:large","max-video-preview":"max-video-preview:-1"},"canonical":"https:\/\/vieassociative.be\/actualites\/thorsten-fink-est-daccord-de-genk-a-cup-contre-bruges-sur-le-combat-pour-les-titres-de-championnat-video\/","og_locale":"fr_FR","og_type":"article","og_title":"Thorsten Fink est d'accord de Genk \u00e0 Cup contre Bruges sur le combat pour les titres de championnat (vid\u00e9o) | Vie Associative","og_description":"Le FC Bruges a obtenu la premi\u00e8re place de la finale de la Coupe belge, \u00e9galement appel\u00e9e Croky Cup. L&rsquo;entra\u00eeneur de la KRC Genk excr\u00e9t\u00e9e,","og_url":"https:\/\/vieassociative.be\/actualites\/thorsten-fink-est-daccord-de-genk-a-cup-contre-bruges-sur-le-combat-pour-les-titres-de-championnat-video\/","og_site_name":"Vie Associative","article_published_time":"2025-02-06T14:17:45+00:00","og_image":[{"width":279,"height":92,"url":"https:\/\/vieassociative.be\/actualites\/wp-content\/uploads\/2024\/09\/header_backgroundk-01-e1726694325946.png","type":"image\/png"}],"author":"Julien","twitter_card":"summary_large_image","twitter_misc":{"\u00c9crit par":"Julien","Dur\u00e9e de lecture est.":"3 minutes"},"schema":{"@context":"https:\/\/schema.org","@graph":[{"@type":"Article","@id":"https:\/\/vieassociative.be\/actualites\/thorsten-fink-est-daccord-de-genk-a-cup-contre-bruges-sur-le-combat-pour-les-titres-de-championnat-video\/#article","isPartOf":{"@id":"https:\/\/vieassociative.be\/actualites\/thorsten-fink-est-daccord-de-genk-a-cup-contre-bruges-sur-le-combat-pour-les-titres-de-championnat-video\/"},"author":{"name":"Julien","@id":"https:\/\/vieassociative.be\/actualites\/#\/schema\/person\/b87ac4f82f9d4e7b7cec7395b679edc4"},"headline":"Thorsten Fink est d&rsquo;accord de Genk \u00e0 Cup contre Bruges sur le combat pour les titres de championnat (vid\u00e9o)","datePublished":"2025-02-06T14:17:45+00:00","dateModified":"2025-02-06T14:17:45+00:00","mainEntityOfPage":{"@id":"https:\/\/vieassociative.be\/actualites\/thorsten-fink-est-daccord-de-genk-a-cup-contre-bruges-sur-le-combat-pour-les-titres-de-championnat-video\/"},"wordCount":654,"publisher":{"@id":"https:\/\/vieassociative.be\/actualites\/#organization"},"image":{"@id":"https:\/\/vieassociative.be\/actualites\/thorsten-fink-est-daccord-de-genk-a-cup-contre-bruges-sur-le-combat-pour-les-titres-de-championnat-video\/#primaryimage"},"thumbnailUrl":"https:\/\/vieassociative.be\/actualites\/wp-content\/uploads\/2025\/02\/Thorsten-Fink-est-daccord-de-Genk-a-Cup-contre-Bruges.jpg","keywords":["Bruges","Championnat","combat","contre","Cup","daccord","est","Fink","Genk","Les","pour","sur","Thorsten","titres","vid\u00e9o"],"articleSection":["Belgique"],"inLanguage":"fr-BE"},{"@type":"WebPage","@id":"https:\/\/vieassociative.be\/actualites\/thorsten-fink-est-daccord-de-genk-a-cup-contre-bruges-sur-le-combat-pour-les-titres-de-championnat-video\/","url":"https:\/\/vieassociative.be\/actualites\/thorsten-fink-est-daccord-de-genk-a-cup-contre-bruges-sur-le-combat-pour-les-titres-de-championnat-video\/","name":"Thorsten Fink est d'accord de Genk \u00e0 Cup contre Bruges sur le combat pour les titres de championnat (vid\u00e9o) | Vie Associative","isPartOf":{"@id":"https:\/\/vieassociative.be\/actualites\/#website"},"primaryImageOfPage":{"@id":"https:\/\/vieassociative.be\/actualites\/thorsten-fink-est-daccord-de-genk-a-cup-contre-bruges-sur-le-combat-pour-les-titres-de-championnat-video\/#primaryimage"},"image":{"@id":"https:\/\/vieassociative.be\/actualites\/thorsten-fink-est-daccord-de-genk-a-cup-contre-bruges-sur-le-combat-pour-les-titres-de-championnat-video\/#primaryimage"},"thumbnailUrl":"https:\/\/vieassociative.be\/actualites\/wp-content\/uploads\/2025\/02\/Thorsten-Fink-est-daccord-de-Genk-a-Cup-contre-Bruges.jpg","datePublished":"2025-02-06T14:17:45+00:00","dateModified":"2025-02-06T14:17:45+00:00","breadcrumb":{"@id":"https:\/\/vieassociative.be\/actualites\/thorsten-fink-est-daccord-de-genk-a-cup-contre-bruges-sur-le-combat-pour-les-titres-de-championnat-video\/#breadcrumb"},"inLanguage":"fr-BE","potentialAction":[{"@type":"ReadAction","target":["https:\/\/vieassociative.be\/actualites\/thorsten-fink-est-daccord-de-genk-a-cup-contre-bruges-sur-le-combat-pour-les-titres-de-championnat-video\/"]}]},{"@type":"ImageObject","inLanguage":"fr-BE","@id":"https:\/\/vieassociative.be\/actualites\/thorsten-fink-est-daccord-de-genk-a-cup-contre-bruges-sur-le-combat-pour-les-titres-de-championnat-video\/#primaryimage","url":"https:\/\/vieassociative.be\/actualites\/wp-content\/uploads\/2025\/02\/Thorsten-Fink-est-daccord-de-Genk-a-Cup-contre-Bruges.jpg","contentUrl":"https:\/\/vieassociative.be\/actualites\/wp-content\/uploads\/2025\/02\/Thorsten-Fink-est-daccord-de-Genk-a-Cup-contre-Bruges.jpg","width":1200,"height":800,"caption":"Thorsten Fink est d'accord de Genk \u00e0 Cup contre Bruges sur le combat pour les titres de championnat (vid\u00e9o)"},{"@type":"BreadcrumbList","@id":"https:\/\/vieassociative.be\/actualites\/thorsten-fink-est-daccord-de-genk-a-cup-contre-bruges-sur-le-combat-pour-les-titres-de-championnat-video\/#breadcrumb","itemListElement":[{"@type":"ListItem","position":1,"name":"Accueil","item":"https:\/\/vieassociative.be\/actualites\/"},{"@type":"ListItem","position":2,"name":"Thorsten Fink est d&rsquo;accord de Genk \u00e0 Cup contre Bruges sur le combat pour les titres de championnat (vid\u00e9o)"}]},{"@type":"WebSite","@id":"https:\/\/vieassociative.be\/actualites\/#website","url":"https:\/\/vieassociative.be\/actualites\/","name":"Vie Associative","description":"","publisher":{"@id":"https:\/\/vieassociative.be\/actualites\/#organization"},"potentialAction":[{"@type":"SearchAction","target":{"@type":"EntryPoint","urlTemplate":"https:\/\/vieassociative.be\/actualites\/?s={search_term_string}"},"query-input":{"@type":"PropertyValueSpecification","valueRequired":true,"valueName":"search_term_string"}}],"inLanguage":"fr-BE"},{"@type":"Organization","@id":"https:\/\/vieassociative.be\/actualites\/#organization","name":"Vie Associative","url":"https:\/\/vieassociative.be\/actualites\/","logo":{"@type":"ImageObject","inLanguage":"fr-BE","@id":"https:\/\/vieassociative.be\/actualites\/#\/schema\/logo\/image\/","url":"https:\/\/vieassociative.be\/actualites\/wp-content\/uploads\/2024\/09\/cropped-vieassociative_favicon.ico.png","contentUrl":"https:\/\/vieassociative.be\/actualites\/wp-content\/uploads\/2024\/09\/cropped-vieassociative_favicon.ico.png","width":512,"height":512,"caption":"Vie Associative"},"image":{"@id":"https:\/\/vieassociative.be\/actualites\/#\/schema\/logo\/image\/"}},{"@type":"Person","@id":"https:\/\/vieassociative.be\/actualites\/#\/schema\/person\/b87ac4f82f9d4e7b7cec7395b679edc4","name":"Julien","image":{"@type":"ImageObject","inLanguage":"fr-BE","@id":"https:\/\/vieassociative.be\/actualites\/#\/schema\/person\/image\/","url":"https:\/\/vieassociative.be\/actualites\/wp-content\/uploads\/2024\/09\/vie-associative-1-150x150.jpg","contentUrl":"https:\/\/vieassociative.be\/actualites\/wp-content\/uploads\/2024\/09\/vie-associative-1-150x150.jpg","caption":"Julien"},"description":"Je suis Julien, r\u00e9dacteur pour Vie Associative. Passionn\u00e9 par le monde associatif depuis plus de 10 ans, j'ai \u00e0 c\u0153ur de partager des histoires inspirantes et de mettre en lumi\u00e8re les initiatives locales. Mon objectif est de sensibiliser et d'encourager l'engagement communautaire \u00e0 travers mes articles.","sameAs":["https:\/\/vieassociative.be\/"]}]}},"_links":{"self":[{"href":"https:\/\/vieassociative.be\/actualites\/wp-json\/wp\/v2\/posts\/4899"}],"collection":[{"href":"https:\/\/vieassociative.be\/actualites\/wp-json\/wp\/v2\/posts"}],"about":[{"href":"https:\/\/vieassociative.be\/actualites\/wp-json\/wp\/v2\/types\/post"}],"author":[{"embeddable":true,"href":"https:\/\/vieassociative.be\/actualites\/wp-json\/wp\/v2\/users\/1"}],"replies":[{"embeddable":true,"href":"https:\/\/vieassociative.be\/actualites\/wp-json\/wp\/v2\/comments?post=4899"}],"version-history":[{"count":0,"href":"https:\/\/vieassociative.be\/actualites\/wp-json\/wp\/v2\/posts\/4899\/revisions"}],"wp:featuredmedia":[{"embeddable":true,"href":"https:\/\/vieassociative.be\/actualites\/wp-json\/wp\/v2\/media\/4900"}],"wp:attachment":[{"href":"https:\/\/vieassociative.be\/actualites\/wp-json\/wp\/v2\/media?parent=4899"}],"wp:term":[{"taxonomy":"category","embeddable":true,"href":"https:\/\/vieassociative.be\/actualites\/wp-json\/wp\/v2\/categories?post=4899"},{"taxonomy":"post_tag","embeddable":true,"href":"https:\/\/vieassociative.be\/actualites\/wp-json\/wp\/v2\/tags?post=4899"}],"curies":[{"name":"wp","href":"https:\/\/api.w.org\/{rel}","templated":true}]}}