{"id":4893,"date":"2025-02-06T09:18:33","date_gmt":"2025-02-06T08:18:33","guid":{"rendered":"https:\/\/vieassociative.be\/actualites\/renforcement-sur-le-kehrweg-selon-wedingo-et-ejike-comme-eupen-oblige-plastun-et-hendrickx\/"},"modified":"2025-02-06T09:18:33","modified_gmt":"2025-02-06T08:18:33","slug":"renforcement-sur-le-kehrweg-selon-wedingo-et-ejike-comme-eupen-oblige-plastun-et-hendrickx","status":"publish","type":"post","link":"https:\/\/vieassociative.be\/actualites\/renforcement-sur-le-kehrweg-selon-wedingo-et-ejike-comme-eupen-oblige-plastun-et-hendrickx\/","title":{"rendered":"Renforcement sur le Kehrweg: Selon Wedingo et Ejike, comme Eupen oblige Plastun et Hendrickx"},"content":{"rendered":"<p><strong>La gestion du club du Second Division Club en tant qu&rsquo;Eupen semble \u00e9galement \u00eatre devenu clair que l&rsquo;\u00e9quipe a absolument besoin de renforts malgr\u00e9 la victoire de derni\u00e8re minute de samedi contre SK Lommel.<\/strong><\/p>\n<p><span id=\"more-407560\"><\/span>Apr\u00e8s Wedingo et Philip Ejike, qui ont \u00e9t\u00e9 remplac\u00e9s contre Lommel, l&rsquo;ancien international ukrainien Igor Plastun et l&rsquo;ancien joueur national de la jeunesse belge Ga\u00ebtan Hendrickx ont \u00e9t\u00e9 embauch\u00e9s.<\/p>\n<p>Plastun a sign\u00e9 un contrat \u00e0 Eupen jusqu&rsquo;au 30 juin 2025. Le d\u00e9fenseur central a jou\u00e9 87 matchs de 2021 \u00e0 2024 et a marqu\u00e9 quatre buts.<\/p>\n<div id=\"attachment_229373\" class=\"wp-caption alignleft\" style=\"max-width: 300px\"><img fetchpriority=\"high\" decoding=\"async\" class=\"wp-image-229373 size-medium\" src=\"https:\/\/vieassociative.be\/actualites\/wp-content\/uploads\/2025\/02\/Renforcement-sur-le-Kehrweg-Selon-Wedingo-et-Ejike-comme-Eupen.jpeg\" alt=\"\" width=\"300\" height=\"207\"><\/p>\n<p class=\"wp-caption-text\">24 octobre 2019, Belgique, Gand: Josip Brekalo (L) de VFL Wolfsburg et les messieurs Igor Plastun se battent pour le ballon: Guido Kirchner \/ DPA<\/p>\n<\/div>\n<p>De 2008 \u00e0 2016, le nouvel ajout de l&rsquo;AS Eupen a jou\u00e9 pour les clubs ukrainiens de la premi\u00e8re division FK Obolon Kiev et Karpaty LWIW. En 2016, le changement de l&rsquo;\u00e9quipe bulgare de la premi\u00e8re division PFK Ludogorets, \u00e0 laquelle Plastun est revenu avec AA Gand apr\u00e8s les trois ann\u00e9es. Avec Ludogorets, il est devenu quatre champions bulgares, une fois vainqueurs de la Coupe et trois fois vainqueur du Supercup. En 2024, il a jou\u00e9 pour le Kazakh First Division Club Ordabasy. Il est sans club depuis le 1er janvier 2025.<\/p>\n<p>Le nouveau joueur en AS \u00e9tait actif au cours de toute sa carri\u00e8re avec plus de 300 missions dans les cours les plus \u00e9lev\u00e9s en Ukraine, en Bulgarie, en Belgique et au Kazakhstan et a r\u00e9guli\u00e8rement particip\u00e9 \u00e0 des comp\u00e9titions europ\u00e9ennes. L&rsquo;homme de 34 ans a disput\u00e9 quatre matchs internationaux pour l&rsquo;\u00e9quipe nationale d&rsquo;Ukraine.<\/p>\n<div id=\"attachment_335977\" class=\"wp-caption alignleft\" style=\"max-width: 300px\"><img decoding=\"async\" class=\"wp-image-335977 size-medium\" src=\"https:\/\/vieassociative.be\/actualites\/wp-content\/uploads\/2024\/12\/KMSK-Deinze-en-faillite-\u2013-a-la-fin-de-la.jpeg\" alt=\"\" width=\"300\" height=\"200\"><\/p>\n<p class=\"wp-caption-text\">Duel entre Eupens Teddy Alloh (L) et Ga\u00ebtan Hendrickx (R) de KMSK Deinze le 8 novembre 2022. Hendrickx passe \u00e0 Eupen. Photo: Belga<\/p>\n<\/div>\n<p>De plus, le milieu de terrain sign\u00e9 AS Eupen a sign\u00e9 Ga\u00ebtan Hendrickx \u00e0 la fin de cette saison. Le joueur de 29 ans a jou\u00e9 pour la derni\u00e8re fois pour le KMSK Deinze, qui a \u00e9t\u00e9 d\u00e9clar\u00e9 insolvable \u00e0 la fin de 2024. En cons\u00e9quence, Hendrickx \u00e9tait sans club et pouvait \u00e9galement \u00eatre sign\u00e9 par AS apr\u00e8s la fin de la p\u00e9riode de transfert d&rsquo;hiver.<\/p>\n<p>Hendrickx a obtenu sa formation \u00e0 Charleroi SC, Standard Li\u00e8ge et le KRC Genk. Depuis 2014, il joue en tant que professionnel pour Sint-Truid VV, Charleroi SC, KV Kortrijk et KMSK Deinze. Pour ces clubs, il a disput\u00e9 112 matchs dans la Jupil Pro League, 127 rencontres dans la Challenger Pro League et 19 matchs en Coupe Croky. Adolescent, il a \u00e9t\u00e9 nomin\u00e9 31 fois pour les \u00e9quipes nationales belges de l&rsquo;U15 \u00e0 U19.<\/p>\n<p>Hendrickx est un concepteur de jeux qui peut \u00eatre utilis\u00e9 dans toutes les positions du milieu de terrain central. (Kas \/ Cre)<\/p>\n","protected":false},"excerpt":{"rendered":"<p>La gestion du club du Second Division Club en tant qu&rsquo;Eupen semble \u00e9galement \u00eatre devenu clair que l&rsquo;\u00e9quipe a absolument besoin de renforts malgr\u00e9 la<\/p>\n","protected":false},"author":1,"featured_media":4894,"comment_status":"","ping_status":"","sticky":false,"template":"","format":"standard","meta":{"footnotes":""},"categories":[298],"tags":[1254,5184,2329,5187,2500,5185,5186,5182,507,33,5183],"class_list":["post-4893","post","type-post","status-publish","format-standard","has-post-thumbnail","hentry","category-belgique","tag-comme","tag-ejike","tag-eupen","tag-hendrickx","tag-kehrweg","tag-oblige","tag-plastun","tag-renforcement","tag-selon","tag-sur","tag-wedingo","generate-columns","tablet-grid-50","mobile-grid-100","grid-parent","grid-33"],"yoast_head":"<!-- This site is optimized with the Yoast SEO plugin v24.0 - https:\/\/yoast.com\/wordpress\/plugins\/seo\/ -->\n<title>Renforcement sur le Kehrweg: Selon Wedingo et Ejike, comme Eupen oblige Plastun et Hendrickx | Vie Associative<\/title>\n<meta name=\"robots\" content=\"index, follow, max-snippet:-1, max-image-preview:large, max-video-preview:-1\" \/>\n<link rel=\"canonical\" href=\"https:\/\/vieassociative.be\/actualites\/renforcement-sur-le-kehrweg-selon-wedingo-et-ejike-comme-eupen-oblige-plastun-et-hendrickx\/\" \/>\n<meta property=\"og:locale\" content=\"fr_FR\" \/>\n<meta property=\"og:type\" content=\"article\" \/>\n<meta property=\"og:title\" content=\"Renforcement sur le Kehrweg: Selon Wedingo et Ejike, comme Eupen oblige Plastun et Hendrickx | Vie Associative\" \/>\n<meta property=\"og:description\" content=\"La gestion du club du Second Division Club en tant qu&rsquo;Eupen semble \u00e9galement \u00eatre devenu clair que l&rsquo;\u00e9quipe a absolument besoin de renforts malgr\u00e9 la\" \/>\n<meta property=\"og:url\" content=\"https:\/\/vieassociative.be\/actualites\/renforcement-sur-le-kehrweg-selon-wedingo-et-ejike-comme-eupen-oblige-plastun-et-hendrickx\/\" \/>\n<meta property=\"og:site_name\" content=\"Vie Associative\" \/>\n<meta property=\"article:published_time\" content=\"2025-02-06T08:18:33+00:00\" \/>\n<meta property=\"og:image\" content=\"https:\/\/vieassociative.be\/actualites\/wp-content\/uploads\/2024\/09\/header_backgroundk-01-e1726694325946.png\" \/>\n\t<meta property=\"og:image:width\" content=\"279\" \/>\n\t<meta property=\"og:image:height\" content=\"92\" \/>\n\t<meta property=\"og:image:type\" content=\"image\/png\" \/>\n<meta name=\"author\" content=\"Julien\" \/>\n<meta name=\"twitter:card\" content=\"summary_large_image\" \/>\n<meta name=\"twitter:label1\" content=\"\u00c9crit par\" \/>\n\t<meta name=\"twitter:data1\" content=\"Julien\" \/>\n\t<meta name=\"twitter:label2\" content=\"Dur\u00e9e de lecture est.\" \/>\n\t<meta name=\"twitter:data2\" content=\"2 minutes\" \/>\n<script type=\"application\/ld+json\" class=\"yoast-schema-graph\">{\"@context\":\"https:\/\/schema.org\",\"@graph\":[{\"@type\":\"Article\",\"@id\":\"https:\/\/vieassociative.be\/actualites\/renforcement-sur-le-kehrweg-selon-wedingo-et-ejike-comme-eupen-oblige-plastun-et-hendrickx\/#article\",\"isPartOf\":{\"@id\":\"https:\/\/vieassociative.be\/actualites\/renforcement-sur-le-kehrweg-selon-wedingo-et-ejike-comme-eupen-oblige-plastun-et-hendrickx\/\"},\"author\":{\"name\":\"Julien\",\"@id\":\"https:\/\/vieassociative.be\/actualites\/#\/schema\/person\/b87ac4f82f9d4e7b7cec7395b679edc4\"},\"headline\":\"Renforcement sur le Kehrweg: Selon Wedingo et Ejike, comme Eupen oblige Plastun et Hendrickx\",\"datePublished\":\"2025-02-06T08:18:33+00:00\",\"dateModified\":\"2025-02-06T08:18:33+00:00\",\"mainEntityOfPage\":{\"@id\":\"https:\/\/vieassociative.be\/actualites\/renforcement-sur-le-kehrweg-selon-wedingo-et-ejike-comme-eupen-oblige-plastun-et-hendrickx\/\"},\"wordCount\":461,\"publisher\":{\"@id\":\"https:\/\/vieassociative.be\/actualites\/#organization\"},\"image\":{\"@id\":\"https:\/\/vieassociative.be\/actualites\/renforcement-sur-le-kehrweg-selon-wedingo-et-ejike-comme-eupen-oblige-plastun-et-hendrickx\/#primaryimage\"},\"thumbnailUrl\":\"https:\/\/vieassociative.be\/actualites\/wp-content\/uploads\/2025\/02\/Renforcement-sur-le-Kehrweg-Selon-Wedingo-et-Ejike-comme-Eupen.jpg\",\"keywords\":[\"comme\",\"Ejike\",\"Eupen\",\"Hendrickx\",\"Kehrweg\",\"oblige\",\"Plastun\",\"Renforcement\",\"selon\",\"sur\",\"Wedingo\"],\"articleSection\":[\"Belgique\"],\"inLanguage\":\"fr-BE\"},{\"@type\":\"WebPage\",\"@id\":\"https:\/\/vieassociative.be\/actualites\/renforcement-sur-le-kehrweg-selon-wedingo-et-ejike-comme-eupen-oblige-plastun-et-hendrickx\/\",\"url\":\"https:\/\/vieassociative.be\/actualites\/renforcement-sur-le-kehrweg-selon-wedingo-et-ejike-comme-eupen-oblige-plastun-et-hendrickx\/\",\"name\":\"Renforcement sur le Kehrweg: Selon Wedingo et Ejike, comme Eupen oblige Plastun et Hendrickx | Vie Associative\",\"isPartOf\":{\"@id\":\"https:\/\/vieassociative.be\/actualites\/#website\"},\"primaryImageOfPage\":{\"@id\":\"https:\/\/vieassociative.be\/actualites\/renforcement-sur-le-kehrweg-selon-wedingo-et-ejike-comme-eupen-oblige-plastun-et-hendrickx\/#primaryimage\"},\"image\":{\"@id\":\"https:\/\/vieassociative.be\/actualites\/renforcement-sur-le-kehrweg-selon-wedingo-et-ejike-comme-eupen-oblige-plastun-et-hendrickx\/#primaryimage\"},\"thumbnailUrl\":\"https:\/\/vieassociative.be\/actualites\/wp-content\/uploads\/2025\/02\/Renforcement-sur-le-Kehrweg-Selon-Wedingo-et-Ejike-comme-Eupen.jpg\",\"datePublished\":\"2025-02-06T08:18:33+00:00\",\"dateModified\":\"2025-02-06T08:18:33+00:00\",\"breadcrumb\":{\"@id\":\"https:\/\/vieassociative.be\/actualites\/renforcement-sur-le-kehrweg-selon-wedingo-et-ejike-comme-eupen-oblige-plastun-et-hendrickx\/#breadcrumb\"},\"inLanguage\":\"fr-BE\",\"potentialAction\":[{\"@type\":\"ReadAction\",\"target\":[\"https:\/\/vieassociative.be\/actualites\/renforcement-sur-le-kehrweg-selon-wedingo-et-ejike-comme-eupen-oblige-plastun-et-hendrickx\/\"]}]},{\"@type\":\"ImageObject\",\"inLanguage\":\"fr-BE\",\"@id\":\"https:\/\/vieassociative.be\/actualites\/renforcement-sur-le-kehrweg-selon-wedingo-et-ejike-comme-eupen-oblige-plastun-et-hendrickx\/#primaryimage\",\"url\":\"https:\/\/vieassociative.be\/actualites\/wp-content\/uploads\/2025\/02\/Renforcement-sur-le-Kehrweg-Selon-Wedingo-et-Ejike-comme-Eupen.jpg\",\"contentUrl\":\"https:\/\/vieassociative.be\/actualites\/wp-content\/uploads\/2025\/02\/Renforcement-sur-le-Kehrweg-Selon-Wedingo-et-Ejike-comme-Eupen.jpg\",\"width\":1200,\"height\":801,\"caption\":\"Renforcement sur le Kehrweg: Selon Wedingo et Ejike, comme Eupen oblige Plastun et Hendrickx\"},{\"@type\":\"BreadcrumbList\",\"@id\":\"https:\/\/vieassociative.be\/actualites\/renforcement-sur-le-kehrweg-selon-wedingo-et-ejike-comme-eupen-oblige-plastun-et-hendrickx\/#breadcrumb\",\"itemListElement\":[{\"@type\":\"ListItem\",\"position\":1,\"name\":\"Accueil\",\"item\":\"https:\/\/vieassociative.be\/actualites\/\"},{\"@type\":\"ListItem\",\"position\":2,\"name\":\"Renforcement sur le Kehrweg: Selon Wedingo et Ejike, comme Eupen oblige Plastun et Hendrickx\"}]},{\"@type\":\"WebSite\",\"@id\":\"https:\/\/vieassociative.be\/actualites\/#website\",\"url\":\"https:\/\/vieassociative.be\/actualites\/\",\"name\":\"Vie Associative\",\"description\":\"\",\"publisher\":{\"@id\":\"https:\/\/vieassociative.be\/actualites\/#organization\"},\"potentialAction\":[{\"@type\":\"SearchAction\",\"target\":{\"@type\":\"EntryPoint\",\"urlTemplate\":\"https:\/\/vieassociative.be\/actualites\/?s={search_term_string}\"},\"query-input\":{\"@type\":\"PropertyValueSpecification\",\"valueRequired\":true,\"valueName\":\"search_term_string\"}}],\"inLanguage\":\"fr-BE\"},{\"@type\":\"Organization\",\"@id\":\"https:\/\/vieassociative.be\/actualites\/#organization\",\"name\":\"Vie Associative\",\"url\":\"https:\/\/vieassociative.be\/actualites\/\",\"logo\":{\"@type\":\"ImageObject\",\"inLanguage\":\"fr-BE\",\"@id\":\"https:\/\/vieassociative.be\/actualites\/#\/schema\/logo\/image\/\",\"url\":\"https:\/\/vieassociative.be\/actualites\/wp-content\/uploads\/2024\/09\/cropped-vieassociative_favicon.ico.png\",\"contentUrl\":\"https:\/\/vieassociative.be\/actualites\/wp-content\/uploads\/2024\/09\/cropped-vieassociative_favicon.ico.png\",\"width\":512,\"height\":512,\"caption\":\"Vie Associative\"},\"image\":{\"@id\":\"https:\/\/vieassociative.be\/actualites\/#\/schema\/logo\/image\/\"}},{\"@type\":\"Person\",\"@id\":\"https:\/\/vieassociative.be\/actualites\/#\/schema\/person\/b87ac4f82f9d4e7b7cec7395b679edc4\",\"name\":\"Julien\",\"image\":{\"@type\":\"ImageObject\",\"inLanguage\":\"fr-BE\",\"@id\":\"https:\/\/vieassociative.be\/actualites\/#\/schema\/person\/image\/\",\"url\":\"https:\/\/vieassociative.be\/actualites\/wp-content\/uploads\/2024\/09\/vie-associative-1-150x150.jpg\",\"contentUrl\":\"https:\/\/vieassociative.be\/actualites\/wp-content\/uploads\/2024\/09\/vie-associative-1-150x150.jpg\",\"caption\":\"Julien\"},\"description\":\"Je suis Julien, r\u00e9dacteur pour Vie Associative. Passionn\u00e9 par le monde associatif depuis plus de 10 ans, j'ai \u00e0 c\u0153ur de partager des histoires inspirantes et de mettre en lumi\u00e8re les initiatives locales. Mon objectif est de sensibiliser et d'encourager l'engagement communautaire \u00e0 travers mes articles.\",\"sameAs\":[\"https:\/\/vieassociative.be\/\"]}]}<\/script>\n<!-- \/ Yoast SEO plugin. -->","yoast_head_json":{"title":"Renforcement sur le Kehrweg: Selon Wedingo et Ejike, comme Eupen oblige Plastun et Hendrickx | Vie Associative","robots":{"index":"index","follow":"follow","max-snippet":"max-snippet:-1","max-image-preview":"max-image-preview:large","max-video-preview":"max-video-preview:-1"},"canonical":"https:\/\/vieassociative.be\/actualites\/renforcement-sur-le-kehrweg-selon-wedingo-et-ejike-comme-eupen-oblige-plastun-et-hendrickx\/","og_locale":"fr_FR","og_type":"article","og_title":"Renforcement sur le Kehrweg: Selon Wedingo et Ejike, comme Eupen oblige Plastun et Hendrickx | Vie Associative","og_description":"La gestion du club du Second Division Club en tant qu&rsquo;Eupen semble \u00e9galement \u00eatre devenu clair que l&rsquo;\u00e9quipe a absolument besoin de renforts malgr\u00e9 la","og_url":"https:\/\/vieassociative.be\/actualites\/renforcement-sur-le-kehrweg-selon-wedingo-et-ejike-comme-eupen-oblige-plastun-et-hendrickx\/","og_site_name":"Vie Associative","article_published_time":"2025-02-06T08:18:33+00:00","og_image":[{"width":279,"height":92,"url":"https:\/\/vieassociative.be\/actualites\/wp-content\/uploads\/2024\/09\/header_backgroundk-01-e1726694325946.png","type":"image\/png"}],"author":"Julien","twitter_card":"summary_large_image","twitter_misc":{"\u00c9crit par":"Julien","Dur\u00e9e de lecture est.":"2 minutes"},"schema":{"@context":"https:\/\/schema.org","@graph":[{"@type":"Article","@id":"https:\/\/vieassociative.be\/actualites\/renforcement-sur-le-kehrweg-selon-wedingo-et-ejike-comme-eupen-oblige-plastun-et-hendrickx\/#article","isPartOf":{"@id":"https:\/\/vieassociative.be\/actualites\/renforcement-sur-le-kehrweg-selon-wedingo-et-ejike-comme-eupen-oblige-plastun-et-hendrickx\/"},"author":{"name":"Julien","@id":"https:\/\/vieassociative.be\/actualites\/#\/schema\/person\/b87ac4f82f9d4e7b7cec7395b679edc4"},"headline":"Renforcement sur le Kehrweg: Selon Wedingo et Ejike, comme Eupen oblige Plastun et Hendrickx","datePublished":"2025-02-06T08:18:33+00:00","dateModified":"2025-02-06T08:18:33+00:00","mainEntityOfPage":{"@id":"https:\/\/vieassociative.be\/actualites\/renforcement-sur-le-kehrweg-selon-wedingo-et-ejike-comme-eupen-oblige-plastun-et-hendrickx\/"},"wordCount":461,"publisher":{"@id":"https:\/\/vieassociative.be\/actualites\/#organization"},"image":{"@id":"https:\/\/vieassociative.be\/actualites\/renforcement-sur-le-kehrweg-selon-wedingo-et-ejike-comme-eupen-oblige-plastun-et-hendrickx\/#primaryimage"},"thumbnailUrl":"https:\/\/vieassociative.be\/actualites\/wp-content\/uploads\/2025\/02\/Renforcement-sur-le-Kehrweg-Selon-Wedingo-et-Ejike-comme-Eupen.jpg","keywords":["comme","Ejike","Eupen","Hendrickx","Kehrweg","oblige","Plastun","Renforcement","selon","sur","Wedingo"],"articleSection":["Belgique"],"inLanguage":"fr-BE"},{"@type":"WebPage","@id":"https:\/\/vieassociative.be\/actualites\/renforcement-sur-le-kehrweg-selon-wedingo-et-ejike-comme-eupen-oblige-plastun-et-hendrickx\/","url":"https:\/\/vieassociative.be\/actualites\/renforcement-sur-le-kehrweg-selon-wedingo-et-ejike-comme-eupen-oblige-plastun-et-hendrickx\/","name":"Renforcement sur le Kehrweg: Selon Wedingo et Ejike, comme Eupen oblige Plastun et Hendrickx | Vie Associative","isPartOf":{"@id":"https:\/\/vieassociative.be\/actualites\/#website"},"primaryImageOfPage":{"@id":"https:\/\/vieassociative.be\/actualites\/renforcement-sur-le-kehrweg-selon-wedingo-et-ejike-comme-eupen-oblige-plastun-et-hendrickx\/#primaryimage"},"image":{"@id":"https:\/\/vieassociative.be\/actualites\/renforcement-sur-le-kehrweg-selon-wedingo-et-ejike-comme-eupen-oblige-plastun-et-hendrickx\/#primaryimage"},"thumbnailUrl":"https:\/\/vieassociative.be\/actualites\/wp-content\/uploads\/2025\/02\/Renforcement-sur-le-Kehrweg-Selon-Wedingo-et-Ejike-comme-Eupen.jpg","datePublished":"2025-02-06T08:18:33+00:00","dateModified":"2025-02-06T08:18:33+00:00","breadcrumb":{"@id":"https:\/\/vieassociative.be\/actualites\/renforcement-sur-le-kehrweg-selon-wedingo-et-ejike-comme-eupen-oblige-plastun-et-hendrickx\/#breadcrumb"},"inLanguage":"fr-BE","potentialAction":[{"@type":"ReadAction","target":["https:\/\/vieassociative.be\/actualites\/renforcement-sur-le-kehrweg-selon-wedingo-et-ejike-comme-eupen-oblige-plastun-et-hendrickx\/"]}]},{"@type":"ImageObject","inLanguage":"fr-BE","@id":"https:\/\/vieassociative.be\/actualites\/renforcement-sur-le-kehrweg-selon-wedingo-et-ejike-comme-eupen-oblige-plastun-et-hendrickx\/#primaryimage","url":"https:\/\/vieassociative.be\/actualites\/wp-content\/uploads\/2025\/02\/Renforcement-sur-le-Kehrweg-Selon-Wedingo-et-Ejike-comme-Eupen.jpg","contentUrl":"https:\/\/vieassociative.be\/actualites\/wp-content\/uploads\/2025\/02\/Renforcement-sur-le-Kehrweg-Selon-Wedingo-et-Ejike-comme-Eupen.jpg","width":1200,"height":801,"caption":"Renforcement sur le Kehrweg: Selon Wedingo et Ejike, comme Eupen oblige Plastun et Hendrickx"},{"@type":"BreadcrumbList","@id":"https:\/\/vieassociative.be\/actualites\/renforcement-sur-le-kehrweg-selon-wedingo-et-ejike-comme-eupen-oblige-plastun-et-hendrickx\/#breadcrumb","itemListElement":[{"@type":"ListItem","position":1,"name":"Accueil","item":"https:\/\/vieassociative.be\/actualites\/"},{"@type":"ListItem","position":2,"name":"Renforcement sur le Kehrweg: Selon Wedingo et Ejike, comme Eupen oblige Plastun et Hendrickx"}]},{"@type":"WebSite","@id":"https:\/\/vieassociative.be\/actualites\/#website","url":"https:\/\/vieassociative.be\/actualites\/","name":"Vie Associative","description":"","publisher":{"@id":"https:\/\/vieassociative.be\/actualites\/#organization"},"potentialAction":[{"@type":"SearchAction","target":{"@type":"EntryPoint","urlTemplate":"https:\/\/vieassociative.be\/actualites\/?s={search_term_string}"},"query-input":{"@type":"PropertyValueSpecification","valueRequired":true,"valueName":"search_term_string"}}],"inLanguage":"fr-BE"},{"@type":"Organization","@id":"https:\/\/vieassociative.be\/actualites\/#organization","name":"Vie Associative","url":"https:\/\/vieassociative.be\/actualites\/","logo":{"@type":"ImageObject","inLanguage":"fr-BE","@id":"https:\/\/vieassociative.be\/actualites\/#\/schema\/logo\/image\/","url":"https:\/\/vieassociative.be\/actualites\/wp-content\/uploads\/2024\/09\/cropped-vieassociative_favicon.ico.png","contentUrl":"https:\/\/vieassociative.be\/actualites\/wp-content\/uploads\/2024\/09\/cropped-vieassociative_favicon.ico.png","width":512,"height":512,"caption":"Vie Associative"},"image":{"@id":"https:\/\/vieassociative.be\/actualites\/#\/schema\/logo\/image\/"}},{"@type":"Person","@id":"https:\/\/vieassociative.be\/actualites\/#\/schema\/person\/b87ac4f82f9d4e7b7cec7395b679edc4","name":"Julien","image":{"@type":"ImageObject","inLanguage":"fr-BE","@id":"https:\/\/vieassociative.be\/actualites\/#\/schema\/person\/image\/","url":"https:\/\/vieassociative.be\/actualites\/wp-content\/uploads\/2024\/09\/vie-associative-1-150x150.jpg","contentUrl":"https:\/\/vieassociative.be\/actualites\/wp-content\/uploads\/2024\/09\/vie-associative-1-150x150.jpg","caption":"Julien"},"description":"Je suis Julien, r\u00e9dacteur pour Vie Associative. Passionn\u00e9 par le monde associatif depuis plus de 10 ans, j'ai \u00e0 c\u0153ur de partager des histoires inspirantes et de mettre en lumi\u00e8re les initiatives locales. Mon objectif est de sensibiliser et d'encourager l'engagement communautaire \u00e0 travers mes articles.","sameAs":["https:\/\/vieassociative.be\/"]}]}},"_links":{"self":[{"href":"https:\/\/vieassociative.be\/actualites\/wp-json\/wp\/v2\/posts\/4893"}],"collection":[{"href":"https:\/\/vieassociative.be\/actualites\/wp-json\/wp\/v2\/posts"}],"about":[{"href":"https:\/\/vieassociative.be\/actualites\/wp-json\/wp\/v2\/types\/post"}],"author":[{"embeddable":true,"href":"https:\/\/vieassociative.be\/actualites\/wp-json\/wp\/v2\/users\/1"}],"replies":[{"embeddable":true,"href":"https:\/\/vieassociative.be\/actualites\/wp-json\/wp\/v2\/comments?post=4893"}],"version-history":[{"count":0,"href":"https:\/\/vieassociative.be\/actualites\/wp-json\/wp\/v2\/posts\/4893\/revisions"}],"wp:featuredmedia":[{"embeddable":true,"href":"https:\/\/vieassociative.be\/actualites\/wp-json\/wp\/v2\/media\/4894"}],"wp:attachment":[{"href":"https:\/\/vieassociative.be\/actualites\/wp-json\/wp\/v2\/media?parent=4893"}],"wp:term":[{"taxonomy":"category","embeddable":true,"href":"https:\/\/vieassociative.be\/actualites\/wp-json\/wp\/v2\/categories?post=4893"},{"taxonomy":"post_tag","embeddable":true,"href":"https:\/\/vieassociative.be\/actualites\/wp-json\/wp\/v2\/tags?post=4893"}],"curies":[{"name":"wp","href":"https:\/\/api.w.org\/{rel}","templated":true}]}}