{"id":4883,"date":"2025-02-06T03:17:31","date_gmt":"2025-02-06T02:17:31","guid":{"rendered":"https:\/\/vieassociative.be\/actualites\/apres-des-tirs-la-police-recherche-des-suspects-dans-le-metro-de-bruxelles\/"},"modified":"2025-02-06T03:17:31","modified_gmt":"2025-02-06T02:17:31","slug":"apres-des-tirs-la-police-recherche-des-suspects-dans-le-metro-de-bruxelles","status":"publish","type":"post","link":"https:\/\/vieassociative.be\/actualites\/apres-des-tirs-la-police-recherche-des-suspects-dans-le-metro-de-bruxelles\/","title":{"rendered":"Apr\u00e8s des tirs: la police recherche des suspects dans le m\u00e9tro de Bruxelles"},"content":{"rendered":"<p><strong>Les enregistrements vid\u00e9o montrent des hommes arm\u00e9s \u00e0 l&rsquo;entr\u00e9e d&rsquo;une station de m\u00e9tro \u00e0 Bruxelles. La police les recherche et paralyse partiellement les transports publics dans la capitale belge.<\/strong><\/p>\n<p><span id=\"more-407583\"><\/span>\u00c0 Bruxelles, une op\u00e9ration \u00e0 grande \u00e9chelle de la police du r\u00e9seau de m\u00e9tro a \u00e9t\u00e9 d\u00e9clench\u00e9e \u00e0 Bruxelles devant une station de m\u00e9tro. \u00ab\u00a0Les suspects ont fui vers la station de m\u00e9tro et peuvent toujours \u00eatre dans le tunnel entre les stations de Cl\u00e9menneau et Sud\u00a0\u00bb, a d\u00e9clar\u00e9 une porte-parole de la police pour l&rsquo;agence de presse Belga. Les responsables ont fouill\u00e9 la r\u00e9gion. Il n&rsquo;y a eu aucune blessure, a-t-il d\u00e9clar\u00e9.<\/p>\n<p>Comme l&rsquo;a dit le procureur de Bruxelles, plusieurs cartouches ont \u00e9t\u00e9 trouv\u00e9es devant la station de m\u00e9tro de Cl\u00e9menneau. Il n&rsquo;y a actuellement aucune preuve d&rsquo;un motif terroriste.<\/p>\n<p>Des enregistrements vid\u00e9o publi\u00e9s par le diffuseur belge RTBF \u00e0 l&rsquo;entr\u00e9e de la station de m\u00e9tro de Cl\u00e9menneau non loin de la gare de la gare de Bruxelles MIDI montrent deux hommes \u00e0 capuche avec des objets qui ressemblent \u00e0 des fusils d&rsquo;assaut. Le RTBF a \u00e9crit que l&rsquo;incident est li\u00e9 au trafic de drogue.<\/p>\n<p>La recherche a entra\u00een\u00e9 de fortes alt\u00e9ration des transports publics locaux dans la capitale belge. Plusieurs lignes de m\u00e9tro et de tramway ont \u00e9t\u00e9 initialement interrompues. (DPA)<\/p>\n","protected":false},"excerpt":{"rendered":"<p>Les enregistrements vid\u00e9o montrent des hommes arm\u00e9s \u00e0 l&rsquo;entr\u00e9e d&rsquo;une station de m\u00e9tro \u00e0 Bruxelles. La police les recherche et paralyse partiellement les transports publics<\/p>\n","protected":false},"author":1,"featured_media":4884,"comment_status":"","ping_status":"","sticky":false,"template":"","format":"standard","meta":{"footnotes":""},"categories":[298],"tags":[472,455,166,29,5180,2741,718,4920,5161],"class_list":["post-4883","post","type-post","status-publish","format-standard","has-post-thumbnail","hentry","category-belgique","tag-apres","tag-bruxelles","tag-dans","tag-des","tag-metro","tag-police","tag-recherche","tag-suspects","tag-tirs","generate-columns","tablet-grid-50","mobile-grid-100","grid-parent","grid-33"],"yoast_head":"<!-- This site is optimized with the Yoast SEO plugin v24.0 - https:\/\/yoast.com\/wordpress\/plugins\/seo\/ -->\n<title>Apr\u00e8s des tirs: la police recherche des suspects dans le m\u00e9tro de Bruxelles | Vie Associative<\/title>\n<meta name=\"robots\" content=\"index, follow, max-snippet:-1, max-image-preview:large, max-video-preview:-1\" \/>\n<link rel=\"canonical\" href=\"https:\/\/vieassociative.be\/actualites\/apres-des-tirs-la-police-recherche-des-suspects-dans-le-metro-de-bruxelles\/\" \/>\n<meta property=\"og:locale\" content=\"fr_FR\" \/>\n<meta property=\"og:type\" content=\"article\" \/>\n<meta property=\"og:title\" content=\"Apr\u00e8s des tirs: la police recherche des suspects dans le m\u00e9tro de Bruxelles | Vie Associative\" \/>\n<meta property=\"og:description\" content=\"Les enregistrements vid\u00e9o montrent des hommes arm\u00e9s \u00e0 l&rsquo;entr\u00e9e d&rsquo;une station de m\u00e9tro \u00e0 Bruxelles. La police les recherche et paralyse partiellement les transports publics\" \/>\n<meta property=\"og:url\" content=\"https:\/\/vieassociative.be\/actualites\/apres-des-tirs-la-police-recherche-des-suspects-dans-le-metro-de-bruxelles\/\" \/>\n<meta property=\"og:site_name\" content=\"Vie Associative\" \/>\n<meta property=\"article:published_time\" content=\"2025-02-06T02:17:31+00:00\" \/>\n<meta property=\"og:image\" content=\"https:\/\/vieassociative.be\/actualites\/wp-content\/uploads\/2024\/09\/header_backgroundk-01-e1726694325946.png\" \/>\n\t<meta property=\"og:image:width\" content=\"279\" \/>\n\t<meta property=\"og:image:height\" content=\"92\" \/>\n\t<meta property=\"og:image:type\" content=\"image\/png\" \/>\n<meta name=\"author\" content=\"Julien\" \/>\n<meta name=\"twitter:card\" content=\"summary_large_image\" \/>\n<meta name=\"twitter:label1\" content=\"\u00c9crit par\" \/>\n\t<meta name=\"twitter:data1\" content=\"Julien\" \/>\n\t<meta name=\"twitter:label2\" content=\"Dur\u00e9e de lecture est.\" \/>\n\t<meta name=\"twitter:data2\" content=\"1 minute\" \/>\n<script type=\"application\/ld+json\" class=\"yoast-schema-graph\">{\"@context\":\"https:\/\/schema.org\",\"@graph\":[{\"@type\":\"Article\",\"@id\":\"https:\/\/vieassociative.be\/actualites\/apres-des-tirs-la-police-recherche-des-suspects-dans-le-metro-de-bruxelles\/#article\",\"isPartOf\":{\"@id\":\"https:\/\/vieassociative.be\/actualites\/apres-des-tirs-la-police-recherche-des-suspects-dans-le-metro-de-bruxelles\/\"},\"author\":{\"name\":\"Julien\",\"@id\":\"https:\/\/vieassociative.be\/actualites\/#\/schema\/person\/b87ac4f82f9d4e7b7cec7395b679edc4\"},\"headline\":\"Apr\u00e8s des tirs: la police recherche des suspects dans le m\u00e9tro de Bruxelles\",\"datePublished\":\"2025-02-06T02:17:31+00:00\",\"dateModified\":\"2025-02-06T02:17:31+00:00\",\"mainEntityOfPage\":{\"@id\":\"https:\/\/vieassociative.be\/actualites\/apres-des-tirs-la-police-recherche-des-suspects-dans-le-metro-de-bruxelles\/\"},\"wordCount\":255,\"publisher\":{\"@id\":\"https:\/\/vieassociative.be\/actualites\/#organization\"},\"image\":{\"@id\":\"https:\/\/vieassociative.be\/actualites\/apres-des-tirs-la-police-recherche-des-suspects-dans-le-metro-de-bruxelles\/#primaryimage\"},\"thumbnailUrl\":\"https:\/\/vieassociative.be\/actualites\/wp-content\/uploads\/2025\/02\/Apres-des-tirs-la-police-recherche-des-suspects-dans-le.jpg\",\"keywords\":[\"Apr\u00e8s\",\"Bruxelles\",\"dans\",\"Des\",\"m\u00e9tro\",\"police\",\"recherche\",\"suspects\",\"tirs\"],\"articleSection\":[\"Belgique\"],\"inLanguage\":\"fr-BE\"},{\"@type\":\"WebPage\",\"@id\":\"https:\/\/vieassociative.be\/actualites\/apres-des-tirs-la-police-recherche-des-suspects-dans-le-metro-de-bruxelles\/\",\"url\":\"https:\/\/vieassociative.be\/actualites\/apres-des-tirs-la-police-recherche-des-suspects-dans-le-metro-de-bruxelles\/\",\"name\":\"Apr\u00e8s des tirs: la police recherche des suspects dans le m\u00e9tro de Bruxelles | Vie Associative\",\"isPartOf\":{\"@id\":\"https:\/\/vieassociative.be\/actualites\/#website\"},\"primaryImageOfPage\":{\"@id\":\"https:\/\/vieassociative.be\/actualites\/apres-des-tirs-la-police-recherche-des-suspects-dans-le-metro-de-bruxelles\/#primaryimage\"},\"image\":{\"@id\":\"https:\/\/vieassociative.be\/actualites\/apres-des-tirs-la-police-recherche-des-suspects-dans-le-metro-de-bruxelles\/#primaryimage\"},\"thumbnailUrl\":\"https:\/\/vieassociative.be\/actualites\/wp-content\/uploads\/2025\/02\/Apres-des-tirs-la-police-recherche-des-suspects-dans-le.jpg\",\"datePublished\":\"2025-02-06T02:17:31+00:00\",\"dateModified\":\"2025-02-06T02:17:31+00:00\",\"breadcrumb\":{\"@id\":\"https:\/\/vieassociative.be\/actualites\/apres-des-tirs-la-police-recherche-des-suspects-dans-le-metro-de-bruxelles\/#breadcrumb\"},\"inLanguage\":\"fr-BE\",\"potentialAction\":[{\"@type\":\"ReadAction\",\"target\":[\"https:\/\/vieassociative.be\/actualites\/apres-des-tirs-la-police-recherche-des-suspects-dans-le-metro-de-bruxelles\/\"]}]},{\"@type\":\"ImageObject\",\"inLanguage\":\"fr-BE\",\"@id\":\"https:\/\/vieassociative.be\/actualites\/apres-des-tirs-la-police-recherche-des-suspects-dans-le-metro-de-bruxelles\/#primaryimage\",\"url\":\"https:\/\/vieassociative.be\/actualites\/wp-content\/uploads\/2025\/02\/Apres-des-tirs-la-police-recherche-des-suspects-dans-le.jpg\",\"contentUrl\":\"https:\/\/vieassociative.be\/actualites\/wp-content\/uploads\/2025\/02\/Apres-des-tirs-la-police-recherche-des-suspects-dans-le.jpg\",\"width\":1200,\"height\":798,\"caption\":\"Apr\u00e8s des tirs: la police recherche des suspects dans le m\u00e9tro de Bruxelles\"},{\"@type\":\"BreadcrumbList\",\"@id\":\"https:\/\/vieassociative.be\/actualites\/apres-des-tirs-la-police-recherche-des-suspects-dans-le-metro-de-bruxelles\/#breadcrumb\",\"itemListElement\":[{\"@type\":\"ListItem\",\"position\":1,\"name\":\"Accueil\",\"item\":\"https:\/\/vieassociative.be\/actualites\/\"},{\"@type\":\"ListItem\",\"position\":2,\"name\":\"Apr\u00e8s des tirs: la police recherche des suspects dans le m\u00e9tro de Bruxelles\"}]},{\"@type\":\"WebSite\",\"@id\":\"https:\/\/vieassociative.be\/actualites\/#website\",\"url\":\"https:\/\/vieassociative.be\/actualites\/\",\"name\":\"Vie Associative\",\"description\":\"\",\"publisher\":{\"@id\":\"https:\/\/vieassociative.be\/actualites\/#organization\"},\"potentialAction\":[{\"@type\":\"SearchAction\",\"target\":{\"@type\":\"EntryPoint\",\"urlTemplate\":\"https:\/\/vieassociative.be\/actualites\/?s={search_term_string}\"},\"query-input\":{\"@type\":\"PropertyValueSpecification\",\"valueRequired\":true,\"valueName\":\"search_term_string\"}}],\"inLanguage\":\"fr-BE\"},{\"@type\":\"Organization\",\"@id\":\"https:\/\/vieassociative.be\/actualites\/#organization\",\"name\":\"Vie Associative\",\"url\":\"https:\/\/vieassociative.be\/actualites\/\",\"logo\":{\"@type\":\"ImageObject\",\"inLanguage\":\"fr-BE\",\"@id\":\"https:\/\/vieassociative.be\/actualites\/#\/schema\/logo\/image\/\",\"url\":\"https:\/\/vieassociative.be\/actualites\/wp-content\/uploads\/2024\/09\/cropped-vieassociative_favicon.ico.png\",\"contentUrl\":\"https:\/\/vieassociative.be\/actualites\/wp-content\/uploads\/2024\/09\/cropped-vieassociative_favicon.ico.png\",\"width\":512,\"height\":512,\"caption\":\"Vie Associative\"},\"image\":{\"@id\":\"https:\/\/vieassociative.be\/actualites\/#\/schema\/logo\/image\/\"}},{\"@type\":\"Person\",\"@id\":\"https:\/\/vieassociative.be\/actualites\/#\/schema\/person\/b87ac4f82f9d4e7b7cec7395b679edc4\",\"name\":\"Julien\",\"image\":{\"@type\":\"ImageObject\",\"inLanguage\":\"fr-BE\",\"@id\":\"https:\/\/vieassociative.be\/actualites\/#\/schema\/person\/image\/\",\"url\":\"https:\/\/vieassociative.be\/actualites\/wp-content\/uploads\/2024\/09\/vie-associative-1-150x150.jpg\",\"contentUrl\":\"https:\/\/vieassociative.be\/actualites\/wp-content\/uploads\/2024\/09\/vie-associative-1-150x150.jpg\",\"caption\":\"Julien\"},\"description\":\"Je suis Julien, r\u00e9dacteur pour Vie Associative. Passionn\u00e9 par le monde associatif depuis plus de 10 ans, j'ai \u00e0 c\u0153ur de partager des histoires inspirantes et de mettre en lumi\u00e8re les initiatives locales. Mon objectif est de sensibiliser et d'encourager l'engagement communautaire \u00e0 travers mes articles.\",\"sameAs\":[\"https:\/\/vieassociative.be\/\"]}]}<\/script>\n<!-- \/ Yoast SEO plugin. -->","yoast_head_json":{"title":"Apr\u00e8s des tirs: la police recherche des suspects dans le m\u00e9tro de Bruxelles | Vie Associative","robots":{"index":"index","follow":"follow","max-snippet":"max-snippet:-1","max-image-preview":"max-image-preview:large","max-video-preview":"max-video-preview:-1"},"canonical":"https:\/\/vieassociative.be\/actualites\/apres-des-tirs-la-police-recherche-des-suspects-dans-le-metro-de-bruxelles\/","og_locale":"fr_FR","og_type":"article","og_title":"Apr\u00e8s des tirs: la police recherche des suspects dans le m\u00e9tro de Bruxelles | Vie Associative","og_description":"Les enregistrements vid\u00e9o montrent des hommes arm\u00e9s \u00e0 l&rsquo;entr\u00e9e d&rsquo;une station de m\u00e9tro \u00e0 Bruxelles. La police les recherche et paralyse partiellement les transports publics","og_url":"https:\/\/vieassociative.be\/actualites\/apres-des-tirs-la-police-recherche-des-suspects-dans-le-metro-de-bruxelles\/","og_site_name":"Vie Associative","article_published_time":"2025-02-06T02:17:31+00:00","og_image":[{"width":279,"height":92,"url":"https:\/\/vieassociative.be\/actualites\/wp-content\/uploads\/2024\/09\/header_backgroundk-01-e1726694325946.png","type":"image\/png"}],"author":"Julien","twitter_card":"summary_large_image","twitter_misc":{"\u00c9crit par":"Julien","Dur\u00e9e de lecture est.":"1 minute"},"schema":{"@context":"https:\/\/schema.org","@graph":[{"@type":"Article","@id":"https:\/\/vieassociative.be\/actualites\/apres-des-tirs-la-police-recherche-des-suspects-dans-le-metro-de-bruxelles\/#article","isPartOf":{"@id":"https:\/\/vieassociative.be\/actualites\/apres-des-tirs-la-police-recherche-des-suspects-dans-le-metro-de-bruxelles\/"},"author":{"name":"Julien","@id":"https:\/\/vieassociative.be\/actualites\/#\/schema\/person\/b87ac4f82f9d4e7b7cec7395b679edc4"},"headline":"Apr\u00e8s des tirs: la police recherche des suspects dans le m\u00e9tro de Bruxelles","datePublished":"2025-02-06T02:17:31+00:00","dateModified":"2025-02-06T02:17:31+00:00","mainEntityOfPage":{"@id":"https:\/\/vieassociative.be\/actualites\/apres-des-tirs-la-police-recherche-des-suspects-dans-le-metro-de-bruxelles\/"},"wordCount":255,"publisher":{"@id":"https:\/\/vieassociative.be\/actualites\/#organization"},"image":{"@id":"https:\/\/vieassociative.be\/actualites\/apres-des-tirs-la-police-recherche-des-suspects-dans-le-metro-de-bruxelles\/#primaryimage"},"thumbnailUrl":"https:\/\/vieassociative.be\/actualites\/wp-content\/uploads\/2025\/02\/Apres-des-tirs-la-police-recherche-des-suspects-dans-le.jpg","keywords":["Apr\u00e8s","Bruxelles","dans","Des","m\u00e9tro","police","recherche","suspects","tirs"],"articleSection":["Belgique"],"inLanguage":"fr-BE"},{"@type":"WebPage","@id":"https:\/\/vieassociative.be\/actualites\/apres-des-tirs-la-police-recherche-des-suspects-dans-le-metro-de-bruxelles\/","url":"https:\/\/vieassociative.be\/actualites\/apres-des-tirs-la-police-recherche-des-suspects-dans-le-metro-de-bruxelles\/","name":"Apr\u00e8s des tirs: la police recherche des suspects dans le m\u00e9tro de Bruxelles | Vie Associative","isPartOf":{"@id":"https:\/\/vieassociative.be\/actualites\/#website"},"primaryImageOfPage":{"@id":"https:\/\/vieassociative.be\/actualites\/apres-des-tirs-la-police-recherche-des-suspects-dans-le-metro-de-bruxelles\/#primaryimage"},"image":{"@id":"https:\/\/vieassociative.be\/actualites\/apres-des-tirs-la-police-recherche-des-suspects-dans-le-metro-de-bruxelles\/#primaryimage"},"thumbnailUrl":"https:\/\/vieassociative.be\/actualites\/wp-content\/uploads\/2025\/02\/Apres-des-tirs-la-police-recherche-des-suspects-dans-le.jpg","datePublished":"2025-02-06T02:17:31+00:00","dateModified":"2025-02-06T02:17:31+00:00","breadcrumb":{"@id":"https:\/\/vieassociative.be\/actualites\/apres-des-tirs-la-police-recherche-des-suspects-dans-le-metro-de-bruxelles\/#breadcrumb"},"inLanguage":"fr-BE","potentialAction":[{"@type":"ReadAction","target":["https:\/\/vieassociative.be\/actualites\/apres-des-tirs-la-police-recherche-des-suspects-dans-le-metro-de-bruxelles\/"]}]},{"@type":"ImageObject","inLanguage":"fr-BE","@id":"https:\/\/vieassociative.be\/actualites\/apres-des-tirs-la-police-recherche-des-suspects-dans-le-metro-de-bruxelles\/#primaryimage","url":"https:\/\/vieassociative.be\/actualites\/wp-content\/uploads\/2025\/02\/Apres-des-tirs-la-police-recherche-des-suspects-dans-le.jpg","contentUrl":"https:\/\/vieassociative.be\/actualites\/wp-content\/uploads\/2025\/02\/Apres-des-tirs-la-police-recherche-des-suspects-dans-le.jpg","width":1200,"height":798,"caption":"Apr\u00e8s des tirs: la police recherche des suspects dans le m\u00e9tro de Bruxelles"},{"@type":"BreadcrumbList","@id":"https:\/\/vieassociative.be\/actualites\/apres-des-tirs-la-police-recherche-des-suspects-dans-le-metro-de-bruxelles\/#breadcrumb","itemListElement":[{"@type":"ListItem","position":1,"name":"Accueil","item":"https:\/\/vieassociative.be\/actualites\/"},{"@type":"ListItem","position":2,"name":"Apr\u00e8s des tirs: la police recherche des suspects dans le m\u00e9tro de Bruxelles"}]},{"@type":"WebSite","@id":"https:\/\/vieassociative.be\/actualites\/#website","url":"https:\/\/vieassociative.be\/actualites\/","name":"Vie Associative","description":"","publisher":{"@id":"https:\/\/vieassociative.be\/actualites\/#organization"},"potentialAction":[{"@type":"SearchAction","target":{"@type":"EntryPoint","urlTemplate":"https:\/\/vieassociative.be\/actualites\/?s={search_term_string}"},"query-input":{"@type":"PropertyValueSpecification","valueRequired":true,"valueName":"search_term_string"}}],"inLanguage":"fr-BE"},{"@type":"Organization","@id":"https:\/\/vieassociative.be\/actualites\/#organization","name":"Vie Associative","url":"https:\/\/vieassociative.be\/actualites\/","logo":{"@type":"ImageObject","inLanguage":"fr-BE","@id":"https:\/\/vieassociative.be\/actualites\/#\/schema\/logo\/image\/","url":"https:\/\/vieassociative.be\/actualites\/wp-content\/uploads\/2024\/09\/cropped-vieassociative_favicon.ico.png","contentUrl":"https:\/\/vieassociative.be\/actualites\/wp-content\/uploads\/2024\/09\/cropped-vieassociative_favicon.ico.png","width":512,"height":512,"caption":"Vie Associative"},"image":{"@id":"https:\/\/vieassociative.be\/actualites\/#\/schema\/logo\/image\/"}},{"@type":"Person","@id":"https:\/\/vieassociative.be\/actualites\/#\/schema\/person\/b87ac4f82f9d4e7b7cec7395b679edc4","name":"Julien","image":{"@type":"ImageObject","inLanguage":"fr-BE","@id":"https:\/\/vieassociative.be\/actualites\/#\/schema\/person\/image\/","url":"https:\/\/vieassociative.be\/actualites\/wp-content\/uploads\/2024\/09\/vie-associative-1-150x150.jpg","contentUrl":"https:\/\/vieassociative.be\/actualites\/wp-content\/uploads\/2024\/09\/vie-associative-1-150x150.jpg","caption":"Julien"},"description":"Je suis Julien, r\u00e9dacteur pour Vie Associative. Passionn\u00e9 par le monde associatif depuis plus de 10 ans, j'ai \u00e0 c\u0153ur de partager des histoires inspirantes et de mettre en lumi\u00e8re les initiatives locales. Mon objectif est de sensibiliser et d'encourager l'engagement communautaire \u00e0 travers mes articles.","sameAs":["https:\/\/vieassociative.be\/"]}]}},"_links":{"self":[{"href":"https:\/\/vieassociative.be\/actualites\/wp-json\/wp\/v2\/posts\/4883"}],"collection":[{"href":"https:\/\/vieassociative.be\/actualites\/wp-json\/wp\/v2\/posts"}],"about":[{"href":"https:\/\/vieassociative.be\/actualites\/wp-json\/wp\/v2\/types\/post"}],"author":[{"embeddable":true,"href":"https:\/\/vieassociative.be\/actualites\/wp-json\/wp\/v2\/users\/1"}],"replies":[{"embeddable":true,"href":"https:\/\/vieassociative.be\/actualites\/wp-json\/wp\/v2\/comments?post=4883"}],"version-history":[{"count":0,"href":"https:\/\/vieassociative.be\/actualites\/wp-json\/wp\/v2\/posts\/4883\/revisions"}],"wp:featuredmedia":[{"embeddable":true,"href":"https:\/\/vieassociative.be\/actualites\/wp-json\/wp\/v2\/media\/4884"}],"wp:attachment":[{"href":"https:\/\/vieassociative.be\/actualites\/wp-json\/wp\/v2\/media?parent=4883"}],"wp:term":[{"taxonomy":"category","embeddable":true,"href":"https:\/\/vieassociative.be\/actualites\/wp-json\/wp\/v2\/categories?post=4883"},{"taxonomy":"post_tag","embeddable":true,"href":"https:\/\/vieassociative.be\/actualites\/wp-json\/wp\/v2\/tags?post=4883"}],"curies":[{"name":"wp","href":"https:\/\/api.w.org\/{rel}","templated":true}]}}