{"id":4881,"date":"2025-02-06T02:17:54","date_gmt":"2025-02-06T01:17:54","guid":{"rendered":"https:\/\/vieassociative.be\/actualites\/les-meilleures-offres-sur-les-televiseurs-qui-arriveront-avant-le-super-bowl\/"},"modified":"2025-02-06T02:17:54","modified_gmt":"2025-02-06T01:17:54","slug":"les-meilleures-offres-sur-les-televiseurs-qui-arriveront-avant-le-super-bowl","status":"publish","type":"post","link":"https:\/\/vieassociative.be\/actualites\/les-meilleures-offres-sur-les-televiseurs-qui-arriveront-avant-le-super-bowl\/","title":{"rendered":"Les meilleures offres sur les t\u00e9l\u00e9viseurs qui arriveront avant le Super Bowl"},"content":{"rendered":"<div class=\"mt-4 leading-6 md:mb-8\">Mettez \u00e0 niveau votre set avant le grand jeu.<\/div>\n<p><\/p>\n<p>Si vous avez manqu\u00e9 la chance de saisir un nouveau t\u00e9l\u00e9viseur lors des ventes r\u00e9centes du premier jour ou du Black Friday, le Super Bowl est votre prochain meilleur coup pour marquer une remise importante. De nombreux t\u00e9l\u00e9viseurs des meilleures marques sont en vente en ce moment, et vous avez encore le temps de les obtenir avant le match le dimanche 9 f\u00e9vrier. <\/p>\n<p>(<strong>Note:<\/strong> Certains mod\u00e8les peuvent ne pas \u00eatre disponibles dans votre partie du pays.)<\/p>\n<h2 id=\"the-best-deals-on-tvs-under-45-inches\">Les meilleures offres sur les t\u00e9l\u00e9viseurs de moins de 45 pouces<\/h2>\n<p>Ne soyez pas distrait par le fait que les t\u00e9l\u00e9viseurs continuent de devenir de plus en plus grands. Si votre salon n&rsquo;est pas \u00e9norme ou si vous n&rsquo;avez pas d&rsquo;espace mural, un t\u00e9l\u00e9viseur massif n&rsquo;est pas meilleur. Les t\u00e9l\u00e9viseurs de 40 pouces sont toujours grands. <\/p>\n<div class=\"shadow-b-2 mb-12 mt-10 rounded-md border-2 border-(#F0F0F0) px-6 py-2 shadow-lg md:px-12\" role=\"region\" aria-label=\"Products List\" x-data=\"{ showMore: false }\">\n<div class=\"flex w-full gap-x-5\">\n<div class=\"flex w-full flex-col flex-nowrap justify-center gap-2 text-black no-underline md:order-2 md:gap-y-6\">\n<div class=\"flex flex-col justify-between gap-y-2 md:w-full md:gap-y-1\">\n<div class=\"block w-fit cursor-pointer font-akshar text-lg font-medium leading-5 text-brand-green duration-200 ease-in-out hover:text-brand-green-700 md:text-xl md:leading-6\">\n<p>                            Amazon Fire TV 43 \u00ab\u00a04-S\u00e9rie 4k Uhd Smart TV avec Alexa\n                        <\/p><\/div>\n<\/p><\/div>\n<div class=\"hidden md:flex md:justify-between md:gap-x-4\">\n<div class=\"w-full mb-0 md:flex md:flex-col md:justify-center font-sans leading-4 text-black\">\n<div class=\"flex flex-wrap items-center justify-center gap-x-1 md:justify-start\">\n        <span class=\"font-bold\"><\/p>\n<p>            229,99 $<br \/>\n                            <span class=\"font-medium\">\u00e0 Amazon<\/span><br \/>\n                    <\/span><br \/>\n                    <img decoding=\"async\" class=\"mt-0 h-(15px)\" src=\"https:\/\/vieassociative.be\/actualites\/wp-content\/uploads\/2025\/02\/Les-meilleures-offres-sur-les-televiseurs-qui-arriveront-avant-le.svg.svg+xml\" title=\"Amazon Prime\" alt=\"Amazon Prime\">\n            <\/div>\n<div class=\"flex items-center justify-center gap-x-1 font-bold md:justify-start\">\n            <span class=\"text-sm line-through\">369,99 $<\/span><br \/>\n            <span class=\"text-sm text-brand-green\">\u00c9conomisez 140,00 $<\/span>\n        <\/div>\n<\/p><\/div>\n<p>                            <button class=\"flex justify-center items-center w-full bg-brand-green text-white text-base font-sans font-medium rounded-md hover:bg-brand-green-700 hover:cursor-pointer md:text-sm hidden self-end h-12 max-w-(10rem) duration-200 ease-in-out hover:bg-brand-green-700 md:flex md:h-10\"><\/p>\n<p>    Conclure un accord<br \/>\n<\/button>\n                        <\/div>\n<\/p><\/div>\n<div class=\"flex aspect-video h-(90px) shrink-0 items-center justify-center self-center md:order-1\">\n                        <img decoding=\"async\" class=\"m-0 max-h-full max-w-full rounded-md\" src=\"https:\/\/vieassociative.be\/actualites\/wp-content\/uploads\/2025\/02\/Les-meilleures-offres-sur-les-televiseurs-qui-arriveront-avant-le.jpg\" alt=\"43\" amazon fire tv hdr smart width=\"auto\" height=\"auto\" loading=\"lazy\">\n                    <\/div>\n<\/p><\/div>\n<p>                            <button class=\"flex justify-center items-center w-full bg-brand-green text-white text-base font-sans font-medium rounded-md hover:bg-brand-green-700 hover:cursor-pointer md:text-sm w-full h-12 duration-200 ease-in-out hover:bg-brand-green-700 md:hidden md:h-10\"><\/p>\n<p>    Conclure un accord<br \/>\n<\/button><\/p>\n<div class=\"flex flex-col items-center w-full md:hidden font-sans leading-4 text-black\">\n<div class=\"flex flex-wrap items-center justify-center gap-x-1 md:justify-start\">\n        <span class=\"font-bold\"><\/p>\n<p>            229,99 $<br \/>\n                            <span class=\"font-medium\">\u00e0 Amazon<\/span><br \/>\n                    <\/span><br \/>\n                    <img decoding=\"async\" class=\"mt-0 h-(15px)\" src=\"https:\/\/vieassociative.be\/actualites\/wp-content\/uploads\/2025\/02\/Les-meilleures-offres-sur-les-televiseurs-qui-arriveront-avant-le.svg.svg+xml\" title=\"Amazon Prime\" alt=\"Amazon Prime\">\n            <\/div>\n<div class=\"flex items-center justify-center gap-x-1 font-bold md:justify-start\">\n            <span class=\"text-sm line-through\">369,99 $<\/span><br \/>\n            <span class=\"text-sm text-brand-green\">\u00c9conomisez 140,00 $<\/span>\n        <\/div>\n<\/p><\/div>\n<div class=\"flex w-full gap-x-5\">\n<div class=\"flex w-full flex-col flex-nowrap justify-center gap-2 text-black no-underline md:order-2 md:gap-y-6\">\n<div class=\"flex flex-col justify-between gap-y-2 md:w-full md:gap-y-1\">\n<div class=\"block w-fit cursor-pointer font-akshar text-lg font-medium leading-5 text-brand-green duration-200 ease-in-out hover:text-brand-green-700 md:text-xl md:leading-6\">\n<p>                            HISENSE 43 \u00ab\u00a0Classe A7 S\u00e9rie 4k UHD Smart Fire TV\n                        <\/p><\/div>\n<\/p><\/div>\n<div class=\"hidden md:flex md:justify-between md:gap-x-4\">\n<div class=\"w-full mb-0 md:flex md:flex-col md:justify-center font-sans leading-4 text-black\">\n<div class=\"flex flex-wrap items-center justify-center gap-x-1 md:justify-start\">\n        <span class=\"font-bold\"><\/p>\n<p>            199,99 $<br \/>\n                            <span class=\"font-medium\">\u00e0 Amazon<\/span><br \/>\n                    <\/span><br \/>\n                    <img decoding=\"async\" class=\"mt-0 h-(15px)\" src=\"https:\/\/vieassociative.be\/actualites\/wp-content\/uploads\/2025\/02\/Les-meilleures-offres-sur-les-televiseurs-qui-arriveront-avant-le.svg.svg+xml\" title=\"Amazon Prime\" alt=\"Amazon Prime\">\n            <\/div>\n<div class=\"flex items-center justify-center gap-x-1 font-bold md:justify-start\">\n            <span class=\"text-sm line-through\">249,99 $<\/span><br \/>\n            <span class=\"text-sm text-brand-green\">\u00c9conomisez 50,00 $<\/span>\n        <\/div>\n<\/p><\/div>\n<p>                            <button class=\"flex justify-center items-center w-full bg-brand-green text-white text-base font-sans font-medium rounded-md hover:bg-brand-green-700 hover:cursor-pointer md:text-sm hidden self-end h-12 max-w-(10rem) duration-200 ease-in-out hover:bg-brand-green-700 md:flex md:h-10\"><\/p>\n<p>    Faire un magasin maintenant<br \/>\n<\/button>\n                        <\/div>\n<\/p><\/div>\n<div class=\"flex aspect-video h-(90px) shrink-0 items-center justify-center self-center md:order-1\">\n                        <img decoding=\"async\" class=\"m-0 max-h-full max-w-full rounded-md\" src=\"https:\/\/vieassociative.be\/actualites\/wp-content\/uploads\/2025\/02\/1738804674_436_Les-meilleures-offres-sur-les-televiseurs-qui-arriveront-avant-le.jpg\" alt=\"Hisense 43\" a7 series uhd smart fire tv wide color gamut hdr10 dolby vision atmos ai sports mode game allm alexa built in with voice remote streaming black width=\"auto\" height=\"auto\" loading=\"lazy\">\n                    <\/div>\n<\/p><\/div>\n<p>                            <button class=\"flex justify-center items-center w-full bg-brand-green text-white text-base font-sans font-medium rounded-md hover:bg-brand-green-700 hover:cursor-pointer md:text-sm w-full h-12 duration-200 ease-in-out hover:bg-brand-green-700 md:hidden md:h-10\"><\/p>\n<p>    Faire un magasin maintenant<br \/>\n<\/button><\/p>\n<div class=\"flex flex-col items-center w-full md:hidden font-sans leading-4 text-black\">\n<div class=\"flex flex-wrap items-center justify-center gap-x-1 md:justify-start\">\n        <span class=\"font-bold\"><\/p>\n<p>            199,99 $<br \/>\n                            <span class=\"font-medium\">\u00e0 Amazon<\/span><br \/>\n                    <\/span><br \/>\n                    <img decoding=\"async\" class=\"mt-0 h-(15px)\" src=\"https:\/\/vieassociative.be\/actualites\/wp-content\/uploads\/2025\/02\/Les-meilleures-offres-sur-les-televiseurs-qui-arriveront-avant-le.svg.svg+xml\" title=\"Amazon Prime\" alt=\"Amazon Prime\">\n            <\/div>\n<div class=\"flex items-center justify-center gap-x-1 font-bold md:justify-start\">\n            <span class=\"text-sm line-through\">249,99 $<\/span><br \/>\n            <span class=\"text-sm text-brand-green\">\u00c9conomisez 50,00 $<\/span>\n        <\/div>\n<\/p><\/div>\n<div class=\"flex w-full gap-x-5\">\n<div class=\"flex w-full flex-col flex-nowrap justify-center gap-2 text-black no-underline md:order-2 md:gap-y-6\">\n<div class=\"flex flex-col justify-between gap-y-2 md:w-full md:gap-y-1\">\n<div class=\"block w-fit cursor-pointer font-akshar text-lg font-medium leading-5 text-brand-green duration-200 ease-in-out hover:text-brand-green-700 md:text-xl md:leading-6\">\n<p>                            Classe Samsung 43 pouces QLED 4K QN90D\n                        <\/p><\/div>\n<\/p><\/div>\n<div class=\"hidden md:flex md:justify-between md:gap-x-4\">\n<div class=\"w-full mb-0 md:flex md:flex-col md:justify-center font-sans leading-4 text-black\">\n<div class=\"flex flex-wrap items-center justify-center gap-x-1 md:justify-start\">\n        <span class=\"font-bold\"><\/p>\n<p>            897,99 $<br \/>\n                            <span class=\"font-medium\">\u00e0 Amazon<\/span><br \/>\n                    <\/span><br \/>\n                    <img decoding=\"async\" class=\"mt-0 h-(15px)\" src=\"https:\/\/vieassociative.be\/actualites\/wp-content\/uploads\/2025\/02\/Les-meilleures-offres-sur-les-televiseurs-qui-arriveront-avant-le.svg.svg+xml\" title=\"Amazon Prime\" alt=\"Amazon Prime\">\n            <\/div>\n<div class=\"flex items-center justify-center gap-x-1 font-bold md:justify-start\">\n            <span class=\"text-sm line-through\">1 297,99 $<\/span><br \/>\n            <span class=\"text-sm text-brand-green\">\u00c9conomisez 400,00 $<\/span>\n        <\/div>\n<\/p><\/div>\n<p>                            <button class=\"flex justify-center items-center w-full bg-brand-green text-white text-base font-sans font-medium rounded-md hover:bg-brand-green-700 hover:cursor-pointer md:text-sm hidden self-end h-12 max-w-(10rem) duration-200 ease-in-out hover:bg-brand-green-700 md:flex md:h-10\"><\/p>\n<p>    Faire un magasin maintenant<br \/>\n<\/button>\n                        <\/div>\n<\/p><\/div>\n<div class=\"flex aspect-video h-(90px) shrink-0 items-center justify-center self-center md:order-1\">\n                        <img decoding=\"async\" class=\"m-0 max-h-full max-w-full rounded-md\" src=\"https:\/\/vieassociative.be\/actualites\/wp-content\/uploads\/2025\/02\/1738804674_722_Les-meilleures-offres-sur-les-televiseurs-qui-arriveront-avant-le.jpg\" alt=\"Classe Samsung 43 pouces QLED 4K QN90D\" width=\"auto\" height=\"auto\" loading=\"lazy\">\n                    <\/div>\n<\/p><\/div>\n<p>                            <button class=\"flex justify-center items-center w-full bg-brand-green text-white text-base font-sans font-medium rounded-md hover:bg-brand-green-700 hover:cursor-pointer md:text-sm w-full h-12 duration-200 ease-in-out hover:bg-brand-green-700 md:hidden md:h-10\"><\/p>\n<p>    Faire un magasin maintenant<br \/>\n<\/button><\/p>\n<div class=\"flex flex-col items-center w-full md:hidden font-sans leading-4 text-black\">\n<div class=\"flex flex-wrap items-center justify-center gap-x-1 md:justify-start\">\n        <span class=\"font-bold\"><\/p>\n<p>            897,99 $<br \/>\n                            <span class=\"font-medium\">\u00e0 Amazon<\/span><br \/>\n                    <\/span><br \/>\n                    <img decoding=\"async\" class=\"mt-0 h-(15px)\" src=\"https:\/\/vieassociative.be\/actualites\/wp-content\/uploads\/2025\/02\/Les-meilleures-offres-sur-les-televiseurs-qui-arriveront-avant-le.svg.svg+xml\" title=\"Amazon Prime\" alt=\"Amazon Prime\">\n            <\/div>\n<div class=\"flex items-center justify-center gap-x-1 font-bold md:justify-start\">\n            <span class=\"text-sm line-through\">1 297,99 $<\/span><br \/>\n            <span class=\"text-sm text-brand-green\">\u00c9conomisez 400,00 $<\/span>\n        <\/div>\n<\/p><\/div>\n<\/div>\n<h3>Amazon Fire TV 43 \u00ab\u00a04-S\u00e9rie 4k Uhd Smart TV avec Alexa<\/h3>\n<p>J&rsquo;ai eu un Amazon Fire TV au cours de la derni\u00e8re ann\u00e9e, et je suis toujours impressionn\u00e9 par la facilit\u00e9 avec laquelle il est \u00e0 l&rsquo;\u00e9coute de ce que vous voulez, sur le streamer que vous voulez, en utilisant Alexa. <br \/>Prenons vie aux films et aux \u00e9missions avec le soutien de Vivid 4K Ultra HD, HDR 10, HLG et Dolby Digital Plus.<\/p>\n<ul>\n<li>\n<p>4K Ultra HD<\/p>\n<\/li>\n<li>\n<p>Utilisez Alexa pour allumer et d\u00e9sactiver le t\u00e9l\u00e9viseur, et en tant qu&rsquo;assistant intelligent sans rapport avec le t\u00e9l\u00e9viseur<\/p>\n<\/li>\n<li>\n<p>Applications de streaming facile \u00e0 ajouter<\/p>\n<\/li>\n<li>\n<p>Cha\u00eenes de t\u00e9l\u00e9vision en direct et gratuites<\/p>\n<\/li>\n<li>\n<p>4 entr\u00e9es HDMI<\/p>\n<\/li>\n<\/ul>\n<p>\u00c9tait 369,99 $, r\u00e9duit \u00e0 229,99 $<\/p>\n<h3>HISENSE 43 \u00ab\u00a0Classe A7 S\u00e9rie 4k UHD Smart Fire TV<\/h3>\n<p>Hisense est devenue un joueur majeur avec les t\u00e9l\u00e9viseurs, rivalisant avec des marques h\u00e9rit\u00e9es comme Sony et Samsung. Ce mod\u00e8le est \u00e9galement \u00e9quip\u00e9 d&rsquo;Alexa, ce qui signifie que vous avez un haut-parleur intelligent suppl\u00e9mentaire dans votre maison (le t\u00e9l\u00e9viseur). <\/p>\n<ul>\n<li>\n<p>Dolby Vision-atmos<\/p>\n<\/li>\n<li>\n<p>Fire TV int\u00e9gr\u00e9, capable d&rsquo;ajouter des applications illimit\u00e9es pour les streamers<\/p>\n<\/li>\n<li>\n<p>4K AUSSCALING &#8211; Les \u00e9missions et les films encore plus anciens semblent naturels en 4K. <\/p>\n<\/li>\n<\/ul>\n<p>\u00c9tait 249,99 $, maintenant 199,99 $<\/p>\n<h3>Classe Samsung 43 pouces QLED 4K Smart TV <\/h3>\n<p>Je vis avec cette ligne Samsung depuis 16 mois et chaque jour o\u00f9 j&rsquo;allume le t\u00e9l\u00e9viseur, je suis toujours \u00e9tonn\u00e9 de la clart\u00e9 et de la profondeur de l&rsquo;image. Un autre point notable est la quantit\u00e9 de Samsung a r\u00e9duit le cadre, vous voyez donc l&rsquo;image d&rsquo;un bord \u00e0 l&rsquo;autre. <\/p>\n<ul>\n<li>\n<p>4K TV propose une matrice quantique avec mini LED pour un \u00e9clairage pr\u00e9cis<\/p>\n<\/li>\n<li>\n<p>Dolby Atmos et Sound de suivi des objets +<\/p>\n<\/li>\n<li>\n<p>Le processeur NQ4 AI Gen2 alimente la mise \u00e0 l&rsquo;\u00e9chelle AI 4K, donc la couleur et l&rsquo;image de HDR sont nettes et claires en 4K.<\/p>\n<\/li>\n<li>\n<p>Samsung et Amazon Vocal Assistants \u00e0 bord et capacit\u00e9 \u00e0 ajouter autant d&rsquo;applications de streaming que vous le souhaitez. <\/p>\n<\/li>\n<\/ul>\n<p>\u00c9tait 1297,99 $, r\u00e9duit \u00e0 897,99 $<\/p>\n<h2 id=\"the-best-deals-on-tvs-up-to-55-inches\">Les meilleures offres sur les t\u00e9l\u00e9viseurs jusqu&rsquo;\u00e0 55 pouces<\/h2>\n<p>C&rsquo;est la gamme dans laquelle les achats de t\u00e9l\u00e9vision tombent, car la plupart des maisons n&rsquo;\u00e9taient tout simplement pas construites avec un espace mural pour accueillir une t\u00e9l\u00e9vision de 70 pouces. Celles-ci sont encore tr\u00e8s grandes pour sortir chaque d\u00e9tail du jeu. <\/p>\n<div class=\"shadow-b-2 mb-12 mt-10 rounded-md border-2 border-(#F0F0F0) px-6 py-2 shadow-lg md:px-12\" role=\"region\" aria-label=\"Products List\" x-data=\"{ showMore: false }\">\n<div class=\"flex w-full gap-x-5\">\n<div class=\"flex w-full flex-col flex-nowrap justify-center gap-2 text-black no-underline md:order-2 md:gap-y-6\">\n<div class=\"flex flex-col justify-between gap-y-2 md:w-full md:gap-y-1\">\n<div class=\"block w-fit cursor-pointer font-akshar text-lg font-medium leading-5 text-brand-green duration-200 ease-in-out hover:text-brand-green-700 md:text-xl md:leading-6\">\n<p>                            Amazon Fire TV 55 \u00ab\u00a04-S\u00e9rie 4k Uhd Smart TV\n                        <\/p><\/div>\n<\/p><\/div>\n<div class=\"hidden md:flex md:justify-between md:gap-x-4\">\n<div class=\"w-full mb-0 md:flex md:flex-col md:justify-center font-sans leading-4 text-black\">\n<div class=\"flex flex-wrap items-center justify-center gap-x-1 md:justify-start\">\n        <span class=\"font-bold\"><\/p>\n<p>            319,99 $<br \/>\n                            <span class=\"font-medium\">\u00e0 Amazon<\/span><br \/>\n                    <\/span><br \/>\n                    <img decoding=\"async\" class=\"mt-0 h-(15px)\" src=\"https:\/\/vieassociative.be\/actualites\/wp-content\/uploads\/2025\/02\/Les-meilleures-offres-sur-les-televiseurs-qui-arriveront-avant-le.svg.svg+xml\" title=\"Amazon Prime\" alt=\"Amazon Prime\">\n            <\/div>\n<div class=\"flex items-center justify-center gap-x-1 font-bold md:justify-start\">\n            <span class=\"text-sm line-through\">519,99 $<\/span><br \/>\n            <span class=\"text-sm text-brand-green\">\u00c9conomisez 200 $<\/span>\n        <\/div>\n<\/p><\/div>\n<p>                            <button class=\"flex justify-center items-center w-full bg-brand-green text-white text-base font-sans font-medium rounded-md hover:bg-brand-green-700 hover:cursor-pointer md:text-sm hidden self-end h-12 max-w-(10rem) duration-200 ease-in-out hover:bg-brand-green-700 md:flex md:h-10\"><\/p>\n<p>    Conclure un accord<br \/>\n<\/button>\n                        <\/div>\n<\/p><\/div>\n<div class=\"flex aspect-video h-(90px) shrink-0 items-center justify-center self-center md:order-1\">\n                        <img decoding=\"async\" class=\"m-0 max-h-full max-w-full rounded-md\" src=\"https:\/\/vieassociative.be\/actualites\/wp-content\/uploads\/2025\/02\/1738804674_245_Les-meilleures-offres-sur-les-televiseurs-qui-arriveront-avant-le.jpg\" alt=\"55\" amazon fire tv hdr smart width=\"auto\" height=\"auto\" loading=\"lazy\">\n                    <\/div>\n<\/p><\/div>\n<p>                            <button class=\"flex justify-center items-center w-full bg-brand-green text-white text-base font-sans font-medium rounded-md hover:bg-brand-green-700 hover:cursor-pointer md:text-sm w-full h-12 duration-200 ease-in-out hover:bg-brand-green-700 md:hidden md:h-10\"><\/p>\n<p>    Conclure un accord<br \/>\n<\/button><\/p>\n<div class=\"flex flex-col items-center w-full md:hidden font-sans leading-4 text-black\">\n<div class=\"flex flex-wrap items-center justify-center gap-x-1 md:justify-start\">\n        <span class=\"font-bold\"><\/p>\n<p>            319,99 $<br \/>\n                            <span class=\"font-medium\">\u00e0 Amazon<\/span><br \/>\n                    <\/span><br \/>\n                    <img decoding=\"async\" class=\"mt-0 h-(15px)\" src=\"https:\/\/vieassociative.be\/actualites\/wp-content\/uploads\/2025\/02\/Les-meilleures-offres-sur-les-televiseurs-qui-arriveront-avant-le.svg.svg+xml\" title=\"Amazon Prime\" alt=\"Amazon Prime\">\n            <\/div>\n<div class=\"flex items-center justify-center gap-x-1 font-bold md:justify-start\">\n            <span class=\"text-sm line-through\">519,99 $<\/span><br \/>\n            <span class=\"text-sm text-brand-green\">\u00c9conomisez 200 $<\/span>\n        <\/div>\n<\/p><\/div>\n<div class=\"flex w-full gap-x-5\">\n<div class=\"flex w-full flex-col flex-nowrap justify-center gap-2 text-black no-underline md:order-2 md:gap-y-6\">\n<div class=\"flex flex-col justify-between gap-y-2 md:w-full md:gap-y-1\">\n<div class=\"block w-fit cursor-pointer font-akshar text-lg font-medium leading-5 text-brand-green duration-200 ease-in-out hover:text-brand-green-700 md:text-xl md:leading-6\">\n<p>                            55 \u00ab\u00a0SAMSUNG Q60D S\u00e9rie QLED 4K Smart TV\n                        <\/p><\/div>\n<\/p><\/div>\n<div class=\"hidden md:flex md:justify-between md:gap-x-4\">\n<div class=\"w-full mb-0 md:flex md:flex-col md:justify-center font-sans leading-4 text-black\">\n<div class=\"flex flex-wrap items-center justify-center gap-x-1 md:justify-start\">\n        <span class=\"font-bold\"><\/p>\n<p>            547,99 $<br \/>\n                            <span class=\"font-medium\">\u00e0 Amazon<\/span><br \/>\n                    <\/span><br \/>\n                    <img decoding=\"async\" class=\"mt-0 h-(15px)\" src=\"https:\/\/vieassociative.be\/actualites\/wp-content\/uploads\/2025\/02\/Les-meilleures-offres-sur-les-televiseurs-qui-arriveront-avant-le.svg.svg+xml\" title=\"Amazon Prime\" alt=\"Amazon Prime\">\n            <\/div>\n<div class=\"flex items-center justify-center gap-x-1 font-bold md:justify-start\">\n            <span class=\"text-sm line-through\">797,99 $<\/span><br \/>\n            <span class=\"text-sm text-brand-green\">\u00c9conomisez 250,00 $<\/span>\n        <\/div>\n<\/p><\/div>\n<p>                            <button class=\"flex justify-center items-center w-full bg-brand-green text-white text-base font-sans font-medium rounded-md hover:bg-brand-green-700 hover:cursor-pointer md:text-sm hidden self-end h-12 max-w-(10rem) duration-200 ease-in-out hover:bg-brand-green-700 md:flex md:h-10\"><\/p>\n<p>    Faire un magasin maintenant<br \/>\n<\/button>\n                        <\/div>\n<\/p><\/div>\n<div class=\"flex aspect-video h-(90px) shrink-0 items-center justify-center self-center md:order-1\">\n                        <img decoding=\"async\" class=\"m-0 max-h-full max-w-full rounded-md\" src=\"https:\/\/vieassociative.be\/actualites\/wp-content\/uploads\/2025\/02\/1738804674_753_Les-meilleures-offres-sur-les-televiseurs-qui-arriveront-avant-le.jpg\" alt=\"55\" samsung q60d series qled smart tv width=\"auto\" height=\"auto\" loading=\"lazy\">\n                    <\/div>\n<\/p><\/div>\n<p>                            <button class=\"flex justify-center items-center w-full bg-brand-green text-white text-base font-sans font-medium rounded-md hover:bg-brand-green-700 hover:cursor-pointer md:text-sm w-full h-12 duration-200 ease-in-out hover:bg-brand-green-700 md:hidden md:h-10\"><\/p>\n<p>    Faire un magasin maintenant<br \/>\n<\/button><\/p>\n<div class=\"flex flex-col items-center w-full md:hidden font-sans leading-4 text-black\">\n<div class=\"flex flex-wrap items-center justify-center gap-x-1 md:justify-start\">\n        <span class=\"font-bold\"><\/p>\n<p>            547,99 $<br \/>\n                            <span class=\"font-medium\">\u00e0 Amazon<\/span><br \/>\n                    <\/span><br \/>\n                    <img decoding=\"async\" class=\"mt-0 h-(15px)\" src=\"https:\/\/vieassociative.be\/actualites\/wp-content\/uploads\/2025\/02\/Les-meilleures-offres-sur-les-televiseurs-qui-arriveront-avant-le.svg.svg+xml\" title=\"Amazon Prime\" alt=\"Amazon Prime\">\n            <\/div>\n<div class=\"flex items-center justify-center gap-x-1 font-bold md:justify-start\">\n            <span class=\"text-sm line-through\">797,99 $<\/span><br \/>\n            <span class=\"text-sm text-brand-green\">\u00c9conomisez 250,00 $<\/span>\n        <\/div>\n<\/p><\/div>\n<\/div>\n<h3>Amazon Fire TV 55 \u00ab\u00a04-S\u00e9rie 4k Uhd Smart TV <\/h3>\n<ul>\n<li>\n<p>4K Ultra HD<\/p>\n<\/li>\n<li>\n<p>Utilisez Alexa pour allumer et d\u00e9sactiver le t\u00e9l\u00e9viseur, et en tant qu&rsquo;assistant intelligent sans rapport avec le t\u00e9l\u00e9viseur<\/p>\n<\/li>\n<li>\n<p>Applications de streaming facile \u00e0 ajouter<\/p>\n<\/li>\n<li>\n<p>Cha\u00eenes de t\u00e9l\u00e9vision en direct et gratuites<\/p>\n<\/li>\n<li>\n<p>4 entr\u00e9es HDMI<\/p>\n<\/li>\n<\/ul>\n<p>\u00c9tait 519,99 $, maintenant 319,99 $<\/p>\n<\/p>\n<h3>Samsung 55 pouces Classe QLED 4K Q60D Series <\/h3>\n<ul>\n<li>\n<p>Plus d&rsquo;un milliard de nuances de couleur brillante et de contraste exceptionnel<\/p>\n<\/li>\n<li>\n<p>Centre de jeu d\u00e9di\u00e9<\/p>\n<\/li>\n<li>\n<p>Beaucoup de ports HDMI et USB, ce t\u00e9l\u00e9viseur s&rsquo;int\u00e8gre parfaitement \u00e0 votre configuration de th\u00e9\u00e2tre \u00e0 domicile et \u00e0 d&rsquo;autres appareils.<\/p>\n<\/li>\n<li>\n<p>Profil a\u00e9rsh ultra-clien <\/p>\n<\/li>\n<\/ul>\n<p>\u00c9tait 797,99 $, r\u00e9duit \u00e0 547,99 $<\/p>\n<hr>\n<h2 id=\"the-best-deals-on-tvs-up-to-70-inches\">Les meilleures offres sur les t\u00e9l\u00e9viseurs jusqu&rsquo;\u00e0 70 pouces<\/h2>\n<p>Cette nouvelle classe de t\u00e9l\u00e9viseurs objectivement \u00e9normes signifie que vous pouvez agrandir chaque jeu pendant le jeu, et ces mod\u00e8les ont suffisamment de r\u00e9solution pour ne pas perdre de d\u00e9tails en le faisant. <\/p>\n<div class=\"shadow-b-2 mb-12 mt-10 rounded-md border-2 border-(#F0F0F0) px-6 py-2 shadow-lg md:px-12\" role=\"region\" aria-label=\"Products List\" x-data=\"{ showMore: false }\">\n<div class=\"flex w-full gap-x-5\">\n<div class=\"flex w-full flex-col flex-nowrap justify-center gap-2 text-black no-underline md:order-2 md:gap-y-6\">\n<div class=\"flex flex-col justify-between gap-y-2 md:w-full md:gap-y-1\">\n<div class=\"block w-fit cursor-pointer font-akshar text-lg font-medium leading-5 text-brand-green duration-200 ease-in-out hover:text-brand-green-700 md:text-xl md:leading-6\">\n<p>                            Samsung 65 pouces Crystal Crystal Uhd 4K\n                        <\/p><\/div>\n<\/p><\/div>\n<div class=\"hidden md:flex md:justify-between md:gap-x-4\">\n<div class=\"w-full mb-0 md:flex md:flex-col md:justify-center font-sans leading-4 text-black\">\n<div class=\"flex flex-wrap items-center justify-center gap-x-1 md:justify-start\">\n        <span class=\"font-bold\"><\/p>\n<p>            747,95 $<br \/>\n                            <span class=\"font-medium\">\u00e0 Amazon<\/span><br \/>\n                    <\/span>\n            <\/div>\n<\/p><\/div>\n<p>                            <button class=\"flex justify-center items-center w-full bg-brand-green text-white text-base font-sans font-medium rounded-md hover:bg-brand-green-700 hover:cursor-pointer md:text-sm hidden self-end h-12 max-w-(10rem) duration-200 ease-in-out hover:bg-brand-green-700 md:flex md:h-10\"><\/p>\n<p>    Faire un magasin maintenant<br \/>\n<\/button>\n                        <\/div>\n<\/p><\/div>\n<div class=\"flex aspect-video h-(90px) shrink-0 items-center justify-center self-center md:order-1\">\n                        <img decoding=\"async\" class=\"m-0 max-h-full max-w-full rounded-md\" src=\"https:\/\/vieassociative.be\/actualites\/wp-content\/uploads\/2025\/02\/1738804674_531_Les-meilleures-offres-sur-les-televiseurs-qui-arriveront-avant-le.jpg\" alt=\"Samsung 65 pouces Classe Crystal UHD 4K CU8000 S\u00e9rie Purcolor, Sound de suivi d'objet Lite, Q-Symphony, Motion Xcelerator, Ultra Slim, t\u00e9l\u00e9commande solaire, t\u00e9l\u00e9viseur intelligent avec Alexa int\u00e9gr\u00e9e (UN65CU8000,2023 Mod\u00e8le), noir\" width=\"auto\" height=\"auto\" loading=\"lazy\">\n                    <\/div>\n<\/p><\/div>\n<p>                            <button class=\"flex justify-center items-center w-full bg-brand-green text-white text-base font-sans font-medium rounded-md hover:bg-brand-green-700 hover:cursor-pointer md:text-sm w-full h-12 duration-200 ease-in-out hover:bg-brand-green-700 md:hidden md:h-10\"><\/p>\n<p>    Faire un magasin maintenant<br \/>\n<\/button><\/p>\n<div class=\"flex flex-col items-center w-full md:hidden font-sans leading-4 text-black\">\n<div class=\"flex flex-wrap items-center justify-center gap-x-1 md:justify-start\">\n        <span class=\"font-bold\"><\/p>\n<p>            747,95 $<br \/>\n                            <span class=\"font-medium\">\u00e0 Amazon<\/span><br \/>\n                    <\/span>\n            <\/div>\n<\/p><\/div>\n<div class=\"flex w-full gap-x-5\">\n<div class=\"flex w-full flex-col flex-nowrap justify-center gap-2 text-black no-underline md:order-2 md:gap-y-6\">\n<div class=\"flex flex-col justify-between gap-y-2 md:w-full md:gap-y-1\">\n<div class=\"block w-fit cursor-pointer font-akshar text-lg font-medium leading-5 text-brand-green duration-200 ease-in-out hover:text-brand-green-700 md:text-xl md:leading-6\">\n<p>                            TCL 65 pouces Classe S5 UHD 4K LED Smart TV\n                        <\/p><\/div>\n<\/p><\/div>\n<div class=\"hidden md:flex md:justify-between md:gap-x-4\">\n<div class=\"w-full mb-0 md:flex md:flex-col md:justify-center font-sans leading-4 text-black\">\n<div class=\"flex flex-wrap items-center justify-center gap-x-1 md:justify-start\">\n        <span class=\"font-bold\"><\/p>\n<p>            339,99 $<br \/>\n                            <span class=\"font-medium\">\u00e0 Amazon<\/span><br \/>\n                    <\/span><br \/>\n                    <img decoding=\"async\" class=\"mt-0 h-(15px)\" src=\"https:\/\/vieassociative.be\/actualites\/wp-content\/uploads\/2025\/02\/Les-meilleures-offres-sur-les-televiseurs-qui-arriveront-avant-le.svg.svg+xml\" title=\"Amazon Prime\" alt=\"Amazon Prime\">\n            <\/div>\n<div class=\"flex items-center justify-center gap-x-1 font-bold md:justify-start\">\n            <span class=\"text-sm line-through\">446,84 $<\/span><br \/>\n            <span class=\"text-sm text-brand-green\">\u00c9conomisez 106,85 $<\/span>\n        <\/div>\n<\/p><\/div>\n<p>                            <button class=\"flex justify-center items-center w-full bg-brand-green text-white text-base font-sans font-medium rounded-md hover:bg-brand-green-700 hover:cursor-pointer md:text-sm hidden self-end h-12 max-w-(10rem) duration-200 ease-in-out hover:bg-brand-green-700 md:flex md:h-10\"><\/p>\n<p>    Faire un magasin maintenant<br \/>\n<\/button>\n                        <\/div>\n<\/p><\/div>\n<div class=\"flex aspect-video h-(90px) shrink-0 items-center justify-center self-center md:order-1\">\n                        <img decoding=\"async\" class=\"m-0 max-h-full max-w-full rounded-md\" src=\"https:\/\/vieassociative.be\/actualites\/wp-content\/uploads\/2025\/02\/1738804674_248_Les-meilleures-offres-sur-les-televiseurs-qui-arriveront-avant-le.jpg\" alt=\"TCL 65 pouces Classe S5 UHD 4K LED Smart TV avec Fire TV (65S551F, mod\u00e8le 2024), Dolby Vision, HDR Pro +, Dolby Atmos, Alexa int\u00e9gr\u00e9e avec t\u00e9l\u00e9commande vocale, compatibilit\u00e9 Apple Airplay 2, streaming t\u00e9l\u00e9vis\u00e9\" width=\"auto\" height=\"auto\" loading=\"lazy\">\n                    <\/div>\n<\/p><\/div>\n<p>                            <button class=\"flex justify-center items-center w-full bg-brand-green text-white text-base font-sans font-medium rounded-md hover:bg-brand-green-700 hover:cursor-pointer md:text-sm w-full h-12 duration-200 ease-in-out hover:bg-brand-green-700 md:hidden md:h-10\"><\/p>\n<p>    Faire un magasin maintenant<br \/>\n<\/button><\/p>\n<div class=\"flex flex-col items-center w-full md:hidden font-sans leading-4 text-black\">\n<div class=\"flex flex-wrap items-center justify-center gap-x-1 md:justify-start\">\n        <span class=\"font-bold\"><\/p>\n<p>            339,99 $<br \/>\n                            <span class=\"font-medium\">\u00e0 Amazon<\/span><br \/>\n                    <\/span><br \/>\n                    <img decoding=\"async\" class=\"mt-0 h-(15px)\" src=\"https:\/\/vieassociative.be\/actualites\/wp-content\/uploads\/2025\/02\/Les-meilleures-offres-sur-les-televiseurs-qui-arriveront-avant-le.svg.svg+xml\" title=\"Amazon Prime\" alt=\"Amazon Prime\">\n            <\/div>\n<div class=\"flex items-center justify-center gap-x-1 font-bold md:justify-start\">\n            <span class=\"text-sm line-through\">446,84 $<\/span><br \/>\n            <span class=\"text-sm text-brand-green\">\u00c9conomisez 106,85 $<\/span>\n        <\/div>\n<\/p><\/div>\n<div class=\"flex w-full gap-x-5\">\n<div class=\"flex w-full flex-col flex-nowrap justify-center gap-2 text-black no-underline md:order-2 md:gap-y-6\">\n<div class=\"flex flex-col justify-between gap-y-2 md:w-full md:gap-y-1\">\n<div class=\"block w-fit cursor-pointer font-akshar text-lg font-medium leading-5 text-brand-green duration-200 ease-in-out hover:text-brand-green-700 md:text-xl md:leading-6\">\n<p>                            S\u00e9rie QD7 de classe 65 pouces de 65 pouces QLED 4K UHD\n                        <\/p><\/div>\n<\/p><\/div>\n<div class=\"hidden md:flex md:justify-between md:gap-x-4\">\n<div class=\"w-full mb-0 md:flex md:flex-col md:justify-center font-sans leading-4 text-black\">\n<div class=\"flex flex-wrap items-center justify-center gap-x-1 md:justify-start\">\n        <span class=\"font-bold\"><\/p>\n<p>            399,99 $<br \/>\n                            <span class=\"font-medium\">\u00e0 Amazon<\/span><br \/>\n                    <\/span><br \/>\n                    <img decoding=\"async\" class=\"mt-0 h-(15px)\" src=\"https:\/\/vieassociative.be\/actualites\/wp-content\/uploads\/2025\/02\/Les-meilleures-offres-sur-les-televiseurs-qui-arriveront-avant-le.svg.svg+xml\" title=\"Amazon Prime\" alt=\"Amazon Prime\">\n            <\/div>\n<div class=\"flex items-center justify-center gap-x-1 font-bold md:justify-start\">\n            <span class=\"text-sm line-through\">572,63 $<\/span><br \/>\n            <span class=\"text-sm text-brand-green\">\u00c9conomisez 172,64 $<\/span>\n        <\/div>\n<\/p><\/div>\n<p>                            <button class=\"flex justify-center items-center w-full bg-brand-green text-white text-base font-sans font-medium rounded-md hover:bg-brand-green-700 hover:cursor-pointer md:text-sm hidden self-end h-12 max-w-(10rem) duration-200 ease-in-out hover:bg-brand-green-700 md:flex md:h-10\"><\/p>\n<p>    Faire un magasin maintenant<br \/>\n<\/button>\n                        <\/div>\n<\/p><\/div>\n<div class=\"flex aspect-video h-(90px) shrink-0 items-center justify-center self-center md:order-1\">\n                        <img decoding=\"async\" class=\"m-0 max-h-full max-w-full rounded-md\" src=\"https:\/\/vieassociative.be\/actualites\/wp-content\/uploads\/2025\/02\/1738804674_633_Les-meilleures-offres-sur-les-televiseurs-qui-arriveront-avant-le.jpg\" alt=\"S\u00e9rie QD7 de 65 pouces de 65 pouces QD7 QLED 4K UHD Google Smart TV (65qd7n, mod\u00e8le 2024) - QLED, natif 144Hz, taux de mouvement 240, tableau complet direct, mode de jeu, compatibilit\u00e9 Alexa\" width=\"auto\" height=\"auto\" loading=\"lazy\">\n                    <\/div>\n<\/p><\/div>\n<p>                            <button class=\"flex justify-center items-center w-full bg-brand-green text-white text-base font-sans font-medium rounded-md hover:bg-brand-green-700 hover:cursor-pointer md:text-sm w-full h-12 duration-200 ease-in-out hover:bg-brand-green-700 md:hidden md:h-10\"><\/p>\n<p>    Faire un magasin maintenant<br \/>\n<\/button><\/p>\n<div class=\"flex flex-col items-center w-full md:hidden font-sans leading-4 text-black\">\n<div class=\"flex flex-wrap items-center justify-center gap-x-1 md:justify-start\">\n        <span class=\"font-bold\"><\/p>\n<p>            399,99 $<br \/>\n                            <span class=\"font-medium\">\u00e0 Amazon<\/span><br \/>\n                    <\/span><br \/>\n                    <img decoding=\"async\" class=\"mt-0 h-(15px)\" src=\"https:\/\/vieassociative.be\/actualites\/wp-content\/uploads\/2025\/02\/Les-meilleures-offres-sur-les-televiseurs-qui-arriveront-avant-le.svg.svg+xml\" title=\"Amazon Prime\" alt=\"Amazon Prime\">\n            <\/div>\n<div class=\"flex items-center justify-center gap-x-1 font-bold md:justify-start\">\n            <span class=\"text-sm line-through\">572,63 $<\/span><br \/>\n            <span class=\"text-sm text-brand-green\">\u00c9conomisez 172,64 $<\/span>\n        <\/div>\n<\/p><\/div>\n<\/div>\n<h3>Samsung 65 pouces Crystal Crystal Uhd 4K<\/h3>\n<p>Bien qu&rsquo;il ne soit pas le mod\u00e8le QLED ou OLED, ce mod\u00e8le offre beaucoup de valeur \u00e0 un prix plus budg\u00e9taire, tout en conservant certaines des plus belles fonctionnalit\u00e9s des mod\u00e8les plus chers. <\/p>\n<ul>\n<li>\n<p>R\u00e9solution 3840 x 2160<\/p>\n<\/li>\n<li>\n<p>Assistants intelligents \u00e0 bord et applications de streaming illimit\u00e9es<\/p>\n<\/li>\n<li>\n<p>Exp\u00e9rience sonore Virtual 3D surround<\/p>\n<\/li>\n<\/ul>\n<p>\u00c9tait 469,99 $, maintenant 397,99 $<\/p>\n<\/p>\n<h3>TCL 65 pouces Classe S5 UHD 4K LED Smart TV<\/h3>\n<p>Tous les t\u00e9l\u00e9viseurs ne sont pas compatibles sur AirPlay, ce qui rend celui-ci la peine d&rsquo;\u00eatre v\u00e9rifi\u00e9. <\/p>\n<ul>\n<li>\n<p>Apple AirPlay compatible<\/p>\n<\/li>\n<li>\n<p>R\u00e9solution 3840 x 2160, 4 fois la clart\u00e9 de la Full HD<\/p>\n<\/li>\n<li>\n<p>Fire TV \u00e0 bord, applications de streaming illimit\u00e9es<\/p>\n<\/li>\n<li>\n<p>Acc\u00e9l\u00e9rateur de jeu 120 avec jusqu&rsquo;\u00e0 120 Hz VRR pour un gameplay r\u00e9actif<\/p>\n<\/li>\n<\/ul>\n<p>\u00c9tait 446,84 $, maintenant 339,99 $<\/p>\n<\/p>\n<h3>S\u00e9rie QD7 de classe 65 pouces de 65 pouces QLED 4K UHD<\/h3>\n<ul>\n<li>\n<p>Plus d&rsquo;un milliard de nuances de couleur pour une exp\u00e9rience de visualisation vibrante et r\u00e9aliste.<\/p>\n<\/li>\n<li>\n<p>4K AI APCALING<\/p>\n<\/li>\n<li>\n<p>Taux de rafra\u00eechissement de 144Hz, AMD Freesync Premium Pro et mode de latence faible automatique pour le mode de jeu.<\/p>\n<\/li>\n<li>\n<p>Dolby Atmos et Dolby Vision<\/p>\n<\/li>\n<li>\n<p>Google Smart TV \u00e0 bord, Alexa Combabilit\u00e9<\/p>\n<\/li>\n<\/ul>\n<p>\u00c9tait 572,63 $, r\u00e9duit \u00e0 399,99 $<\/p>\n<h2 id=\"the-best-deals-on-tvs-over-70-inches\">Les meilleures offres sur les t\u00e9l\u00e9viseurs de plus de 70 pouces<\/h2>\n<p>Ces gigantesques t\u00e9l\u00e9visions n&rsquo;existaient pas il y a seulement quelques ann\u00e9es, mais avec des r\u00e9solutions qui augmentent toujours, les pouces suppl\u00e9mentaires de t\u00e9l\u00e9vision cr\u00e9ent une exp\u00e9rience de cin\u00e9ma dans votre maison. <\/p>\n<div class=\"shadow-b-2 mb-12 mt-10 rounded-md border-2 border-(#F0F0F0) px-6 py-2 shadow-lg md:px-12\" role=\"region\" aria-label=\"Products List\" x-data=\"{ showMore: false }\">\n<div class=\"flex w-full gap-x-5\">\n<div class=\"flex w-full flex-col flex-nowrap justify-center gap-2 text-black no-underline md:order-2 md:gap-y-6\">\n<div class=\"flex flex-col justify-between gap-y-2 md:w-full md:gap-y-1\">\n<div class=\"block w-fit cursor-pointer font-akshar text-lg font-medium leading-5 text-brand-green duration-200 ease-in-out hover:text-brand-green-700 md:text-xl md:leading-6\">\n<p>                            TCL 85 pouces Q65 QLED 4K UHD Smart TV avec Google TV\n                        <\/p><\/div>\n<\/p><\/div>\n<div class=\"hidden md:flex md:justify-between md:gap-x-4\">\n<div class=\"w-full mb-0 md:flex md:flex-col md:justify-center font-sans leading-4 text-black\">\n<div class=\"flex flex-wrap items-center justify-center gap-x-1 md:justify-start\">\n        <span class=\"font-bold\"><\/p>\n<p>            798,00 $<br \/>\n                            <span class=\"font-medium\">\u00e0 Amazon<\/span><br \/>\n                    <\/span><br \/>\n                    <img decoding=\"async\" class=\"mt-0 h-(15px)\" src=\"https:\/\/vieassociative.be\/actualites\/wp-content\/uploads\/2025\/02\/Les-meilleures-offres-sur-les-televiseurs-qui-arriveront-avant-le.svg.svg+xml\" title=\"Amazon Prime\" alt=\"Amazon Prime\">\n            <\/div>\n<div class=\"flex items-center justify-center gap-x-1 font-bold md:justify-start\">\n            <span class=\"text-sm line-through\">1 297,99 $<\/span><br \/>\n            <span class=\"text-sm text-brand-green\">\u00c9conomisez 499,99 $<\/span>\n        <\/div>\n<\/p><\/div>\n<p>                            <button class=\"flex justify-center items-center w-full bg-brand-green text-white text-base font-sans font-medium rounded-md hover:bg-brand-green-700 hover:cursor-pointer md:text-sm hidden self-end h-12 max-w-(10rem) duration-200 ease-in-out hover:bg-brand-green-700 md:flex md:h-10\"><\/p>\n<p>    Faire un magasin maintenant<br \/>\n<\/button>\n                        <\/div>\n<\/p><\/div>\n<div class=\"flex aspect-video h-(90px) shrink-0 items-center justify-center self-center md:order-1\">\n                        <img decoding=\"async\" class=\"m-0 max-h-full max-w-full rounded-md\" src=\"https:\/\/vieassociative.be\/actualites\/wp-content\/uploads\/2025\/02\/1738804674_232_Les-meilleures-offres-sur-les-televiseurs-qui-arriveront-avant-le.jpg\" alt=\"TCL 85-pouces Q65 QLED 4K UHD Smart TV avec Google TV (85Q651G, mod\u00e8le 2024) Dolby Vision, Dolby Atmos, HDR Pro +, Game Accelerator Enhanced Gaming, Voice Remote, travaille avec Alexa, Streaming Television\" width=\"auto\" height=\"auto\" loading=\"lazy\">\n                    <\/div>\n<\/p><\/div>\n<p>                            <button class=\"flex justify-center items-center w-full bg-brand-green text-white text-base font-sans font-medium rounded-md hover:bg-brand-green-700 hover:cursor-pointer md:text-sm w-full h-12 duration-200 ease-in-out hover:bg-brand-green-700 md:hidden md:h-10\"><\/p>\n<p>    Faire un magasin maintenant<br \/>\n<\/button><\/p>\n<div class=\"flex flex-col items-center w-full md:hidden font-sans leading-4 text-black\">\n<div class=\"flex flex-wrap items-center justify-center gap-x-1 md:justify-start\">\n        <span class=\"font-bold\"><\/p>\n<p>            798,00 $<br \/>\n                            <span class=\"font-medium\">\u00e0 Amazon<\/span><br \/>\n                    <\/span><br \/>\n                    <img decoding=\"async\" class=\"mt-0 h-(15px)\" src=\"https:\/\/vieassociative.be\/actualites\/wp-content\/uploads\/2025\/02\/Les-meilleures-offres-sur-les-televiseurs-qui-arriveront-avant-le.svg.svg+xml\" title=\"Amazon Prime\" alt=\"Amazon Prime\">\n            <\/div>\n<div class=\"flex items-center justify-center gap-x-1 font-bold md:justify-start\">\n            <span class=\"text-sm line-through\">1 297,99 $<\/span><br \/>\n            <span class=\"text-sm text-brand-green\">\u00c9conomisez 499,99 $<\/span>\n        <\/div>\n<\/p><\/div>\n<div class=\"flex w-full gap-x-5\">\n<div class=\"flex w-full flex-col flex-nowrap justify-center gap-2 text-black no-underline md:order-2 md:gap-y-6\">\n<div class=\"flex flex-col justify-between gap-y-2 md:w-full md:gap-y-1\">\n<div class=\"block w-fit cursor-pointer font-akshar text-lg font-medium leading-5 text-brand-green duration-200 ease-in-out hover:text-brand-green-700 md:text-xl md:leading-6\">\n<p>                            S\u00e9rie Sony 85 pouces 4K Ultra HD TV X77L\n                        <\/p><\/div>\n<\/p><\/div>\n<div class=\"hidden md:flex md:justify-between md:gap-x-4\">\n<div class=\"w-full mb-0 md:flex md:flex-col md:justify-center font-sans leading-4 text-black\">\n<div class=\"flex flex-wrap items-center justify-center gap-x-1 md:justify-start\">\n        <span class=\"font-bold\"><\/p>\n<p>            998,00 $<br \/>\n                            <span class=\"font-medium\">\u00e0 Amazon<\/span><br \/>\n                    <\/span><br \/>\n                    <img decoding=\"async\" class=\"mt-0 h-(15px)\" src=\"https:\/\/vieassociative.be\/actualites\/wp-content\/uploads\/2025\/02\/Les-meilleures-offres-sur-les-televiseurs-qui-arriveront-avant-le.svg.svg+xml\" title=\"Amazon Prime\" alt=\"Amazon Prime\">\n            <\/div>\n<div class=\"flex items-center justify-center gap-x-1 font-bold md:justify-start\">\n            <span class=\"text-sm line-through\">1 498,00 $<\/span><br \/>\n            <span class=\"text-sm text-brand-green\">\u00c9conomisez 500,00 $<\/span>\n        <\/div>\n<\/p><\/div>\n<p>                            <button class=\"flex justify-center items-center w-full bg-brand-green text-white text-base font-sans font-medium rounded-md hover:bg-brand-green-700 hover:cursor-pointer md:text-sm hidden self-end h-12 max-w-(10rem) duration-200 ease-in-out hover:bg-brand-green-700 md:flex md:h-10\"><\/p>\n<p>    Faire un magasin maintenant<br \/>\n<\/button>\n                        <\/div>\n<\/p><\/div>\n<div class=\"flex aspect-video h-(90px) shrink-0 items-center justify-center self-center md:order-1\">\n                        <img decoding=\"async\" class=\"m-0 max-h-full max-w-full rounded-md\" src=\"https:\/\/vieassociative.be\/actualites\/wp-content\/uploads\/2025\/02\/1738804674_839_Les-meilleures-offres-sur-les-televiseurs-qui-arriveront-avant-le.jpg\" alt=\"Sony 4K TV\" width=\"auto\" height=\"auto\" loading=\"lazy\">\n                    <\/div>\n<\/p><\/div>\n<p>                            <button class=\"flex justify-center items-center w-full bg-brand-green text-white text-base font-sans font-medium rounded-md hover:bg-brand-green-700 hover:cursor-pointer md:text-sm w-full h-12 duration-200 ease-in-out hover:bg-brand-green-700 md:hidden md:h-10\"><\/p>\n<p>    Faire un magasin maintenant<br \/>\n<\/button><\/p>\n<div class=\"flex flex-col items-center w-full md:hidden font-sans leading-4 text-black\">\n<div class=\"flex flex-wrap items-center justify-center gap-x-1 md:justify-start\">\n        <span class=\"font-bold\"><\/p>\n<p>            998,00 $<br \/>\n                            <span class=\"font-medium\">\u00e0 Amazon<\/span><br \/>\n                    <\/span><br \/>\n                    <img decoding=\"async\" class=\"mt-0 h-(15px)\" src=\"https:\/\/vieassociative.be\/actualites\/wp-content\/uploads\/2025\/02\/Les-meilleures-offres-sur-les-televiseurs-qui-arriveront-avant-le.svg.svg+xml\" title=\"Amazon Prime\" alt=\"Amazon Prime\">\n            <\/div>\n<div class=\"flex items-center justify-center gap-x-1 font-bold md:justify-start\">\n            <span class=\"text-sm line-through\">1 498,00 $<\/span><br \/>\n            <span class=\"text-sm text-brand-green\">\u00c9conomisez 500,00 $<\/span>\n        <\/div>\n<\/p><\/div>\n<div class=\"flex w-full gap-x-5\">\n<div class=\"flex w-full flex-col flex-nowrap justify-center gap-2 text-black no-underline md:order-2 md:gap-y-6\">\n<div class=\"flex flex-col justify-between gap-y-2 md:w-full md:gap-y-1\">\n<div class=\"block w-fit cursor-pointer font-akshar text-lg font-medium leading-5 text-brand-green duration-200 ease-in-out hover:text-brand-green-700 md:text-xl md:leading-6\">\n<p>                            HISENSE &#8211; 100 \u00ab\u00a0S\u00e9rie de classe U8 Mini-LED 4K UHD QLED Google TV (2023)\n                        <\/p><\/div>\n<\/p><\/div>\n<div class=\"hidden md:flex md:justify-between md:gap-x-4\">\n<div class=\"w-full mb-0 md:flex md:flex-col md:justify-center font-sans leading-4 text-black\">\n<div class=\"flex flex-wrap items-center justify-center gap-x-1 md:justify-start\">\n        <span class=\"font-bold\"><\/p>\n<p>            2 997,99 $<br \/>\n                            <span class=\"font-medium\">\u00e0 Amazon<\/span><br \/>\n                    <\/span><br \/>\n                    <img decoding=\"async\" class=\"mt-0 h-(15px)\" src=\"https:\/\/vieassociative.be\/actualites\/wp-content\/uploads\/2025\/02\/Les-meilleures-offres-sur-les-televiseurs-qui-arriveront-avant-le.svg.svg+xml\" title=\"Amazon Prime\" alt=\"Amazon Prime\">\n            <\/div>\n<div class=\"flex items-center justify-center gap-x-1 font-bold md:justify-start\">\n            <span class=\"text-sm line-through\">3 998,00 $<\/span><br \/>\n            <span class=\"text-sm text-brand-green\">\u00c9conomisez 1 000,01 $<\/span>\n        <\/div>\n<\/p><\/div>\n<p>                            <button class=\"flex justify-center items-center w-full bg-brand-green text-white text-base font-sans font-medium rounded-md hover:bg-brand-green-700 hover:cursor-pointer md:text-sm hidden self-end h-12 max-w-(10rem) duration-200 ease-in-out hover:bg-brand-green-700 md:flex md:h-10\"><\/p>\n<p>    Faire un magasin maintenant<br \/>\n<\/button>\n                        <\/div>\n<\/p><\/div>\n<div class=\"flex aspect-video h-(90px) shrink-0 items-center justify-center self-center md:order-1\">\n                        <img decoding=\"async\" class=\"m-0 max-h-full max-w-full rounded-md\" src=\"https:\/\/vieassociative.be\/actualites\/wp-content\/uploads\/2025\/02\/1738804674_573_Les-meilleures-offres-sur-les-televiseurs-qui-arriveront-avant-le.jpg\" alt=\"Hissense - 100\" u8 series mini-led uhd qled google tv width=\"auto\" height=\"auto\" loading=\"lazy\">\n                    <\/div>\n<\/p><\/div>\n<p>                            <button class=\"flex justify-center items-center w-full bg-brand-green text-white text-base font-sans font-medium rounded-md hover:bg-brand-green-700 hover:cursor-pointer md:text-sm w-full h-12 duration-200 ease-in-out hover:bg-brand-green-700 md:hidden md:h-10\"><\/p>\n<p>    Faire un magasin maintenant<br \/>\n<\/button><\/p>\n<div class=\"flex flex-col items-center w-full md:hidden font-sans leading-4 text-black\">\n<div class=\"flex flex-wrap items-center justify-center gap-x-1 md:justify-start\">\n        <span class=\"font-bold\"><\/p>\n<p>            2 997,99 $<br \/>\n                            <span class=\"font-medium\">\u00e0 Amazon<\/span><br \/>\n                    <\/span><br \/>\n                    <img decoding=\"async\" class=\"mt-0 h-(15px)\" src=\"https:\/\/vieassociative.be\/actualites\/wp-content\/uploads\/2025\/02\/Les-meilleures-offres-sur-les-televiseurs-qui-arriveront-avant-le.svg.svg+xml\" title=\"Amazon Prime\" alt=\"Amazon Prime\">\n            <\/div>\n<div class=\"flex items-center justify-center gap-x-1 font-bold md:justify-start\">\n            <span class=\"text-sm line-through\">3 998,00 $<\/span><br \/>\n            <span class=\"text-sm text-brand-green\">\u00c9conomisez 1 000,01 $<\/span>\n        <\/div>\n<\/p><\/div>\n<\/div>\n<h3>TCL 85 pouces Q65 QLED 4K UHD Smart TV avec Google TV<\/h3>\n<ul>\n<li>\n<p>R\u00e9solution 3840 x 2160<\/p>\n<\/li>\n<li>\n<p>Haut-parleurs st\u00e9r\u00e9o int\u00e9gr\u00e9s et subwoofer<\/p>\n<\/li>\n<li>\n<p>Smooth Gaming-120Hz Taux de rafra\u00eechissement et taux de mouvement 480 technologie, ainsi que des fonctionnalit\u00e9s de jeu d\u00e9di\u00e9es comme le mode de jeu automatique et l&rsquo;acc\u00e9l\u00e9rateur de jeu 240 pour un gameplay r\u00e9actif<\/p>\n<\/li>\n<\/ul>\n<p>\u00c9tait 1297,99 $, maintenant 798,00 $<\/p>\n<\/p>\n<h3>S\u00e9rie Sony 85 pouces 4K Ultra HD TV X77L<\/h3>\n<ul>\n<li>\n<p>Google TV \u00e0 bord, compatible avec Apple Airply<\/p>\n<\/li>\n<li>\n<p>R\u00e9solution 3840 x 2160<\/p>\n<\/li>\n<li>\n<p>Processeur 4K X1 Contenu de mise \u00e0 l&rsquo;\u00e9chelle<\/p>\n<\/li>\n<li>\n<p>Mappage de tonalit\u00e9 Auto HDR et mode d&rsquo;image de genre automatique pour les visuels et les performances am\u00e9lior\u00e9s<\/p>\n<\/li>\n<\/ul>\n<p>\u00c9tait 1498,00 $, maintenant 998,00 $<\/p>\n<\/p>\n<h3>HISENSE 100 pouces de classe U8 Mini-LED ULED 4K UHD<\/h3>\n<ul>\n<li>\n<p>4K ULED, Mini LED et Tableau complet Semballage local<\/p>\n<\/li>\n<li>\n<p>Plus d&rsquo;un milliard de couleurs<\/p>\n<\/li>\n<li>\n<p>Taux de rafra\u00eechissement de 144 Hz<\/p>\n<\/li>\n<li>\n<p>Dolby Vision IQ &#038; Dolby Atmos<\/p>\n<\/li>\n<li>\n<p>5 haut-parleurs, y compris les haut-parleurs arri\u00e8re \u00aba\u00e9rien\u00bb et un subwoofer int\u00e9gr\u00e9<\/p>\n<\/li>\n<li>\n<p>Mode de jeu 144Hz pour un jeu ininterrompu<\/p>\n<\/li>\n<li>\n<p>Contr\u00f4le vocal, pas de t\u00e9l\u00e9commande n\u00e9cessaire<\/p>\n<\/li>\n<\/ul>\n<p>\u00c9tait 3998,00 $, r\u00e9duit \u00e0 2 997,99 $<\/p>\n","protected":false},"excerpt":{"rendered":"<p>Mettez \u00e0 niveau votre set avant le grand jeu. Si vous avez manqu\u00e9 la chance de saisir un nouveau t\u00e9l\u00e9viseur lors des ventes r\u00e9centes du<\/p>\n","protected":false},"author":1,"featured_media":4882,"comment_status":"","ping_status":"","sticky":false,"template":"","format":"standard","meta":{"footnotes":""},"categories":[13],"tags":[2726,142,2811,14,79,345,99,2810,33,1056],"class_list":["post-4881","post","type-post","status-publish","format-standard","has-post-thumbnail","hentry","category-technologie","tag-arriveront","tag-avant","tag-bowl","tag-les","tag-meilleures","tag-offres","tag-qui","tag-super","tag-sur","tag-televiseurs","generate-columns","tablet-grid-50","mobile-grid-100","grid-parent","grid-33"],"yoast_head":"<!-- This site is optimized with the Yoast SEO plugin v24.0 - https:\/\/yoast.com\/wordpress\/plugins\/seo\/ -->\n<title>Les meilleures offres sur les t\u00e9l\u00e9viseurs qui arriveront avant le Super Bowl | Vie Associative<\/title>\n<meta name=\"robots\" content=\"index, follow, max-snippet:-1, max-image-preview:large, max-video-preview:-1\" \/>\n<link rel=\"canonical\" href=\"https:\/\/vieassociative.be\/actualites\/les-meilleures-offres-sur-les-televiseurs-qui-arriveront-avant-le-super-bowl\/\" \/>\n<meta property=\"og:locale\" content=\"fr_FR\" \/>\n<meta property=\"og:type\" content=\"article\" \/>\n<meta property=\"og:title\" content=\"Les meilleures offres sur les t\u00e9l\u00e9viseurs qui arriveront avant le Super Bowl | Vie Associative\" \/>\n<meta property=\"og:description\" content=\"Mettez \u00e0 niveau votre set avant le grand jeu. Si vous avez manqu\u00e9 la chance de saisir un nouveau t\u00e9l\u00e9viseur lors des ventes r\u00e9centes du\" \/>\n<meta property=\"og:url\" content=\"https:\/\/vieassociative.be\/actualites\/les-meilleures-offres-sur-les-televiseurs-qui-arriveront-avant-le-super-bowl\/\" \/>\n<meta property=\"og:site_name\" content=\"Vie Associative\" \/>\n<meta property=\"article:published_time\" content=\"2025-02-06T01:17:54+00:00\" \/>\n<meta property=\"og:image\" content=\"https:\/\/vieassociative.be\/actualites\/wp-content\/uploads\/2025\/02\/Les-meilleures-offres-sur-les-televiseurs-qui-arriveront-avant-le.svg.svg+xml\" \/>\n<meta name=\"author\" content=\"Julien\" \/>\n<meta name=\"twitter:card\" content=\"summary_large_image\" \/>\n<meta name=\"twitter:label1\" content=\"\u00c9crit par\" \/>\n\t<meta name=\"twitter:data1\" content=\"Julien\" \/>\n\t<meta name=\"twitter:label2\" content=\"Dur\u00e9e de lecture est.\" \/>\n\t<meta name=\"twitter:data2\" content=\"7 minutes\" \/>\n<script type=\"application\/ld+json\" class=\"yoast-schema-graph\">{\"@context\":\"https:\/\/schema.org\",\"@graph\":[{\"@type\":\"Article\",\"@id\":\"https:\/\/vieassociative.be\/actualites\/les-meilleures-offres-sur-les-televiseurs-qui-arriveront-avant-le-super-bowl\/#article\",\"isPartOf\":{\"@id\":\"https:\/\/vieassociative.be\/actualites\/les-meilleures-offres-sur-les-televiseurs-qui-arriveront-avant-le-super-bowl\/\"},\"author\":{\"name\":\"Julien\",\"@id\":\"https:\/\/vieassociative.be\/actualites\/#\/schema\/person\/b87ac4f82f9d4e7b7cec7395b679edc4\"},\"headline\":\"Les meilleures offres sur les t\u00e9l\u00e9viseurs qui arriveront avant le Super Bowl\",\"datePublished\":\"2025-02-06T01:17:54+00:00\",\"dateModified\":\"2025-02-06T01:17:54+00:00\",\"mainEntityOfPage\":{\"@id\":\"https:\/\/vieassociative.be\/actualites\/les-meilleures-offres-sur-les-televiseurs-qui-arriveront-avant-le-super-bowl\/\"},\"wordCount\":1406,\"publisher\":{\"@id\":\"https:\/\/vieassociative.be\/actualites\/#organization\"},\"image\":{\"@id\":\"https:\/\/vieassociative.be\/actualites\/les-meilleures-offres-sur-les-televiseurs-qui-arriveront-avant-le-super-bowl\/#primaryimage\"},\"thumbnailUrl\":\"https:\/\/vieassociative.be\/actualites\/wp-content\/uploads\/2025\/02\/Les-meilleures-offres-sur-les-televiseurs-qui-arriveront-avant-le.png\",\"keywords\":[\"arriveront\",\"avant\",\"Bowl\",\"Les\",\"meilleures\",\"offres\",\"qui\",\"Super\",\"sur\",\"t\u00e9l\u00e9viseurs\"],\"articleSection\":[\"Technologie\"],\"inLanguage\":\"fr-BE\"},{\"@type\":\"WebPage\",\"@id\":\"https:\/\/vieassociative.be\/actualites\/les-meilleures-offres-sur-les-televiseurs-qui-arriveront-avant-le-super-bowl\/\",\"url\":\"https:\/\/vieassociative.be\/actualites\/les-meilleures-offres-sur-les-televiseurs-qui-arriveront-avant-le-super-bowl\/\",\"name\":\"Les meilleures offres sur les t\u00e9l\u00e9viseurs qui arriveront avant le Super Bowl | Vie Associative\",\"isPartOf\":{\"@id\":\"https:\/\/vieassociative.be\/actualites\/#website\"},\"primaryImageOfPage\":{\"@id\":\"https:\/\/vieassociative.be\/actualites\/les-meilleures-offres-sur-les-televiseurs-qui-arriveront-avant-le-super-bowl\/#primaryimage\"},\"image\":{\"@id\":\"https:\/\/vieassociative.be\/actualites\/les-meilleures-offres-sur-les-televiseurs-qui-arriveront-avant-le-super-bowl\/#primaryimage\"},\"thumbnailUrl\":\"https:\/\/vieassociative.be\/actualites\/wp-content\/uploads\/2025\/02\/Les-meilleures-offres-sur-les-televiseurs-qui-arriveront-avant-le.png\",\"datePublished\":\"2025-02-06T01:17:54+00:00\",\"dateModified\":\"2025-02-06T01:17:54+00:00\",\"breadcrumb\":{\"@id\":\"https:\/\/vieassociative.be\/actualites\/les-meilleures-offres-sur-les-televiseurs-qui-arriveront-avant-le-super-bowl\/#breadcrumb\"},\"inLanguage\":\"fr-BE\",\"potentialAction\":[{\"@type\":\"ReadAction\",\"target\":[\"https:\/\/vieassociative.be\/actualites\/les-meilleures-offres-sur-les-televiseurs-qui-arriveront-avant-le-super-bowl\/\"]}]},{\"@type\":\"ImageObject\",\"inLanguage\":\"fr-BE\",\"@id\":\"https:\/\/vieassociative.be\/actualites\/les-meilleures-offres-sur-les-televiseurs-qui-arriveront-avant-le-super-bowl\/#primaryimage\",\"url\":\"https:\/\/vieassociative.be\/actualites\/wp-content\/uploads\/2025\/02\/Les-meilleures-offres-sur-les-televiseurs-qui-arriveront-avant-le.png\",\"contentUrl\":\"https:\/\/vieassociative.be\/actualites\/wp-content\/uploads\/2025\/02\/Les-meilleures-offres-sur-les-televiseurs-qui-arriveront-avant-le.png\",\"width\":1200,\"height\":675,\"caption\":\"Les meilleures offres sur les t\u00e9l\u00e9viseurs qui arriveront avant le Super Bowl\"},{\"@type\":\"BreadcrumbList\",\"@id\":\"https:\/\/vieassociative.be\/actualites\/les-meilleures-offres-sur-les-televiseurs-qui-arriveront-avant-le-super-bowl\/#breadcrumb\",\"itemListElement\":[{\"@type\":\"ListItem\",\"position\":1,\"name\":\"Accueil\",\"item\":\"https:\/\/vieassociative.be\/actualites\/\"},{\"@type\":\"ListItem\",\"position\":2,\"name\":\"Les meilleures offres sur les t\u00e9l\u00e9viseurs qui arriveront avant le Super Bowl\"}]},{\"@type\":\"WebSite\",\"@id\":\"https:\/\/vieassociative.be\/actualites\/#website\",\"url\":\"https:\/\/vieassociative.be\/actualites\/\",\"name\":\"Vie Associative\",\"description\":\"\",\"publisher\":{\"@id\":\"https:\/\/vieassociative.be\/actualites\/#organization\"},\"potentialAction\":[{\"@type\":\"SearchAction\",\"target\":{\"@type\":\"EntryPoint\",\"urlTemplate\":\"https:\/\/vieassociative.be\/actualites\/?s={search_term_string}\"},\"query-input\":{\"@type\":\"PropertyValueSpecification\",\"valueRequired\":true,\"valueName\":\"search_term_string\"}}],\"inLanguage\":\"fr-BE\"},{\"@type\":\"Organization\",\"@id\":\"https:\/\/vieassociative.be\/actualites\/#organization\",\"name\":\"Vie Associative\",\"url\":\"https:\/\/vieassociative.be\/actualites\/\",\"logo\":{\"@type\":\"ImageObject\",\"inLanguage\":\"fr-BE\",\"@id\":\"https:\/\/vieassociative.be\/actualites\/#\/schema\/logo\/image\/\",\"url\":\"https:\/\/vieassociative.be\/actualites\/wp-content\/uploads\/2024\/09\/cropped-vieassociative_favicon.ico.png\",\"contentUrl\":\"https:\/\/vieassociative.be\/actualites\/wp-content\/uploads\/2024\/09\/cropped-vieassociative_favicon.ico.png\",\"width\":512,\"height\":512,\"caption\":\"Vie Associative\"},\"image\":{\"@id\":\"https:\/\/vieassociative.be\/actualites\/#\/schema\/logo\/image\/\"}},{\"@type\":\"Person\",\"@id\":\"https:\/\/vieassociative.be\/actualites\/#\/schema\/person\/b87ac4f82f9d4e7b7cec7395b679edc4\",\"name\":\"Julien\",\"image\":{\"@type\":\"ImageObject\",\"inLanguage\":\"fr-BE\",\"@id\":\"https:\/\/vieassociative.be\/actualites\/#\/schema\/person\/image\/\",\"url\":\"https:\/\/vieassociative.be\/actualites\/wp-content\/uploads\/2024\/09\/vie-associative-1-150x150.jpg\",\"contentUrl\":\"https:\/\/vieassociative.be\/actualites\/wp-content\/uploads\/2024\/09\/vie-associative-1-150x150.jpg\",\"caption\":\"Julien\"},\"description\":\"Je suis Julien, r\u00e9dacteur pour Vie Associative. Passionn\u00e9 par le monde associatif depuis plus de 10 ans, j'ai \u00e0 c\u0153ur de partager des histoires inspirantes et de mettre en lumi\u00e8re les initiatives locales. Mon objectif est de sensibiliser et d'encourager l'engagement communautaire \u00e0 travers mes articles.\",\"sameAs\":[\"https:\/\/vieassociative.be\/\"]}]}<\/script>\n<!-- \/ Yoast SEO plugin. -->","yoast_head_json":{"title":"Les meilleures offres sur les t\u00e9l\u00e9viseurs qui arriveront avant le Super Bowl | Vie Associative","robots":{"index":"index","follow":"follow","max-snippet":"max-snippet:-1","max-image-preview":"max-image-preview:large","max-video-preview":"max-video-preview:-1"},"canonical":"https:\/\/vieassociative.be\/actualites\/les-meilleures-offres-sur-les-televiseurs-qui-arriveront-avant-le-super-bowl\/","og_locale":"fr_FR","og_type":"article","og_title":"Les meilleures offres sur les t\u00e9l\u00e9viseurs qui arriveront avant le Super Bowl | Vie Associative","og_description":"Mettez \u00e0 niveau votre set avant le grand jeu. Si vous avez manqu\u00e9 la chance de saisir un nouveau t\u00e9l\u00e9viseur lors des ventes r\u00e9centes du","og_url":"https:\/\/vieassociative.be\/actualites\/les-meilleures-offres-sur-les-televiseurs-qui-arriveront-avant-le-super-bowl\/","og_site_name":"Vie Associative","article_published_time":"2025-02-06T01:17:54+00:00","og_image":[{"url":"https:\/\/vieassociative.be\/actualites\/wp-content\/uploads\/2025\/02\/Les-meilleures-offres-sur-les-televiseurs-qui-arriveront-avant-le.svg.svg+xml","type":"","width":"","height":""}],"author":"Julien","twitter_card":"summary_large_image","twitter_misc":{"\u00c9crit par":"Julien","Dur\u00e9e de lecture est.":"7 minutes"},"schema":{"@context":"https:\/\/schema.org","@graph":[{"@type":"Article","@id":"https:\/\/vieassociative.be\/actualites\/les-meilleures-offres-sur-les-televiseurs-qui-arriveront-avant-le-super-bowl\/#article","isPartOf":{"@id":"https:\/\/vieassociative.be\/actualites\/les-meilleures-offres-sur-les-televiseurs-qui-arriveront-avant-le-super-bowl\/"},"author":{"name":"Julien","@id":"https:\/\/vieassociative.be\/actualites\/#\/schema\/person\/b87ac4f82f9d4e7b7cec7395b679edc4"},"headline":"Les meilleures offres sur les t\u00e9l\u00e9viseurs qui arriveront avant le Super Bowl","datePublished":"2025-02-06T01:17:54+00:00","dateModified":"2025-02-06T01:17:54+00:00","mainEntityOfPage":{"@id":"https:\/\/vieassociative.be\/actualites\/les-meilleures-offres-sur-les-televiseurs-qui-arriveront-avant-le-super-bowl\/"},"wordCount":1406,"publisher":{"@id":"https:\/\/vieassociative.be\/actualites\/#organization"},"image":{"@id":"https:\/\/vieassociative.be\/actualites\/les-meilleures-offres-sur-les-televiseurs-qui-arriveront-avant-le-super-bowl\/#primaryimage"},"thumbnailUrl":"https:\/\/vieassociative.be\/actualites\/wp-content\/uploads\/2025\/02\/Les-meilleures-offres-sur-les-televiseurs-qui-arriveront-avant-le.png","keywords":["arriveront","avant","Bowl","Les","meilleures","offres","qui","Super","sur","t\u00e9l\u00e9viseurs"],"articleSection":["Technologie"],"inLanguage":"fr-BE"},{"@type":"WebPage","@id":"https:\/\/vieassociative.be\/actualites\/les-meilleures-offres-sur-les-televiseurs-qui-arriveront-avant-le-super-bowl\/","url":"https:\/\/vieassociative.be\/actualites\/les-meilleures-offres-sur-les-televiseurs-qui-arriveront-avant-le-super-bowl\/","name":"Les meilleures offres sur les t\u00e9l\u00e9viseurs qui arriveront avant le Super Bowl | Vie Associative","isPartOf":{"@id":"https:\/\/vieassociative.be\/actualites\/#website"},"primaryImageOfPage":{"@id":"https:\/\/vieassociative.be\/actualites\/les-meilleures-offres-sur-les-televiseurs-qui-arriveront-avant-le-super-bowl\/#primaryimage"},"image":{"@id":"https:\/\/vieassociative.be\/actualites\/les-meilleures-offres-sur-les-televiseurs-qui-arriveront-avant-le-super-bowl\/#primaryimage"},"thumbnailUrl":"https:\/\/vieassociative.be\/actualites\/wp-content\/uploads\/2025\/02\/Les-meilleures-offres-sur-les-televiseurs-qui-arriveront-avant-le.png","datePublished":"2025-02-06T01:17:54+00:00","dateModified":"2025-02-06T01:17:54+00:00","breadcrumb":{"@id":"https:\/\/vieassociative.be\/actualites\/les-meilleures-offres-sur-les-televiseurs-qui-arriveront-avant-le-super-bowl\/#breadcrumb"},"inLanguage":"fr-BE","potentialAction":[{"@type":"ReadAction","target":["https:\/\/vieassociative.be\/actualites\/les-meilleures-offres-sur-les-televiseurs-qui-arriveront-avant-le-super-bowl\/"]}]},{"@type":"ImageObject","inLanguage":"fr-BE","@id":"https:\/\/vieassociative.be\/actualites\/les-meilleures-offres-sur-les-televiseurs-qui-arriveront-avant-le-super-bowl\/#primaryimage","url":"https:\/\/vieassociative.be\/actualites\/wp-content\/uploads\/2025\/02\/Les-meilleures-offres-sur-les-televiseurs-qui-arriveront-avant-le.png","contentUrl":"https:\/\/vieassociative.be\/actualites\/wp-content\/uploads\/2025\/02\/Les-meilleures-offres-sur-les-televiseurs-qui-arriveront-avant-le.png","width":1200,"height":675,"caption":"Les meilleures offres sur les t\u00e9l\u00e9viseurs qui arriveront avant le Super Bowl"},{"@type":"BreadcrumbList","@id":"https:\/\/vieassociative.be\/actualites\/les-meilleures-offres-sur-les-televiseurs-qui-arriveront-avant-le-super-bowl\/#breadcrumb","itemListElement":[{"@type":"ListItem","position":1,"name":"Accueil","item":"https:\/\/vieassociative.be\/actualites\/"},{"@type":"ListItem","position":2,"name":"Les meilleures offres sur les t\u00e9l\u00e9viseurs qui arriveront avant le Super Bowl"}]},{"@type":"WebSite","@id":"https:\/\/vieassociative.be\/actualites\/#website","url":"https:\/\/vieassociative.be\/actualites\/","name":"Vie Associative","description":"","publisher":{"@id":"https:\/\/vieassociative.be\/actualites\/#organization"},"potentialAction":[{"@type":"SearchAction","target":{"@type":"EntryPoint","urlTemplate":"https:\/\/vieassociative.be\/actualites\/?s={search_term_string}"},"query-input":{"@type":"PropertyValueSpecification","valueRequired":true,"valueName":"search_term_string"}}],"inLanguage":"fr-BE"},{"@type":"Organization","@id":"https:\/\/vieassociative.be\/actualites\/#organization","name":"Vie Associative","url":"https:\/\/vieassociative.be\/actualites\/","logo":{"@type":"ImageObject","inLanguage":"fr-BE","@id":"https:\/\/vieassociative.be\/actualites\/#\/schema\/logo\/image\/","url":"https:\/\/vieassociative.be\/actualites\/wp-content\/uploads\/2024\/09\/cropped-vieassociative_favicon.ico.png","contentUrl":"https:\/\/vieassociative.be\/actualites\/wp-content\/uploads\/2024\/09\/cropped-vieassociative_favicon.ico.png","width":512,"height":512,"caption":"Vie Associative"},"image":{"@id":"https:\/\/vieassociative.be\/actualites\/#\/schema\/logo\/image\/"}},{"@type":"Person","@id":"https:\/\/vieassociative.be\/actualites\/#\/schema\/person\/b87ac4f82f9d4e7b7cec7395b679edc4","name":"Julien","image":{"@type":"ImageObject","inLanguage":"fr-BE","@id":"https:\/\/vieassociative.be\/actualites\/#\/schema\/person\/image\/","url":"https:\/\/vieassociative.be\/actualites\/wp-content\/uploads\/2024\/09\/vie-associative-1-150x150.jpg","contentUrl":"https:\/\/vieassociative.be\/actualites\/wp-content\/uploads\/2024\/09\/vie-associative-1-150x150.jpg","caption":"Julien"},"description":"Je suis Julien, r\u00e9dacteur pour Vie Associative. Passionn\u00e9 par le monde associatif depuis plus de 10 ans, j'ai \u00e0 c\u0153ur de partager des histoires inspirantes et de mettre en lumi\u00e8re les initiatives locales. Mon objectif est de sensibiliser et d'encourager l'engagement communautaire \u00e0 travers mes articles.","sameAs":["https:\/\/vieassociative.be\/"]}]}},"_links":{"self":[{"href":"https:\/\/vieassociative.be\/actualites\/wp-json\/wp\/v2\/posts\/4881"}],"collection":[{"href":"https:\/\/vieassociative.be\/actualites\/wp-json\/wp\/v2\/posts"}],"about":[{"href":"https:\/\/vieassociative.be\/actualites\/wp-json\/wp\/v2\/types\/post"}],"author":[{"embeddable":true,"href":"https:\/\/vieassociative.be\/actualites\/wp-json\/wp\/v2\/users\/1"}],"replies":[{"embeddable":true,"href":"https:\/\/vieassociative.be\/actualites\/wp-json\/wp\/v2\/comments?post=4881"}],"version-history":[{"count":0,"href":"https:\/\/vieassociative.be\/actualites\/wp-json\/wp\/v2\/posts\/4881\/revisions"}],"wp:featuredmedia":[{"embeddable":true,"href":"https:\/\/vieassociative.be\/actualites\/wp-json\/wp\/v2\/media\/4882"}],"wp:attachment":[{"href":"https:\/\/vieassociative.be\/actualites\/wp-json\/wp\/v2\/media?parent=4881"}],"wp:term":[{"taxonomy":"category","embeddable":true,"href":"https:\/\/vieassociative.be\/actualites\/wp-json\/wp\/v2\/categories?post=4881"},{"taxonomy":"post_tag","embeddable":true,"href":"https:\/\/vieassociative.be\/actualites\/wp-json\/wp\/v2\/tags?post=4881"}],"curies":[{"name":"wp","href":"https:\/\/api.w.org\/{rel}","templated":true}]}}