{"id":4877,"date":"2025-02-05T22:18:50","date_gmt":"2025-02-05T21:18:50","guid":{"rendered":"https:\/\/vieassociative.be\/actualites\/des-coups-de-feu-pres-du-metro-la-police-de-bruxelles-recherche-un-arme\/"},"modified":"2025-02-05T22:18:51","modified_gmt":"2025-02-05T21:18:51","slug":"des-coups-de-feu-pres-du-metro-la-police-de-bruxelles-recherche-un-arme","status":"publish","type":"post","link":"https:\/\/vieassociative.be\/actualites\/des-coups-de-feu-pres-du-metro-la-police-de-bruxelles-recherche-un-arme\/","title":{"rendered":"Des coups de feu pr\u00e8s du m\u00e9tro: la police de Bruxelles recherche un arm\u00e9"},"content":{"rendered":"<p><\/p>\n<p class=\"font-sans font-medium\">  Selon des coups de feu dans la capitale belge, les tireurs pr\u00e9sum\u00e9s sont \u00e9ph\u00e9m\u00e8res. Ce que le procureur a annonc\u00e9 \u00e0 propos de l&rsquo;arri\u00e8re-plan.<\/p>\n<aside class=\"h-ad-280+text lg:h-0 \" data-slot-id=\"pos1_sm\" data-breakpoint=\"sm\" data-hide-ad-text=\"false\" data-module-id=\"SparkAdSlotModule\"><\/aside>\n<p>Pour des tirs avec des fusils \u00e0 tir rapide pr\u00e8s d&rsquo;une station de m\u00e9tro \u00e0 Bruxelles, la police a recherch\u00e9 au moins deux personnes arm\u00e9es mercredi. Pour le moment, il n&rsquo;y a \u00ab\u00a0aucune indication d&rsquo;un motif terroriste\u00a0\u00bb, a d\u00e9clar\u00e9 le bureau du procureur de la capitale belge. Sur les photos d&rsquo;un <strong>Cam\u00e9ra de surveillance <\/strong>La compagnie de transport locale pouvait \u00eatre vue comment deux hommes avec des capuchons de temp\u00eate avec des fusils \u00e0 tir rapide tirent sur une destination inconnue, puis s&rsquo;enfuient dans le m\u00e9tro. Selon la police, personne n&rsquo;a \u00e9t\u00e9 bless\u00e9.<\/p>\n<h3>Bruxelles: trafic de m\u00e9tro temporairement restreint<\/h3>\n<div id=\"piano-banner-kampagne\" data-module-id=\"PianoElementModule, PianoRecoWidgetModule\" class=\"mb-4 block\"><\/div>\n<div id=\"piano-reco-widget\" data-module-id=\"PianoElementModule, PianoRecoWidgetModule\" class=\"mb-4 block\"><\/div>\n<p>L&rsquo;incident s&rsquo;est produit vers six heures du matin \u00e0 la station de m\u00e9tro de Cl\u00e9menneau pr\u00e8s de la S\u00fcdbahnhof de Bruxelles, o\u00f9 partent les trains internationaux de l&rsquo;Eurostar. En raison de l&rsquo;op\u00e9ration polici\u00e8re, le <strong>Trafic de m\u00e9tro<\/strong> temporairement limit\u00e9 dans la capitale belge. <\/p>\n<p>Dans le pass\u00e9, il y a toujours eu des missions contre les trafiquants de drogue dans le district autour du S\u00fcdbahnhof. La Belgique s&rsquo;applique avec son port \u00e0 conteneurs <strong>Anvers <\/strong>Comme l&rsquo;une des principales portes entrantes pour la coca\u00efne et d&rsquo;autres m\u00e9dicaments.<\/p>\n","protected":false},"excerpt":{"rendered":"<p>Selon des coups de feu dans la capitale belge, les tireurs pr\u00e9sum\u00e9s sont \u00e9ph\u00e9m\u00e8res. Ce que le procureur a annonc\u00e9 \u00e0 propos de l&rsquo;arri\u00e8re-plan. Pour<\/p>\n","protected":false},"author":1,"featured_media":4878,"comment_status":"closed","ping_status":"","sticky":false,"template":"","format":"standard","meta":{"footnotes":""},"categories":[298],"tags":[4477,455,5179,29,2114,5180,2741,1750,718],"class_list":["post-4877","post","type-post","status-publish","format-standard","has-post-thumbnail","hentry","category-belgique","tag-arme","tag-bruxelles","tag-coups","tag-des","tag-feu","tag-metro","tag-police","tag-pres","tag-recherche","generate-columns","tablet-grid-50","mobile-grid-100","grid-parent","grid-33"],"yoast_head":"<!-- This site is optimized with the Yoast SEO plugin v24.0 - https:\/\/yoast.com\/wordpress\/plugins\/seo\/ -->\n<title>Des coups de feu pr\u00e8s du m\u00e9tro: la police de Bruxelles recherche un arm\u00e9 | Vie Associative<\/title>\n<meta name=\"robots\" content=\"index, follow, max-snippet:-1, max-image-preview:large, max-video-preview:-1\" \/>\n<link rel=\"canonical\" href=\"https:\/\/vieassociative.be\/actualites\/des-coups-de-feu-pres-du-metro-la-police-de-bruxelles-recherche-un-arme\/\" \/>\n<meta property=\"og:locale\" content=\"fr_FR\" \/>\n<meta property=\"og:type\" content=\"article\" \/>\n<meta property=\"og:title\" content=\"Des coups de feu pr\u00e8s du m\u00e9tro: la police de Bruxelles recherche un arm\u00e9 | Vie Associative\" \/>\n<meta property=\"og:description\" content=\"Selon des coups de feu dans la capitale belge, les tireurs pr\u00e9sum\u00e9s sont \u00e9ph\u00e9m\u00e8res. Ce que le procureur a annonc\u00e9 \u00e0 propos de l&rsquo;arri\u00e8re-plan. Pour\" \/>\n<meta property=\"og:url\" content=\"https:\/\/vieassociative.be\/actualites\/des-coups-de-feu-pres-du-metro-la-police-de-bruxelles-recherche-un-arme\/\" \/>\n<meta property=\"og:site_name\" content=\"Vie Associative\" \/>\n<meta property=\"article:published_time\" content=\"2025-02-05T21:18:50+00:00\" \/>\n<meta property=\"article:modified_time\" content=\"2025-02-05T21:18:51+00:00\" \/>\n<meta property=\"og:image\" content=\"https:\/\/vieassociative.be\/actualites\/wp-content\/uploads\/2025\/02\/1738790330_Des-coups-de-feu-pres-du-metro-la-police-de.jpeg\" \/>\n\t<meta property=\"og:image:width\" content=\"1600\" \/>\n\t<meta property=\"og:image:height\" content=\"900\" \/>\n\t<meta property=\"og:image:type\" content=\"image\/jpeg\" \/>\n<meta name=\"author\" content=\"Julien\" \/>\n<meta name=\"twitter:card\" content=\"summary_large_image\" \/>\n<meta name=\"twitter:label1\" content=\"\u00c9crit par\" \/>\n\t<meta name=\"twitter:data1\" content=\"Julien\" \/>\n\t<meta name=\"twitter:label2\" content=\"Dur\u00e9e de lecture est.\" \/>\n\t<meta name=\"twitter:data2\" content=\"1 minute\" \/>\n<script type=\"application\/ld+json\" class=\"yoast-schema-graph\">{\"@context\":\"https:\/\/schema.org\",\"@graph\":[{\"@type\":\"Article\",\"@id\":\"https:\/\/vieassociative.be\/actualites\/des-coups-de-feu-pres-du-metro-la-police-de-bruxelles-recherche-un-arme\/#article\",\"isPartOf\":{\"@id\":\"https:\/\/vieassociative.be\/actualites\/des-coups-de-feu-pres-du-metro-la-police-de-bruxelles-recherche-un-arme\/\"},\"author\":{\"name\":\"Julien\",\"@id\":\"https:\/\/vieassociative.be\/actualites\/#\/schema\/person\/b87ac4f82f9d4e7b7cec7395b679edc4\"},\"headline\":\"Des coups de feu pr\u00e8s du m\u00e9tro: la police de Bruxelles recherche un arm\u00e9\",\"datePublished\":\"2025-02-05T21:18:50+00:00\",\"dateModified\":\"2025-02-05T21:18:51+00:00\",\"mainEntityOfPage\":{\"@id\":\"https:\/\/vieassociative.be\/actualites\/des-coups-de-feu-pres-du-metro-la-police-de-bruxelles-recherche-un-arme\/\"},\"wordCount\":255,\"publisher\":{\"@id\":\"https:\/\/vieassociative.be\/actualites\/#organization\"},\"image\":{\"@id\":\"https:\/\/vieassociative.be\/actualites\/des-coups-de-feu-pres-du-metro-la-police-de-bruxelles-recherche-un-arme\/#primaryimage\"},\"thumbnailUrl\":\"https:\/\/vieassociative.be\/actualites\/wp-content\/uploads\/2025\/02\/1738790330_Des-coups-de-feu-pres-du-metro-la-police-de.jpeg\",\"keywords\":[\"arme\",\"Bruxelles\",\"coups\",\"Des\",\"feu\",\"m\u00e9tro\",\"police\",\"pr\u00e8s\",\"recherche\"],\"articleSection\":[\"Belgique\"],\"inLanguage\":\"fr-BE\"},{\"@type\":\"WebPage\",\"@id\":\"https:\/\/vieassociative.be\/actualites\/des-coups-de-feu-pres-du-metro-la-police-de-bruxelles-recherche-un-arme\/\",\"url\":\"https:\/\/vieassociative.be\/actualites\/des-coups-de-feu-pres-du-metro-la-police-de-bruxelles-recherche-un-arme\/\",\"name\":\"Des coups de feu pr\u00e8s du m\u00e9tro: la police de Bruxelles recherche un arm\u00e9 | Vie Associative\",\"isPartOf\":{\"@id\":\"https:\/\/vieassociative.be\/actualites\/#website\"},\"primaryImageOfPage\":{\"@id\":\"https:\/\/vieassociative.be\/actualites\/des-coups-de-feu-pres-du-metro-la-police-de-bruxelles-recherche-un-arme\/#primaryimage\"},\"image\":{\"@id\":\"https:\/\/vieassociative.be\/actualites\/des-coups-de-feu-pres-du-metro-la-police-de-bruxelles-recherche-un-arme\/#primaryimage\"},\"thumbnailUrl\":\"https:\/\/vieassociative.be\/actualites\/wp-content\/uploads\/2025\/02\/1738790330_Des-coups-de-feu-pres-du-metro-la-police-de.jpeg\",\"datePublished\":\"2025-02-05T21:18:50+00:00\",\"dateModified\":\"2025-02-05T21:18:51+00:00\",\"breadcrumb\":{\"@id\":\"https:\/\/vieassociative.be\/actualites\/des-coups-de-feu-pres-du-metro-la-police-de-bruxelles-recherche-un-arme\/#breadcrumb\"},\"inLanguage\":\"fr-BE\",\"potentialAction\":[{\"@type\":\"ReadAction\",\"target\":[\"https:\/\/vieassociative.be\/actualites\/des-coups-de-feu-pres-du-metro-la-police-de-bruxelles-recherche-un-arme\/\"]}]},{\"@type\":\"ImageObject\",\"inLanguage\":\"fr-BE\",\"@id\":\"https:\/\/vieassociative.be\/actualites\/des-coups-de-feu-pres-du-metro-la-police-de-bruxelles-recherche-un-arme\/#primaryimage\",\"url\":\"https:\/\/vieassociative.be\/actualites\/wp-content\/uploads\/2025\/02\/1738790330_Des-coups-de-feu-pres-du-metro-la-police-de.jpeg\",\"contentUrl\":\"https:\/\/vieassociative.be\/actualites\/wp-content\/uploads\/2025\/02\/1738790330_Des-coups-de-feu-pres-du-metro-la-police-de.jpeg\",\"width\":1600,\"height\":900,\"caption\":\"Des coups de feu pr\u00e8s du m\u00e9tro: la police de Bruxelles recherche un arm\u00e9\"},{\"@type\":\"BreadcrumbList\",\"@id\":\"https:\/\/vieassociative.be\/actualites\/des-coups-de-feu-pres-du-metro-la-police-de-bruxelles-recherche-un-arme\/#breadcrumb\",\"itemListElement\":[{\"@type\":\"ListItem\",\"position\":1,\"name\":\"Accueil\",\"item\":\"https:\/\/vieassociative.be\/actualites\/\"},{\"@type\":\"ListItem\",\"position\":2,\"name\":\"Des coups de feu pr\u00e8s du m\u00e9tro: la police de Bruxelles recherche un arm\u00e9\"}]},{\"@type\":\"WebSite\",\"@id\":\"https:\/\/vieassociative.be\/actualites\/#website\",\"url\":\"https:\/\/vieassociative.be\/actualites\/\",\"name\":\"Vie Associative\",\"description\":\"\",\"publisher\":{\"@id\":\"https:\/\/vieassociative.be\/actualites\/#organization\"},\"potentialAction\":[{\"@type\":\"SearchAction\",\"target\":{\"@type\":\"EntryPoint\",\"urlTemplate\":\"https:\/\/vieassociative.be\/actualites\/?s={search_term_string}\"},\"query-input\":{\"@type\":\"PropertyValueSpecification\",\"valueRequired\":true,\"valueName\":\"search_term_string\"}}],\"inLanguage\":\"fr-BE\"},{\"@type\":\"Organization\",\"@id\":\"https:\/\/vieassociative.be\/actualites\/#organization\",\"name\":\"Vie Associative\",\"url\":\"https:\/\/vieassociative.be\/actualites\/\",\"logo\":{\"@type\":\"ImageObject\",\"inLanguage\":\"fr-BE\",\"@id\":\"https:\/\/vieassociative.be\/actualites\/#\/schema\/logo\/image\/\",\"url\":\"https:\/\/vieassociative.be\/actualites\/wp-content\/uploads\/2024\/09\/cropped-vieassociative_favicon.ico.png\",\"contentUrl\":\"https:\/\/vieassociative.be\/actualites\/wp-content\/uploads\/2024\/09\/cropped-vieassociative_favicon.ico.png\",\"width\":512,\"height\":512,\"caption\":\"Vie Associative\"},\"image\":{\"@id\":\"https:\/\/vieassociative.be\/actualites\/#\/schema\/logo\/image\/\"}},{\"@type\":\"Person\",\"@id\":\"https:\/\/vieassociative.be\/actualites\/#\/schema\/person\/b87ac4f82f9d4e7b7cec7395b679edc4\",\"name\":\"Julien\",\"image\":{\"@type\":\"ImageObject\",\"inLanguage\":\"fr-BE\",\"@id\":\"https:\/\/vieassociative.be\/actualites\/#\/schema\/person\/image\/\",\"url\":\"https:\/\/vieassociative.be\/actualites\/wp-content\/uploads\/2024\/09\/vie-associative-1-150x150.jpg\",\"contentUrl\":\"https:\/\/vieassociative.be\/actualites\/wp-content\/uploads\/2024\/09\/vie-associative-1-150x150.jpg\",\"caption\":\"Julien\"},\"description\":\"Je suis Julien, r\u00e9dacteur pour Vie Associative. Passionn\u00e9 par le monde associatif depuis plus de 10 ans, j'ai \u00e0 c\u0153ur de partager des histoires inspirantes et de mettre en lumi\u00e8re les initiatives locales. Mon objectif est de sensibiliser et d'encourager l'engagement communautaire \u00e0 travers mes articles.\",\"sameAs\":[\"https:\/\/vieassociative.be\/\"]}]}<\/script>\n<!-- \/ Yoast SEO plugin. -->","yoast_head_json":{"title":"Des coups de feu pr\u00e8s du m\u00e9tro: la police de Bruxelles recherche un arm\u00e9 | Vie Associative","robots":{"index":"index","follow":"follow","max-snippet":"max-snippet:-1","max-image-preview":"max-image-preview:large","max-video-preview":"max-video-preview:-1"},"canonical":"https:\/\/vieassociative.be\/actualites\/des-coups-de-feu-pres-du-metro-la-police-de-bruxelles-recherche-un-arme\/","og_locale":"fr_FR","og_type":"article","og_title":"Des coups de feu pr\u00e8s du m\u00e9tro: la police de Bruxelles recherche un arm\u00e9 | Vie Associative","og_description":"Selon des coups de feu dans la capitale belge, les tireurs pr\u00e9sum\u00e9s sont \u00e9ph\u00e9m\u00e8res. Ce que le procureur a annonc\u00e9 \u00e0 propos de l&rsquo;arri\u00e8re-plan. Pour","og_url":"https:\/\/vieassociative.be\/actualites\/des-coups-de-feu-pres-du-metro-la-police-de-bruxelles-recherche-un-arme\/","og_site_name":"Vie Associative","article_published_time":"2025-02-05T21:18:50+00:00","article_modified_time":"2025-02-05T21:18:51+00:00","og_image":[{"width":1600,"height":900,"url":"https:\/\/vieassociative.be\/actualites\/wp-content\/uploads\/2025\/02\/1738790330_Des-coups-de-feu-pres-du-metro-la-police-de.jpeg","type":"image\/jpeg"}],"author":"Julien","twitter_card":"summary_large_image","twitter_misc":{"\u00c9crit par":"Julien","Dur\u00e9e de lecture est.":"1 minute"},"schema":{"@context":"https:\/\/schema.org","@graph":[{"@type":"Article","@id":"https:\/\/vieassociative.be\/actualites\/des-coups-de-feu-pres-du-metro-la-police-de-bruxelles-recherche-un-arme\/#article","isPartOf":{"@id":"https:\/\/vieassociative.be\/actualites\/des-coups-de-feu-pres-du-metro-la-police-de-bruxelles-recherche-un-arme\/"},"author":{"name":"Julien","@id":"https:\/\/vieassociative.be\/actualites\/#\/schema\/person\/b87ac4f82f9d4e7b7cec7395b679edc4"},"headline":"Des coups de feu pr\u00e8s du m\u00e9tro: la police de Bruxelles recherche un arm\u00e9","datePublished":"2025-02-05T21:18:50+00:00","dateModified":"2025-02-05T21:18:51+00:00","mainEntityOfPage":{"@id":"https:\/\/vieassociative.be\/actualites\/des-coups-de-feu-pres-du-metro-la-police-de-bruxelles-recherche-un-arme\/"},"wordCount":255,"publisher":{"@id":"https:\/\/vieassociative.be\/actualites\/#organization"},"image":{"@id":"https:\/\/vieassociative.be\/actualites\/des-coups-de-feu-pres-du-metro-la-police-de-bruxelles-recherche-un-arme\/#primaryimage"},"thumbnailUrl":"https:\/\/vieassociative.be\/actualites\/wp-content\/uploads\/2025\/02\/1738790330_Des-coups-de-feu-pres-du-metro-la-police-de.jpeg","keywords":["arme","Bruxelles","coups","Des","feu","m\u00e9tro","police","pr\u00e8s","recherche"],"articleSection":["Belgique"],"inLanguage":"fr-BE"},{"@type":"WebPage","@id":"https:\/\/vieassociative.be\/actualites\/des-coups-de-feu-pres-du-metro-la-police-de-bruxelles-recherche-un-arme\/","url":"https:\/\/vieassociative.be\/actualites\/des-coups-de-feu-pres-du-metro-la-police-de-bruxelles-recherche-un-arme\/","name":"Des coups de feu pr\u00e8s du m\u00e9tro: la police de Bruxelles recherche un arm\u00e9 | Vie Associative","isPartOf":{"@id":"https:\/\/vieassociative.be\/actualites\/#website"},"primaryImageOfPage":{"@id":"https:\/\/vieassociative.be\/actualites\/des-coups-de-feu-pres-du-metro-la-police-de-bruxelles-recherche-un-arme\/#primaryimage"},"image":{"@id":"https:\/\/vieassociative.be\/actualites\/des-coups-de-feu-pres-du-metro-la-police-de-bruxelles-recherche-un-arme\/#primaryimage"},"thumbnailUrl":"https:\/\/vieassociative.be\/actualites\/wp-content\/uploads\/2025\/02\/1738790330_Des-coups-de-feu-pres-du-metro-la-police-de.jpeg","datePublished":"2025-02-05T21:18:50+00:00","dateModified":"2025-02-05T21:18:51+00:00","breadcrumb":{"@id":"https:\/\/vieassociative.be\/actualites\/des-coups-de-feu-pres-du-metro-la-police-de-bruxelles-recherche-un-arme\/#breadcrumb"},"inLanguage":"fr-BE","potentialAction":[{"@type":"ReadAction","target":["https:\/\/vieassociative.be\/actualites\/des-coups-de-feu-pres-du-metro-la-police-de-bruxelles-recherche-un-arme\/"]}]},{"@type":"ImageObject","inLanguage":"fr-BE","@id":"https:\/\/vieassociative.be\/actualites\/des-coups-de-feu-pres-du-metro-la-police-de-bruxelles-recherche-un-arme\/#primaryimage","url":"https:\/\/vieassociative.be\/actualites\/wp-content\/uploads\/2025\/02\/1738790330_Des-coups-de-feu-pres-du-metro-la-police-de.jpeg","contentUrl":"https:\/\/vieassociative.be\/actualites\/wp-content\/uploads\/2025\/02\/1738790330_Des-coups-de-feu-pres-du-metro-la-police-de.jpeg","width":1600,"height":900,"caption":"Des coups de feu pr\u00e8s du m\u00e9tro: la police de Bruxelles recherche un arm\u00e9"},{"@type":"BreadcrumbList","@id":"https:\/\/vieassociative.be\/actualites\/des-coups-de-feu-pres-du-metro-la-police-de-bruxelles-recherche-un-arme\/#breadcrumb","itemListElement":[{"@type":"ListItem","position":1,"name":"Accueil","item":"https:\/\/vieassociative.be\/actualites\/"},{"@type":"ListItem","position":2,"name":"Des coups de feu pr\u00e8s du m\u00e9tro: la police de Bruxelles recherche un arm\u00e9"}]},{"@type":"WebSite","@id":"https:\/\/vieassociative.be\/actualites\/#website","url":"https:\/\/vieassociative.be\/actualites\/","name":"Vie Associative","description":"","publisher":{"@id":"https:\/\/vieassociative.be\/actualites\/#organization"},"potentialAction":[{"@type":"SearchAction","target":{"@type":"EntryPoint","urlTemplate":"https:\/\/vieassociative.be\/actualites\/?s={search_term_string}"},"query-input":{"@type":"PropertyValueSpecification","valueRequired":true,"valueName":"search_term_string"}}],"inLanguage":"fr-BE"},{"@type":"Organization","@id":"https:\/\/vieassociative.be\/actualites\/#organization","name":"Vie Associative","url":"https:\/\/vieassociative.be\/actualites\/","logo":{"@type":"ImageObject","inLanguage":"fr-BE","@id":"https:\/\/vieassociative.be\/actualites\/#\/schema\/logo\/image\/","url":"https:\/\/vieassociative.be\/actualites\/wp-content\/uploads\/2024\/09\/cropped-vieassociative_favicon.ico.png","contentUrl":"https:\/\/vieassociative.be\/actualites\/wp-content\/uploads\/2024\/09\/cropped-vieassociative_favicon.ico.png","width":512,"height":512,"caption":"Vie Associative"},"image":{"@id":"https:\/\/vieassociative.be\/actualites\/#\/schema\/logo\/image\/"}},{"@type":"Person","@id":"https:\/\/vieassociative.be\/actualites\/#\/schema\/person\/b87ac4f82f9d4e7b7cec7395b679edc4","name":"Julien","image":{"@type":"ImageObject","inLanguage":"fr-BE","@id":"https:\/\/vieassociative.be\/actualites\/#\/schema\/person\/image\/","url":"https:\/\/vieassociative.be\/actualites\/wp-content\/uploads\/2024\/09\/vie-associative-1-150x150.jpg","contentUrl":"https:\/\/vieassociative.be\/actualites\/wp-content\/uploads\/2024\/09\/vie-associative-1-150x150.jpg","caption":"Julien"},"description":"Je suis Julien, r\u00e9dacteur pour Vie Associative. Passionn\u00e9 par le monde associatif depuis plus de 10 ans, j'ai \u00e0 c\u0153ur de partager des histoires inspirantes et de mettre en lumi\u00e8re les initiatives locales. Mon objectif est de sensibiliser et d'encourager l'engagement communautaire \u00e0 travers mes articles.","sameAs":["https:\/\/vieassociative.be\/"]}]}},"_links":{"self":[{"href":"https:\/\/vieassociative.be\/actualites\/wp-json\/wp\/v2\/posts\/4877"}],"collection":[{"href":"https:\/\/vieassociative.be\/actualites\/wp-json\/wp\/v2\/posts"}],"about":[{"href":"https:\/\/vieassociative.be\/actualites\/wp-json\/wp\/v2\/types\/post"}],"author":[{"embeddable":true,"href":"https:\/\/vieassociative.be\/actualites\/wp-json\/wp\/v2\/users\/1"}],"replies":[{"embeddable":true,"href":"https:\/\/vieassociative.be\/actualites\/wp-json\/wp\/v2\/comments?post=4877"}],"version-history":[{"count":1,"href":"https:\/\/vieassociative.be\/actualites\/wp-json\/wp\/v2\/posts\/4877\/revisions"}],"predecessor-version":[{"id":4879,"href":"https:\/\/vieassociative.be\/actualites\/wp-json\/wp\/v2\/posts\/4877\/revisions\/4879"}],"wp:featuredmedia":[{"embeddable":true,"href":"https:\/\/vieassociative.be\/actualites\/wp-json\/wp\/v2\/media\/4878"}],"wp:attachment":[{"href":"https:\/\/vieassociative.be\/actualites\/wp-json\/wp\/v2\/media?parent=4877"}],"wp:term":[{"taxonomy":"category","embeddable":true,"href":"https:\/\/vieassociative.be\/actualites\/wp-json\/wp\/v2\/categories?post=4877"},{"taxonomy":"post_tag","embeddable":true,"href":"https:\/\/vieassociative.be\/actualites\/wp-json\/wp\/v2\/tags?post=4877"}],"curies":[{"name":"wp","href":"https:\/\/api.w.org\/{rel}","templated":true}]}}