{"id":4875,"date":"2025-02-05T21:17:30","date_gmt":"2025-02-05T20:17:30","guid":{"rendered":"https:\/\/vieassociative.be\/actualites\/trump-veut-faire-de-gaza-un-riviera-du-moyen-orient-quest-ce-que-cela-signifie-questions-et-reponses\/"},"modified":"2025-02-05T21:17:30","modified_gmt":"2025-02-05T20:17:30","slug":"trump-veut-faire-de-gaza-un-riviera-du-moyen-orient-quest-ce-que-cela-signifie-questions-et-reponses","status":"publish","type":"post","link":"https:\/\/vieassociative.be\/actualites\/trump-veut-faire-de-gaza-un-riviera-du-moyen-orient-quest-ce-que-cela-signifie-questions-et-reponses\/","title":{"rendered":"Trump veut faire de Gaza un \u00ab\u00a0Riviera du Moyen-Orient\u00a0\u00bb &#8211; qu&rsquo;est-ce que cela signifie? (Questions et r\u00e9ponses)"},"content":{"rendered":"<p><strong>Le pr\u00e9sident mis \u00e0 jour des \u00c9tats-Unis, Donald Trump, a soumis des plans pour l&rsquo;avenir de la bande de Gaza d\u00e9truite de la guerre, qui a imm\u00e9diatement rencontr\u00e9 de nombreuses critiques. La bande c\u00f4ti\u00e8re de la M\u00e9diterran\u00e9e avec environ deux millions d&rsquo;habitants palestiniens doit entrer dans la \u00abpropri\u00e9t\u00e9\u00bb des \u00c9tats-Unis, a d\u00e9clar\u00e9 Trump en pr\u00e9sence du Premier ministre isra\u00e9lien Benjamin Netanyahu \u00e0 Washington.<\/strong><\/p>\n<p><span id=\"more-407517\"><\/span>Trump veut \u00e9galement provoquer une r\u00e9installation permanente de la population de la bande de Gaza. Du point de vue des experts, cela viole le droit international. Avec ses plans, Trump a rencontr\u00e9 une r\u00e9sistance aux \u00c9tats-Unis et \u00e0 l&rsquo;international. Qu&rsquo;est-ce que cela signifie? Questions et r\u00e9ponses ci-dessous.<\/p>\n<p><strong>&#8211; Quelle est la vision de Trump pour la bande de Gaza?<\/strong><\/p>\n<p>Trump s&rsquo;efforce d&rsquo;une r\u00e9installation des personnes vivant dans la bande de Gaza dans les \u00c9tats arabes et une reconstruction de la r\u00e9gion, qui a \u00e9t\u00e9 largement plac\u00e9e dans les d\u00e9combres et les cendres pendant la guerre plus d&rsquo;une ann\u00e9e entre Isra\u00ebl et le Hamas. Sous la direction des \u00c9tats-Unis, la bande de Gaza pourrait devenir une \u00ab\u00a0Riviera du Moyen-Orient\u00a0\u00bb, il a d\u00e9lir\u00e9. Trump a d\u00e9clar\u00e9 que ce serait \u00ab\u00a0merveilleux\u00a0\u00bb pour les Palestiniens, mais en m\u00eame temps, a d\u00e9clar\u00e9 qu&rsquo;apr\u00e8s une relocalisation, il ne s&rsquo;attendait pas aux r\u00e9sidents actuels de la bande de Gaza. Pour eux, Gaza est \u00abl&rsquo;enfer\u00bb.<\/p>\n<div id=\"attachment_407520\" class=\"wp-caption alignleft\" style=\"max-width: 300px\"><img fetchpriority=\"high\" decoding=\"async\" class=\"wp-image-407520 size-medium\" src=\"https:\/\/vieassociative.be\/actualites\/wp-content\/uploads\/2025\/02\/Trump-veut-faire-de-Gaza-un-Riviera-du-Moyen-Orient.jpg\" alt=\"\" width=\"300\" height=\"200\"><\/p>\n<p class=\"wp-caption-text\">04.02.2025, \u00c9tats-Unis, Washington: le pr\u00e9sident am\u00e9ricain Donald Trump r\u00e9pond aux questions lors d&rsquo;une conf\u00e9rence de presse avec le Premier ministre isra\u00e9lien Benjamin Netanyahu dans la salle est de la Maison Blanche. Photo: Alex Brandon \/ AP \/ DPA<\/p>\n<\/div>\n<p>Trump a nomm\u00e9 un certain nombre d&rsquo;environ 1,8 million de Palestiniens qui ont d\u00fb quitter leur patrie. Si vous vivez dans la bande de Gaza \u00e0 l&rsquo;avenir, le pr\u00e9sident am\u00e9ricain a quitt\u00e9 ouvert. \u00ab\u00a0Beaucoup de gens\u00a0\u00bb devraient y vivre \u00ab\u00a0, aussi les Palestiniens\u00a0\u00bb, a-t-il seulement dit. On ne sait pas non plus quel statut la r\u00e9gion devrait avoir en fonction des plans de Trump \u00e0 l&rsquo;avenir &#8211; des \u00c9tats-Unis, il devrait \u00eatre annex\u00e9 par les \u00c9tats-Unis, a frapp\u00e9 Isra\u00ebl ou g\u00e9r\u00e9 diff\u00e9remment.<\/p>\n<p>Apr\u00e8s le d\u00e9but du processus de paix entre Isra\u00ebl et les Palestiniens dans les ann\u00e9es 1990, il y a eu des efforts pour transformer la bande de Gaza en une zone qui est \u00e9galement attrayante pour le tourisme. Divers projets ont \u00e9t\u00e9 cr\u00e9\u00e9s, y compris un parc g\u00eanant \u00e0 l&rsquo;eau. Cependant, la prise de contr\u00f4le violente du Hamas islamiste dans les bandes c\u00f4ti\u00e8res en 2007 et le resserrement d&rsquo;un blocus isra\u00e9lien de la r\u00e9gion, qui a \u00e9t\u00e9 soutenu par l&rsquo;\u00c9gypte, a mis fin \u00e0 de telles exp\u00e9riences.<\/p>\n<p><strong>&#8211; Que dit le droit international?<\/strong><\/p>\n<p>\u00ab\u00a0Toute r\u00e9installation ou d\u00e9placement forc\u00e9 des personnes des zones occup\u00e9es est strictement interdite\u00a0\u00bb, explique le Haut Commissaire des Nations Unies aux droits de l&rsquo;homme, Volker T\u00fcrk.<\/p>\n<p>La r\u00e8gle 129 des habitudes internationales internationales est pertinente. La Croix-Rouge allemande a une traduction des textes anglais stock\u00e9s dans la base de donn\u00e9es juridique du Comit\u00e9 international de la Croix-Rouge (IKRK), et il dit litt\u00e9ralement:<\/p>\n<p>\u00ab\u00a0Les parties impliqu\u00e9es dans un conflit arm\u00e9 international ne peuvent pas \u00eatre supprim\u00e9es ou effectu\u00e9es de force la population civile d&rsquo;une zone occup\u00e9e, dans leur int\u00e9gralit\u00e9 ou en partie, \u00e0 moins que cela ne soit n\u00e9cessaire en ce qui concerne la s\u00e9curit\u00e9 des civils touch\u00e9s ou pour des raisons militaires obligatoires . \u00ab\u00a0<\/p>\n<p><strong>&#8211; Pourquoi l&rsquo;\u00c9gypte et la Jordanie se d\u00e9fendent-elles et quels moyens de pression les \u00c9tats-Unis ont-ils?<\/strong><\/p>\n<p>Pour des raisons domestiques, l&rsquo;\u00c9gypte et la Jordanie rejettent une r\u00e9installation des Palestiniens de la bande de Gaza, car cela d\u00e9clencherait des tensions consid\u00e9rables. Au Caire, le gouvernement craint qu&rsquo;un grand nombre de r\u00e9fugi\u00e9s ne respirent davantage la situation \u00e9conomique et sociale, en particulier dans la r\u00e9gion du Sina\u00ef, o\u00f9 il y a d\u00e9j\u00e0 des probl\u00e8mes de s\u00e9curit\u00e9 avec les groupes islamistes.<\/p>\n<div id=\"attachment_407523\" class=\"wp-caption alignleft\" style=\"max-width: 300px\"><img decoding=\"async\" class=\"wp-image-407523 size-medium\" src=\"https:\/\/vieassociative.be\/actualites\/wp-content\/uploads\/2025\/02\/1738786650_211_Trump-veut-faire-de-Gaza-un-Riviera-du-Moyen-Orient.jpg\" alt=\"\" width=\"300\" height=\"200\"  ><\/p>\n<p class=\"wp-caption-text\">04.02.2025, \u00c9tats-Unis, Washington: le pr\u00e9sident am\u00e9ricain Donald Trump (R) et le Premier ministre isra\u00e9lien Benjamin Netanyahu parlent lors d&rsquo;une conf\u00e9rence de presse dans la salle est de la Maison Blanche. Photo: Alex Brandon \/ AP \/ DPA<\/p>\n<\/div>\n<p>La Jordanie est l&rsquo;un des pays avec le plus grand nombre de r\u00e9fugi\u00e9s par habitant dans le monde. En plus de nombreux Syriens, une grande communaut\u00e9 palestinienne y vit d\u00e9j\u00e0. Une expulsion forc\u00e9e de la bande de Gaza pourrait d\u00e9stabiliser l&rsquo;\u00e9quilibre domestique et renforcer encore l&rsquo;influence des Palestiniens dans le pays &#8211; un sc\u00e9nario qui pourrait augmenter les tensions avec la population locale et la monarchie.<\/p>\n<p>Les experts pr\u00e9viennent que les plans de Trump pourraient d\u00e9stabiliser deux des pays les plus stables du Moyen-Orient. Cependant, les \u00c9tats-Unis pourraient consid\u00e9rer consid\u00e9rablement les gouvernements avec un soutien financier d&rsquo;arr\u00eat. L&rsquo;\u00c9gypte, par exemple, re\u00e7oit environ 1,3 milliard de dollars d&rsquo;aide militaire par an.<\/p>\n<p><strong>&#8211; Quelle est la quantit\u00e9 de la bande de Gaza d\u00e9truite, combien de temps durerait-il la reconstruction?<\/strong><\/p>\n<p>Selon l&rsquo;ONU Nothilfeb\u00fcro Ocha, 90% des environ deux millions de personnes dans la bande de Gaza ont \u00e9t\u00e9 chass\u00e9es de leurs maisons et de leurs colonies pendant la guerre. Apr\u00e8s avoir \u00e9valu\u00e9 le Centre satellite des Nations Unies \u00e0 partir de d\u00e9cembre, environ 69% des b\u00e2timents de la bande de Gaza sont d\u00e9truits ou endommag\u00e9s. Il \u00e9num\u00e8re \u00e0 lui seul 60 000 bons d\u00e9truits et 20 000 bons b\u00e2timents fortement endommag\u00e9s. Apr\u00e8s un rapport de l&rsquo;ONU \u00e0 partir de janvier, il y a 50 millions de tonnes de d\u00e9bris.<\/p>\n<p>Beaucoup de centaines de milliers de personnes d\u00e9plac\u00e9es qui sont retourn\u00e9es au nord de la bande de Gaza apr\u00e8s le d\u00e9but du cessez-le-feu le mois dernier n&rsquo;ont trouv\u00e9 qu&rsquo;un champ de d\u00e9combres dans leur lieu de r\u00e9sidents. Apr\u00e8s avoir visit\u00e9 la r\u00e9gion, le Moyen-Orient de Trump a envoy\u00e9 Steve Witkoff a d\u00e9clar\u00e9 qu&rsquo;il ne restait \u00ab\u00a0presque plus rien dans la bande de Gaza\u00a0\u00bb. Une reconstruction de la bande c\u00f4ti\u00e8re peut prendre de dix \u00e0 15 ans, l&rsquo;id\u00e9e de le faire en cinq ans est \u00ab\u00a0absurde\u00a0\u00bb.<\/p>\n<p><strong>&#8211; \u00c0 qui appartient la bande de Gaza?<\/strong><\/p>\n<p>En 1967, Isra\u00ebl a conquis la bande de Gaza d&rsquo;\u00c9gypte habit\u00e9e par les Palestiniens, qui avait militairement g\u00e9r\u00e9 la bande c\u00f4ti\u00e8re \u00e9troite apr\u00e8s la premi\u00e8re guerre du Moyen-Orient en 1948. Dans le cadre des trait\u00e9s de paix d&rsquo;Isra\u00ebl avec les Palestiniens, l&rsquo;accord de Gaza Jericho de 1994 a pr\u00e9vu aux Palestiniens de recevoir l&rsquo;autonomie administrative pour la premi\u00e8re fois dans une grande partie de la bande de Gaza.<\/p>\n<div id=\"attachment_407521\" class=\"wp-caption alignleft\" style=\"max-width: 300px\"><img decoding=\"async\" class=\"wp-image-407521 size-medium\" src=\"https:\/\/vieassociative.be\/actualites\/wp-content\/uploads\/2025\/02\/1738786650_191_Trump-veut-faire-de-Gaza-un-Riviera-du-Moyen-Orient.jpg\" alt=\"\" width=\"300\" height=\"200\"><\/p>\n<p class=\"wp-caption-text\">31\/01\/2025, Palestiniens, Gaza: les Palestiniens d\u00e9plac\u00e9s vont dans une rue au centre de la bande de Gaza pour retourner dans leurs maisons dans le nord des bandes de Gaza apr\u00e8s l&rsquo;accord de cessez-le-feu entre Isra\u00ebl et le Hamas. Photo: Abdel Kareem Hana \/ AP \/ DPA<\/p>\n<\/div>\n<p>En 2005, Isra\u00ebl s&rsquo;est retir\u00e9 de la bande de Gaza et a \u00e9limin\u00e9 les 21 colonies isra\u00e9liennes. Isra\u00ebl est au point de vue que l&rsquo;\u00e9quipage de la bande c\u00f4ti\u00e8re s&rsquo;est termin\u00e9e. Cependant, les Nations Unies l&rsquo;ont consid\u00e9r\u00e9 comme une zone occup\u00e9e, notamment parce qu&rsquo;Isra\u00ebl contr\u00f4le tout acc\u00e8s.<\/p>\n<p>Un an et demi apr\u00e8s la victoire sur l&rsquo;organisation rivale du Fatah du pr\u00e9sident palestinien Mahmud Abbas aux \u00e9lections parlementaires, le Hamas islamiste en 2007 a violemment d\u00e9chir\u00e9 le seul contr\u00f4le de la bande de Gaza. Isra\u00ebl a ensuite resserr\u00e9 un blocus de la zone soutenue par l&rsquo;\u00c9gypte. Les Palestiniens revendiquent la bande de Gaza avec la Cisjordanie et la J\u00e9rusalem-Est comme la zone d&rsquo;un futur \u00e9tat \u00e0 part.<\/p>\n<p><strong>&#8211; Comment les pays arabes et le Hamas r\u00e9agissent-ils \u00e0 l&rsquo;avance de Trump?<\/strong><\/p>\n<p>Les \u00c9tats arabes ont fondamentalement rejet\u00e9 une relocalisation des Palestiniens de la bande de Gaza. Les raisons en sont diverses. En plus des politiques int\u00e9rieures, les pays de la r\u00e9gion craignent qu&rsquo;une telle r\u00e9installation ne cimente le contr\u00f4le isra\u00e9lien sur la bande de Gaza et l\u00e9gitime le d\u00e9placement permanent. De plus, ils ne veulent pas \u00eatre consid\u00e9r\u00e9s comme des complices d&rsquo;une politique qui pourraient \u00eatre interpr\u00e9t\u00e9es comme un nettoyage ethnique.<\/p>\n<p>Une migration forc\u00e9e pourrait \u00e9galement servir de pr\u00e9c\u00e9dent pour un nouveau d\u00e9placement. De plus, les tensions sont menac\u00e9es au sein de la Ligue arabe, car la charge de l&rsquo;enregistrement serait in\u00e9galement distribu\u00e9e. Surtout, les \u00c9tats du Golfe, qui n&rsquo;ont assum\u00e9 que des responsabilit\u00e9s limit\u00e9es sous la forme d&rsquo;un soutien financier pour la population palestinienne, pourraient \u00eatre soumis \u00e0 une pression accrue pour expliquer.<\/p>\n<p>Trump a accus\u00e9 le Hamas islamiste, dont le massacre en Isra\u00ebl a d\u00e9clench\u00e9 la guerre d\u00e9vastatrice le 7 octobre 2023. Ses d\u00e9clarations sont la tentative non d\u00e9guis\u00e9e de refuser leurs droits nationaux inali\u00e9nables aux Palestiniens, a d\u00e9clar\u00e9 Isat al-Rischk, membre du Hamas Politburos.<\/p>\n<div id=\"attachment_407536\" class=\"wp-caption alignleft\" style=\"max-width: 300px\"><img loading=\"lazy\" decoding=\"async\" class=\"wp-image-407536 size-medium\" src=\"https:\/\/vieassociative.be\/actualites\/wp-content\/uploads\/2025\/02\/1738786650_779_Trump-veut-faire-de-Gaza-un-Riviera-du-Moyen-Orient.jpg\" alt=\"\" width=\"300\" height=\"200\"><\/p>\n<p class=\"wp-caption-text\">01.02.2025, Palestiniens, Gaza City: les combattants du Hamas sont \u00e0 la place de l&rsquo;Am\u00e9ricain-isra\u00e9lien Geisel Keith Siegel \u00e0 la Croix-Rouge \u00e0 Gaza City. Photo: Mohammed Hajjar \/ AP \/ DPA<\/p>\n<\/div>\n<p>La population de la bande de Gaza ne permettra pas cela, a d\u00e9clar\u00e9 le principal membre du Hamas, Sami Abu Suhri. \u00ab\u00a0Ce dont nous avons besoin, c&rsquo;est de la fin de l&rsquo;\u00e9quipage et de l&rsquo;agression contre notre peuple, pas l&rsquo;expulsion de son pays.\u00a0\u00bb<\/p>\n<p><strong>&#8211; Quelles sont les r\u00e9actions des \u00c9tats-Unis?<\/strong><\/p>\n<p>Le ministre des Affaires \u00e9trang\u00e8res de Trump, Marco Rubio, a soutenu les propositions du pr\u00e9sident. Les \u00c9tats-Unis sont pr\u00eats \u00e0 \u00ab\u00a0faire \u00e0 nouveau Gaza\u00a0\u00bb, a \u00e9crit Rubio sur la plate-forme X. Mais l&rsquo;entrep\u00f4t des r\u00e9publicains est \u00e9galement devenu scepticisme. Le s\u00e9nateur r\u00e9publicain Lindsey Graham a appel\u00e9 \u00e0 l&rsquo;unanimit\u00e9 le rapport \u00ab\u00a0probl\u00e9matique\u00a0\u00bb de la proposition. Il doutait que ses \u00e9lecteurs seraient heureux de la publication de soldats am\u00e9ricains dans la bande de Gaza, a d\u00e9clar\u00e9 l&rsquo;actuel pr\u00e9sident du comit\u00e9 du budget au S\u00e9nat am\u00e9ricain.<\/p>\n<p>Des critiques violentes sont originaires du camp des d\u00e9mocrates. La proposition est perturb\u00e9e et folle, a d\u00e9clar\u00e9 le s\u00e9nateur d\u00e9mocrate Tim Kaine selon NBC. Le d\u00e9mocrate Chris Murphy a accus\u00e9 Trump de vouloir distraire des coupures et des licenciements dans l&rsquo;appareil de l&rsquo;\u00c9tat.<\/p>\n<p><strong>&#8211; Que dit Isra\u00ebl sur les plans?<\/strong><\/p>\n<p>Surtout avec les Isra\u00e9liens \u00e0 droite, les plans de Trump d\u00e9clenchent l&rsquo;enthousiasme ouvert. Le ministre des Finances extr\u00e9mistes \u00e0 droite, Bezalel Smotrich, a remerci\u00e9 Trump dans un article sur la plate-forme X et a d\u00e9clar\u00e9 que ce serait \u00ab\u00a0encore mieux et encore mieux\u00a0\u00bb. En plus d&rsquo;un drapeau isra\u00e9lien et am\u00e9ricain, il a \u00e9crit: \u00ab\u00a0Ensemble, nous rendrons le monde grand.\u00a0\u00bb Comme les autres Isra\u00e9liens extr\u00e9mistes de droite, Smotrich s&rsquo;efforce de r\u00e9sister \u00e0 la bande de Gaza qu&rsquo;Isra\u00ebl avait \u00e9limin\u00e9 en 2005.<\/p>\n<p>Michael Milshtein, expert des \u00e9tudes palestiniennes \u00e0 l&rsquo;Universit\u00e9 de Tel Aviv, a exhort\u00e9 \u00e0 avertir une euphorie excessive des plans de Trump. \u00ab\u00a0Nous pouvons causer de graves dommages dans les relations avec les pays arabes avec lesquels nous avons eu des contrats pendant des d\u00e9cennies tels que la Jordanie et l&rsquo;\u00c9gypte, mais aussi avec les \u00c9tats des contrats d&rsquo;Abraham\u00a0\u00bb, a d\u00e9clar\u00e9 Milshtein \u00e0 la station Isra\u00e9lienne Kan.<\/p>\n<p>En cas de mise en \u0153uvre des plans de Trump pour Gaza, on pourrait \u00e9galement \u00aboublier\u00bb la normalisation souhait\u00e9e avec l&rsquo;Arabie saoudite, a-t-il averti. Il aimerait que Netanyahu ait une ligne r\u00e9aliste sur ce sujet. (DPA)<\/p>\n","protected":false},"excerpt":{"rendered":"<p>Le pr\u00e9sident mis \u00e0 jour des \u00c9tats-Unis, Donald Trump, a soumis des plans pour l&rsquo;avenir de la bande de Gaza d\u00e9truite de la guerre, qui<\/p>\n","protected":false},"author":1,"featured_media":4876,"comment_status":"","ping_status":"","sticky":false,"template":"","format":"standard","meta":{"footnotes":""},"categories":[298],"tags":[1610,127,4755,5178,2006,481,1882,5177,1872,2425,2635],"class_list":["post-4875","post","type-post","status-publish","format-standard","has-post-thumbnail","hentry","category-belgique","tag-cela","tag-faire","tag-gaza","tag-moyenorient","tag-questce","tag-questions","tag-reponses","tag-riviera","tag-signifie","tag-trump","tag-veut","generate-columns","tablet-grid-50","mobile-grid-100","grid-parent","grid-33"],"yoast_head":"<!-- This site is optimized with the Yoast SEO plugin v24.0 - https:\/\/yoast.com\/wordpress\/plugins\/seo\/ -->\n<title>Trump veut faire de Gaza un &quot;Riviera du Moyen-Orient&quot; - qu&#039;est-ce que cela signifie? (Questions et r\u00e9ponses) | Vie Associative<\/title>\n<meta name=\"robots\" content=\"index, follow, max-snippet:-1, max-image-preview:large, max-video-preview:-1\" \/>\n<link rel=\"canonical\" href=\"https:\/\/vieassociative.be\/actualites\/trump-veut-faire-de-gaza-un-riviera-du-moyen-orient-quest-ce-que-cela-signifie-questions-et-reponses\/\" \/>\n<meta property=\"og:locale\" content=\"fr_FR\" \/>\n<meta property=\"og:type\" content=\"article\" \/>\n<meta property=\"og:title\" content=\"Trump veut faire de Gaza un &quot;Riviera du Moyen-Orient&quot; - qu&#039;est-ce que cela signifie? (Questions et r\u00e9ponses) | Vie Associative\" \/>\n<meta property=\"og:description\" content=\"Le pr\u00e9sident mis \u00e0 jour des \u00c9tats-Unis, Donald Trump, a soumis des plans pour l&rsquo;avenir de la bande de Gaza d\u00e9truite de la guerre, qui\" \/>\n<meta property=\"og:url\" content=\"https:\/\/vieassociative.be\/actualites\/trump-veut-faire-de-gaza-un-riviera-du-moyen-orient-quest-ce-que-cela-signifie-questions-et-reponses\/\" \/>\n<meta property=\"og:site_name\" content=\"Vie Associative\" \/>\n<meta property=\"article:published_time\" content=\"2025-02-05T20:17:30+00:00\" \/>\n<meta property=\"og:image\" content=\"https:\/\/vieassociative.be\/actualites\/wp-content\/uploads\/2024\/09\/header_backgroundk-01-e1726694325946.png\" \/>\n\t<meta property=\"og:image:width\" content=\"279\" \/>\n\t<meta property=\"og:image:height\" content=\"92\" \/>\n\t<meta property=\"og:image:type\" content=\"image\/png\" \/>\n<meta name=\"author\" content=\"Julien\" \/>\n<meta name=\"twitter:card\" content=\"summary_large_image\" \/>\n<meta name=\"twitter:label1\" content=\"\u00c9crit par\" \/>\n\t<meta name=\"twitter:data1\" content=\"Julien\" \/>\n\t<meta name=\"twitter:label2\" content=\"Dur\u00e9e de lecture est.\" \/>\n\t<meta name=\"twitter:data2\" content=\"10 minutes\" \/>\n<script type=\"application\/ld+json\" class=\"yoast-schema-graph\">{\"@context\":\"https:\/\/schema.org\",\"@graph\":[{\"@type\":\"Article\",\"@id\":\"https:\/\/vieassociative.be\/actualites\/trump-veut-faire-de-gaza-un-riviera-du-moyen-orient-quest-ce-que-cela-signifie-questions-et-reponses\/#article\",\"isPartOf\":{\"@id\":\"https:\/\/vieassociative.be\/actualites\/trump-veut-faire-de-gaza-un-riviera-du-moyen-orient-quest-ce-que-cela-signifie-questions-et-reponses\/\"},\"author\":{\"name\":\"Julien\",\"@id\":\"https:\/\/vieassociative.be\/actualites\/#\/schema\/person\/b87ac4f82f9d4e7b7cec7395b679edc4\"},\"headline\":\"Trump veut faire de Gaza un \u00ab\u00a0Riviera du Moyen-Orient\u00a0\u00bb &#8211; qu&rsquo;est-ce que cela signifie? (Questions et r\u00e9ponses)\",\"datePublished\":\"2025-02-05T20:17:30+00:00\",\"dateModified\":\"2025-02-05T20:17:30+00:00\",\"mainEntityOfPage\":{\"@id\":\"https:\/\/vieassociative.be\/actualites\/trump-veut-faire-de-gaza-un-riviera-du-moyen-orient-quest-ce-que-cela-signifie-questions-et-reponses\/\"},\"wordCount\":2031,\"publisher\":{\"@id\":\"https:\/\/vieassociative.be\/actualites\/#organization\"},\"image\":{\"@id\":\"https:\/\/vieassociative.be\/actualites\/trump-veut-faire-de-gaza-un-riviera-du-moyen-orient-quest-ce-que-cela-signifie-questions-et-reponses\/#primaryimage\"},\"thumbnailUrl\":\"https:\/\/vieassociative.be\/actualites\/wp-content\/uploads\/2025\/02\/1738786650_Trump-veut-faire-de-Gaza-un-Riviera-du-Moyen-Orient.jpg\",\"keywords\":[\"cela\",\"faire\",\"Gaza\",\"MoyenOrient\",\"Questce\",\"questions\",\"r\u00e9ponses\",\"Riviera\",\"signifie\",\"Trump\",\"veut\"],\"articleSection\":[\"Belgique\"],\"inLanguage\":\"fr-BE\"},{\"@type\":\"WebPage\",\"@id\":\"https:\/\/vieassociative.be\/actualites\/trump-veut-faire-de-gaza-un-riviera-du-moyen-orient-quest-ce-que-cela-signifie-questions-et-reponses\/\",\"url\":\"https:\/\/vieassociative.be\/actualites\/trump-veut-faire-de-gaza-un-riviera-du-moyen-orient-quest-ce-que-cela-signifie-questions-et-reponses\/\",\"name\":\"Trump veut faire de Gaza un \\\"Riviera du Moyen-Orient\\\" - qu'est-ce que cela signifie? (Questions et r\u00e9ponses) | Vie Associative\",\"isPartOf\":{\"@id\":\"https:\/\/vieassociative.be\/actualites\/#website\"},\"primaryImageOfPage\":{\"@id\":\"https:\/\/vieassociative.be\/actualites\/trump-veut-faire-de-gaza-un-riviera-du-moyen-orient-quest-ce-que-cela-signifie-questions-et-reponses\/#primaryimage\"},\"image\":{\"@id\":\"https:\/\/vieassociative.be\/actualites\/trump-veut-faire-de-gaza-un-riviera-du-moyen-orient-quest-ce-que-cela-signifie-questions-et-reponses\/#primaryimage\"},\"thumbnailUrl\":\"https:\/\/vieassociative.be\/actualites\/wp-content\/uploads\/2025\/02\/1738786650_Trump-veut-faire-de-Gaza-un-Riviera-du-Moyen-Orient.jpg\",\"datePublished\":\"2025-02-05T20:17:30+00:00\",\"dateModified\":\"2025-02-05T20:17:30+00:00\",\"breadcrumb\":{\"@id\":\"https:\/\/vieassociative.be\/actualites\/trump-veut-faire-de-gaza-un-riviera-du-moyen-orient-quest-ce-que-cela-signifie-questions-et-reponses\/#breadcrumb\"},\"inLanguage\":\"fr-BE\",\"potentialAction\":[{\"@type\":\"ReadAction\",\"target\":[\"https:\/\/vieassociative.be\/actualites\/trump-veut-faire-de-gaza-un-riviera-du-moyen-orient-quest-ce-que-cela-signifie-questions-et-reponses\/\"]}]},{\"@type\":\"ImageObject\",\"inLanguage\":\"fr-BE\",\"@id\":\"https:\/\/vieassociative.be\/actualites\/trump-veut-faire-de-gaza-un-riviera-du-moyen-orient-quest-ce-que-cela-signifie-questions-et-reponses\/#primaryimage\",\"url\":\"https:\/\/vieassociative.be\/actualites\/wp-content\/uploads\/2025\/02\/1738786650_Trump-veut-faire-de-Gaza-un-Riviera-du-Moyen-Orient.jpg\",\"contentUrl\":\"https:\/\/vieassociative.be\/actualites\/wp-content\/uploads\/2025\/02\/1738786650_Trump-veut-faire-de-Gaza-un-Riviera-du-Moyen-Orient.jpg\",\"width\":1200,\"height\":800,\"caption\":\"Trump veut faire de Gaza un \\\"Riviera du Moyen-Orient\\\" - qu'est-ce que cela signifie? (Questions et r\u00e9ponses)\"},{\"@type\":\"BreadcrumbList\",\"@id\":\"https:\/\/vieassociative.be\/actualites\/trump-veut-faire-de-gaza-un-riviera-du-moyen-orient-quest-ce-que-cela-signifie-questions-et-reponses\/#breadcrumb\",\"itemListElement\":[{\"@type\":\"ListItem\",\"position\":1,\"name\":\"Accueil\",\"item\":\"https:\/\/vieassociative.be\/actualites\/\"},{\"@type\":\"ListItem\",\"position\":2,\"name\":\"Trump veut faire de Gaza un \u00ab\u00a0Riviera du Moyen-Orient\u00a0\u00bb &#8211; qu&rsquo;est-ce que cela signifie? (Questions et r\u00e9ponses)\"}]},{\"@type\":\"WebSite\",\"@id\":\"https:\/\/vieassociative.be\/actualites\/#website\",\"url\":\"https:\/\/vieassociative.be\/actualites\/\",\"name\":\"Vie Associative\",\"description\":\"\",\"publisher\":{\"@id\":\"https:\/\/vieassociative.be\/actualites\/#organization\"},\"potentialAction\":[{\"@type\":\"SearchAction\",\"target\":{\"@type\":\"EntryPoint\",\"urlTemplate\":\"https:\/\/vieassociative.be\/actualites\/?s={search_term_string}\"},\"query-input\":{\"@type\":\"PropertyValueSpecification\",\"valueRequired\":true,\"valueName\":\"search_term_string\"}}],\"inLanguage\":\"fr-BE\"},{\"@type\":\"Organization\",\"@id\":\"https:\/\/vieassociative.be\/actualites\/#organization\",\"name\":\"Vie Associative\",\"url\":\"https:\/\/vieassociative.be\/actualites\/\",\"logo\":{\"@type\":\"ImageObject\",\"inLanguage\":\"fr-BE\",\"@id\":\"https:\/\/vieassociative.be\/actualites\/#\/schema\/logo\/image\/\",\"url\":\"https:\/\/vieassociative.be\/actualites\/wp-content\/uploads\/2024\/09\/cropped-vieassociative_favicon.ico.png\",\"contentUrl\":\"https:\/\/vieassociative.be\/actualites\/wp-content\/uploads\/2024\/09\/cropped-vieassociative_favicon.ico.png\",\"width\":512,\"height\":512,\"caption\":\"Vie Associative\"},\"image\":{\"@id\":\"https:\/\/vieassociative.be\/actualites\/#\/schema\/logo\/image\/\"}},{\"@type\":\"Person\",\"@id\":\"https:\/\/vieassociative.be\/actualites\/#\/schema\/person\/b87ac4f82f9d4e7b7cec7395b679edc4\",\"name\":\"Julien\",\"image\":{\"@type\":\"ImageObject\",\"inLanguage\":\"fr-BE\",\"@id\":\"https:\/\/vieassociative.be\/actualites\/#\/schema\/person\/image\/\",\"url\":\"https:\/\/vieassociative.be\/actualites\/wp-content\/uploads\/2024\/09\/vie-associative-1-150x150.jpg\",\"contentUrl\":\"https:\/\/vieassociative.be\/actualites\/wp-content\/uploads\/2024\/09\/vie-associative-1-150x150.jpg\",\"caption\":\"Julien\"},\"description\":\"Je suis Julien, r\u00e9dacteur pour Vie Associative. Passionn\u00e9 par le monde associatif depuis plus de 10 ans, j'ai \u00e0 c\u0153ur de partager des histoires inspirantes et de mettre en lumi\u00e8re les initiatives locales. Mon objectif est de sensibiliser et d'encourager l'engagement communautaire \u00e0 travers mes articles.\",\"sameAs\":[\"https:\/\/vieassociative.be\/\"]}]}<\/script>\n<!-- \/ Yoast SEO plugin. -->","yoast_head_json":{"title":"Trump veut faire de Gaza un \"Riviera du Moyen-Orient\" - qu'est-ce que cela signifie? (Questions et r\u00e9ponses) | Vie Associative","robots":{"index":"index","follow":"follow","max-snippet":"max-snippet:-1","max-image-preview":"max-image-preview:large","max-video-preview":"max-video-preview:-1"},"canonical":"https:\/\/vieassociative.be\/actualites\/trump-veut-faire-de-gaza-un-riviera-du-moyen-orient-quest-ce-que-cela-signifie-questions-et-reponses\/","og_locale":"fr_FR","og_type":"article","og_title":"Trump veut faire de Gaza un \"Riviera du Moyen-Orient\" - qu'est-ce que cela signifie? (Questions et r\u00e9ponses) | Vie Associative","og_description":"Le pr\u00e9sident mis \u00e0 jour des \u00c9tats-Unis, Donald Trump, a soumis des plans pour l&rsquo;avenir de la bande de Gaza d\u00e9truite de la guerre, qui","og_url":"https:\/\/vieassociative.be\/actualites\/trump-veut-faire-de-gaza-un-riviera-du-moyen-orient-quest-ce-que-cela-signifie-questions-et-reponses\/","og_site_name":"Vie Associative","article_published_time":"2025-02-05T20:17:30+00:00","og_image":[{"width":279,"height":92,"url":"https:\/\/vieassociative.be\/actualites\/wp-content\/uploads\/2024\/09\/header_backgroundk-01-e1726694325946.png","type":"image\/png"}],"author":"Julien","twitter_card":"summary_large_image","twitter_misc":{"\u00c9crit par":"Julien","Dur\u00e9e de lecture est.":"10 minutes"},"schema":{"@context":"https:\/\/schema.org","@graph":[{"@type":"Article","@id":"https:\/\/vieassociative.be\/actualites\/trump-veut-faire-de-gaza-un-riviera-du-moyen-orient-quest-ce-que-cela-signifie-questions-et-reponses\/#article","isPartOf":{"@id":"https:\/\/vieassociative.be\/actualites\/trump-veut-faire-de-gaza-un-riviera-du-moyen-orient-quest-ce-que-cela-signifie-questions-et-reponses\/"},"author":{"name":"Julien","@id":"https:\/\/vieassociative.be\/actualites\/#\/schema\/person\/b87ac4f82f9d4e7b7cec7395b679edc4"},"headline":"Trump veut faire de Gaza un \u00ab\u00a0Riviera du Moyen-Orient\u00a0\u00bb &#8211; qu&rsquo;est-ce que cela signifie? (Questions et r\u00e9ponses)","datePublished":"2025-02-05T20:17:30+00:00","dateModified":"2025-02-05T20:17:30+00:00","mainEntityOfPage":{"@id":"https:\/\/vieassociative.be\/actualites\/trump-veut-faire-de-gaza-un-riviera-du-moyen-orient-quest-ce-que-cela-signifie-questions-et-reponses\/"},"wordCount":2031,"publisher":{"@id":"https:\/\/vieassociative.be\/actualites\/#organization"},"image":{"@id":"https:\/\/vieassociative.be\/actualites\/trump-veut-faire-de-gaza-un-riviera-du-moyen-orient-quest-ce-que-cela-signifie-questions-et-reponses\/#primaryimage"},"thumbnailUrl":"https:\/\/vieassociative.be\/actualites\/wp-content\/uploads\/2025\/02\/1738786650_Trump-veut-faire-de-Gaza-un-Riviera-du-Moyen-Orient.jpg","keywords":["cela","faire","Gaza","MoyenOrient","Questce","questions","r\u00e9ponses","Riviera","signifie","Trump","veut"],"articleSection":["Belgique"],"inLanguage":"fr-BE"},{"@type":"WebPage","@id":"https:\/\/vieassociative.be\/actualites\/trump-veut-faire-de-gaza-un-riviera-du-moyen-orient-quest-ce-que-cela-signifie-questions-et-reponses\/","url":"https:\/\/vieassociative.be\/actualites\/trump-veut-faire-de-gaza-un-riviera-du-moyen-orient-quest-ce-que-cela-signifie-questions-et-reponses\/","name":"Trump veut faire de Gaza un \"Riviera du Moyen-Orient\" - qu'est-ce que cela signifie? (Questions et r\u00e9ponses) | Vie Associative","isPartOf":{"@id":"https:\/\/vieassociative.be\/actualites\/#website"},"primaryImageOfPage":{"@id":"https:\/\/vieassociative.be\/actualites\/trump-veut-faire-de-gaza-un-riviera-du-moyen-orient-quest-ce-que-cela-signifie-questions-et-reponses\/#primaryimage"},"image":{"@id":"https:\/\/vieassociative.be\/actualites\/trump-veut-faire-de-gaza-un-riviera-du-moyen-orient-quest-ce-que-cela-signifie-questions-et-reponses\/#primaryimage"},"thumbnailUrl":"https:\/\/vieassociative.be\/actualites\/wp-content\/uploads\/2025\/02\/1738786650_Trump-veut-faire-de-Gaza-un-Riviera-du-Moyen-Orient.jpg","datePublished":"2025-02-05T20:17:30+00:00","dateModified":"2025-02-05T20:17:30+00:00","breadcrumb":{"@id":"https:\/\/vieassociative.be\/actualites\/trump-veut-faire-de-gaza-un-riviera-du-moyen-orient-quest-ce-que-cela-signifie-questions-et-reponses\/#breadcrumb"},"inLanguage":"fr-BE","potentialAction":[{"@type":"ReadAction","target":["https:\/\/vieassociative.be\/actualites\/trump-veut-faire-de-gaza-un-riviera-du-moyen-orient-quest-ce-que-cela-signifie-questions-et-reponses\/"]}]},{"@type":"ImageObject","inLanguage":"fr-BE","@id":"https:\/\/vieassociative.be\/actualites\/trump-veut-faire-de-gaza-un-riviera-du-moyen-orient-quest-ce-que-cela-signifie-questions-et-reponses\/#primaryimage","url":"https:\/\/vieassociative.be\/actualites\/wp-content\/uploads\/2025\/02\/1738786650_Trump-veut-faire-de-Gaza-un-Riviera-du-Moyen-Orient.jpg","contentUrl":"https:\/\/vieassociative.be\/actualites\/wp-content\/uploads\/2025\/02\/1738786650_Trump-veut-faire-de-Gaza-un-Riviera-du-Moyen-Orient.jpg","width":1200,"height":800,"caption":"Trump veut faire de Gaza un \"Riviera du Moyen-Orient\" - qu'est-ce que cela signifie? (Questions et r\u00e9ponses)"},{"@type":"BreadcrumbList","@id":"https:\/\/vieassociative.be\/actualites\/trump-veut-faire-de-gaza-un-riviera-du-moyen-orient-quest-ce-que-cela-signifie-questions-et-reponses\/#breadcrumb","itemListElement":[{"@type":"ListItem","position":1,"name":"Accueil","item":"https:\/\/vieassociative.be\/actualites\/"},{"@type":"ListItem","position":2,"name":"Trump veut faire de Gaza un \u00ab\u00a0Riviera du Moyen-Orient\u00a0\u00bb &#8211; qu&rsquo;est-ce que cela signifie? (Questions et r\u00e9ponses)"}]},{"@type":"WebSite","@id":"https:\/\/vieassociative.be\/actualites\/#website","url":"https:\/\/vieassociative.be\/actualites\/","name":"Vie Associative","description":"","publisher":{"@id":"https:\/\/vieassociative.be\/actualites\/#organization"},"potentialAction":[{"@type":"SearchAction","target":{"@type":"EntryPoint","urlTemplate":"https:\/\/vieassociative.be\/actualites\/?s={search_term_string}"},"query-input":{"@type":"PropertyValueSpecification","valueRequired":true,"valueName":"search_term_string"}}],"inLanguage":"fr-BE"},{"@type":"Organization","@id":"https:\/\/vieassociative.be\/actualites\/#organization","name":"Vie Associative","url":"https:\/\/vieassociative.be\/actualites\/","logo":{"@type":"ImageObject","inLanguage":"fr-BE","@id":"https:\/\/vieassociative.be\/actualites\/#\/schema\/logo\/image\/","url":"https:\/\/vieassociative.be\/actualites\/wp-content\/uploads\/2024\/09\/cropped-vieassociative_favicon.ico.png","contentUrl":"https:\/\/vieassociative.be\/actualites\/wp-content\/uploads\/2024\/09\/cropped-vieassociative_favicon.ico.png","width":512,"height":512,"caption":"Vie Associative"},"image":{"@id":"https:\/\/vieassociative.be\/actualites\/#\/schema\/logo\/image\/"}},{"@type":"Person","@id":"https:\/\/vieassociative.be\/actualites\/#\/schema\/person\/b87ac4f82f9d4e7b7cec7395b679edc4","name":"Julien","image":{"@type":"ImageObject","inLanguage":"fr-BE","@id":"https:\/\/vieassociative.be\/actualites\/#\/schema\/person\/image\/","url":"https:\/\/vieassociative.be\/actualites\/wp-content\/uploads\/2024\/09\/vie-associative-1-150x150.jpg","contentUrl":"https:\/\/vieassociative.be\/actualites\/wp-content\/uploads\/2024\/09\/vie-associative-1-150x150.jpg","caption":"Julien"},"description":"Je suis Julien, r\u00e9dacteur pour Vie Associative. Passionn\u00e9 par le monde associatif depuis plus de 10 ans, j'ai \u00e0 c\u0153ur de partager des histoires inspirantes et de mettre en lumi\u00e8re les initiatives locales. Mon objectif est de sensibiliser et d'encourager l'engagement communautaire \u00e0 travers mes articles.","sameAs":["https:\/\/vieassociative.be\/"]}]}},"_links":{"self":[{"href":"https:\/\/vieassociative.be\/actualites\/wp-json\/wp\/v2\/posts\/4875"}],"collection":[{"href":"https:\/\/vieassociative.be\/actualites\/wp-json\/wp\/v2\/posts"}],"about":[{"href":"https:\/\/vieassociative.be\/actualites\/wp-json\/wp\/v2\/types\/post"}],"author":[{"embeddable":true,"href":"https:\/\/vieassociative.be\/actualites\/wp-json\/wp\/v2\/users\/1"}],"replies":[{"embeddable":true,"href":"https:\/\/vieassociative.be\/actualites\/wp-json\/wp\/v2\/comments?post=4875"}],"version-history":[{"count":0,"href":"https:\/\/vieassociative.be\/actualites\/wp-json\/wp\/v2\/posts\/4875\/revisions"}],"wp:featuredmedia":[{"embeddable":true,"href":"https:\/\/vieassociative.be\/actualites\/wp-json\/wp\/v2\/media\/4876"}],"wp:attachment":[{"href":"https:\/\/vieassociative.be\/actualites\/wp-json\/wp\/v2\/media?parent=4875"}],"wp:term":[{"taxonomy":"category","embeddable":true,"href":"https:\/\/vieassociative.be\/actualites\/wp-json\/wp\/v2\/categories?post=4875"},{"taxonomy":"post_tag","embeddable":true,"href":"https:\/\/vieassociative.be\/actualites\/wp-json\/wp\/v2\/tags?post=4875"}],"curies":[{"name":"wp","href":"https:\/\/api.w.org\/{rel}","templated":true}]}}