{"id":4868,"date":"2025-02-05T15:17:49","date_gmt":"2025-02-05T14:17:49","guid":{"rendered":"https:\/\/vieassociative.be\/actualites\/quatre-rounds-quadrell-avec-scholz-merz-habeck-et-weidel-le-16-fevrier-sur-rtl\/"},"modified":"2025-02-05T15:17:49","modified_gmt":"2025-02-05T14:17:49","slug":"quatre-rounds-quadrell-avec-scholz-merz-habeck-et-weidel-le-16-fevrier-sur-rtl","status":"publish","type":"post","link":"https:\/\/vieassociative.be\/actualites\/quatre-rounds-quadrell-avec-scholz-merz-habeck-et-weidel-le-16-fevrier-sur-rtl\/","title":{"rendered":"Quatre rounds (\u00ab\u00a0quadrell\u00a0\u00bb) avec Scholz, Merz, Habeck et Weidel le 16 f\u00e9vrier sur RTL"},"content":{"rendered":"<p><strong>Le chancelier Olaf Scholz (SPD) et le chancelier de l&rsquo;Union Friedrich Merz rencontrent d\u00e9sormais les candidats chanceliers Alice Weidel (AFD) et Robert Habeck (Greens) dans un \u00e9change direct de coups \u00e0 la t\u00e9l\u00e9vision. RTL s&rsquo;\u00e9loigne ainsi du plan original d&rsquo;un duel TV entre Merz et Scholz et prolonge le tour le 16 f\u00e9vrier, comme l&rsquo;a annonc\u00e9 le diffuseur priv\u00e9.<\/strong><\/p>\n<p><span id=\"more-407547\"><\/span>RTL appelle \u00abquadrell\u00bb l&rsquo;exp\u00e9dition. Le mod\u00e9rateur de nouvelles Pinar Atalay et le mod\u00e9rateur G\u00fcnther Jauch (\u00ab\u00a0Qui sera millionnaire?\u00a0\u00bb) Signer l&rsquo;\u00e9change de coups, qui est montr\u00e9 une semaine avant l&rsquo;\u00e9lection de Bundestag \u00e0 20 h 15.<\/p>\n<p>Les quatre candidats au chancelier ont \u00e9t\u00e9 s\u00e9lectionn\u00e9s, dont les parties sont actuellement les plus fortes selon les enqu\u00eates. Le syndicat est actuellement en classe 1er devant l&rsquo;AFD et suivi du SPD et des Verts.<\/p>\n<p>Avant le \u00ab\u00a0Quadrell\u00a0\u00bb, Sahra Wagenknecht (BSW), Christian Lindner (FDP) et Gregor Gysi (Die Linke) auront leur mot \u00e0 dire \u00e0 partir de 19 heures, comme RTL s&rsquo;est poursuivi.<\/p>\n<div id=\"attachment_407556\" class=\"wp-caption alignleft\" style=\"max-width: 300px\"><img decoding=\"async\" class=\"wp-image-407556 size-medium\" src=\"https:\/\/vieassociative.be\/actualites\/wp-content\/uploads\/2025\/02\/Quatre-rounds-quadrell-avec-Scholz-Merz-Habeck-et-Weidel-le.jpg\" alt=\"\" width=\"300\" height=\"158\"><\/p>\n<p class=\"wp-caption-text\">21\/01\/2025, Hesse, Francfort \/ Main: Un cycliste se rend \u00e0 deux affiches \u00e9lectorales dans l&rsquo;est de Francfort avec les meilleurs candidats du SPD, le chancelier Scholz (L), et le pr\u00e9sident de la CDU et chef du groupe parlementaire de l&rsquo;Union. Photo: Arne Dedert \/ DPA<\/p>\n<\/div>\n<p><strong>-Un beaucoup de critiques du format TV Duel:<\/strong> Pendant des semaines, il y a \u00e9galement eu des critiques du format de deux opposants des camps politiques. Le format est en fait un classique avant les \u00e9lections de Bundestag depuis des d\u00e9cennies. Mais le temps pass\u00e9, les radiodiffuseurs publics et la t\u00e9l\u00e9vision priv\u00e9e ont montr\u00e9 des combats TV Triangle (\u00ab\u00a0Triell\u00a0\u00bb) &#8211; \u00e0 l&rsquo;\u00e9poque entre Armin Laschet (CDU), Olaf Scholz (SPD) et Annalena Baerbock (Greens).<\/p>\n<p>Les critiques ont r\u00e9cemment d\u00e9clench\u00e9 le concept du diffuseur de la fonction publique d&rsquo;ARD et du ZDF, qui, en revanche, d\u00e9fendent leur planification. Dimanche prochain (9 f\u00e9vrier) Il y aura un duel de t\u00e9l\u00e9vision entre Merz et Scholz. Un deuxi\u00e8me duel entre Habeck et Weidel, qui devait suivre un jour plus tard, a \u00e9t\u00e9 supprim\u00e9. Le tout a \u00e9chou\u00e9 en raison de la r\u00e9sistance des verts, que Habeck voulait voir dans le tour avec Scholz et Merz. ARD et ZDF ont finalement annul\u00e9 le deuxi\u00e8me duel.<\/p>\n<p><strong>&#8211; Merz a allum\u00e9 publiquement:<\/strong> Mais non seulement le camp des Verts a parl\u00e9 en faveur des changements. Les politiciens de l&rsquo;Union Merz avaient propos\u00e9 d&rsquo;\u00e9tendre le duel de la t\u00e9l\u00e9vision \u00e0 la t\u00e9l\u00e9vision publique avec Scholz autour de Robert Habeck (Greens) et Alice Weidel (AFD).<\/p>\n<p>Merz avait dit au Medienhaus WMH, qui comprend le \u00ab\u00a0Westf\u00e4lische Nachrichten\u00a0\u00bb et le \u00ab\u00a0Westfalen-Blatt\u00a0\u00bb: \u00ab\u00a0Une r\u00e9union directe avec Alice Weidel \u00e0 la t\u00e9l\u00e9vision est mon ferme intention. Il devient alors clair que l&rsquo;AFD et l&rsquo;Union ne connectent rien. \u00ab\u00a0<\/p>\n<div id=\"attachment_407557\" class=\"wp-caption alignleft\" style=\"max-width: 300px\"><img fetchpriority=\"high\" decoding=\"async\" class=\"wp-image-407557 size-medium\" src=\"https:\/\/vieassociative.be\/actualites\/wp-content\/uploads\/2025\/02\/1738765069_786_Quatre-rounds-quadrell-avec-Scholz-Merz-Habeck-et-Weidel-le.jpg\" alt=\"\" width=\"300\" height=\"200\"><\/p>\n<p class=\"wp-caption-text\">04.02.2025, Saxe, Lippendorf: Une affiche \u00e9lectorale AFD avec une image d&rsquo;Alice Weidel est suspendue devant les tours de refroidissement fumante de la centrale \u00e9lectrique Lippendorf. Photo: Jan Woitas \/ DPA<\/p>\n<\/div>\n<p>RTL a ensuite invit\u00e9 \u00e0 un tour de quatre. La diffusion du diffuseur il y a plusieurs jours: apr\u00e8s l&rsquo;attaque mortelle du couteau \u00e0 Aschaffenburg et les d\u00e9veloppements qui en ont r\u00e9sult\u00e9, les conditions d&rsquo;un duel TV ont chang\u00e9.<\/p>\n<p><strong>&#8211; Duels de t\u00e9l\u00e9vision Several:<\/strong> D&rsquo;autres maisons de m\u00e9dias continuent de s&rsquo;en tenir au format TV Duel. En plus de l&rsquo;ARD et du ZDF, il existe \u00e9galement un \u00e9change de coups entre Merz et Scholz \u00e0 la cha\u00eene de nouvelles World TV et sur \u00ab\u00a0Bild.de\u00a0\u00bb pour le 19 f\u00e9vrier &#8211; un mercredi.<\/p>\n<p>Entre autres choses, les radiodiffuseurs publics avaient fait valoir qu&rsquo;il existe \u00e9galement d&rsquo;autres programmes avant les \u00e9lections de Bundestag, dans lesquelles plusieurs meilleurs candidats seront pr\u00e9sent\u00e9s.<\/p>\n<p>Par exemple, les quatre candidats de l&rsquo;Union, du SPD, de l&rsquo;AFD et des Verts sont des invit\u00e9s le 13 f\u00e9vrier sur le programme ZDF \u00ab\u00a0Plain Text\u00a0\u00bb et \u00e0 l&rsquo;ARD dans une \u00ab\u00a0ar\u00e8ne \u00e9lectorale\u00a0\u00bb le 17 f\u00e9vrier. En \u00abtexte brut\u00bb, par exemple, le caract\u00e8re du spectacle est tel que le dialogue direct des citoyens avec les candidats est au premier plan. Les candidats se posent principalement les questions du public du studio d&rsquo;affil\u00e9e.<\/p>\n<p>Quelques jours avant les \u00e9lections &#8211; le 20 f\u00e9vrier &#8211; il y aura un \u00ab\u00a0dernier tour\u00a0\u00bb de tous les meilleurs candidats des parties repr\u00e9sent\u00e9es dans le Bundestag dans le Bundestag. (DPA)<\/p>\n","protected":false},"excerpt":{"rendered":"<p>Le chancelier Olaf Scholz (SPD) et le chancelier de l&rsquo;Union Friedrich Merz rencontrent d\u00e9sormais les candidats chanceliers Alice Weidel (AFD) et Robert Habeck (Greens) dans<\/p>\n","protected":false},"author":1,"featured_media":4869,"comment_status":"","ping_status":"","sticky":false,"template":"","format":"standard","meta":{"footnotes":""},"categories":[298],"tags":[61,2464,4113,4061,5173,1435,5172,5174,2866,33,4114],"class_list":["post-4868","post","type-post","status-publish","format-standard","has-post-thumbnail","hentry","category-belgique","tag-avec","tag-fevrier","tag-habeck","tag-merz","tag-quadrell","tag-quatre","tag-rounds","tag-rtl","tag-scholz","tag-sur","tag-weidel","generate-columns","tablet-grid-50","mobile-grid-100","grid-parent","grid-33"],"yoast_head":"<!-- This site is optimized with the Yoast SEO plugin v24.0 - https:\/\/yoast.com\/wordpress\/plugins\/seo\/ -->\n<title>Quatre rounds (&quot;quadrell&quot;) avec Scholz, Merz, Habeck et Weidel le 16 f\u00e9vrier sur RTL | Vie Associative<\/title>\n<meta name=\"robots\" content=\"index, follow, max-snippet:-1, max-image-preview:large, max-video-preview:-1\" \/>\n<link rel=\"canonical\" href=\"https:\/\/vieassociative.be\/actualites\/quatre-rounds-quadrell-avec-scholz-merz-habeck-et-weidel-le-16-fevrier-sur-rtl\/\" \/>\n<meta property=\"og:locale\" content=\"fr_FR\" \/>\n<meta property=\"og:type\" content=\"article\" \/>\n<meta property=\"og:title\" content=\"Quatre rounds (&quot;quadrell&quot;) avec Scholz, Merz, Habeck et Weidel le 16 f\u00e9vrier sur RTL | Vie Associative\" \/>\n<meta property=\"og:description\" content=\"Le chancelier Olaf Scholz (SPD) et le chancelier de l&rsquo;Union Friedrich Merz rencontrent d\u00e9sormais les candidats chanceliers Alice Weidel (AFD) et Robert Habeck (Greens) dans\" \/>\n<meta property=\"og:url\" content=\"https:\/\/vieassociative.be\/actualites\/quatre-rounds-quadrell-avec-scholz-merz-habeck-et-weidel-le-16-fevrier-sur-rtl\/\" \/>\n<meta property=\"og:site_name\" content=\"Vie Associative\" \/>\n<meta property=\"article:published_time\" content=\"2025-02-05T14:17:49+00:00\" \/>\n<meta property=\"og:image\" content=\"https:\/\/vieassociative.be\/actualites\/wp-content\/uploads\/2024\/09\/header_backgroundk-01-e1726694325946.png\" \/>\n\t<meta property=\"og:image:width\" content=\"279\" \/>\n\t<meta property=\"og:image:height\" content=\"92\" \/>\n\t<meta property=\"og:image:type\" content=\"image\/png\" \/>\n<meta name=\"author\" content=\"Julien\" \/>\n<meta name=\"twitter:card\" content=\"summary_large_image\" \/>\n<meta name=\"twitter:label1\" content=\"\u00c9crit par\" \/>\n\t<meta name=\"twitter:data1\" content=\"Julien\" \/>\n\t<meta name=\"twitter:label2\" content=\"Dur\u00e9e de lecture est.\" \/>\n\t<meta name=\"twitter:data2\" content=\"4 minutes\" \/>\n<script type=\"application\/ld+json\" class=\"yoast-schema-graph\">{\"@context\":\"https:\/\/schema.org\",\"@graph\":[{\"@type\":\"Article\",\"@id\":\"https:\/\/vieassociative.be\/actualites\/quatre-rounds-quadrell-avec-scholz-merz-habeck-et-weidel-le-16-fevrier-sur-rtl\/#article\",\"isPartOf\":{\"@id\":\"https:\/\/vieassociative.be\/actualites\/quatre-rounds-quadrell-avec-scholz-merz-habeck-et-weidel-le-16-fevrier-sur-rtl\/\"},\"author\":{\"name\":\"Julien\",\"@id\":\"https:\/\/vieassociative.be\/actualites\/#\/schema\/person\/b87ac4f82f9d4e7b7cec7395b679edc4\"},\"headline\":\"Quatre rounds (\u00ab\u00a0quadrell\u00a0\u00bb) avec Scholz, Merz, Habeck et Weidel le 16 f\u00e9vrier sur RTL\",\"datePublished\":\"2025-02-05T14:17:49+00:00\",\"dateModified\":\"2025-02-05T14:17:49+00:00\",\"mainEntityOfPage\":{\"@id\":\"https:\/\/vieassociative.be\/actualites\/quatre-rounds-quadrell-avec-scholz-merz-habeck-et-weidel-le-16-fevrier-sur-rtl\/\"},\"wordCount\":765,\"publisher\":{\"@id\":\"https:\/\/vieassociative.be\/actualites\/#organization\"},\"image\":{\"@id\":\"https:\/\/vieassociative.be\/actualites\/quatre-rounds-quadrell-avec-scholz-merz-habeck-et-weidel-le-16-fevrier-sur-rtl\/#primaryimage\"},\"thumbnailUrl\":\"https:\/\/vieassociative.be\/actualites\/wp-content\/uploads\/2025\/02\/1738765069_Quatre-rounds-quadrell-avec-Scholz-Merz-Habeck-et-Weidel-le.jpg\",\"keywords\":[\"avec\",\"f\u00e9vrier\",\"Habeck\",\"Merz\",\"quadrell\",\"Quatre\",\"rounds\",\"RTL\",\"Scholz\",\"sur\",\"Weidel\"],\"articleSection\":[\"Belgique\"],\"inLanguage\":\"fr-BE\"},{\"@type\":\"WebPage\",\"@id\":\"https:\/\/vieassociative.be\/actualites\/quatre-rounds-quadrell-avec-scholz-merz-habeck-et-weidel-le-16-fevrier-sur-rtl\/\",\"url\":\"https:\/\/vieassociative.be\/actualites\/quatre-rounds-quadrell-avec-scholz-merz-habeck-et-weidel-le-16-fevrier-sur-rtl\/\",\"name\":\"Quatre rounds (\\\"quadrell\\\") avec Scholz, Merz, Habeck et Weidel le 16 f\u00e9vrier sur RTL | Vie Associative\",\"isPartOf\":{\"@id\":\"https:\/\/vieassociative.be\/actualites\/#website\"},\"primaryImageOfPage\":{\"@id\":\"https:\/\/vieassociative.be\/actualites\/quatre-rounds-quadrell-avec-scholz-merz-habeck-et-weidel-le-16-fevrier-sur-rtl\/#primaryimage\"},\"image\":{\"@id\":\"https:\/\/vieassociative.be\/actualites\/quatre-rounds-quadrell-avec-scholz-merz-habeck-et-weidel-le-16-fevrier-sur-rtl\/#primaryimage\"},\"thumbnailUrl\":\"https:\/\/vieassociative.be\/actualites\/wp-content\/uploads\/2025\/02\/1738765069_Quatre-rounds-quadrell-avec-Scholz-Merz-Habeck-et-Weidel-le.jpg\",\"datePublished\":\"2025-02-05T14:17:49+00:00\",\"dateModified\":\"2025-02-05T14:17:49+00:00\",\"breadcrumb\":{\"@id\":\"https:\/\/vieassociative.be\/actualites\/quatre-rounds-quadrell-avec-scholz-merz-habeck-et-weidel-le-16-fevrier-sur-rtl\/#breadcrumb\"},\"inLanguage\":\"fr-BE\",\"potentialAction\":[{\"@type\":\"ReadAction\",\"target\":[\"https:\/\/vieassociative.be\/actualites\/quatre-rounds-quadrell-avec-scholz-merz-habeck-et-weidel-le-16-fevrier-sur-rtl\/\"]}]},{\"@type\":\"ImageObject\",\"inLanguage\":\"fr-BE\",\"@id\":\"https:\/\/vieassociative.be\/actualites\/quatre-rounds-quadrell-avec-scholz-merz-habeck-et-weidel-le-16-fevrier-sur-rtl\/#primaryimage\",\"url\":\"https:\/\/vieassociative.be\/actualites\/wp-content\/uploads\/2025\/02\/1738765069_Quatre-rounds-quadrell-avec-Scholz-Merz-Habeck-et-Weidel-le.jpg\",\"contentUrl\":\"https:\/\/vieassociative.be\/actualites\/wp-content\/uploads\/2025\/02\/1738765069_Quatre-rounds-quadrell-avec-Scholz-Merz-Habeck-et-Weidel-le.jpg\",\"width\":1200,\"height\":802,\"caption\":\"Quatre rounds (\\\"quadrell\\\") avec Scholz, Merz, Habeck et Weidel le 16 f\u00e9vrier sur RTL\"},{\"@type\":\"BreadcrumbList\",\"@id\":\"https:\/\/vieassociative.be\/actualites\/quatre-rounds-quadrell-avec-scholz-merz-habeck-et-weidel-le-16-fevrier-sur-rtl\/#breadcrumb\",\"itemListElement\":[{\"@type\":\"ListItem\",\"position\":1,\"name\":\"Accueil\",\"item\":\"https:\/\/vieassociative.be\/actualites\/\"},{\"@type\":\"ListItem\",\"position\":2,\"name\":\"Quatre rounds (\u00ab\u00a0quadrell\u00a0\u00bb) avec Scholz, Merz, Habeck et Weidel le 16 f\u00e9vrier sur RTL\"}]},{\"@type\":\"WebSite\",\"@id\":\"https:\/\/vieassociative.be\/actualites\/#website\",\"url\":\"https:\/\/vieassociative.be\/actualites\/\",\"name\":\"Vie Associative\",\"description\":\"\",\"publisher\":{\"@id\":\"https:\/\/vieassociative.be\/actualites\/#organization\"},\"potentialAction\":[{\"@type\":\"SearchAction\",\"target\":{\"@type\":\"EntryPoint\",\"urlTemplate\":\"https:\/\/vieassociative.be\/actualites\/?s={search_term_string}\"},\"query-input\":{\"@type\":\"PropertyValueSpecification\",\"valueRequired\":true,\"valueName\":\"search_term_string\"}}],\"inLanguage\":\"fr-BE\"},{\"@type\":\"Organization\",\"@id\":\"https:\/\/vieassociative.be\/actualites\/#organization\",\"name\":\"Vie Associative\",\"url\":\"https:\/\/vieassociative.be\/actualites\/\",\"logo\":{\"@type\":\"ImageObject\",\"inLanguage\":\"fr-BE\",\"@id\":\"https:\/\/vieassociative.be\/actualites\/#\/schema\/logo\/image\/\",\"url\":\"https:\/\/vieassociative.be\/actualites\/wp-content\/uploads\/2024\/09\/cropped-vieassociative_favicon.ico.png\",\"contentUrl\":\"https:\/\/vieassociative.be\/actualites\/wp-content\/uploads\/2024\/09\/cropped-vieassociative_favicon.ico.png\",\"width\":512,\"height\":512,\"caption\":\"Vie Associative\"},\"image\":{\"@id\":\"https:\/\/vieassociative.be\/actualites\/#\/schema\/logo\/image\/\"}},{\"@type\":\"Person\",\"@id\":\"https:\/\/vieassociative.be\/actualites\/#\/schema\/person\/b87ac4f82f9d4e7b7cec7395b679edc4\",\"name\":\"Julien\",\"image\":{\"@type\":\"ImageObject\",\"inLanguage\":\"fr-BE\",\"@id\":\"https:\/\/vieassociative.be\/actualites\/#\/schema\/person\/image\/\",\"url\":\"https:\/\/vieassociative.be\/actualites\/wp-content\/uploads\/2024\/09\/vie-associative-1-150x150.jpg\",\"contentUrl\":\"https:\/\/vieassociative.be\/actualites\/wp-content\/uploads\/2024\/09\/vie-associative-1-150x150.jpg\",\"caption\":\"Julien\"},\"description\":\"Je suis Julien, r\u00e9dacteur pour Vie Associative. Passionn\u00e9 par le monde associatif depuis plus de 10 ans, j'ai \u00e0 c\u0153ur de partager des histoires inspirantes et de mettre en lumi\u00e8re les initiatives locales. Mon objectif est de sensibiliser et d'encourager l'engagement communautaire \u00e0 travers mes articles.\",\"sameAs\":[\"https:\/\/vieassociative.be\/\"]}]}<\/script>\n<!-- \/ Yoast SEO plugin. -->","yoast_head_json":{"title":"Quatre rounds (\"quadrell\") avec Scholz, Merz, Habeck et Weidel le 16 f\u00e9vrier sur RTL | Vie Associative","robots":{"index":"index","follow":"follow","max-snippet":"max-snippet:-1","max-image-preview":"max-image-preview:large","max-video-preview":"max-video-preview:-1"},"canonical":"https:\/\/vieassociative.be\/actualites\/quatre-rounds-quadrell-avec-scholz-merz-habeck-et-weidel-le-16-fevrier-sur-rtl\/","og_locale":"fr_FR","og_type":"article","og_title":"Quatre rounds (\"quadrell\") avec Scholz, Merz, Habeck et Weidel le 16 f\u00e9vrier sur RTL | Vie Associative","og_description":"Le chancelier Olaf Scholz (SPD) et le chancelier de l&rsquo;Union Friedrich Merz rencontrent d\u00e9sormais les candidats chanceliers Alice Weidel (AFD) et Robert Habeck (Greens) dans","og_url":"https:\/\/vieassociative.be\/actualites\/quatre-rounds-quadrell-avec-scholz-merz-habeck-et-weidel-le-16-fevrier-sur-rtl\/","og_site_name":"Vie Associative","article_published_time":"2025-02-05T14:17:49+00:00","og_image":[{"width":279,"height":92,"url":"https:\/\/vieassociative.be\/actualites\/wp-content\/uploads\/2024\/09\/header_backgroundk-01-e1726694325946.png","type":"image\/png"}],"author":"Julien","twitter_card":"summary_large_image","twitter_misc":{"\u00c9crit par":"Julien","Dur\u00e9e de lecture est.":"4 minutes"},"schema":{"@context":"https:\/\/schema.org","@graph":[{"@type":"Article","@id":"https:\/\/vieassociative.be\/actualites\/quatre-rounds-quadrell-avec-scholz-merz-habeck-et-weidel-le-16-fevrier-sur-rtl\/#article","isPartOf":{"@id":"https:\/\/vieassociative.be\/actualites\/quatre-rounds-quadrell-avec-scholz-merz-habeck-et-weidel-le-16-fevrier-sur-rtl\/"},"author":{"name":"Julien","@id":"https:\/\/vieassociative.be\/actualites\/#\/schema\/person\/b87ac4f82f9d4e7b7cec7395b679edc4"},"headline":"Quatre rounds (\u00ab\u00a0quadrell\u00a0\u00bb) avec Scholz, Merz, Habeck et Weidel le 16 f\u00e9vrier sur RTL","datePublished":"2025-02-05T14:17:49+00:00","dateModified":"2025-02-05T14:17:49+00:00","mainEntityOfPage":{"@id":"https:\/\/vieassociative.be\/actualites\/quatre-rounds-quadrell-avec-scholz-merz-habeck-et-weidel-le-16-fevrier-sur-rtl\/"},"wordCount":765,"publisher":{"@id":"https:\/\/vieassociative.be\/actualites\/#organization"},"image":{"@id":"https:\/\/vieassociative.be\/actualites\/quatre-rounds-quadrell-avec-scholz-merz-habeck-et-weidel-le-16-fevrier-sur-rtl\/#primaryimage"},"thumbnailUrl":"https:\/\/vieassociative.be\/actualites\/wp-content\/uploads\/2025\/02\/1738765069_Quatre-rounds-quadrell-avec-Scholz-Merz-Habeck-et-Weidel-le.jpg","keywords":["avec","f\u00e9vrier","Habeck","Merz","quadrell","Quatre","rounds","RTL","Scholz","sur","Weidel"],"articleSection":["Belgique"],"inLanguage":"fr-BE"},{"@type":"WebPage","@id":"https:\/\/vieassociative.be\/actualites\/quatre-rounds-quadrell-avec-scholz-merz-habeck-et-weidel-le-16-fevrier-sur-rtl\/","url":"https:\/\/vieassociative.be\/actualites\/quatre-rounds-quadrell-avec-scholz-merz-habeck-et-weidel-le-16-fevrier-sur-rtl\/","name":"Quatre rounds (\"quadrell\") avec Scholz, Merz, Habeck et Weidel le 16 f\u00e9vrier sur RTL | Vie Associative","isPartOf":{"@id":"https:\/\/vieassociative.be\/actualites\/#website"},"primaryImageOfPage":{"@id":"https:\/\/vieassociative.be\/actualites\/quatre-rounds-quadrell-avec-scholz-merz-habeck-et-weidel-le-16-fevrier-sur-rtl\/#primaryimage"},"image":{"@id":"https:\/\/vieassociative.be\/actualites\/quatre-rounds-quadrell-avec-scholz-merz-habeck-et-weidel-le-16-fevrier-sur-rtl\/#primaryimage"},"thumbnailUrl":"https:\/\/vieassociative.be\/actualites\/wp-content\/uploads\/2025\/02\/1738765069_Quatre-rounds-quadrell-avec-Scholz-Merz-Habeck-et-Weidel-le.jpg","datePublished":"2025-02-05T14:17:49+00:00","dateModified":"2025-02-05T14:17:49+00:00","breadcrumb":{"@id":"https:\/\/vieassociative.be\/actualites\/quatre-rounds-quadrell-avec-scholz-merz-habeck-et-weidel-le-16-fevrier-sur-rtl\/#breadcrumb"},"inLanguage":"fr-BE","potentialAction":[{"@type":"ReadAction","target":["https:\/\/vieassociative.be\/actualites\/quatre-rounds-quadrell-avec-scholz-merz-habeck-et-weidel-le-16-fevrier-sur-rtl\/"]}]},{"@type":"ImageObject","inLanguage":"fr-BE","@id":"https:\/\/vieassociative.be\/actualites\/quatre-rounds-quadrell-avec-scholz-merz-habeck-et-weidel-le-16-fevrier-sur-rtl\/#primaryimage","url":"https:\/\/vieassociative.be\/actualites\/wp-content\/uploads\/2025\/02\/1738765069_Quatre-rounds-quadrell-avec-Scholz-Merz-Habeck-et-Weidel-le.jpg","contentUrl":"https:\/\/vieassociative.be\/actualites\/wp-content\/uploads\/2025\/02\/1738765069_Quatre-rounds-quadrell-avec-Scholz-Merz-Habeck-et-Weidel-le.jpg","width":1200,"height":802,"caption":"Quatre rounds (\"quadrell\") avec Scholz, Merz, Habeck et Weidel le 16 f\u00e9vrier sur RTL"},{"@type":"BreadcrumbList","@id":"https:\/\/vieassociative.be\/actualites\/quatre-rounds-quadrell-avec-scholz-merz-habeck-et-weidel-le-16-fevrier-sur-rtl\/#breadcrumb","itemListElement":[{"@type":"ListItem","position":1,"name":"Accueil","item":"https:\/\/vieassociative.be\/actualites\/"},{"@type":"ListItem","position":2,"name":"Quatre rounds (\u00ab\u00a0quadrell\u00a0\u00bb) avec Scholz, Merz, Habeck et Weidel le 16 f\u00e9vrier sur RTL"}]},{"@type":"WebSite","@id":"https:\/\/vieassociative.be\/actualites\/#website","url":"https:\/\/vieassociative.be\/actualites\/","name":"Vie Associative","description":"","publisher":{"@id":"https:\/\/vieassociative.be\/actualites\/#organization"},"potentialAction":[{"@type":"SearchAction","target":{"@type":"EntryPoint","urlTemplate":"https:\/\/vieassociative.be\/actualites\/?s={search_term_string}"},"query-input":{"@type":"PropertyValueSpecification","valueRequired":true,"valueName":"search_term_string"}}],"inLanguage":"fr-BE"},{"@type":"Organization","@id":"https:\/\/vieassociative.be\/actualites\/#organization","name":"Vie Associative","url":"https:\/\/vieassociative.be\/actualites\/","logo":{"@type":"ImageObject","inLanguage":"fr-BE","@id":"https:\/\/vieassociative.be\/actualites\/#\/schema\/logo\/image\/","url":"https:\/\/vieassociative.be\/actualites\/wp-content\/uploads\/2024\/09\/cropped-vieassociative_favicon.ico.png","contentUrl":"https:\/\/vieassociative.be\/actualites\/wp-content\/uploads\/2024\/09\/cropped-vieassociative_favicon.ico.png","width":512,"height":512,"caption":"Vie Associative"},"image":{"@id":"https:\/\/vieassociative.be\/actualites\/#\/schema\/logo\/image\/"}},{"@type":"Person","@id":"https:\/\/vieassociative.be\/actualites\/#\/schema\/person\/b87ac4f82f9d4e7b7cec7395b679edc4","name":"Julien","image":{"@type":"ImageObject","inLanguage":"fr-BE","@id":"https:\/\/vieassociative.be\/actualites\/#\/schema\/person\/image\/","url":"https:\/\/vieassociative.be\/actualites\/wp-content\/uploads\/2024\/09\/vie-associative-1-150x150.jpg","contentUrl":"https:\/\/vieassociative.be\/actualites\/wp-content\/uploads\/2024\/09\/vie-associative-1-150x150.jpg","caption":"Julien"},"description":"Je suis Julien, r\u00e9dacteur pour Vie Associative. Passionn\u00e9 par le monde associatif depuis plus de 10 ans, j'ai \u00e0 c\u0153ur de partager des histoires inspirantes et de mettre en lumi\u00e8re les initiatives locales. Mon objectif est de sensibiliser et d'encourager l'engagement communautaire \u00e0 travers mes articles.","sameAs":["https:\/\/vieassociative.be\/"]}]}},"_links":{"self":[{"href":"https:\/\/vieassociative.be\/actualites\/wp-json\/wp\/v2\/posts\/4868"}],"collection":[{"href":"https:\/\/vieassociative.be\/actualites\/wp-json\/wp\/v2\/posts"}],"about":[{"href":"https:\/\/vieassociative.be\/actualites\/wp-json\/wp\/v2\/types\/post"}],"author":[{"embeddable":true,"href":"https:\/\/vieassociative.be\/actualites\/wp-json\/wp\/v2\/users\/1"}],"replies":[{"embeddable":true,"href":"https:\/\/vieassociative.be\/actualites\/wp-json\/wp\/v2\/comments?post=4868"}],"version-history":[{"count":0,"href":"https:\/\/vieassociative.be\/actualites\/wp-json\/wp\/v2\/posts\/4868\/revisions"}],"wp:featuredmedia":[{"embeddable":true,"href":"https:\/\/vieassociative.be\/actualites\/wp-json\/wp\/v2\/media\/4869"}],"wp:attachment":[{"href":"https:\/\/vieassociative.be\/actualites\/wp-json\/wp\/v2\/media?parent=4868"}],"wp:term":[{"taxonomy":"category","embeddable":true,"href":"https:\/\/vieassociative.be\/actualites\/wp-json\/wp\/v2\/categories?post=4868"},{"taxonomy":"post_tag","embeddable":true,"href":"https:\/\/vieassociative.be\/actualites\/wp-json\/wp\/v2\/tags?post=4868"}],"curies":[{"name":"wp","href":"https:\/\/api.w.org\/{rel}","templated":true}]}}