{"id":4860,"date":"2025-02-05T11:04:16","date_gmt":"2025-02-05T10:04:16","guid":{"rendered":"https:\/\/vieassociative.be\/actualites\/quelles-sont-les-differences-entre-le-tineco-s7-pro-et-le-tineco-s7-flashdry\/"},"modified":"2025-02-05T13:17:24","modified_gmt":"2025-02-05T12:17:24","slug":"quelles-sont-les-differences-entre-le-tineco-s7-pro-et-le-tineco-s7-flashdry","status":"publish","type":"post","link":"https:\/\/vieassociative.be\/actualites\/quelles-sont-les-differences-entre-le-tineco-s7-pro-et-le-tineco-s7-flashdry\/","title":{"rendered":"Quelles sont les diff\u00e9rences entre le Tineco\u00a0S7 Pro et le Tineco\u00a0S7 Flashdry\u2009?"},"content":{"rendered":"<div>\n<p>Lorsque vous cherchez les meilleurs aspirateurs de l\u2019heure en termes d\u2019entretien domestique, les mod\u00e8les <strong>Tineco\u00a0S7 Pro et S7 Flashdry<\/strong> se d\u00e9marquent. Ces appareils innovants de la marque am\u00e9ricaine Tineco facilitent grandement le nettoyage des sols et des tapis. Cependant, malgr\u00e9 leurs nombreuses similitudes, ils pr\u00e9sentent quelques diff\u00e9rences notables que vous devez conna\u00eetre avant de faire votre choix. Quelles sont ces diff\u00e9rences apport\u00e9es \u00e0 la Tineco S7 Pro par le fabricant pour avoir le S7 Flashdry\u2009? Ce GUIDE \u00e9voque ces distinctions pour vous aider \u00e0 choisir ce qui vous correspond r\u00e9ellement.<\/p>\n<h2>Le syst\u00e8me de nettoyage\u00a0: Le S7 Flashdry offre un nettoyage \u00e0 chaud<\/h2>\n<p>S\u2019il y a une diff\u00e9rence notable entre l\u2019aspirateur Tineco\u00a0S7 Pro et le Tineco\u00a0S7 Flashdry, c\u2019est celle li\u00e9e \u00e0 la technologie de nettoyage. En effet,<strong> le mod\u00e8le\u00a0S7 Pro est \u00e9quip\u00e9 d\u2019une technologie iLoop Smart Sensor<\/strong>. Celle-ci permet d\u2019ajuster la puissance d\u2019aspiration au d\u00e9bit d\u2019eau selon le degr\u00e9 de salet\u00e9 d\u00e9tect\u00e9 sur la surface \u00e0 nettoyer. Cet aspirateur offre aussi 4 diff\u00e9rents modes de nettoyage notamment le mode turbo qui aide l\u2019appareil \u00e0 se d\u00e9barrasser des taches tenaces.<\/p>\n<p><strong>Le Tineco Floor One\u00a0S7 Flashdry quant \u00e0 lui se d\u00e9marque par sa technologie de nettoyage \u00e0 l\u2019eau chaude \u00e0 70\u00a0\u00b0C<\/strong>. Gr\u00e2ce \u00e0 cette temp\u00e9rature \u00e9lev\u00e9e, l\u2019appareil parvient \u00e0 r\u00e9aliser un nettoyage en profondeur et surtout un s\u00e9chage acc\u00e9l\u00e9r\u00e9. Ce processus de s\u00e9chage centrifuge constitue une option avantageuse pour les personnes qui veulent r\u00e9aliser une d\u00e9sinfection pouss\u00e9e de leur sol. Si cette fonctionnalit\u00e9 vous s\u00e9duit particuli\u00e8rement, vous pouvez vous rendre sur <a href=\"https:\/\/maniaques.fr\" target=\"_blank\" rel=\"noopener\">maniaques<\/a>, le site de r\u00e9f\u00e9rence des Tineco pour en savoir davantage.<\/p>\n<h2>Le Tineco\u00a0S7 Pro propose une gestion des r\u00e9servoirs optimis\u00e9s<\/h2>\n<p>Les aspirateurs Tineco\u00a0S7 Pro et S7 Flashdry proposent aux utilisateurs des capacit\u00e9s de r\u00e9servoirs similaires. En effet, pour ces deux mod\u00e8les, vous avez acc\u00e8s \u00e0 un r\u00e9servoir d\u2019eau propre d\u2019une capacit\u00e9 de 0,85\u00a0L et une autonomie de 40 minutes. Ce qui vous permet de faire un nettoyage en continu des grandes surfaces. Ils disposent aussi d\u2019un r\u00e9servoir d\u2019eau sale de 0,72\u00a0L qui facilite l\u2019\u00e9vacuation instantan\u00e9e des salet\u00e9s. Malgr\u00e9 toutes ces similitudes, <strong>le Tineco\u00a0S7 Pro propose une gestion plus optimis\u00e9e des r\u00e9servoirs.<\/strong> Ainsi, il vous permet de profiter d\u2019un nettoyage prolong\u00e9 sans la n\u00e9cessit\u00e9 de vider ou remplir r\u00e9guli\u00e8rement les r\u00e9servoirs.<\/p>\n<h2>Les fonctionnalit\u00e9s d\u2019autonettoyage tr\u00e8s diff\u00e9rentes<\/h2>\n<p>Une autre diff\u00e9rence apparente entre le Tineco\u00a0S7 Pro et le Tineco\u00a0S7 Flashdry est la fonctionnalit\u00e9 d\u2019autonettoyage. En effet, <strong>le S7 Pro utilise l\u2019eau claire pour nettoyer la brosse et le tube apr\u00e8s chaque utilisation<\/strong>. Cela offre une performance optimale \u00e0 l\u2019appareil pour le nettoyage et lui permet d\u2019\u00eatre pr\u00eat \u00e0 l\u2019emploi apr\u00e8s chaque utilisation. <strong>Le Tineco\u00a0S7 Flashdry offre en revanche utilise un syst\u00e8me d\u2019autonettoyage encore plus innovant.<\/strong> Il utilise de l\u2019eau chaude pour dissoudre tous les r\u00e9sidus pr\u00e9lev\u00e9s au sol par la brosse et s\u00e8che les composantes internes \u00e0 70\u00a0\u00b0 C. Un tel dispositif d\u2019autonettoyage \u00e9limine les mauvaises odeurs et am\u00e9liore la durabilit\u00e9 de l\u2019aspirateur.<\/p>\n<p>En d\u00e9finitive, les aspirateurs Tineco\u00a0S7 Pro et S7 Flashdry diff\u00e8rent principalement par leur syst\u00e8me de nettoyage. <strong>Pendant que le S7 Pro offre un nettoyage \u00e0 l\u2019eau claire, le S7 Flashdry propose un nettoyage \u00e0 l\u2019eau chaude.<\/strong> Ce qui garantit un nettoyage en profondeur et un s\u00e9chage acc\u00e9l\u00e9r\u00e9.<\/p>\n<\/div>\n","protected":false},"excerpt":{"rendered":"<p>Lorsque vous cherchez les meilleurs aspirateurs de l\u2019heure en termes d\u2019entretien domestique, les mod\u00e8les Tineco\u00a0S7 Pro et S7 Flashdry se d\u00e9marquent. Ces appareils innovants de<\/p>\n","protected":false},"author":1,"featured_media":4862,"comment_status":"closed","ping_status":"closed","sticky":true,"template":"","format":"standard","meta":{"footnotes":""},"categories":[40],"tags":[],"class_list":["post-4860","post","type-post","status-publish","format-standard","has-post-thumbnail","hentry","category-maison","generate-columns","tablet-grid-50","mobile-grid-100","grid-parent","grid-33"],"yoast_head":"<!-- This site is optimized with the Yoast SEO plugin v24.0 - https:\/\/yoast.com\/wordpress\/plugins\/seo\/ -->\n<title>Tineco\u00a0S7 Pro VS Tineco\u00a0S7 Flashdry\u00a0: Quelles sont les diff\u00e9rences ?<\/title>\n<meta name=\"description\" content=\"Les aspirateurs Tineco\u00a0S7 Pro et S7 Flashdry diff\u00e8rent principalement par leur syst\u00e8me de nettoyage. D\u00e9couvrez plus de d\u00e9tails \u00e0 travers ce contenu.\" \/>\n<meta name=\"robots\" content=\"index, follow, max-snippet:-1, max-image-preview:large, max-video-preview:-1\" \/>\n<link rel=\"canonical\" href=\"https:\/\/vieassociative.be\/actualites\/quelles-sont-les-differences-entre-le-tineco-s7-pro-et-le-tineco-s7-flashdry\/\" \/>\n<meta property=\"og:locale\" content=\"fr_FR\" \/>\n<meta property=\"og:type\" content=\"article\" \/>\n<meta property=\"og:title\" content=\"Tineco\u00a0S7 Pro VS Tineco\u00a0S7 Flashdry\u00a0: Quelles sont les diff\u00e9rences ?\" \/>\n<meta property=\"og:description\" content=\"Les aspirateurs Tineco\u00a0S7 Pro et S7 Flashdry diff\u00e8rent principalement par leur syst\u00e8me de nettoyage. D\u00e9couvrez plus de d\u00e9tails \u00e0 travers ce contenu.\" \/>\n<meta property=\"og:url\" content=\"https:\/\/vieassociative.be\/actualites\/quelles-sont-les-differences-entre-le-tineco-s7-pro-et-le-tineco-s7-flashdry\/\" \/>\n<meta property=\"og:site_name\" content=\"Vie Associative\" \/>\n<meta property=\"article:published_time\" content=\"2025-02-05T10:04:16+00:00\" \/>\n<meta property=\"article:modified_time\" content=\"2025-02-05T12:17:24+00:00\" \/>\n<meta property=\"og:image\" content=\"https:\/\/vieassociative.be\/actualites\/wp-content\/uploads\/2025\/02\/268af565298e826f40fc400be9109fca.jpg\" \/>\n\t<meta property=\"og:image:width\" content=\"700\" \/>\n\t<meta property=\"og:image:height\" content=\"466\" \/>\n\t<meta property=\"og:image:type\" content=\"image\/jpeg\" \/>\n<meta name=\"author\" content=\"Julien\" \/>\n<meta name=\"twitter:card\" content=\"summary_large_image\" \/>\n<meta name=\"twitter:label1\" content=\"\u00c9crit par\" \/>\n\t<meta name=\"twitter:data1\" content=\"Julien\" \/>\n\t<meta name=\"twitter:label2\" content=\"Dur\u00e9e de lecture est.\" \/>\n\t<meta name=\"twitter:data2\" content=\"3 minutes\" \/>\n<script type=\"application\/ld+json\" class=\"yoast-schema-graph\">{\"@context\":\"https:\/\/schema.org\",\"@graph\":[{\"@type\":\"Article\",\"@id\":\"https:\/\/vieassociative.be\/actualites\/quelles-sont-les-differences-entre-le-tineco-s7-pro-et-le-tineco-s7-flashdry\/#article\",\"isPartOf\":{\"@id\":\"https:\/\/vieassociative.be\/actualites\/quelles-sont-les-differences-entre-le-tineco-s7-pro-et-le-tineco-s7-flashdry\/\"},\"author\":{\"name\":\"Julien\",\"@id\":\"https:\/\/vieassociative.be\/actualites\/#\/schema\/person\/b87ac4f82f9d4e7b7cec7395b679edc4\"},\"headline\":\"Quelles sont les diff\u00e9rences entre le Tineco\u00a0S7 Pro et le Tineco\u00a0S7 Flashdry\u2009?\",\"datePublished\":\"2025-02-05T10:04:16+00:00\",\"dateModified\":\"2025-02-05T12:17:24+00:00\",\"mainEntityOfPage\":{\"@id\":\"https:\/\/vieassociative.be\/actualites\/quelles-sont-les-differences-entre-le-tineco-s7-pro-et-le-tineco-s7-flashdry\/\"},\"wordCount\":630,\"publisher\":{\"@id\":\"https:\/\/vieassociative.be\/actualites\/#organization\"},\"image\":{\"@id\":\"https:\/\/vieassociative.be\/actualites\/quelles-sont-les-differences-entre-le-tineco-s7-pro-et-le-tineco-s7-flashdry\/#primaryimage\"},\"thumbnailUrl\":\"https:\/\/vieassociative.be\/actualites\/wp-content\/uploads\/2025\/02\/268af565298e826f40fc400be9109fca.jpg\",\"articleSection\":[\"Maison\"],\"inLanguage\":\"fr-BE\"},{\"@type\":\"WebPage\",\"@id\":\"https:\/\/vieassociative.be\/actualites\/quelles-sont-les-differences-entre-le-tineco-s7-pro-et-le-tineco-s7-flashdry\/\",\"url\":\"https:\/\/vieassociative.be\/actualites\/quelles-sont-les-differences-entre-le-tineco-s7-pro-et-le-tineco-s7-flashdry\/\",\"name\":\"Tineco\u00a0S7 Pro VS Tineco\u00a0S7 Flashdry\u00a0: Quelles sont les diff\u00e9rences ?\",\"isPartOf\":{\"@id\":\"https:\/\/vieassociative.be\/actualites\/#website\"},\"primaryImageOfPage\":{\"@id\":\"https:\/\/vieassociative.be\/actualites\/quelles-sont-les-differences-entre-le-tineco-s7-pro-et-le-tineco-s7-flashdry\/#primaryimage\"},\"image\":{\"@id\":\"https:\/\/vieassociative.be\/actualites\/quelles-sont-les-differences-entre-le-tineco-s7-pro-et-le-tineco-s7-flashdry\/#primaryimage\"},\"thumbnailUrl\":\"https:\/\/vieassociative.be\/actualites\/wp-content\/uploads\/2025\/02\/268af565298e826f40fc400be9109fca.jpg\",\"datePublished\":\"2025-02-05T10:04:16+00:00\",\"dateModified\":\"2025-02-05T12:17:24+00:00\",\"description\":\"Les aspirateurs Tineco\u00a0S7 Pro et S7 Flashdry diff\u00e8rent principalement par leur syst\u00e8me de nettoyage. D\u00e9couvrez plus de d\u00e9tails \u00e0 travers ce contenu.\",\"breadcrumb\":{\"@id\":\"https:\/\/vieassociative.be\/actualites\/quelles-sont-les-differences-entre-le-tineco-s7-pro-et-le-tineco-s7-flashdry\/#breadcrumb\"},\"inLanguage\":\"fr-BE\",\"potentialAction\":[{\"@type\":\"ReadAction\",\"target\":[\"https:\/\/vieassociative.be\/actualites\/quelles-sont-les-differences-entre-le-tineco-s7-pro-et-le-tineco-s7-flashdry\/\"]}]},{\"@type\":\"ImageObject\",\"inLanguage\":\"fr-BE\",\"@id\":\"https:\/\/vieassociative.be\/actualites\/quelles-sont-les-differences-entre-le-tineco-s7-pro-et-le-tineco-s7-flashdry\/#primaryimage\",\"url\":\"https:\/\/vieassociative.be\/actualites\/wp-content\/uploads\/2025\/02\/268af565298e826f40fc400be9109fca.jpg\",\"contentUrl\":\"https:\/\/vieassociative.be\/actualites\/wp-content\/uploads\/2025\/02\/268af565298e826f40fc400be9109fca.jpg\",\"width\":700,\"height\":466,\"caption\":\"Quelles sont les diff\u00e9rences entre le Tineco\u00a0S7 Pro et le Tineco\u00a0S7 Flashdry\u2009?\"},{\"@type\":\"BreadcrumbList\",\"@id\":\"https:\/\/vieassociative.be\/actualites\/quelles-sont-les-differences-entre-le-tineco-s7-pro-et-le-tineco-s7-flashdry\/#breadcrumb\",\"itemListElement\":[{\"@type\":\"ListItem\",\"position\":1,\"name\":\"Accueil\",\"item\":\"https:\/\/vieassociative.be\/actualites\/\"},{\"@type\":\"ListItem\",\"position\":2,\"name\":\"Quelles sont les diff\u00e9rences entre le Tineco\u00a0S7 Pro et le Tineco\u00a0S7 Flashdry\u2009?\"}]},{\"@type\":\"WebSite\",\"@id\":\"https:\/\/vieassociative.be\/actualites\/#website\",\"url\":\"https:\/\/vieassociative.be\/actualites\/\",\"name\":\"Vie Associative\",\"description\":\"\",\"publisher\":{\"@id\":\"https:\/\/vieassociative.be\/actualites\/#organization\"},\"potentialAction\":[{\"@type\":\"SearchAction\",\"target\":{\"@type\":\"EntryPoint\",\"urlTemplate\":\"https:\/\/vieassociative.be\/actualites\/?s={search_term_string}\"},\"query-input\":{\"@type\":\"PropertyValueSpecification\",\"valueRequired\":true,\"valueName\":\"search_term_string\"}}],\"inLanguage\":\"fr-BE\"},{\"@type\":\"Organization\",\"@id\":\"https:\/\/vieassociative.be\/actualites\/#organization\",\"name\":\"Vie Associative\",\"url\":\"https:\/\/vieassociative.be\/actualites\/\",\"logo\":{\"@type\":\"ImageObject\",\"inLanguage\":\"fr-BE\",\"@id\":\"https:\/\/vieassociative.be\/actualites\/#\/schema\/logo\/image\/\",\"url\":\"https:\/\/vieassociative.be\/actualites\/wp-content\/uploads\/2024\/09\/cropped-vieassociative_favicon.ico.png\",\"contentUrl\":\"https:\/\/vieassociative.be\/actualites\/wp-content\/uploads\/2024\/09\/cropped-vieassociative_favicon.ico.png\",\"width\":512,\"height\":512,\"caption\":\"Vie Associative\"},\"image\":{\"@id\":\"https:\/\/vieassociative.be\/actualites\/#\/schema\/logo\/image\/\"}},{\"@type\":\"Person\",\"@id\":\"https:\/\/vieassociative.be\/actualites\/#\/schema\/person\/b87ac4f82f9d4e7b7cec7395b679edc4\",\"name\":\"Julien\",\"image\":{\"@type\":\"ImageObject\",\"inLanguage\":\"fr-BE\",\"@id\":\"https:\/\/vieassociative.be\/actualites\/#\/schema\/person\/image\/\",\"url\":\"https:\/\/vieassociative.be\/actualites\/wp-content\/uploads\/2024\/09\/vie-associative-1-150x150.jpg\",\"contentUrl\":\"https:\/\/vieassociative.be\/actualites\/wp-content\/uploads\/2024\/09\/vie-associative-1-150x150.jpg\",\"caption\":\"Julien\"},\"description\":\"Je suis Julien, r\u00e9dacteur pour Vie Associative. Passionn\u00e9 par le monde associatif depuis plus de 10 ans, j'ai \u00e0 c\u0153ur de partager des histoires inspirantes et de mettre en lumi\u00e8re les initiatives locales. Mon objectif est de sensibiliser et d'encourager l'engagement communautaire \u00e0 travers mes articles.\",\"sameAs\":[\"https:\/\/vieassociative.be\/\"]}]}<\/script>\n<!-- \/ Yoast SEO plugin. -->","yoast_head_json":{"title":"Tineco\u00a0S7 Pro VS Tineco\u00a0S7 Flashdry\u00a0: Quelles sont les diff\u00e9rences ?","description":"Les aspirateurs Tineco\u00a0S7 Pro et S7 Flashdry diff\u00e8rent principalement par leur syst\u00e8me de nettoyage. D\u00e9couvrez plus de d\u00e9tails \u00e0 travers ce contenu.","robots":{"index":"index","follow":"follow","max-snippet":"max-snippet:-1","max-image-preview":"max-image-preview:large","max-video-preview":"max-video-preview:-1"},"canonical":"https:\/\/vieassociative.be\/actualites\/quelles-sont-les-differences-entre-le-tineco-s7-pro-et-le-tineco-s7-flashdry\/","og_locale":"fr_FR","og_type":"article","og_title":"Tineco\u00a0S7 Pro VS Tineco\u00a0S7 Flashdry\u00a0: Quelles sont les diff\u00e9rences ?","og_description":"Les aspirateurs Tineco\u00a0S7 Pro et S7 Flashdry diff\u00e8rent principalement par leur syst\u00e8me de nettoyage. D\u00e9couvrez plus de d\u00e9tails \u00e0 travers ce contenu.","og_url":"https:\/\/vieassociative.be\/actualites\/quelles-sont-les-differences-entre-le-tineco-s7-pro-et-le-tineco-s7-flashdry\/","og_site_name":"Vie Associative","article_published_time":"2025-02-05T10:04:16+00:00","article_modified_time":"2025-02-05T12:17:24+00:00","og_image":[{"width":700,"height":466,"url":"https:\/\/vieassociative.be\/actualites\/wp-content\/uploads\/2025\/02\/268af565298e826f40fc400be9109fca.jpg","type":"image\/jpeg"}],"author":"Julien","twitter_card":"summary_large_image","twitter_misc":{"\u00c9crit par":"Julien","Dur\u00e9e de lecture est.":"3 minutes"},"schema":{"@context":"https:\/\/schema.org","@graph":[{"@type":"Article","@id":"https:\/\/vieassociative.be\/actualites\/quelles-sont-les-differences-entre-le-tineco-s7-pro-et-le-tineco-s7-flashdry\/#article","isPartOf":{"@id":"https:\/\/vieassociative.be\/actualites\/quelles-sont-les-differences-entre-le-tineco-s7-pro-et-le-tineco-s7-flashdry\/"},"author":{"name":"Julien","@id":"https:\/\/vieassociative.be\/actualites\/#\/schema\/person\/b87ac4f82f9d4e7b7cec7395b679edc4"},"headline":"Quelles sont les diff\u00e9rences entre le Tineco\u00a0S7 Pro et le Tineco\u00a0S7 Flashdry\u2009?","datePublished":"2025-02-05T10:04:16+00:00","dateModified":"2025-02-05T12:17:24+00:00","mainEntityOfPage":{"@id":"https:\/\/vieassociative.be\/actualites\/quelles-sont-les-differences-entre-le-tineco-s7-pro-et-le-tineco-s7-flashdry\/"},"wordCount":630,"publisher":{"@id":"https:\/\/vieassociative.be\/actualites\/#organization"},"image":{"@id":"https:\/\/vieassociative.be\/actualites\/quelles-sont-les-differences-entre-le-tineco-s7-pro-et-le-tineco-s7-flashdry\/#primaryimage"},"thumbnailUrl":"https:\/\/vieassociative.be\/actualites\/wp-content\/uploads\/2025\/02\/268af565298e826f40fc400be9109fca.jpg","articleSection":["Maison"],"inLanguage":"fr-BE"},{"@type":"WebPage","@id":"https:\/\/vieassociative.be\/actualites\/quelles-sont-les-differences-entre-le-tineco-s7-pro-et-le-tineco-s7-flashdry\/","url":"https:\/\/vieassociative.be\/actualites\/quelles-sont-les-differences-entre-le-tineco-s7-pro-et-le-tineco-s7-flashdry\/","name":"Tineco\u00a0S7 Pro VS Tineco\u00a0S7 Flashdry\u00a0: Quelles sont les diff\u00e9rences ?","isPartOf":{"@id":"https:\/\/vieassociative.be\/actualites\/#website"},"primaryImageOfPage":{"@id":"https:\/\/vieassociative.be\/actualites\/quelles-sont-les-differences-entre-le-tineco-s7-pro-et-le-tineco-s7-flashdry\/#primaryimage"},"image":{"@id":"https:\/\/vieassociative.be\/actualites\/quelles-sont-les-differences-entre-le-tineco-s7-pro-et-le-tineco-s7-flashdry\/#primaryimage"},"thumbnailUrl":"https:\/\/vieassociative.be\/actualites\/wp-content\/uploads\/2025\/02\/268af565298e826f40fc400be9109fca.jpg","datePublished":"2025-02-05T10:04:16+00:00","dateModified":"2025-02-05T12:17:24+00:00","description":"Les aspirateurs Tineco\u00a0S7 Pro et S7 Flashdry diff\u00e8rent principalement par leur syst\u00e8me de nettoyage. D\u00e9couvrez plus de d\u00e9tails \u00e0 travers ce contenu.","breadcrumb":{"@id":"https:\/\/vieassociative.be\/actualites\/quelles-sont-les-differences-entre-le-tineco-s7-pro-et-le-tineco-s7-flashdry\/#breadcrumb"},"inLanguage":"fr-BE","potentialAction":[{"@type":"ReadAction","target":["https:\/\/vieassociative.be\/actualites\/quelles-sont-les-differences-entre-le-tineco-s7-pro-et-le-tineco-s7-flashdry\/"]}]},{"@type":"ImageObject","inLanguage":"fr-BE","@id":"https:\/\/vieassociative.be\/actualites\/quelles-sont-les-differences-entre-le-tineco-s7-pro-et-le-tineco-s7-flashdry\/#primaryimage","url":"https:\/\/vieassociative.be\/actualites\/wp-content\/uploads\/2025\/02\/268af565298e826f40fc400be9109fca.jpg","contentUrl":"https:\/\/vieassociative.be\/actualites\/wp-content\/uploads\/2025\/02\/268af565298e826f40fc400be9109fca.jpg","width":700,"height":466,"caption":"Quelles sont les diff\u00e9rences entre le Tineco\u00a0S7 Pro et le Tineco\u00a0S7 Flashdry\u2009?"},{"@type":"BreadcrumbList","@id":"https:\/\/vieassociative.be\/actualites\/quelles-sont-les-differences-entre-le-tineco-s7-pro-et-le-tineco-s7-flashdry\/#breadcrumb","itemListElement":[{"@type":"ListItem","position":1,"name":"Accueil","item":"https:\/\/vieassociative.be\/actualites\/"},{"@type":"ListItem","position":2,"name":"Quelles sont les diff\u00e9rences entre le Tineco\u00a0S7 Pro et le Tineco\u00a0S7 Flashdry\u2009?"}]},{"@type":"WebSite","@id":"https:\/\/vieassociative.be\/actualites\/#website","url":"https:\/\/vieassociative.be\/actualites\/","name":"Vie Associative","description":"","publisher":{"@id":"https:\/\/vieassociative.be\/actualites\/#organization"},"potentialAction":[{"@type":"SearchAction","target":{"@type":"EntryPoint","urlTemplate":"https:\/\/vieassociative.be\/actualites\/?s={search_term_string}"},"query-input":{"@type":"PropertyValueSpecification","valueRequired":true,"valueName":"search_term_string"}}],"inLanguage":"fr-BE"},{"@type":"Organization","@id":"https:\/\/vieassociative.be\/actualites\/#organization","name":"Vie Associative","url":"https:\/\/vieassociative.be\/actualites\/","logo":{"@type":"ImageObject","inLanguage":"fr-BE","@id":"https:\/\/vieassociative.be\/actualites\/#\/schema\/logo\/image\/","url":"https:\/\/vieassociative.be\/actualites\/wp-content\/uploads\/2024\/09\/cropped-vieassociative_favicon.ico.png","contentUrl":"https:\/\/vieassociative.be\/actualites\/wp-content\/uploads\/2024\/09\/cropped-vieassociative_favicon.ico.png","width":512,"height":512,"caption":"Vie Associative"},"image":{"@id":"https:\/\/vieassociative.be\/actualites\/#\/schema\/logo\/image\/"}},{"@type":"Person","@id":"https:\/\/vieassociative.be\/actualites\/#\/schema\/person\/b87ac4f82f9d4e7b7cec7395b679edc4","name":"Julien","image":{"@type":"ImageObject","inLanguage":"fr-BE","@id":"https:\/\/vieassociative.be\/actualites\/#\/schema\/person\/image\/","url":"https:\/\/vieassociative.be\/actualites\/wp-content\/uploads\/2024\/09\/vie-associative-1-150x150.jpg","contentUrl":"https:\/\/vieassociative.be\/actualites\/wp-content\/uploads\/2024\/09\/vie-associative-1-150x150.jpg","caption":"Julien"},"description":"Je suis Julien, r\u00e9dacteur pour Vie Associative. Passionn\u00e9 par le monde associatif depuis plus de 10 ans, j'ai \u00e0 c\u0153ur de partager des histoires inspirantes et de mettre en lumi\u00e8re les initiatives locales. Mon objectif est de sensibiliser et d'encourager l'engagement communautaire \u00e0 travers mes articles.","sameAs":["https:\/\/vieassociative.be\/"]}]}},"_links":{"self":[{"href":"https:\/\/vieassociative.be\/actualites\/wp-json\/wp\/v2\/posts\/4860"}],"collection":[{"href":"https:\/\/vieassociative.be\/actualites\/wp-json\/wp\/v2\/posts"}],"about":[{"href":"https:\/\/vieassociative.be\/actualites\/wp-json\/wp\/v2\/types\/post"}],"author":[{"embeddable":true,"href":"https:\/\/vieassociative.be\/actualites\/wp-json\/wp\/v2\/users\/1"}],"replies":[{"embeddable":true,"href":"https:\/\/vieassociative.be\/actualites\/wp-json\/wp\/v2\/comments?post=4860"}],"version-history":[{"count":2,"href":"https:\/\/vieassociative.be\/actualites\/wp-json\/wp\/v2\/posts\/4860\/revisions"}],"predecessor-version":[{"id":4866,"href":"https:\/\/vieassociative.be\/actualites\/wp-json\/wp\/v2\/posts\/4860\/revisions\/4866"}],"wp:featuredmedia":[{"embeddable":true,"href":"https:\/\/vieassociative.be\/actualites\/wp-json\/wp\/v2\/media\/4862"}],"wp:attachment":[{"href":"https:\/\/vieassociative.be\/actualites\/wp-json\/wp\/v2\/media?parent=4860"}],"wp:term":[{"taxonomy":"category","embeddable":true,"href":"https:\/\/vieassociative.be\/actualites\/wp-json\/wp\/v2\/categories?post=4860"},{"taxonomy":"post_tag","embeddable":true,"href":"https:\/\/vieassociative.be\/actualites\/wp-json\/wp\/v2\/tags?post=4860"}],"curies":[{"name":"wp","href":"https:\/\/api.w.org\/{rel}","templated":true}]}}