{"id":4854,"date":"2025-02-05T03:17:11","date_gmt":"2025-02-05T02:17:11","guid":{"rendered":"https:\/\/vieassociative.be\/actualites\/de-wever-au-sommet-de-lue-sur-larmement-de-la-defense-europe-coute-500-milliards-deuros-supplementaires-en-10-ans\/"},"modified":"2025-02-05T03:17:11","modified_gmt":"2025-02-05T02:17:11","slug":"de-wever-au-sommet-de-lue-sur-larmement-de-la-defense-europe-coute-500-milliards-deuros-supplementaires-en-10-ans","status":"publish","type":"post","link":"https:\/\/vieassociative.be\/actualites\/de-wever-au-sommet-de-lue-sur-larmement-de-la-defense-europe-coute-500-milliards-deuros-supplementaires-en-10-ans\/","title":{"rendered":"De Wever au sommet de l&rsquo;UE sur l&rsquo;armement de la d\u00e9fense-Europe co\u00fbte 500 milliards d&rsquo;euros suppl\u00e9mentaires en 10 ans"},"content":{"rendered":"<p><strong>Le nouveau Premier ministre belge Bart De Wever a d\u00fb se rendre au sommet informel de l&rsquo;UE lundi apr\u00e8s la performance du serment de son gouvernement, o\u00f9 il a \u00e9t\u00e9 accueilli et f\u00e9licit\u00e9 par les chefs d&rsquo;\u00c9tat et de gouvernement.<\/strong><\/p>\n<p><span id=\"more-407497\"><\/span>Le pr\u00e9sident du Conseil de l&rsquo;UE, Ant\u00f3nio Costa, avait invit\u00e9 au sommet \u00e0 Bruxelles pour conseiller sur d&rsquo;\u00e9ventuelles initiatives conjointes pour \u00e9tendre les comp\u00e9tences de d\u00e9fense et les questions de financement. De nombreux pays avaient r\u00e9cemment \u00e9t\u00e9 ouverts aux soi-disant eurobonds ou \u00e0 tout autre financement conjoint de l&rsquo;UE. Jusqu&rsquo;\u00e0 pr\u00e9sent, l&rsquo;Allemagne et des pays comme les Pays-Bas et l&rsquo;Autriche rejettent cat\u00e9goriquement cela.<\/p>\n<div id=\"attachment_407500\" class=\"wp-caption alignleft\" style=\"max-width: 300px\"><img fetchpriority=\"high\" decoding=\"async\" class=\"wp-image-407500 size-medium\" src=\"https:\/\/vieassociative.be\/actualites\/wp-content\/uploads\/2025\/02\/De-Wever-au-sommet-de-lUE-sur-larmement-de-la.jpg\" alt=\"\" width=\"300\" height=\"200\"><\/p>\n<p class=\"wp-caption-text\">03.02.2025, Belgium, Brussels: NATO Secretary General Mark Rutte (2nd VR) talks to the Belgian Prime Minister Bart de Wever (LR), the Luxembourg Prime Minister Luc Frieden and the Austrian Chancellor Alexander Schallenberg on the EU summit on defense in the Palais egmont. Photo: Geert Vanden Wijngaert \/ Pool \/ AP \/ DPA<\/p>\n<\/div>\n<p>Selon les estimations de la Commission de l&rsquo;UE, des investissements de d\u00e9fense suppl\u00e9mentaires d&rsquo;environ 500 milliards d&rsquo;euros seront n\u00e9cessaires au cours des dix prochaines ann\u00e9es. Un syst\u00e8me europ\u00e9en de d\u00e9fense a\u00e9rienne et une assureur accrue de la fronti\u00e8re terrestre orientale de l&rsquo;Union sont consid\u00e9r\u00e9es comme des projets de l&rsquo;UE possibles, par exemple.<\/p>\n<p>Lors de la premi\u00e8re r\u00e9union, une \u00e9ventuelle int\u00e9gration plus forte de la Banque europ\u00e9enne d&rsquo;investissement (EIB) dans les projets Armaments a \u00e9t\u00e9 discut\u00e9e. La commission voulait travailler avec l&rsquo;UE F\u00f6rderbank pour rendre les pr\u00eats plus flexibles, a d\u00e9clar\u00e9 Von der Leyen.<\/p>\n<p>Afin de stimuler la production d&rsquo;armements, l&rsquo;UE avait d\u00e9j\u00e0 chang\u00e9 la BEI pour les flux d&rsquo;argent dans l&rsquo;industrie en 2024. Il y a plus d&rsquo;options pour investir dans des produits dits \u00e0 double usage &#8211; e.<\/p>\n<p>Si la banque de financement doit \u00e9galement investir dans des projets de pure armements, les 27 pays membres devraient accepter un changement dans le mandat. Cependant, les critiques craignent que la bonne note de l&rsquo;UE puisse souffrir d&rsquo;un tel changement de mandat. Cela pourrait entra\u00eener des co\u00fbts de financement plus \u00e9lev\u00e9s.<\/p>\n<div id=\"attachment_407501\" class=\"wp-caption alignleft\" style=\"max-width: 300px\"><img decoding=\"async\" class=\"wp-image-407501 size-medium\" src=\"https:\/\/vieassociative.be\/actualites\/wp-content\/uploads\/2025\/02\/1738721831_210_De-Wever-au-sommet-de-lUE-sur-larmement-de-la.jpg\" alt=\"\" width=\"300\" height=\"244\"><\/p>\n<p class=\"wp-caption-text\">03.02.2025, Belgique, Bruxelles: le Premier ministre Hongrie Viktor Orban (L) et le nouveau Premier ministre belge Bart de Wever (R) parlent de d\u00e9fense dans le palais d&rsquo;Egmont au sommet de l&rsquo;UE. Photo: Benoit Doppagne \/ Belga \/ DPA<\/p>\n<\/div>\n<p>En tant que troisi\u00e8me pilier pour plus d&rsquo;argent pour la mise \u00e0 niveau, davantage de fonds priv\u00e9s devraient d\u00e9couler du point de vue de la Commission de l&rsquo;UE. \u00ab\u00a0Nous devons effectuer un dialogue avec le secteur bancaire priv\u00e9 afin qu&rsquo;il modernise sa pratique de pr\u00eat\u00a0\u00bb, a d\u00e9clar\u00e9 Von der Leyen. L&rsquo;OTAN avait \u00e9galement r\u00e9cemment des demandes de changement de c\u0153ur de l&rsquo;industrie financi\u00e8re pour plus d&rsquo;investissements dans les soci\u00e9t\u00e9s d&rsquo;armements.<\/p>\n<p>Le chancelier allemand Olaf Scholz a \u00e9galement clairement indiqu\u00e9 que, \u00e0 son avis, par exemple, des r\u00e8gles concurrentielles strictes pourraient \u00eatre desserr\u00e9es pour augmenter les performances de l&rsquo;industrie europ\u00e9enne des armements. Le pr\u00e9sident de la France, Emmanuel Macron, a soulign\u00e9 \u00e0 Bruxelles que l&rsquo;industrie europ\u00e9enne devrait principalement b\u00e9n\u00e9ficier \u00e0 tous les investissements futurs afin de ind\u00e9pendant strat\u00e9giquement l&rsquo;UE dans le domaine de la d\u00e9fense.<\/p>\n<p>La discussion de lundi servira de contribution \u00e0 la planification du droit concr\u00e8te pour les commissions de l&rsquo;UE, qui doivent \u00eatre pr\u00e9sent\u00e9es en mars. Il pourrait y avoir des d\u00e9cisions de grande envergure au sommet de l&rsquo;\u00e9t\u00e9 de l&rsquo;UE fin juin. (DPA)<\/p>\n","protected":false},"excerpt":{"rendered":"<p>Le nouveau Premier ministre belge Bart De Wever a d\u00fb se rendre au sommet informel de l&rsquo;UE lundi apr\u00e8s la performance du serment de son<\/p>\n","protected":false},"author":1,"featured_media":4855,"comment_status":"","ping_status":"","sticky":false,"template":"","format":"standard","meta":{"footnotes":""},"categories":[298],"tags":[584,1122,5169,3355,5168,3578,4419,4040,3099,33,2755],"class_list":["post-4854","post","type-post","status-publish","format-standard","has-post-thumbnail","hentry","category-belgique","tag-ans","tag-coute","tag-defenseeurope","tag-deuros","tag-larmement","tag-lue","tag-milliards","tag-sommet","tag-supplementaires","tag-sur","tag-wever","generate-columns","tablet-grid-50","mobile-grid-100","grid-parent","grid-33"],"yoast_head":"<!-- This site is optimized with the Yoast SEO plugin v24.0 - https:\/\/yoast.com\/wordpress\/plugins\/seo\/ -->\n<title>De Wever au sommet de l&#039;UE sur l&#039;armement de la d\u00e9fense-Europe co\u00fbte 500 milliards d&#039;euros suppl\u00e9mentaires en 10 ans | Vie Associative<\/title>\n<meta name=\"robots\" content=\"index, follow, max-snippet:-1, max-image-preview:large, max-video-preview:-1\" \/>\n<link rel=\"canonical\" href=\"https:\/\/vieassociative.be\/actualites\/de-wever-au-sommet-de-lue-sur-larmement-de-la-defense-europe-coute-500-milliards-deuros-supplementaires-en-10-ans\/\" \/>\n<meta property=\"og:locale\" content=\"fr_FR\" \/>\n<meta property=\"og:type\" content=\"article\" \/>\n<meta property=\"og:title\" content=\"De Wever au sommet de l&#039;UE sur l&#039;armement de la d\u00e9fense-Europe co\u00fbte 500 milliards d&#039;euros suppl\u00e9mentaires en 10 ans | Vie Associative\" \/>\n<meta property=\"og:description\" content=\"Le nouveau Premier ministre belge Bart De Wever a d\u00fb se rendre au sommet informel de l&rsquo;UE lundi apr\u00e8s la performance du serment de son\" \/>\n<meta property=\"og:url\" content=\"https:\/\/vieassociative.be\/actualites\/de-wever-au-sommet-de-lue-sur-larmement-de-la-defense-europe-coute-500-milliards-deuros-supplementaires-en-10-ans\/\" \/>\n<meta property=\"og:site_name\" content=\"Vie Associative\" \/>\n<meta property=\"article:published_time\" content=\"2025-02-05T02:17:11+00:00\" \/>\n<meta property=\"og:image\" content=\"https:\/\/vieassociative.be\/actualites\/wp-content\/uploads\/2024\/09\/header_backgroundk-01-e1726694325946.png\" \/>\n\t<meta property=\"og:image:width\" content=\"279\" \/>\n\t<meta property=\"og:image:height\" content=\"92\" \/>\n\t<meta property=\"og:image:type\" content=\"image\/png\" \/>\n<meta name=\"author\" content=\"Julien\" \/>\n<meta name=\"twitter:card\" content=\"summary_large_image\" \/>\n<meta name=\"twitter:label1\" content=\"\u00c9crit par\" \/>\n\t<meta name=\"twitter:data1\" content=\"Julien\" \/>\n\t<meta name=\"twitter:label2\" content=\"Dur\u00e9e de lecture est.\" \/>\n\t<meta name=\"twitter:data2\" content=\"3 minutes\" \/>\n<script type=\"application\/ld+json\" class=\"yoast-schema-graph\">{\"@context\":\"https:\/\/schema.org\",\"@graph\":[{\"@type\":\"Article\",\"@id\":\"https:\/\/vieassociative.be\/actualites\/de-wever-au-sommet-de-lue-sur-larmement-de-la-defense-europe-coute-500-milliards-deuros-supplementaires-en-10-ans\/#article\",\"isPartOf\":{\"@id\":\"https:\/\/vieassociative.be\/actualites\/de-wever-au-sommet-de-lue-sur-larmement-de-la-defense-europe-coute-500-milliards-deuros-supplementaires-en-10-ans\/\"},\"author\":{\"name\":\"Julien\",\"@id\":\"https:\/\/vieassociative.be\/actualites\/#\/schema\/person\/b87ac4f82f9d4e7b7cec7395b679edc4\"},\"headline\":\"De Wever au sommet de l&rsquo;UE sur l&rsquo;armement de la d\u00e9fense-Europe co\u00fbte 500 milliards d&rsquo;euros suppl\u00e9mentaires en 10 ans\",\"datePublished\":\"2025-02-05T02:17:11+00:00\",\"dateModified\":\"2025-02-05T02:17:11+00:00\",\"mainEntityOfPage\":{\"@id\":\"https:\/\/vieassociative.be\/actualites\/de-wever-au-sommet-de-lue-sur-larmement-de-la-defense-europe-coute-500-milliards-deuros-supplementaires-en-10-ans\/\"},\"wordCount\":647,\"publisher\":{\"@id\":\"https:\/\/vieassociative.be\/actualites\/#organization\"},\"image\":{\"@id\":\"https:\/\/vieassociative.be\/actualites\/de-wever-au-sommet-de-lue-sur-larmement-de-la-defense-europe-coute-500-milliards-deuros-supplementaires-en-10-ans\/#primaryimage\"},\"thumbnailUrl\":\"https:\/\/vieassociative.be\/actualites\/wp-content\/uploads\/2025\/02\/1738721831_De-Wever-au-sommet-de-lUE-sur-larmement-de-la.jpg\",\"keywords\":[\"ans\",\"co\u00fbte\",\"d\u00e9fenseEurope\",\"deuros\",\"larmement\",\"LUE\",\"milliards\",\"Sommet\",\"suppl\u00e9mentaires\",\"sur\",\"Wever\"],\"articleSection\":[\"Belgique\"],\"inLanguage\":\"fr-BE\"},{\"@type\":\"WebPage\",\"@id\":\"https:\/\/vieassociative.be\/actualites\/de-wever-au-sommet-de-lue-sur-larmement-de-la-defense-europe-coute-500-milliards-deuros-supplementaires-en-10-ans\/\",\"url\":\"https:\/\/vieassociative.be\/actualites\/de-wever-au-sommet-de-lue-sur-larmement-de-la-defense-europe-coute-500-milliards-deuros-supplementaires-en-10-ans\/\",\"name\":\"De Wever au sommet de l'UE sur l'armement de la d\u00e9fense-Europe co\u00fbte 500 milliards d'euros suppl\u00e9mentaires en 10 ans | Vie Associative\",\"isPartOf\":{\"@id\":\"https:\/\/vieassociative.be\/actualites\/#website\"},\"primaryImageOfPage\":{\"@id\":\"https:\/\/vieassociative.be\/actualites\/de-wever-au-sommet-de-lue-sur-larmement-de-la-defense-europe-coute-500-milliards-deuros-supplementaires-en-10-ans\/#primaryimage\"},\"image\":{\"@id\":\"https:\/\/vieassociative.be\/actualites\/de-wever-au-sommet-de-lue-sur-larmement-de-la-defense-europe-coute-500-milliards-deuros-supplementaires-en-10-ans\/#primaryimage\"},\"thumbnailUrl\":\"https:\/\/vieassociative.be\/actualites\/wp-content\/uploads\/2025\/02\/1738721831_De-Wever-au-sommet-de-lUE-sur-larmement-de-la.jpg\",\"datePublished\":\"2025-02-05T02:17:11+00:00\",\"dateModified\":\"2025-02-05T02:17:11+00:00\",\"breadcrumb\":{\"@id\":\"https:\/\/vieassociative.be\/actualites\/de-wever-au-sommet-de-lue-sur-larmement-de-la-defense-europe-coute-500-milliards-deuros-supplementaires-en-10-ans\/#breadcrumb\"},\"inLanguage\":\"fr-BE\",\"potentialAction\":[{\"@type\":\"ReadAction\",\"target\":[\"https:\/\/vieassociative.be\/actualites\/de-wever-au-sommet-de-lue-sur-larmement-de-la-defense-europe-coute-500-milliards-deuros-supplementaires-en-10-ans\/\"]}]},{\"@type\":\"ImageObject\",\"inLanguage\":\"fr-BE\",\"@id\":\"https:\/\/vieassociative.be\/actualites\/de-wever-au-sommet-de-lue-sur-larmement-de-la-defense-europe-coute-500-milliards-deuros-supplementaires-en-10-ans\/#primaryimage\",\"url\":\"https:\/\/vieassociative.be\/actualites\/wp-content\/uploads\/2025\/02\/1738721831_De-Wever-au-sommet-de-lUE-sur-larmement-de-la.jpg\",\"contentUrl\":\"https:\/\/vieassociative.be\/actualites\/wp-content\/uploads\/2025\/02\/1738721831_De-Wever-au-sommet-de-lUE-sur-larmement-de-la.jpg\",\"width\":900,\"height\":600,\"caption\":\"De Wever au sommet de l'UE sur l'armement de la d\u00e9fense-Europe co\u00fbte 500 milliards d'euros suppl\u00e9mentaires en 10 ans\"},{\"@type\":\"BreadcrumbList\",\"@id\":\"https:\/\/vieassociative.be\/actualites\/de-wever-au-sommet-de-lue-sur-larmement-de-la-defense-europe-coute-500-milliards-deuros-supplementaires-en-10-ans\/#breadcrumb\",\"itemListElement\":[{\"@type\":\"ListItem\",\"position\":1,\"name\":\"Accueil\",\"item\":\"https:\/\/vieassociative.be\/actualites\/\"},{\"@type\":\"ListItem\",\"position\":2,\"name\":\"De Wever au sommet de l&rsquo;UE sur l&rsquo;armement de la d\u00e9fense-Europe co\u00fbte 500 milliards d&rsquo;euros suppl\u00e9mentaires en 10 ans\"}]},{\"@type\":\"WebSite\",\"@id\":\"https:\/\/vieassociative.be\/actualites\/#website\",\"url\":\"https:\/\/vieassociative.be\/actualites\/\",\"name\":\"Vie Associative\",\"description\":\"\",\"publisher\":{\"@id\":\"https:\/\/vieassociative.be\/actualites\/#organization\"},\"potentialAction\":[{\"@type\":\"SearchAction\",\"target\":{\"@type\":\"EntryPoint\",\"urlTemplate\":\"https:\/\/vieassociative.be\/actualites\/?s={search_term_string}\"},\"query-input\":{\"@type\":\"PropertyValueSpecification\",\"valueRequired\":true,\"valueName\":\"search_term_string\"}}],\"inLanguage\":\"fr-BE\"},{\"@type\":\"Organization\",\"@id\":\"https:\/\/vieassociative.be\/actualites\/#organization\",\"name\":\"Vie Associative\",\"url\":\"https:\/\/vieassociative.be\/actualites\/\",\"logo\":{\"@type\":\"ImageObject\",\"inLanguage\":\"fr-BE\",\"@id\":\"https:\/\/vieassociative.be\/actualites\/#\/schema\/logo\/image\/\",\"url\":\"https:\/\/vieassociative.be\/actualites\/wp-content\/uploads\/2024\/09\/cropped-vieassociative_favicon.ico.png\",\"contentUrl\":\"https:\/\/vieassociative.be\/actualites\/wp-content\/uploads\/2024\/09\/cropped-vieassociative_favicon.ico.png\",\"width\":512,\"height\":512,\"caption\":\"Vie Associative\"},\"image\":{\"@id\":\"https:\/\/vieassociative.be\/actualites\/#\/schema\/logo\/image\/\"}},{\"@type\":\"Person\",\"@id\":\"https:\/\/vieassociative.be\/actualites\/#\/schema\/person\/b87ac4f82f9d4e7b7cec7395b679edc4\",\"name\":\"Julien\",\"image\":{\"@type\":\"ImageObject\",\"inLanguage\":\"fr-BE\",\"@id\":\"https:\/\/vieassociative.be\/actualites\/#\/schema\/person\/image\/\",\"url\":\"https:\/\/vieassociative.be\/actualites\/wp-content\/uploads\/2024\/09\/vie-associative-1-150x150.jpg\",\"contentUrl\":\"https:\/\/vieassociative.be\/actualites\/wp-content\/uploads\/2024\/09\/vie-associative-1-150x150.jpg\",\"caption\":\"Julien\"},\"description\":\"Je suis Julien, r\u00e9dacteur pour Vie Associative. Passionn\u00e9 par le monde associatif depuis plus de 10 ans, j'ai \u00e0 c\u0153ur de partager des histoires inspirantes et de mettre en lumi\u00e8re les initiatives locales. Mon objectif est de sensibiliser et d'encourager l'engagement communautaire \u00e0 travers mes articles.\",\"sameAs\":[\"https:\/\/vieassociative.be\/\"]}]}<\/script>\n<!-- \/ Yoast SEO plugin. -->","yoast_head_json":{"title":"De Wever au sommet de l'UE sur l'armement de la d\u00e9fense-Europe co\u00fbte 500 milliards d'euros suppl\u00e9mentaires en 10 ans | Vie Associative","robots":{"index":"index","follow":"follow","max-snippet":"max-snippet:-1","max-image-preview":"max-image-preview:large","max-video-preview":"max-video-preview:-1"},"canonical":"https:\/\/vieassociative.be\/actualites\/de-wever-au-sommet-de-lue-sur-larmement-de-la-defense-europe-coute-500-milliards-deuros-supplementaires-en-10-ans\/","og_locale":"fr_FR","og_type":"article","og_title":"De Wever au sommet de l'UE sur l'armement de la d\u00e9fense-Europe co\u00fbte 500 milliards d'euros suppl\u00e9mentaires en 10 ans | Vie Associative","og_description":"Le nouveau Premier ministre belge Bart De Wever a d\u00fb se rendre au sommet informel de l&rsquo;UE lundi apr\u00e8s la performance du serment de son","og_url":"https:\/\/vieassociative.be\/actualites\/de-wever-au-sommet-de-lue-sur-larmement-de-la-defense-europe-coute-500-milliards-deuros-supplementaires-en-10-ans\/","og_site_name":"Vie Associative","article_published_time":"2025-02-05T02:17:11+00:00","og_image":[{"width":279,"height":92,"url":"https:\/\/vieassociative.be\/actualites\/wp-content\/uploads\/2024\/09\/header_backgroundk-01-e1726694325946.png","type":"image\/png"}],"author":"Julien","twitter_card":"summary_large_image","twitter_misc":{"\u00c9crit par":"Julien","Dur\u00e9e de lecture est.":"3 minutes"},"schema":{"@context":"https:\/\/schema.org","@graph":[{"@type":"Article","@id":"https:\/\/vieassociative.be\/actualites\/de-wever-au-sommet-de-lue-sur-larmement-de-la-defense-europe-coute-500-milliards-deuros-supplementaires-en-10-ans\/#article","isPartOf":{"@id":"https:\/\/vieassociative.be\/actualites\/de-wever-au-sommet-de-lue-sur-larmement-de-la-defense-europe-coute-500-milliards-deuros-supplementaires-en-10-ans\/"},"author":{"name":"Julien","@id":"https:\/\/vieassociative.be\/actualites\/#\/schema\/person\/b87ac4f82f9d4e7b7cec7395b679edc4"},"headline":"De Wever au sommet de l&rsquo;UE sur l&rsquo;armement de la d\u00e9fense-Europe co\u00fbte 500 milliards d&rsquo;euros suppl\u00e9mentaires en 10 ans","datePublished":"2025-02-05T02:17:11+00:00","dateModified":"2025-02-05T02:17:11+00:00","mainEntityOfPage":{"@id":"https:\/\/vieassociative.be\/actualites\/de-wever-au-sommet-de-lue-sur-larmement-de-la-defense-europe-coute-500-milliards-deuros-supplementaires-en-10-ans\/"},"wordCount":647,"publisher":{"@id":"https:\/\/vieassociative.be\/actualites\/#organization"},"image":{"@id":"https:\/\/vieassociative.be\/actualites\/de-wever-au-sommet-de-lue-sur-larmement-de-la-defense-europe-coute-500-milliards-deuros-supplementaires-en-10-ans\/#primaryimage"},"thumbnailUrl":"https:\/\/vieassociative.be\/actualites\/wp-content\/uploads\/2025\/02\/1738721831_De-Wever-au-sommet-de-lUE-sur-larmement-de-la.jpg","keywords":["ans","co\u00fbte","d\u00e9fenseEurope","deuros","larmement","LUE","milliards","Sommet","suppl\u00e9mentaires","sur","Wever"],"articleSection":["Belgique"],"inLanguage":"fr-BE"},{"@type":"WebPage","@id":"https:\/\/vieassociative.be\/actualites\/de-wever-au-sommet-de-lue-sur-larmement-de-la-defense-europe-coute-500-milliards-deuros-supplementaires-en-10-ans\/","url":"https:\/\/vieassociative.be\/actualites\/de-wever-au-sommet-de-lue-sur-larmement-de-la-defense-europe-coute-500-milliards-deuros-supplementaires-en-10-ans\/","name":"De Wever au sommet de l'UE sur l'armement de la d\u00e9fense-Europe co\u00fbte 500 milliards d'euros suppl\u00e9mentaires en 10 ans | Vie Associative","isPartOf":{"@id":"https:\/\/vieassociative.be\/actualites\/#website"},"primaryImageOfPage":{"@id":"https:\/\/vieassociative.be\/actualites\/de-wever-au-sommet-de-lue-sur-larmement-de-la-defense-europe-coute-500-milliards-deuros-supplementaires-en-10-ans\/#primaryimage"},"image":{"@id":"https:\/\/vieassociative.be\/actualites\/de-wever-au-sommet-de-lue-sur-larmement-de-la-defense-europe-coute-500-milliards-deuros-supplementaires-en-10-ans\/#primaryimage"},"thumbnailUrl":"https:\/\/vieassociative.be\/actualites\/wp-content\/uploads\/2025\/02\/1738721831_De-Wever-au-sommet-de-lUE-sur-larmement-de-la.jpg","datePublished":"2025-02-05T02:17:11+00:00","dateModified":"2025-02-05T02:17:11+00:00","breadcrumb":{"@id":"https:\/\/vieassociative.be\/actualites\/de-wever-au-sommet-de-lue-sur-larmement-de-la-defense-europe-coute-500-milliards-deuros-supplementaires-en-10-ans\/#breadcrumb"},"inLanguage":"fr-BE","potentialAction":[{"@type":"ReadAction","target":["https:\/\/vieassociative.be\/actualites\/de-wever-au-sommet-de-lue-sur-larmement-de-la-defense-europe-coute-500-milliards-deuros-supplementaires-en-10-ans\/"]}]},{"@type":"ImageObject","inLanguage":"fr-BE","@id":"https:\/\/vieassociative.be\/actualites\/de-wever-au-sommet-de-lue-sur-larmement-de-la-defense-europe-coute-500-milliards-deuros-supplementaires-en-10-ans\/#primaryimage","url":"https:\/\/vieassociative.be\/actualites\/wp-content\/uploads\/2025\/02\/1738721831_De-Wever-au-sommet-de-lUE-sur-larmement-de-la.jpg","contentUrl":"https:\/\/vieassociative.be\/actualites\/wp-content\/uploads\/2025\/02\/1738721831_De-Wever-au-sommet-de-lUE-sur-larmement-de-la.jpg","width":900,"height":600,"caption":"De Wever au sommet de l'UE sur l'armement de la d\u00e9fense-Europe co\u00fbte 500 milliards d'euros suppl\u00e9mentaires en 10 ans"},{"@type":"BreadcrumbList","@id":"https:\/\/vieassociative.be\/actualites\/de-wever-au-sommet-de-lue-sur-larmement-de-la-defense-europe-coute-500-milliards-deuros-supplementaires-en-10-ans\/#breadcrumb","itemListElement":[{"@type":"ListItem","position":1,"name":"Accueil","item":"https:\/\/vieassociative.be\/actualites\/"},{"@type":"ListItem","position":2,"name":"De Wever au sommet de l&rsquo;UE sur l&rsquo;armement de la d\u00e9fense-Europe co\u00fbte 500 milliards d&rsquo;euros suppl\u00e9mentaires en 10 ans"}]},{"@type":"WebSite","@id":"https:\/\/vieassociative.be\/actualites\/#website","url":"https:\/\/vieassociative.be\/actualites\/","name":"Vie Associative","description":"","publisher":{"@id":"https:\/\/vieassociative.be\/actualites\/#organization"},"potentialAction":[{"@type":"SearchAction","target":{"@type":"EntryPoint","urlTemplate":"https:\/\/vieassociative.be\/actualites\/?s={search_term_string}"},"query-input":{"@type":"PropertyValueSpecification","valueRequired":true,"valueName":"search_term_string"}}],"inLanguage":"fr-BE"},{"@type":"Organization","@id":"https:\/\/vieassociative.be\/actualites\/#organization","name":"Vie Associative","url":"https:\/\/vieassociative.be\/actualites\/","logo":{"@type":"ImageObject","inLanguage":"fr-BE","@id":"https:\/\/vieassociative.be\/actualites\/#\/schema\/logo\/image\/","url":"https:\/\/vieassociative.be\/actualites\/wp-content\/uploads\/2024\/09\/cropped-vieassociative_favicon.ico.png","contentUrl":"https:\/\/vieassociative.be\/actualites\/wp-content\/uploads\/2024\/09\/cropped-vieassociative_favicon.ico.png","width":512,"height":512,"caption":"Vie Associative"},"image":{"@id":"https:\/\/vieassociative.be\/actualites\/#\/schema\/logo\/image\/"}},{"@type":"Person","@id":"https:\/\/vieassociative.be\/actualites\/#\/schema\/person\/b87ac4f82f9d4e7b7cec7395b679edc4","name":"Julien","image":{"@type":"ImageObject","inLanguage":"fr-BE","@id":"https:\/\/vieassociative.be\/actualites\/#\/schema\/person\/image\/","url":"https:\/\/vieassociative.be\/actualites\/wp-content\/uploads\/2024\/09\/vie-associative-1-150x150.jpg","contentUrl":"https:\/\/vieassociative.be\/actualites\/wp-content\/uploads\/2024\/09\/vie-associative-1-150x150.jpg","caption":"Julien"},"description":"Je suis Julien, r\u00e9dacteur pour Vie Associative. Passionn\u00e9 par le monde associatif depuis plus de 10 ans, j'ai \u00e0 c\u0153ur de partager des histoires inspirantes et de mettre en lumi\u00e8re les initiatives locales. Mon objectif est de sensibiliser et d'encourager l'engagement communautaire \u00e0 travers mes articles.","sameAs":["https:\/\/vieassociative.be\/"]}]}},"_links":{"self":[{"href":"https:\/\/vieassociative.be\/actualites\/wp-json\/wp\/v2\/posts\/4854"}],"collection":[{"href":"https:\/\/vieassociative.be\/actualites\/wp-json\/wp\/v2\/posts"}],"about":[{"href":"https:\/\/vieassociative.be\/actualites\/wp-json\/wp\/v2\/types\/post"}],"author":[{"embeddable":true,"href":"https:\/\/vieassociative.be\/actualites\/wp-json\/wp\/v2\/users\/1"}],"replies":[{"embeddable":true,"href":"https:\/\/vieassociative.be\/actualites\/wp-json\/wp\/v2\/comments?post=4854"}],"version-history":[{"count":0,"href":"https:\/\/vieassociative.be\/actualites\/wp-json\/wp\/v2\/posts\/4854\/revisions"}],"wp:featuredmedia":[{"embeddable":true,"href":"https:\/\/vieassociative.be\/actualites\/wp-json\/wp\/v2\/media\/4855"}],"wp:attachment":[{"href":"https:\/\/vieassociative.be\/actualites\/wp-json\/wp\/v2\/media?parent=4854"}],"wp:term":[{"taxonomy":"category","embeddable":true,"href":"https:\/\/vieassociative.be\/actualites\/wp-json\/wp\/v2\/categories?post=4854"},{"taxonomy":"post_tag","embeddable":true,"href":"https:\/\/vieassociative.be\/actualites\/wp-json\/wp\/v2\/tags?post=4854"}],"curies":[{"name":"wp","href":"https:\/\/api.w.org\/{rel}","templated":true}]}}