{"id":4847,"date":"2025-02-04T21:17:22","date_gmt":"2025-02-04T20:17:22","guid":{"rendered":"https:\/\/vieassociative.be\/actualites\/environ-dix-morts-apres-des-tirs-sur-le-campus-de-lecole-en-suede\/"},"modified":"2025-02-04T21:17:22","modified_gmt":"2025-02-04T20:17:22","slug":"environ-dix-morts-apres-des-tirs-sur-le-campus-de-lecole-en-suede","status":"publish","type":"post","link":"https:\/\/vieassociative.be\/actualites\/environ-dix-morts-apres-des-tirs-sur-le-campus-de-lecole-en-suede\/","title":{"rendered":"Environ dix morts apr\u00e8s des tirs sur le campus de l&rsquo;\u00e9cole en Su\u00e8de"},"content":{"rendered":"<p><strong>Une dizaine de personnes sont mortes par des prises de vue dans une \u00e9cole du su\u00e9dois \u00d6rebro. Cela a \u00e9t\u00e9 annonc\u00e9 par les enqu\u00eateurs lors d&rsquo;une conf\u00e9rence de presse. On suppose que l&rsquo;agresseur pr\u00e9sum\u00e9 est l&rsquo;un des morts, a d\u00e9clar\u00e9 Roberto Eid Forest, chef de la police locale. Combien de blessures il y a pour le moment, a-t-il dit.<\/strong><\/p>\n<p><span id=\"more-407512\"><\/span>L&rsquo;auteur pr\u00e9sum\u00e9 n&rsquo;\u00e9tait pas encore connu de la police, a d\u00e9clar\u00e9 Eid Forest. Il n&rsquo;avait aucun lien avec un gang. La police supposait qu&rsquo;il a agi seul. Selon le statut actuel, la police n&rsquo;assume pas un acte terroriste, a d\u00e9clar\u00e9 Eid Forest et a ajout\u00e9: \u00ab\u00a0Pour le moment, nous nous sentons s\u00fbrs qu&rsquo;il n&rsquo;y aura pas d&rsquo;autres attaques.\u00a0\u00bb<\/p>\n<p><strong>&#8211; \u00ab\u00a0Nous avons couru pour nos vies\u00a0\u00bb: <\/strong> Vers midi, c&rsquo;\u00e9tait sur le campus de Risbergska, une installation pour l&rsquo;\u00e9ducation des adultes. Dans une interview du radiodiffuseur SVT, la principale Ingela B\u00e4ck Gustafsson a d\u00e9clar\u00e9 qu&rsquo;elle venait de d\u00e9jeuner, alors qu&rsquo;une \u00e9tudiante la transmet et a appel\u00e9 que les locaux de l&rsquo;\u00e9cole devaient \u00eatre laiss\u00e9s. \u00ab\u00a0Quand j&rsquo;\u00e9tais dans la cour d&rsquo;\u00e9cole, j&rsquo;ai entendu des coups de feu \u00e0 proximit\u00e9\u00a0\u00bb, a d\u00e9clar\u00e9 B\u00e4ck Gustafsson. \u00ab\u00a0Nous avons couru pour nos vies\u00a0\u00bb, a d\u00e9clar\u00e9 le recteur.<\/p>\n<div id=\"attachment_407514\" class=\"wp-caption alignleft\" style=\"max-width: 300px\"><img fetchpriority=\"high\" decoding=\"async\" class=\"wp-image-407514 size-medium\" src=\"https:\/\/vieassociative.be\/actualites\/wp-content\/uploads\/2025\/02\/Environ-dix-morts-apres-des-tirs-sur-le-campus-de.jpg\" alt=\"\" width=\"300\" height=\"200\"><\/p>\n<p class=\"wp-caption-text\">04.02.2025, Su\u00e8de, \u00d6rebro: Roberto Eid Forest, chef du poste de police local, parle lors d&rsquo;une conf\u00e9rence de presse. Photo: Pontus Lundahl \/ TT \/ TT AGENCE DE NEUX \/ AP \/ DPA<\/p>\n<\/div>\n<p>Au cours de la mission dans laquelle de nombreux travailleurs de la police et des secouristes \u00e9taient impliqu\u00e9s, les \u00e9tudiants et les enseignants \u00e9taient h\u00e9berg\u00e9s dans leurs propres \u00e9coles et affaires adjacentes. Les habitants de la r\u00e9gion ont \u00e9t\u00e9 invit\u00e9s \u00e0 s&rsquo;\u00e9loigner de l&rsquo;\u00e9cole. En attendant, toutes les \u00e9coles ont pu partir.<\/p>\n<p>04.02.2025, Su\u00e8de, \u00d6rebro: Roberto Eid Forest, chef du poste de police local, parle lors d&rsquo;une conf\u00e9rence de presse. Photo: Pontus Lundahl \/ TT \/ TT News Agency \/ AP \/ DPA (\/ L\u00e9gende)<\/p>\n<p>Selon les informations des m\u00e9dias, la police a \u00e9t\u00e9 fortement arm\u00e9e dans une adresse r\u00e9sidentielle \u00e0 \u00d6rebro en fin d&rsquo;apr\u00e8s-midi. Selon des informations, il pourrait s&rsquo;agir du lieu de r\u00e9sidence de l&rsquo;agresseur pr\u00e9sum\u00e9.<\/p>\n<p><strong>&#8211; \u00ab\u00a0Journ\u00e9e douloureuse pour toute la Su\u00e8de\u00a0\u00bb:<\/strong> Le Premier ministre su\u00e9dois Ulf Kristerson a \u00e9crit sur X que c&rsquo;\u00e9tait une journ\u00e9e tr\u00e8s douloureuse pour toute la Su\u00e8de. Il pense aux personnes touch\u00e9es et \u00e0 leurs proches ainsi qu&rsquo;\u00e0 tous ceux dont la journ\u00e9e scolaire normale a \u00e9t\u00e9 remplac\u00e9e par l&rsquo;horreur. Krisson a ajout\u00e9: \u00ab\u00a0Personne ne devrait avoir \u00e0 faire l&rsquo;exp\u00e9rience du cauchemar, s&rsquo;asseoir dans une salle de classe et craindre sa vie.\u00a0\u00bb<\/p>\n<p>Le roi de la Su\u00e8de, Carl XVI. Gustaf, a exprim\u00e9 sa sympathie dans une d\u00e9claration \u00e9crite aux membres du d\u00e9funt. Il a \u00e9galement remerci\u00e9 la police et les secouristes et le personnel de l&rsquo;h\u00f4pital pour avoir sauv\u00e9 la vie humaine en cette \u00abjourn\u00e9e sombre\u00bb.<\/p>\n<p>\u00d6rebro est situ\u00e9 \u00e0 environ 200 kilom\u00e8tres \u00e0 l&rsquo;ouest de la capitale su\u00e9doise Stockholm. Le campus de Risbergska est une sorte de centre \u00e9ducatif o\u00f9 les adultes \u00e2g\u00e9s de 20 ans et plus, les cours du secondaire, du secondaire et de la langue peuvent suivre et suivre une formation professionnelle. (DPA)<\/p>\n","protected":false},"excerpt":{"rendered":"<p>Une dizaine de personnes sont mortes par des prises de vue dans une \u00e9cole du su\u00e9dois \u00d6rebro. Cela a \u00e9t\u00e9 annonc\u00e9 par les enqu\u00eateurs lors<\/p>\n","protected":false},"author":1,"featured_media":4848,"comment_status":"","ping_status":"","sticky":false,"template":"","format":"standard","meta":{"footnotes":""},"categories":[298],"tags":[472,5162,29,117,5160,2437,439,5163,33,5161],"class_list":["post-4847","post","type-post","status-publish","format-standard","has-post-thumbnail","hentry","category-belgique","tag-apres","tag-campus","tag-des","tag-dix","tag-environ","tag-lecole","tag-morts","tag-suede","tag-sur","tag-tirs","generate-columns","tablet-grid-50","mobile-grid-100","grid-parent","grid-33"],"yoast_head":"<!-- This site is optimized with the Yoast SEO plugin v24.0 - https:\/\/yoast.com\/wordpress\/plugins\/seo\/ -->\n<title>Environ dix morts apr\u00e8s des tirs sur le campus de l&#039;\u00e9cole en Su\u00e8de | Vie Associative<\/title>\n<meta name=\"robots\" content=\"index, follow, max-snippet:-1, max-image-preview:large, max-video-preview:-1\" \/>\n<link rel=\"canonical\" href=\"https:\/\/vieassociative.be\/actualites\/environ-dix-morts-apres-des-tirs-sur-le-campus-de-lecole-en-suede\/\" \/>\n<meta property=\"og:locale\" content=\"fr_FR\" \/>\n<meta property=\"og:type\" content=\"article\" \/>\n<meta property=\"og:title\" content=\"Environ dix morts apr\u00e8s des tirs sur le campus de l&#039;\u00e9cole en Su\u00e8de | Vie Associative\" \/>\n<meta property=\"og:description\" content=\"Une dizaine de personnes sont mortes par des prises de vue dans une \u00e9cole du su\u00e9dois \u00d6rebro. Cela a \u00e9t\u00e9 annonc\u00e9 par les enqu\u00eateurs lors\" \/>\n<meta property=\"og:url\" content=\"https:\/\/vieassociative.be\/actualites\/environ-dix-morts-apres-des-tirs-sur-le-campus-de-lecole-en-suede\/\" \/>\n<meta property=\"og:site_name\" content=\"Vie Associative\" \/>\n<meta property=\"article:published_time\" content=\"2025-02-04T20:17:22+00:00\" \/>\n<meta property=\"og:image\" content=\"https:\/\/vieassociative.be\/actualites\/wp-content\/uploads\/2024\/09\/header_backgroundk-01-e1726694325946.png\" \/>\n\t<meta property=\"og:image:width\" content=\"279\" \/>\n\t<meta property=\"og:image:height\" content=\"92\" \/>\n\t<meta property=\"og:image:type\" content=\"image\/png\" \/>\n<meta name=\"author\" content=\"Julien\" \/>\n<meta name=\"twitter:card\" content=\"summary_large_image\" \/>\n<meta name=\"twitter:label1\" content=\"\u00c9crit par\" \/>\n\t<meta name=\"twitter:data1\" content=\"Julien\" \/>\n\t<meta name=\"twitter:label2\" content=\"Dur\u00e9e de lecture est.\" \/>\n\t<meta name=\"twitter:data2\" content=\"3 minutes\" \/>\n<script type=\"application\/ld+json\" class=\"yoast-schema-graph\">{\"@context\":\"https:\/\/schema.org\",\"@graph\":[{\"@type\":\"Article\",\"@id\":\"https:\/\/vieassociative.be\/actualites\/environ-dix-morts-apres-des-tirs-sur-le-campus-de-lecole-en-suede\/#article\",\"isPartOf\":{\"@id\":\"https:\/\/vieassociative.be\/actualites\/environ-dix-morts-apres-des-tirs-sur-le-campus-de-lecole-en-suede\/\"},\"author\":{\"name\":\"Julien\",\"@id\":\"https:\/\/vieassociative.be\/actualites\/#\/schema\/person\/b87ac4f82f9d4e7b7cec7395b679edc4\"},\"headline\":\"Environ dix morts apr\u00e8s des tirs sur le campus de l&rsquo;\u00e9cole en Su\u00e8de\",\"datePublished\":\"2025-02-04T20:17:22+00:00\",\"dateModified\":\"2025-02-04T20:17:22+00:00\",\"mainEntityOfPage\":{\"@id\":\"https:\/\/vieassociative.be\/actualites\/environ-dix-morts-apres-des-tirs-sur-le-campus-de-lecole-en-suede\/\"},\"wordCount\":594,\"publisher\":{\"@id\":\"https:\/\/vieassociative.be\/actualites\/#organization\"},\"image\":{\"@id\":\"https:\/\/vieassociative.be\/actualites\/environ-dix-morts-apres-des-tirs-sur-le-campus-de-lecole-en-suede\/#primaryimage\"},\"thumbnailUrl\":\"https:\/\/vieassociative.be\/actualites\/wp-content\/uploads\/2025\/02\/1738700242_Environ-dix-morts-apres-des-tirs-sur-le-campus-de.jpg\",\"keywords\":[\"Apr\u00e8s\",\"campus\",\"Des\",\"Dix\",\"Environ\",\"l\u00e9cole\",\"morts\",\"Su\u00e8de\",\"sur\",\"tirs\"],\"articleSection\":[\"Belgique\"],\"inLanguage\":\"fr-BE\"},{\"@type\":\"WebPage\",\"@id\":\"https:\/\/vieassociative.be\/actualites\/environ-dix-morts-apres-des-tirs-sur-le-campus-de-lecole-en-suede\/\",\"url\":\"https:\/\/vieassociative.be\/actualites\/environ-dix-morts-apres-des-tirs-sur-le-campus-de-lecole-en-suede\/\",\"name\":\"Environ dix morts apr\u00e8s des tirs sur le campus de l'\u00e9cole en Su\u00e8de | Vie Associative\",\"isPartOf\":{\"@id\":\"https:\/\/vieassociative.be\/actualites\/#website\"},\"primaryImageOfPage\":{\"@id\":\"https:\/\/vieassociative.be\/actualites\/environ-dix-morts-apres-des-tirs-sur-le-campus-de-lecole-en-suede\/#primaryimage\"},\"image\":{\"@id\":\"https:\/\/vieassociative.be\/actualites\/environ-dix-morts-apres-des-tirs-sur-le-campus-de-lecole-en-suede\/#primaryimage\"},\"thumbnailUrl\":\"https:\/\/vieassociative.be\/actualites\/wp-content\/uploads\/2025\/02\/1738700242_Environ-dix-morts-apres-des-tirs-sur-le-campus-de.jpg\",\"datePublished\":\"2025-02-04T20:17:22+00:00\",\"dateModified\":\"2025-02-04T20:17:22+00:00\",\"breadcrumb\":{\"@id\":\"https:\/\/vieassociative.be\/actualites\/environ-dix-morts-apres-des-tirs-sur-le-campus-de-lecole-en-suede\/#breadcrumb\"},\"inLanguage\":\"fr-BE\",\"potentialAction\":[{\"@type\":\"ReadAction\",\"target\":[\"https:\/\/vieassociative.be\/actualites\/environ-dix-morts-apres-des-tirs-sur-le-campus-de-lecole-en-suede\/\"]}]},{\"@type\":\"ImageObject\",\"inLanguage\":\"fr-BE\",\"@id\":\"https:\/\/vieassociative.be\/actualites\/environ-dix-morts-apres-des-tirs-sur-le-campus-de-lecole-en-suede\/#primaryimage\",\"url\":\"https:\/\/vieassociative.be\/actualites\/wp-content\/uploads\/2025\/02\/1738700242_Environ-dix-morts-apres-des-tirs-sur-le-campus-de.jpg\",\"contentUrl\":\"https:\/\/vieassociative.be\/actualites\/wp-content\/uploads\/2025\/02\/1738700242_Environ-dix-morts-apres-des-tirs-sur-le-campus-de.jpg\",\"width\":1200,\"height\":800,\"caption\":\"Environ dix morts apr\u00e8s des tirs sur le campus de l'\u00e9cole en Su\u00e8de\"},{\"@type\":\"BreadcrumbList\",\"@id\":\"https:\/\/vieassociative.be\/actualites\/environ-dix-morts-apres-des-tirs-sur-le-campus-de-lecole-en-suede\/#breadcrumb\",\"itemListElement\":[{\"@type\":\"ListItem\",\"position\":1,\"name\":\"Accueil\",\"item\":\"https:\/\/vieassociative.be\/actualites\/\"},{\"@type\":\"ListItem\",\"position\":2,\"name\":\"Environ dix morts apr\u00e8s des tirs sur le campus de l&rsquo;\u00e9cole en Su\u00e8de\"}]},{\"@type\":\"WebSite\",\"@id\":\"https:\/\/vieassociative.be\/actualites\/#website\",\"url\":\"https:\/\/vieassociative.be\/actualites\/\",\"name\":\"Vie Associative\",\"description\":\"\",\"publisher\":{\"@id\":\"https:\/\/vieassociative.be\/actualites\/#organization\"},\"potentialAction\":[{\"@type\":\"SearchAction\",\"target\":{\"@type\":\"EntryPoint\",\"urlTemplate\":\"https:\/\/vieassociative.be\/actualites\/?s={search_term_string}\"},\"query-input\":{\"@type\":\"PropertyValueSpecification\",\"valueRequired\":true,\"valueName\":\"search_term_string\"}}],\"inLanguage\":\"fr-BE\"},{\"@type\":\"Organization\",\"@id\":\"https:\/\/vieassociative.be\/actualites\/#organization\",\"name\":\"Vie Associative\",\"url\":\"https:\/\/vieassociative.be\/actualites\/\",\"logo\":{\"@type\":\"ImageObject\",\"inLanguage\":\"fr-BE\",\"@id\":\"https:\/\/vieassociative.be\/actualites\/#\/schema\/logo\/image\/\",\"url\":\"https:\/\/vieassociative.be\/actualites\/wp-content\/uploads\/2024\/09\/cropped-vieassociative_favicon.ico.png\",\"contentUrl\":\"https:\/\/vieassociative.be\/actualites\/wp-content\/uploads\/2024\/09\/cropped-vieassociative_favicon.ico.png\",\"width\":512,\"height\":512,\"caption\":\"Vie Associative\"},\"image\":{\"@id\":\"https:\/\/vieassociative.be\/actualites\/#\/schema\/logo\/image\/\"}},{\"@type\":\"Person\",\"@id\":\"https:\/\/vieassociative.be\/actualites\/#\/schema\/person\/b87ac4f82f9d4e7b7cec7395b679edc4\",\"name\":\"Julien\",\"image\":{\"@type\":\"ImageObject\",\"inLanguage\":\"fr-BE\",\"@id\":\"https:\/\/vieassociative.be\/actualites\/#\/schema\/person\/image\/\",\"url\":\"https:\/\/vieassociative.be\/actualites\/wp-content\/uploads\/2024\/09\/vie-associative-1-150x150.jpg\",\"contentUrl\":\"https:\/\/vieassociative.be\/actualites\/wp-content\/uploads\/2024\/09\/vie-associative-1-150x150.jpg\",\"caption\":\"Julien\"},\"description\":\"Je suis Julien, r\u00e9dacteur pour Vie Associative. Passionn\u00e9 par le monde associatif depuis plus de 10 ans, j'ai \u00e0 c\u0153ur de partager des histoires inspirantes et de mettre en lumi\u00e8re les initiatives locales. Mon objectif est de sensibiliser et d'encourager l'engagement communautaire \u00e0 travers mes articles.\",\"sameAs\":[\"https:\/\/vieassociative.be\/\"]}]}<\/script>\n<!-- \/ Yoast SEO plugin. -->","yoast_head_json":{"title":"Environ dix morts apr\u00e8s des tirs sur le campus de l'\u00e9cole en Su\u00e8de | Vie Associative","robots":{"index":"index","follow":"follow","max-snippet":"max-snippet:-1","max-image-preview":"max-image-preview:large","max-video-preview":"max-video-preview:-1"},"canonical":"https:\/\/vieassociative.be\/actualites\/environ-dix-morts-apres-des-tirs-sur-le-campus-de-lecole-en-suede\/","og_locale":"fr_FR","og_type":"article","og_title":"Environ dix morts apr\u00e8s des tirs sur le campus de l'\u00e9cole en Su\u00e8de | Vie Associative","og_description":"Une dizaine de personnes sont mortes par des prises de vue dans une \u00e9cole du su\u00e9dois \u00d6rebro. Cela a \u00e9t\u00e9 annonc\u00e9 par les enqu\u00eateurs lors","og_url":"https:\/\/vieassociative.be\/actualites\/environ-dix-morts-apres-des-tirs-sur-le-campus-de-lecole-en-suede\/","og_site_name":"Vie Associative","article_published_time":"2025-02-04T20:17:22+00:00","og_image":[{"width":279,"height":92,"url":"https:\/\/vieassociative.be\/actualites\/wp-content\/uploads\/2024\/09\/header_backgroundk-01-e1726694325946.png","type":"image\/png"}],"author":"Julien","twitter_card":"summary_large_image","twitter_misc":{"\u00c9crit par":"Julien","Dur\u00e9e de lecture est.":"3 minutes"},"schema":{"@context":"https:\/\/schema.org","@graph":[{"@type":"Article","@id":"https:\/\/vieassociative.be\/actualites\/environ-dix-morts-apres-des-tirs-sur-le-campus-de-lecole-en-suede\/#article","isPartOf":{"@id":"https:\/\/vieassociative.be\/actualites\/environ-dix-morts-apres-des-tirs-sur-le-campus-de-lecole-en-suede\/"},"author":{"name":"Julien","@id":"https:\/\/vieassociative.be\/actualites\/#\/schema\/person\/b87ac4f82f9d4e7b7cec7395b679edc4"},"headline":"Environ dix morts apr\u00e8s des tirs sur le campus de l&rsquo;\u00e9cole en Su\u00e8de","datePublished":"2025-02-04T20:17:22+00:00","dateModified":"2025-02-04T20:17:22+00:00","mainEntityOfPage":{"@id":"https:\/\/vieassociative.be\/actualites\/environ-dix-morts-apres-des-tirs-sur-le-campus-de-lecole-en-suede\/"},"wordCount":594,"publisher":{"@id":"https:\/\/vieassociative.be\/actualites\/#organization"},"image":{"@id":"https:\/\/vieassociative.be\/actualites\/environ-dix-morts-apres-des-tirs-sur-le-campus-de-lecole-en-suede\/#primaryimage"},"thumbnailUrl":"https:\/\/vieassociative.be\/actualites\/wp-content\/uploads\/2025\/02\/1738700242_Environ-dix-morts-apres-des-tirs-sur-le-campus-de.jpg","keywords":["Apr\u00e8s","campus","Des","Dix","Environ","l\u00e9cole","morts","Su\u00e8de","sur","tirs"],"articleSection":["Belgique"],"inLanguage":"fr-BE"},{"@type":"WebPage","@id":"https:\/\/vieassociative.be\/actualites\/environ-dix-morts-apres-des-tirs-sur-le-campus-de-lecole-en-suede\/","url":"https:\/\/vieassociative.be\/actualites\/environ-dix-morts-apres-des-tirs-sur-le-campus-de-lecole-en-suede\/","name":"Environ dix morts apr\u00e8s des tirs sur le campus de l'\u00e9cole en Su\u00e8de | Vie Associative","isPartOf":{"@id":"https:\/\/vieassociative.be\/actualites\/#website"},"primaryImageOfPage":{"@id":"https:\/\/vieassociative.be\/actualites\/environ-dix-morts-apres-des-tirs-sur-le-campus-de-lecole-en-suede\/#primaryimage"},"image":{"@id":"https:\/\/vieassociative.be\/actualites\/environ-dix-morts-apres-des-tirs-sur-le-campus-de-lecole-en-suede\/#primaryimage"},"thumbnailUrl":"https:\/\/vieassociative.be\/actualites\/wp-content\/uploads\/2025\/02\/1738700242_Environ-dix-morts-apres-des-tirs-sur-le-campus-de.jpg","datePublished":"2025-02-04T20:17:22+00:00","dateModified":"2025-02-04T20:17:22+00:00","breadcrumb":{"@id":"https:\/\/vieassociative.be\/actualites\/environ-dix-morts-apres-des-tirs-sur-le-campus-de-lecole-en-suede\/#breadcrumb"},"inLanguage":"fr-BE","potentialAction":[{"@type":"ReadAction","target":["https:\/\/vieassociative.be\/actualites\/environ-dix-morts-apres-des-tirs-sur-le-campus-de-lecole-en-suede\/"]}]},{"@type":"ImageObject","inLanguage":"fr-BE","@id":"https:\/\/vieassociative.be\/actualites\/environ-dix-morts-apres-des-tirs-sur-le-campus-de-lecole-en-suede\/#primaryimage","url":"https:\/\/vieassociative.be\/actualites\/wp-content\/uploads\/2025\/02\/1738700242_Environ-dix-morts-apres-des-tirs-sur-le-campus-de.jpg","contentUrl":"https:\/\/vieassociative.be\/actualites\/wp-content\/uploads\/2025\/02\/1738700242_Environ-dix-morts-apres-des-tirs-sur-le-campus-de.jpg","width":1200,"height":800,"caption":"Environ dix morts apr\u00e8s des tirs sur le campus de l'\u00e9cole en Su\u00e8de"},{"@type":"BreadcrumbList","@id":"https:\/\/vieassociative.be\/actualites\/environ-dix-morts-apres-des-tirs-sur-le-campus-de-lecole-en-suede\/#breadcrumb","itemListElement":[{"@type":"ListItem","position":1,"name":"Accueil","item":"https:\/\/vieassociative.be\/actualites\/"},{"@type":"ListItem","position":2,"name":"Environ dix morts apr\u00e8s des tirs sur le campus de l&rsquo;\u00e9cole en Su\u00e8de"}]},{"@type":"WebSite","@id":"https:\/\/vieassociative.be\/actualites\/#website","url":"https:\/\/vieassociative.be\/actualites\/","name":"Vie Associative","description":"","publisher":{"@id":"https:\/\/vieassociative.be\/actualites\/#organization"},"potentialAction":[{"@type":"SearchAction","target":{"@type":"EntryPoint","urlTemplate":"https:\/\/vieassociative.be\/actualites\/?s={search_term_string}"},"query-input":{"@type":"PropertyValueSpecification","valueRequired":true,"valueName":"search_term_string"}}],"inLanguage":"fr-BE"},{"@type":"Organization","@id":"https:\/\/vieassociative.be\/actualites\/#organization","name":"Vie Associative","url":"https:\/\/vieassociative.be\/actualites\/","logo":{"@type":"ImageObject","inLanguage":"fr-BE","@id":"https:\/\/vieassociative.be\/actualites\/#\/schema\/logo\/image\/","url":"https:\/\/vieassociative.be\/actualites\/wp-content\/uploads\/2024\/09\/cropped-vieassociative_favicon.ico.png","contentUrl":"https:\/\/vieassociative.be\/actualites\/wp-content\/uploads\/2024\/09\/cropped-vieassociative_favicon.ico.png","width":512,"height":512,"caption":"Vie Associative"},"image":{"@id":"https:\/\/vieassociative.be\/actualites\/#\/schema\/logo\/image\/"}},{"@type":"Person","@id":"https:\/\/vieassociative.be\/actualites\/#\/schema\/person\/b87ac4f82f9d4e7b7cec7395b679edc4","name":"Julien","image":{"@type":"ImageObject","inLanguage":"fr-BE","@id":"https:\/\/vieassociative.be\/actualites\/#\/schema\/person\/image\/","url":"https:\/\/vieassociative.be\/actualites\/wp-content\/uploads\/2024\/09\/vie-associative-1-150x150.jpg","contentUrl":"https:\/\/vieassociative.be\/actualites\/wp-content\/uploads\/2024\/09\/vie-associative-1-150x150.jpg","caption":"Julien"},"description":"Je suis Julien, r\u00e9dacteur pour Vie Associative. Passionn\u00e9 par le monde associatif depuis plus de 10 ans, j'ai \u00e0 c\u0153ur de partager des histoires inspirantes et de mettre en lumi\u00e8re les initiatives locales. Mon objectif est de sensibiliser et d'encourager l'engagement communautaire \u00e0 travers mes articles.","sameAs":["https:\/\/vieassociative.be\/"]}]}},"_links":{"self":[{"href":"https:\/\/vieassociative.be\/actualites\/wp-json\/wp\/v2\/posts\/4847"}],"collection":[{"href":"https:\/\/vieassociative.be\/actualites\/wp-json\/wp\/v2\/posts"}],"about":[{"href":"https:\/\/vieassociative.be\/actualites\/wp-json\/wp\/v2\/types\/post"}],"author":[{"embeddable":true,"href":"https:\/\/vieassociative.be\/actualites\/wp-json\/wp\/v2\/users\/1"}],"replies":[{"embeddable":true,"href":"https:\/\/vieassociative.be\/actualites\/wp-json\/wp\/v2\/comments?post=4847"}],"version-history":[{"count":0,"href":"https:\/\/vieassociative.be\/actualites\/wp-json\/wp\/v2\/posts\/4847\/revisions"}],"wp:featuredmedia":[{"embeddable":true,"href":"https:\/\/vieassociative.be\/actualites\/wp-json\/wp\/v2\/media\/4848"}],"wp:attachment":[{"href":"https:\/\/vieassociative.be\/actualites\/wp-json\/wp\/v2\/media?parent=4847"}],"wp:term":[{"taxonomy":"category","embeddable":true,"href":"https:\/\/vieassociative.be\/actualites\/wp-json\/wp\/v2\/categories?post=4847"},{"taxonomy":"post_tag","embeddable":true,"href":"https:\/\/vieassociative.be\/actualites\/wp-json\/wp\/v2\/tags?post=4847"}],"curies":[{"name":"wp","href":"https:\/\/api.w.org\/{rel}","templated":true}]}}