{"id":4843,"date":"2025-02-04T19:17:26","date_gmt":"2025-02-04T18:17:26","guid":{"rendered":"https:\/\/vieassociative.be\/actualites\/lentrainement-15-15-15-est-un-excellent-cardio-pour-le-fasy-ennuye\/"},"modified":"2025-02-04T19:17:26","modified_gmt":"2025-02-04T18:17:26","slug":"lentrainement-15-15-15-est-un-excellent-cardio-pour-le-fasy-ennuye","status":"publish","type":"post","link":"https:\/\/vieassociative.be\/actualites\/lentrainement-15-15-15-est-un-excellent-cardio-pour-le-fasy-ennuye\/","title":{"rendered":"L&rsquo;entra\u00eenement &rsquo;15-15-15 &lsquo;est un excellent cardio pour le Fasy ennuy\u00e9"},"content":{"rendered":"<div class=\"mt-4 leading-6 md:mb-8\">Et je vais combattre Jennifer Aniston pour cr\u00e9dit comme inventeur.<\/div>\n<p><\/p>\n<p>Je viens d&rsquo;apprendre que l&rsquo;une de mes fa\u00e7ons pr\u00e9f\u00e9r\u00e9es de passer le temps dans un gymnase d&rsquo;h\u00f4tel a re\u00e7u un nom accrocheur et une approbation de c\u00e9l\u00e9brit\u00e9. C&rsquo;est l&rsquo;entra\u00eenement 15-15-15, et cela vous donnera une bonne session cardio de 45 minutes m\u00eame si vous ne pouvez pas supporter <em>rien<\/em> pendant 45 minutes cons\u00e9cutives. <\/p>\n<h2 id=\"what-is-the-15-15-15-workout\">Qu&rsquo;est-ce que l&rsquo;entra\u00eenement 15-15-15? <\/h2>\n<p>Le 15-15-15 est une id\u00e9e simple: vous faites juste 15 minutes chacune sur trois machines cardio diff\u00e9rentes. Comme ainsi: <\/p>\n<ul>\n<li>\n<p>15 minutes sur un v\u00e9lo de spin<\/p>\n<\/li>\n<li>\n<p>15 minutes sur l&rsquo;elliptique<\/p>\n<\/li>\n<li>\n<p>15 minutes sur un tapis roulant<\/p>\n<\/li>\n<\/ul>\n<p>J&rsquo;ai souvent fait une version de cela lorsque je suis dans l&rsquo;un de ces tristes gymnases d&rsquo;h\u00f4tel avec peu ou pas de poids, juste des machines cardio. Il y a g\u00e9n\u00e9ralement un tapis roulant, un elliptique et \/ ou un v\u00e9lo, donc je ferai quelques minutes sur chacun. La version 15-15-15 vous donnera un entra\u00eenement de 45 minutes. <\/p>\n<h2 id=\"where-did-the-15-15-15-workout-come-from\">D&rsquo;o\u00f9 vient l&rsquo;entra\u00eenement du 15-15-15? <\/h2>\n<p>Pour autant que je sache, son origine est dans une br\u00e8ve citation d&rsquo;une interview que Jennifer Aniston a donn\u00e9e dans le magazine In Style en 2021. Elle a dit qu&rsquo;apr\u00e8s avoir pris un cong\u00e9 pour une blessure, \u00a0\u00bb Allez-y. Je reviens \u00e0 mon 15-15-15, qui est un tour de 15 minutes, elliptique, courir. \u00bb <\/p>\n<h2 id=\"why-the-15-15-15-is-perfect-if-cardio-bores-you\">Pourquoi le 15-15-15 est parfait si le cardio vous ennuye<\/h2>\n<p>Si vous vous ennuyez sur les machines cardio, un entra\u00eenement de 45 minutes est une assez grande demande. Mais 15? Vous pourriez g\u00e9rer 15, j&rsquo;en suis s\u00fbr. Ce n&rsquo;est qu&rsquo;un \u00e9chauffement de cinq minutes, cinq minutes de travail solide au milieu, puis pendant les cinq derni\u00e8res minutes, vous \u00eates sur le tron\u00e7on \u00e0 domicile. (La rupture mentale des entra\u00eenements comme celle-ci aide mon cerveau, m\u00eame si je fais exactement la chose pendant les 15 minutes.) Ensuite, sautez de cette machine, choisissez un autre et r\u00e9p\u00e9tez. Trois de ces mini-s\u00e9ances d&rsquo;entra\u00eenement et vous avez fait 45 minutes pour la journ\u00e9e. N&rsquo;h\u00e9sitez pas \u00e0 r\u00e9gler le timing au besoin; Vous pourriez faire un 10-10-10 pour un entra\u00eenement de 30 minutes.<\/p>\n<h2 id=\"how-hard-should-the-15-15-15-workout-be\">\u00c0 quel point l&rsquo;entra\u00eenement 15-15-15 devrait-il \u00eatre difficile?<\/h2>\n<p>Il n&rsquo;y a pas de mauvaise r\u00e9ponse \u00e0 cette question. Le 15-15-15 serait un excellent moyen d&rsquo;obtenir un entra\u00eenement cardio de la zone 2, passant \u00e0 un rythme de conversation facile pour les trois segments. Certaines personnes trouvent que la zone 2 fonctionne pour \u00eatre facile et amusante, et ils regarderont une vid\u00e9o ou discuteront avec un ami tout en le faisant. <\/p>\n<p>Mais certains d&rsquo;entre nous s&rsquo;ennuient plus facilement, et la baisse de chaque mini-entra\u00eenement en intervalles peut le rendre beaucoup plus engageant. Essayez ceci: <\/p>\n<ul>\n<li>\n<p>R\u00e9chauffez-vous pendant trois minutes \u00e0 un rythme facile.<\/p>\n<\/li>\n<li>\n<p>Allez dur pendant une minute, puis r\u00e9cup\u00e9rez avec une activit\u00e9 tr\u00e8s facile pendant une minute.<\/p>\n<\/li>\n<li>\n<p>R\u00e9p\u00e9tez ces intervalles cinq fois de plus, pour un total de six minutes de r\u00e9cup\u00e9ration et six.<\/p>\n<\/li>\n<\/ul>\n<p>Cela fait trois minutes de r\u00e9chauffement et 12 minutes d&rsquo;intervalles en alternance, se terminant par une minute facile. Vous pouvez faire cette mini routine sur chaque machine tour \u00e0 tour, ou seulement sur certains d&rsquo;entre eux &#8211; peut-\u00eatre le premier et le dernier, tout en vous mettant au d\u00e9fi de tenir un \u00e9tat stable sur la machine du milieu.<\/p>\n<h2 id=\"can-you-do-the-15-15-15-on-different-machines-or-in-a-different-order\">Pouvez-vous faire le 15-15-15 sur diff\u00e9rentes machines, ou dans un ordre diff\u00e9rent? <\/h2>\n<p>Vous pouvez certainement! Il n&rsquo;y a rien de magique dans l&rsquo;ordre de v\u00e9lo, elliptique, courir. Vous pouvez les d\u00e9placer. Vous pouvez \u00e9galement \u00e9changer dans diff\u00e9rents \u00e9quipements &#8211; comment sur le stepper d&rsquo;escalier, le v\u00e9lo, la machine \u00e0 aviron? <\/p>\n<p>Ou, diable, rebondissez entre le v\u00e9lo et le tapis roulant si vous n&rsquo;avez que ces deux machines disponibles. (Bonjour, encore une fois, aux tr\u00e8s petits gymnases de l&rsquo;h\u00f4tel.) Le 15-15-15 n&rsquo;est pas tant un \u00abentra\u00eenement\u00bb qu&rsquo;une structure que vous pouvez remplir avec <em>tous les entra\u00eenements que vous d\u00e9sirez<\/em>alors n&rsquo;h\u00e9sitez pas \u00e0 faire preuve de cr\u00e9ativit\u00e9. <\/p>\n","protected":false},"excerpt":{"rendered":"<p>Et je vais combattre Jennifer Aniston pour cr\u00e9dit comme inventeur. Je viens d&rsquo;apprendre que l&rsquo;une de mes fa\u00e7ons pr\u00e9f\u00e9r\u00e9es de passer le temps dans un<\/p>\n","protected":false},"author":1,"featured_media":4844,"comment_status":"","ping_status":"","sticky":false,"template":"","format":"standard","meta":{"footnotes":""},"categories":[38],"tags":[2988,5155,76,2267,5154,5153,81],"class_list":["post-4843","post","type-post","status-publish","format-standard","has-post-thumbnail","hentry","category-sante","tag-cardio","tag-ennuye","tag-est","tag-excellent","tag-fasy","tag-lentrainement","tag-pour","generate-columns","tablet-grid-50","mobile-grid-100","grid-parent","grid-33"],"yoast_head":"<!-- This site is optimized with the Yoast SEO plugin v24.0 - https:\/\/yoast.com\/wordpress\/plugins\/seo\/ -->\n<title>L&#039;entra\u00eenement &#039;15-15-15 &#039;est un excellent cardio pour le Fasy ennuy\u00e9 | Vie Associative<\/title>\n<meta name=\"robots\" content=\"index, follow, max-snippet:-1, max-image-preview:large, max-video-preview:-1\" \/>\n<link rel=\"canonical\" href=\"https:\/\/vieassociative.be\/actualites\/lentrainement-15-15-15-est-un-excellent-cardio-pour-le-fasy-ennuye\/\" \/>\n<meta property=\"og:locale\" content=\"fr_FR\" \/>\n<meta property=\"og:type\" content=\"article\" \/>\n<meta property=\"og:title\" content=\"L&#039;entra\u00eenement &#039;15-15-15 &#039;est un excellent cardio pour le Fasy ennuy\u00e9 | Vie Associative\" \/>\n<meta property=\"og:description\" content=\"Et je vais combattre Jennifer Aniston pour cr\u00e9dit comme inventeur. Je viens d&rsquo;apprendre que l&rsquo;une de mes fa\u00e7ons pr\u00e9f\u00e9r\u00e9es de passer le temps dans un\" \/>\n<meta property=\"og:url\" content=\"https:\/\/vieassociative.be\/actualites\/lentrainement-15-15-15-est-un-excellent-cardio-pour-le-fasy-ennuye\/\" \/>\n<meta property=\"og:site_name\" content=\"Vie Associative\" \/>\n<meta property=\"article:published_time\" content=\"2025-02-04T18:17:26+00:00\" \/>\n<meta property=\"og:image\" content=\"https:\/\/vieassociative.be\/actualites\/wp-content\/uploads\/2024\/09\/header_backgroundk-01-e1726694325946.png\" \/>\n\t<meta property=\"og:image:width\" content=\"279\" \/>\n\t<meta property=\"og:image:height\" content=\"92\" \/>\n\t<meta property=\"og:image:type\" content=\"image\/png\" \/>\n<meta name=\"author\" content=\"Julien\" \/>\n<meta name=\"twitter:card\" content=\"summary_large_image\" \/>\n<meta name=\"twitter:label1\" content=\"\u00c9crit par\" \/>\n\t<meta name=\"twitter:data1\" content=\"Julien\" \/>\n\t<meta name=\"twitter:label2\" content=\"Dur\u00e9e de lecture est.\" \/>\n\t<meta name=\"twitter:data2\" content=\"3 minutes\" \/>\n<script type=\"application\/ld+json\" class=\"yoast-schema-graph\">{\"@context\":\"https:\/\/schema.org\",\"@graph\":[{\"@type\":\"Article\",\"@id\":\"https:\/\/vieassociative.be\/actualites\/lentrainement-15-15-15-est-un-excellent-cardio-pour-le-fasy-ennuye\/#article\",\"isPartOf\":{\"@id\":\"https:\/\/vieassociative.be\/actualites\/lentrainement-15-15-15-est-un-excellent-cardio-pour-le-fasy-ennuye\/\"},\"author\":{\"name\":\"Julien\",\"@id\":\"https:\/\/vieassociative.be\/actualites\/#\/schema\/person\/b87ac4f82f9d4e7b7cec7395b679edc4\"},\"headline\":\"L&rsquo;entra\u00eenement &rsquo;15-15-15 &lsquo;est un excellent cardio pour le Fasy ennuy\u00e9\",\"datePublished\":\"2025-02-04T18:17:26+00:00\",\"dateModified\":\"2025-02-04T18:17:26+00:00\",\"mainEntityOfPage\":{\"@id\":\"https:\/\/vieassociative.be\/actualites\/lentrainement-15-15-15-est-un-excellent-cardio-pour-le-fasy-ennuye\/\"},\"wordCount\":744,\"publisher\":{\"@id\":\"https:\/\/vieassociative.be\/actualites\/#organization\"},\"image\":{\"@id\":\"https:\/\/vieassociative.be\/actualites\/lentrainement-15-15-15-est-un-excellent-cardio-pour-le-fasy-ennuye\/#primaryimage\"},\"thumbnailUrl\":\"https:\/\/vieassociative.be\/actualites\/wp-content\/uploads\/2025\/02\/Lentrainement-15-15-15-est-un-excellent-cardio-pour-le-Fasy-ennuye.jpg\",\"keywords\":[\"cardio\",\"ennuy\u00e9\",\"est\",\"excellent\",\"Fasy\",\"Lentra\u00eenement\",\"pour\"],\"articleSection\":[\"Sant\u00e9\"],\"inLanguage\":\"fr-BE\"},{\"@type\":\"WebPage\",\"@id\":\"https:\/\/vieassociative.be\/actualites\/lentrainement-15-15-15-est-un-excellent-cardio-pour-le-fasy-ennuye\/\",\"url\":\"https:\/\/vieassociative.be\/actualites\/lentrainement-15-15-15-est-un-excellent-cardio-pour-le-fasy-ennuye\/\",\"name\":\"L'entra\u00eenement '15-15-15 'est un excellent cardio pour le Fasy ennuy\u00e9 | Vie Associative\",\"isPartOf\":{\"@id\":\"https:\/\/vieassociative.be\/actualites\/#website\"},\"primaryImageOfPage\":{\"@id\":\"https:\/\/vieassociative.be\/actualites\/lentrainement-15-15-15-est-un-excellent-cardio-pour-le-fasy-ennuye\/#primaryimage\"},\"image\":{\"@id\":\"https:\/\/vieassociative.be\/actualites\/lentrainement-15-15-15-est-un-excellent-cardio-pour-le-fasy-ennuye\/#primaryimage\"},\"thumbnailUrl\":\"https:\/\/vieassociative.be\/actualites\/wp-content\/uploads\/2025\/02\/Lentrainement-15-15-15-est-un-excellent-cardio-pour-le-Fasy-ennuye.jpg\",\"datePublished\":\"2025-02-04T18:17:26+00:00\",\"dateModified\":\"2025-02-04T18:17:26+00:00\",\"breadcrumb\":{\"@id\":\"https:\/\/vieassociative.be\/actualites\/lentrainement-15-15-15-est-un-excellent-cardio-pour-le-fasy-ennuye\/#breadcrumb\"},\"inLanguage\":\"fr-BE\",\"potentialAction\":[{\"@type\":\"ReadAction\",\"target\":[\"https:\/\/vieassociative.be\/actualites\/lentrainement-15-15-15-est-un-excellent-cardio-pour-le-fasy-ennuye\/\"]}]},{\"@type\":\"ImageObject\",\"inLanguage\":\"fr-BE\",\"@id\":\"https:\/\/vieassociative.be\/actualites\/lentrainement-15-15-15-est-un-excellent-cardio-pour-le-fasy-ennuye\/#primaryimage\",\"url\":\"https:\/\/vieassociative.be\/actualites\/wp-content\/uploads\/2025\/02\/Lentrainement-15-15-15-est-un-excellent-cardio-pour-le-Fasy-ennuye.jpg\",\"contentUrl\":\"https:\/\/vieassociative.be\/actualites\/wp-content\/uploads\/2025\/02\/Lentrainement-15-15-15-est-un-excellent-cardio-pour-le-Fasy-ennuye.jpg\",\"width\":1200,\"height\":675,\"caption\":\"L'entra\u00eenement '15-15-15 'est un excellent cardio pour le Fasy ennuy\u00e9\"},{\"@type\":\"BreadcrumbList\",\"@id\":\"https:\/\/vieassociative.be\/actualites\/lentrainement-15-15-15-est-un-excellent-cardio-pour-le-fasy-ennuye\/#breadcrumb\",\"itemListElement\":[{\"@type\":\"ListItem\",\"position\":1,\"name\":\"Accueil\",\"item\":\"https:\/\/vieassociative.be\/actualites\/\"},{\"@type\":\"ListItem\",\"position\":2,\"name\":\"L&rsquo;entra\u00eenement &rsquo;15-15-15 &lsquo;est un excellent cardio pour le Fasy ennuy\u00e9\"}]},{\"@type\":\"WebSite\",\"@id\":\"https:\/\/vieassociative.be\/actualites\/#website\",\"url\":\"https:\/\/vieassociative.be\/actualites\/\",\"name\":\"Vie Associative\",\"description\":\"\",\"publisher\":{\"@id\":\"https:\/\/vieassociative.be\/actualites\/#organization\"},\"potentialAction\":[{\"@type\":\"SearchAction\",\"target\":{\"@type\":\"EntryPoint\",\"urlTemplate\":\"https:\/\/vieassociative.be\/actualites\/?s={search_term_string}\"},\"query-input\":{\"@type\":\"PropertyValueSpecification\",\"valueRequired\":true,\"valueName\":\"search_term_string\"}}],\"inLanguage\":\"fr-BE\"},{\"@type\":\"Organization\",\"@id\":\"https:\/\/vieassociative.be\/actualites\/#organization\",\"name\":\"Vie Associative\",\"url\":\"https:\/\/vieassociative.be\/actualites\/\",\"logo\":{\"@type\":\"ImageObject\",\"inLanguage\":\"fr-BE\",\"@id\":\"https:\/\/vieassociative.be\/actualites\/#\/schema\/logo\/image\/\",\"url\":\"https:\/\/vieassociative.be\/actualites\/wp-content\/uploads\/2024\/09\/cropped-vieassociative_favicon.ico.png\",\"contentUrl\":\"https:\/\/vieassociative.be\/actualites\/wp-content\/uploads\/2024\/09\/cropped-vieassociative_favicon.ico.png\",\"width\":512,\"height\":512,\"caption\":\"Vie Associative\"},\"image\":{\"@id\":\"https:\/\/vieassociative.be\/actualites\/#\/schema\/logo\/image\/\"}},{\"@type\":\"Person\",\"@id\":\"https:\/\/vieassociative.be\/actualites\/#\/schema\/person\/b87ac4f82f9d4e7b7cec7395b679edc4\",\"name\":\"Julien\",\"image\":{\"@type\":\"ImageObject\",\"inLanguage\":\"fr-BE\",\"@id\":\"https:\/\/vieassociative.be\/actualites\/#\/schema\/person\/image\/\",\"url\":\"https:\/\/vieassociative.be\/actualites\/wp-content\/uploads\/2024\/09\/vie-associative-1-150x150.jpg\",\"contentUrl\":\"https:\/\/vieassociative.be\/actualites\/wp-content\/uploads\/2024\/09\/vie-associative-1-150x150.jpg\",\"caption\":\"Julien\"},\"description\":\"Je suis Julien, r\u00e9dacteur pour Vie Associative. Passionn\u00e9 par le monde associatif depuis plus de 10 ans, j'ai \u00e0 c\u0153ur de partager des histoires inspirantes et de mettre en lumi\u00e8re les initiatives locales. Mon objectif est de sensibiliser et d'encourager l'engagement communautaire \u00e0 travers mes articles.\",\"sameAs\":[\"https:\/\/vieassociative.be\/\"]}]}<\/script>\n<!-- \/ Yoast SEO plugin. -->","yoast_head_json":{"title":"L'entra\u00eenement '15-15-15 'est un excellent cardio pour le Fasy ennuy\u00e9 | Vie Associative","robots":{"index":"index","follow":"follow","max-snippet":"max-snippet:-1","max-image-preview":"max-image-preview:large","max-video-preview":"max-video-preview:-1"},"canonical":"https:\/\/vieassociative.be\/actualites\/lentrainement-15-15-15-est-un-excellent-cardio-pour-le-fasy-ennuye\/","og_locale":"fr_FR","og_type":"article","og_title":"L'entra\u00eenement '15-15-15 'est un excellent cardio pour le Fasy ennuy\u00e9 | Vie Associative","og_description":"Et je vais combattre Jennifer Aniston pour cr\u00e9dit comme inventeur. Je viens d&rsquo;apprendre que l&rsquo;une de mes fa\u00e7ons pr\u00e9f\u00e9r\u00e9es de passer le temps dans un","og_url":"https:\/\/vieassociative.be\/actualites\/lentrainement-15-15-15-est-un-excellent-cardio-pour-le-fasy-ennuye\/","og_site_name":"Vie Associative","article_published_time":"2025-02-04T18:17:26+00:00","og_image":[{"width":279,"height":92,"url":"https:\/\/vieassociative.be\/actualites\/wp-content\/uploads\/2024\/09\/header_backgroundk-01-e1726694325946.png","type":"image\/png"}],"author":"Julien","twitter_card":"summary_large_image","twitter_misc":{"\u00c9crit par":"Julien","Dur\u00e9e de lecture est.":"3 minutes"},"schema":{"@context":"https:\/\/schema.org","@graph":[{"@type":"Article","@id":"https:\/\/vieassociative.be\/actualites\/lentrainement-15-15-15-est-un-excellent-cardio-pour-le-fasy-ennuye\/#article","isPartOf":{"@id":"https:\/\/vieassociative.be\/actualites\/lentrainement-15-15-15-est-un-excellent-cardio-pour-le-fasy-ennuye\/"},"author":{"name":"Julien","@id":"https:\/\/vieassociative.be\/actualites\/#\/schema\/person\/b87ac4f82f9d4e7b7cec7395b679edc4"},"headline":"L&rsquo;entra\u00eenement &rsquo;15-15-15 &lsquo;est un excellent cardio pour le Fasy ennuy\u00e9","datePublished":"2025-02-04T18:17:26+00:00","dateModified":"2025-02-04T18:17:26+00:00","mainEntityOfPage":{"@id":"https:\/\/vieassociative.be\/actualites\/lentrainement-15-15-15-est-un-excellent-cardio-pour-le-fasy-ennuye\/"},"wordCount":744,"publisher":{"@id":"https:\/\/vieassociative.be\/actualites\/#organization"},"image":{"@id":"https:\/\/vieassociative.be\/actualites\/lentrainement-15-15-15-est-un-excellent-cardio-pour-le-fasy-ennuye\/#primaryimage"},"thumbnailUrl":"https:\/\/vieassociative.be\/actualites\/wp-content\/uploads\/2025\/02\/Lentrainement-15-15-15-est-un-excellent-cardio-pour-le-Fasy-ennuye.jpg","keywords":["cardio","ennuy\u00e9","est","excellent","Fasy","Lentra\u00eenement","pour"],"articleSection":["Sant\u00e9"],"inLanguage":"fr-BE"},{"@type":"WebPage","@id":"https:\/\/vieassociative.be\/actualites\/lentrainement-15-15-15-est-un-excellent-cardio-pour-le-fasy-ennuye\/","url":"https:\/\/vieassociative.be\/actualites\/lentrainement-15-15-15-est-un-excellent-cardio-pour-le-fasy-ennuye\/","name":"L'entra\u00eenement '15-15-15 'est un excellent cardio pour le Fasy ennuy\u00e9 | Vie Associative","isPartOf":{"@id":"https:\/\/vieassociative.be\/actualites\/#website"},"primaryImageOfPage":{"@id":"https:\/\/vieassociative.be\/actualites\/lentrainement-15-15-15-est-un-excellent-cardio-pour-le-fasy-ennuye\/#primaryimage"},"image":{"@id":"https:\/\/vieassociative.be\/actualites\/lentrainement-15-15-15-est-un-excellent-cardio-pour-le-fasy-ennuye\/#primaryimage"},"thumbnailUrl":"https:\/\/vieassociative.be\/actualites\/wp-content\/uploads\/2025\/02\/Lentrainement-15-15-15-est-un-excellent-cardio-pour-le-Fasy-ennuye.jpg","datePublished":"2025-02-04T18:17:26+00:00","dateModified":"2025-02-04T18:17:26+00:00","breadcrumb":{"@id":"https:\/\/vieassociative.be\/actualites\/lentrainement-15-15-15-est-un-excellent-cardio-pour-le-fasy-ennuye\/#breadcrumb"},"inLanguage":"fr-BE","potentialAction":[{"@type":"ReadAction","target":["https:\/\/vieassociative.be\/actualites\/lentrainement-15-15-15-est-un-excellent-cardio-pour-le-fasy-ennuye\/"]}]},{"@type":"ImageObject","inLanguage":"fr-BE","@id":"https:\/\/vieassociative.be\/actualites\/lentrainement-15-15-15-est-un-excellent-cardio-pour-le-fasy-ennuye\/#primaryimage","url":"https:\/\/vieassociative.be\/actualites\/wp-content\/uploads\/2025\/02\/Lentrainement-15-15-15-est-un-excellent-cardio-pour-le-Fasy-ennuye.jpg","contentUrl":"https:\/\/vieassociative.be\/actualites\/wp-content\/uploads\/2025\/02\/Lentrainement-15-15-15-est-un-excellent-cardio-pour-le-Fasy-ennuye.jpg","width":1200,"height":675,"caption":"L'entra\u00eenement '15-15-15 'est un excellent cardio pour le Fasy ennuy\u00e9"},{"@type":"BreadcrumbList","@id":"https:\/\/vieassociative.be\/actualites\/lentrainement-15-15-15-est-un-excellent-cardio-pour-le-fasy-ennuye\/#breadcrumb","itemListElement":[{"@type":"ListItem","position":1,"name":"Accueil","item":"https:\/\/vieassociative.be\/actualites\/"},{"@type":"ListItem","position":2,"name":"L&rsquo;entra\u00eenement &rsquo;15-15-15 &lsquo;est un excellent cardio pour le Fasy ennuy\u00e9"}]},{"@type":"WebSite","@id":"https:\/\/vieassociative.be\/actualites\/#website","url":"https:\/\/vieassociative.be\/actualites\/","name":"Vie Associative","description":"","publisher":{"@id":"https:\/\/vieassociative.be\/actualites\/#organization"},"potentialAction":[{"@type":"SearchAction","target":{"@type":"EntryPoint","urlTemplate":"https:\/\/vieassociative.be\/actualites\/?s={search_term_string}"},"query-input":{"@type":"PropertyValueSpecification","valueRequired":true,"valueName":"search_term_string"}}],"inLanguage":"fr-BE"},{"@type":"Organization","@id":"https:\/\/vieassociative.be\/actualites\/#organization","name":"Vie Associative","url":"https:\/\/vieassociative.be\/actualites\/","logo":{"@type":"ImageObject","inLanguage":"fr-BE","@id":"https:\/\/vieassociative.be\/actualites\/#\/schema\/logo\/image\/","url":"https:\/\/vieassociative.be\/actualites\/wp-content\/uploads\/2024\/09\/cropped-vieassociative_favicon.ico.png","contentUrl":"https:\/\/vieassociative.be\/actualites\/wp-content\/uploads\/2024\/09\/cropped-vieassociative_favicon.ico.png","width":512,"height":512,"caption":"Vie Associative"},"image":{"@id":"https:\/\/vieassociative.be\/actualites\/#\/schema\/logo\/image\/"}},{"@type":"Person","@id":"https:\/\/vieassociative.be\/actualites\/#\/schema\/person\/b87ac4f82f9d4e7b7cec7395b679edc4","name":"Julien","image":{"@type":"ImageObject","inLanguage":"fr-BE","@id":"https:\/\/vieassociative.be\/actualites\/#\/schema\/person\/image\/","url":"https:\/\/vieassociative.be\/actualites\/wp-content\/uploads\/2024\/09\/vie-associative-1-150x150.jpg","contentUrl":"https:\/\/vieassociative.be\/actualites\/wp-content\/uploads\/2024\/09\/vie-associative-1-150x150.jpg","caption":"Julien"},"description":"Je suis Julien, r\u00e9dacteur pour Vie Associative. Passionn\u00e9 par le monde associatif depuis plus de 10 ans, j'ai \u00e0 c\u0153ur de partager des histoires inspirantes et de mettre en lumi\u00e8re les initiatives locales. Mon objectif est de sensibiliser et d'encourager l'engagement communautaire \u00e0 travers mes articles.","sameAs":["https:\/\/vieassociative.be\/"]}]}},"_links":{"self":[{"href":"https:\/\/vieassociative.be\/actualites\/wp-json\/wp\/v2\/posts\/4843"}],"collection":[{"href":"https:\/\/vieassociative.be\/actualites\/wp-json\/wp\/v2\/posts"}],"about":[{"href":"https:\/\/vieassociative.be\/actualites\/wp-json\/wp\/v2\/types\/post"}],"author":[{"embeddable":true,"href":"https:\/\/vieassociative.be\/actualites\/wp-json\/wp\/v2\/users\/1"}],"replies":[{"embeddable":true,"href":"https:\/\/vieassociative.be\/actualites\/wp-json\/wp\/v2\/comments?post=4843"}],"version-history":[{"count":0,"href":"https:\/\/vieassociative.be\/actualites\/wp-json\/wp\/v2\/posts\/4843\/revisions"}],"wp:featuredmedia":[{"embeddable":true,"href":"https:\/\/vieassociative.be\/actualites\/wp-json\/wp\/v2\/media\/4844"}],"wp:attachment":[{"href":"https:\/\/vieassociative.be\/actualites\/wp-json\/wp\/v2\/media?parent=4843"}],"wp:term":[{"taxonomy":"category","embeddable":true,"href":"https:\/\/vieassociative.be\/actualites\/wp-json\/wp\/v2\/categories?post=4843"},{"taxonomy":"post_tag","embeddable":true,"href":"https:\/\/vieassociative.be\/actualites\/wp-json\/wp\/v2\/tags?post=4843"}],"curies":[{"name":"wp","href":"https:\/\/api.w.org\/{rel}","templated":true}]}}