{"id":4842,"date":"2025-02-04T18:17:12","date_gmt":"2025-02-04T17:17:12","guid":{"rendered":"https:\/\/vieassociative.be\/actualites\/des-choses-gratuites-pour-les-enfants-ayant-des-besoins-speciaux\/"},"modified":"2025-02-04T18:17:12","modified_gmt":"2025-02-04T17:17:12","slug":"des-choses-gratuites-pour-les-enfants-ayant-des-besoins-speciaux","status":"publish","type":"post","link":"https:\/\/vieassociative.be\/actualites\/des-choses-gratuites-pour-les-enfants-ayant-des-besoins-speciaux\/","title":{"rendered":"Des choses gratuites pour les enfants ayant des besoins sp\u00e9ciaux"},"content":{"rendered":"<p>Selon le D\u00e9partement am\u00e9ricain de l&rsquo;Agriculture, le co\u00fbt de l&rsquo;augmentation d&rsquo;un enfant typique \u00e0 l&rsquo;\u00e2ge de 18 ans est sup\u00e9rieur \u00e0 233 000 $. Les d\u00e9penses peuvent quadrupler pour un enfant ayant des besoins sp\u00e9ciaux. Il y a un patchwork d&rsquo;organisations offrant des biens, des services et des subventions gratuits pour ceux qui s&rsquo;occupent des enfants sp\u00e9ciaux. Dontpayfull.com a compil\u00e9 une liste exhaustive de cadeaux, des couvertures pond\u00e9r\u00e9es et des v\u00e9los sp\u00e9ciaux aux vols et aux voyages en famille. <\/p>\n","protected":false},"excerpt":{"rendered":"<p>Selon le D\u00e9partement am\u00e9ricain de l&rsquo;Agriculture, le co\u00fbt de l&rsquo;augmentation d&rsquo;un enfant typique \u00e0 l&rsquo;\u00e2ge de 18 ans est sup\u00e9rieur \u00e0 233 000 $. Les<\/p>\n","protected":false},"author":1,"featured_media":1797,"comment_status":"","ping_status":"","sticky":false,"template":"","format":"standard","meta":{"footnotes":""},"categories":[37],"tags":[5151,3482,93,29,324,1861,14,81,5152],"class_list":["post-4842","post","type-post","status-publish","format-standard","has-post-thumbnail","hentry","category-famille","tag-ayant","tag-besoins","tag-choses","tag-des","tag-enfants","tag-gratuites","tag-les","tag-pour","tag-speciaux","generate-columns","tablet-grid-50","mobile-grid-100","grid-parent","grid-33"],"yoast_head":"<!-- This site is optimized with the Yoast SEO plugin v24.0 - https:\/\/yoast.com\/wordpress\/plugins\/seo\/ -->\n<title>Des choses gratuites pour les enfants ayant des besoins sp\u00e9ciaux | Vie Associative<\/title>\n<meta name=\"robots\" content=\"index, follow, max-snippet:-1, max-image-preview:large, max-video-preview:-1\" \/>\n<link rel=\"canonical\" href=\"https:\/\/vieassociative.be\/actualites\/des-choses-gratuites-pour-les-enfants-ayant-des-besoins-speciaux\/\" \/>\n<meta property=\"og:locale\" content=\"fr_FR\" \/>\n<meta property=\"og:type\" content=\"article\" \/>\n<meta property=\"og:title\" content=\"Des choses gratuites pour les enfants ayant des besoins sp\u00e9ciaux | Vie Associative\" \/>\n<meta property=\"og:description\" content=\"Selon le D\u00e9partement am\u00e9ricain de l&rsquo;Agriculture, le co\u00fbt de l&rsquo;augmentation d&rsquo;un enfant typique \u00e0 l&rsquo;\u00e2ge de 18 ans est sup\u00e9rieur \u00e0 233 000 $. Les\" \/>\n<meta property=\"og:url\" content=\"https:\/\/vieassociative.be\/actualites\/des-choses-gratuites-pour-les-enfants-ayant-des-besoins-speciaux\/\" \/>\n<meta property=\"og:site_name\" content=\"Vie Associative\" \/>\n<meta property=\"article:published_time\" content=\"2025-02-04T17:17:12+00:00\" \/>\n<meta property=\"og:image\" content=\"https:\/\/vieassociative.be\/actualites\/wp-content\/uploads\/2024\/09\/header_backgroundk-01-e1726694325946.png\" \/>\n\t<meta property=\"og:image:width\" content=\"279\" \/>\n\t<meta property=\"og:image:height\" content=\"92\" \/>\n\t<meta property=\"og:image:type\" content=\"image\/png\" \/>\n<meta name=\"author\" content=\"Julien\" \/>\n<meta name=\"twitter:card\" content=\"summary_large_image\" \/>\n<meta name=\"twitter:label1\" content=\"\u00c9crit par\" \/>\n\t<meta name=\"twitter:data1\" content=\"Julien\" \/>\n<script type=\"application\/ld+json\" class=\"yoast-schema-graph\">{\"@context\":\"https:\/\/schema.org\",\"@graph\":[{\"@type\":\"Article\",\"@id\":\"https:\/\/vieassociative.be\/actualites\/des-choses-gratuites-pour-les-enfants-ayant-des-besoins-speciaux\/#article\",\"isPartOf\":{\"@id\":\"https:\/\/vieassociative.be\/actualites\/des-choses-gratuites-pour-les-enfants-ayant-des-besoins-speciaux\/\"},\"author\":{\"name\":\"Julien\",\"@id\":\"https:\/\/vieassociative.be\/actualites\/#\/schema\/person\/b87ac4f82f9d4e7b7cec7395b679edc4\"},\"headline\":\"Des choses gratuites pour les enfants ayant des besoins sp\u00e9ciaux\",\"datePublished\":\"2025-02-04T17:17:12+00:00\",\"dateModified\":\"2025-02-04T17:17:12+00:00\",\"mainEntityOfPage\":{\"@id\":\"https:\/\/vieassociative.be\/actualites\/des-choses-gratuites-pour-les-enfants-ayant-des-besoins-speciaux\/\"},\"wordCount\":102,\"publisher\":{\"@id\":\"https:\/\/vieassociative.be\/actualites\/#organization\"},\"image\":{\"@id\":\"https:\/\/vieassociative.be\/actualites\/des-choses-gratuites-pour-les-enfants-ayant-des-besoins-speciaux\/#primaryimage\"},\"thumbnailUrl\":\"https:\/\/vieassociative.be\/actualites\/wp-content\/uploads\/2024\/10\/Les-vibromasseurs-diminuent-ils-reellement-votre-sensibilite.png\",\"keywords\":[\"ayant\",\"besoins\",\"choses\",\"Des\",\"enfants\",\"gratuites\",\"Les\",\"pour\",\"sp\u00e9ciaux\"],\"articleSection\":[\"Famille\"],\"inLanguage\":\"fr-BE\"},{\"@type\":\"WebPage\",\"@id\":\"https:\/\/vieassociative.be\/actualites\/des-choses-gratuites-pour-les-enfants-ayant-des-besoins-speciaux\/\",\"url\":\"https:\/\/vieassociative.be\/actualites\/des-choses-gratuites-pour-les-enfants-ayant-des-besoins-speciaux\/\",\"name\":\"Des choses gratuites pour les enfants ayant des besoins sp\u00e9ciaux | Vie Associative\",\"isPartOf\":{\"@id\":\"https:\/\/vieassociative.be\/actualites\/#website\"},\"primaryImageOfPage\":{\"@id\":\"https:\/\/vieassociative.be\/actualites\/des-choses-gratuites-pour-les-enfants-ayant-des-besoins-speciaux\/#primaryimage\"},\"image\":{\"@id\":\"https:\/\/vieassociative.be\/actualites\/des-choses-gratuites-pour-les-enfants-ayant-des-besoins-speciaux\/#primaryimage\"},\"thumbnailUrl\":\"https:\/\/vieassociative.be\/actualites\/wp-content\/uploads\/2024\/10\/Les-vibromasseurs-diminuent-ils-reellement-votre-sensibilite.png\",\"datePublished\":\"2025-02-04T17:17:12+00:00\",\"dateModified\":\"2025-02-04T17:17:12+00:00\",\"breadcrumb\":{\"@id\":\"https:\/\/vieassociative.be\/actualites\/des-choses-gratuites-pour-les-enfants-ayant-des-besoins-speciaux\/#breadcrumb\"},\"inLanguage\":\"fr-BE\",\"potentialAction\":[{\"@type\":\"ReadAction\",\"target\":[\"https:\/\/vieassociative.be\/actualites\/des-choses-gratuites-pour-les-enfants-ayant-des-besoins-speciaux\/\"]}]},{\"@type\":\"ImageObject\",\"inLanguage\":\"fr-BE\",\"@id\":\"https:\/\/vieassociative.be\/actualites\/des-choses-gratuites-pour-les-enfants-ayant-des-besoins-speciaux\/#primaryimage\",\"url\":\"https:\/\/vieassociative.be\/actualites\/wp-content\/uploads\/2024\/10\/Les-vibromasseurs-diminuent-ils-reellement-votre-sensibilite.png\",\"contentUrl\":\"https:\/\/vieassociative.be\/actualites\/wp-content\/uploads\/2024\/10\/Les-vibromasseurs-diminuent-ils-reellement-votre-sensibilite.png\",\"width\":1200,\"height\":675,\"caption\":\"Les vibromasseurs diminuent-ils r\u00e9ellement votre sensibilit\u00e9 ?\"},{\"@type\":\"BreadcrumbList\",\"@id\":\"https:\/\/vieassociative.be\/actualites\/des-choses-gratuites-pour-les-enfants-ayant-des-besoins-speciaux\/#breadcrumb\",\"itemListElement\":[{\"@type\":\"ListItem\",\"position\":1,\"name\":\"Accueil\",\"item\":\"https:\/\/vieassociative.be\/actualites\/\"},{\"@type\":\"ListItem\",\"position\":2,\"name\":\"Des choses gratuites pour les enfants ayant des besoins sp\u00e9ciaux\"}]},{\"@type\":\"WebSite\",\"@id\":\"https:\/\/vieassociative.be\/actualites\/#website\",\"url\":\"https:\/\/vieassociative.be\/actualites\/\",\"name\":\"Vie Associative\",\"description\":\"\",\"publisher\":{\"@id\":\"https:\/\/vieassociative.be\/actualites\/#organization\"},\"potentialAction\":[{\"@type\":\"SearchAction\",\"target\":{\"@type\":\"EntryPoint\",\"urlTemplate\":\"https:\/\/vieassociative.be\/actualites\/?s={search_term_string}\"},\"query-input\":{\"@type\":\"PropertyValueSpecification\",\"valueRequired\":true,\"valueName\":\"search_term_string\"}}],\"inLanguage\":\"fr-BE\"},{\"@type\":\"Organization\",\"@id\":\"https:\/\/vieassociative.be\/actualites\/#organization\",\"name\":\"Vie Associative\",\"url\":\"https:\/\/vieassociative.be\/actualites\/\",\"logo\":{\"@type\":\"ImageObject\",\"inLanguage\":\"fr-BE\",\"@id\":\"https:\/\/vieassociative.be\/actualites\/#\/schema\/logo\/image\/\",\"url\":\"https:\/\/vieassociative.be\/actualites\/wp-content\/uploads\/2024\/09\/cropped-vieassociative_favicon.ico.png\",\"contentUrl\":\"https:\/\/vieassociative.be\/actualites\/wp-content\/uploads\/2024\/09\/cropped-vieassociative_favicon.ico.png\",\"width\":512,\"height\":512,\"caption\":\"Vie Associative\"},\"image\":{\"@id\":\"https:\/\/vieassociative.be\/actualites\/#\/schema\/logo\/image\/\"}},{\"@type\":\"Person\",\"@id\":\"https:\/\/vieassociative.be\/actualites\/#\/schema\/person\/b87ac4f82f9d4e7b7cec7395b679edc4\",\"name\":\"Julien\",\"image\":{\"@type\":\"ImageObject\",\"inLanguage\":\"fr-BE\",\"@id\":\"https:\/\/vieassociative.be\/actualites\/#\/schema\/person\/image\/\",\"url\":\"https:\/\/vieassociative.be\/actualites\/wp-content\/uploads\/2024\/09\/vie-associative-1-150x150.jpg\",\"contentUrl\":\"https:\/\/vieassociative.be\/actualites\/wp-content\/uploads\/2024\/09\/vie-associative-1-150x150.jpg\",\"caption\":\"Julien\"},\"description\":\"Je suis Julien, r\u00e9dacteur pour Vie Associative. Passionn\u00e9 par le monde associatif depuis plus de 10 ans, j'ai \u00e0 c\u0153ur de partager des histoires inspirantes et de mettre en lumi\u00e8re les initiatives locales. Mon objectif est de sensibiliser et d'encourager l'engagement communautaire \u00e0 travers mes articles.\",\"sameAs\":[\"https:\/\/vieassociative.be\/\"]}]}<\/script>\n<!-- \/ Yoast SEO plugin. -->","yoast_head_json":{"title":"Des choses gratuites pour les enfants ayant des besoins sp\u00e9ciaux | Vie Associative","robots":{"index":"index","follow":"follow","max-snippet":"max-snippet:-1","max-image-preview":"max-image-preview:large","max-video-preview":"max-video-preview:-1"},"canonical":"https:\/\/vieassociative.be\/actualites\/des-choses-gratuites-pour-les-enfants-ayant-des-besoins-speciaux\/","og_locale":"fr_FR","og_type":"article","og_title":"Des choses gratuites pour les enfants ayant des besoins sp\u00e9ciaux | Vie Associative","og_description":"Selon le D\u00e9partement am\u00e9ricain de l&rsquo;Agriculture, le co\u00fbt de l&rsquo;augmentation d&rsquo;un enfant typique \u00e0 l&rsquo;\u00e2ge de 18 ans est sup\u00e9rieur \u00e0 233 000 $. Les","og_url":"https:\/\/vieassociative.be\/actualites\/des-choses-gratuites-pour-les-enfants-ayant-des-besoins-speciaux\/","og_site_name":"Vie Associative","article_published_time":"2025-02-04T17:17:12+00:00","og_image":[{"width":279,"height":92,"url":"https:\/\/vieassociative.be\/actualites\/wp-content\/uploads\/2024\/09\/header_backgroundk-01-e1726694325946.png","type":"image\/png"}],"author":"Julien","twitter_card":"summary_large_image","twitter_misc":{"\u00c9crit par":"Julien"},"schema":{"@context":"https:\/\/schema.org","@graph":[{"@type":"Article","@id":"https:\/\/vieassociative.be\/actualites\/des-choses-gratuites-pour-les-enfants-ayant-des-besoins-speciaux\/#article","isPartOf":{"@id":"https:\/\/vieassociative.be\/actualites\/des-choses-gratuites-pour-les-enfants-ayant-des-besoins-speciaux\/"},"author":{"name":"Julien","@id":"https:\/\/vieassociative.be\/actualites\/#\/schema\/person\/b87ac4f82f9d4e7b7cec7395b679edc4"},"headline":"Des choses gratuites pour les enfants ayant des besoins sp\u00e9ciaux","datePublished":"2025-02-04T17:17:12+00:00","dateModified":"2025-02-04T17:17:12+00:00","mainEntityOfPage":{"@id":"https:\/\/vieassociative.be\/actualites\/des-choses-gratuites-pour-les-enfants-ayant-des-besoins-speciaux\/"},"wordCount":102,"publisher":{"@id":"https:\/\/vieassociative.be\/actualites\/#organization"},"image":{"@id":"https:\/\/vieassociative.be\/actualites\/des-choses-gratuites-pour-les-enfants-ayant-des-besoins-speciaux\/#primaryimage"},"thumbnailUrl":"https:\/\/vieassociative.be\/actualites\/wp-content\/uploads\/2024\/10\/Les-vibromasseurs-diminuent-ils-reellement-votre-sensibilite.png","keywords":["ayant","besoins","choses","Des","enfants","gratuites","Les","pour","sp\u00e9ciaux"],"articleSection":["Famille"],"inLanguage":"fr-BE"},{"@type":"WebPage","@id":"https:\/\/vieassociative.be\/actualites\/des-choses-gratuites-pour-les-enfants-ayant-des-besoins-speciaux\/","url":"https:\/\/vieassociative.be\/actualites\/des-choses-gratuites-pour-les-enfants-ayant-des-besoins-speciaux\/","name":"Des choses gratuites pour les enfants ayant des besoins sp\u00e9ciaux | Vie Associative","isPartOf":{"@id":"https:\/\/vieassociative.be\/actualites\/#website"},"primaryImageOfPage":{"@id":"https:\/\/vieassociative.be\/actualites\/des-choses-gratuites-pour-les-enfants-ayant-des-besoins-speciaux\/#primaryimage"},"image":{"@id":"https:\/\/vieassociative.be\/actualites\/des-choses-gratuites-pour-les-enfants-ayant-des-besoins-speciaux\/#primaryimage"},"thumbnailUrl":"https:\/\/vieassociative.be\/actualites\/wp-content\/uploads\/2024\/10\/Les-vibromasseurs-diminuent-ils-reellement-votre-sensibilite.png","datePublished":"2025-02-04T17:17:12+00:00","dateModified":"2025-02-04T17:17:12+00:00","breadcrumb":{"@id":"https:\/\/vieassociative.be\/actualites\/des-choses-gratuites-pour-les-enfants-ayant-des-besoins-speciaux\/#breadcrumb"},"inLanguage":"fr-BE","potentialAction":[{"@type":"ReadAction","target":["https:\/\/vieassociative.be\/actualites\/des-choses-gratuites-pour-les-enfants-ayant-des-besoins-speciaux\/"]}]},{"@type":"ImageObject","inLanguage":"fr-BE","@id":"https:\/\/vieassociative.be\/actualites\/des-choses-gratuites-pour-les-enfants-ayant-des-besoins-speciaux\/#primaryimage","url":"https:\/\/vieassociative.be\/actualites\/wp-content\/uploads\/2024\/10\/Les-vibromasseurs-diminuent-ils-reellement-votre-sensibilite.png","contentUrl":"https:\/\/vieassociative.be\/actualites\/wp-content\/uploads\/2024\/10\/Les-vibromasseurs-diminuent-ils-reellement-votre-sensibilite.png","width":1200,"height":675,"caption":"Les vibromasseurs diminuent-ils r\u00e9ellement votre sensibilit\u00e9 ?"},{"@type":"BreadcrumbList","@id":"https:\/\/vieassociative.be\/actualites\/des-choses-gratuites-pour-les-enfants-ayant-des-besoins-speciaux\/#breadcrumb","itemListElement":[{"@type":"ListItem","position":1,"name":"Accueil","item":"https:\/\/vieassociative.be\/actualites\/"},{"@type":"ListItem","position":2,"name":"Des choses gratuites pour les enfants ayant des besoins sp\u00e9ciaux"}]},{"@type":"WebSite","@id":"https:\/\/vieassociative.be\/actualites\/#website","url":"https:\/\/vieassociative.be\/actualites\/","name":"Vie Associative","description":"","publisher":{"@id":"https:\/\/vieassociative.be\/actualites\/#organization"},"potentialAction":[{"@type":"SearchAction","target":{"@type":"EntryPoint","urlTemplate":"https:\/\/vieassociative.be\/actualites\/?s={search_term_string}"},"query-input":{"@type":"PropertyValueSpecification","valueRequired":true,"valueName":"search_term_string"}}],"inLanguage":"fr-BE"},{"@type":"Organization","@id":"https:\/\/vieassociative.be\/actualites\/#organization","name":"Vie Associative","url":"https:\/\/vieassociative.be\/actualites\/","logo":{"@type":"ImageObject","inLanguage":"fr-BE","@id":"https:\/\/vieassociative.be\/actualites\/#\/schema\/logo\/image\/","url":"https:\/\/vieassociative.be\/actualites\/wp-content\/uploads\/2024\/09\/cropped-vieassociative_favicon.ico.png","contentUrl":"https:\/\/vieassociative.be\/actualites\/wp-content\/uploads\/2024\/09\/cropped-vieassociative_favicon.ico.png","width":512,"height":512,"caption":"Vie Associative"},"image":{"@id":"https:\/\/vieassociative.be\/actualites\/#\/schema\/logo\/image\/"}},{"@type":"Person","@id":"https:\/\/vieassociative.be\/actualites\/#\/schema\/person\/b87ac4f82f9d4e7b7cec7395b679edc4","name":"Julien","image":{"@type":"ImageObject","inLanguage":"fr-BE","@id":"https:\/\/vieassociative.be\/actualites\/#\/schema\/person\/image\/","url":"https:\/\/vieassociative.be\/actualites\/wp-content\/uploads\/2024\/09\/vie-associative-1-150x150.jpg","contentUrl":"https:\/\/vieassociative.be\/actualites\/wp-content\/uploads\/2024\/09\/vie-associative-1-150x150.jpg","caption":"Julien"},"description":"Je suis Julien, r\u00e9dacteur pour Vie Associative. Passionn\u00e9 par le monde associatif depuis plus de 10 ans, j'ai \u00e0 c\u0153ur de partager des histoires inspirantes et de mettre en lumi\u00e8re les initiatives locales. Mon objectif est de sensibiliser et d'encourager l'engagement communautaire \u00e0 travers mes articles.","sameAs":["https:\/\/vieassociative.be\/"]}]}},"_links":{"self":[{"href":"https:\/\/vieassociative.be\/actualites\/wp-json\/wp\/v2\/posts\/4842"}],"collection":[{"href":"https:\/\/vieassociative.be\/actualites\/wp-json\/wp\/v2\/posts"}],"about":[{"href":"https:\/\/vieassociative.be\/actualites\/wp-json\/wp\/v2\/types\/post"}],"author":[{"embeddable":true,"href":"https:\/\/vieassociative.be\/actualites\/wp-json\/wp\/v2\/users\/1"}],"replies":[{"embeddable":true,"href":"https:\/\/vieassociative.be\/actualites\/wp-json\/wp\/v2\/comments?post=4842"}],"version-history":[{"count":0,"href":"https:\/\/vieassociative.be\/actualites\/wp-json\/wp\/v2\/posts\/4842\/revisions"}],"wp:featuredmedia":[{"embeddable":true,"href":"https:\/\/vieassociative.be\/actualites\/wp-json\/wp\/v2\/media\/1797"}],"wp:attachment":[{"href":"https:\/\/vieassociative.be\/actualites\/wp-json\/wp\/v2\/media?parent=4842"}],"wp:term":[{"taxonomy":"category","embeddable":true,"href":"https:\/\/vieassociative.be\/actualites\/wp-json\/wp\/v2\/categories?post=4842"},{"taxonomy":"post_tag","embeddable":true,"href":"https:\/\/vieassociative.be\/actualites\/wp-json\/wp\/v2\/tags?post=4842"}],"curies":[{"name":"wp","href":"https:\/\/api.w.org\/{rel}","templated":true}]}}