{"id":4838,"date":"2025-02-04T15:17:24","date_gmt":"2025-02-04T14:17:24","guid":{"rendered":"https:\/\/vieassociative.be\/actualites\/le-gouvernement-de-de-wever-veut-abolir-le-senat-le-15-novembre-dans-la-dg-un-jour-ferie-pour-tout-le-monde-a-lavenir\/"},"modified":"2025-02-04T15:17:24","modified_gmt":"2025-02-04T14:17:24","slug":"le-gouvernement-de-de-wever-veut-abolir-le-senat-le-15-novembre-dans-la-dg-un-jour-ferie-pour-tout-le-monde-a-lavenir","status":"publish","type":"post","link":"https:\/\/vieassociative.be\/actualites\/le-gouvernement-de-de-wever-veut-abolir-le-senat-le-15-novembre-dans-la-dg-un-jour-ferie-pour-tout-le-monde-a-lavenir\/","title":{"rendered":"Le gouvernement de De Wever veut abolir le S\u00e9nat &#8211; le 15 novembre dans la DG un jour f\u00e9ri\u00e9 pour tout le monde \u00e0 l&rsquo;avenir?"},"content":{"rendered":"<p><strong>Le nouveau gouvernement f\u00e9d\u00e9ral du Premier ministre Bart De Wever (N-VA) souhaite effectuer certaines r\u00e9formes institutionnelles au cours de cette p\u00e9riode l\u00e9gislative. Deux d&rsquo;entre eux sont susceptibles d&rsquo;avoir une large approbation dans la DG.<\/strong><\/p>\n<p><span id=\"more-407477\"><\/span>Le nouveau gouvernement \u00ab\u00a0Arizona\u00a0\u00bb veut principalement abolir le S\u00e9nat. Les s\u00e9nateurs actuels, y compris le politicien de Prodg, Liesa Scholzen seront les derniers qui sont toujours en fonction.<\/p>\n<p>Au cours des r\u00e9formes de l&rsquo;\u00c9tat qui ont \u00e9t\u00e9 men\u00e9es en Belgique au cours des ann\u00e9es et des d\u00e9cennies, le S\u00e9nat a perdu un poids consid\u00e9rablement. La nouvelle coalition \u00abArizona\u00bb lui donne le coup de mort et pr\u00e9voit son abolition.<\/p>\n<div id=\"attachment_391717\" class=\"wp-caption alignleft\" style=\"max-width: 300px\"><img fetchpriority=\"high\" decoding=\"async\" class=\"wp-image-391717 size-medium\" src=\"https:\/\/vieassociative.be\/actualites\/wp-content\/uploads\/2025\/02\/Le-gouvernement-de-De-Wever-veut-abolir-le-Senat.jpg\" alt=\"\" width=\"300\" height=\"211\"><\/p>\n<p class=\"wp-caption-text\">La s\u00e9natrice Liesa Scholzen (Prodg) dans sa performance serment le 18 juillet 2024 au S\u00e9nat. Photo: Belga<\/p>\n<\/div>\n<p>Au d\u00e9but de la p\u00e9riode l\u00e9gislative, les d\u00e9partements \u00abadministratifs\u00bb du S\u00e9nat et de la Chambre sont d\u00e9j\u00e0 fusionn\u00e9s. Les s\u00e9nateurs de la p\u00e9riode l\u00e9gislative actuelle seront les derniers \u00e0 \u00eatre. Fondamentalement, apr\u00e8s les prochaines \u00e9lections l\u00e9gislatives au Parlement f\u00e9d\u00e9ral, il n&rsquo;y aura qu&rsquo;un membre de la Chambre.<\/p>\n<p>Une autre r\u00e9forme du gouvernement de Wever stipule que les r\u00e9gions et les communaut\u00e9s peuvent d\u00e9cider de faire un festival r\u00e9gional ou communautaire pendant les vacances.<\/p>\n<p>En Flandre, le 11 juillet serait donc un jour f\u00e9ri\u00e9 pour tout le monde, c&rsquo;est-\u00e0-dire non seulement pour les \u00e9coles et les administrations publiques. Dans le DG, le jour de la DG le 15 novembre serait consid\u00e9r\u00e9 comme un jour f\u00e9ri\u00e9.<\/p>\n<p>Cependant, cela n&rsquo;augmenterait pas le nombre de jours f\u00e9ri\u00e9s, car en \u00e9change de l&rsquo;introduction d&rsquo;un jour f\u00e9ri\u00e9 statutaire dans les r\u00e9gions ou les communaut\u00e9s, le 15 ao\u00fbt (hypoth\u00e8se) serait aboli en f\u00eates. (Cre).<\/p>\n<p><em><strong>Sur le sujet, voir \u00e9galement les articles suivants sur OD:<\/strong><\/em><\/p>\n<div class=\"responsive-embed widescreen\">\n<blockquote class=\"wp-embedded-content\" data-secret=\"GmrgcxoSl4\">\n<p>Pourquoi le nouveau Premier ministre de Wever (N-VA) est exactement le bon pour la Belgique (interjection)<\/p>\n<\/blockquote>\n<p><iframe loading=\"lazy\" class=\"wp-embedded-content\" sandbox=\"allow-scripts\" security=\"restricted\" style=\"position: absolute; visibility: hidden;\" title=\"\u201eWeshalb der neue Premierminister De Wever (N-VA) genau der Richtige ist f\u00fcr Belgien (Zwischenruf)\u201c \u2014 Ostbelgien Direkt\" src=\"https:\/\/ostbelgiendirekt.be\/about:blank\" data-secret=\"GmrgcxoSl4\" width=\"500\" height=\"282\" frameborder=\"0\" marginwidth=\"0\" marginheight=\"0\" scrolling=\"no\" data-rocket-lazyload=\"fitvidscompatible\" data-lazy-src=\"https:\/\/ostbelgiendirekt.be\/neuer-premier-de-wever-zwischenruf-407443\/embed#?secret=yDxBUWUMXK#?secret=GmrgcxoSl4\"><\/iframe><noscript><iframe class=\"wp-embedded-content\" sandbox=\"allow-scripts\" security=\"restricted\" style=\"position: absolute; visibility: hidden;\" title=\"\u201eWeshalb der neue Premierminister De Wever (N-VA) genau der Richtige ist f\u00fcr Belgien (Zwischenruf)\u201c \u2014 Ostbelgien Direkt\" src=\"https:\/\/ostbelgiendirekt.be\/neuer-premier-de-wever-zwischenruf-407443\/embed#?secret=yDxBUWUMXK#?secret=GmrgcxoSl4\" data-secret=\"GmrgcxoSl4\" width=\"500\" height=\"282\" frameborder=\"0\" marginwidth=\"0\" marginheight=\"0\" scrolling=\"no\"><\/iframe><\/noscript><\/p>\n<\/div>\n<div class=\"responsive-embed widescreen\">\n<blockquote class=\"wp-embedded-content\" data-secret=\"SQEKhQ1l2H\">\n<p>Un nouveau gouvernement f\u00e9d\u00e9ral pour une Nouvelle-Belgique? &#8211; De Wever et ses 14 ministres ont fait le serment<\/p>\n<\/blockquote>\n<p><iframe loading=\"lazy\" class=\"wp-embedded-content\" sandbox=\"allow-scripts\" security=\"restricted\" style=\"position: absolute; visibility: hidden;\" title=\"\u201eEine neue F\u00f6deralregierung f\u00fcr ein neues Belgien? \u2013 De Wever und seine 14 Minister leisteten ihren Eid\u201c \u2014 Ostbelgien Direkt\" src=\"https:\/\/ostbelgiendirekt.be\/about:blank\" data-secret=\"SQEKhQ1l2H\" width=\"500\" height=\"282\" frameborder=\"0\" marginwidth=\"0\" marginheight=\"0\" scrolling=\"no\" data-rocket-lazyload=\"fitvidscompatible\" data-lazy-src=\"https:\/\/ostbelgiendirekt.be\/von-der-n-va-gefuehrte-regierung-407207\/embed#?secret=IBVnEqk94j#?secret=SQEKhQ1l2H\"><\/iframe><noscript><iframe class=\"wp-embedded-content\" sandbox=\"allow-scripts\" security=\"restricted\" style=\"position: absolute; visibility: hidden;\" title=\"\u201eEine neue F\u00f6deralregierung f\u00fcr ein neues Belgien? \u2013 De Wever und seine 14 Minister leisteten ihren Eid\u201c \u2014 Ostbelgien Direkt\" src=\"https:\/\/ostbelgiendirekt.be\/von-der-n-va-gefuehrte-regierung-407207\/embed#?secret=IBVnEqk94j#?secret=SQEKhQ1l2H\" data-secret=\"SQEKhQ1l2H\" width=\"500\" height=\"282\" frameborder=\"0\" marginwidth=\"0\" marginheight=\"0\" scrolling=\"no\"><\/iframe><\/noscript><\/p>\n<\/div>\n","protected":false},"excerpt":{"rendered":"<p>Le nouveau gouvernement f\u00e9d\u00e9ral du Premier ministre Bart De Wever (N-VA) souhaite effectuer certaines r\u00e9formes institutionnelles au cours de cette p\u00e9riode l\u00e9gislative. Deux d&rsquo;entre eux<\/p>\n","protected":false},"author":1,"featured_media":4839,"comment_status":"","ping_status":"","sticky":false,"template":"","format":"standard","meta":{"footnotes":""},"categories":[298],"tags":[5148,166,5150,615,53,2274,237,1894,81,5149,236,2635,2755],"class_list":["post-4838","post","type-post","status-publish","format-standard","has-post-thumbnail","hentry","category-belgique","tag-abolir","tag-dans","tag-ferie","tag-gouvernement","tag-jour","tag-lavenir","tag-monde","tag-novembre","tag-pour","tag-senat","tag-tout","tag-veut","tag-wever","generate-columns","tablet-grid-50","mobile-grid-100","grid-parent","grid-33"],"yoast_head":"<!-- This site is optimized with the Yoast SEO plugin v24.0 - https:\/\/yoast.com\/wordpress\/plugins\/seo\/ -->\n<title>Le gouvernement de De Wever veut abolir le S\u00e9nat - le 15 novembre dans la DG un jour f\u00e9ri\u00e9 pour tout le monde \u00e0 l&#039;avenir? | Vie Associative<\/title>\n<meta name=\"robots\" content=\"index, follow, max-snippet:-1, max-image-preview:large, max-video-preview:-1\" \/>\n<link rel=\"canonical\" href=\"https:\/\/vieassociative.be\/actualites\/le-gouvernement-de-de-wever-veut-abolir-le-senat-le-15-novembre-dans-la-dg-un-jour-ferie-pour-tout-le-monde-a-lavenir\/\" \/>\n<meta property=\"og:locale\" content=\"fr_FR\" \/>\n<meta property=\"og:type\" content=\"article\" \/>\n<meta property=\"og:title\" content=\"Le gouvernement de De Wever veut abolir le S\u00e9nat - le 15 novembre dans la DG un jour f\u00e9ri\u00e9 pour tout le monde \u00e0 l&#039;avenir? | Vie Associative\" \/>\n<meta property=\"og:description\" content=\"Le nouveau gouvernement f\u00e9d\u00e9ral du Premier ministre Bart De Wever (N-VA) souhaite effectuer certaines r\u00e9formes institutionnelles au cours de cette p\u00e9riode l\u00e9gislative. Deux d&rsquo;entre eux\" \/>\n<meta property=\"og:url\" content=\"https:\/\/vieassociative.be\/actualites\/le-gouvernement-de-de-wever-veut-abolir-le-senat-le-15-novembre-dans-la-dg-un-jour-ferie-pour-tout-le-monde-a-lavenir\/\" \/>\n<meta property=\"og:site_name\" content=\"Vie Associative\" \/>\n<meta property=\"article:published_time\" content=\"2025-02-04T14:17:24+00:00\" \/>\n<meta property=\"og:image\" content=\"https:\/\/vieassociative.be\/actualites\/wp-content\/uploads\/2024\/09\/header_backgroundk-01-e1726694325946.png\" \/>\n\t<meta property=\"og:image:width\" content=\"279\" \/>\n\t<meta property=\"og:image:height\" content=\"92\" \/>\n\t<meta property=\"og:image:type\" content=\"image\/png\" \/>\n<meta name=\"author\" content=\"Julien\" \/>\n<meta name=\"twitter:card\" content=\"summary_large_image\" \/>\n<meta name=\"twitter:label1\" content=\"\u00c9crit par\" \/>\n\t<meta name=\"twitter:data1\" content=\"Julien\" \/>\n\t<meta name=\"twitter:label2\" content=\"Dur\u00e9e de lecture est.\" \/>\n\t<meta name=\"twitter:data2\" content=\"2 minutes\" \/>\n<script type=\"application\/ld+json\" class=\"yoast-schema-graph\">{\"@context\":\"https:\/\/schema.org\",\"@graph\":[{\"@type\":\"Article\",\"@id\":\"https:\/\/vieassociative.be\/actualites\/le-gouvernement-de-de-wever-veut-abolir-le-senat-le-15-novembre-dans-la-dg-un-jour-ferie-pour-tout-le-monde-a-lavenir\/#article\",\"isPartOf\":{\"@id\":\"https:\/\/vieassociative.be\/actualites\/le-gouvernement-de-de-wever-veut-abolir-le-senat-le-15-novembre-dans-la-dg-un-jour-ferie-pour-tout-le-monde-a-lavenir\/\"},\"author\":{\"name\":\"Julien\",\"@id\":\"https:\/\/vieassociative.be\/actualites\/#\/schema\/person\/b87ac4f82f9d4e7b7cec7395b679edc4\"},\"headline\":\"Le gouvernement de De Wever veut abolir le S\u00e9nat &#8211; le 15 novembre dans la DG un jour f\u00e9ri\u00e9 pour tout le monde \u00e0 l&rsquo;avenir?\",\"datePublished\":\"2025-02-04T14:17:24+00:00\",\"dateModified\":\"2025-02-04T14:17:24+00:00\",\"mainEntityOfPage\":{\"@id\":\"https:\/\/vieassociative.be\/actualites\/le-gouvernement-de-de-wever-veut-abolir-le-senat-le-15-novembre-dans-la-dg-un-jour-ferie-pour-tout-le-monde-a-lavenir\/\"},\"wordCount\":387,\"publisher\":{\"@id\":\"https:\/\/vieassociative.be\/actualites\/#organization\"},\"image\":{\"@id\":\"https:\/\/vieassociative.be\/actualites\/le-gouvernement-de-de-wever-veut-abolir-le-senat-le-15-novembre-dans-la-dg-un-jour-ferie-pour-tout-le-monde-a-lavenir\/#primaryimage\"},\"thumbnailUrl\":\"https:\/\/vieassociative.be\/actualites\/wp-content\/uploads\/2025\/02\/1738678644_Le-gouvernement-de-De-Wever-veut-abolir-le-Senat.jpg\",\"keywords\":[\"abolir\",\"dans\",\"f\u00e9ri\u00e9\",\"gouvernement\",\"jour\",\"lavenir\",\"monde\",\"novembre\",\"pour\",\"S\u00e9nat\",\"tout\",\"veut\",\"Wever\"],\"articleSection\":[\"Belgique\"],\"inLanguage\":\"fr-BE\"},{\"@type\":\"WebPage\",\"@id\":\"https:\/\/vieassociative.be\/actualites\/le-gouvernement-de-de-wever-veut-abolir-le-senat-le-15-novembre-dans-la-dg-un-jour-ferie-pour-tout-le-monde-a-lavenir\/\",\"url\":\"https:\/\/vieassociative.be\/actualites\/le-gouvernement-de-de-wever-veut-abolir-le-senat-le-15-novembre-dans-la-dg-un-jour-ferie-pour-tout-le-monde-a-lavenir\/\",\"name\":\"Le gouvernement de De Wever veut abolir le S\u00e9nat - le 15 novembre dans la DG un jour f\u00e9ri\u00e9 pour tout le monde \u00e0 l'avenir? | Vie Associative\",\"isPartOf\":{\"@id\":\"https:\/\/vieassociative.be\/actualites\/#website\"},\"primaryImageOfPage\":{\"@id\":\"https:\/\/vieassociative.be\/actualites\/le-gouvernement-de-de-wever-veut-abolir-le-senat-le-15-novembre-dans-la-dg-un-jour-ferie-pour-tout-le-monde-a-lavenir\/#primaryimage\"},\"image\":{\"@id\":\"https:\/\/vieassociative.be\/actualites\/le-gouvernement-de-de-wever-veut-abolir-le-senat-le-15-novembre-dans-la-dg-un-jour-ferie-pour-tout-le-monde-a-lavenir\/#primaryimage\"},\"thumbnailUrl\":\"https:\/\/vieassociative.be\/actualites\/wp-content\/uploads\/2025\/02\/1738678644_Le-gouvernement-de-De-Wever-veut-abolir-le-Senat.jpg\",\"datePublished\":\"2025-02-04T14:17:24+00:00\",\"dateModified\":\"2025-02-04T14:17:24+00:00\",\"breadcrumb\":{\"@id\":\"https:\/\/vieassociative.be\/actualites\/le-gouvernement-de-de-wever-veut-abolir-le-senat-le-15-novembre-dans-la-dg-un-jour-ferie-pour-tout-le-monde-a-lavenir\/#breadcrumb\"},\"inLanguage\":\"fr-BE\",\"potentialAction\":[{\"@type\":\"ReadAction\",\"target\":[\"https:\/\/vieassociative.be\/actualites\/le-gouvernement-de-de-wever-veut-abolir-le-senat-le-15-novembre-dans-la-dg-un-jour-ferie-pour-tout-le-monde-a-lavenir\/\"]}]},{\"@type\":\"ImageObject\",\"inLanguage\":\"fr-BE\",\"@id\":\"https:\/\/vieassociative.be\/actualites\/le-gouvernement-de-de-wever-veut-abolir-le-senat-le-15-novembre-dans-la-dg-un-jour-ferie-pour-tout-le-monde-a-lavenir\/#primaryimage\",\"url\":\"https:\/\/vieassociative.be\/actualites\/wp-content\/uploads\/2025\/02\/1738678644_Le-gouvernement-de-De-Wever-veut-abolir-le-Senat.jpg\",\"contentUrl\":\"https:\/\/vieassociative.be\/actualites\/wp-content\/uploads\/2025\/02\/1738678644_Le-gouvernement-de-De-Wever-veut-abolir-le-Senat.jpg\",\"width\":1200,\"height\":800,\"caption\":\"Le gouvernement de De Wever veut abolir le S\u00e9nat - le 15 novembre dans la DG un jour f\u00e9ri\u00e9 pour tout le monde \u00e0 l'avenir?\"},{\"@type\":\"BreadcrumbList\",\"@id\":\"https:\/\/vieassociative.be\/actualites\/le-gouvernement-de-de-wever-veut-abolir-le-senat-le-15-novembre-dans-la-dg-un-jour-ferie-pour-tout-le-monde-a-lavenir\/#breadcrumb\",\"itemListElement\":[{\"@type\":\"ListItem\",\"position\":1,\"name\":\"Accueil\",\"item\":\"https:\/\/vieassociative.be\/actualites\/\"},{\"@type\":\"ListItem\",\"position\":2,\"name\":\"Le gouvernement de De Wever veut abolir le S\u00e9nat &#8211; le 15 novembre dans la DG un jour f\u00e9ri\u00e9 pour tout le monde \u00e0 l&rsquo;avenir?\"}]},{\"@type\":\"WebSite\",\"@id\":\"https:\/\/vieassociative.be\/actualites\/#website\",\"url\":\"https:\/\/vieassociative.be\/actualites\/\",\"name\":\"Vie Associative\",\"description\":\"\",\"publisher\":{\"@id\":\"https:\/\/vieassociative.be\/actualites\/#organization\"},\"potentialAction\":[{\"@type\":\"SearchAction\",\"target\":{\"@type\":\"EntryPoint\",\"urlTemplate\":\"https:\/\/vieassociative.be\/actualites\/?s={search_term_string}\"},\"query-input\":{\"@type\":\"PropertyValueSpecification\",\"valueRequired\":true,\"valueName\":\"search_term_string\"}}],\"inLanguage\":\"fr-BE\"},{\"@type\":\"Organization\",\"@id\":\"https:\/\/vieassociative.be\/actualites\/#organization\",\"name\":\"Vie Associative\",\"url\":\"https:\/\/vieassociative.be\/actualites\/\",\"logo\":{\"@type\":\"ImageObject\",\"inLanguage\":\"fr-BE\",\"@id\":\"https:\/\/vieassociative.be\/actualites\/#\/schema\/logo\/image\/\",\"url\":\"https:\/\/vieassociative.be\/actualites\/wp-content\/uploads\/2024\/09\/cropped-vieassociative_favicon.ico.png\",\"contentUrl\":\"https:\/\/vieassociative.be\/actualites\/wp-content\/uploads\/2024\/09\/cropped-vieassociative_favicon.ico.png\",\"width\":512,\"height\":512,\"caption\":\"Vie Associative\"},\"image\":{\"@id\":\"https:\/\/vieassociative.be\/actualites\/#\/schema\/logo\/image\/\"}},{\"@type\":\"Person\",\"@id\":\"https:\/\/vieassociative.be\/actualites\/#\/schema\/person\/b87ac4f82f9d4e7b7cec7395b679edc4\",\"name\":\"Julien\",\"image\":{\"@type\":\"ImageObject\",\"inLanguage\":\"fr-BE\",\"@id\":\"https:\/\/vieassociative.be\/actualites\/#\/schema\/person\/image\/\",\"url\":\"https:\/\/vieassociative.be\/actualites\/wp-content\/uploads\/2024\/09\/vie-associative-1-150x150.jpg\",\"contentUrl\":\"https:\/\/vieassociative.be\/actualites\/wp-content\/uploads\/2024\/09\/vie-associative-1-150x150.jpg\",\"caption\":\"Julien\"},\"description\":\"Je suis Julien, r\u00e9dacteur pour Vie Associative. Passionn\u00e9 par le monde associatif depuis plus de 10 ans, j'ai \u00e0 c\u0153ur de partager des histoires inspirantes et de mettre en lumi\u00e8re les initiatives locales. Mon objectif est de sensibiliser et d'encourager l'engagement communautaire \u00e0 travers mes articles.\",\"sameAs\":[\"https:\/\/vieassociative.be\/\"]}]}<\/script>\n<!-- \/ Yoast SEO plugin. -->","yoast_head_json":{"title":"Le gouvernement de De Wever veut abolir le S\u00e9nat - le 15 novembre dans la DG un jour f\u00e9ri\u00e9 pour tout le monde \u00e0 l'avenir? | Vie Associative","robots":{"index":"index","follow":"follow","max-snippet":"max-snippet:-1","max-image-preview":"max-image-preview:large","max-video-preview":"max-video-preview:-1"},"canonical":"https:\/\/vieassociative.be\/actualites\/le-gouvernement-de-de-wever-veut-abolir-le-senat-le-15-novembre-dans-la-dg-un-jour-ferie-pour-tout-le-monde-a-lavenir\/","og_locale":"fr_FR","og_type":"article","og_title":"Le gouvernement de De Wever veut abolir le S\u00e9nat - le 15 novembre dans la DG un jour f\u00e9ri\u00e9 pour tout le monde \u00e0 l'avenir? | Vie Associative","og_description":"Le nouveau gouvernement f\u00e9d\u00e9ral du Premier ministre Bart De Wever (N-VA) souhaite effectuer certaines r\u00e9formes institutionnelles au cours de cette p\u00e9riode l\u00e9gislative. Deux d&rsquo;entre eux","og_url":"https:\/\/vieassociative.be\/actualites\/le-gouvernement-de-de-wever-veut-abolir-le-senat-le-15-novembre-dans-la-dg-un-jour-ferie-pour-tout-le-monde-a-lavenir\/","og_site_name":"Vie Associative","article_published_time":"2025-02-04T14:17:24+00:00","og_image":[{"width":279,"height":92,"url":"https:\/\/vieassociative.be\/actualites\/wp-content\/uploads\/2024\/09\/header_backgroundk-01-e1726694325946.png","type":"image\/png"}],"author":"Julien","twitter_card":"summary_large_image","twitter_misc":{"\u00c9crit par":"Julien","Dur\u00e9e de lecture est.":"2 minutes"},"schema":{"@context":"https:\/\/schema.org","@graph":[{"@type":"Article","@id":"https:\/\/vieassociative.be\/actualites\/le-gouvernement-de-de-wever-veut-abolir-le-senat-le-15-novembre-dans-la-dg-un-jour-ferie-pour-tout-le-monde-a-lavenir\/#article","isPartOf":{"@id":"https:\/\/vieassociative.be\/actualites\/le-gouvernement-de-de-wever-veut-abolir-le-senat-le-15-novembre-dans-la-dg-un-jour-ferie-pour-tout-le-monde-a-lavenir\/"},"author":{"name":"Julien","@id":"https:\/\/vieassociative.be\/actualites\/#\/schema\/person\/b87ac4f82f9d4e7b7cec7395b679edc4"},"headline":"Le gouvernement de De Wever veut abolir le S\u00e9nat &#8211; le 15 novembre dans la DG un jour f\u00e9ri\u00e9 pour tout le monde \u00e0 l&rsquo;avenir?","datePublished":"2025-02-04T14:17:24+00:00","dateModified":"2025-02-04T14:17:24+00:00","mainEntityOfPage":{"@id":"https:\/\/vieassociative.be\/actualites\/le-gouvernement-de-de-wever-veut-abolir-le-senat-le-15-novembre-dans-la-dg-un-jour-ferie-pour-tout-le-monde-a-lavenir\/"},"wordCount":387,"publisher":{"@id":"https:\/\/vieassociative.be\/actualites\/#organization"},"image":{"@id":"https:\/\/vieassociative.be\/actualites\/le-gouvernement-de-de-wever-veut-abolir-le-senat-le-15-novembre-dans-la-dg-un-jour-ferie-pour-tout-le-monde-a-lavenir\/#primaryimage"},"thumbnailUrl":"https:\/\/vieassociative.be\/actualites\/wp-content\/uploads\/2025\/02\/1738678644_Le-gouvernement-de-De-Wever-veut-abolir-le-Senat.jpg","keywords":["abolir","dans","f\u00e9ri\u00e9","gouvernement","jour","lavenir","monde","novembre","pour","S\u00e9nat","tout","veut","Wever"],"articleSection":["Belgique"],"inLanguage":"fr-BE"},{"@type":"WebPage","@id":"https:\/\/vieassociative.be\/actualites\/le-gouvernement-de-de-wever-veut-abolir-le-senat-le-15-novembre-dans-la-dg-un-jour-ferie-pour-tout-le-monde-a-lavenir\/","url":"https:\/\/vieassociative.be\/actualites\/le-gouvernement-de-de-wever-veut-abolir-le-senat-le-15-novembre-dans-la-dg-un-jour-ferie-pour-tout-le-monde-a-lavenir\/","name":"Le gouvernement de De Wever veut abolir le S\u00e9nat - le 15 novembre dans la DG un jour f\u00e9ri\u00e9 pour tout le monde \u00e0 l'avenir? | Vie Associative","isPartOf":{"@id":"https:\/\/vieassociative.be\/actualites\/#website"},"primaryImageOfPage":{"@id":"https:\/\/vieassociative.be\/actualites\/le-gouvernement-de-de-wever-veut-abolir-le-senat-le-15-novembre-dans-la-dg-un-jour-ferie-pour-tout-le-monde-a-lavenir\/#primaryimage"},"image":{"@id":"https:\/\/vieassociative.be\/actualites\/le-gouvernement-de-de-wever-veut-abolir-le-senat-le-15-novembre-dans-la-dg-un-jour-ferie-pour-tout-le-monde-a-lavenir\/#primaryimage"},"thumbnailUrl":"https:\/\/vieassociative.be\/actualites\/wp-content\/uploads\/2025\/02\/1738678644_Le-gouvernement-de-De-Wever-veut-abolir-le-Senat.jpg","datePublished":"2025-02-04T14:17:24+00:00","dateModified":"2025-02-04T14:17:24+00:00","breadcrumb":{"@id":"https:\/\/vieassociative.be\/actualites\/le-gouvernement-de-de-wever-veut-abolir-le-senat-le-15-novembre-dans-la-dg-un-jour-ferie-pour-tout-le-monde-a-lavenir\/#breadcrumb"},"inLanguage":"fr-BE","potentialAction":[{"@type":"ReadAction","target":["https:\/\/vieassociative.be\/actualites\/le-gouvernement-de-de-wever-veut-abolir-le-senat-le-15-novembre-dans-la-dg-un-jour-ferie-pour-tout-le-monde-a-lavenir\/"]}]},{"@type":"ImageObject","inLanguage":"fr-BE","@id":"https:\/\/vieassociative.be\/actualites\/le-gouvernement-de-de-wever-veut-abolir-le-senat-le-15-novembre-dans-la-dg-un-jour-ferie-pour-tout-le-monde-a-lavenir\/#primaryimage","url":"https:\/\/vieassociative.be\/actualites\/wp-content\/uploads\/2025\/02\/1738678644_Le-gouvernement-de-De-Wever-veut-abolir-le-Senat.jpg","contentUrl":"https:\/\/vieassociative.be\/actualites\/wp-content\/uploads\/2025\/02\/1738678644_Le-gouvernement-de-De-Wever-veut-abolir-le-Senat.jpg","width":1200,"height":800,"caption":"Le gouvernement de De Wever veut abolir le S\u00e9nat - le 15 novembre dans la DG un jour f\u00e9ri\u00e9 pour tout le monde \u00e0 l'avenir?"},{"@type":"BreadcrumbList","@id":"https:\/\/vieassociative.be\/actualites\/le-gouvernement-de-de-wever-veut-abolir-le-senat-le-15-novembre-dans-la-dg-un-jour-ferie-pour-tout-le-monde-a-lavenir\/#breadcrumb","itemListElement":[{"@type":"ListItem","position":1,"name":"Accueil","item":"https:\/\/vieassociative.be\/actualites\/"},{"@type":"ListItem","position":2,"name":"Le gouvernement de De Wever veut abolir le S\u00e9nat &#8211; le 15 novembre dans la DG un jour f\u00e9ri\u00e9 pour tout le monde \u00e0 l&rsquo;avenir?"}]},{"@type":"WebSite","@id":"https:\/\/vieassociative.be\/actualites\/#website","url":"https:\/\/vieassociative.be\/actualites\/","name":"Vie Associative","description":"","publisher":{"@id":"https:\/\/vieassociative.be\/actualites\/#organization"},"potentialAction":[{"@type":"SearchAction","target":{"@type":"EntryPoint","urlTemplate":"https:\/\/vieassociative.be\/actualites\/?s={search_term_string}"},"query-input":{"@type":"PropertyValueSpecification","valueRequired":true,"valueName":"search_term_string"}}],"inLanguage":"fr-BE"},{"@type":"Organization","@id":"https:\/\/vieassociative.be\/actualites\/#organization","name":"Vie Associative","url":"https:\/\/vieassociative.be\/actualites\/","logo":{"@type":"ImageObject","inLanguage":"fr-BE","@id":"https:\/\/vieassociative.be\/actualites\/#\/schema\/logo\/image\/","url":"https:\/\/vieassociative.be\/actualites\/wp-content\/uploads\/2024\/09\/cropped-vieassociative_favicon.ico.png","contentUrl":"https:\/\/vieassociative.be\/actualites\/wp-content\/uploads\/2024\/09\/cropped-vieassociative_favicon.ico.png","width":512,"height":512,"caption":"Vie Associative"},"image":{"@id":"https:\/\/vieassociative.be\/actualites\/#\/schema\/logo\/image\/"}},{"@type":"Person","@id":"https:\/\/vieassociative.be\/actualites\/#\/schema\/person\/b87ac4f82f9d4e7b7cec7395b679edc4","name":"Julien","image":{"@type":"ImageObject","inLanguage":"fr-BE","@id":"https:\/\/vieassociative.be\/actualites\/#\/schema\/person\/image\/","url":"https:\/\/vieassociative.be\/actualites\/wp-content\/uploads\/2024\/09\/vie-associative-1-150x150.jpg","contentUrl":"https:\/\/vieassociative.be\/actualites\/wp-content\/uploads\/2024\/09\/vie-associative-1-150x150.jpg","caption":"Julien"},"description":"Je suis Julien, r\u00e9dacteur pour Vie Associative. Passionn\u00e9 par le monde associatif depuis plus de 10 ans, j'ai \u00e0 c\u0153ur de partager des histoires inspirantes et de mettre en lumi\u00e8re les initiatives locales. Mon objectif est de sensibiliser et d'encourager l'engagement communautaire \u00e0 travers mes articles.","sameAs":["https:\/\/vieassociative.be\/"]}]}},"_links":{"self":[{"href":"https:\/\/vieassociative.be\/actualites\/wp-json\/wp\/v2\/posts\/4838"}],"collection":[{"href":"https:\/\/vieassociative.be\/actualites\/wp-json\/wp\/v2\/posts"}],"about":[{"href":"https:\/\/vieassociative.be\/actualites\/wp-json\/wp\/v2\/types\/post"}],"author":[{"embeddable":true,"href":"https:\/\/vieassociative.be\/actualites\/wp-json\/wp\/v2\/users\/1"}],"replies":[{"embeddable":true,"href":"https:\/\/vieassociative.be\/actualites\/wp-json\/wp\/v2\/comments?post=4838"}],"version-history":[{"count":0,"href":"https:\/\/vieassociative.be\/actualites\/wp-json\/wp\/v2\/posts\/4838\/revisions"}],"wp:featuredmedia":[{"embeddable":true,"href":"https:\/\/vieassociative.be\/actualites\/wp-json\/wp\/v2\/media\/4839"}],"wp:attachment":[{"href":"https:\/\/vieassociative.be\/actualites\/wp-json\/wp\/v2\/media?parent=4838"}],"wp:term":[{"taxonomy":"category","embeddable":true,"href":"https:\/\/vieassociative.be\/actualites\/wp-json\/wp\/v2\/categories?post=4838"},{"taxonomy":"post_tag","embeddable":true,"href":"https:\/\/vieassociative.be\/actualites\/wp-json\/wp\/v2\/tags?post=4838"}],"curies":[{"name":"wp","href":"https:\/\/api.w.org\/{rel}","templated":true}]}}