{"id":4832,"date":"2025-02-04T09:18:06","date_gmt":"2025-02-04T08:18:06","guid":{"rendered":"https:\/\/vieassociative.be\/actualites\/au-milieu-de-la-persecution-de-nuit-avec-des-lumieres-clignotantes-et-martinshorn\/"},"modified":"2025-02-04T09:18:06","modified_gmt":"2025-02-04T08:18:06","slug":"au-milieu-de-la-persecution-de-nuit-avec-des-lumieres-clignotantes-et-martinshorn","status":"publish","type":"post","link":"https:\/\/vieassociative.be\/actualites\/au-milieu-de-la-persecution-de-nuit-avec-des-lumieres-clignotantes-et-martinshorn\/","title":{"rendered":"Au milieu de la pers\u00e9cution de nuit avec des lumi\u00e8res clignotantes et Martinshorn"},"content":{"rendered":"<p><strong>Entre le vendredi 31 janvier 2025, \u00e0 7h00 et le lundi 3 f\u00e9vrier 2025, \u00e0 7h00, il y avait beaucoup \u00e0 faire pour la zone de police de Weser-G\u00f6hl, comme on peut le voir dans le rapport de police du lundi.<\/strong><\/p>\n<p><span id=\"more-407440\"><\/span><strong>&#8211; Vol enduit \u00e0 Raeren:<\/strong> Vendredi 31 janvier, vers 13h30, un homme a signal\u00e9 un vol \u00e0 Eupener Strasse \u00e0 Raeren. Dans la nuit du jeudi 30 janvier au vendredi 31 janvier, entre 21h00 et 11h00, son cyclomoteur a \u00e9t\u00e9 vol\u00e9 dans la cour de son appartement. La zone de police de Weser-G\u00f6hl n&rsquo;a actuellement plus d&rsquo;informations sur la sc\u00e8ne du crime.<\/p>\n<p><strong>&#8211; br\u00fblure ill\u00e9gale des d\u00e9chets chez Raeren:<\/strong> Vendredi 31 janvier, vers 16 h 45, un r\u00e9sident de Burgstra\u00dfe de la zone de police de Weser-G\u00f6hl a signal\u00e9 un grand nuage noir de fum\u00e9e qui est pass\u00e9 d&rsquo;une prairie voisine. Elle a d\u00e9clar\u00e9 qu&rsquo;elle avait observ\u00e9 deux personnes qui y avaient br\u00fbl\u00e9 des sacs en plastique, entre autres.<\/p>\n<p>La br\u00fblure des d\u00e9chets est g\u00e9n\u00e9ralement interdite &#8211; \u00e0 l&rsquo;exception des d\u00e9chets \u00e0 base de plantes des soins de jardin et de prairie. Ceux-ci ne peuvent \u00eatre br\u00fbl\u00e9s que si l&rsquo;incendie est sous supervision et se trouve \u00e0 au moins 100 m\u00e8tres des maisons, des haies et des for\u00eats. Lorsque les policiers sont arriv\u00e9s, il n&rsquo;y avait plus de gens sur place.<\/p>\n<p><strong>&#8211; conduire sous l&rsquo;influence des m\u00e9dicaments dans Eupen:<\/strong> Au petit matin du samedi 1er f\u00e9vrier 2025, vers 1 h 00, un v\u00e9hicule s&rsquo;est approch\u00e9 d&rsquo;un point de contr\u00f4le de la zone de police de Weser-G\u00f6hl (Aachener Stra\u00dfe), mais s&rsquo;est soudainement tourn\u00e9 et s&rsquo;est \u00e9loign\u00e9 dans la direction oppos\u00e9e. Les policiers ont imm\u00e9diatement accept\u00e9 la pers\u00e9cution et ont pu rencontrer \u00e0 nouveau le v\u00e9hicule peu de temps apr\u00e8s.<\/p>\n<p>Apr\u00e8s avoir allum\u00e9 la lumi\u00e8re bleue et Martinshorn, le conducteur s&rsquo;est finalement arr\u00eat\u00e9, afin que les officiels puissent prendre le contr\u00f4le. Le jeune conducteur a montr\u00e9 des signes importants de consommation de stup\u00e9fiants et une odeur de cannabis \u00e9tait fortement perceptible. Un test effectu\u00e9 a confirm\u00e9 l&rsquo;apport de THC. Les policiers ont \u00e9galement trouv\u00e9 du cannabis dans une gomme \u00e0 m\u00e2cher dans le v\u00e9hicule. Il s&rsquo;est \u00e9galement av\u00e9r\u00e9 que le contr\u00f4le technique du v\u00e9hicule a expir\u00e9 pendant un an et que le conducteur ne pouvait pas pr\u00e9senter de permis de conduire. Le v\u00e9hicule a ensuite \u00e9t\u00e9 s\u00e9curis\u00e9 avec une \u00ab\u00a0griffe de stationnement\u00a0\u00bb si appel\u00e9e. Le conducteur a \u00e9t\u00e9 enregistr\u00e9.<\/p>\n<p><strong>-Les contr\u00f4les d&rsquo;alcool dans la zone de police de Weser-G\u00f6hl:<\/strong> Le week-end, la zone de police de la zone de police de Weser-G\u00f6hl a effectu\u00e9 des contr\u00f4les dans toute sa r\u00e9gion. Au total, 18 tests d&rsquo;alcool sont all\u00e9s positivement. Pour 4 conducteurs, les valeurs d&rsquo;alcool \u00e9taient si \u00e9lev\u00e9es que leur permis de conduire a \u00e9t\u00e9 imm\u00e9diatement d\u00e9plac\u00e9e.<\/p>\n","protected":false},"excerpt":{"rendered":"<p>Entre le vendredi 31 janvier 2025, \u00e0 7h00 et le lundi 3 f\u00e9vrier 2025, \u00e0 7h00, il y avait beaucoup \u00e0 faire pour la zone<\/p>\n","protected":false},"author":1,"featured_media":1939,"comment_status":"","ping_status":"","sticky":false,"template":"","format":"standard","meta":{"footnotes":""},"categories":[298],"tags":[61,5143,29,1331,5144,1233,2405,5142],"class_list":["post-4832","post","type-post","status-publish","format-standard","has-post-thumbnail","hentry","category-belgique","tag-avec","tag-clignotantes","tag-des","tag-lumieres","tag-martinshorn","tag-milieu","tag-nuit","tag-persecution","generate-columns","tablet-grid-50","mobile-grid-100","grid-parent","grid-33"],"yoast_head":"<!-- This site is optimized with the Yoast SEO plugin v24.0 - https:\/\/yoast.com\/wordpress\/plugins\/seo\/ -->\n<title>Au milieu de la pers\u00e9cution de nuit avec des lumi\u00e8res clignotantes et Martinshorn | Vie Associative<\/title>\n<meta name=\"robots\" content=\"index, follow, max-snippet:-1, max-image-preview:large, max-video-preview:-1\" \/>\n<link rel=\"canonical\" href=\"https:\/\/vieassociative.be\/actualites\/au-milieu-de-la-persecution-de-nuit-avec-des-lumieres-clignotantes-et-martinshorn\/\" \/>\n<meta property=\"og:locale\" content=\"fr_FR\" \/>\n<meta property=\"og:type\" content=\"article\" \/>\n<meta property=\"og:title\" content=\"Au milieu de la pers\u00e9cution de nuit avec des lumi\u00e8res clignotantes et Martinshorn | Vie Associative\" \/>\n<meta property=\"og:description\" content=\"Entre le vendredi 31 janvier 2025, \u00e0 7h00 et le lundi 3 f\u00e9vrier 2025, \u00e0 7h00, il y avait beaucoup \u00e0 faire pour la zone\" \/>\n<meta property=\"og:url\" content=\"https:\/\/vieassociative.be\/actualites\/au-milieu-de-la-persecution-de-nuit-avec-des-lumieres-clignotantes-et-martinshorn\/\" \/>\n<meta property=\"og:site_name\" content=\"Vie Associative\" \/>\n<meta property=\"article:published_time\" content=\"2025-02-04T08:18:06+00:00\" \/>\n<meta property=\"og:image\" content=\"https:\/\/vieassociative.be\/actualites\/wp-content\/uploads\/2024\/09\/header_backgroundk-01-e1726694325946.png\" \/>\n\t<meta property=\"og:image:width\" content=\"279\" \/>\n\t<meta property=\"og:image:height\" content=\"92\" \/>\n\t<meta property=\"og:image:type\" content=\"image\/png\" \/>\n<meta name=\"author\" content=\"Julien\" \/>\n<meta name=\"twitter:card\" content=\"summary_large_image\" \/>\n<meta name=\"twitter:label1\" content=\"\u00c9crit par\" \/>\n\t<meta name=\"twitter:data1\" content=\"Julien\" \/>\n\t<meta name=\"twitter:label2\" content=\"Dur\u00e9e de lecture est.\" \/>\n\t<meta name=\"twitter:data2\" content=\"2 minutes\" \/>\n<script type=\"application\/ld+json\" class=\"yoast-schema-graph\">{\"@context\":\"https:\/\/schema.org\",\"@graph\":[{\"@type\":\"Article\",\"@id\":\"https:\/\/vieassociative.be\/actualites\/au-milieu-de-la-persecution-de-nuit-avec-des-lumieres-clignotantes-et-martinshorn\/#article\",\"isPartOf\":{\"@id\":\"https:\/\/vieassociative.be\/actualites\/au-milieu-de-la-persecution-de-nuit-avec-des-lumieres-clignotantes-et-martinshorn\/\"},\"author\":{\"name\":\"Julien\",\"@id\":\"https:\/\/vieassociative.be\/actualites\/#\/schema\/person\/b87ac4f82f9d4e7b7cec7395b679edc4\"},\"headline\":\"Au milieu de la pers\u00e9cution de nuit avec des lumi\u00e8res clignotantes et Martinshorn\",\"datePublished\":\"2025-02-04T08:18:06+00:00\",\"dateModified\":\"2025-02-04T08:18:06+00:00\",\"mainEntityOfPage\":{\"@id\":\"https:\/\/vieassociative.be\/actualites\/au-milieu-de-la-persecution-de-nuit-avec-des-lumieres-clignotantes-et-martinshorn\/\"},\"wordCount\":519,\"publisher\":{\"@id\":\"https:\/\/vieassociative.be\/actualites\/#organization\"},\"image\":{\"@id\":\"https:\/\/vieassociative.be\/actualites\/au-milieu-de-la-persecution-de-nuit-avec-des-lumieres-clignotantes-et-martinshorn\/#primaryimage\"},\"thumbnailUrl\":\"https:\/\/vieassociative.be\/actualites\/wp-content\/uploads\/2024\/11\/Raeren-Le-conducteur-tombe-dans-un-micro-sommeil-a-midi.jpeg\",\"keywords\":[\"avec\",\"clignotantes\",\"Des\",\"lumi\u00e8res\",\"Martinshorn\",\"milieu\",\"nuit\",\"pers\u00e9cution\"],\"articleSection\":[\"Belgique\"],\"inLanguage\":\"fr-BE\"},{\"@type\":\"WebPage\",\"@id\":\"https:\/\/vieassociative.be\/actualites\/au-milieu-de-la-persecution-de-nuit-avec-des-lumieres-clignotantes-et-martinshorn\/\",\"url\":\"https:\/\/vieassociative.be\/actualites\/au-milieu-de-la-persecution-de-nuit-avec-des-lumieres-clignotantes-et-martinshorn\/\",\"name\":\"Au milieu de la pers\u00e9cution de nuit avec des lumi\u00e8res clignotantes et Martinshorn | Vie Associative\",\"isPartOf\":{\"@id\":\"https:\/\/vieassociative.be\/actualites\/#website\"},\"primaryImageOfPage\":{\"@id\":\"https:\/\/vieassociative.be\/actualites\/au-milieu-de-la-persecution-de-nuit-avec-des-lumieres-clignotantes-et-martinshorn\/#primaryimage\"},\"image\":{\"@id\":\"https:\/\/vieassociative.be\/actualites\/au-milieu-de-la-persecution-de-nuit-avec-des-lumieres-clignotantes-et-martinshorn\/#primaryimage\"},\"thumbnailUrl\":\"https:\/\/vieassociative.be\/actualites\/wp-content\/uploads\/2024\/11\/Raeren-Le-conducteur-tombe-dans-un-micro-sommeil-a-midi.jpeg\",\"datePublished\":\"2025-02-04T08:18:06+00:00\",\"dateModified\":\"2025-02-04T08:18:06+00:00\",\"breadcrumb\":{\"@id\":\"https:\/\/vieassociative.be\/actualites\/au-milieu-de-la-persecution-de-nuit-avec-des-lumieres-clignotantes-et-martinshorn\/#breadcrumb\"},\"inLanguage\":\"fr-BE\",\"potentialAction\":[{\"@type\":\"ReadAction\",\"target\":[\"https:\/\/vieassociative.be\/actualites\/au-milieu-de-la-persecution-de-nuit-avec-des-lumieres-clignotantes-et-martinshorn\/\"]}]},{\"@type\":\"ImageObject\",\"inLanguage\":\"fr-BE\",\"@id\":\"https:\/\/vieassociative.be\/actualites\/au-milieu-de-la-persecution-de-nuit-avec-des-lumieres-clignotantes-et-martinshorn\/#primaryimage\",\"url\":\"https:\/\/vieassociative.be\/actualites\/wp-content\/uploads\/2024\/11\/Raeren-Le-conducteur-tombe-dans-un-micro-sommeil-a-midi.jpeg\",\"contentUrl\":\"https:\/\/vieassociative.be\/actualites\/wp-content\/uploads\/2024\/11\/Raeren-Le-conducteur-tombe-dans-un-micro-sommeil-a-midi.jpeg\",\"width\":1200,\"height\":800,\"caption\":\"Raeren : Le conducteur tombe dans un micro-sommeil \u00e0 midi\"},{\"@type\":\"BreadcrumbList\",\"@id\":\"https:\/\/vieassociative.be\/actualites\/au-milieu-de-la-persecution-de-nuit-avec-des-lumieres-clignotantes-et-martinshorn\/#breadcrumb\",\"itemListElement\":[{\"@type\":\"ListItem\",\"position\":1,\"name\":\"Accueil\",\"item\":\"https:\/\/vieassociative.be\/actualites\/\"},{\"@type\":\"ListItem\",\"position\":2,\"name\":\"Au milieu de la pers\u00e9cution de nuit avec des lumi\u00e8res clignotantes et Martinshorn\"}]},{\"@type\":\"WebSite\",\"@id\":\"https:\/\/vieassociative.be\/actualites\/#website\",\"url\":\"https:\/\/vieassociative.be\/actualites\/\",\"name\":\"Vie Associative\",\"description\":\"\",\"publisher\":{\"@id\":\"https:\/\/vieassociative.be\/actualites\/#organization\"},\"potentialAction\":[{\"@type\":\"SearchAction\",\"target\":{\"@type\":\"EntryPoint\",\"urlTemplate\":\"https:\/\/vieassociative.be\/actualites\/?s={search_term_string}\"},\"query-input\":{\"@type\":\"PropertyValueSpecification\",\"valueRequired\":true,\"valueName\":\"search_term_string\"}}],\"inLanguage\":\"fr-BE\"},{\"@type\":\"Organization\",\"@id\":\"https:\/\/vieassociative.be\/actualites\/#organization\",\"name\":\"Vie Associative\",\"url\":\"https:\/\/vieassociative.be\/actualites\/\",\"logo\":{\"@type\":\"ImageObject\",\"inLanguage\":\"fr-BE\",\"@id\":\"https:\/\/vieassociative.be\/actualites\/#\/schema\/logo\/image\/\",\"url\":\"https:\/\/vieassociative.be\/actualites\/wp-content\/uploads\/2024\/09\/cropped-vieassociative_favicon.ico.png\",\"contentUrl\":\"https:\/\/vieassociative.be\/actualites\/wp-content\/uploads\/2024\/09\/cropped-vieassociative_favicon.ico.png\",\"width\":512,\"height\":512,\"caption\":\"Vie Associative\"},\"image\":{\"@id\":\"https:\/\/vieassociative.be\/actualites\/#\/schema\/logo\/image\/\"}},{\"@type\":\"Person\",\"@id\":\"https:\/\/vieassociative.be\/actualites\/#\/schema\/person\/b87ac4f82f9d4e7b7cec7395b679edc4\",\"name\":\"Julien\",\"image\":{\"@type\":\"ImageObject\",\"inLanguage\":\"fr-BE\",\"@id\":\"https:\/\/vieassociative.be\/actualites\/#\/schema\/person\/image\/\",\"url\":\"https:\/\/vieassociative.be\/actualites\/wp-content\/uploads\/2024\/09\/vie-associative-1-150x150.jpg\",\"contentUrl\":\"https:\/\/vieassociative.be\/actualites\/wp-content\/uploads\/2024\/09\/vie-associative-1-150x150.jpg\",\"caption\":\"Julien\"},\"description\":\"Je suis Julien, r\u00e9dacteur pour Vie Associative. Passionn\u00e9 par le monde associatif depuis plus de 10 ans, j'ai \u00e0 c\u0153ur de partager des histoires inspirantes et de mettre en lumi\u00e8re les initiatives locales. Mon objectif est de sensibiliser et d'encourager l'engagement communautaire \u00e0 travers mes articles.\",\"sameAs\":[\"https:\/\/vieassociative.be\/\"]}]}<\/script>\n<!-- \/ Yoast SEO plugin. -->","yoast_head_json":{"title":"Au milieu de la pers\u00e9cution de nuit avec des lumi\u00e8res clignotantes et Martinshorn | Vie Associative","robots":{"index":"index","follow":"follow","max-snippet":"max-snippet:-1","max-image-preview":"max-image-preview:large","max-video-preview":"max-video-preview:-1"},"canonical":"https:\/\/vieassociative.be\/actualites\/au-milieu-de-la-persecution-de-nuit-avec-des-lumieres-clignotantes-et-martinshorn\/","og_locale":"fr_FR","og_type":"article","og_title":"Au milieu de la pers\u00e9cution de nuit avec des lumi\u00e8res clignotantes et Martinshorn | Vie Associative","og_description":"Entre le vendredi 31 janvier 2025, \u00e0 7h00 et le lundi 3 f\u00e9vrier 2025, \u00e0 7h00, il y avait beaucoup \u00e0 faire pour la zone","og_url":"https:\/\/vieassociative.be\/actualites\/au-milieu-de-la-persecution-de-nuit-avec-des-lumieres-clignotantes-et-martinshorn\/","og_site_name":"Vie Associative","article_published_time":"2025-02-04T08:18:06+00:00","og_image":[{"width":279,"height":92,"url":"https:\/\/vieassociative.be\/actualites\/wp-content\/uploads\/2024\/09\/header_backgroundk-01-e1726694325946.png","type":"image\/png"}],"author":"Julien","twitter_card":"summary_large_image","twitter_misc":{"\u00c9crit par":"Julien","Dur\u00e9e de lecture est.":"2 minutes"},"schema":{"@context":"https:\/\/schema.org","@graph":[{"@type":"Article","@id":"https:\/\/vieassociative.be\/actualites\/au-milieu-de-la-persecution-de-nuit-avec-des-lumieres-clignotantes-et-martinshorn\/#article","isPartOf":{"@id":"https:\/\/vieassociative.be\/actualites\/au-milieu-de-la-persecution-de-nuit-avec-des-lumieres-clignotantes-et-martinshorn\/"},"author":{"name":"Julien","@id":"https:\/\/vieassociative.be\/actualites\/#\/schema\/person\/b87ac4f82f9d4e7b7cec7395b679edc4"},"headline":"Au milieu de la pers\u00e9cution de nuit avec des lumi\u00e8res clignotantes et Martinshorn","datePublished":"2025-02-04T08:18:06+00:00","dateModified":"2025-02-04T08:18:06+00:00","mainEntityOfPage":{"@id":"https:\/\/vieassociative.be\/actualites\/au-milieu-de-la-persecution-de-nuit-avec-des-lumieres-clignotantes-et-martinshorn\/"},"wordCount":519,"publisher":{"@id":"https:\/\/vieassociative.be\/actualites\/#organization"},"image":{"@id":"https:\/\/vieassociative.be\/actualites\/au-milieu-de-la-persecution-de-nuit-avec-des-lumieres-clignotantes-et-martinshorn\/#primaryimage"},"thumbnailUrl":"https:\/\/vieassociative.be\/actualites\/wp-content\/uploads\/2024\/11\/Raeren-Le-conducteur-tombe-dans-un-micro-sommeil-a-midi.jpeg","keywords":["avec","clignotantes","Des","lumi\u00e8res","Martinshorn","milieu","nuit","pers\u00e9cution"],"articleSection":["Belgique"],"inLanguage":"fr-BE"},{"@type":"WebPage","@id":"https:\/\/vieassociative.be\/actualites\/au-milieu-de-la-persecution-de-nuit-avec-des-lumieres-clignotantes-et-martinshorn\/","url":"https:\/\/vieassociative.be\/actualites\/au-milieu-de-la-persecution-de-nuit-avec-des-lumieres-clignotantes-et-martinshorn\/","name":"Au milieu de la pers\u00e9cution de nuit avec des lumi\u00e8res clignotantes et Martinshorn | Vie Associative","isPartOf":{"@id":"https:\/\/vieassociative.be\/actualites\/#website"},"primaryImageOfPage":{"@id":"https:\/\/vieassociative.be\/actualites\/au-milieu-de-la-persecution-de-nuit-avec-des-lumieres-clignotantes-et-martinshorn\/#primaryimage"},"image":{"@id":"https:\/\/vieassociative.be\/actualites\/au-milieu-de-la-persecution-de-nuit-avec-des-lumieres-clignotantes-et-martinshorn\/#primaryimage"},"thumbnailUrl":"https:\/\/vieassociative.be\/actualites\/wp-content\/uploads\/2024\/11\/Raeren-Le-conducteur-tombe-dans-un-micro-sommeil-a-midi.jpeg","datePublished":"2025-02-04T08:18:06+00:00","dateModified":"2025-02-04T08:18:06+00:00","breadcrumb":{"@id":"https:\/\/vieassociative.be\/actualites\/au-milieu-de-la-persecution-de-nuit-avec-des-lumieres-clignotantes-et-martinshorn\/#breadcrumb"},"inLanguage":"fr-BE","potentialAction":[{"@type":"ReadAction","target":["https:\/\/vieassociative.be\/actualites\/au-milieu-de-la-persecution-de-nuit-avec-des-lumieres-clignotantes-et-martinshorn\/"]}]},{"@type":"ImageObject","inLanguage":"fr-BE","@id":"https:\/\/vieassociative.be\/actualites\/au-milieu-de-la-persecution-de-nuit-avec-des-lumieres-clignotantes-et-martinshorn\/#primaryimage","url":"https:\/\/vieassociative.be\/actualites\/wp-content\/uploads\/2024\/11\/Raeren-Le-conducteur-tombe-dans-un-micro-sommeil-a-midi.jpeg","contentUrl":"https:\/\/vieassociative.be\/actualites\/wp-content\/uploads\/2024\/11\/Raeren-Le-conducteur-tombe-dans-un-micro-sommeil-a-midi.jpeg","width":1200,"height":800,"caption":"Raeren : Le conducteur tombe dans un micro-sommeil \u00e0 midi"},{"@type":"BreadcrumbList","@id":"https:\/\/vieassociative.be\/actualites\/au-milieu-de-la-persecution-de-nuit-avec-des-lumieres-clignotantes-et-martinshorn\/#breadcrumb","itemListElement":[{"@type":"ListItem","position":1,"name":"Accueil","item":"https:\/\/vieassociative.be\/actualites\/"},{"@type":"ListItem","position":2,"name":"Au milieu de la pers\u00e9cution de nuit avec des lumi\u00e8res clignotantes et Martinshorn"}]},{"@type":"WebSite","@id":"https:\/\/vieassociative.be\/actualites\/#website","url":"https:\/\/vieassociative.be\/actualites\/","name":"Vie Associative","description":"","publisher":{"@id":"https:\/\/vieassociative.be\/actualites\/#organization"},"potentialAction":[{"@type":"SearchAction","target":{"@type":"EntryPoint","urlTemplate":"https:\/\/vieassociative.be\/actualites\/?s={search_term_string}"},"query-input":{"@type":"PropertyValueSpecification","valueRequired":true,"valueName":"search_term_string"}}],"inLanguage":"fr-BE"},{"@type":"Organization","@id":"https:\/\/vieassociative.be\/actualites\/#organization","name":"Vie Associative","url":"https:\/\/vieassociative.be\/actualites\/","logo":{"@type":"ImageObject","inLanguage":"fr-BE","@id":"https:\/\/vieassociative.be\/actualites\/#\/schema\/logo\/image\/","url":"https:\/\/vieassociative.be\/actualites\/wp-content\/uploads\/2024\/09\/cropped-vieassociative_favicon.ico.png","contentUrl":"https:\/\/vieassociative.be\/actualites\/wp-content\/uploads\/2024\/09\/cropped-vieassociative_favicon.ico.png","width":512,"height":512,"caption":"Vie Associative"},"image":{"@id":"https:\/\/vieassociative.be\/actualites\/#\/schema\/logo\/image\/"}},{"@type":"Person","@id":"https:\/\/vieassociative.be\/actualites\/#\/schema\/person\/b87ac4f82f9d4e7b7cec7395b679edc4","name":"Julien","image":{"@type":"ImageObject","inLanguage":"fr-BE","@id":"https:\/\/vieassociative.be\/actualites\/#\/schema\/person\/image\/","url":"https:\/\/vieassociative.be\/actualites\/wp-content\/uploads\/2024\/09\/vie-associative-1-150x150.jpg","contentUrl":"https:\/\/vieassociative.be\/actualites\/wp-content\/uploads\/2024\/09\/vie-associative-1-150x150.jpg","caption":"Julien"},"description":"Je suis Julien, r\u00e9dacteur pour Vie Associative. Passionn\u00e9 par le monde associatif depuis plus de 10 ans, j'ai \u00e0 c\u0153ur de partager des histoires inspirantes et de mettre en lumi\u00e8re les initiatives locales. Mon objectif est de sensibiliser et d'encourager l'engagement communautaire \u00e0 travers mes articles.","sameAs":["https:\/\/vieassociative.be\/"]}]}},"_links":{"self":[{"href":"https:\/\/vieassociative.be\/actualites\/wp-json\/wp\/v2\/posts\/4832"}],"collection":[{"href":"https:\/\/vieassociative.be\/actualites\/wp-json\/wp\/v2\/posts"}],"about":[{"href":"https:\/\/vieassociative.be\/actualites\/wp-json\/wp\/v2\/types\/post"}],"author":[{"embeddable":true,"href":"https:\/\/vieassociative.be\/actualites\/wp-json\/wp\/v2\/users\/1"}],"replies":[{"embeddable":true,"href":"https:\/\/vieassociative.be\/actualites\/wp-json\/wp\/v2\/comments?post=4832"}],"version-history":[{"count":0,"href":"https:\/\/vieassociative.be\/actualites\/wp-json\/wp\/v2\/posts\/4832\/revisions"}],"wp:featuredmedia":[{"embeddable":true,"href":"https:\/\/vieassociative.be\/actualites\/wp-json\/wp\/v2\/media\/1939"}],"wp:attachment":[{"href":"https:\/\/vieassociative.be\/actualites\/wp-json\/wp\/v2\/media?parent=4832"}],"wp:term":[{"taxonomy":"category","embeddable":true,"href":"https:\/\/vieassociative.be\/actualites\/wp-json\/wp\/v2\/categories?post=4832"},{"taxonomy":"post_tag","embeddable":true,"href":"https:\/\/vieassociative.be\/actualites\/wp-json\/wp\/v2\/tags?post=4832"}],"curies":[{"name":"wp","href":"https:\/\/api.w.org\/{rel}","templated":true}]}}