{"id":4830,"date":"2025-02-04T08:19:34","date_gmt":"2025-02-04T07:19:34","guid":{"rendered":"https:\/\/vieassociative.be\/actualites\/microsoft-365-augmente-les-prix-et-abandonne-son-vpn-gratuit\/"},"modified":"2025-02-04T08:19:34","modified_gmt":"2025-02-04T07:19:34","slug":"microsoft-365-augmente-les-prix-et-abandonne-son-vpn-gratuit","status":"publish","type":"post","link":"https:\/\/vieassociative.be\/actualites\/microsoft-365-augmente-les-prix-et-abandonne-son-vpn-gratuit\/","title":{"rendered":"Microsoft 365 augmente les prix et abandonne son VPN gratuit"},"content":{"rendered":"<div class=\"mt-4 leading-6 md:mb-8\">Facturer plus pour moins? C&rsquo;est audacieux.<\/div>\n<p><\/p>\n<p>Payer plus et obtenir moins semble \u00eatre une proc\u00e9dure op\u00e9rationnelle standard ces jours-ci. C&rsquo;est certainement ce que les utilisateurs de Microsoft 365 (le nouveau nom fantaisie pour Microsoft Office) sont sur le point de vivre, car le VPN inclus le service est abandonn\u00e9 au 28 f\u00e9vrier.<\/p>\n<p>Selon une note d&rsquo;assistance sur le site Microsoft, la soci\u00e9t\u00e9 \u00ab\u00e9value r\u00e9guli\u00e8rement l&rsquo;utilisation et l&rsquo;efficacit\u00e9 de nos fonctionnalit\u00e9s\u00bb et a d\u00e9cid\u00e9 que le VPN n&rsquo;\u00e9tait plus une partie n\u00e9cessaire de Microsoft 365. <\/p>\n<h2 id=\"as-vpns-go-it-was-only-ok\">Au fur et \u00e0 mesure que les VPN vont, ce n&rsquo;\u00e9tait que OK<\/h2>\n<p>En v\u00e9rit\u00e9, ce n&rsquo;est pas une perte majeure. Le VPN de Microsoft est venu avec une limite de donn\u00e9es mensuelle de 50 Go et ne vous a pas permis de tromper votre navigateur en pensant que vous \u00e9tiez ailleurs dans le monde, ce qui le rend sans doute moins utile que m\u00eame certains des meilleurs VPN gratuits. Cela a obscurci votre trafic, bien s\u00fbr, mais pas grand-chose d&rsquo;autre.<\/p>\n<p>Pourtant, c&rsquo;est un peu une gifle en face, car il suit la premi\u00e8re hausse des prix d&rsquo;abonnement Microsoft 365 en 12 ans. Les plans personnels et familiaux co\u00fbtent d\u00e9sormais 3 $ de plus par mois, une augmentation d&rsquo;environ 43%. Soi-disant, les augmentations sont justifi\u00e9es par l&rsquo;ajout de fonctionnalit\u00e9s de Copilot AI limit\u00e9es, qui impliquaient de payer un module compl\u00e9mentaire de 20 $. <\/p>\n<p>Ce module compl\u00e9mentaire existe toujours si les cr\u00e9dits d&rsquo;IA limit\u00e9s inclus dans les nouveaux abonnements ne vous suffisent pas, mais mes coll\u00e8gues sceptiques de l&rsquo;IA n&rsquo;ont qu&rsquo;une seule fa\u00e7on d&rsquo;\u00e9viter de payer plus pour le service sans VPN sans VPN: pour les 12 prochains mois , les abonn\u00e9s existants peuvent se r\u00e9tablir vers un plan \u00abMicrosoft 365 Personal Classic\u00bb ou \u00abMicrosoft 365 Family Classic\u00bb, qui a toutes les m\u00eames fonctionnalit\u00e9s que les plans actuels, moins l&rsquo;IA (et le VPN, bien s\u00fbr). La soci\u00e9t\u00e9 affirme qu&rsquo;elle \u00ab\u00e9value la dur\u00e9e de la disponibilit\u00e9 de ces abonnements\u00bb, cependant, donc elle peut ne pas \u00eatre longtemps.<\/p>\n<p>Les nouveaux clients, quant \u00e0 eux, n&rsquo;ont pas d&rsquo;autre choix que de suivre les nouveaux prix. Du c\u00f4t\u00e9 positif, malgr\u00e9 son manque de VPN, le plan 365 actuel comprend toujours la protection du vol d&rsquo;identit\u00e9 et la surveillance du cr\u00e9dit.<\/p>\n","protected":false},"excerpt":{"rendered":"<p>Facturer plus pour moins? C&rsquo;est audacieux. Payer plus et obtenir moins semble \u00eatre une proc\u00e9dure op\u00e9rationnelle standard ces jours-ci. C&rsquo;est certainement ce que les utilisateurs<\/p>\n","protected":false},"author":1,"featured_media":4831,"comment_status":"","ping_status":"","sticky":false,"template":"","format":"standard","meta":{"footnotes":""},"categories":[13],"tags":[4653,2803,843,14,1190,1399,800,2223],"class_list":["post-4830","post","type-post","status-publish","format-standard","has-post-thumbnail","hentry","category-technologie","tag-abandonne","tag-augmente","tag-gratuit","tag-les","tag-microsoft","tag-prix","tag-son","tag-vpn","generate-columns","tablet-grid-50","mobile-grid-100","grid-parent","grid-33"],"yoast_head":"<!-- This site is optimized with the Yoast SEO plugin v24.0 - https:\/\/yoast.com\/wordpress\/plugins\/seo\/ -->\n<title>Microsoft 365 augmente les prix et abandonne son VPN gratuit | Vie Associative<\/title>\n<meta name=\"robots\" content=\"index, follow, max-snippet:-1, max-image-preview:large, max-video-preview:-1\" \/>\n<link rel=\"canonical\" href=\"https:\/\/vieassociative.be\/actualites\/microsoft-365-augmente-les-prix-et-abandonne-son-vpn-gratuit\/\" \/>\n<meta property=\"og:locale\" content=\"fr_FR\" \/>\n<meta property=\"og:type\" content=\"article\" \/>\n<meta property=\"og:title\" content=\"Microsoft 365 augmente les prix et abandonne son VPN gratuit | Vie Associative\" \/>\n<meta property=\"og:description\" content=\"Facturer plus pour moins? C&rsquo;est audacieux. Payer plus et obtenir moins semble \u00eatre une proc\u00e9dure op\u00e9rationnelle standard ces jours-ci. C&rsquo;est certainement ce que les utilisateurs\" \/>\n<meta property=\"og:url\" content=\"https:\/\/vieassociative.be\/actualites\/microsoft-365-augmente-les-prix-et-abandonne-son-vpn-gratuit\/\" \/>\n<meta property=\"og:site_name\" content=\"Vie Associative\" \/>\n<meta property=\"article:published_time\" content=\"2025-02-04T07:19:34+00:00\" \/>\n<meta property=\"og:image\" content=\"https:\/\/vieassociative.be\/actualites\/wp-content\/uploads\/2024\/09\/header_backgroundk-01-e1726694325946.png\" \/>\n\t<meta property=\"og:image:width\" content=\"279\" \/>\n\t<meta property=\"og:image:height\" content=\"92\" \/>\n\t<meta property=\"og:image:type\" content=\"image\/png\" \/>\n<meta name=\"author\" content=\"Julien\" \/>\n<meta name=\"twitter:card\" content=\"summary_large_image\" \/>\n<meta name=\"twitter:label1\" content=\"\u00c9crit par\" \/>\n\t<meta name=\"twitter:data1\" content=\"Julien\" \/>\n\t<meta name=\"twitter:label2\" content=\"Dur\u00e9e de lecture est.\" \/>\n\t<meta name=\"twitter:data2\" content=\"2 minutes\" \/>\n<script type=\"application\/ld+json\" class=\"yoast-schema-graph\">{\"@context\":\"https:\/\/schema.org\",\"@graph\":[{\"@type\":\"Article\",\"@id\":\"https:\/\/vieassociative.be\/actualites\/microsoft-365-augmente-les-prix-et-abandonne-son-vpn-gratuit\/#article\",\"isPartOf\":{\"@id\":\"https:\/\/vieassociative.be\/actualites\/microsoft-365-augmente-les-prix-et-abandonne-son-vpn-gratuit\/\"},\"author\":{\"name\":\"Julien\",\"@id\":\"https:\/\/vieassociative.be\/actualites\/#\/schema\/person\/b87ac4f82f9d4e7b7cec7395b679edc4\"},\"headline\":\"Microsoft 365 augmente les prix et abandonne son VPN gratuit\",\"datePublished\":\"2025-02-04T07:19:34+00:00\",\"dateModified\":\"2025-02-04T07:19:34+00:00\",\"mainEntityOfPage\":{\"@id\":\"https:\/\/vieassociative.be\/actualites\/microsoft-365-augmente-les-prix-et-abandonne-son-vpn-gratuit\/\"},\"wordCount\":417,\"publisher\":{\"@id\":\"https:\/\/vieassociative.be\/actualites\/#organization\"},\"image\":{\"@id\":\"https:\/\/vieassociative.be\/actualites\/microsoft-365-augmente-les-prix-et-abandonne-son-vpn-gratuit\/#primaryimage\"},\"thumbnailUrl\":\"https:\/\/vieassociative.be\/actualites\/wp-content\/uploads\/2025\/02\/Microsoft-365-augmente-les-prix-et-abandonne-son-VPN-gratuit.png\",\"keywords\":[\"abandonne\",\"augmente\",\"gratuit\",\"Les\",\"Microsoft\",\"prix\",\"son\",\"VPN\"],\"articleSection\":[\"Technologie\"],\"inLanguage\":\"fr-BE\"},{\"@type\":\"WebPage\",\"@id\":\"https:\/\/vieassociative.be\/actualites\/microsoft-365-augmente-les-prix-et-abandonne-son-vpn-gratuit\/\",\"url\":\"https:\/\/vieassociative.be\/actualites\/microsoft-365-augmente-les-prix-et-abandonne-son-vpn-gratuit\/\",\"name\":\"Microsoft 365 augmente les prix et abandonne son VPN gratuit | Vie Associative\",\"isPartOf\":{\"@id\":\"https:\/\/vieassociative.be\/actualites\/#website\"},\"primaryImageOfPage\":{\"@id\":\"https:\/\/vieassociative.be\/actualites\/microsoft-365-augmente-les-prix-et-abandonne-son-vpn-gratuit\/#primaryimage\"},\"image\":{\"@id\":\"https:\/\/vieassociative.be\/actualites\/microsoft-365-augmente-les-prix-et-abandonne-son-vpn-gratuit\/#primaryimage\"},\"thumbnailUrl\":\"https:\/\/vieassociative.be\/actualites\/wp-content\/uploads\/2025\/02\/Microsoft-365-augmente-les-prix-et-abandonne-son-VPN-gratuit.png\",\"datePublished\":\"2025-02-04T07:19:34+00:00\",\"dateModified\":\"2025-02-04T07:19:34+00:00\",\"breadcrumb\":{\"@id\":\"https:\/\/vieassociative.be\/actualites\/microsoft-365-augmente-les-prix-et-abandonne-son-vpn-gratuit\/#breadcrumb\"},\"inLanguage\":\"fr-BE\",\"potentialAction\":[{\"@type\":\"ReadAction\",\"target\":[\"https:\/\/vieassociative.be\/actualites\/microsoft-365-augmente-les-prix-et-abandonne-son-vpn-gratuit\/\"]}]},{\"@type\":\"ImageObject\",\"inLanguage\":\"fr-BE\",\"@id\":\"https:\/\/vieassociative.be\/actualites\/microsoft-365-augmente-les-prix-et-abandonne-son-vpn-gratuit\/#primaryimage\",\"url\":\"https:\/\/vieassociative.be\/actualites\/wp-content\/uploads\/2025\/02\/Microsoft-365-augmente-les-prix-et-abandonne-son-VPN-gratuit.png\",\"contentUrl\":\"https:\/\/vieassociative.be\/actualites\/wp-content\/uploads\/2025\/02\/Microsoft-365-augmente-les-prix-et-abandonne-son-VPN-gratuit.png\",\"width\":1200,\"height\":675,\"caption\":\"Microsoft 365 augmente les prix et abandonne son VPN gratuit\"},{\"@type\":\"BreadcrumbList\",\"@id\":\"https:\/\/vieassociative.be\/actualites\/microsoft-365-augmente-les-prix-et-abandonne-son-vpn-gratuit\/#breadcrumb\",\"itemListElement\":[{\"@type\":\"ListItem\",\"position\":1,\"name\":\"Accueil\",\"item\":\"https:\/\/vieassociative.be\/actualites\/\"},{\"@type\":\"ListItem\",\"position\":2,\"name\":\"Microsoft 365 augmente les prix et abandonne son VPN gratuit\"}]},{\"@type\":\"WebSite\",\"@id\":\"https:\/\/vieassociative.be\/actualites\/#website\",\"url\":\"https:\/\/vieassociative.be\/actualites\/\",\"name\":\"Vie Associative\",\"description\":\"\",\"publisher\":{\"@id\":\"https:\/\/vieassociative.be\/actualites\/#organization\"},\"potentialAction\":[{\"@type\":\"SearchAction\",\"target\":{\"@type\":\"EntryPoint\",\"urlTemplate\":\"https:\/\/vieassociative.be\/actualites\/?s={search_term_string}\"},\"query-input\":{\"@type\":\"PropertyValueSpecification\",\"valueRequired\":true,\"valueName\":\"search_term_string\"}}],\"inLanguage\":\"fr-BE\"},{\"@type\":\"Organization\",\"@id\":\"https:\/\/vieassociative.be\/actualites\/#organization\",\"name\":\"Vie Associative\",\"url\":\"https:\/\/vieassociative.be\/actualites\/\",\"logo\":{\"@type\":\"ImageObject\",\"inLanguage\":\"fr-BE\",\"@id\":\"https:\/\/vieassociative.be\/actualites\/#\/schema\/logo\/image\/\",\"url\":\"https:\/\/vieassociative.be\/actualites\/wp-content\/uploads\/2024\/09\/cropped-vieassociative_favicon.ico.png\",\"contentUrl\":\"https:\/\/vieassociative.be\/actualites\/wp-content\/uploads\/2024\/09\/cropped-vieassociative_favicon.ico.png\",\"width\":512,\"height\":512,\"caption\":\"Vie Associative\"},\"image\":{\"@id\":\"https:\/\/vieassociative.be\/actualites\/#\/schema\/logo\/image\/\"}},{\"@type\":\"Person\",\"@id\":\"https:\/\/vieassociative.be\/actualites\/#\/schema\/person\/b87ac4f82f9d4e7b7cec7395b679edc4\",\"name\":\"Julien\",\"image\":{\"@type\":\"ImageObject\",\"inLanguage\":\"fr-BE\",\"@id\":\"https:\/\/vieassociative.be\/actualites\/#\/schema\/person\/image\/\",\"url\":\"https:\/\/vieassociative.be\/actualites\/wp-content\/uploads\/2024\/09\/vie-associative-1-150x150.jpg\",\"contentUrl\":\"https:\/\/vieassociative.be\/actualites\/wp-content\/uploads\/2024\/09\/vie-associative-1-150x150.jpg\",\"caption\":\"Julien\"},\"description\":\"Je suis Julien, r\u00e9dacteur pour Vie Associative. Passionn\u00e9 par le monde associatif depuis plus de 10 ans, j'ai \u00e0 c\u0153ur de partager des histoires inspirantes et de mettre en lumi\u00e8re les initiatives locales. Mon objectif est de sensibiliser et d'encourager l'engagement communautaire \u00e0 travers mes articles.\",\"sameAs\":[\"https:\/\/vieassociative.be\/\"]}]}<\/script>\n<!-- \/ Yoast SEO plugin. -->","yoast_head_json":{"title":"Microsoft 365 augmente les prix et abandonne son VPN gratuit | Vie Associative","robots":{"index":"index","follow":"follow","max-snippet":"max-snippet:-1","max-image-preview":"max-image-preview:large","max-video-preview":"max-video-preview:-1"},"canonical":"https:\/\/vieassociative.be\/actualites\/microsoft-365-augmente-les-prix-et-abandonne-son-vpn-gratuit\/","og_locale":"fr_FR","og_type":"article","og_title":"Microsoft 365 augmente les prix et abandonne son VPN gratuit | Vie Associative","og_description":"Facturer plus pour moins? C&rsquo;est audacieux. Payer plus et obtenir moins semble \u00eatre une proc\u00e9dure op\u00e9rationnelle standard ces jours-ci. C&rsquo;est certainement ce que les utilisateurs","og_url":"https:\/\/vieassociative.be\/actualites\/microsoft-365-augmente-les-prix-et-abandonne-son-vpn-gratuit\/","og_site_name":"Vie Associative","article_published_time":"2025-02-04T07:19:34+00:00","og_image":[{"width":279,"height":92,"url":"https:\/\/vieassociative.be\/actualites\/wp-content\/uploads\/2024\/09\/header_backgroundk-01-e1726694325946.png","type":"image\/png"}],"author":"Julien","twitter_card":"summary_large_image","twitter_misc":{"\u00c9crit par":"Julien","Dur\u00e9e de lecture est.":"2 minutes"},"schema":{"@context":"https:\/\/schema.org","@graph":[{"@type":"Article","@id":"https:\/\/vieassociative.be\/actualites\/microsoft-365-augmente-les-prix-et-abandonne-son-vpn-gratuit\/#article","isPartOf":{"@id":"https:\/\/vieassociative.be\/actualites\/microsoft-365-augmente-les-prix-et-abandonne-son-vpn-gratuit\/"},"author":{"name":"Julien","@id":"https:\/\/vieassociative.be\/actualites\/#\/schema\/person\/b87ac4f82f9d4e7b7cec7395b679edc4"},"headline":"Microsoft 365 augmente les prix et abandonne son VPN gratuit","datePublished":"2025-02-04T07:19:34+00:00","dateModified":"2025-02-04T07:19:34+00:00","mainEntityOfPage":{"@id":"https:\/\/vieassociative.be\/actualites\/microsoft-365-augmente-les-prix-et-abandonne-son-vpn-gratuit\/"},"wordCount":417,"publisher":{"@id":"https:\/\/vieassociative.be\/actualites\/#organization"},"image":{"@id":"https:\/\/vieassociative.be\/actualites\/microsoft-365-augmente-les-prix-et-abandonne-son-vpn-gratuit\/#primaryimage"},"thumbnailUrl":"https:\/\/vieassociative.be\/actualites\/wp-content\/uploads\/2025\/02\/Microsoft-365-augmente-les-prix-et-abandonne-son-VPN-gratuit.png","keywords":["abandonne","augmente","gratuit","Les","Microsoft","prix","son","VPN"],"articleSection":["Technologie"],"inLanguage":"fr-BE"},{"@type":"WebPage","@id":"https:\/\/vieassociative.be\/actualites\/microsoft-365-augmente-les-prix-et-abandonne-son-vpn-gratuit\/","url":"https:\/\/vieassociative.be\/actualites\/microsoft-365-augmente-les-prix-et-abandonne-son-vpn-gratuit\/","name":"Microsoft 365 augmente les prix et abandonne son VPN gratuit | Vie Associative","isPartOf":{"@id":"https:\/\/vieassociative.be\/actualites\/#website"},"primaryImageOfPage":{"@id":"https:\/\/vieassociative.be\/actualites\/microsoft-365-augmente-les-prix-et-abandonne-son-vpn-gratuit\/#primaryimage"},"image":{"@id":"https:\/\/vieassociative.be\/actualites\/microsoft-365-augmente-les-prix-et-abandonne-son-vpn-gratuit\/#primaryimage"},"thumbnailUrl":"https:\/\/vieassociative.be\/actualites\/wp-content\/uploads\/2025\/02\/Microsoft-365-augmente-les-prix-et-abandonne-son-VPN-gratuit.png","datePublished":"2025-02-04T07:19:34+00:00","dateModified":"2025-02-04T07:19:34+00:00","breadcrumb":{"@id":"https:\/\/vieassociative.be\/actualites\/microsoft-365-augmente-les-prix-et-abandonne-son-vpn-gratuit\/#breadcrumb"},"inLanguage":"fr-BE","potentialAction":[{"@type":"ReadAction","target":["https:\/\/vieassociative.be\/actualites\/microsoft-365-augmente-les-prix-et-abandonne-son-vpn-gratuit\/"]}]},{"@type":"ImageObject","inLanguage":"fr-BE","@id":"https:\/\/vieassociative.be\/actualites\/microsoft-365-augmente-les-prix-et-abandonne-son-vpn-gratuit\/#primaryimage","url":"https:\/\/vieassociative.be\/actualites\/wp-content\/uploads\/2025\/02\/Microsoft-365-augmente-les-prix-et-abandonne-son-VPN-gratuit.png","contentUrl":"https:\/\/vieassociative.be\/actualites\/wp-content\/uploads\/2025\/02\/Microsoft-365-augmente-les-prix-et-abandonne-son-VPN-gratuit.png","width":1200,"height":675,"caption":"Microsoft 365 augmente les prix et abandonne son VPN gratuit"},{"@type":"BreadcrumbList","@id":"https:\/\/vieassociative.be\/actualites\/microsoft-365-augmente-les-prix-et-abandonne-son-vpn-gratuit\/#breadcrumb","itemListElement":[{"@type":"ListItem","position":1,"name":"Accueil","item":"https:\/\/vieassociative.be\/actualites\/"},{"@type":"ListItem","position":2,"name":"Microsoft 365 augmente les prix et abandonne son VPN gratuit"}]},{"@type":"WebSite","@id":"https:\/\/vieassociative.be\/actualites\/#website","url":"https:\/\/vieassociative.be\/actualites\/","name":"Vie Associative","description":"","publisher":{"@id":"https:\/\/vieassociative.be\/actualites\/#organization"},"potentialAction":[{"@type":"SearchAction","target":{"@type":"EntryPoint","urlTemplate":"https:\/\/vieassociative.be\/actualites\/?s={search_term_string}"},"query-input":{"@type":"PropertyValueSpecification","valueRequired":true,"valueName":"search_term_string"}}],"inLanguage":"fr-BE"},{"@type":"Organization","@id":"https:\/\/vieassociative.be\/actualites\/#organization","name":"Vie Associative","url":"https:\/\/vieassociative.be\/actualites\/","logo":{"@type":"ImageObject","inLanguage":"fr-BE","@id":"https:\/\/vieassociative.be\/actualites\/#\/schema\/logo\/image\/","url":"https:\/\/vieassociative.be\/actualites\/wp-content\/uploads\/2024\/09\/cropped-vieassociative_favicon.ico.png","contentUrl":"https:\/\/vieassociative.be\/actualites\/wp-content\/uploads\/2024\/09\/cropped-vieassociative_favicon.ico.png","width":512,"height":512,"caption":"Vie Associative"},"image":{"@id":"https:\/\/vieassociative.be\/actualites\/#\/schema\/logo\/image\/"}},{"@type":"Person","@id":"https:\/\/vieassociative.be\/actualites\/#\/schema\/person\/b87ac4f82f9d4e7b7cec7395b679edc4","name":"Julien","image":{"@type":"ImageObject","inLanguage":"fr-BE","@id":"https:\/\/vieassociative.be\/actualites\/#\/schema\/person\/image\/","url":"https:\/\/vieassociative.be\/actualites\/wp-content\/uploads\/2024\/09\/vie-associative-1-150x150.jpg","contentUrl":"https:\/\/vieassociative.be\/actualites\/wp-content\/uploads\/2024\/09\/vie-associative-1-150x150.jpg","caption":"Julien"},"description":"Je suis Julien, r\u00e9dacteur pour Vie Associative. Passionn\u00e9 par le monde associatif depuis plus de 10 ans, j'ai \u00e0 c\u0153ur de partager des histoires inspirantes et de mettre en lumi\u00e8re les initiatives locales. Mon objectif est de sensibiliser et d'encourager l'engagement communautaire \u00e0 travers mes articles.","sameAs":["https:\/\/vieassociative.be\/"]}]}},"_links":{"self":[{"href":"https:\/\/vieassociative.be\/actualites\/wp-json\/wp\/v2\/posts\/4830"}],"collection":[{"href":"https:\/\/vieassociative.be\/actualites\/wp-json\/wp\/v2\/posts"}],"about":[{"href":"https:\/\/vieassociative.be\/actualites\/wp-json\/wp\/v2\/types\/post"}],"author":[{"embeddable":true,"href":"https:\/\/vieassociative.be\/actualites\/wp-json\/wp\/v2\/users\/1"}],"replies":[{"embeddable":true,"href":"https:\/\/vieassociative.be\/actualites\/wp-json\/wp\/v2\/comments?post=4830"}],"version-history":[{"count":0,"href":"https:\/\/vieassociative.be\/actualites\/wp-json\/wp\/v2\/posts\/4830\/revisions"}],"wp:featuredmedia":[{"embeddable":true,"href":"https:\/\/vieassociative.be\/actualites\/wp-json\/wp\/v2\/media\/4831"}],"wp:attachment":[{"href":"https:\/\/vieassociative.be\/actualites\/wp-json\/wp\/v2\/media?parent=4830"}],"wp:term":[{"taxonomy":"category","embeddable":true,"href":"https:\/\/vieassociative.be\/actualites\/wp-json\/wp\/v2\/categories?post=4830"},{"taxonomy":"post_tag","embeddable":true,"href":"https:\/\/vieassociative.be\/actualites\/wp-json\/wp\/v2\/tags?post=4830"}],"curies":[{"name":"wp","href":"https:\/\/api.w.org\/{rel}","templated":true}]}}