{"id":4825,"date":"2025-02-04T03:17:10","date_gmt":"2025-02-04T02:17:10","guid":{"rendered":"https:\/\/vieassociative.be\/actualites\/bonne-nouvelle-pour-les-amis-de-bundesliga-belge-orientale-eintracht-frankfurt-holt-michy-bathshuayi\/"},"modified":"2025-02-04T03:17:10","modified_gmt":"2025-02-04T02:17:10","slug":"bonne-nouvelle-pour-les-amis-de-bundesliga-belge-orientale-eintracht-frankfurt-holt-michy-bathshuayi","status":"publish","type":"post","link":"https:\/\/vieassociative.be\/actualites\/bonne-nouvelle-pour-les-amis-de-bundesliga-belge-orientale-eintracht-frankfurt-holt-michy-bathshuayi\/","title":{"rendered":"Bonne nouvelle pour les amis de Bundesliga Belge orientale: Eintracht Frankfurt Holt Michy Bathshuayi"},"content":{"rendered":"<p><strong>Eintracht Francfort frappe \u00e0 nouveau \u00e0 la fin de la fen\u00eatre de transfert d&rsquo;hiver. L&rsquo;attaquant national belge Michy Bathshuayi arrive \u00e0 la principale et vise \u00e0 renforcer l&rsquo;offensive de l&rsquo;harmonie.<\/strong><\/p>\n<p><span id=\"more-407468\"><\/span>Bundesliga Club Eintracht Frankfurt a embauch\u00e9 Galatasaray Istanbul dans un attaquant de transfert de derni\u00e8re minute Michy Bathshuayi de Galatasaray Istanbul. L&rsquo;international belge re\u00e7oit un contrat \u00e0 Eintracht jusqu&rsquo;au 30 juin 2027, comme l&rsquo;a annonc\u00e9 la Hesse. Les Francfurters n&rsquo;ont fourni aucune information sur les modalit\u00e9s de suppression.<\/p>\n<div id=\"attachment_163893\" class=\"wp-caption alignleft\" style=\"max-width: 300px\"><img fetchpriority=\"high\" decoding=\"async\" class=\"wp-image-163893 size-medium\" src=\"https:\/\/vieassociative.be\/actualites\/wp-content\/uploads\/2025\/02\/Bonne-nouvelle-pour-les-amis-de-Bundesliga-Belge-orientale-Eintracht.jpeg\" alt=\"\" width=\"300\" height=\"172\"  ><\/p>\n<p class=\"wp-caption-text\">Belge Michy Bathshuayi en tant que joueur du Borussia Dortmund lors de la saison 2017\/2018. Photo: Guido Kirchner \/ DPA<\/p>\n<\/div>\n<p>Bathshuayi n&rsquo;est pass\u00e9 que des rivaux de la ville Fenerbahce \u00e0 Galatasaray l&rsquo;\u00e9t\u00e9 dernier et a \u00e9galement \u00e9t\u00e9 actif pour certains autres clubs en Europe ces derni\u00e8res ann\u00e9es. L&rsquo;homme de 31 ans a \u00e9galement jou\u00e9 dans la Bundesliga: en 2018, il a \u00e9t\u00e9 emprunt\u00e9 au FC Chelsea au Borussia Dortmund.<\/p>\n<p>Pour l&rsquo;\u00e9quipe nationale belge, Bathshuayi l&rsquo;a port\u00e9 \u00e0 55 missions. Son taux de succ\u00e8s avec 27 buts pour le Red Devil est remarquable. Sous l&rsquo;entra\u00eeneur national Domenico Tedesco, le joueur de 31 ans n&rsquo;avait aucune chance r\u00e9elle en tant qu&rsquo;attaquant num\u00e9ro trois derri\u00e8re Romelu Lukaku et Lois Openda. Peut-\u00eatre que cela fonctionne beaucoup mieux sous son successeur Rudi Garcia, qui conna\u00eet toujours Bathshuayi en tant qu&rsquo;attaquant de l&rsquo;Olympique Marseille. Avec Arthur Theat et Batshayi, Francfort a maintenant deux internationaux belges sous contrat. (DPA \/ CRE)<\/p>\n","protected":false},"excerpt":{"rendered":"<p>Eintracht Francfort frappe \u00e0 nouveau \u00e0 la fin de la fen\u00eatre de transfert d&rsquo;hiver. L&rsquo;attaquant national belge Michy Bathshuayi arrive \u00e0 la principale et vise<\/p>\n","protected":false},"author":1,"featured_media":4826,"comment_status":"","ping_status":"","sticky":false,"template":"","format":"standard","meta":{"footnotes":""},"categories":[298],"tags":[846,5135,410,680,3644,5131,5132,5133,14,5134,491,2717,81],"class_list":["post-4825","post","type-post","status-publish","format-standard","has-post-thumbnail","hentry","category-belgique","tag-amis","tag-bathshuayi","tag-belge","tag-bonne","tag-bundesliga","tag-eintracht","tag-frankfurt","tag-holt","tag-les","tag-michy","tag-nouvelle","tag-orientale","tag-pour","generate-columns","tablet-grid-50","mobile-grid-100","grid-parent","grid-33"],"yoast_head":"<!-- This site is optimized with the Yoast SEO plugin v24.0 - https:\/\/yoast.com\/wordpress\/plugins\/seo\/ -->\n<title>Bonne nouvelle pour les amis de Bundesliga Belge orientale: Eintracht Frankfurt Holt Michy Bathshuayi | Vie Associative<\/title>\n<meta name=\"robots\" content=\"index, follow, max-snippet:-1, max-image-preview:large, max-video-preview:-1\" \/>\n<link rel=\"canonical\" href=\"https:\/\/vieassociative.be\/actualites\/bonne-nouvelle-pour-les-amis-de-bundesliga-belge-orientale-eintracht-frankfurt-holt-michy-bathshuayi\/\" \/>\n<meta property=\"og:locale\" content=\"fr_FR\" \/>\n<meta property=\"og:type\" content=\"article\" \/>\n<meta property=\"og:title\" content=\"Bonne nouvelle pour les amis de Bundesliga Belge orientale: Eintracht Frankfurt Holt Michy Bathshuayi | Vie Associative\" \/>\n<meta property=\"og:description\" content=\"Eintracht Francfort frappe \u00e0 nouveau \u00e0 la fin de la fen\u00eatre de transfert d&rsquo;hiver. L&rsquo;attaquant national belge Michy Bathshuayi arrive \u00e0 la principale et vise\" \/>\n<meta property=\"og:url\" content=\"https:\/\/vieassociative.be\/actualites\/bonne-nouvelle-pour-les-amis-de-bundesliga-belge-orientale-eintracht-frankfurt-holt-michy-bathshuayi\/\" \/>\n<meta property=\"og:site_name\" content=\"Vie Associative\" \/>\n<meta property=\"article:published_time\" content=\"2025-02-04T02:17:10+00:00\" \/>\n<meta property=\"og:image\" content=\"https:\/\/vieassociative.be\/actualites\/wp-content\/uploads\/2024\/09\/header_backgroundk-01-e1726694325946.png\" \/>\n\t<meta property=\"og:image:width\" content=\"279\" \/>\n\t<meta property=\"og:image:height\" content=\"92\" \/>\n\t<meta property=\"og:image:type\" content=\"image\/png\" \/>\n<meta name=\"author\" content=\"Julien\" \/>\n<meta name=\"twitter:card\" content=\"summary_large_image\" \/>\n<meta name=\"twitter:label1\" content=\"\u00c9crit par\" \/>\n\t<meta name=\"twitter:data1\" content=\"Julien\" \/>\n\t<meta name=\"twitter:label2\" content=\"Dur\u00e9e de lecture est.\" \/>\n\t<meta name=\"twitter:data2\" content=\"1 minute\" \/>\n<script type=\"application\/ld+json\" class=\"yoast-schema-graph\">{\"@context\":\"https:\/\/schema.org\",\"@graph\":[{\"@type\":\"Article\",\"@id\":\"https:\/\/vieassociative.be\/actualites\/bonne-nouvelle-pour-les-amis-de-bundesliga-belge-orientale-eintracht-frankfurt-holt-michy-bathshuayi\/#article\",\"isPartOf\":{\"@id\":\"https:\/\/vieassociative.be\/actualites\/bonne-nouvelle-pour-les-amis-de-bundesliga-belge-orientale-eintracht-frankfurt-holt-michy-bathshuayi\/\"},\"author\":{\"name\":\"Julien\",\"@id\":\"https:\/\/vieassociative.be\/actualites\/#\/schema\/person\/b87ac4f82f9d4e7b7cec7395b679edc4\"},\"headline\":\"Bonne nouvelle pour les amis de Bundesliga Belge orientale: Eintracht Frankfurt Holt Michy Bathshuayi\",\"datePublished\":\"2025-02-04T02:17:10+00:00\",\"dateModified\":\"2025-02-04T02:17:10+00:00\",\"mainEntityOfPage\":{\"@id\":\"https:\/\/vieassociative.be\/actualites\/bonne-nouvelle-pour-les-amis-de-bundesliga-belge-orientale-eintracht-frankfurt-holt-michy-bathshuayi\/\"},\"wordCount\":261,\"publisher\":{\"@id\":\"https:\/\/vieassociative.be\/actualites\/#organization\"},\"image\":{\"@id\":\"https:\/\/vieassociative.be\/actualites\/bonne-nouvelle-pour-les-amis-de-bundesliga-belge-orientale-eintracht-frankfurt-holt-michy-bathshuayi\/#primaryimage\"},\"thumbnailUrl\":\"https:\/\/vieassociative.be\/actualites\/wp-content\/uploads\/2025\/02\/Bonne-nouvelle-pour-les-amis-de-Bundesliga-Belge-orientale-Eintracht.jpg\",\"keywords\":[\"amis\",\"Bathshuayi\",\"belge\",\"bonne\",\"Bundesliga\",\"Eintracht\",\"Frankfurt\",\"Holt\",\"Les\",\"Michy\",\"nouvelle\",\"orientale\",\"pour\"],\"articleSection\":[\"Belgique\"],\"inLanguage\":\"fr-BE\"},{\"@type\":\"WebPage\",\"@id\":\"https:\/\/vieassociative.be\/actualites\/bonne-nouvelle-pour-les-amis-de-bundesliga-belge-orientale-eintracht-frankfurt-holt-michy-bathshuayi\/\",\"url\":\"https:\/\/vieassociative.be\/actualites\/bonne-nouvelle-pour-les-amis-de-bundesliga-belge-orientale-eintracht-frankfurt-holt-michy-bathshuayi\/\",\"name\":\"Bonne nouvelle pour les amis de Bundesliga Belge orientale: Eintracht Frankfurt Holt Michy Bathshuayi | Vie Associative\",\"isPartOf\":{\"@id\":\"https:\/\/vieassociative.be\/actualites\/#website\"},\"primaryImageOfPage\":{\"@id\":\"https:\/\/vieassociative.be\/actualites\/bonne-nouvelle-pour-les-amis-de-bundesliga-belge-orientale-eintracht-frankfurt-holt-michy-bathshuayi\/#primaryimage\"},\"image\":{\"@id\":\"https:\/\/vieassociative.be\/actualites\/bonne-nouvelle-pour-les-amis-de-bundesliga-belge-orientale-eintracht-frankfurt-holt-michy-bathshuayi\/#primaryimage\"},\"thumbnailUrl\":\"https:\/\/vieassociative.be\/actualites\/wp-content\/uploads\/2025\/02\/Bonne-nouvelle-pour-les-amis-de-Bundesliga-Belge-orientale-Eintracht.jpg\",\"datePublished\":\"2025-02-04T02:17:10+00:00\",\"dateModified\":\"2025-02-04T02:17:10+00:00\",\"breadcrumb\":{\"@id\":\"https:\/\/vieassociative.be\/actualites\/bonne-nouvelle-pour-les-amis-de-bundesliga-belge-orientale-eintracht-frankfurt-holt-michy-bathshuayi\/#breadcrumb\"},\"inLanguage\":\"fr-BE\",\"potentialAction\":[{\"@type\":\"ReadAction\",\"target\":[\"https:\/\/vieassociative.be\/actualites\/bonne-nouvelle-pour-les-amis-de-bundesliga-belge-orientale-eintracht-frankfurt-holt-michy-bathshuayi\/\"]}]},{\"@type\":\"ImageObject\",\"inLanguage\":\"fr-BE\",\"@id\":\"https:\/\/vieassociative.be\/actualites\/bonne-nouvelle-pour-les-amis-de-bundesliga-belge-orientale-eintracht-frankfurt-holt-michy-bathshuayi\/#primaryimage\",\"url\":\"https:\/\/vieassociative.be\/actualites\/wp-content\/uploads\/2025\/02\/Bonne-nouvelle-pour-les-amis-de-Bundesliga-Belge-orientale-Eintracht.jpg\",\"contentUrl\":\"https:\/\/vieassociative.be\/actualites\/wp-content\/uploads\/2025\/02\/Bonne-nouvelle-pour-les-amis-de-Bundesliga-Belge-orientale-Eintracht.jpg\",\"width\":1200,\"height\":800,\"caption\":\"Bonne nouvelle pour les amis de Bundesliga Belge orientale: Eintracht Frankfurt Holt Michy Bathshuayi\"},{\"@type\":\"BreadcrumbList\",\"@id\":\"https:\/\/vieassociative.be\/actualites\/bonne-nouvelle-pour-les-amis-de-bundesliga-belge-orientale-eintracht-frankfurt-holt-michy-bathshuayi\/#breadcrumb\",\"itemListElement\":[{\"@type\":\"ListItem\",\"position\":1,\"name\":\"Accueil\",\"item\":\"https:\/\/vieassociative.be\/actualites\/\"},{\"@type\":\"ListItem\",\"position\":2,\"name\":\"Bonne nouvelle pour les amis de Bundesliga Belge orientale: Eintracht Frankfurt Holt Michy Bathshuayi\"}]},{\"@type\":\"WebSite\",\"@id\":\"https:\/\/vieassociative.be\/actualites\/#website\",\"url\":\"https:\/\/vieassociative.be\/actualites\/\",\"name\":\"Vie Associative\",\"description\":\"\",\"publisher\":{\"@id\":\"https:\/\/vieassociative.be\/actualites\/#organization\"},\"potentialAction\":[{\"@type\":\"SearchAction\",\"target\":{\"@type\":\"EntryPoint\",\"urlTemplate\":\"https:\/\/vieassociative.be\/actualites\/?s={search_term_string}\"},\"query-input\":{\"@type\":\"PropertyValueSpecification\",\"valueRequired\":true,\"valueName\":\"search_term_string\"}}],\"inLanguage\":\"fr-BE\"},{\"@type\":\"Organization\",\"@id\":\"https:\/\/vieassociative.be\/actualites\/#organization\",\"name\":\"Vie Associative\",\"url\":\"https:\/\/vieassociative.be\/actualites\/\",\"logo\":{\"@type\":\"ImageObject\",\"inLanguage\":\"fr-BE\",\"@id\":\"https:\/\/vieassociative.be\/actualites\/#\/schema\/logo\/image\/\",\"url\":\"https:\/\/vieassociative.be\/actualites\/wp-content\/uploads\/2024\/09\/cropped-vieassociative_favicon.ico.png\",\"contentUrl\":\"https:\/\/vieassociative.be\/actualites\/wp-content\/uploads\/2024\/09\/cropped-vieassociative_favicon.ico.png\",\"width\":512,\"height\":512,\"caption\":\"Vie Associative\"},\"image\":{\"@id\":\"https:\/\/vieassociative.be\/actualites\/#\/schema\/logo\/image\/\"}},{\"@type\":\"Person\",\"@id\":\"https:\/\/vieassociative.be\/actualites\/#\/schema\/person\/b87ac4f82f9d4e7b7cec7395b679edc4\",\"name\":\"Julien\",\"image\":{\"@type\":\"ImageObject\",\"inLanguage\":\"fr-BE\",\"@id\":\"https:\/\/vieassociative.be\/actualites\/#\/schema\/person\/image\/\",\"url\":\"https:\/\/vieassociative.be\/actualites\/wp-content\/uploads\/2024\/09\/vie-associative-1-150x150.jpg\",\"contentUrl\":\"https:\/\/vieassociative.be\/actualites\/wp-content\/uploads\/2024\/09\/vie-associative-1-150x150.jpg\",\"caption\":\"Julien\"},\"description\":\"Je suis Julien, r\u00e9dacteur pour Vie Associative. Passionn\u00e9 par le monde associatif depuis plus de 10 ans, j'ai \u00e0 c\u0153ur de partager des histoires inspirantes et de mettre en lumi\u00e8re les initiatives locales. Mon objectif est de sensibiliser et d'encourager l'engagement communautaire \u00e0 travers mes articles.\",\"sameAs\":[\"https:\/\/vieassociative.be\/\"]}]}<\/script>\n<!-- \/ Yoast SEO plugin. -->","yoast_head_json":{"title":"Bonne nouvelle pour les amis de Bundesliga Belge orientale: Eintracht Frankfurt Holt Michy Bathshuayi | Vie Associative","robots":{"index":"index","follow":"follow","max-snippet":"max-snippet:-1","max-image-preview":"max-image-preview:large","max-video-preview":"max-video-preview:-1"},"canonical":"https:\/\/vieassociative.be\/actualites\/bonne-nouvelle-pour-les-amis-de-bundesliga-belge-orientale-eintracht-frankfurt-holt-michy-bathshuayi\/","og_locale":"fr_FR","og_type":"article","og_title":"Bonne nouvelle pour les amis de Bundesliga Belge orientale: Eintracht Frankfurt Holt Michy Bathshuayi | Vie Associative","og_description":"Eintracht Francfort frappe \u00e0 nouveau \u00e0 la fin de la fen\u00eatre de transfert d&rsquo;hiver. L&rsquo;attaquant national belge Michy Bathshuayi arrive \u00e0 la principale et vise","og_url":"https:\/\/vieassociative.be\/actualites\/bonne-nouvelle-pour-les-amis-de-bundesliga-belge-orientale-eintracht-frankfurt-holt-michy-bathshuayi\/","og_site_name":"Vie Associative","article_published_time":"2025-02-04T02:17:10+00:00","og_image":[{"width":279,"height":92,"url":"https:\/\/vieassociative.be\/actualites\/wp-content\/uploads\/2024\/09\/header_backgroundk-01-e1726694325946.png","type":"image\/png"}],"author":"Julien","twitter_card":"summary_large_image","twitter_misc":{"\u00c9crit par":"Julien","Dur\u00e9e de lecture est.":"1 minute"},"schema":{"@context":"https:\/\/schema.org","@graph":[{"@type":"Article","@id":"https:\/\/vieassociative.be\/actualites\/bonne-nouvelle-pour-les-amis-de-bundesliga-belge-orientale-eintracht-frankfurt-holt-michy-bathshuayi\/#article","isPartOf":{"@id":"https:\/\/vieassociative.be\/actualites\/bonne-nouvelle-pour-les-amis-de-bundesliga-belge-orientale-eintracht-frankfurt-holt-michy-bathshuayi\/"},"author":{"name":"Julien","@id":"https:\/\/vieassociative.be\/actualites\/#\/schema\/person\/b87ac4f82f9d4e7b7cec7395b679edc4"},"headline":"Bonne nouvelle pour les amis de Bundesliga Belge orientale: Eintracht Frankfurt Holt Michy Bathshuayi","datePublished":"2025-02-04T02:17:10+00:00","dateModified":"2025-02-04T02:17:10+00:00","mainEntityOfPage":{"@id":"https:\/\/vieassociative.be\/actualites\/bonne-nouvelle-pour-les-amis-de-bundesliga-belge-orientale-eintracht-frankfurt-holt-michy-bathshuayi\/"},"wordCount":261,"publisher":{"@id":"https:\/\/vieassociative.be\/actualites\/#organization"},"image":{"@id":"https:\/\/vieassociative.be\/actualites\/bonne-nouvelle-pour-les-amis-de-bundesliga-belge-orientale-eintracht-frankfurt-holt-michy-bathshuayi\/#primaryimage"},"thumbnailUrl":"https:\/\/vieassociative.be\/actualites\/wp-content\/uploads\/2025\/02\/Bonne-nouvelle-pour-les-amis-de-Bundesliga-Belge-orientale-Eintracht.jpg","keywords":["amis","Bathshuayi","belge","bonne","Bundesliga","Eintracht","Frankfurt","Holt","Les","Michy","nouvelle","orientale","pour"],"articleSection":["Belgique"],"inLanguage":"fr-BE"},{"@type":"WebPage","@id":"https:\/\/vieassociative.be\/actualites\/bonne-nouvelle-pour-les-amis-de-bundesliga-belge-orientale-eintracht-frankfurt-holt-michy-bathshuayi\/","url":"https:\/\/vieassociative.be\/actualites\/bonne-nouvelle-pour-les-amis-de-bundesliga-belge-orientale-eintracht-frankfurt-holt-michy-bathshuayi\/","name":"Bonne nouvelle pour les amis de Bundesliga Belge orientale: Eintracht Frankfurt Holt Michy Bathshuayi | Vie Associative","isPartOf":{"@id":"https:\/\/vieassociative.be\/actualites\/#website"},"primaryImageOfPage":{"@id":"https:\/\/vieassociative.be\/actualites\/bonne-nouvelle-pour-les-amis-de-bundesliga-belge-orientale-eintracht-frankfurt-holt-michy-bathshuayi\/#primaryimage"},"image":{"@id":"https:\/\/vieassociative.be\/actualites\/bonne-nouvelle-pour-les-amis-de-bundesliga-belge-orientale-eintracht-frankfurt-holt-michy-bathshuayi\/#primaryimage"},"thumbnailUrl":"https:\/\/vieassociative.be\/actualites\/wp-content\/uploads\/2025\/02\/Bonne-nouvelle-pour-les-amis-de-Bundesliga-Belge-orientale-Eintracht.jpg","datePublished":"2025-02-04T02:17:10+00:00","dateModified":"2025-02-04T02:17:10+00:00","breadcrumb":{"@id":"https:\/\/vieassociative.be\/actualites\/bonne-nouvelle-pour-les-amis-de-bundesliga-belge-orientale-eintracht-frankfurt-holt-michy-bathshuayi\/#breadcrumb"},"inLanguage":"fr-BE","potentialAction":[{"@type":"ReadAction","target":["https:\/\/vieassociative.be\/actualites\/bonne-nouvelle-pour-les-amis-de-bundesliga-belge-orientale-eintracht-frankfurt-holt-michy-bathshuayi\/"]}]},{"@type":"ImageObject","inLanguage":"fr-BE","@id":"https:\/\/vieassociative.be\/actualites\/bonne-nouvelle-pour-les-amis-de-bundesliga-belge-orientale-eintracht-frankfurt-holt-michy-bathshuayi\/#primaryimage","url":"https:\/\/vieassociative.be\/actualites\/wp-content\/uploads\/2025\/02\/Bonne-nouvelle-pour-les-amis-de-Bundesliga-Belge-orientale-Eintracht.jpg","contentUrl":"https:\/\/vieassociative.be\/actualites\/wp-content\/uploads\/2025\/02\/Bonne-nouvelle-pour-les-amis-de-Bundesliga-Belge-orientale-Eintracht.jpg","width":1200,"height":800,"caption":"Bonne nouvelle pour les amis de Bundesliga Belge orientale: Eintracht Frankfurt Holt Michy Bathshuayi"},{"@type":"BreadcrumbList","@id":"https:\/\/vieassociative.be\/actualites\/bonne-nouvelle-pour-les-amis-de-bundesliga-belge-orientale-eintracht-frankfurt-holt-michy-bathshuayi\/#breadcrumb","itemListElement":[{"@type":"ListItem","position":1,"name":"Accueil","item":"https:\/\/vieassociative.be\/actualites\/"},{"@type":"ListItem","position":2,"name":"Bonne nouvelle pour les amis de Bundesliga Belge orientale: Eintracht Frankfurt Holt Michy Bathshuayi"}]},{"@type":"WebSite","@id":"https:\/\/vieassociative.be\/actualites\/#website","url":"https:\/\/vieassociative.be\/actualites\/","name":"Vie Associative","description":"","publisher":{"@id":"https:\/\/vieassociative.be\/actualites\/#organization"},"potentialAction":[{"@type":"SearchAction","target":{"@type":"EntryPoint","urlTemplate":"https:\/\/vieassociative.be\/actualites\/?s={search_term_string}"},"query-input":{"@type":"PropertyValueSpecification","valueRequired":true,"valueName":"search_term_string"}}],"inLanguage":"fr-BE"},{"@type":"Organization","@id":"https:\/\/vieassociative.be\/actualites\/#organization","name":"Vie Associative","url":"https:\/\/vieassociative.be\/actualites\/","logo":{"@type":"ImageObject","inLanguage":"fr-BE","@id":"https:\/\/vieassociative.be\/actualites\/#\/schema\/logo\/image\/","url":"https:\/\/vieassociative.be\/actualites\/wp-content\/uploads\/2024\/09\/cropped-vieassociative_favicon.ico.png","contentUrl":"https:\/\/vieassociative.be\/actualites\/wp-content\/uploads\/2024\/09\/cropped-vieassociative_favicon.ico.png","width":512,"height":512,"caption":"Vie Associative"},"image":{"@id":"https:\/\/vieassociative.be\/actualites\/#\/schema\/logo\/image\/"}},{"@type":"Person","@id":"https:\/\/vieassociative.be\/actualites\/#\/schema\/person\/b87ac4f82f9d4e7b7cec7395b679edc4","name":"Julien","image":{"@type":"ImageObject","inLanguage":"fr-BE","@id":"https:\/\/vieassociative.be\/actualites\/#\/schema\/person\/image\/","url":"https:\/\/vieassociative.be\/actualites\/wp-content\/uploads\/2024\/09\/vie-associative-1-150x150.jpg","contentUrl":"https:\/\/vieassociative.be\/actualites\/wp-content\/uploads\/2024\/09\/vie-associative-1-150x150.jpg","caption":"Julien"},"description":"Je suis Julien, r\u00e9dacteur pour Vie Associative. Passionn\u00e9 par le monde associatif depuis plus de 10 ans, j'ai \u00e0 c\u0153ur de partager des histoires inspirantes et de mettre en lumi\u00e8re les initiatives locales. Mon objectif est de sensibiliser et d'encourager l'engagement communautaire \u00e0 travers mes articles.","sameAs":["https:\/\/vieassociative.be\/"]}]}},"_links":{"self":[{"href":"https:\/\/vieassociative.be\/actualites\/wp-json\/wp\/v2\/posts\/4825"}],"collection":[{"href":"https:\/\/vieassociative.be\/actualites\/wp-json\/wp\/v2\/posts"}],"about":[{"href":"https:\/\/vieassociative.be\/actualites\/wp-json\/wp\/v2\/types\/post"}],"author":[{"embeddable":true,"href":"https:\/\/vieassociative.be\/actualites\/wp-json\/wp\/v2\/users\/1"}],"replies":[{"embeddable":true,"href":"https:\/\/vieassociative.be\/actualites\/wp-json\/wp\/v2\/comments?post=4825"}],"version-history":[{"count":0,"href":"https:\/\/vieassociative.be\/actualites\/wp-json\/wp\/v2\/posts\/4825\/revisions"}],"wp:featuredmedia":[{"embeddable":true,"href":"https:\/\/vieassociative.be\/actualites\/wp-json\/wp\/v2\/media\/4826"}],"wp:attachment":[{"href":"https:\/\/vieassociative.be\/actualites\/wp-json\/wp\/v2\/media?parent=4825"}],"wp:term":[{"taxonomy":"category","embeddable":true,"href":"https:\/\/vieassociative.be\/actualites\/wp-json\/wp\/v2\/categories?post=4825"},{"taxonomy":"post_tag","embeddable":true,"href":"https:\/\/vieassociative.be\/actualites\/wp-json\/wp\/v2\/tags?post=4825"}],"curies":[{"name":"wp","href":"https:\/\/api.w.org\/{rel}","templated":true}]}}