{"id":4823,"date":"2025-02-04T02:17:34","date_gmt":"2025-02-04T01:17:34","guid":{"rendered":"https:\/\/vieassociative.be\/actualites\/les-beatles-de-temps-en-temps-ont-ete-fabriques-avec-lia-et-ca-va\/"},"modified":"2025-02-04T02:17:34","modified_gmt":"2025-02-04T01:17:34","slug":"les-beatles-de-temps-en-temps-ont-ete-fabriques-avec-lia-et-ca-va","status":"publish","type":"post","link":"https:\/\/vieassociative.be\/actualites\/les-beatles-de-temps-en-temps-ont-ete-fabriques-avec-lia-et-ca-va\/","title":{"rendered":"Les Beatles \u00a0\u00bb de temps en temps ont \u00e9t\u00e9 fabriqu\u00e9s avec l&rsquo;IA (et \u00e7a va)"},"content":{"rendered":"<div class=\"mt-4 leading-6 md:mb-8\">Ce n&rsquo;est pas vraiment ce que vous pensez.<\/div>\n<p><\/p>\n<p>Il m&rsquo;est arriv\u00e9 d&rsquo;obtenir certains des Grammy Awards hier soir, et bien que Pop, Rap et Country aient d\u00e9finitivement pris le devant de la sc\u00e8ne, c&rsquo;\u00e9tait la meilleure cat\u00e9gorie de performance rock qui a le plus attir\u00e9 mon attention. Le prix a \u00e9t\u00e9 d\u00e9cern\u00e9 aux Beatles pour leur chanson \u00ab\u00a0Now and Then\u00a0\u00bb, qui est une phrase d\u00e9routante en 2025. Vous savez peut-\u00eatre que les Beatles fonctionnaient en grande partie dans les ann\u00e9es 1960, pas dans les ann\u00e9es 2020, et consid\u00e9rant que seulement la moiti\u00e9 du groupe est toujours en vie, Gagner un Grammy pour une nouvelle chanson peut sembler un peu \u00e9trange. <\/p>\n<p>N\u00e9anmoins, la chanson est nouvelle &#8211; du moins, aussi nouvelle qu&rsquo;une chanson des Beatles peut l&rsquo;\u00eatre. La piste est tomb\u00e9e vers la fin de 2023 et est construite \u00e0 partir d&rsquo;une d\u00e9mo que John Lennon a enregistr\u00e9e peu de temps avant sa mort. Dans les ann\u00e9es 90, les membres vivants des trois Beatles (Paul McCartney, Ringo Starr et George Harrison) ont tent\u00e9 de terminer la chanson, mais ne l&rsquo;ont jamais termin\u00e9, car la qualit\u00e9 audio originale \u00e9tait trop pauvre. La technologie moderne, cependant, a permis de cr\u00e9er le produit que vous entendez aujourd&rsquo;hui.<\/p>\n<p>J&rsquo;adore les Beatles, mais la chanson elle-m\u00eame n&rsquo;est pas vraiment ce \u00e0 quoi j&rsquo;ai fait attention. (Je n&rsquo;ai pas vraiment r\u00e9fl\u00e9chi \u00e0 dimanche.) Au lieu de cela, un annonceur a clairement indiqu\u00e9 que la chanson avait \u00e9t\u00e9 produite avec l&rsquo;IA, une d\u00e9claration qui, en 2025, provoque n&rsquo;importe quoi d&rsquo;un roll \u00e0 l&rsquo;\u0153il \u00e0 un lourd soupir de cet \u00e9diteur technologique. La musique g\u00e9n\u00e9r\u00e9e par l&rsquo;AI est une r\u00e9alit\u00e9 aujourd&rsquo;hui. Bien qu&rsquo;il y ait des r\u00e9sultats convaincants de ces outils g\u00e9n\u00e9r\u00e9s par l&rsquo;IA, il y a beaucoup de races \u00e0 surveiller. L&rsquo;id\u00e9e que les Beatles \u00e9mettaient une chanson avec un certain niveau de g\u00e9n\u00e9ration d&rsquo;IA ne me convenait pas, et je parie que beaucoup d&rsquo;autres l\u00e0-bas. <\/p>\n<p>Cependant, il est important de noter la diff\u00e9rence entre g\u00e9n\u00e9r\u00e9 par l&rsquo;AI et sur AI-produite. Ils sonnent la m\u00eame chose, mais ce n&rsquo;est pas le cas. Je veux \u00eatre clair: \u00ab\u00a0Now and Then\u00a0\u00bb n&rsquo;est pas une chanson g\u00e9n\u00e9r\u00e9e par l&rsquo;AI: personne ne tape l&rsquo;IA pour recr\u00e9er la voix de John Lennon pour faire une autre chanson prim\u00e9e. <\/p>\n<h2 id=\"not-that-kind-of-ai\">Pas <em>que<\/em> sorte d&rsquo;ai<\/h2>\n<p>L&rsquo;IA ne signifie pas seulement le contenu g\u00e9n\u00e9r\u00e9 artificiellement auquel nous sommes tous habitu\u00e9s. Bien qu&rsquo;il ait l&rsquo;impression que l&rsquo;IA a repris nos vies avec l&rsquo;introduction de Chatgpt fin 2022, les entreprises ont int\u00e9gr\u00e9 la technologie dans nos produits et services plus longtemps que cela. <\/p>\n<p>L&rsquo;IA est peut-\u00eatre un peu inappropri\u00e9e. Dans ce contexte, l&rsquo;apprentissage automatique est un peu plus pr\u00e9cis. L&rsquo;apprentissage automatique est, tr\u00e8s simplement, lorsqu&rsquo;un programme est capable de s&rsquo;adapter et de se d\u00e9velopper en fonction des donn\u00e9es qu&rsquo;il exp\u00e9rimente &#8211; similaire \u00e0 la fa\u00e7on dont nos esprits fonctionnent. Vous alimentez les donn\u00e9es de formation du programme, et elle ajuste ses hypoth\u00e8ses et ses sorties en cons\u00e9quence. Bien que le processus r\u00e9el soit beaucoup plus compliqu\u00e9 que cela, l&rsquo;apprentissage automatique permet aux programmes de faire de grandes choses.<\/p>\n<p>L&rsquo;une de ces choses est la s\u00e9paration des pistes audio: une partie de la raison pour laquelle le projet \u00ab\u00a0Now et puis\u00a0\u00bb a \u00e9t\u00e9 mis de c\u00f4t\u00e9 \u00e9tait parce qu&rsquo;ils ne pouvaient pas bien m\u00e9langer la chanson, car l&rsquo;enregistrement original de Lennon \u00e9tait si rude. Mais en utilisant un outil d&rsquo;\u00e9dition audio propuls\u00e9 par l&rsquo;apprentissage automatique, les producteurs ont pu s\u00e9parer la voix de Lennon du piano. Ni le piano ni la voix n&rsquo;ont \u00e9t\u00e9 g\u00e9n\u00e9r\u00e9s avec l&rsquo;IA &#8211; et l&rsquo;outil n&rsquo;a pas pu briser ces pistes, afin que les producteurs, ainsi que les deux Beatles vivants, puissent s&rsquo;appuyer sur eux pour enregistrer, m\u00e9langer et exp\u00e9dier une chanson termin\u00e9e. McCartney a publi\u00e9 autant sur X l&rsquo;\u00e9t\u00e9 avant de sortir la chanson:<\/p>\n<blockquote class=\"twitterEmbed twitter-tweet\"><p>\n    <a rel=\"nofollow noopener\" class=\"text-gray-600\" href=\"https:\/\/twitter.com\/PaulMcCartney\/status\/1671880812080549890\" title=\"open in a new window\" target=\"_blank\"><\/p>\n<p>        Ce tweet n&rsquo;est actuellement pas disponible. Il peut \u00eatre charg\u00e9 ou a \u00e9t\u00e9 supprim\u00e9.<br \/>\n    <\/a>\n<\/p><\/blockquote>\n<p>Pour de nombreuses raisons, je suis heureux que \u00ab\u00a0Ai Beatles Song\u00a0\u00bb n&rsquo;ait pas ramen\u00e9 artificiellement John Lennon. C&rsquo;est vraiment gentil que la chanson Lennon ait commenc\u00e9 il y a des d\u00e9cennies, correctement termin\u00e9e par ses anciens camarades de groupe, avec le fils de Lennon acceptant le prix au nom du groupe. <\/p>\n<p>Le clip, en revanche, pousse d\u00e9finitivement les choses un peu plus loin, juxtaposant des images d&rsquo;archives des membres d\u00e9c\u00e9d\u00e9s des Beatles John Lennon et George Harrison aux c\u00f4t\u00e9s des images actuelles de McCartney et Starr. (Il a \u00e9t\u00e9 produit par Peter Jackson, qui a produit de temps en temps, ainsi que le documentaire des Beatles en 2021 se remet.) Pourtant, c&rsquo;est plus bizarre qu&rsquo;autre Une grande partie du contenu g\u00e9n\u00e9r\u00e9 par l&rsquo;IA que vous rencontrez dans la nature. <\/p>\n<div class=\"mx-auto mt-8 w-full max-w-4xl\">\n<div id=\"video-container-Opxhh9Oh3rg\"><\/div>\n<\/div>\n<p><script async src=\"https:\/\/platform.twitter.com\/widgets.js\" charset=\"utf-8\"><\/script><\/p>\n","protected":false},"excerpt":{"rendered":"<p>Ce n&rsquo;est pas vraiment ce que vous pensez. Il m&rsquo;est arriv\u00e9 d&rsquo;obtenir certains des Grammy Awards hier soir, et bien que Pop, Rap et Country<\/p>\n","protected":false},"author":1,"featured_media":4824,"comment_status":"","ping_status":"","sticky":false,"template":"","format":"standard","meta":{"footnotes":""},"categories":[13],"tags":[61,4187,3208,217,5130,14,155,1374,790],"class_list":["post-4823","post","type-post","status-publish","format-standard","has-post-thumbnail","hentry","category-technologie","tag-avec","tag-beatles","tag-ca","tag-ete","tag-fabriques","tag-les","tag-lia","tag-ont","tag-temps","generate-columns","tablet-grid-50","mobile-grid-100","grid-parent","grid-33"],"yoast_head":"<!-- This site is optimized with the Yoast SEO plugin v24.0 - https:\/\/yoast.com\/wordpress\/plugins\/seo\/ -->\n<title>Les Beatles &#039;&#039; de temps en temps ont \u00e9t\u00e9 fabriqu\u00e9s avec l&#039;IA (et \u00e7a va) | Vie Associative<\/title>\n<meta name=\"robots\" content=\"index, follow, max-snippet:-1, max-image-preview:large, max-video-preview:-1\" \/>\n<link rel=\"canonical\" href=\"https:\/\/vieassociative.be\/actualites\/les-beatles-de-temps-en-temps-ont-ete-fabriques-avec-lia-et-ca-va\/\" \/>\n<meta property=\"og:locale\" content=\"fr_FR\" \/>\n<meta property=\"og:type\" content=\"article\" \/>\n<meta property=\"og:title\" content=\"Les Beatles &#039;&#039; de temps en temps ont \u00e9t\u00e9 fabriqu\u00e9s avec l&#039;IA (et \u00e7a va) | Vie Associative\" \/>\n<meta property=\"og:description\" content=\"Ce n&rsquo;est pas vraiment ce que vous pensez. Il m&rsquo;est arriv\u00e9 d&rsquo;obtenir certains des Grammy Awards hier soir, et bien que Pop, Rap et Country\" \/>\n<meta property=\"og:url\" content=\"https:\/\/vieassociative.be\/actualites\/les-beatles-de-temps-en-temps-ont-ete-fabriques-avec-lia-et-ca-va\/\" \/>\n<meta property=\"og:site_name\" content=\"Vie Associative\" \/>\n<meta property=\"article:published_time\" content=\"2025-02-04T01:17:34+00:00\" \/>\n<meta property=\"og:image\" content=\"https:\/\/vieassociative.be\/actualites\/wp-content\/uploads\/2024\/09\/header_backgroundk-01-e1726694325946.png\" \/>\n\t<meta property=\"og:image:width\" content=\"279\" \/>\n\t<meta property=\"og:image:height\" content=\"92\" \/>\n\t<meta property=\"og:image:type\" content=\"image\/png\" \/>\n<meta name=\"author\" content=\"Julien\" \/>\n<meta name=\"twitter:card\" content=\"summary_large_image\" \/>\n<meta name=\"twitter:label1\" content=\"\u00c9crit par\" \/>\n\t<meta name=\"twitter:data1\" content=\"Julien\" \/>\n\t<meta name=\"twitter:label2\" content=\"Dur\u00e9e de lecture est.\" \/>\n\t<meta name=\"twitter:data2\" content=\"4 minutes\" \/>\n<script type=\"application\/ld+json\" class=\"yoast-schema-graph\">{\"@context\":\"https:\/\/schema.org\",\"@graph\":[{\"@type\":\"Article\",\"@id\":\"https:\/\/vieassociative.be\/actualites\/les-beatles-de-temps-en-temps-ont-ete-fabriques-avec-lia-et-ca-va\/#article\",\"isPartOf\":{\"@id\":\"https:\/\/vieassociative.be\/actualites\/les-beatles-de-temps-en-temps-ont-ete-fabriques-avec-lia-et-ca-va\/\"},\"author\":{\"name\":\"Julien\",\"@id\":\"https:\/\/vieassociative.be\/actualites\/#\/schema\/person\/b87ac4f82f9d4e7b7cec7395b679edc4\"},\"headline\":\"Les Beatles \u00a0\u00bb de temps en temps ont \u00e9t\u00e9 fabriqu\u00e9s avec l&rsquo;IA (et \u00e7a va)\",\"datePublished\":\"2025-02-04T01:17:34+00:00\",\"dateModified\":\"2025-02-04T01:17:34+00:00\",\"mainEntityOfPage\":{\"@id\":\"https:\/\/vieassociative.be\/actualites\/les-beatles-de-temps-en-temps-ont-ete-fabriques-avec-lia-et-ca-va\/\"},\"wordCount\":910,\"publisher\":{\"@id\":\"https:\/\/vieassociative.be\/actualites\/#organization\"},\"image\":{\"@id\":\"https:\/\/vieassociative.be\/actualites\/les-beatles-de-temps-en-temps-ont-ete-fabriques-avec-lia-et-ca-va\/#primaryimage\"},\"thumbnailUrl\":\"https:\/\/vieassociative.be\/actualites\/wp-content\/uploads\/2025\/02\/Les-Beatles-de-temps-en-temps-ont-ete-fabriques-avec.jpg\",\"keywords\":[\"avec\",\"Beatles\",\"\u00e7a\",\"\u00e9t\u00e9\",\"fabriqu\u00e9s\",\"Les\",\"lIA\",\"ont\",\"temps\"],\"articleSection\":[\"Technologie\"],\"inLanguage\":\"fr-BE\"},{\"@type\":\"WebPage\",\"@id\":\"https:\/\/vieassociative.be\/actualites\/les-beatles-de-temps-en-temps-ont-ete-fabriques-avec-lia-et-ca-va\/\",\"url\":\"https:\/\/vieassociative.be\/actualites\/les-beatles-de-temps-en-temps-ont-ete-fabriques-avec-lia-et-ca-va\/\",\"name\":\"Les Beatles '' de temps en temps ont \u00e9t\u00e9 fabriqu\u00e9s avec l'IA (et \u00e7a va) | Vie Associative\",\"isPartOf\":{\"@id\":\"https:\/\/vieassociative.be\/actualites\/#website\"},\"primaryImageOfPage\":{\"@id\":\"https:\/\/vieassociative.be\/actualites\/les-beatles-de-temps-en-temps-ont-ete-fabriques-avec-lia-et-ca-va\/#primaryimage\"},\"image\":{\"@id\":\"https:\/\/vieassociative.be\/actualites\/les-beatles-de-temps-en-temps-ont-ete-fabriques-avec-lia-et-ca-va\/#primaryimage\"},\"thumbnailUrl\":\"https:\/\/vieassociative.be\/actualites\/wp-content\/uploads\/2025\/02\/Les-Beatles-de-temps-en-temps-ont-ete-fabriques-avec.jpg\",\"datePublished\":\"2025-02-04T01:17:34+00:00\",\"dateModified\":\"2025-02-04T01:17:34+00:00\",\"breadcrumb\":{\"@id\":\"https:\/\/vieassociative.be\/actualites\/les-beatles-de-temps-en-temps-ont-ete-fabriques-avec-lia-et-ca-va\/#breadcrumb\"},\"inLanguage\":\"fr-BE\",\"potentialAction\":[{\"@type\":\"ReadAction\",\"target\":[\"https:\/\/vieassociative.be\/actualites\/les-beatles-de-temps-en-temps-ont-ete-fabriques-avec-lia-et-ca-va\/\"]}]},{\"@type\":\"ImageObject\",\"inLanguage\":\"fr-BE\",\"@id\":\"https:\/\/vieassociative.be\/actualites\/les-beatles-de-temps-en-temps-ont-ete-fabriques-avec-lia-et-ca-va\/#primaryimage\",\"url\":\"https:\/\/vieassociative.be\/actualites\/wp-content\/uploads\/2025\/02\/Les-Beatles-de-temps-en-temps-ont-ete-fabriques-avec.jpg\",\"contentUrl\":\"https:\/\/vieassociative.be\/actualites\/wp-content\/uploads\/2025\/02\/Les-Beatles-de-temps-en-temps-ont-ete-fabriques-avec.jpg\",\"width\":1200,\"height\":675,\"caption\":\"Les Beatles '' de temps en temps ont \u00e9t\u00e9 fabriqu\u00e9s avec l'IA (et \u00e7a va)\"},{\"@type\":\"BreadcrumbList\",\"@id\":\"https:\/\/vieassociative.be\/actualites\/les-beatles-de-temps-en-temps-ont-ete-fabriques-avec-lia-et-ca-va\/#breadcrumb\",\"itemListElement\":[{\"@type\":\"ListItem\",\"position\":1,\"name\":\"Accueil\",\"item\":\"https:\/\/vieassociative.be\/actualites\/\"},{\"@type\":\"ListItem\",\"position\":2,\"name\":\"Les Beatles \u00a0\u00bb de temps en temps ont \u00e9t\u00e9 fabriqu\u00e9s avec l&rsquo;IA (et \u00e7a va)\"}]},{\"@type\":\"WebSite\",\"@id\":\"https:\/\/vieassociative.be\/actualites\/#website\",\"url\":\"https:\/\/vieassociative.be\/actualites\/\",\"name\":\"Vie Associative\",\"description\":\"\",\"publisher\":{\"@id\":\"https:\/\/vieassociative.be\/actualites\/#organization\"},\"potentialAction\":[{\"@type\":\"SearchAction\",\"target\":{\"@type\":\"EntryPoint\",\"urlTemplate\":\"https:\/\/vieassociative.be\/actualites\/?s={search_term_string}\"},\"query-input\":{\"@type\":\"PropertyValueSpecification\",\"valueRequired\":true,\"valueName\":\"search_term_string\"}}],\"inLanguage\":\"fr-BE\"},{\"@type\":\"Organization\",\"@id\":\"https:\/\/vieassociative.be\/actualites\/#organization\",\"name\":\"Vie Associative\",\"url\":\"https:\/\/vieassociative.be\/actualites\/\",\"logo\":{\"@type\":\"ImageObject\",\"inLanguage\":\"fr-BE\",\"@id\":\"https:\/\/vieassociative.be\/actualites\/#\/schema\/logo\/image\/\",\"url\":\"https:\/\/vieassociative.be\/actualites\/wp-content\/uploads\/2024\/09\/cropped-vieassociative_favicon.ico.png\",\"contentUrl\":\"https:\/\/vieassociative.be\/actualites\/wp-content\/uploads\/2024\/09\/cropped-vieassociative_favicon.ico.png\",\"width\":512,\"height\":512,\"caption\":\"Vie Associative\"},\"image\":{\"@id\":\"https:\/\/vieassociative.be\/actualites\/#\/schema\/logo\/image\/\"}},{\"@type\":\"Person\",\"@id\":\"https:\/\/vieassociative.be\/actualites\/#\/schema\/person\/b87ac4f82f9d4e7b7cec7395b679edc4\",\"name\":\"Julien\",\"image\":{\"@type\":\"ImageObject\",\"inLanguage\":\"fr-BE\",\"@id\":\"https:\/\/vieassociative.be\/actualites\/#\/schema\/person\/image\/\",\"url\":\"https:\/\/vieassociative.be\/actualites\/wp-content\/uploads\/2024\/09\/vie-associative-1-150x150.jpg\",\"contentUrl\":\"https:\/\/vieassociative.be\/actualites\/wp-content\/uploads\/2024\/09\/vie-associative-1-150x150.jpg\",\"caption\":\"Julien\"},\"description\":\"Je suis Julien, r\u00e9dacteur pour Vie Associative. Passionn\u00e9 par le monde associatif depuis plus de 10 ans, j'ai \u00e0 c\u0153ur de partager des histoires inspirantes et de mettre en lumi\u00e8re les initiatives locales. Mon objectif est de sensibiliser et d'encourager l'engagement communautaire \u00e0 travers mes articles.\",\"sameAs\":[\"https:\/\/vieassociative.be\/\"]}]}<\/script>\n<!-- \/ Yoast SEO plugin. -->","yoast_head_json":{"title":"Les Beatles '' de temps en temps ont \u00e9t\u00e9 fabriqu\u00e9s avec l'IA (et \u00e7a va) | Vie Associative","robots":{"index":"index","follow":"follow","max-snippet":"max-snippet:-1","max-image-preview":"max-image-preview:large","max-video-preview":"max-video-preview:-1"},"canonical":"https:\/\/vieassociative.be\/actualites\/les-beatles-de-temps-en-temps-ont-ete-fabriques-avec-lia-et-ca-va\/","og_locale":"fr_FR","og_type":"article","og_title":"Les Beatles '' de temps en temps ont \u00e9t\u00e9 fabriqu\u00e9s avec l'IA (et \u00e7a va) | Vie Associative","og_description":"Ce n&rsquo;est pas vraiment ce que vous pensez. Il m&rsquo;est arriv\u00e9 d&rsquo;obtenir certains des Grammy Awards hier soir, et bien que Pop, Rap et Country","og_url":"https:\/\/vieassociative.be\/actualites\/les-beatles-de-temps-en-temps-ont-ete-fabriques-avec-lia-et-ca-va\/","og_site_name":"Vie Associative","article_published_time":"2025-02-04T01:17:34+00:00","og_image":[{"width":279,"height":92,"url":"https:\/\/vieassociative.be\/actualites\/wp-content\/uploads\/2024\/09\/header_backgroundk-01-e1726694325946.png","type":"image\/png"}],"author":"Julien","twitter_card":"summary_large_image","twitter_misc":{"\u00c9crit par":"Julien","Dur\u00e9e de lecture est.":"4 minutes"},"schema":{"@context":"https:\/\/schema.org","@graph":[{"@type":"Article","@id":"https:\/\/vieassociative.be\/actualites\/les-beatles-de-temps-en-temps-ont-ete-fabriques-avec-lia-et-ca-va\/#article","isPartOf":{"@id":"https:\/\/vieassociative.be\/actualites\/les-beatles-de-temps-en-temps-ont-ete-fabriques-avec-lia-et-ca-va\/"},"author":{"name":"Julien","@id":"https:\/\/vieassociative.be\/actualites\/#\/schema\/person\/b87ac4f82f9d4e7b7cec7395b679edc4"},"headline":"Les Beatles \u00a0\u00bb de temps en temps ont \u00e9t\u00e9 fabriqu\u00e9s avec l&rsquo;IA (et \u00e7a va)","datePublished":"2025-02-04T01:17:34+00:00","dateModified":"2025-02-04T01:17:34+00:00","mainEntityOfPage":{"@id":"https:\/\/vieassociative.be\/actualites\/les-beatles-de-temps-en-temps-ont-ete-fabriques-avec-lia-et-ca-va\/"},"wordCount":910,"publisher":{"@id":"https:\/\/vieassociative.be\/actualites\/#organization"},"image":{"@id":"https:\/\/vieassociative.be\/actualites\/les-beatles-de-temps-en-temps-ont-ete-fabriques-avec-lia-et-ca-va\/#primaryimage"},"thumbnailUrl":"https:\/\/vieassociative.be\/actualites\/wp-content\/uploads\/2025\/02\/Les-Beatles-de-temps-en-temps-ont-ete-fabriques-avec.jpg","keywords":["avec","Beatles","\u00e7a","\u00e9t\u00e9","fabriqu\u00e9s","Les","lIA","ont","temps"],"articleSection":["Technologie"],"inLanguage":"fr-BE"},{"@type":"WebPage","@id":"https:\/\/vieassociative.be\/actualites\/les-beatles-de-temps-en-temps-ont-ete-fabriques-avec-lia-et-ca-va\/","url":"https:\/\/vieassociative.be\/actualites\/les-beatles-de-temps-en-temps-ont-ete-fabriques-avec-lia-et-ca-va\/","name":"Les Beatles '' de temps en temps ont \u00e9t\u00e9 fabriqu\u00e9s avec l'IA (et \u00e7a va) | Vie Associative","isPartOf":{"@id":"https:\/\/vieassociative.be\/actualites\/#website"},"primaryImageOfPage":{"@id":"https:\/\/vieassociative.be\/actualites\/les-beatles-de-temps-en-temps-ont-ete-fabriques-avec-lia-et-ca-va\/#primaryimage"},"image":{"@id":"https:\/\/vieassociative.be\/actualites\/les-beatles-de-temps-en-temps-ont-ete-fabriques-avec-lia-et-ca-va\/#primaryimage"},"thumbnailUrl":"https:\/\/vieassociative.be\/actualites\/wp-content\/uploads\/2025\/02\/Les-Beatles-de-temps-en-temps-ont-ete-fabriques-avec.jpg","datePublished":"2025-02-04T01:17:34+00:00","dateModified":"2025-02-04T01:17:34+00:00","breadcrumb":{"@id":"https:\/\/vieassociative.be\/actualites\/les-beatles-de-temps-en-temps-ont-ete-fabriques-avec-lia-et-ca-va\/#breadcrumb"},"inLanguage":"fr-BE","potentialAction":[{"@type":"ReadAction","target":["https:\/\/vieassociative.be\/actualites\/les-beatles-de-temps-en-temps-ont-ete-fabriques-avec-lia-et-ca-va\/"]}]},{"@type":"ImageObject","inLanguage":"fr-BE","@id":"https:\/\/vieassociative.be\/actualites\/les-beatles-de-temps-en-temps-ont-ete-fabriques-avec-lia-et-ca-va\/#primaryimage","url":"https:\/\/vieassociative.be\/actualites\/wp-content\/uploads\/2025\/02\/Les-Beatles-de-temps-en-temps-ont-ete-fabriques-avec.jpg","contentUrl":"https:\/\/vieassociative.be\/actualites\/wp-content\/uploads\/2025\/02\/Les-Beatles-de-temps-en-temps-ont-ete-fabriques-avec.jpg","width":1200,"height":675,"caption":"Les Beatles '' de temps en temps ont \u00e9t\u00e9 fabriqu\u00e9s avec l'IA (et \u00e7a va)"},{"@type":"BreadcrumbList","@id":"https:\/\/vieassociative.be\/actualites\/les-beatles-de-temps-en-temps-ont-ete-fabriques-avec-lia-et-ca-va\/#breadcrumb","itemListElement":[{"@type":"ListItem","position":1,"name":"Accueil","item":"https:\/\/vieassociative.be\/actualites\/"},{"@type":"ListItem","position":2,"name":"Les Beatles \u00a0\u00bb de temps en temps ont \u00e9t\u00e9 fabriqu\u00e9s avec l&rsquo;IA (et \u00e7a va)"}]},{"@type":"WebSite","@id":"https:\/\/vieassociative.be\/actualites\/#website","url":"https:\/\/vieassociative.be\/actualites\/","name":"Vie Associative","description":"","publisher":{"@id":"https:\/\/vieassociative.be\/actualites\/#organization"},"potentialAction":[{"@type":"SearchAction","target":{"@type":"EntryPoint","urlTemplate":"https:\/\/vieassociative.be\/actualites\/?s={search_term_string}"},"query-input":{"@type":"PropertyValueSpecification","valueRequired":true,"valueName":"search_term_string"}}],"inLanguage":"fr-BE"},{"@type":"Organization","@id":"https:\/\/vieassociative.be\/actualites\/#organization","name":"Vie Associative","url":"https:\/\/vieassociative.be\/actualites\/","logo":{"@type":"ImageObject","inLanguage":"fr-BE","@id":"https:\/\/vieassociative.be\/actualites\/#\/schema\/logo\/image\/","url":"https:\/\/vieassociative.be\/actualites\/wp-content\/uploads\/2024\/09\/cropped-vieassociative_favicon.ico.png","contentUrl":"https:\/\/vieassociative.be\/actualites\/wp-content\/uploads\/2024\/09\/cropped-vieassociative_favicon.ico.png","width":512,"height":512,"caption":"Vie Associative"},"image":{"@id":"https:\/\/vieassociative.be\/actualites\/#\/schema\/logo\/image\/"}},{"@type":"Person","@id":"https:\/\/vieassociative.be\/actualites\/#\/schema\/person\/b87ac4f82f9d4e7b7cec7395b679edc4","name":"Julien","image":{"@type":"ImageObject","inLanguage":"fr-BE","@id":"https:\/\/vieassociative.be\/actualites\/#\/schema\/person\/image\/","url":"https:\/\/vieassociative.be\/actualites\/wp-content\/uploads\/2024\/09\/vie-associative-1-150x150.jpg","contentUrl":"https:\/\/vieassociative.be\/actualites\/wp-content\/uploads\/2024\/09\/vie-associative-1-150x150.jpg","caption":"Julien"},"description":"Je suis Julien, r\u00e9dacteur pour Vie Associative. Passionn\u00e9 par le monde associatif depuis plus de 10 ans, j'ai \u00e0 c\u0153ur de partager des histoires inspirantes et de mettre en lumi\u00e8re les initiatives locales. Mon objectif est de sensibiliser et d'encourager l'engagement communautaire \u00e0 travers mes articles.","sameAs":["https:\/\/vieassociative.be\/"]}]}},"_links":{"self":[{"href":"https:\/\/vieassociative.be\/actualites\/wp-json\/wp\/v2\/posts\/4823"}],"collection":[{"href":"https:\/\/vieassociative.be\/actualites\/wp-json\/wp\/v2\/posts"}],"about":[{"href":"https:\/\/vieassociative.be\/actualites\/wp-json\/wp\/v2\/types\/post"}],"author":[{"embeddable":true,"href":"https:\/\/vieassociative.be\/actualites\/wp-json\/wp\/v2\/users\/1"}],"replies":[{"embeddable":true,"href":"https:\/\/vieassociative.be\/actualites\/wp-json\/wp\/v2\/comments?post=4823"}],"version-history":[{"count":0,"href":"https:\/\/vieassociative.be\/actualites\/wp-json\/wp\/v2\/posts\/4823\/revisions"}],"wp:featuredmedia":[{"embeddable":true,"href":"https:\/\/vieassociative.be\/actualites\/wp-json\/wp\/v2\/media\/4824"}],"wp:attachment":[{"href":"https:\/\/vieassociative.be\/actualites\/wp-json\/wp\/v2\/media?parent=4823"}],"wp:term":[{"taxonomy":"category","embeddable":true,"href":"https:\/\/vieassociative.be\/actualites\/wp-json\/wp\/v2\/categories?post=4823"},{"taxonomy":"post_tag","embeddable":true,"href":"https:\/\/vieassociative.be\/actualites\/wp-json\/wp\/v2\/tags?post=4823"}],"curies":[{"name":"wp","href":"https:\/\/api.w.org\/{rel}","templated":true}]}}