{"id":4819,"date":"2025-02-03T21:17:26","date_gmt":"2025-02-03T20:17:26","guid":{"rendered":"https:\/\/vieassociative.be\/actualites\/pourquoi-le-nouveau-premier-ministre-de-wever-n-va-est-exactement-le-bon-pour-la-belgique-interjection\/"},"modified":"2025-02-03T21:17:26","modified_gmt":"2025-02-03T20:17:26","slug":"pourquoi-le-nouveau-premier-ministre-de-wever-n-va-est-exactement-le-bon-pour-la-belgique-interjection","status":"publish","type":"post","link":"https:\/\/vieassociative.be\/actualites\/pourquoi-le-nouveau-premier-ministre-de-wever-n-va-est-exactement-le-bon-pour-la-belgique-interjection\/","title":{"rendered":"Pourquoi le nouveau Premier ministre de Wever (N-VA) est exactement le bon pour la Belgique (interjection)"},"content":{"rendered":"<p><strong>Souvons-nous seulement bri\u00e8vement les d\u00e9buts de l&rsquo;ascension du N-VA en Flandre: ce qui n&rsquo;a pas \u00e9t\u00e9 dit sur le \u00ab\u00a0Nieuw Vlaamse Alliant\u00a0\u00bb (N-VA) \u00e0 l&rsquo;\u00e9poque! Son homme de front Bart de Wever \u00e9tait le r\u00e9partiteur de la Belgique. J&rsquo;entends \u00e9galement le Premier ministre de l&rsquo;\u00e9poque, Karl-Heinz Lambertz (SP), au Parlement de la DG, qui se brasserait les horreurs en Flandre avec les nationalistes N-VA. Et aujourd&rsquo;hui, c&rsquo;est le Premier ministre de Wever. Une interjection.<\/strong><\/p>\n<p><span id=\"more-407443\"><\/span>On ne peut pas entendre peu de sc\u00e9narios sectoriels \u00e0 ce moment-l\u00e0. D\u00e9j\u00e0 lors de la premi\u00e8re participation gouvernementale du Parti de De Wever sous le Premier ministre Charles Michel (MR) de 2014 \u00e0 2018, il \u00e9tait convaincu que les pragmatistes sont clairement en charge dans les rang\u00e9es du N-VA et rien n&rsquo;est aussi chaud que cela est cuit.<\/p>\n<div id=\"attachment_196193\" class=\"wp-caption alignleft\" style=\"max-width: 300px\"><img fetchpriority=\"high\" decoding=\"async\" class=\"wp-image-196193 size-medium\" src=\"https:\/\/vieassociative.be\/actualites\/wp-content\/uploads\/2025\/02\/Pourquoi-le-nouveau-Premier-ministre-de-Wever-N-VA-est-exactement.jpeg\" alt=\"\" width=\"300\" height=\"200\"  ><\/p>\n<p class=\"wp-caption-text\">C&rsquo;\u00e9tait le 8 d\u00e9cembre 2018: le Premier ministre flamand Jan Jambon (L) et Bart de Wever (Centre), pr\u00e9sident du N-VA et maire d&rsquo;Anvers, ont d\u00e9cid\u00e9 que le N-VA quitte le Michel I. Photo: Thierry Roge \/ Belga \/ DPA<\/p>\n<\/div>\n<p>Le Premier ministre lib\u00e9ral de l&rsquo;\u00e9poque, Michel, \u00e9tait n\u00e9 dans le fait que le N-VA a quitt\u00e9 Michel I fin 2018. Parce qu&rsquo;il voulait absolument se rendre chez la chanceli\u00e8re allemande Angela Merkel afin de devenir pr\u00e9sidente du Conseil de l&rsquo;UE avec son consentement, Michel s&rsquo;est rendu \u00e0 Marrakech au Maroc contre la volont\u00e9 du N-VA pour signer un pacte de migration des Nations Unies qui, pas plus n&rsquo;\u00e9tait plus Vaut le journal sur lequel il a \u00e9t\u00e9 \u00e9crit.<\/p>\n<p>Pour le N-VA, cependant, Marrakech \u00e9tait une provocation, que Michel connaissait \u00e9galement. Si le Liberalen avait \u00e9t\u00e9 plus important pour l&rsquo;existence continue de son gouvernement que pour sa carri\u00e8re personnelle, De Wever &#038; Co. serait rest\u00e9 dans la majorit\u00e9 du gouvernement jusqu&rsquo;en mai 2019.<\/p>\n<p>Bart de Wever a toujours l&rsquo;air un peu grogner \u00e0 l&rsquo;ext\u00e9rieur. Le maire de 54 ans d&rsquo;Anvers n&rsquo;est pas un petit orateur qui sourit dans les cam\u00e9ras juste pour plaire.<\/p>\n<div id=\"attachment_407450\" class=\"wp-caption alignleft\" style=\"max-width: 300px\"><img decoding=\"async\" class=\"wp-image-407450 size-medium\" src=\"https:\/\/vieassociative.be\/actualites\/wp-content\/uploads\/2025\/02\/Pourquoi-le-nouveau-Premier-ministre-de-Wever-N-VA-est-exactement.jpg\" alt=\"\" width=\"300\" height=\"200\"><\/p>\n<p class=\"wp-caption-text\">03.02.2025, Belgique, Bruxelles: le Premier ministre belge sortant Alexander de Croo (L) et le Premier ministre Bart De Wever lorsque le pouvoir est remis au nouveau ministre dans le Chabinet du Premier ministre. Photo: Dirk Waem \/ Belga \/ DPA<\/p>\n<\/div>\n<p>De Wever est un homme de l&rsquo;acte. Il l&rsquo;a \u00e9galement d\u00e9montr\u00e9 dans les n\u00e9gociations extr\u00eamement difficiles sur la formation de la coalition \u00ab\u00a0Arizona\u00a0\u00bb. Pas \u00e9tonnant qu&rsquo;un certain nombre d&rsquo;\u00e9lecteurs souhaitent \u00e9galement voter pour De Wevers N-VA dans la DG s&rsquo;ils le pouvaient.<\/p>\n<p>B\u00e9atrice Delvaux, responsable en chef du journal quotidien de Bruxelles \u00ab\u00a0Le Soir\u00a0\u00bb, a peint le diable sur le mur dans ses commentaires depuis des ann\u00e9es quand on parle du N-VA. Une femme intelligente comme vous devrait savoir qu&rsquo;aujourd&rsquo;hui, l&rsquo;extr\u00e9miste de droite Vlaam est le danger r\u00e9el, pas le n-VA.<\/p>\n<p>Ce que De Wever veut, c&rsquo;est la conversion de l&rsquo;\u00c9tat belge en une conf\u00e9d\u00e9ration selon le mod\u00e8le suisse. Malheureusement, les Wallons ne comprenaient toujours pas qu&rsquo;une conf\u00e9d\u00e9ration pour la Belgique est juste la bonne forme de gouvernement qui est tomb\u00e9e \u00e0 long terme de la paix communautaire.<\/p>\n<p>M\u00eame en Slovaquie, beaucoup de gens pensaient qu&rsquo;apr\u00e8s la s\u00e9paration de la Tch\u00e9coslovaquie, la fin du monde \u00e9tait proche. Aujourd&rsquo;hui, la s\u00e9paration de la R\u00e9publique tch\u00e8que \u00e0 l&rsquo;\u00e9poque a longtemps \u00e9t\u00e9 normale. Bart de Wever sera bient\u00f4t normal en Belgique. Parce qu&rsquo;il est exactement le bon. (Cre)<\/p>\n<p><em><strong>Sur le sujet, voir \u00e9galement l&rsquo;article suivant sur OD:<\/strong><\/em><\/p>\n<div class=\"responsive-embed widescreen\">\n<blockquote class=\"wp-embedded-content\" data-secret=\"zex0IKoDXH\">\n<p>Un nouveau gouvernement f\u00e9d\u00e9ral pour une Nouvelle-Belgique? &#8211; De Wever et ses 14 ministres ont fait le serment<\/p>\n<\/blockquote>\n<p><iframe loading=\"lazy\" class=\"wp-embedded-content\" sandbox=\"allow-scripts\" security=\"restricted\" style=\"position: absolute; visibility: hidden;\" title=\"\u201eEine neue F\u00f6deralregierung f\u00fcr ein neues Belgien? \u2013 De Wever und seine 14 Minister leisteten ihren Eid\u201c \u2014 Ostbelgien Direkt\" src=\"https:\/\/ostbelgiendirekt.be\/about:blank\" data-secret=\"zex0IKoDXH\" width=\"500\" height=\"282\" frameborder=\"0\" marginwidth=\"0\" marginheight=\"0\" scrolling=\"no\" data-rocket-lazyload=\"fitvidscompatible\" data-lazy-src=\"https:\/\/ostbelgiendirekt.be\/von-der-n-va-gefuehrte-regierung-407207\/embed#?secret=vrGhMHFQjR#?secret=zex0IKoDXH\"><\/iframe><noscript><iframe class=\"wp-embedded-content\" sandbox=\"allow-scripts\" security=\"restricted\" style=\"position: absolute; visibility: hidden;\" title=\"\u201eEine neue F\u00f6deralregierung f\u00fcr ein neues Belgien? \u2013 De Wever und seine 14 Minister leisteten ihren Eid\u201c \u2014 Ostbelgien Direkt\" src=\"https:\/\/ostbelgiendirekt.be\/von-der-n-va-gefuehrte-regierung-407207\/embed#?secret=vrGhMHFQjR#?secret=zex0IKoDXH\" data-secret=\"zex0IKoDXH\" width=\"500\" height=\"282\" frameborder=\"0\" marginwidth=\"0\" marginheight=\"0\" scrolling=\"no\"><\/iframe><\/noscript><\/p>\n<\/div>\n","protected":false},"excerpt":{"rendered":"<p>Souvons-nous seulement bri\u00e8vement les d\u00e9buts de l&rsquo;ascension du N-VA en Flandre: ce qui n&rsquo;a pas \u00e9t\u00e9 dit sur le \u00ab\u00a0Nieuw Vlaamse Alliant\u00a0\u00bb (N-VA) \u00e0 l&rsquo;\u00e9poque!<\/p>\n","protected":false},"author":1,"featured_media":4820,"comment_status":"","ping_status":"","sticky":false,"template":"","format":"standard","meta":{"footnotes":""},"categories":[298],"tags":[383,1036,76,5128,2885,1245,553,5088,81,734,443,2755],"class_list":["post-4819","post","type-post","status-publish","format-standard","has-post-thumbnail","hentry","category-belgique","tag-belgique","tag-bon","tag-est","tag-exactement","tag-interjection","tag-ministre","tag-nouveau","tag-nva","tag-pour","tag-pourquoi","tag-premier","tag-wever","generate-columns","tablet-grid-50","mobile-grid-100","grid-parent","grid-33"],"yoast_head":"<!-- This site is optimized with the Yoast SEO plugin v24.0 - https:\/\/yoast.com\/wordpress\/plugins\/seo\/ -->\n<title>Pourquoi le nouveau Premier ministre de Wever (N-VA) est exactement le bon pour la Belgique (interjection) | Vie Associative<\/title>\n<meta name=\"robots\" content=\"index, follow, max-snippet:-1, max-image-preview:large, max-video-preview:-1\" \/>\n<link rel=\"canonical\" href=\"https:\/\/vieassociative.be\/actualites\/pourquoi-le-nouveau-premier-ministre-de-wever-n-va-est-exactement-le-bon-pour-la-belgique-interjection\/\" \/>\n<meta property=\"og:locale\" content=\"fr_FR\" \/>\n<meta property=\"og:type\" content=\"article\" \/>\n<meta property=\"og:title\" content=\"Pourquoi le nouveau Premier ministre de Wever (N-VA) est exactement le bon pour la Belgique (interjection) | Vie Associative\" \/>\n<meta property=\"og:description\" content=\"Souvons-nous seulement bri\u00e8vement les d\u00e9buts de l&rsquo;ascension du N-VA en Flandre: ce qui n&rsquo;a pas \u00e9t\u00e9 dit sur le \u00ab\u00a0Nieuw Vlaamse Alliant\u00a0\u00bb (N-VA) \u00e0 l&rsquo;\u00e9poque!\" \/>\n<meta property=\"og:url\" content=\"https:\/\/vieassociative.be\/actualites\/pourquoi-le-nouveau-premier-ministre-de-wever-n-va-est-exactement-le-bon-pour-la-belgique-interjection\/\" \/>\n<meta property=\"og:site_name\" content=\"Vie Associative\" \/>\n<meta property=\"article:published_time\" content=\"2025-02-03T20:17:26+00:00\" \/>\n<meta property=\"og:image\" content=\"https:\/\/vieassociative.be\/actualites\/wp-content\/uploads\/2024\/09\/header_backgroundk-01-e1726694325946.png\" \/>\n\t<meta property=\"og:image:width\" content=\"279\" \/>\n\t<meta property=\"og:image:height\" content=\"92\" \/>\n\t<meta property=\"og:image:type\" content=\"image\/png\" \/>\n<meta name=\"author\" content=\"Julien\" \/>\n<meta name=\"twitter:card\" content=\"summary_large_image\" \/>\n<meta name=\"twitter:label1\" content=\"\u00c9crit par\" \/>\n\t<meta name=\"twitter:data1\" content=\"Julien\" \/>\n\t<meta name=\"twitter:label2\" content=\"Dur\u00e9e de lecture est.\" \/>\n\t<meta name=\"twitter:data2\" content=\"3 minutes\" \/>\n<script type=\"application\/ld+json\" class=\"yoast-schema-graph\">{\"@context\":\"https:\/\/schema.org\",\"@graph\":[{\"@type\":\"Article\",\"@id\":\"https:\/\/vieassociative.be\/actualites\/pourquoi-le-nouveau-premier-ministre-de-wever-n-va-est-exactement-le-bon-pour-la-belgique-interjection\/#article\",\"isPartOf\":{\"@id\":\"https:\/\/vieassociative.be\/actualites\/pourquoi-le-nouveau-premier-ministre-de-wever-n-va-est-exactement-le-bon-pour-la-belgique-interjection\/\"},\"author\":{\"name\":\"Julien\",\"@id\":\"https:\/\/vieassociative.be\/actualites\/#\/schema\/person\/b87ac4f82f9d4e7b7cec7395b679edc4\"},\"headline\":\"Pourquoi le nouveau Premier ministre de Wever (N-VA) est exactement le bon pour la Belgique (interjection)\",\"datePublished\":\"2025-02-03T20:17:26+00:00\",\"dateModified\":\"2025-02-03T20:17:26+00:00\",\"mainEntityOfPage\":{\"@id\":\"https:\/\/vieassociative.be\/actualites\/pourquoi-le-nouveau-premier-ministre-de-wever-n-va-est-exactement-le-bon-pour-la-belgique-interjection\/\"},\"wordCount\":648,\"publisher\":{\"@id\":\"https:\/\/vieassociative.be\/actualites\/#organization\"},\"image\":{\"@id\":\"https:\/\/vieassociative.be\/actualites\/pourquoi-le-nouveau-premier-ministre-de-wever-n-va-est-exactement-le-bon-pour-la-belgique-interjection\/#primaryimage\"},\"thumbnailUrl\":\"https:\/\/vieassociative.be\/actualites\/wp-content\/uploads\/2025\/02\/1738613846_Pourquoi-le-nouveau-Premier-ministre-de-Wever-N-VA-est-exactement.jpg\",\"keywords\":[\"Belgique\",\"bon\",\"est\",\"exactement\",\"interjection\",\"ministre\",\"nouveau\",\"NVA\",\"pour\",\"Pourquoi\",\"premier\",\"Wever\"],\"articleSection\":[\"Belgique\"],\"inLanguage\":\"fr-BE\"},{\"@type\":\"WebPage\",\"@id\":\"https:\/\/vieassociative.be\/actualites\/pourquoi-le-nouveau-premier-ministre-de-wever-n-va-est-exactement-le-bon-pour-la-belgique-interjection\/\",\"url\":\"https:\/\/vieassociative.be\/actualites\/pourquoi-le-nouveau-premier-ministre-de-wever-n-va-est-exactement-le-bon-pour-la-belgique-interjection\/\",\"name\":\"Pourquoi le nouveau Premier ministre de Wever (N-VA) est exactement le bon pour la Belgique (interjection) | Vie Associative\",\"isPartOf\":{\"@id\":\"https:\/\/vieassociative.be\/actualites\/#website\"},\"primaryImageOfPage\":{\"@id\":\"https:\/\/vieassociative.be\/actualites\/pourquoi-le-nouveau-premier-ministre-de-wever-n-va-est-exactement-le-bon-pour-la-belgique-interjection\/#primaryimage\"},\"image\":{\"@id\":\"https:\/\/vieassociative.be\/actualites\/pourquoi-le-nouveau-premier-ministre-de-wever-n-va-est-exactement-le-bon-pour-la-belgique-interjection\/#primaryimage\"},\"thumbnailUrl\":\"https:\/\/vieassociative.be\/actualites\/wp-content\/uploads\/2025\/02\/1738613846_Pourquoi-le-nouveau-Premier-ministre-de-Wever-N-VA-est-exactement.jpg\",\"datePublished\":\"2025-02-03T20:17:26+00:00\",\"dateModified\":\"2025-02-03T20:17:26+00:00\",\"breadcrumb\":{\"@id\":\"https:\/\/vieassociative.be\/actualites\/pourquoi-le-nouveau-premier-ministre-de-wever-n-va-est-exactement-le-bon-pour-la-belgique-interjection\/#breadcrumb\"},\"inLanguage\":\"fr-BE\",\"potentialAction\":[{\"@type\":\"ReadAction\",\"target\":[\"https:\/\/vieassociative.be\/actualites\/pourquoi-le-nouveau-premier-ministre-de-wever-n-va-est-exactement-le-bon-pour-la-belgique-interjection\/\"]}]},{\"@type\":\"ImageObject\",\"inLanguage\":\"fr-BE\",\"@id\":\"https:\/\/vieassociative.be\/actualites\/pourquoi-le-nouveau-premier-ministre-de-wever-n-va-est-exactement-le-bon-pour-la-belgique-interjection\/#primaryimage\",\"url\":\"https:\/\/vieassociative.be\/actualites\/wp-content\/uploads\/2025\/02\/1738613846_Pourquoi-le-nouveau-Premier-ministre-de-Wever-N-VA-est-exactement.jpg\",\"contentUrl\":\"https:\/\/vieassociative.be\/actualites\/wp-content\/uploads\/2025\/02\/1738613846_Pourquoi-le-nouveau-Premier-ministre-de-Wever-N-VA-est-exactement.jpg\",\"width\":1200,\"height\":800,\"caption\":\"Pourquoi le nouveau Premier ministre de Wever (N-VA) est exactement le bon pour la Belgique (interjection)\"},{\"@type\":\"BreadcrumbList\",\"@id\":\"https:\/\/vieassociative.be\/actualites\/pourquoi-le-nouveau-premier-ministre-de-wever-n-va-est-exactement-le-bon-pour-la-belgique-interjection\/#breadcrumb\",\"itemListElement\":[{\"@type\":\"ListItem\",\"position\":1,\"name\":\"Accueil\",\"item\":\"https:\/\/vieassociative.be\/actualites\/\"},{\"@type\":\"ListItem\",\"position\":2,\"name\":\"Pourquoi le nouveau Premier ministre de Wever (N-VA) est exactement le bon pour la Belgique (interjection)\"}]},{\"@type\":\"WebSite\",\"@id\":\"https:\/\/vieassociative.be\/actualites\/#website\",\"url\":\"https:\/\/vieassociative.be\/actualites\/\",\"name\":\"Vie Associative\",\"description\":\"\",\"publisher\":{\"@id\":\"https:\/\/vieassociative.be\/actualites\/#organization\"},\"potentialAction\":[{\"@type\":\"SearchAction\",\"target\":{\"@type\":\"EntryPoint\",\"urlTemplate\":\"https:\/\/vieassociative.be\/actualites\/?s={search_term_string}\"},\"query-input\":{\"@type\":\"PropertyValueSpecification\",\"valueRequired\":true,\"valueName\":\"search_term_string\"}}],\"inLanguage\":\"fr-BE\"},{\"@type\":\"Organization\",\"@id\":\"https:\/\/vieassociative.be\/actualites\/#organization\",\"name\":\"Vie Associative\",\"url\":\"https:\/\/vieassociative.be\/actualites\/\",\"logo\":{\"@type\":\"ImageObject\",\"inLanguage\":\"fr-BE\",\"@id\":\"https:\/\/vieassociative.be\/actualites\/#\/schema\/logo\/image\/\",\"url\":\"https:\/\/vieassociative.be\/actualites\/wp-content\/uploads\/2024\/09\/cropped-vieassociative_favicon.ico.png\",\"contentUrl\":\"https:\/\/vieassociative.be\/actualites\/wp-content\/uploads\/2024\/09\/cropped-vieassociative_favicon.ico.png\",\"width\":512,\"height\":512,\"caption\":\"Vie Associative\"},\"image\":{\"@id\":\"https:\/\/vieassociative.be\/actualites\/#\/schema\/logo\/image\/\"}},{\"@type\":\"Person\",\"@id\":\"https:\/\/vieassociative.be\/actualites\/#\/schema\/person\/b87ac4f82f9d4e7b7cec7395b679edc4\",\"name\":\"Julien\",\"image\":{\"@type\":\"ImageObject\",\"inLanguage\":\"fr-BE\",\"@id\":\"https:\/\/vieassociative.be\/actualites\/#\/schema\/person\/image\/\",\"url\":\"https:\/\/vieassociative.be\/actualites\/wp-content\/uploads\/2024\/09\/vie-associative-1-150x150.jpg\",\"contentUrl\":\"https:\/\/vieassociative.be\/actualites\/wp-content\/uploads\/2024\/09\/vie-associative-1-150x150.jpg\",\"caption\":\"Julien\"},\"description\":\"Je suis Julien, r\u00e9dacteur pour Vie Associative. Passionn\u00e9 par le monde associatif depuis plus de 10 ans, j'ai \u00e0 c\u0153ur de partager des histoires inspirantes et de mettre en lumi\u00e8re les initiatives locales. Mon objectif est de sensibiliser et d'encourager l'engagement communautaire \u00e0 travers mes articles.\",\"sameAs\":[\"https:\/\/vieassociative.be\/\"]}]}<\/script>\n<!-- \/ Yoast SEO plugin. -->","yoast_head_json":{"title":"Pourquoi le nouveau Premier ministre de Wever (N-VA) est exactement le bon pour la Belgique (interjection) | Vie Associative","robots":{"index":"index","follow":"follow","max-snippet":"max-snippet:-1","max-image-preview":"max-image-preview:large","max-video-preview":"max-video-preview:-1"},"canonical":"https:\/\/vieassociative.be\/actualites\/pourquoi-le-nouveau-premier-ministre-de-wever-n-va-est-exactement-le-bon-pour-la-belgique-interjection\/","og_locale":"fr_FR","og_type":"article","og_title":"Pourquoi le nouveau Premier ministre de Wever (N-VA) est exactement le bon pour la Belgique (interjection) | Vie Associative","og_description":"Souvons-nous seulement bri\u00e8vement les d\u00e9buts de l&rsquo;ascension du N-VA en Flandre: ce qui n&rsquo;a pas \u00e9t\u00e9 dit sur le \u00ab\u00a0Nieuw Vlaamse Alliant\u00a0\u00bb (N-VA) \u00e0 l&rsquo;\u00e9poque!","og_url":"https:\/\/vieassociative.be\/actualites\/pourquoi-le-nouveau-premier-ministre-de-wever-n-va-est-exactement-le-bon-pour-la-belgique-interjection\/","og_site_name":"Vie Associative","article_published_time":"2025-02-03T20:17:26+00:00","og_image":[{"width":279,"height":92,"url":"https:\/\/vieassociative.be\/actualites\/wp-content\/uploads\/2024\/09\/header_backgroundk-01-e1726694325946.png","type":"image\/png"}],"author":"Julien","twitter_card":"summary_large_image","twitter_misc":{"\u00c9crit par":"Julien","Dur\u00e9e de lecture est.":"3 minutes"},"schema":{"@context":"https:\/\/schema.org","@graph":[{"@type":"Article","@id":"https:\/\/vieassociative.be\/actualites\/pourquoi-le-nouveau-premier-ministre-de-wever-n-va-est-exactement-le-bon-pour-la-belgique-interjection\/#article","isPartOf":{"@id":"https:\/\/vieassociative.be\/actualites\/pourquoi-le-nouveau-premier-ministre-de-wever-n-va-est-exactement-le-bon-pour-la-belgique-interjection\/"},"author":{"name":"Julien","@id":"https:\/\/vieassociative.be\/actualites\/#\/schema\/person\/b87ac4f82f9d4e7b7cec7395b679edc4"},"headline":"Pourquoi le nouveau Premier ministre de Wever (N-VA) est exactement le bon pour la Belgique (interjection)","datePublished":"2025-02-03T20:17:26+00:00","dateModified":"2025-02-03T20:17:26+00:00","mainEntityOfPage":{"@id":"https:\/\/vieassociative.be\/actualites\/pourquoi-le-nouveau-premier-ministre-de-wever-n-va-est-exactement-le-bon-pour-la-belgique-interjection\/"},"wordCount":648,"publisher":{"@id":"https:\/\/vieassociative.be\/actualites\/#organization"},"image":{"@id":"https:\/\/vieassociative.be\/actualites\/pourquoi-le-nouveau-premier-ministre-de-wever-n-va-est-exactement-le-bon-pour-la-belgique-interjection\/#primaryimage"},"thumbnailUrl":"https:\/\/vieassociative.be\/actualites\/wp-content\/uploads\/2025\/02\/1738613846_Pourquoi-le-nouveau-Premier-ministre-de-Wever-N-VA-est-exactement.jpg","keywords":["Belgique","bon","est","exactement","interjection","ministre","nouveau","NVA","pour","Pourquoi","premier","Wever"],"articleSection":["Belgique"],"inLanguage":"fr-BE"},{"@type":"WebPage","@id":"https:\/\/vieassociative.be\/actualites\/pourquoi-le-nouveau-premier-ministre-de-wever-n-va-est-exactement-le-bon-pour-la-belgique-interjection\/","url":"https:\/\/vieassociative.be\/actualites\/pourquoi-le-nouveau-premier-ministre-de-wever-n-va-est-exactement-le-bon-pour-la-belgique-interjection\/","name":"Pourquoi le nouveau Premier ministre de Wever (N-VA) est exactement le bon pour la Belgique (interjection) | Vie Associative","isPartOf":{"@id":"https:\/\/vieassociative.be\/actualites\/#website"},"primaryImageOfPage":{"@id":"https:\/\/vieassociative.be\/actualites\/pourquoi-le-nouveau-premier-ministre-de-wever-n-va-est-exactement-le-bon-pour-la-belgique-interjection\/#primaryimage"},"image":{"@id":"https:\/\/vieassociative.be\/actualites\/pourquoi-le-nouveau-premier-ministre-de-wever-n-va-est-exactement-le-bon-pour-la-belgique-interjection\/#primaryimage"},"thumbnailUrl":"https:\/\/vieassociative.be\/actualites\/wp-content\/uploads\/2025\/02\/1738613846_Pourquoi-le-nouveau-Premier-ministre-de-Wever-N-VA-est-exactement.jpg","datePublished":"2025-02-03T20:17:26+00:00","dateModified":"2025-02-03T20:17:26+00:00","breadcrumb":{"@id":"https:\/\/vieassociative.be\/actualites\/pourquoi-le-nouveau-premier-ministre-de-wever-n-va-est-exactement-le-bon-pour-la-belgique-interjection\/#breadcrumb"},"inLanguage":"fr-BE","potentialAction":[{"@type":"ReadAction","target":["https:\/\/vieassociative.be\/actualites\/pourquoi-le-nouveau-premier-ministre-de-wever-n-va-est-exactement-le-bon-pour-la-belgique-interjection\/"]}]},{"@type":"ImageObject","inLanguage":"fr-BE","@id":"https:\/\/vieassociative.be\/actualites\/pourquoi-le-nouveau-premier-ministre-de-wever-n-va-est-exactement-le-bon-pour-la-belgique-interjection\/#primaryimage","url":"https:\/\/vieassociative.be\/actualites\/wp-content\/uploads\/2025\/02\/1738613846_Pourquoi-le-nouveau-Premier-ministre-de-Wever-N-VA-est-exactement.jpg","contentUrl":"https:\/\/vieassociative.be\/actualites\/wp-content\/uploads\/2025\/02\/1738613846_Pourquoi-le-nouveau-Premier-ministre-de-Wever-N-VA-est-exactement.jpg","width":1200,"height":800,"caption":"Pourquoi le nouveau Premier ministre de Wever (N-VA) est exactement le bon pour la Belgique (interjection)"},{"@type":"BreadcrumbList","@id":"https:\/\/vieassociative.be\/actualites\/pourquoi-le-nouveau-premier-ministre-de-wever-n-va-est-exactement-le-bon-pour-la-belgique-interjection\/#breadcrumb","itemListElement":[{"@type":"ListItem","position":1,"name":"Accueil","item":"https:\/\/vieassociative.be\/actualites\/"},{"@type":"ListItem","position":2,"name":"Pourquoi le nouveau Premier ministre de Wever (N-VA) est exactement le bon pour la Belgique (interjection)"}]},{"@type":"WebSite","@id":"https:\/\/vieassociative.be\/actualites\/#website","url":"https:\/\/vieassociative.be\/actualites\/","name":"Vie Associative","description":"","publisher":{"@id":"https:\/\/vieassociative.be\/actualites\/#organization"},"potentialAction":[{"@type":"SearchAction","target":{"@type":"EntryPoint","urlTemplate":"https:\/\/vieassociative.be\/actualites\/?s={search_term_string}"},"query-input":{"@type":"PropertyValueSpecification","valueRequired":true,"valueName":"search_term_string"}}],"inLanguage":"fr-BE"},{"@type":"Organization","@id":"https:\/\/vieassociative.be\/actualites\/#organization","name":"Vie Associative","url":"https:\/\/vieassociative.be\/actualites\/","logo":{"@type":"ImageObject","inLanguage":"fr-BE","@id":"https:\/\/vieassociative.be\/actualites\/#\/schema\/logo\/image\/","url":"https:\/\/vieassociative.be\/actualites\/wp-content\/uploads\/2024\/09\/cropped-vieassociative_favicon.ico.png","contentUrl":"https:\/\/vieassociative.be\/actualites\/wp-content\/uploads\/2024\/09\/cropped-vieassociative_favicon.ico.png","width":512,"height":512,"caption":"Vie Associative"},"image":{"@id":"https:\/\/vieassociative.be\/actualites\/#\/schema\/logo\/image\/"}},{"@type":"Person","@id":"https:\/\/vieassociative.be\/actualites\/#\/schema\/person\/b87ac4f82f9d4e7b7cec7395b679edc4","name":"Julien","image":{"@type":"ImageObject","inLanguage":"fr-BE","@id":"https:\/\/vieassociative.be\/actualites\/#\/schema\/person\/image\/","url":"https:\/\/vieassociative.be\/actualites\/wp-content\/uploads\/2024\/09\/vie-associative-1-150x150.jpg","contentUrl":"https:\/\/vieassociative.be\/actualites\/wp-content\/uploads\/2024\/09\/vie-associative-1-150x150.jpg","caption":"Julien"},"description":"Je suis Julien, r\u00e9dacteur pour Vie Associative. Passionn\u00e9 par le monde associatif depuis plus de 10 ans, j'ai \u00e0 c\u0153ur de partager des histoires inspirantes et de mettre en lumi\u00e8re les initiatives locales. Mon objectif est de sensibiliser et d'encourager l'engagement communautaire \u00e0 travers mes articles.","sameAs":["https:\/\/vieassociative.be\/"]}]}},"_links":{"self":[{"href":"https:\/\/vieassociative.be\/actualites\/wp-json\/wp\/v2\/posts\/4819"}],"collection":[{"href":"https:\/\/vieassociative.be\/actualites\/wp-json\/wp\/v2\/posts"}],"about":[{"href":"https:\/\/vieassociative.be\/actualites\/wp-json\/wp\/v2\/types\/post"}],"author":[{"embeddable":true,"href":"https:\/\/vieassociative.be\/actualites\/wp-json\/wp\/v2\/users\/1"}],"replies":[{"embeddable":true,"href":"https:\/\/vieassociative.be\/actualites\/wp-json\/wp\/v2\/comments?post=4819"}],"version-history":[{"count":0,"href":"https:\/\/vieassociative.be\/actualites\/wp-json\/wp\/v2\/posts\/4819\/revisions"}],"wp:featuredmedia":[{"embeddable":true,"href":"https:\/\/vieassociative.be\/actualites\/wp-json\/wp\/v2\/media\/4820"}],"wp:attachment":[{"href":"https:\/\/vieassociative.be\/actualites\/wp-json\/wp\/v2\/media?parent=4819"}],"wp:term":[{"taxonomy":"category","embeddable":true,"href":"https:\/\/vieassociative.be\/actualites\/wp-json\/wp\/v2\/categories?post=4819"},{"taxonomy":"post_tag","embeddable":true,"href":"https:\/\/vieassociative.be\/actualites\/wp-json\/wp\/v2\/tags?post=4819"}],"curies":[{"name":"wp","href":"https:\/\/api.w.org\/{rel}","templated":true}]}}