{"id":4796,"date":"2025-02-02T20:17:13","date_gmt":"2025-02-02T19:17:13","guid":{"rendered":"https:\/\/vieassociative.be\/actualites\/le-nouveau-modele-de-raisonnement-dopenai-est-deploye\/"},"modified":"2025-02-02T20:17:13","modified_gmt":"2025-02-02T19:17:13","slug":"le-nouveau-modele-de-raisonnement-dopenai-est-deploye","status":"publish","type":"post","link":"https:\/\/vieassociative.be\/actualites\/le-nouveau-modele-de-raisonnement-dopenai-est-deploye\/","title":{"rendered":"Le nouveau mod\u00e8le de raisonnement d&rsquo;Openai est d\u00e9ploy\u00e9"},"content":{"rendered":"<div class=\"mt-4 leading-6 md:mb-8\">Le nouveau mod\u00e8le de raisonnement d&rsquo;Openai est appel\u00e9 O3-Mini.<\/div>\n<p><\/p>\n<p>Openai d\u00e9ploie officiellement son dernier mod\u00e8le, O3-Mini, \u00e0 partir d&rsquo;aujourd&rsquo;hui, le vendredi 31 janvier. La soci\u00e9t\u00e9 a partag\u00e9 les nouvelles dans un article de blog sur son site Web, un peu plus d&rsquo;un mois apr\u00e8s avoir officiellement annonc\u00e9 le mod\u00e8le pendant ses \u00ab\u00a012 jours de Openai. \u00ab\u00a0<\/p>\n<p>Comme pour chaque mod\u00e8le d&rsquo;IA g\u00e9n\u00e9ratif rafra\u00eechi, O3-MINI est une am\u00e9lioration par rapport \u00e0 O1-MINI, mais pas autant que vous pourriez le penser. OpenAI dit que les deux mod\u00e8les fonctionnent de la m\u00eame mani\u00e8re en math\u00e9matiques, en codage et en science, mais O3-Mini offre des r\u00e9ponses plus rapides aux requ\u00eates utilisateur &#8211; 24% plus rapidement, dans les tests A \/ B. Selon l&rsquo;entreprise, les testeurs comparant les mod\u00e8les trouv\u00e9s O3-MinI produisent \u00ab\u00a0des r\u00e9ponses plus pr\u00e9cises et claires, avec des capacit\u00e9s de raisonnement plus solides\u00a0\u00bb. Et, avec \u00ab\u00a0un effort de raisonnement moyen\u00a0\u00bb, O3-MinI correspond \u00e0 O1 dans certaines \u00e9valuations de raisonnement et de renseignement. <\/p>\n<p>Comme O1-Mini, O3-Mini est un mod\u00e8le de raisonnement, un type de mod\u00e8le d&rsquo;IA qui \u00ab\u00a0pense\u00a0\u00bb \u00e0 travers des r\u00e9ponses avant de les r\u00e9pondre. O3-MinI a trois \u00ab\u00a0efforts\u00a0\u00bb de raisonnement diff\u00e9rents selon le cas d&rsquo;utilisation: faible, moyen et \u00e9lev\u00e9. Dans les tests de math\u00e9matiques, par exemple, l&rsquo;effort moyen et \u00e9lev\u00e9 d&rsquo;O3-MINI raisonnant ERFORMS O1-MINI, tandis que l&rsquo;effort \u00e9lev\u00e9 surpasse m\u00eame O1 (la version plus puissante d&rsquo;O1-MINI). Les trois efforts ont battu O1-MinI dans les questions de science au niveau du doctorat, mais O1 les surpasse tous.<\/p>\n<p>O3-Mini remplace le mod\u00e8le O1-Mini pour tous les utilisateurs. OpenAI n&rsquo;indique pas explicitement pourquoi vous ne pouvez pas utiliser O1-MinI \u00e0 l&rsquo;avenir, mais les vant\u00e9s que O3-MINI a des limites de taux plus \u00e9lev\u00e9es et une latence plus faible que le mod\u00e8le pr\u00e9c\u00e9dent.<\/p>\n<p>Au lancement, seuls les utilisateurs de Chatgpt Plus, Team et Pro peuvent acc\u00e9der \u00e0 O3-MinI. OpenAI dit que les utilisateurs de l&rsquo;entreprise peuvent acc\u00e9der au mod\u00e8le en une semaine. (De plus, les utilisateurs de plus et de l&rsquo;\u00e9quipe verront leurs limites de taux quotidiennes passer de 50 messages sur O1-MinI \u00e0 150 messages.) <\/p>\n<p>Cela dit, les utilisateurs gratuits pourront essayer O3-MinI \u00e0 titre limit\u00e9, soit en choisissant l&rsquo;option \u00ab\u00a0Raisonnement\u00a0\u00bb dans le compositeur de messages, soit en r\u00e9g\u00e9n\u00e9rant une r\u00e9ponse. Openai dit que c&rsquo;est la premi\u00e8re fois que les utilisateurs gratuits ont acc\u00e8s \u00e0 un mod\u00e8le de raisonnement dans Chatgpt, qui vient un jour apr\u00e8s que Microsoft a offert gratuitement le raisonnement d&rsquo;O1 aux utilisateurs de Copilot.<\/p>\n<p>Vous pouvez en savoir plus sur O3-Mini dans notre article ici. Mais comme le mod\u00e8le ne se d\u00e9roule qu&rsquo;aujourd&rsquo;hui, nous ne saurons pas exactement comment il fonctionne jusqu&rsquo;\u00e0 ce que les testeurs du monde r\u00e9el commencent \u00e0 l&rsquo;utiliser.  <\/p>\n","protected":false},"excerpt":{"rendered":"<p>Le nouveau mod\u00e8le de raisonnement d&rsquo;Openai est appel\u00e9 O3-Mini. Openai d\u00e9ploie officiellement son dernier mod\u00e8le, O3-Mini, \u00e0 partir d&rsquo;aujourd&rsquo;hui, le vendredi 31 janvier. La soci\u00e9t\u00e9<\/p>\n","protected":false},"author":1,"featured_media":4797,"comment_status":"","ping_status":"","sticky":false,"template":"","format":"standard","meta":{"footnotes":""},"categories":[13],"tags":[5115,3900,76,5113,553,5114],"class_list":["post-4796","post","type-post","status-publish","format-standard","has-post-thumbnail","hentry","category-technologie","tag-deploye","tag-dopenai","tag-est","tag-modele","tag-nouveau","tag-raisonnement","generate-columns","tablet-grid-50","mobile-grid-100","grid-parent","grid-33"],"yoast_head":"<!-- This site is optimized with the Yoast SEO plugin v24.0 - https:\/\/yoast.com\/wordpress\/plugins\/seo\/ -->\n<title>Le nouveau mod\u00e8le de raisonnement d&#039;Openai est d\u00e9ploy\u00e9 | Vie Associative<\/title>\n<meta name=\"robots\" content=\"index, follow, max-snippet:-1, max-image-preview:large, max-video-preview:-1\" \/>\n<link rel=\"canonical\" href=\"https:\/\/vieassociative.be\/actualites\/le-nouveau-modele-de-raisonnement-dopenai-est-deploye\/\" \/>\n<meta property=\"og:locale\" content=\"fr_FR\" \/>\n<meta property=\"og:type\" content=\"article\" \/>\n<meta property=\"og:title\" content=\"Le nouveau mod\u00e8le de raisonnement d&#039;Openai est d\u00e9ploy\u00e9 | Vie Associative\" \/>\n<meta property=\"og:description\" content=\"Le nouveau mod\u00e8le de raisonnement d&rsquo;Openai est appel\u00e9 O3-Mini. Openai d\u00e9ploie officiellement son dernier mod\u00e8le, O3-Mini, \u00e0 partir d&rsquo;aujourd&rsquo;hui, le vendredi 31 janvier. La soci\u00e9t\u00e9\" \/>\n<meta property=\"og:url\" content=\"https:\/\/vieassociative.be\/actualites\/le-nouveau-modele-de-raisonnement-dopenai-est-deploye\/\" \/>\n<meta property=\"og:site_name\" content=\"Vie Associative\" \/>\n<meta property=\"article:published_time\" content=\"2025-02-02T19:17:13+00:00\" \/>\n<meta property=\"og:image\" content=\"https:\/\/vieassociative.be\/actualites\/wp-content\/uploads\/2024\/09\/header_backgroundk-01-e1726694325946.png\" \/>\n\t<meta property=\"og:image:width\" content=\"279\" \/>\n\t<meta property=\"og:image:height\" content=\"92\" \/>\n\t<meta property=\"og:image:type\" content=\"image\/png\" \/>\n<meta name=\"author\" content=\"Julien\" \/>\n<meta name=\"twitter:card\" content=\"summary_large_image\" \/>\n<meta name=\"twitter:label1\" content=\"\u00c9crit par\" \/>\n\t<meta name=\"twitter:data1\" content=\"Julien\" \/>\n\t<meta name=\"twitter:label2\" content=\"Dur\u00e9e de lecture est.\" \/>\n\t<meta name=\"twitter:data2\" content=\"2 minutes\" \/>\n<script type=\"application\/ld+json\" class=\"yoast-schema-graph\">{\"@context\":\"https:\/\/schema.org\",\"@graph\":[{\"@type\":\"Article\",\"@id\":\"https:\/\/vieassociative.be\/actualites\/le-nouveau-modele-de-raisonnement-dopenai-est-deploye\/#article\",\"isPartOf\":{\"@id\":\"https:\/\/vieassociative.be\/actualites\/le-nouveau-modele-de-raisonnement-dopenai-est-deploye\/\"},\"author\":{\"name\":\"Julien\",\"@id\":\"https:\/\/vieassociative.be\/actualites\/#\/schema\/person\/b87ac4f82f9d4e7b7cec7395b679edc4\"},\"headline\":\"Le nouveau mod\u00e8le de raisonnement d&rsquo;Openai est d\u00e9ploy\u00e9\",\"datePublished\":\"2025-02-02T19:17:13+00:00\",\"dateModified\":\"2025-02-02T19:17:13+00:00\",\"mainEntityOfPage\":{\"@id\":\"https:\/\/vieassociative.be\/actualites\/le-nouveau-modele-de-raisonnement-dopenai-est-deploye\/\"},\"wordCount\":528,\"publisher\":{\"@id\":\"https:\/\/vieassociative.be\/actualites\/#organization\"},\"image\":{\"@id\":\"https:\/\/vieassociative.be\/actualites\/le-nouveau-modele-de-raisonnement-dopenai-est-deploye\/#primaryimage\"},\"thumbnailUrl\":\"https:\/\/vieassociative.be\/actualites\/wp-content\/uploads\/2025\/02\/Le-nouveau-modele-de-raisonnement-dOpenai-est-deploye.png\",\"keywords\":[\"d\u00e9ploy\u00e9\",\"dOpenAI\",\"est\",\"mod\u00e8le\",\"nouveau\",\"raisonnement\"],\"articleSection\":[\"Technologie\"],\"inLanguage\":\"fr-BE\"},{\"@type\":\"WebPage\",\"@id\":\"https:\/\/vieassociative.be\/actualites\/le-nouveau-modele-de-raisonnement-dopenai-est-deploye\/\",\"url\":\"https:\/\/vieassociative.be\/actualites\/le-nouveau-modele-de-raisonnement-dopenai-est-deploye\/\",\"name\":\"Le nouveau mod\u00e8le de raisonnement d'Openai est d\u00e9ploy\u00e9 | Vie Associative\",\"isPartOf\":{\"@id\":\"https:\/\/vieassociative.be\/actualites\/#website\"},\"primaryImageOfPage\":{\"@id\":\"https:\/\/vieassociative.be\/actualites\/le-nouveau-modele-de-raisonnement-dopenai-est-deploye\/#primaryimage\"},\"image\":{\"@id\":\"https:\/\/vieassociative.be\/actualites\/le-nouveau-modele-de-raisonnement-dopenai-est-deploye\/#primaryimage\"},\"thumbnailUrl\":\"https:\/\/vieassociative.be\/actualites\/wp-content\/uploads\/2025\/02\/Le-nouveau-modele-de-raisonnement-dOpenai-est-deploye.png\",\"datePublished\":\"2025-02-02T19:17:13+00:00\",\"dateModified\":\"2025-02-02T19:17:13+00:00\",\"breadcrumb\":{\"@id\":\"https:\/\/vieassociative.be\/actualites\/le-nouveau-modele-de-raisonnement-dopenai-est-deploye\/#breadcrumb\"},\"inLanguage\":\"fr-BE\",\"potentialAction\":[{\"@type\":\"ReadAction\",\"target\":[\"https:\/\/vieassociative.be\/actualites\/le-nouveau-modele-de-raisonnement-dopenai-est-deploye\/\"]}]},{\"@type\":\"ImageObject\",\"inLanguage\":\"fr-BE\",\"@id\":\"https:\/\/vieassociative.be\/actualites\/le-nouveau-modele-de-raisonnement-dopenai-est-deploye\/#primaryimage\",\"url\":\"https:\/\/vieassociative.be\/actualites\/wp-content\/uploads\/2025\/02\/Le-nouveau-modele-de-raisonnement-dOpenai-est-deploye.png\",\"contentUrl\":\"https:\/\/vieassociative.be\/actualites\/wp-content\/uploads\/2025\/02\/Le-nouveau-modele-de-raisonnement-dOpenai-est-deploye.png\",\"width\":1200,\"height\":675,\"caption\":\"Le nouveau mod\u00e8le de raisonnement d'Openai est d\u00e9ploy\u00e9\"},{\"@type\":\"BreadcrumbList\",\"@id\":\"https:\/\/vieassociative.be\/actualites\/le-nouveau-modele-de-raisonnement-dopenai-est-deploye\/#breadcrumb\",\"itemListElement\":[{\"@type\":\"ListItem\",\"position\":1,\"name\":\"Accueil\",\"item\":\"https:\/\/vieassociative.be\/actualites\/\"},{\"@type\":\"ListItem\",\"position\":2,\"name\":\"Le nouveau mod\u00e8le de raisonnement d&rsquo;Openai est d\u00e9ploy\u00e9\"}]},{\"@type\":\"WebSite\",\"@id\":\"https:\/\/vieassociative.be\/actualites\/#website\",\"url\":\"https:\/\/vieassociative.be\/actualites\/\",\"name\":\"Vie Associative\",\"description\":\"\",\"publisher\":{\"@id\":\"https:\/\/vieassociative.be\/actualites\/#organization\"},\"potentialAction\":[{\"@type\":\"SearchAction\",\"target\":{\"@type\":\"EntryPoint\",\"urlTemplate\":\"https:\/\/vieassociative.be\/actualites\/?s={search_term_string}\"},\"query-input\":{\"@type\":\"PropertyValueSpecification\",\"valueRequired\":true,\"valueName\":\"search_term_string\"}}],\"inLanguage\":\"fr-BE\"},{\"@type\":\"Organization\",\"@id\":\"https:\/\/vieassociative.be\/actualites\/#organization\",\"name\":\"Vie Associative\",\"url\":\"https:\/\/vieassociative.be\/actualites\/\",\"logo\":{\"@type\":\"ImageObject\",\"inLanguage\":\"fr-BE\",\"@id\":\"https:\/\/vieassociative.be\/actualites\/#\/schema\/logo\/image\/\",\"url\":\"https:\/\/vieassociative.be\/actualites\/wp-content\/uploads\/2024\/09\/cropped-vieassociative_favicon.ico.png\",\"contentUrl\":\"https:\/\/vieassociative.be\/actualites\/wp-content\/uploads\/2024\/09\/cropped-vieassociative_favicon.ico.png\",\"width\":512,\"height\":512,\"caption\":\"Vie Associative\"},\"image\":{\"@id\":\"https:\/\/vieassociative.be\/actualites\/#\/schema\/logo\/image\/\"}},{\"@type\":\"Person\",\"@id\":\"https:\/\/vieassociative.be\/actualites\/#\/schema\/person\/b87ac4f82f9d4e7b7cec7395b679edc4\",\"name\":\"Julien\",\"image\":{\"@type\":\"ImageObject\",\"inLanguage\":\"fr-BE\",\"@id\":\"https:\/\/vieassociative.be\/actualites\/#\/schema\/person\/image\/\",\"url\":\"https:\/\/vieassociative.be\/actualites\/wp-content\/uploads\/2024\/09\/vie-associative-1-150x150.jpg\",\"contentUrl\":\"https:\/\/vieassociative.be\/actualites\/wp-content\/uploads\/2024\/09\/vie-associative-1-150x150.jpg\",\"caption\":\"Julien\"},\"description\":\"Je suis Julien, r\u00e9dacteur pour Vie Associative. Passionn\u00e9 par le monde associatif depuis plus de 10 ans, j'ai \u00e0 c\u0153ur de partager des histoires inspirantes et de mettre en lumi\u00e8re les initiatives locales. Mon objectif est de sensibiliser et d'encourager l'engagement communautaire \u00e0 travers mes articles.\",\"sameAs\":[\"https:\/\/vieassociative.be\/\"]}]}<\/script>\n<!-- \/ Yoast SEO plugin. -->","yoast_head_json":{"title":"Le nouveau mod\u00e8le de raisonnement d'Openai est d\u00e9ploy\u00e9 | Vie Associative","robots":{"index":"index","follow":"follow","max-snippet":"max-snippet:-1","max-image-preview":"max-image-preview:large","max-video-preview":"max-video-preview:-1"},"canonical":"https:\/\/vieassociative.be\/actualites\/le-nouveau-modele-de-raisonnement-dopenai-est-deploye\/","og_locale":"fr_FR","og_type":"article","og_title":"Le nouveau mod\u00e8le de raisonnement d'Openai est d\u00e9ploy\u00e9 | Vie Associative","og_description":"Le nouveau mod\u00e8le de raisonnement d&rsquo;Openai est appel\u00e9 O3-Mini. Openai d\u00e9ploie officiellement son dernier mod\u00e8le, O3-Mini, \u00e0 partir d&rsquo;aujourd&rsquo;hui, le vendredi 31 janvier. La soci\u00e9t\u00e9","og_url":"https:\/\/vieassociative.be\/actualites\/le-nouveau-modele-de-raisonnement-dopenai-est-deploye\/","og_site_name":"Vie Associative","article_published_time":"2025-02-02T19:17:13+00:00","og_image":[{"width":279,"height":92,"url":"https:\/\/vieassociative.be\/actualites\/wp-content\/uploads\/2024\/09\/header_backgroundk-01-e1726694325946.png","type":"image\/png"}],"author":"Julien","twitter_card":"summary_large_image","twitter_misc":{"\u00c9crit par":"Julien","Dur\u00e9e de lecture est.":"2 minutes"},"schema":{"@context":"https:\/\/schema.org","@graph":[{"@type":"Article","@id":"https:\/\/vieassociative.be\/actualites\/le-nouveau-modele-de-raisonnement-dopenai-est-deploye\/#article","isPartOf":{"@id":"https:\/\/vieassociative.be\/actualites\/le-nouveau-modele-de-raisonnement-dopenai-est-deploye\/"},"author":{"name":"Julien","@id":"https:\/\/vieassociative.be\/actualites\/#\/schema\/person\/b87ac4f82f9d4e7b7cec7395b679edc4"},"headline":"Le nouveau mod\u00e8le de raisonnement d&rsquo;Openai est d\u00e9ploy\u00e9","datePublished":"2025-02-02T19:17:13+00:00","dateModified":"2025-02-02T19:17:13+00:00","mainEntityOfPage":{"@id":"https:\/\/vieassociative.be\/actualites\/le-nouveau-modele-de-raisonnement-dopenai-est-deploye\/"},"wordCount":528,"publisher":{"@id":"https:\/\/vieassociative.be\/actualites\/#organization"},"image":{"@id":"https:\/\/vieassociative.be\/actualites\/le-nouveau-modele-de-raisonnement-dopenai-est-deploye\/#primaryimage"},"thumbnailUrl":"https:\/\/vieassociative.be\/actualites\/wp-content\/uploads\/2025\/02\/Le-nouveau-modele-de-raisonnement-dOpenai-est-deploye.png","keywords":["d\u00e9ploy\u00e9","dOpenAI","est","mod\u00e8le","nouveau","raisonnement"],"articleSection":["Technologie"],"inLanguage":"fr-BE"},{"@type":"WebPage","@id":"https:\/\/vieassociative.be\/actualites\/le-nouveau-modele-de-raisonnement-dopenai-est-deploye\/","url":"https:\/\/vieassociative.be\/actualites\/le-nouveau-modele-de-raisonnement-dopenai-est-deploye\/","name":"Le nouveau mod\u00e8le de raisonnement d'Openai est d\u00e9ploy\u00e9 | Vie Associative","isPartOf":{"@id":"https:\/\/vieassociative.be\/actualites\/#website"},"primaryImageOfPage":{"@id":"https:\/\/vieassociative.be\/actualites\/le-nouveau-modele-de-raisonnement-dopenai-est-deploye\/#primaryimage"},"image":{"@id":"https:\/\/vieassociative.be\/actualites\/le-nouveau-modele-de-raisonnement-dopenai-est-deploye\/#primaryimage"},"thumbnailUrl":"https:\/\/vieassociative.be\/actualites\/wp-content\/uploads\/2025\/02\/Le-nouveau-modele-de-raisonnement-dOpenai-est-deploye.png","datePublished":"2025-02-02T19:17:13+00:00","dateModified":"2025-02-02T19:17:13+00:00","breadcrumb":{"@id":"https:\/\/vieassociative.be\/actualites\/le-nouveau-modele-de-raisonnement-dopenai-est-deploye\/#breadcrumb"},"inLanguage":"fr-BE","potentialAction":[{"@type":"ReadAction","target":["https:\/\/vieassociative.be\/actualites\/le-nouveau-modele-de-raisonnement-dopenai-est-deploye\/"]}]},{"@type":"ImageObject","inLanguage":"fr-BE","@id":"https:\/\/vieassociative.be\/actualites\/le-nouveau-modele-de-raisonnement-dopenai-est-deploye\/#primaryimage","url":"https:\/\/vieassociative.be\/actualites\/wp-content\/uploads\/2025\/02\/Le-nouveau-modele-de-raisonnement-dOpenai-est-deploye.png","contentUrl":"https:\/\/vieassociative.be\/actualites\/wp-content\/uploads\/2025\/02\/Le-nouveau-modele-de-raisonnement-dOpenai-est-deploye.png","width":1200,"height":675,"caption":"Le nouveau mod\u00e8le de raisonnement d'Openai est d\u00e9ploy\u00e9"},{"@type":"BreadcrumbList","@id":"https:\/\/vieassociative.be\/actualites\/le-nouveau-modele-de-raisonnement-dopenai-est-deploye\/#breadcrumb","itemListElement":[{"@type":"ListItem","position":1,"name":"Accueil","item":"https:\/\/vieassociative.be\/actualites\/"},{"@type":"ListItem","position":2,"name":"Le nouveau mod\u00e8le de raisonnement d&rsquo;Openai est d\u00e9ploy\u00e9"}]},{"@type":"WebSite","@id":"https:\/\/vieassociative.be\/actualites\/#website","url":"https:\/\/vieassociative.be\/actualites\/","name":"Vie Associative","description":"","publisher":{"@id":"https:\/\/vieassociative.be\/actualites\/#organization"},"potentialAction":[{"@type":"SearchAction","target":{"@type":"EntryPoint","urlTemplate":"https:\/\/vieassociative.be\/actualites\/?s={search_term_string}"},"query-input":{"@type":"PropertyValueSpecification","valueRequired":true,"valueName":"search_term_string"}}],"inLanguage":"fr-BE"},{"@type":"Organization","@id":"https:\/\/vieassociative.be\/actualites\/#organization","name":"Vie Associative","url":"https:\/\/vieassociative.be\/actualites\/","logo":{"@type":"ImageObject","inLanguage":"fr-BE","@id":"https:\/\/vieassociative.be\/actualites\/#\/schema\/logo\/image\/","url":"https:\/\/vieassociative.be\/actualites\/wp-content\/uploads\/2024\/09\/cropped-vieassociative_favicon.ico.png","contentUrl":"https:\/\/vieassociative.be\/actualites\/wp-content\/uploads\/2024\/09\/cropped-vieassociative_favicon.ico.png","width":512,"height":512,"caption":"Vie Associative"},"image":{"@id":"https:\/\/vieassociative.be\/actualites\/#\/schema\/logo\/image\/"}},{"@type":"Person","@id":"https:\/\/vieassociative.be\/actualites\/#\/schema\/person\/b87ac4f82f9d4e7b7cec7395b679edc4","name":"Julien","image":{"@type":"ImageObject","inLanguage":"fr-BE","@id":"https:\/\/vieassociative.be\/actualites\/#\/schema\/person\/image\/","url":"https:\/\/vieassociative.be\/actualites\/wp-content\/uploads\/2024\/09\/vie-associative-1-150x150.jpg","contentUrl":"https:\/\/vieassociative.be\/actualites\/wp-content\/uploads\/2024\/09\/vie-associative-1-150x150.jpg","caption":"Julien"},"description":"Je suis Julien, r\u00e9dacteur pour Vie Associative. Passionn\u00e9 par le monde associatif depuis plus de 10 ans, j'ai \u00e0 c\u0153ur de partager des histoires inspirantes et de mettre en lumi\u00e8re les initiatives locales. Mon objectif est de sensibiliser et d'encourager l'engagement communautaire \u00e0 travers mes articles.","sameAs":["https:\/\/vieassociative.be\/"]}]}},"_links":{"self":[{"href":"https:\/\/vieassociative.be\/actualites\/wp-json\/wp\/v2\/posts\/4796"}],"collection":[{"href":"https:\/\/vieassociative.be\/actualites\/wp-json\/wp\/v2\/posts"}],"about":[{"href":"https:\/\/vieassociative.be\/actualites\/wp-json\/wp\/v2\/types\/post"}],"author":[{"embeddable":true,"href":"https:\/\/vieassociative.be\/actualites\/wp-json\/wp\/v2\/users\/1"}],"replies":[{"embeddable":true,"href":"https:\/\/vieassociative.be\/actualites\/wp-json\/wp\/v2\/comments?post=4796"}],"version-history":[{"count":0,"href":"https:\/\/vieassociative.be\/actualites\/wp-json\/wp\/v2\/posts\/4796\/revisions"}],"wp:featuredmedia":[{"embeddable":true,"href":"https:\/\/vieassociative.be\/actualites\/wp-json\/wp\/v2\/media\/4797"}],"wp:attachment":[{"href":"https:\/\/vieassociative.be\/actualites\/wp-json\/wp\/v2\/media?parent=4796"}],"wp:term":[{"taxonomy":"category","embeddable":true,"href":"https:\/\/vieassociative.be\/actualites\/wp-json\/wp\/v2\/categories?post=4796"},{"taxonomy":"post_tag","embeddable":true,"href":"https:\/\/vieassociative.be\/actualites\/wp-json\/wp\/v2\/tags?post=4796"}],"curies":[{"name":"wp","href":"https:\/\/api.w.org\/{rel}","templated":true}]}}