{"id":4791,"date":"2025-02-02T15:18:28","date_gmt":"2025-02-02T14:18:28","guid":{"rendered":"https:\/\/vieassociative.be\/actualites\/les-regles-de-lue-pour-gerer-lia-en-vigueur\/"},"modified":"2025-02-02T15:18:28","modified_gmt":"2025-02-02T14:18:28","slug":"les-regles-de-lue-pour-gerer-lia-en-vigueur","status":"publish","type":"post","link":"https:\/\/vieassociative.be\/actualites\/les-regles-de-lue-pour-gerer-lia-en-vigueur\/","title":{"rendered":"Les r\u00e8gles de l&rsquo;UE pour g\u00e9rer l&rsquo;IA en vigueur"},"content":{"rendered":"<p><strong>Dans l&rsquo;Union europ\u00e9enne, de nouvelles r\u00e8gles pour g\u00e9rer l&rsquo;intelligence artificielle (IA) s&rsquo;appliquent.<\/strong><\/p>\n<p><span id=\"more-407384\"><\/span>Selon la loi sur l&rsquo;IA de l&rsquo;UE (AI), l&rsquo;utilisation des programmes d&rsquo;IA est interdite, qui sont \u00e9valu\u00e9es par comportement social. Cela permet aux gens d&rsquo;\u00eatre divis\u00e9s en cat\u00e9gories de comportement, r\u00e9compens\u00e9es ou punies.<\/p>\n<p>La reconnaissance du visage dans l&rsquo;espace public &#8211; par exemple par la surveillance vid\u00e9o dans les lieux publics &#8211; ne devrait pas non plus \u00eatre autoris\u00e9e en principe. Cependant, il existe des exceptions: la police et d&rsquo;autres autorit\u00e9s de s\u00e9curit\u00e9 devraient \u00eatre autoris\u00e9es \u00e0 utiliser une telle reconnaissance faciale afin de pouvoir poursuivre certains crimes tels que la traite des \u00eatres humains et le terrorisme.<\/p>\n<p>Le 2 f\u00e9vrier 2025, les entreprises qui d\u00e9veloppent ou utilisent l&rsquo;IA, \u00e9valuent leurs syst\u00e8mes en fonction du degr\u00e9 de risque et prennent des mesures appropri\u00e9es afin de r\u00e9pondre aux exigences l\u00e9gales.<\/p>\n<p>Selon la Commission de l&rsquo;UE, l&rsquo;objectif du nouveau r\u00e8glement n&rsquo;est pas seulement la protection des droits des consommateurs. On veut \u00e9galement s&rsquo;assurer que l&rsquo;IA est utilis\u00e9e de mani\u00e8re responsable. (DPA)<\/p>\n","protected":false},"excerpt":{"rendered":"<p>Dans l&rsquo;Union europ\u00e9enne, de nouvelles r\u00e8gles pour g\u00e9rer l&rsquo;intelligence artificielle (IA) s&rsquo;appliquent. Selon la loi sur l&rsquo;IA de l&rsquo;UE (AI), l&rsquo;utilisation des programmes d&rsquo;IA est<\/p>\n","protected":false},"author":1,"featured_media":4792,"comment_status":"","ping_status":"","sticky":false,"template":"","format":"standard","meta":{"footnotes":""},"categories":[298],"tags":[109,14,155,3578,81,226,5111],"class_list":["post-4791","post","type-post","status-publish","format-standard","has-post-thumbnail","hentry","category-belgique","tag-gerer","tag-les","tag-lia","tag-lue","tag-pour","tag-regles","tag-vigueur","generate-columns","tablet-grid-50","mobile-grid-100","grid-parent","grid-33"],"yoast_head":"<!-- This site is optimized with the Yoast SEO plugin v24.0 - https:\/\/yoast.com\/wordpress\/plugins\/seo\/ -->\n<title>Les r\u00e8gles de l&#039;UE pour g\u00e9rer l&#039;IA en vigueur | Vie Associative<\/title>\n<meta name=\"robots\" content=\"index, follow, max-snippet:-1, max-image-preview:large, max-video-preview:-1\" \/>\n<link rel=\"canonical\" href=\"https:\/\/vieassociative.be\/actualites\/les-regles-de-lue-pour-gerer-lia-en-vigueur\/\" \/>\n<meta property=\"og:locale\" content=\"fr_FR\" \/>\n<meta property=\"og:type\" content=\"article\" \/>\n<meta property=\"og:title\" content=\"Les r\u00e8gles de l&#039;UE pour g\u00e9rer l&#039;IA en vigueur | Vie Associative\" \/>\n<meta property=\"og:description\" content=\"Dans l&rsquo;Union europ\u00e9enne, de nouvelles r\u00e8gles pour g\u00e9rer l&rsquo;intelligence artificielle (IA) s&rsquo;appliquent. Selon la loi sur l&rsquo;IA de l&rsquo;UE (AI), l&rsquo;utilisation des programmes d&rsquo;IA est\" \/>\n<meta property=\"og:url\" content=\"https:\/\/vieassociative.be\/actualites\/les-regles-de-lue-pour-gerer-lia-en-vigueur\/\" \/>\n<meta property=\"og:site_name\" content=\"Vie Associative\" \/>\n<meta property=\"article:published_time\" content=\"2025-02-02T14:18:28+00:00\" \/>\n<meta property=\"og:image\" content=\"https:\/\/vieassociative.be\/actualites\/wp-content\/uploads\/2024\/09\/header_backgroundk-01-e1726694325946.png\" \/>\n\t<meta property=\"og:image:width\" content=\"279\" \/>\n\t<meta property=\"og:image:height\" content=\"92\" \/>\n\t<meta property=\"og:image:type\" content=\"image\/png\" \/>\n<meta name=\"author\" content=\"Julien\" \/>\n<meta name=\"twitter:card\" content=\"summary_large_image\" \/>\n<meta name=\"twitter:label1\" content=\"\u00c9crit par\" \/>\n\t<meta name=\"twitter:data1\" content=\"Julien\" \/>\n\t<meta name=\"twitter:label2\" content=\"Dur\u00e9e de lecture est.\" \/>\n\t<meta name=\"twitter:data2\" content=\"1 minute\" \/>\n<script type=\"application\/ld+json\" class=\"yoast-schema-graph\">{\"@context\":\"https:\/\/schema.org\",\"@graph\":[{\"@type\":\"Article\",\"@id\":\"https:\/\/vieassociative.be\/actualites\/les-regles-de-lue-pour-gerer-lia-en-vigueur\/#article\",\"isPartOf\":{\"@id\":\"https:\/\/vieassociative.be\/actualites\/les-regles-de-lue-pour-gerer-lia-en-vigueur\/\"},\"author\":{\"name\":\"Julien\",\"@id\":\"https:\/\/vieassociative.be\/actualites\/#\/schema\/person\/b87ac4f82f9d4e7b7cec7395b679edc4\"},\"headline\":\"Les r\u00e8gles de l&rsquo;UE pour g\u00e9rer l&rsquo;IA en vigueur\",\"datePublished\":\"2025-02-02T14:18:28+00:00\",\"dateModified\":\"2025-02-02T14:18:28+00:00\",\"mainEntityOfPage\":{\"@id\":\"https:\/\/vieassociative.be\/actualites\/les-regles-de-lue-pour-gerer-lia-en-vigueur\/\"},\"wordCount\":219,\"publisher\":{\"@id\":\"https:\/\/vieassociative.be\/actualites\/#organization\"},\"image\":{\"@id\":\"https:\/\/vieassociative.be\/actualites\/les-regles-de-lue-pour-gerer-lia-en-vigueur\/#primaryimage\"},\"thumbnailUrl\":\"https:\/\/vieassociative.be\/actualites\/wp-content\/uploads\/2025\/02\/Les-regles-de-lUE-pour-gerer-lIA-en-vigueur.jpeg\",\"keywords\":[\"g\u00e9rer\",\"Les\",\"lIA\",\"LUE\",\"pour\",\"r\u00e8gles\",\"vigueur\"],\"articleSection\":[\"Belgique\"],\"inLanguage\":\"fr-BE\"},{\"@type\":\"WebPage\",\"@id\":\"https:\/\/vieassociative.be\/actualites\/les-regles-de-lue-pour-gerer-lia-en-vigueur\/\",\"url\":\"https:\/\/vieassociative.be\/actualites\/les-regles-de-lue-pour-gerer-lia-en-vigueur\/\",\"name\":\"Les r\u00e8gles de l'UE pour g\u00e9rer l'IA en vigueur | Vie Associative\",\"isPartOf\":{\"@id\":\"https:\/\/vieassociative.be\/actualites\/#website\"},\"primaryImageOfPage\":{\"@id\":\"https:\/\/vieassociative.be\/actualites\/les-regles-de-lue-pour-gerer-lia-en-vigueur\/#primaryimage\"},\"image\":{\"@id\":\"https:\/\/vieassociative.be\/actualites\/les-regles-de-lue-pour-gerer-lia-en-vigueur\/#primaryimage\"},\"thumbnailUrl\":\"https:\/\/vieassociative.be\/actualites\/wp-content\/uploads\/2025\/02\/Les-regles-de-lUE-pour-gerer-lIA-en-vigueur.jpeg\",\"datePublished\":\"2025-02-02T14:18:28+00:00\",\"dateModified\":\"2025-02-02T14:18:28+00:00\",\"breadcrumb\":{\"@id\":\"https:\/\/vieassociative.be\/actualites\/les-regles-de-lue-pour-gerer-lia-en-vigueur\/#breadcrumb\"},\"inLanguage\":\"fr-BE\",\"potentialAction\":[{\"@type\":\"ReadAction\",\"target\":[\"https:\/\/vieassociative.be\/actualites\/les-regles-de-lue-pour-gerer-lia-en-vigueur\/\"]}]},{\"@type\":\"ImageObject\",\"inLanguage\":\"fr-BE\",\"@id\":\"https:\/\/vieassociative.be\/actualites\/les-regles-de-lue-pour-gerer-lia-en-vigueur\/#primaryimage\",\"url\":\"https:\/\/vieassociative.be\/actualites\/wp-content\/uploads\/2025\/02\/Les-regles-de-lUE-pour-gerer-lIA-en-vigueur.jpeg\",\"contentUrl\":\"https:\/\/vieassociative.be\/actualites\/wp-content\/uploads\/2025\/02\/Les-regles-de-lUE-pour-gerer-lIA-en-vigueur.jpeg\",\"width\":1280,\"height\":857,\"caption\":\"Les r\u00e8gles de l'UE pour g\u00e9rer l'IA en vigueur\"},{\"@type\":\"BreadcrumbList\",\"@id\":\"https:\/\/vieassociative.be\/actualites\/les-regles-de-lue-pour-gerer-lia-en-vigueur\/#breadcrumb\",\"itemListElement\":[{\"@type\":\"ListItem\",\"position\":1,\"name\":\"Accueil\",\"item\":\"https:\/\/vieassociative.be\/actualites\/\"},{\"@type\":\"ListItem\",\"position\":2,\"name\":\"Les r\u00e8gles de l&rsquo;UE pour g\u00e9rer l&rsquo;IA en vigueur\"}]},{\"@type\":\"WebSite\",\"@id\":\"https:\/\/vieassociative.be\/actualites\/#website\",\"url\":\"https:\/\/vieassociative.be\/actualites\/\",\"name\":\"Vie Associative\",\"description\":\"\",\"publisher\":{\"@id\":\"https:\/\/vieassociative.be\/actualites\/#organization\"},\"potentialAction\":[{\"@type\":\"SearchAction\",\"target\":{\"@type\":\"EntryPoint\",\"urlTemplate\":\"https:\/\/vieassociative.be\/actualites\/?s={search_term_string}\"},\"query-input\":{\"@type\":\"PropertyValueSpecification\",\"valueRequired\":true,\"valueName\":\"search_term_string\"}}],\"inLanguage\":\"fr-BE\"},{\"@type\":\"Organization\",\"@id\":\"https:\/\/vieassociative.be\/actualites\/#organization\",\"name\":\"Vie Associative\",\"url\":\"https:\/\/vieassociative.be\/actualites\/\",\"logo\":{\"@type\":\"ImageObject\",\"inLanguage\":\"fr-BE\",\"@id\":\"https:\/\/vieassociative.be\/actualites\/#\/schema\/logo\/image\/\",\"url\":\"https:\/\/vieassociative.be\/actualites\/wp-content\/uploads\/2024\/09\/cropped-vieassociative_favicon.ico.png\",\"contentUrl\":\"https:\/\/vieassociative.be\/actualites\/wp-content\/uploads\/2024\/09\/cropped-vieassociative_favicon.ico.png\",\"width\":512,\"height\":512,\"caption\":\"Vie Associative\"},\"image\":{\"@id\":\"https:\/\/vieassociative.be\/actualites\/#\/schema\/logo\/image\/\"}},{\"@type\":\"Person\",\"@id\":\"https:\/\/vieassociative.be\/actualites\/#\/schema\/person\/b87ac4f82f9d4e7b7cec7395b679edc4\",\"name\":\"Julien\",\"image\":{\"@type\":\"ImageObject\",\"inLanguage\":\"fr-BE\",\"@id\":\"https:\/\/vieassociative.be\/actualites\/#\/schema\/person\/image\/\",\"url\":\"https:\/\/vieassociative.be\/actualites\/wp-content\/uploads\/2024\/09\/vie-associative-1-150x150.jpg\",\"contentUrl\":\"https:\/\/vieassociative.be\/actualites\/wp-content\/uploads\/2024\/09\/vie-associative-1-150x150.jpg\",\"caption\":\"Julien\"},\"description\":\"Je suis Julien, r\u00e9dacteur pour Vie Associative. Passionn\u00e9 par le monde associatif depuis plus de 10 ans, j'ai \u00e0 c\u0153ur de partager des histoires inspirantes et de mettre en lumi\u00e8re les initiatives locales. Mon objectif est de sensibiliser et d'encourager l'engagement communautaire \u00e0 travers mes articles.\",\"sameAs\":[\"https:\/\/vieassociative.be\/\"]}]}<\/script>\n<!-- \/ Yoast SEO plugin. -->","yoast_head_json":{"title":"Les r\u00e8gles de l'UE pour g\u00e9rer l'IA en vigueur | Vie Associative","robots":{"index":"index","follow":"follow","max-snippet":"max-snippet:-1","max-image-preview":"max-image-preview:large","max-video-preview":"max-video-preview:-1"},"canonical":"https:\/\/vieassociative.be\/actualites\/les-regles-de-lue-pour-gerer-lia-en-vigueur\/","og_locale":"fr_FR","og_type":"article","og_title":"Les r\u00e8gles de l'UE pour g\u00e9rer l'IA en vigueur | Vie Associative","og_description":"Dans l&rsquo;Union europ\u00e9enne, de nouvelles r\u00e8gles pour g\u00e9rer l&rsquo;intelligence artificielle (IA) s&rsquo;appliquent. Selon la loi sur l&rsquo;IA de l&rsquo;UE (AI), l&rsquo;utilisation des programmes d&rsquo;IA est","og_url":"https:\/\/vieassociative.be\/actualites\/les-regles-de-lue-pour-gerer-lia-en-vigueur\/","og_site_name":"Vie Associative","article_published_time":"2025-02-02T14:18:28+00:00","og_image":[{"width":279,"height":92,"url":"https:\/\/vieassociative.be\/actualites\/wp-content\/uploads\/2024\/09\/header_backgroundk-01-e1726694325946.png","type":"image\/png"}],"author":"Julien","twitter_card":"summary_large_image","twitter_misc":{"\u00c9crit par":"Julien","Dur\u00e9e de lecture est.":"1 minute"},"schema":{"@context":"https:\/\/schema.org","@graph":[{"@type":"Article","@id":"https:\/\/vieassociative.be\/actualites\/les-regles-de-lue-pour-gerer-lia-en-vigueur\/#article","isPartOf":{"@id":"https:\/\/vieassociative.be\/actualites\/les-regles-de-lue-pour-gerer-lia-en-vigueur\/"},"author":{"name":"Julien","@id":"https:\/\/vieassociative.be\/actualites\/#\/schema\/person\/b87ac4f82f9d4e7b7cec7395b679edc4"},"headline":"Les r\u00e8gles de l&rsquo;UE pour g\u00e9rer l&rsquo;IA en vigueur","datePublished":"2025-02-02T14:18:28+00:00","dateModified":"2025-02-02T14:18:28+00:00","mainEntityOfPage":{"@id":"https:\/\/vieassociative.be\/actualites\/les-regles-de-lue-pour-gerer-lia-en-vigueur\/"},"wordCount":219,"publisher":{"@id":"https:\/\/vieassociative.be\/actualites\/#organization"},"image":{"@id":"https:\/\/vieassociative.be\/actualites\/les-regles-de-lue-pour-gerer-lia-en-vigueur\/#primaryimage"},"thumbnailUrl":"https:\/\/vieassociative.be\/actualites\/wp-content\/uploads\/2025\/02\/Les-regles-de-lUE-pour-gerer-lIA-en-vigueur.jpeg","keywords":["g\u00e9rer","Les","lIA","LUE","pour","r\u00e8gles","vigueur"],"articleSection":["Belgique"],"inLanguage":"fr-BE"},{"@type":"WebPage","@id":"https:\/\/vieassociative.be\/actualites\/les-regles-de-lue-pour-gerer-lia-en-vigueur\/","url":"https:\/\/vieassociative.be\/actualites\/les-regles-de-lue-pour-gerer-lia-en-vigueur\/","name":"Les r\u00e8gles de l'UE pour g\u00e9rer l'IA en vigueur | Vie Associative","isPartOf":{"@id":"https:\/\/vieassociative.be\/actualites\/#website"},"primaryImageOfPage":{"@id":"https:\/\/vieassociative.be\/actualites\/les-regles-de-lue-pour-gerer-lia-en-vigueur\/#primaryimage"},"image":{"@id":"https:\/\/vieassociative.be\/actualites\/les-regles-de-lue-pour-gerer-lia-en-vigueur\/#primaryimage"},"thumbnailUrl":"https:\/\/vieassociative.be\/actualites\/wp-content\/uploads\/2025\/02\/Les-regles-de-lUE-pour-gerer-lIA-en-vigueur.jpeg","datePublished":"2025-02-02T14:18:28+00:00","dateModified":"2025-02-02T14:18:28+00:00","breadcrumb":{"@id":"https:\/\/vieassociative.be\/actualites\/les-regles-de-lue-pour-gerer-lia-en-vigueur\/#breadcrumb"},"inLanguage":"fr-BE","potentialAction":[{"@type":"ReadAction","target":["https:\/\/vieassociative.be\/actualites\/les-regles-de-lue-pour-gerer-lia-en-vigueur\/"]}]},{"@type":"ImageObject","inLanguage":"fr-BE","@id":"https:\/\/vieassociative.be\/actualites\/les-regles-de-lue-pour-gerer-lia-en-vigueur\/#primaryimage","url":"https:\/\/vieassociative.be\/actualites\/wp-content\/uploads\/2025\/02\/Les-regles-de-lUE-pour-gerer-lIA-en-vigueur.jpeg","contentUrl":"https:\/\/vieassociative.be\/actualites\/wp-content\/uploads\/2025\/02\/Les-regles-de-lUE-pour-gerer-lIA-en-vigueur.jpeg","width":1280,"height":857,"caption":"Les r\u00e8gles de l'UE pour g\u00e9rer l'IA en vigueur"},{"@type":"BreadcrumbList","@id":"https:\/\/vieassociative.be\/actualites\/les-regles-de-lue-pour-gerer-lia-en-vigueur\/#breadcrumb","itemListElement":[{"@type":"ListItem","position":1,"name":"Accueil","item":"https:\/\/vieassociative.be\/actualites\/"},{"@type":"ListItem","position":2,"name":"Les r\u00e8gles de l&rsquo;UE pour g\u00e9rer l&rsquo;IA en vigueur"}]},{"@type":"WebSite","@id":"https:\/\/vieassociative.be\/actualites\/#website","url":"https:\/\/vieassociative.be\/actualites\/","name":"Vie Associative","description":"","publisher":{"@id":"https:\/\/vieassociative.be\/actualites\/#organization"},"potentialAction":[{"@type":"SearchAction","target":{"@type":"EntryPoint","urlTemplate":"https:\/\/vieassociative.be\/actualites\/?s={search_term_string}"},"query-input":{"@type":"PropertyValueSpecification","valueRequired":true,"valueName":"search_term_string"}}],"inLanguage":"fr-BE"},{"@type":"Organization","@id":"https:\/\/vieassociative.be\/actualites\/#organization","name":"Vie Associative","url":"https:\/\/vieassociative.be\/actualites\/","logo":{"@type":"ImageObject","inLanguage":"fr-BE","@id":"https:\/\/vieassociative.be\/actualites\/#\/schema\/logo\/image\/","url":"https:\/\/vieassociative.be\/actualites\/wp-content\/uploads\/2024\/09\/cropped-vieassociative_favicon.ico.png","contentUrl":"https:\/\/vieassociative.be\/actualites\/wp-content\/uploads\/2024\/09\/cropped-vieassociative_favicon.ico.png","width":512,"height":512,"caption":"Vie Associative"},"image":{"@id":"https:\/\/vieassociative.be\/actualites\/#\/schema\/logo\/image\/"}},{"@type":"Person","@id":"https:\/\/vieassociative.be\/actualites\/#\/schema\/person\/b87ac4f82f9d4e7b7cec7395b679edc4","name":"Julien","image":{"@type":"ImageObject","inLanguage":"fr-BE","@id":"https:\/\/vieassociative.be\/actualites\/#\/schema\/person\/image\/","url":"https:\/\/vieassociative.be\/actualites\/wp-content\/uploads\/2024\/09\/vie-associative-1-150x150.jpg","contentUrl":"https:\/\/vieassociative.be\/actualites\/wp-content\/uploads\/2024\/09\/vie-associative-1-150x150.jpg","caption":"Julien"},"description":"Je suis Julien, r\u00e9dacteur pour Vie Associative. Passionn\u00e9 par le monde associatif depuis plus de 10 ans, j'ai \u00e0 c\u0153ur de partager des histoires inspirantes et de mettre en lumi\u00e8re les initiatives locales. Mon objectif est de sensibiliser et d'encourager l'engagement communautaire \u00e0 travers mes articles.","sameAs":["https:\/\/vieassociative.be\/"]}]}},"_links":{"self":[{"href":"https:\/\/vieassociative.be\/actualites\/wp-json\/wp\/v2\/posts\/4791"}],"collection":[{"href":"https:\/\/vieassociative.be\/actualites\/wp-json\/wp\/v2\/posts"}],"about":[{"href":"https:\/\/vieassociative.be\/actualites\/wp-json\/wp\/v2\/types\/post"}],"author":[{"embeddable":true,"href":"https:\/\/vieassociative.be\/actualites\/wp-json\/wp\/v2\/users\/1"}],"replies":[{"embeddable":true,"href":"https:\/\/vieassociative.be\/actualites\/wp-json\/wp\/v2\/comments?post=4791"}],"version-history":[{"count":0,"href":"https:\/\/vieassociative.be\/actualites\/wp-json\/wp\/v2\/posts\/4791\/revisions"}],"wp:featuredmedia":[{"embeddable":true,"href":"https:\/\/vieassociative.be\/actualites\/wp-json\/wp\/v2\/media\/4792"}],"wp:attachment":[{"href":"https:\/\/vieassociative.be\/actualites\/wp-json\/wp\/v2\/media?parent=4791"}],"wp:term":[{"taxonomy":"category","embeddable":true,"href":"https:\/\/vieassociative.be\/actualites\/wp-json\/wp\/v2\/categories?post=4791"},{"taxonomy":"post_tag","embeddable":true,"href":"https:\/\/vieassociative.be\/actualites\/wp-json\/wp\/v2\/tags?post=4791"}],"curies":[{"name":"wp","href":"https:\/\/api.w.org\/{rel}","templated":true}]}}