{"id":4786,"date":"2025-02-02T09:18:15","date_gmt":"2025-02-02T08:18:15","guid":{"rendered":"https:\/\/vieassociative.be\/actualites\/careless-bavaria-tremble-toujours-dortmund-gagne-a-heidenheim\/"},"modified":"2025-02-02T09:18:15","modified_gmt":"2025-02-02T08:18:15","slug":"careless-bavaria-tremble-toujours-dortmund-gagne-a-heidenheim","status":"publish","type":"post","link":"https:\/\/vieassociative.be\/actualites\/careless-bavaria-tremble-toujours-dortmund-gagne-a-heidenheim\/","title":{"rendered":"Careless Bavaria tremble toujours &#8211; Dortmund gagne \u00e0 Heidenheim"},"content":{"rendered":"<p><strong>Le chef de Bundesliga, le Bayern, le Bayern est une victoire, mais est finalement. BVB marque trois points avant que le nouvel entra\u00eeneur Nico Kovac ne prenne ses fonctions.<\/strong><\/p>\n<p><span id=\"more-407284\"><\/span>L&rsquo;appartenance au Bayern Munich a accompli sa t\u00e2che obligatoire le 20e match de la Bundesliga, mais \u00e0 la fin, ils ont d\u00fb trembler bri\u00e8vement.<\/p>\n<p>Le champion de disques allemand a remport\u00e9 4: 3 (2-0) contre Holstein Kiel apr\u00e8s une avance de 4-0 et a d&rsquo;abord \u00e9largi son avance sur le champion en titre Bayer Leverkusen \u00e0 neuf points. Le double vainqueur de la pr\u00e9-saison ne joue que dimanche (17 h 30\/dazn) contre TSG 1899 Hoffenheim.<\/p>\n<p>Le Borussia Dortmund a gagn\u00e9 2-1 (1-0) au 1. FC Heidenheim Lors du dernier match, le nouvel entra\u00eeneur en chef Niko Kovac prend maintenant le relais pour les Danes Tullberg.<\/p>\n<div id=\"attachment_407288\" class=\"wp-caption alignleft\" style=\"max-width: 300px\"><img fetchpriority=\"high\" decoding=\"async\" class=\"wp-image-407288 size-medium\" src=\"https:\/\/vieassociative.be\/actualites\/wp-content\/uploads\/2025\/02\/Careless-Bavaria-tremble-toujours-Dortmund-gagne-a-Heidenheim.jpg\" alt=\"\" width=\"300\" height=\"215\"><\/p>\n<p class=\"wp-caption-text\">01.02.2025, Bavi\u00e8re, Munich: l&rsquo;entra\u00eeneur Vincent Kompany de Munich vient au stade avant le match. Photo: Sven Hoppe \/ DPA<\/p>\n<\/div>\n<p>Le vice-ma\u00eetre VFB Stuttgart a conc\u00e9d\u00e9 un revers dans la course aux rangs de la Coupe d&rsquo;Europe et a perdu 1: 2 (0: 1) contre le Borussia M\u00f6nchengladbach \u00e0 domicile.<\/p>\n<p>Jamal Musiala a utilis\u00e9 la premi\u00e8re bonne chance du Bayern pour prendre les devants \u00e0 la 17e minute. Harry Kane (45. + 3\/46.) A augment\u00e9 directement avant et apr\u00e8s la pause \u00e0 moiti\u00e9 apr\u00e8s que Kiel ait donn\u00e9 de bonnes options. Serge Gnabry (54e) a tir\u00e9 le 4-0 pour le Bayern. Mais Finn Porath (62e) et \u00e0 la fin deux fois Steven Skrzybski (90. + 1\/90. + 3) Promu grimpeur Kiel.<\/p>\n<p>BVB a de nouveau pu compter sur l&rsquo;attaquant Serhou Guirassy (33e) \u00e0 Heidenheim, apr\u00e8s quoi Mathias Honsak (64.) a raccourci 2-0 par le substitut Maximilian Beier (63.). Les Dortmunders n&rsquo;en ont pas permis plus. (DPA)<\/p>\n","protected":false},"excerpt":{"rendered":"<p>Le chef de Bundesliga, le Bayern, le Bayern est une victoire, mais est finalement. BVB marque trois points avant que le nouvel entra\u00eeneur Nico Kovac<\/p>\n","protected":false},"author":1,"featured_media":4787,"comment_status":"","ping_status":"","sticky":false,"template":"","format":"standard","meta":{"footnotes":""},"categories":[298],"tags":[5107,5106,2475,2299,5109,572,5108],"class_list":["post-4786","post","type-post","status-publish","format-standard","has-post-thumbnail","hentry","category-belgique","tag-bavaria","tag-careless","tag-dortmund","tag-gagne","tag-heidenheim","tag-toujours","tag-tremble","generate-columns","tablet-grid-50","mobile-grid-100","grid-parent","grid-33"],"yoast_head":"<!-- This site is optimized with the Yoast SEO plugin v24.0 - https:\/\/yoast.com\/wordpress\/plugins\/seo\/ -->\n<title>Careless Bavaria tremble toujours - Dortmund gagne \u00e0 Heidenheim | Vie Associative<\/title>\n<meta name=\"robots\" content=\"index, follow, max-snippet:-1, max-image-preview:large, max-video-preview:-1\" \/>\n<link rel=\"canonical\" href=\"https:\/\/vieassociative.be\/actualites\/careless-bavaria-tremble-toujours-dortmund-gagne-a-heidenheim\/\" \/>\n<meta property=\"og:locale\" content=\"fr_FR\" \/>\n<meta property=\"og:type\" content=\"article\" \/>\n<meta property=\"og:title\" content=\"Careless Bavaria tremble toujours - Dortmund gagne \u00e0 Heidenheim | Vie Associative\" \/>\n<meta property=\"og:description\" content=\"Le chef de Bundesliga, le Bayern, le Bayern est une victoire, mais est finalement. BVB marque trois points avant que le nouvel entra\u00eeneur Nico Kovac\" \/>\n<meta property=\"og:url\" content=\"https:\/\/vieassociative.be\/actualites\/careless-bavaria-tremble-toujours-dortmund-gagne-a-heidenheim\/\" \/>\n<meta property=\"og:site_name\" content=\"Vie Associative\" \/>\n<meta property=\"article:published_time\" content=\"2025-02-02T08:18:15+00:00\" \/>\n<meta property=\"og:image\" content=\"https:\/\/vieassociative.be\/actualites\/wp-content\/uploads\/2024\/09\/header_backgroundk-01-e1726694325946.png\" \/>\n\t<meta property=\"og:image:width\" content=\"279\" \/>\n\t<meta property=\"og:image:height\" content=\"92\" \/>\n\t<meta property=\"og:image:type\" content=\"image\/png\" \/>\n<meta name=\"author\" content=\"Julien\" \/>\n<meta name=\"twitter:card\" content=\"summary_large_image\" \/>\n<meta name=\"twitter:label1\" content=\"\u00c9crit par\" \/>\n\t<meta name=\"twitter:data1\" content=\"Julien\" \/>\n\t<meta name=\"twitter:label2\" content=\"Dur\u00e9e de lecture est.\" \/>\n\t<meta name=\"twitter:data2\" content=\"1 minute\" \/>\n<script type=\"application\/ld+json\" class=\"yoast-schema-graph\">{\"@context\":\"https:\/\/schema.org\",\"@graph\":[{\"@type\":\"Article\",\"@id\":\"https:\/\/vieassociative.be\/actualites\/careless-bavaria-tremble-toujours-dortmund-gagne-a-heidenheim\/#article\",\"isPartOf\":{\"@id\":\"https:\/\/vieassociative.be\/actualites\/careless-bavaria-tremble-toujours-dortmund-gagne-a-heidenheim\/\"},\"author\":{\"name\":\"Julien\",\"@id\":\"https:\/\/vieassociative.be\/actualites\/#\/schema\/person\/b87ac4f82f9d4e7b7cec7395b679edc4\"},\"headline\":\"Careless Bavaria tremble toujours &#8211; Dortmund gagne \u00e0 Heidenheim\",\"datePublished\":\"2025-02-02T08:18:15+00:00\",\"dateModified\":\"2025-02-02T08:18:15+00:00\",\"mainEntityOfPage\":{\"@id\":\"https:\/\/vieassociative.be\/actualites\/careless-bavaria-tremble-toujours-dortmund-gagne-a-heidenheim\/\"},\"wordCount\":290,\"publisher\":{\"@id\":\"https:\/\/vieassociative.be\/actualites\/#organization\"},\"image\":{\"@id\":\"https:\/\/vieassociative.be\/actualites\/careless-bavaria-tremble-toujours-dortmund-gagne-a-heidenheim\/#primaryimage\"},\"thumbnailUrl\":\"https:\/\/vieassociative.be\/actualites\/wp-content\/uploads\/2025\/02\/1738484296_Careless-Bavaria-tremble-toujours-Dortmund-gagne-a-Heidenheim.jpg\",\"keywords\":[\"Bavaria\",\"Careless\",\"Dortmund\",\"gagn\u00e9\",\"Heidenheim\",\"toujours\",\"tremble\"],\"articleSection\":[\"Belgique\"],\"inLanguage\":\"fr-BE\"},{\"@type\":\"WebPage\",\"@id\":\"https:\/\/vieassociative.be\/actualites\/careless-bavaria-tremble-toujours-dortmund-gagne-a-heidenheim\/\",\"url\":\"https:\/\/vieassociative.be\/actualites\/careless-bavaria-tremble-toujours-dortmund-gagne-a-heidenheim\/\",\"name\":\"Careless Bavaria tremble toujours - Dortmund gagne \u00e0 Heidenheim | Vie Associative\",\"isPartOf\":{\"@id\":\"https:\/\/vieassociative.be\/actualites\/#website\"},\"primaryImageOfPage\":{\"@id\":\"https:\/\/vieassociative.be\/actualites\/careless-bavaria-tremble-toujours-dortmund-gagne-a-heidenheim\/#primaryimage\"},\"image\":{\"@id\":\"https:\/\/vieassociative.be\/actualites\/careless-bavaria-tremble-toujours-dortmund-gagne-a-heidenheim\/#primaryimage\"},\"thumbnailUrl\":\"https:\/\/vieassociative.be\/actualites\/wp-content\/uploads\/2025\/02\/1738484296_Careless-Bavaria-tremble-toujours-Dortmund-gagne-a-Heidenheim.jpg\",\"datePublished\":\"2025-02-02T08:18:15+00:00\",\"dateModified\":\"2025-02-02T08:18:15+00:00\",\"breadcrumb\":{\"@id\":\"https:\/\/vieassociative.be\/actualites\/careless-bavaria-tremble-toujours-dortmund-gagne-a-heidenheim\/#breadcrumb\"},\"inLanguage\":\"fr-BE\",\"potentialAction\":[{\"@type\":\"ReadAction\",\"target\":[\"https:\/\/vieassociative.be\/actualites\/careless-bavaria-tremble-toujours-dortmund-gagne-a-heidenheim\/\"]}]},{\"@type\":\"ImageObject\",\"inLanguage\":\"fr-BE\",\"@id\":\"https:\/\/vieassociative.be\/actualites\/careless-bavaria-tremble-toujours-dortmund-gagne-a-heidenheim\/#primaryimage\",\"url\":\"https:\/\/vieassociative.be\/actualites\/wp-content\/uploads\/2025\/02\/1738484296_Careless-Bavaria-tremble-toujours-Dortmund-gagne-a-Heidenheim.jpg\",\"contentUrl\":\"https:\/\/vieassociative.be\/actualites\/wp-content\/uploads\/2025\/02\/1738484296_Careless-Bavaria-tremble-toujours-Dortmund-gagne-a-Heidenheim.jpg\",\"width\":1200,\"height\":848,\"caption\":\"Careless Bavaria tremble toujours - Dortmund gagne \u00e0 Heidenheim\"},{\"@type\":\"BreadcrumbList\",\"@id\":\"https:\/\/vieassociative.be\/actualites\/careless-bavaria-tremble-toujours-dortmund-gagne-a-heidenheim\/#breadcrumb\",\"itemListElement\":[{\"@type\":\"ListItem\",\"position\":1,\"name\":\"Accueil\",\"item\":\"https:\/\/vieassociative.be\/actualites\/\"},{\"@type\":\"ListItem\",\"position\":2,\"name\":\"Careless Bavaria tremble toujours &#8211; Dortmund gagne \u00e0 Heidenheim\"}]},{\"@type\":\"WebSite\",\"@id\":\"https:\/\/vieassociative.be\/actualites\/#website\",\"url\":\"https:\/\/vieassociative.be\/actualites\/\",\"name\":\"Vie Associative\",\"description\":\"\",\"publisher\":{\"@id\":\"https:\/\/vieassociative.be\/actualites\/#organization\"},\"potentialAction\":[{\"@type\":\"SearchAction\",\"target\":{\"@type\":\"EntryPoint\",\"urlTemplate\":\"https:\/\/vieassociative.be\/actualites\/?s={search_term_string}\"},\"query-input\":{\"@type\":\"PropertyValueSpecification\",\"valueRequired\":true,\"valueName\":\"search_term_string\"}}],\"inLanguage\":\"fr-BE\"},{\"@type\":\"Organization\",\"@id\":\"https:\/\/vieassociative.be\/actualites\/#organization\",\"name\":\"Vie Associative\",\"url\":\"https:\/\/vieassociative.be\/actualites\/\",\"logo\":{\"@type\":\"ImageObject\",\"inLanguage\":\"fr-BE\",\"@id\":\"https:\/\/vieassociative.be\/actualites\/#\/schema\/logo\/image\/\",\"url\":\"https:\/\/vieassociative.be\/actualites\/wp-content\/uploads\/2024\/09\/cropped-vieassociative_favicon.ico.png\",\"contentUrl\":\"https:\/\/vieassociative.be\/actualites\/wp-content\/uploads\/2024\/09\/cropped-vieassociative_favicon.ico.png\",\"width\":512,\"height\":512,\"caption\":\"Vie Associative\"},\"image\":{\"@id\":\"https:\/\/vieassociative.be\/actualites\/#\/schema\/logo\/image\/\"}},{\"@type\":\"Person\",\"@id\":\"https:\/\/vieassociative.be\/actualites\/#\/schema\/person\/b87ac4f82f9d4e7b7cec7395b679edc4\",\"name\":\"Julien\",\"image\":{\"@type\":\"ImageObject\",\"inLanguage\":\"fr-BE\",\"@id\":\"https:\/\/vieassociative.be\/actualites\/#\/schema\/person\/image\/\",\"url\":\"https:\/\/vieassociative.be\/actualites\/wp-content\/uploads\/2024\/09\/vie-associative-1-150x150.jpg\",\"contentUrl\":\"https:\/\/vieassociative.be\/actualites\/wp-content\/uploads\/2024\/09\/vie-associative-1-150x150.jpg\",\"caption\":\"Julien\"},\"description\":\"Je suis Julien, r\u00e9dacteur pour Vie Associative. Passionn\u00e9 par le monde associatif depuis plus de 10 ans, j'ai \u00e0 c\u0153ur de partager des histoires inspirantes et de mettre en lumi\u00e8re les initiatives locales. Mon objectif est de sensibiliser et d'encourager l'engagement communautaire \u00e0 travers mes articles.\",\"sameAs\":[\"https:\/\/vieassociative.be\/\"]}]}<\/script>\n<!-- \/ Yoast SEO plugin. -->","yoast_head_json":{"title":"Careless Bavaria tremble toujours - Dortmund gagne \u00e0 Heidenheim | Vie Associative","robots":{"index":"index","follow":"follow","max-snippet":"max-snippet:-1","max-image-preview":"max-image-preview:large","max-video-preview":"max-video-preview:-1"},"canonical":"https:\/\/vieassociative.be\/actualites\/careless-bavaria-tremble-toujours-dortmund-gagne-a-heidenheim\/","og_locale":"fr_FR","og_type":"article","og_title":"Careless Bavaria tremble toujours - Dortmund gagne \u00e0 Heidenheim | Vie Associative","og_description":"Le chef de Bundesliga, le Bayern, le Bayern est une victoire, mais est finalement. BVB marque trois points avant que le nouvel entra\u00eeneur Nico Kovac","og_url":"https:\/\/vieassociative.be\/actualites\/careless-bavaria-tremble-toujours-dortmund-gagne-a-heidenheim\/","og_site_name":"Vie Associative","article_published_time":"2025-02-02T08:18:15+00:00","og_image":[{"width":279,"height":92,"url":"https:\/\/vieassociative.be\/actualites\/wp-content\/uploads\/2024\/09\/header_backgroundk-01-e1726694325946.png","type":"image\/png"}],"author":"Julien","twitter_card":"summary_large_image","twitter_misc":{"\u00c9crit par":"Julien","Dur\u00e9e de lecture est.":"1 minute"},"schema":{"@context":"https:\/\/schema.org","@graph":[{"@type":"Article","@id":"https:\/\/vieassociative.be\/actualites\/careless-bavaria-tremble-toujours-dortmund-gagne-a-heidenheim\/#article","isPartOf":{"@id":"https:\/\/vieassociative.be\/actualites\/careless-bavaria-tremble-toujours-dortmund-gagne-a-heidenheim\/"},"author":{"name":"Julien","@id":"https:\/\/vieassociative.be\/actualites\/#\/schema\/person\/b87ac4f82f9d4e7b7cec7395b679edc4"},"headline":"Careless Bavaria tremble toujours &#8211; Dortmund gagne \u00e0 Heidenheim","datePublished":"2025-02-02T08:18:15+00:00","dateModified":"2025-02-02T08:18:15+00:00","mainEntityOfPage":{"@id":"https:\/\/vieassociative.be\/actualites\/careless-bavaria-tremble-toujours-dortmund-gagne-a-heidenheim\/"},"wordCount":290,"publisher":{"@id":"https:\/\/vieassociative.be\/actualites\/#organization"},"image":{"@id":"https:\/\/vieassociative.be\/actualites\/careless-bavaria-tremble-toujours-dortmund-gagne-a-heidenheim\/#primaryimage"},"thumbnailUrl":"https:\/\/vieassociative.be\/actualites\/wp-content\/uploads\/2025\/02\/1738484296_Careless-Bavaria-tremble-toujours-Dortmund-gagne-a-Heidenheim.jpg","keywords":["Bavaria","Careless","Dortmund","gagn\u00e9","Heidenheim","toujours","tremble"],"articleSection":["Belgique"],"inLanguage":"fr-BE"},{"@type":"WebPage","@id":"https:\/\/vieassociative.be\/actualites\/careless-bavaria-tremble-toujours-dortmund-gagne-a-heidenheim\/","url":"https:\/\/vieassociative.be\/actualites\/careless-bavaria-tremble-toujours-dortmund-gagne-a-heidenheim\/","name":"Careless Bavaria tremble toujours - Dortmund gagne \u00e0 Heidenheim | Vie Associative","isPartOf":{"@id":"https:\/\/vieassociative.be\/actualites\/#website"},"primaryImageOfPage":{"@id":"https:\/\/vieassociative.be\/actualites\/careless-bavaria-tremble-toujours-dortmund-gagne-a-heidenheim\/#primaryimage"},"image":{"@id":"https:\/\/vieassociative.be\/actualites\/careless-bavaria-tremble-toujours-dortmund-gagne-a-heidenheim\/#primaryimage"},"thumbnailUrl":"https:\/\/vieassociative.be\/actualites\/wp-content\/uploads\/2025\/02\/1738484296_Careless-Bavaria-tremble-toujours-Dortmund-gagne-a-Heidenheim.jpg","datePublished":"2025-02-02T08:18:15+00:00","dateModified":"2025-02-02T08:18:15+00:00","breadcrumb":{"@id":"https:\/\/vieassociative.be\/actualites\/careless-bavaria-tremble-toujours-dortmund-gagne-a-heidenheim\/#breadcrumb"},"inLanguage":"fr-BE","potentialAction":[{"@type":"ReadAction","target":["https:\/\/vieassociative.be\/actualites\/careless-bavaria-tremble-toujours-dortmund-gagne-a-heidenheim\/"]}]},{"@type":"ImageObject","inLanguage":"fr-BE","@id":"https:\/\/vieassociative.be\/actualites\/careless-bavaria-tremble-toujours-dortmund-gagne-a-heidenheim\/#primaryimage","url":"https:\/\/vieassociative.be\/actualites\/wp-content\/uploads\/2025\/02\/1738484296_Careless-Bavaria-tremble-toujours-Dortmund-gagne-a-Heidenheim.jpg","contentUrl":"https:\/\/vieassociative.be\/actualites\/wp-content\/uploads\/2025\/02\/1738484296_Careless-Bavaria-tremble-toujours-Dortmund-gagne-a-Heidenheim.jpg","width":1200,"height":848,"caption":"Careless Bavaria tremble toujours - Dortmund gagne \u00e0 Heidenheim"},{"@type":"BreadcrumbList","@id":"https:\/\/vieassociative.be\/actualites\/careless-bavaria-tremble-toujours-dortmund-gagne-a-heidenheim\/#breadcrumb","itemListElement":[{"@type":"ListItem","position":1,"name":"Accueil","item":"https:\/\/vieassociative.be\/actualites\/"},{"@type":"ListItem","position":2,"name":"Careless Bavaria tremble toujours &#8211; Dortmund gagne \u00e0 Heidenheim"}]},{"@type":"WebSite","@id":"https:\/\/vieassociative.be\/actualites\/#website","url":"https:\/\/vieassociative.be\/actualites\/","name":"Vie Associative","description":"","publisher":{"@id":"https:\/\/vieassociative.be\/actualites\/#organization"},"potentialAction":[{"@type":"SearchAction","target":{"@type":"EntryPoint","urlTemplate":"https:\/\/vieassociative.be\/actualites\/?s={search_term_string}"},"query-input":{"@type":"PropertyValueSpecification","valueRequired":true,"valueName":"search_term_string"}}],"inLanguage":"fr-BE"},{"@type":"Organization","@id":"https:\/\/vieassociative.be\/actualites\/#organization","name":"Vie Associative","url":"https:\/\/vieassociative.be\/actualites\/","logo":{"@type":"ImageObject","inLanguage":"fr-BE","@id":"https:\/\/vieassociative.be\/actualites\/#\/schema\/logo\/image\/","url":"https:\/\/vieassociative.be\/actualites\/wp-content\/uploads\/2024\/09\/cropped-vieassociative_favicon.ico.png","contentUrl":"https:\/\/vieassociative.be\/actualites\/wp-content\/uploads\/2024\/09\/cropped-vieassociative_favicon.ico.png","width":512,"height":512,"caption":"Vie Associative"},"image":{"@id":"https:\/\/vieassociative.be\/actualites\/#\/schema\/logo\/image\/"}},{"@type":"Person","@id":"https:\/\/vieassociative.be\/actualites\/#\/schema\/person\/b87ac4f82f9d4e7b7cec7395b679edc4","name":"Julien","image":{"@type":"ImageObject","inLanguage":"fr-BE","@id":"https:\/\/vieassociative.be\/actualites\/#\/schema\/person\/image\/","url":"https:\/\/vieassociative.be\/actualites\/wp-content\/uploads\/2024\/09\/vie-associative-1-150x150.jpg","contentUrl":"https:\/\/vieassociative.be\/actualites\/wp-content\/uploads\/2024\/09\/vie-associative-1-150x150.jpg","caption":"Julien"},"description":"Je suis Julien, r\u00e9dacteur pour Vie Associative. Passionn\u00e9 par le monde associatif depuis plus de 10 ans, j'ai \u00e0 c\u0153ur de partager des histoires inspirantes et de mettre en lumi\u00e8re les initiatives locales. Mon objectif est de sensibiliser et d'encourager l'engagement communautaire \u00e0 travers mes articles.","sameAs":["https:\/\/vieassociative.be\/"]}]}},"_links":{"self":[{"href":"https:\/\/vieassociative.be\/actualites\/wp-json\/wp\/v2\/posts\/4786"}],"collection":[{"href":"https:\/\/vieassociative.be\/actualites\/wp-json\/wp\/v2\/posts"}],"about":[{"href":"https:\/\/vieassociative.be\/actualites\/wp-json\/wp\/v2\/types\/post"}],"author":[{"embeddable":true,"href":"https:\/\/vieassociative.be\/actualites\/wp-json\/wp\/v2\/users\/1"}],"replies":[{"embeddable":true,"href":"https:\/\/vieassociative.be\/actualites\/wp-json\/wp\/v2\/comments?post=4786"}],"version-history":[{"count":0,"href":"https:\/\/vieassociative.be\/actualites\/wp-json\/wp\/v2\/posts\/4786\/revisions"}],"wp:featuredmedia":[{"embeddable":true,"href":"https:\/\/vieassociative.be\/actualites\/wp-json\/wp\/v2\/media\/4787"}],"wp:attachment":[{"href":"https:\/\/vieassociative.be\/actualites\/wp-json\/wp\/v2\/media?parent=4786"}],"wp:term":[{"taxonomy":"category","embeddable":true,"href":"https:\/\/vieassociative.be\/actualites\/wp-json\/wp\/v2\/categories?post=4786"},{"taxonomy":"post_tag","embeddable":true,"href":"https:\/\/vieassociative.be\/actualites\/wp-json\/wp\/v2\/tags?post=4786"}],"curies":[{"name":"wp","href":"https:\/\/api.w.org\/{rel}","templated":true}]}}