{"id":4778,"date":"2025-02-02T03:19:30","date_gmt":"2025-02-02T02:19:30","guid":{"rendered":"https:\/\/vieassociative.be\/actualites\/spectacle-sur-le-kehrweg-the-as-eupen-bat-le-sk-lommel-3-2-premiere-victoire-depuis-le-22-novembre-2024\/"},"modified":"2025-02-02T03:19:30","modified_gmt":"2025-02-02T02:19:30","slug":"spectacle-sur-le-kehrweg-the-as-eupen-bat-le-sk-lommel-3-2-premiere-victoire-depuis-le-22-novembre-2024","status":"publish","type":"post","link":"https:\/\/vieassociative.be\/actualites\/spectacle-sur-le-kehrweg-the-as-eupen-bat-le-sk-lommel-3-2-premiere-victoire-depuis-le-22-novembre-2024\/","title":{"rendered":"Spectacle sur le Kehrweg: The As Eupen bat le SK Lommel 3: 2 &#8211; Premi\u00e8re victoire depuis le 22 novembre 2024"},"content":{"rendered":"<p><strong>Apr\u00e8s six matchs sans victoire, l&rsquo;As Eupen a finalement gagn\u00e9. Le noir et blanc a battu l&rsquo;\u00e9quipe Lommel 3-2 samedi dans un match spectaculaire. Jan Gorenc a marqu\u00e9 le but \u00e0 3-2 dans la phase finale. Il s&rsquo;agit de la premi\u00e8re victoire de l&rsquo;AS depuis le 22 novembre 2024.<\/strong><\/p>\n<p><span id=\"more-407338\"><\/span>Apr\u00e8s cinq d\u00e9faites et une \u00e9galit\u00e9, il \u00e9tait grand temps pour le As Eupen de marquer trois autres points.<\/p>\n<p>Le onze de d\u00e9part de l&rsquo;entra\u00eeneur Mersad Seimbegovic: Renner-Van Genecht, Paeshuyse, Gorenc, Alloh-Baiye, Caliskan, Keita, Niang-Bedikli, Charles-Cook.<\/p>\n<p>La rencontre n&rsquo;aurait pas pu commencer mieux pour Eupen, car apr\u00e8s quatre minutes, As a pris les devants gr\u00e2ce \u00e0 Van Genechen, qui a compl\u00e9t\u00e9 une impressionnante temp\u00eate avec un coup, 1-0. C&rsquo;\u00e9tait le quatri\u00e8me but de l&rsquo;ancien joueur de Westerlo, Lierse et Genk cette saison.<\/p>\n<div id=\"attachment_357948\" class=\"wp-caption alignleft\" style=\"max-width: 300px\"><img fetchpriority=\"high\" decoding=\"async\" class=\"wp-image-357948 size-medium\" src=\"https:\/\/vieassociative.be\/actualites\/wp-content\/uploads\/2025\/02\/En-tant-quEupen-depuis-le-22-novembre-2024-sans-victoire.jpg\" alt=\"\" width=\"300\" height=\"200\"  ><\/p>\n<p class=\"wp-caption-text\">La droite d&rsquo;Eupen, Yentl van Genechten, a obtenu l&rsquo;objectif principal et l&rsquo;a pr\u00e9par\u00e9 2-0. Photo: Belga<\/p>\n<\/div>\n<p>Pas \u00e9tonnant que les dirigeants de la ligue aient voulu engager le droit \u00e0 droite, mais la gestion de l&rsquo;Association de l&rsquo;AS n&rsquo;est apparemment pas dispos\u00e9e \u00e0 laisser van lichen tirer avant la fin de cette saison.<\/p>\n<p>Van Genechs avait m\u00eame le 2-0 sur le pied quelques minutes plus tard. Malheureusement, sur son tir long, le ballon vient de passer le but de Lommel. Mais ensuite, les invit\u00e9s ont eu une grande chance apr\u00e8s une perte de balle de Baiye. Heureusement pour Eupen, le gardien de but Renner a pu emp\u00eacher des choses pires gr\u00e2ce \u00e0 une intervention courageuse.<\/p>\n<p>\u00c0 la 18e minute, Gedikli s&rsquo;est retir\u00e9 rapidement, mais le gardien Ivezic a pu clarifier. Peu de temps apr\u00e8s, Gorenc s&rsquo;est jet\u00e9 dans les jambes d&rsquo;un adversaire qui aurait donn\u00e9 une chance dans la zone de p\u00e9nalit\u00e9 d&rsquo;Eupen sans l&rsquo;op\u00e9ration de sauvetage slov\u00e8ne.<\/p>\n<p>Cela s&rsquo;est bien pass\u00e9 pour les As-et \u00e0 partir de la 27e minute, cela s&rsquo;est encore mieux pass\u00e9, car Lommel Keeper ne pouvait que confier une conclusion de Van Genechen avec son pied gauche, mais Gedikli \u00e9tait sur place pour le marquer 2-0.<\/p>\n<p>La joie des Eupeners n&rsquo;a dur\u00e9 que cinq minutes, car \u00e0 la 32e minute, Lommel a re\u00e7u une p\u00e9nalit\u00e9 dans la zone de p\u00e9nalit\u00e9 apr\u00e8s une faute inutile par Niang, qu&rsquo;El Boukammiri a converti en toute s\u00e9curit\u00e9. Il n&rsquo;\u00e9tait donc que 2-1, et peu de temps apr\u00e8s, Renner a d\u00fb s&rsquo;\u00e9tirer beaucoup pour atteindre l&rsquo;\u00e9quilibre.<\/p>\n<\/p>\n<div id=\"attachment_400721\" class=\"wp-caption alignnone\" style=\"max-width: 300px\"><img decoding=\"async\" class=\"size-medium wp-image-400721\" src=\"https:\/\/vieassociative.be\/actualites\/wp-content\/uploads\/2024\/10\/LAS-Eupen-resiste-pendant-une-heure-face-au-champion-en.jpg\" alt=\"\" width=\"300\" height=\"200\"  ><\/p>\n<p class=\"wp-caption-text\">L&rsquo;attaquant d&rsquo;Eupen, Emerehan Gedikli, a marqu\u00e9 2-0. Photo: Belga<\/p>\n<\/div>\n<p>2: 1 La pause. Cela aurait \u00e9t\u00e9 la moiti\u00e9 parfaite pour le fait que cela n&rsquo;avait pas provoqu\u00e9 la p\u00e9nalit\u00e9 compl\u00e8tement inutilement inutilement. Cela aurait juste suffi \u00e0 prot\u00e9ger le joueur de Lommel au lieu de le retirer de ses jambes. Ennuyeux!<\/p>\n<p>Deux minutes seulement apr\u00e8s le red\u00e9marrage, Van Genechs a de nouveau eu une grande chance. Cette fois, cependant, le As Right -back ne pouvait pas accueillir le ballon dans le but de Lommel. \u00c0 la 55e minute, l&rsquo;\u00e9galisation est tomb\u00e9e \u00e0 2: 2, qui n&rsquo;aurait peut-\u00eatre pas \u00e9t\u00e9 reconnue parce qu&rsquo;un joueur de Lommel s&rsquo;est d\u00e9marqu\u00e9 et au moins irrit\u00e9 dans la sc\u00e8ne en ce qui concerne le but de Kebe.<\/p>\n<p>\u00c0 la 65e minute, Niang a fait de la place pour les nouveaux arrivants Ejike. Le comme a emprunt\u00e9 l&rsquo;attaquant nig\u00e9rian au Montana de la deuxi\u00e8me division bulgare jusqu&rsquo;\u00e0 la fin de cette saison. Avec lui, la vie est imm\u00e9diatement entr\u00e9e dans le joueur d&rsquo;Eupen, parce qu&rsquo;Ejike s&rsquo;est battu pour chaque balle.<\/p>\n<p>Un quart d&rsquo;heure avant la fin, le gardien de Lommel, Ivezic, a par\u00e9 un coup franc difficile du D\u00e9om de rempla\u00e7ant, qui a apport\u00e9 son \u00e9lan au jeu Eupen. C&rsquo;est aussi le d\u00e9tective qui a initi\u00e9 le but gagnant de Gorenc \u00e0 la 89e minute par Cornerstone. <\/p>\n<p>Apr\u00e8s le 2-2, vous pensiez qu&rsquo;Eupen ferait une avance de deux buts pour la deuxi\u00e8me fois en une semaine, le thriller a eu une fin heureuse cette fois. Cependant, les invit\u00e9s de Lommel ont toujours marqu\u00e9 un but, qui a \u00e9t\u00e9 r\u00e9voqu\u00e9 en raison d&rsquo;une position hors-jeu suppos\u00e9e. Une mauvaise d\u00e9cision? Le ballon est peut-\u00eatre venu d&rsquo;un joueur en tant que joueur.<\/p>\n<p>Dans le tableau de la Challenger Pro League, Eupen s&rsquo;est initialement am\u00e9lior\u00e9 \u00e0 la 10e place avec 18 points. Le dimanche 9 f\u00e9vrier, alors accueille l&rsquo;\u00e9quipe de Lierse SK dans un autre match \u00e0 domicile \u00e0 13h30. (Cre)<\/p>\n","protected":false},"excerpt":{"rendered":"<p>Apr\u00e8s six matchs sans victoire, l&rsquo;As Eupen a finalement gagn\u00e9. Le noir et blanc a battu l&rsquo;\u00e9quipe Lommel 3-2 samedi dans un match spectaculaire. Jan<\/p>\n","protected":false},"author":1,"featured_media":4779,"comment_status":"","ping_status":"","sticky":false,"template":"","format":"standard","meta":{"footnotes":""},"categories":[298],"tags":[3775,1824,2329,2500,5102,1894,610,5101,33,784],"class_list":["post-4778","post","type-post","status-publish","format-standard","has-post-thumbnail","hentry","category-belgique","tag-bat","tag-depuis","tag-eupen","tag-kehrweg","tag-lommel","tag-novembre","tag-premiere","tag-spectacle","tag-sur","tag-victoire","generate-columns","tablet-grid-50","mobile-grid-100","grid-parent","grid-33"],"yoast_head":"<!-- This site is optimized with the Yoast SEO plugin v24.0 - https:\/\/yoast.com\/wordpress\/plugins\/seo\/ -->\n<title>Spectacle sur le Kehrweg: The As Eupen bat le SK Lommel 3: 2 - Premi\u00e8re victoire depuis le 22 novembre 2024 | Vie Associative<\/title>\n<meta name=\"robots\" content=\"index, follow, max-snippet:-1, max-image-preview:large, max-video-preview:-1\" \/>\n<link rel=\"canonical\" href=\"https:\/\/vieassociative.be\/actualites\/spectacle-sur-le-kehrweg-the-as-eupen-bat-le-sk-lommel-3-2-premiere-victoire-depuis-le-22-novembre-2024\/\" \/>\n<meta property=\"og:locale\" content=\"fr_FR\" \/>\n<meta property=\"og:type\" content=\"article\" \/>\n<meta property=\"og:title\" content=\"Spectacle sur le Kehrweg: The As Eupen bat le SK Lommel 3: 2 - Premi\u00e8re victoire depuis le 22 novembre 2024 | Vie Associative\" \/>\n<meta property=\"og:description\" content=\"Apr\u00e8s six matchs sans victoire, l&rsquo;As Eupen a finalement gagn\u00e9. Le noir et blanc a battu l&rsquo;\u00e9quipe Lommel 3-2 samedi dans un match spectaculaire. Jan\" \/>\n<meta property=\"og:url\" content=\"https:\/\/vieassociative.be\/actualites\/spectacle-sur-le-kehrweg-the-as-eupen-bat-le-sk-lommel-3-2-premiere-victoire-depuis-le-22-novembre-2024\/\" \/>\n<meta property=\"og:site_name\" content=\"Vie Associative\" \/>\n<meta property=\"article:published_time\" content=\"2025-02-02T02:19:30+00:00\" \/>\n<meta property=\"og:image\" content=\"https:\/\/vieassociative.be\/actualites\/wp-content\/uploads\/2024\/09\/header_backgroundk-01-e1726694325946.png\" \/>\n\t<meta property=\"og:image:width\" content=\"279\" \/>\n\t<meta property=\"og:image:height\" content=\"92\" \/>\n\t<meta property=\"og:image:type\" content=\"image\/png\" \/>\n<meta name=\"author\" content=\"Julien\" \/>\n<meta name=\"twitter:card\" content=\"summary_large_image\" \/>\n<meta name=\"twitter:label1\" content=\"\u00c9crit par\" \/>\n\t<meta name=\"twitter:data1\" content=\"Julien\" \/>\n\t<meta name=\"twitter:label2\" content=\"Dur\u00e9e de lecture est.\" \/>\n\t<meta name=\"twitter:data2\" content=\"4 minutes\" \/>\n<script type=\"application\/ld+json\" class=\"yoast-schema-graph\">{\"@context\":\"https:\/\/schema.org\",\"@graph\":[{\"@type\":\"Article\",\"@id\":\"https:\/\/vieassociative.be\/actualites\/spectacle-sur-le-kehrweg-the-as-eupen-bat-le-sk-lommel-3-2-premiere-victoire-depuis-le-22-novembre-2024\/#article\",\"isPartOf\":{\"@id\":\"https:\/\/vieassociative.be\/actualites\/spectacle-sur-le-kehrweg-the-as-eupen-bat-le-sk-lommel-3-2-premiere-victoire-depuis-le-22-novembre-2024\/\"},\"author\":{\"name\":\"Julien\",\"@id\":\"https:\/\/vieassociative.be\/actualites\/#\/schema\/person\/b87ac4f82f9d4e7b7cec7395b679edc4\"},\"headline\":\"Spectacle sur le Kehrweg: The As Eupen bat le SK Lommel 3: 2 &#8211; Premi\u00e8re victoire depuis le 22 novembre 2024\",\"datePublished\":\"2025-02-02T02:19:30+00:00\",\"dateModified\":\"2025-02-02T02:19:30+00:00\",\"mainEntityOfPage\":{\"@id\":\"https:\/\/vieassociative.be\/actualites\/spectacle-sur-le-kehrweg-the-as-eupen-bat-le-sk-lommel-3-2-premiere-victoire-depuis-le-22-novembre-2024\/\"},\"wordCount\":799,\"publisher\":{\"@id\":\"https:\/\/vieassociative.be\/actualites\/#organization\"},\"image\":{\"@id\":\"https:\/\/vieassociative.be\/actualites\/spectacle-sur-le-kehrweg-the-as-eupen-bat-le-sk-lommel-3-2-premiere-victoire-depuis-le-22-novembre-2024\/#primaryimage\"},\"thumbnailUrl\":\"https:\/\/vieassociative.be\/actualites\/wp-content\/uploads\/2025\/02\/Spectacle-sur-le-Kehrweg-The-As-Eupen-bat-le-SK.jpg\",\"keywords\":[\"bat\",\"depuis\",\"Eupen\",\"Kehrweg\",\"Lommel\",\"novembre\",\"premi\u00e8re\",\"Spectacle\",\"sur\",\"victoire\"],\"articleSection\":[\"Belgique\"],\"inLanguage\":\"fr-BE\"},{\"@type\":\"WebPage\",\"@id\":\"https:\/\/vieassociative.be\/actualites\/spectacle-sur-le-kehrweg-the-as-eupen-bat-le-sk-lommel-3-2-premiere-victoire-depuis-le-22-novembre-2024\/\",\"url\":\"https:\/\/vieassociative.be\/actualites\/spectacle-sur-le-kehrweg-the-as-eupen-bat-le-sk-lommel-3-2-premiere-victoire-depuis-le-22-novembre-2024\/\",\"name\":\"Spectacle sur le Kehrweg: The As Eupen bat le SK Lommel 3: 2 - Premi\u00e8re victoire depuis le 22 novembre 2024 | Vie Associative\",\"isPartOf\":{\"@id\":\"https:\/\/vieassociative.be\/actualites\/#website\"},\"primaryImageOfPage\":{\"@id\":\"https:\/\/vieassociative.be\/actualites\/spectacle-sur-le-kehrweg-the-as-eupen-bat-le-sk-lommel-3-2-premiere-victoire-depuis-le-22-novembre-2024\/#primaryimage\"},\"image\":{\"@id\":\"https:\/\/vieassociative.be\/actualites\/spectacle-sur-le-kehrweg-the-as-eupen-bat-le-sk-lommel-3-2-premiere-victoire-depuis-le-22-novembre-2024\/#primaryimage\"},\"thumbnailUrl\":\"https:\/\/vieassociative.be\/actualites\/wp-content\/uploads\/2025\/02\/Spectacle-sur-le-Kehrweg-The-As-Eupen-bat-le-SK.jpg\",\"datePublished\":\"2025-02-02T02:19:30+00:00\",\"dateModified\":\"2025-02-02T02:19:30+00:00\",\"breadcrumb\":{\"@id\":\"https:\/\/vieassociative.be\/actualites\/spectacle-sur-le-kehrweg-the-as-eupen-bat-le-sk-lommel-3-2-premiere-victoire-depuis-le-22-novembre-2024\/#breadcrumb\"},\"inLanguage\":\"fr-BE\",\"potentialAction\":[{\"@type\":\"ReadAction\",\"target\":[\"https:\/\/vieassociative.be\/actualites\/spectacle-sur-le-kehrweg-the-as-eupen-bat-le-sk-lommel-3-2-premiere-victoire-depuis-le-22-novembre-2024\/\"]}]},{\"@type\":\"ImageObject\",\"inLanguage\":\"fr-BE\",\"@id\":\"https:\/\/vieassociative.be\/actualites\/spectacle-sur-le-kehrweg-the-as-eupen-bat-le-sk-lommel-3-2-premiere-victoire-depuis-le-22-novembre-2024\/#primaryimage\",\"url\":\"https:\/\/vieassociative.be\/actualites\/wp-content\/uploads\/2025\/02\/Spectacle-sur-le-Kehrweg-The-As-Eupen-bat-le-SK.jpg\",\"contentUrl\":\"https:\/\/vieassociative.be\/actualites\/wp-content\/uploads\/2025\/02\/Spectacle-sur-le-Kehrweg-The-As-Eupen-bat-le-SK.jpg\",\"width\":1200,\"height\":800,\"caption\":\"Spectacle sur le Kehrweg: The As Eupen bat le SK Lommel 3: 2 - Premi\u00e8re victoire depuis le 22 novembre 2024\"},{\"@type\":\"BreadcrumbList\",\"@id\":\"https:\/\/vieassociative.be\/actualites\/spectacle-sur-le-kehrweg-the-as-eupen-bat-le-sk-lommel-3-2-premiere-victoire-depuis-le-22-novembre-2024\/#breadcrumb\",\"itemListElement\":[{\"@type\":\"ListItem\",\"position\":1,\"name\":\"Accueil\",\"item\":\"https:\/\/vieassociative.be\/actualites\/\"},{\"@type\":\"ListItem\",\"position\":2,\"name\":\"Spectacle sur le Kehrweg: The As Eupen bat le SK Lommel 3: 2 &#8211; Premi\u00e8re victoire depuis le 22 novembre 2024\"}]},{\"@type\":\"WebSite\",\"@id\":\"https:\/\/vieassociative.be\/actualites\/#website\",\"url\":\"https:\/\/vieassociative.be\/actualites\/\",\"name\":\"Vie Associative\",\"description\":\"\",\"publisher\":{\"@id\":\"https:\/\/vieassociative.be\/actualites\/#organization\"},\"potentialAction\":[{\"@type\":\"SearchAction\",\"target\":{\"@type\":\"EntryPoint\",\"urlTemplate\":\"https:\/\/vieassociative.be\/actualites\/?s={search_term_string}\"},\"query-input\":{\"@type\":\"PropertyValueSpecification\",\"valueRequired\":true,\"valueName\":\"search_term_string\"}}],\"inLanguage\":\"fr-BE\"},{\"@type\":\"Organization\",\"@id\":\"https:\/\/vieassociative.be\/actualites\/#organization\",\"name\":\"Vie Associative\",\"url\":\"https:\/\/vieassociative.be\/actualites\/\",\"logo\":{\"@type\":\"ImageObject\",\"inLanguage\":\"fr-BE\",\"@id\":\"https:\/\/vieassociative.be\/actualites\/#\/schema\/logo\/image\/\",\"url\":\"https:\/\/vieassociative.be\/actualites\/wp-content\/uploads\/2024\/09\/cropped-vieassociative_favicon.ico.png\",\"contentUrl\":\"https:\/\/vieassociative.be\/actualites\/wp-content\/uploads\/2024\/09\/cropped-vieassociative_favicon.ico.png\",\"width\":512,\"height\":512,\"caption\":\"Vie Associative\"},\"image\":{\"@id\":\"https:\/\/vieassociative.be\/actualites\/#\/schema\/logo\/image\/\"}},{\"@type\":\"Person\",\"@id\":\"https:\/\/vieassociative.be\/actualites\/#\/schema\/person\/b87ac4f82f9d4e7b7cec7395b679edc4\",\"name\":\"Julien\",\"image\":{\"@type\":\"ImageObject\",\"inLanguage\":\"fr-BE\",\"@id\":\"https:\/\/vieassociative.be\/actualites\/#\/schema\/person\/image\/\",\"url\":\"https:\/\/vieassociative.be\/actualites\/wp-content\/uploads\/2024\/09\/vie-associative-1-150x150.jpg\",\"contentUrl\":\"https:\/\/vieassociative.be\/actualites\/wp-content\/uploads\/2024\/09\/vie-associative-1-150x150.jpg\",\"caption\":\"Julien\"},\"description\":\"Je suis Julien, r\u00e9dacteur pour Vie Associative. Passionn\u00e9 par le monde associatif depuis plus de 10 ans, j'ai \u00e0 c\u0153ur de partager des histoires inspirantes et de mettre en lumi\u00e8re les initiatives locales. Mon objectif est de sensibiliser et d'encourager l'engagement communautaire \u00e0 travers mes articles.\",\"sameAs\":[\"https:\/\/vieassociative.be\/\"]}]}<\/script>\n<!-- \/ Yoast SEO plugin. -->","yoast_head_json":{"title":"Spectacle sur le Kehrweg: The As Eupen bat le SK Lommel 3: 2 - Premi\u00e8re victoire depuis le 22 novembre 2024 | Vie Associative","robots":{"index":"index","follow":"follow","max-snippet":"max-snippet:-1","max-image-preview":"max-image-preview:large","max-video-preview":"max-video-preview:-1"},"canonical":"https:\/\/vieassociative.be\/actualites\/spectacle-sur-le-kehrweg-the-as-eupen-bat-le-sk-lommel-3-2-premiere-victoire-depuis-le-22-novembre-2024\/","og_locale":"fr_FR","og_type":"article","og_title":"Spectacle sur le Kehrweg: The As Eupen bat le SK Lommel 3: 2 - Premi\u00e8re victoire depuis le 22 novembre 2024 | Vie Associative","og_description":"Apr\u00e8s six matchs sans victoire, l&rsquo;As Eupen a finalement gagn\u00e9. Le noir et blanc a battu l&rsquo;\u00e9quipe Lommel 3-2 samedi dans un match spectaculaire. Jan","og_url":"https:\/\/vieassociative.be\/actualites\/spectacle-sur-le-kehrweg-the-as-eupen-bat-le-sk-lommel-3-2-premiere-victoire-depuis-le-22-novembre-2024\/","og_site_name":"Vie Associative","article_published_time":"2025-02-02T02:19:30+00:00","og_image":[{"width":279,"height":92,"url":"https:\/\/vieassociative.be\/actualites\/wp-content\/uploads\/2024\/09\/header_backgroundk-01-e1726694325946.png","type":"image\/png"}],"author":"Julien","twitter_card":"summary_large_image","twitter_misc":{"\u00c9crit par":"Julien","Dur\u00e9e de lecture est.":"4 minutes"},"schema":{"@context":"https:\/\/schema.org","@graph":[{"@type":"Article","@id":"https:\/\/vieassociative.be\/actualites\/spectacle-sur-le-kehrweg-the-as-eupen-bat-le-sk-lommel-3-2-premiere-victoire-depuis-le-22-novembre-2024\/#article","isPartOf":{"@id":"https:\/\/vieassociative.be\/actualites\/spectacle-sur-le-kehrweg-the-as-eupen-bat-le-sk-lommel-3-2-premiere-victoire-depuis-le-22-novembre-2024\/"},"author":{"name":"Julien","@id":"https:\/\/vieassociative.be\/actualites\/#\/schema\/person\/b87ac4f82f9d4e7b7cec7395b679edc4"},"headline":"Spectacle sur le Kehrweg: The As Eupen bat le SK Lommel 3: 2 &#8211; Premi\u00e8re victoire depuis le 22 novembre 2024","datePublished":"2025-02-02T02:19:30+00:00","dateModified":"2025-02-02T02:19:30+00:00","mainEntityOfPage":{"@id":"https:\/\/vieassociative.be\/actualites\/spectacle-sur-le-kehrweg-the-as-eupen-bat-le-sk-lommel-3-2-premiere-victoire-depuis-le-22-novembre-2024\/"},"wordCount":799,"publisher":{"@id":"https:\/\/vieassociative.be\/actualites\/#organization"},"image":{"@id":"https:\/\/vieassociative.be\/actualites\/spectacle-sur-le-kehrweg-the-as-eupen-bat-le-sk-lommel-3-2-premiere-victoire-depuis-le-22-novembre-2024\/#primaryimage"},"thumbnailUrl":"https:\/\/vieassociative.be\/actualites\/wp-content\/uploads\/2025\/02\/Spectacle-sur-le-Kehrweg-The-As-Eupen-bat-le-SK.jpg","keywords":["bat","depuis","Eupen","Kehrweg","Lommel","novembre","premi\u00e8re","Spectacle","sur","victoire"],"articleSection":["Belgique"],"inLanguage":"fr-BE"},{"@type":"WebPage","@id":"https:\/\/vieassociative.be\/actualites\/spectacle-sur-le-kehrweg-the-as-eupen-bat-le-sk-lommel-3-2-premiere-victoire-depuis-le-22-novembre-2024\/","url":"https:\/\/vieassociative.be\/actualites\/spectacle-sur-le-kehrweg-the-as-eupen-bat-le-sk-lommel-3-2-premiere-victoire-depuis-le-22-novembre-2024\/","name":"Spectacle sur le Kehrweg: The As Eupen bat le SK Lommel 3: 2 - Premi\u00e8re victoire depuis le 22 novembre 2024 | Vie Associative","isPartOf":{"@id":"https:\/\/vieassociative.be\/actualites\/#website"},"primaryImageOfPage":{"@id":"https:\/\/vieassociative.be\/actualites\/spectacle-sur-le-kehrweg-the-as-eupen-bat-le-sk-lommel-3-2-premiere-victoire-depuis-le-22-novembre-2024\/#primaryimage"},"image":{"@id":"https:\/\/vieassociative.be\/actualites\/spectacle-sur-le-kehrweg-the-as-eupen-bat-le-sk-lommel-3-2-premiere-victoire-depuis-le-22-novembre-2024\/#primaryimage"},"thumbnailUrl":"https:\/\/vieassociative.be\/actualites\/wp-content\/uploads\/2025\/02\/Spectacle-sur-le-Kehrweg-The-As-Eupen-bat-le-SK.jpg","datePublished":"2025-02-02T02:19:30+00:00","dateModified":"2025-02-02T02:19:30+00:00","breadcrumb":{"@id":"https:\/\/vieassociative.be\/actualites\/spectacle-sur-le-kehrweg-the-as-eupen-bat-le-sk-lommel-3-2-premiere-victoire-depuis-le-22-novembre-2024\/#breadcrumb"},"inLanguage":"fr-BE","potentialAction":[{"@type":"ReadAction","target":["https:\/\/vieassociative.be\/actualites\/spectacle-sur-le-kehrweg-the-as-eupen-bat-le-sk-lommel-3-2-premiere-victoire-depuis-le-22-novembre-2024\/"]}]},{"@type":"ImageObject","inLanguage":"fr-BE","@id":"https:\/\/vieassociative.be\/actualites\/spectacle-sur-le-kehrweg-the-as-eupen-bat-le-sk-lommel-3-2-premiere-victoire-depuis-le-22-novembre-2024\/#primaryimage","url":"https:\/\/vieassociative.be\/actualites\/wp-content\/uploads\/2025\/02\/Spectacle-sur-le-Kehrweg-The-As-Eupen-bat-le-SK.jpg","contentUrl":"https:\/\/vieassociative.be\/actualites\/wp-content\/uploads\/2025\/02\/Spectacle-sur-le-Kehrweg-The-As-Eupen-bat-le-SK.jpg","width":1200,"height":800,"caption":"Spectacle sur le Kehrweg: The As Eupen bat le SK Lommel 3: 2 - Premi\u00e8re victoire depuis le 22 novembre 2024"},{"@type":"BreadcrumbList","@id":"https:\/\/vieassociative.be\/actualites\/spectacle-sur-le-kehrweg-the-as-eupen-bat-le-sk-lommel-3-2-premiere-victoire-depuis-le-22-novembre-2024\/#breadcrumb","itemListElement":[{"@type":"ListItem","position":1,"name":"Accueil","item":"https:\/\/vieassociative.be\/actualites\/"},{"@type":"ListItem","position":2,"name":"Spectacle sur le Kehrweg: The As Eupen bat le SK Lommel 3: 2 &#8211; Premi\u00e8re victoire depuis le 22 novembre 2024"}]},{"@type":"WebSite","@id":"https:\/\/vieassociative.be\/actualites\/#website","url":"https:\/\/vieassociative.be\/actualites\/","name":"Vie Associative","description":"","publisher":{"@id":"https:\/\/vieassociative.be\/actualites\/#organization"},"potentialAction":[{"@type":"SearchAction","target":{"@type":"EntryPoint","urlTemplate":"https:\/\/vieassociative.be\/actualites\/?s={search_term_string}"},"query-input":{"@type":"PropertyValueSpecification","valueRequired":true,"valueName":"search_term_string"}}],"inLanguage":"fr-BE"},{"@type":"Organization","@id":"https:\/\/vieassociative.be\/actualites\/#organization","name":"Vie Associative","url":"https:\/\/vieassociative.be\/actualites\/","logo":{"@type":"ImageObject","inLanguage":"fr-BE","@id":"https:\/\/vieassociative.be\/actualites\/#\/schema\/logo\/image\/","url":"https:\/\/vieassociative.be\/actualites\/wp-content\/uploads\/2024\/09\/cropped-vieassociative_favicon.ico.png","contentUrl":"https:\/\/vieassociative.be\/actualites\/wp-content\/uploads\/2024\/09\/cropped-vieassociative_favicon.ico.png","width":512,"height":512,"caption":"Vie Associative"},"image":{"@id":"https:\/\/vieassociative.be\/actualites\/#\/schema\/logo\/image\/"}},{"@type":"Person","@id":"https:\/\/vieassociative.be\/actualites\/#\/schema\/person\/b87ac4f82f9d4e7b7cec7395b679edc4","name":"Julien","image":{"@type":"ImageObject","inLanguage":"fr-BE","@id":"https:\/\/vieassociative.be\/actualites\/#\/schema\/person\/image\/","url":"https:\/\/vieassociative.be\/actualites\/wp-content\/uploads\/2024\/09\/vie-associative-1-150x150.jpg","contentUrl":"https:\/\/vieassociative.be\/actualites\/wp-content\/uploads\/2024\/09\/vie-associative-1-150x150.jpg","caption":"Julien"},"description":"Je suis Julien, r\u00e9dacteur pour Vie Associative. Passionn\u00e9 par le monde associatif depuis plus de 10 ans, j'ai \u00e0 c\u0153ur de partager des histoires inspirantes et de mettre en lumi\u00e8re les initiatives locales. Mon objectif est de sensibiliser et d'encourager l'engagement communautaire \u00e0 travers mes articles.","sameAs":["https:\/\/vieassociative.be\/"]}]}},"_links":{"self":[{"href":"https:\/\/vieassociative.be\/actualites\/wp-json\/wp\/v2\/posts\/4778"}],"collection":[{"href":"https:\/\/vieassociative.be\/actualites\/wp-json\/wp\/v2\/posts"}],"about":[{"href":"https:\/\/vieassociative.be\/actualites\/wp-json\/wp\/v2\/types\/post"}],"author":[{"embeddable":true,"href":"https:\/\/vieassociative.be\/actualites\/wp-json\/wp\/v2\/users\/1"}],"replies":[{"embeddable":true,"href":"https:\/\/vieassociative.be\/actualites\/wp-json\/wp\/v2\/comments?post=4778"}],"version-history":[{"count":0,"href":"https:\/\/vieassociative.be\/actualites\/wp-json\/wp\/v2\/posts\/4778\/revisions"}],"wp:featuredmedia":[{"embeddable":true,"href":"https:\/\/vieassociative.be\/actualites\/wp-json\/wp\/v2\/media\/4779"}],"wp:attachment":[{"href":"https:\/\/vieassociative.be\/actualites\/wp-json\/wp\/v2\/media?parent=4778"}],"wp:term":[{"taxonomy":"category","embeddable":true,"href":"https:\/\/vieassociative.be\/actualites\/wp-json\/wp\/v2\/categories?post=4778"},{"taxonomy":"post_tag","embeddable":true,"href":"https:\/\/vieassociative.be\/actualites\/wp-json\/wp\/v2\/tags?post=4778"}],"curies":[{"name":"wp","href":"https:\/\/api.w.org\/{rel}","templated":true}]}}