{"id":4774,"date":"2025-02-01T21:17:27","date_gmt":"2025-02-01T20:17:27","guid":{"rendered":"https:\/\/vieassociative.be\/actualites\/lago-eupen-wetzlarbad-lattente-a-une-fin-photos-de-louverture-officielle-galerie-de-photos\/"},"modified":"2025-02-01T21:17:27","modified_gmt":"2025-02-01T20:17:27","slug":"lago-eupen-wetzlarbad-lattente-a-une-fin-photos-de-louverture-officielle-galerie-de-photos","status":"publish","type":"post","link":"https:\/\/vieassociative.be\/actualites\/lago-eupen-wetzlarbad-lattente-a-une-fin-photos-de-louverture-officielle-galerie-de-photos\/","title":{"rendered":"Lago Eupen Wetzlarbad: L&rsquo;attente a une fin &#8211; Photos de l&rsquo;ouverture officielle (galerie de photos)"},"content":{"rendered":"<p><strong>Le nouveau Lago Eupen Wetzlarbad a recommenc\u00e9 depuis samedi matin. Quoi en attendant, on appelle une \u00ab\u00a0histoire sans fin\u00a0\u00bb a pris fin. Vous pouvez nager \u00e0 nouveau dans le district de H\u00fctte.<\/strong><\/p>\n<p><span id=\"more-407238\"><\/span>Lors de l&rsquo;ouverture officielle, le directeur du centre Bertrand Thiefry a accueilli le nouveau coll\u00e8gue communautaire d&rsquo;Eupen avec le maire Thomas Lennertz (CSP), tout comme l&rsquo;ancienne chef du sport Alexandra Barth-Vandenhirtz (SP).<\/p>\n<p>Le nouveau prince du carnaval d&rsquo;Eupen Samuel I (Deneffe) \u00e9tait \u00e9galement pr\u00e9sent avec ses deux pages. Marliese Falter, 80 ans, et Florian Dahlen, 12 ans, ont \u00e9galement d\u00fb tester l&rsquo;honneur de la nouvelle salle de bain.<\/p>\n<div id=\"attachment_407254\" class=\"wp-caption alignleft\" style=\"max-width: 300px\"><img fetchpriority=\"high\" decoding=\"async\" class=\"wp-image-407254 size-medium\" src=\"https:\/\/vieassociative.be\/actualites\/wp-content\/uploads\/2025\/02\/Lago-Eupen-Wetzlarbad-Lattente-a-une-fin-Photos-de.jpg\" alt=\"\" width=\"300\" height=\"199\"  ><\/p>\n<p class=\"wp-caption-text\">Florian Dahlen, 12 ans, a \u00e9t\u00e9 l&rsquo;un des premiers amis de la natation \u00e0 tester \u00e0 quoi ressemble l&rsquo;eau. Photo: Helmut Koch<\/p>\n<\/div>\n<p>Par rapport \u00e0 2021, lorsque le complexe de natation a d\u00fb se fermer \u00e0 mi-juillet apr\u00e8s la catastrophe des inondations d\u00e9vastatrices, il y a quelques changements. \u00ab\u00a0En plus des \u00e9normes efforts de nettoyage, de nombreuses petites et grandes am\u00e9liorations ont \u00e9t\u00e9 apport\u00e9es imm\u00e9diatement apr\u00e8s la catastrophe\u00a0\u00bb, souligne le directeur du centre Thieffry. L&rsquo;infrastructure est plus moderne, respectueuse de l&rsquo;environnement et plus r\u00e9sistant. Diff\u00e9rentes mesures ont \u00e9galement \u00e9t\u00e9 fournies pour \u00e9viter les dommages futurs caus\u00e9s par les inondations.<\/p>\n<p>Les prix d&rsquo;admission, r\u00e9cemment approuv\u00e9s par le conseil municipal d&rsquo;Eupen, ont \u00e9galement augment\u00e9. Les prix peuvent \u00eatre trouv\u00e9s en d\u00e9tail <u>https:\/\/www.lago.be\/eupen\/tarieven<\/u><\/p>\n<p><em><strong>Vous trouverez ci-dessous une galerie de photos avec des photos du photographe OD Helmut Koch et Patrick von Staufenberg pr\u00e9sentes lors de la r\u00e9ouverture du Lago Eupen Wetzlarbad samedi. Cliquez sur l&rsquo;image pour agrandir:<\/strong><\/em><\/p>\n<div class=\"wp-gallery row\">\n<figure class=\"column small-6 medium-3 end\"><img decoding=\"async\" src=\"https:\/\/vieassociative.be\/actualites\/wp-content\/uploads\/2025\/02\/1738441045_777_Lago-Eupen-Wetzlarbad-Lattente-a-une-fin-Photos-de.jpg\" width=\"159\" height=\"159\" alt=\"\"><\/figure>\n<figure class=\"column small-6 medium-3 end\"><img decoding=\"async\" src=\"https:\/\/vieassociative.be\/actualites\/wp-content\/uploads\/2025\/02\/1738441045_438_Lago-Eupen-Wetzlarbad-Lattente-a-une-fin-Photos-de.jpg\" width=\"159\" height=\"159\" alt=\"\"><\/figure>\n<figure class=\"column small-6 medium-3 end\"><img loading=\"lazy\" decoding=\"async\" src=\"https:\/\/vieassociative.be\/actualites\/wp-content\/uploads\/2025\/02\/1738441045_895_Lago-Eupen-Wetzlarbad-Lattente-a-une-fin-Photos-de.jpg\" width=\"159\" height=\"159\" alt=\"\"><\/figure>\n<figure class=\"column small-6 medium-3 end\"><img loading=\"lazy\" decoding=\"async\" src=\"https:\/\/vieassociative.be\/actualites\/wp-content\/uploads\/2025\/02\/1738441045_485_Lago-Eupen-Wetzlarbad-Lattente-a-une-fin-Photos-de.jpg\" width=\"159\" height=\"159\" alt=\"\"><\/figure>\n<figure class=\"column small-6 medium-3 end\"><img loading=\"lazy\" decoding=\"async\" src=\"https:\/\/vieassociative.be\/actualites\/wp-content\/uploads\/2025\/02\/1738441045_439_Lago-Eupen-Wetzlarbad-Lattente-a-une-fin-Photos-de.jpg\" width=\"159\" height=\"159\" alt=\"\"><\/figure>\n<figure class=\"column small-6 medium-3 end\"><img loading=\"lazy\" decoding=\"async\" src=\"https:\/\/vieassociative.be\/actualites\/wp-content\/uploads\/2025\/02\/1738441045_807_Lago-Eupen-Wetzlarbad-Lattente-a-une-fin-Photos-de.jpg\" width=\"159\" height=\"159\" alt=\"\"><\/figure>\n<figure class=\"column small-6 medium-3 end\"><img loading=\"lazy\" decoding=\"async\" src=\"https:\/\/vieassociative.be\/actualites\/wp-content\/uploads\/2025\/02\/1738441045_165_Lago-Eupen-Wetzlarbad-Lattente-a-une-fin-Photos-de.jpg\" width=\"159\" height=\"159\" alt=\"\"><\/figure>\n<figure class=\"column small-6 medium-3 end\"><img loading=\"lazy\" decoding=\"async\" src=\"https:\/\/vieassociative.be\/actualites\/wp-content\/uploads\/2025\/02\/1738441045_534_Lago-Eupen-Wetzlarbad-Lattente-a-une-fin-Photos-de.jpg\" width=\"159\" height=\"159\" alt=\"\"><\/figure>\n<figure class=\"column small-6 medium-3 end\"><img loading=\"lazy\" decoding=\"async\" src=\"https:\/\/vieassociative.be\/actualites\/wp-content\/uploads\/2025\/02\/1738441045_523_Lago-Eupen-Wetzlarbad-Lattente-a-une-fin-Photos-de.jpg\" width=\"159\" height=\"159\" alt=\"\"><\/figure>\n<figure class=\"column small-6 medium-3 end\"><img loading=\"lazy\" decoding=\"async\" src=\"https:\/\/vieassociative.be\/actualites\/wp-content\/uploads\/2025\/02\/1738441046_931_Lago-Eupen-Wetzlarbad-Lattente-a-une-fin-Photos-de.jpg\" width=\"159\" height=\"159\" alt=\"\"><\/figure>\n<figure class=\"column small-6 medium-3 end\"><img loading=\"lazy\" decoding=\"async\" src=\"https:\/\/vieassociative.be\/actualites\/wp-content\/uploads\/2025\/02\/1738441046_926_Lago-Eupen-Wetzlarbad-Lattente-a-une-fin-Photos-de.jpg\" width=\"159\" height=\"159\" alt=\"\"><\/figure>\n<figure class=\"column small-6 medium-3 end\"><img loading=\"lazy\" decoding=\"async\" src=\"https:\/\/vieassociative.be\/actualites\/wp-content\/uploads\/2025\/02\/1738441046_280_Lago-Eupen-Wetzlarbad-Lattente-a-une-fin-Photos-de.jpg\" width=\"159\" height=\"159\" alt=\"\"><\/figure>\n<figure class=\"column small-6 medium-3 end\"><img loading=\"lazy\" decoding=\"async\" src=\"https:\/\/vieassociative.be\/actualites\/wp-content\/uploads\/2025\/02\/1738441046_918_Lago-Eupen-Wetzlarbad-Lattente-a-une-fin-Photos-de.jpg\" width=\"159\" height=\"159\" alt=\"\"><\/figure>\n<figure class=\"column small-6 medium-3 end\"><img loading=\"lazy\" decoding=\"async\" src=\"https:\/\/vieassociative.be\/actualites\/wp-content\/uploads\/2025\/02\/1738441046_425_Lago-Eupen-Wetzlarbad-Lattente-a-une-fin-Photos-de.jpg\" width=\"159\" height=\"159\" alt=\"\"><\/figure>\n<figure class=\"column small-6 medium-3 end\"><img loading=\"lazy\" decoding=\"async\" src=\"https:\/\/vieassociative.be\/actualites\/wp-content\/uploads\/2025\/02\/1738441046_658_Lago-Eupen-Wetzlarbad-Lattente-a-une-fin-Photos-de.jpg\" width=\"159\" height=\"159\" alt=\"\"><\/figure>\n<figure class=\"column small-6 medium-3 end\"><img loading=\"lazy\" decoding=\"async\" src=\"https:\/\/vieassociative.be\/actualites\/wp-content\/uploads\/2025\/02\/1738441046_599_Lago-Eupen-Wetzlarbad-Lattente-a-une-fin-Photos-de.jpg\" width=\"159\" height=\"159\" alt=\"\"><\/figure>\n<figure class=\"column small-6 medium-3 end\"><img loading=\"lazy\" decoding=\"async\" src=\"https:\/\/vieassociative.be\/actualites\/wp-content\/uploads\/2025\/02\/1738441046_353_Lago-Eupen-Wetzlarbad-Lattente-a-une-fin-Photos-de.jpg\" width=\"159\" height=\"159\" alt=\"\"><\/figure>\n<figure class=\"column small-6 medium-3 end\"><img loading=\"lazy\" decoding=\"async\" src=\"https:\/\/vieassociative.be\/actualites\/wp-content\/uploads\/2025\/02\/1738441046_819_Lago-Eupen-Wetzlarbad-Lattente-a-une-fin-Photos-de.jpg\" width=\"159\" height=\"159\" alt=\"\"><\/figure>\n<figure class=\"column small-6 medium-3 end\"><img loading=\"lazy\" decoding=\"async\" src=\"https:\/\/vieassociative.be\/actualites\/wp-content\/uploads\/2025\/02\/1738441046_798_Lago-Eupen-Wetzlarbad-Lattente-a-une-fin-Photos-de.jpg\" width=\"159\" height=\"159\" alt=\"\"><\/figure>\n<figure class=\"column small-6 medium-3 end\"><img loading=\"lazy\" decoding=\"async\" src=\"https:\/\/vieassociative.be\/actualites\/wp-content\/uploads\/2025\/02\/1738441046_877_Lago-Eupen-Wetzlarbad-Lattente-a-une-fin-Photos-de.jpg\" width=\"159\" height=\"159\" alt=\"\"><\/figure>\n<figure class=\"column small-6 medium-3 end\"><img loading=\"lazy\" decoding=\"async\" src=\"https:\/\/vieassociative.be\/actualites\/wp-content\/uploads\/2025\/02\/1738441046_899_Lago-Eupen-Wetzlarbad-Lattente-a-une-fin-Photos-de.jpg\" width=\"159\" height=\"159\" alt=\"\"><\/figure>\n<figure class=\"column small-6 medium-3 end\"><img loading=\"lazy\" decoding=\"async\" src=\"https:\/\/vieassociative.be\/actualites\/wp-content\/uploads\/2025\/02\/1738441046_38_Lago-Eupen-Wetzlarbad-Lattente-a-une-fin-Photos-de.jpg\" width=\"159\" height=\"159\" alt=\"\"><\/figure>\n<figure class=\"column small-6 medium-3 end\"><img loading=\"lazy\" decoding=\"async\" src=\"https:\/\/vieassociative.be\/actualites\/wp-content\/uploads\/2025\/02\/1738441046_199_Lago-Eupen-Wetzlarbad-Lattente-a-une-fin-Photos-de.jpg\" width=\"159\" height=\"159\" alt=\"\"><\/figure>\n<figure class=\"column small-6 medium-3 end\"><img loading=\"lazy\" decoding=\"async\" src=\"https:\/\/vieassociative.be\/actualites\/wp-content\/uploads\/2025\/02\/1738441046_559_Lago-Eupen-Wetzlarbad-Lattente-a-une-fin-Photos-de.jpg\" width=\"159\" height=\"159\" alt=\"\"><\/figure>\n<figure class=\"column small-6 medium-3 end\"><img loading=\"lazy\" decoding=\"async\" src=\"https:\/\/vieassociative.be\/actualites\/wp-content\/uploads\/2025\/02\/1738441046_310_Lago-Eupen-Wetzlarbad-Lattente-a-une-fin-Photos-de.jpg\" width=\"159\" height=\"159\" alt=\"\"><\/figure>\n<figure class=\"column small-6 medium-3 end\"><img loading=\"lazy\" decoding=\"async\" src=\"https:\/\/vieassociative.be\/actualites\/wp-content\/uploads\/2025\/02\/1738441046_986_Lago-Eupen-Wetzlarbad-Lattente-a-une-fin-Photos-de.jpg\" width=\"159\" height=\"159\" alt=\"\"><\/figure>\n<figure class=\"column small-6 medium-3 end\"><img loading=\"lazy\" decoding=\"async\" src=\"https:\/\/vieassociative.be\/actualites\/wp-content\/uploads\/2025\/02\/1738441046_979_Lago-Eupen-Wetzlarbad-Lattente-a-une-fin-Photos-de.jpg\" width=\"159\" height=\"159\" alt=\"\"><\/figure>\n<figure class=\"column small-6 medium-3 end\"><img loading=\"lazy\" decoding=\"async\" src=\"https:\/\/vieassociative.be\/actualites\/wp-content\/uploads\/2025\/02\/1738441046_228_Lago-Eupen-Wetzlarbad-Lattente-a-une-fin-Photos-de.jpg\" width=\"159\" height=\"159\" alt=\"\"><\/figure>\n<figure class=\"column small-6 medium-3 end\"><img loading=\"lazy\" decoding=\"async\" src=\"https:\/\/vieassociative.be\/actualites\/wp-content\/uploads\/2025\/02\/1738441046_15_Lago-Eupen-Wetzlarbad-Lattente-a-une-fin-Photos-de.jpg\" width=\"159\" height=\"159\" alt=\"\"><\/figure>\n<figure class=\"column small-6 medium-3 end\"><img loading=\"lazy\" decoding=\"async\" src=\"https:\/\/vieassociative.be\/actualites\/wp-content\/uploads\/2025\/02\/1738441046_76_Lago-Eupen-Wetzlarbad-Lattente-a-une-fin-Photos-de.jpg\" width=\"159\" height=\"159\" alt=\"\"><\/figure>\n<figure class=\"column small-6 medium-3 end\"><img loading=\"lazy\" decoding=\"async\" src=\"https:\/\/vieassociative.be\/actualites\/wp-content\/uploads\/2025\/02\/1738441046_800_Lago-Eupen-Wetzlarbad-Lattente-a-une-fin-Photos-de.jpg\" width=\"159\" height=\"159\" alt=\"\"><\/figure>\n<figure class=\"column small-6 medium-3 end\"><img loading=\"lazy\" decoding=\"async\" src=\"https:\/\/vieassociative.be\/actualites\/wp-content\/uploads\/2025\/02\/1738441046_240_Lago-Eupen-Wetzlarbad-Lattente-a-une-fin-Photos-de.jpg\" width=\"159\" height=\"159\" alt=\"\"><\/figure>\n<figure class=\"column small-6 medium-3 end\"><img loading=\"lazy\" decoding=\"async\" src=\"https:\/\/vieassociative.be\/actualites\/wp-content\/uploads\/2025\/02\/1738441046_201_Lago-Eupen-Wetzlarbad-Lattente-a-une-fin-Photos-de.jpg\" width=\"159\" height=\"159\" alt=\"\"><\/figure>\n<figure class=\"column small-6 medium-3 end\"><img loading=\"lazy\" decoding=\"async\" src=\"https:\/\/vieassociative.be\/actualites\/wp-content\/uploads\/2025\/02\/1738441046_119_Lago-Eupen-Wetzlarbad-Lattente-a-une-fin-Photos-de.jpg\" width=\"159\" height=\"159\" alt=\"\"><\/figure>\n<figure class=\"column small-6 medium-3 end\"><img loading=\"lazy\" decoding=\"async\" src=\"https:\/\/vieassociative.be\/actualites\/wp-content\/uploads\/2025\/02\/1738441046_710_Lago-Eupen-Wetzlarbad-Lattente-a-une-fin-Photos-de.jpg\" width=\"159\" height=\"159\" alt=\"\"><\/figure>\n<figure class=\"column small-6 medium-3 end\"><img loading=\"lazy\" decoding=\"async\" src=\"https:\/\/vieassociative.be\/actualites\/wp-content\/uploads\/2025\/02\/1738441046_342_Lago-Eupen-Wetzlarbad-Lattente-a-une-fin-Photos-de.jpg\" width=\"159\" height=\"159\" alt=\"\"><\/figure>\n<figure class=\"column small-6 medium-3 end\"><img loading=\"lazy\" decoding=\"async\" src=\"https:\/\/vieassociative.be\/actualites\/wp-content\/uploads\/2025\/02\/1738441046_34_Lago-Eupen-Wetzlarbad-Lattente-a-une-fin-Photos-de.jpg\" width=\"159\" height=\"159\" alt=\"\"><\/figure>\n<figure class=\"column small-6 medium-3 end\"><img loading=\"lazy\" decoding=\"async\" src=\"https:\/\/vieassociative.be\/actualites\/wp-content\/uploads\/2025\/02\/1738441046_628_Lago-Eupen-Wetzlarbad-Lattente-a-une-fin-Photos-de.jpg\" width=\"159\" height=\"159\" alt=\"\"><\/figure>\n<figure class=\"column small-6 medium-3 end\"><img loading=\"lazy\" decoding=\"async\" src=\"https:\/\/vieassociative.be\/actualites\/wp-content\/uploads\/2025\/02\/1738441046_102_Lago-Eupen-Wetzlarbad-Lattente-a-une-fin-Photos-de.jpg\" width=\"159\" height=\"159\" alt=\"\"><\/figure>\n<figure class=\"column small-6 medium-3 end\"><img loading=\"lazy\" decoding=\"async\" src=\"https:\/\/vieassociative.be\/actualites\/wp-content\/uploads\/2025\/02\/1738441046_995_Lago-Eupen-Wetzlarbad-Lattente-a-une-fin-Photos-de.jpg\" width=\"159\" height=\"159\" alt=\"\"><\/figure>\n<figure class=\"column small-6 medium-3 end\"><img loading=\"lazy\" decoding=\"async\" src=\"https:\/\/vieassociative.be\/actualites\/wp-content\/uploads\/2025\/02\/1738441046_838_Lago-Eupen-Wetzlarbad-Lattente-a-une-fin-Photos-de.jpg\" width=\"159\" height=\"159\" alt=\"\"><\/figure>\n<figure class=\"column small-6 medium-3 end\"><img loading=\"lazy\" decoding=\"async\" src=\"https:\/\/vieassociative.be\/actualites\/wp-content\/uploads\/2025\/02\/1738441046_52_Lago-Eupen-Wetzlarbad-Lattente-a-une-fin-Photos-de.jpg\" width=\"159\" height=\"159\" alt=\"\"><\/figure>\n<figure class=\"column small-6 medium-3 end\"><img loading=\"lazy\" decoding=\"async\" src=\"https:\/\/vieassociative.be\/actualites\/wp-content\/uploads\/2025\/02\/1738441046_934_Lago-Eupen-Wetzlarbad-Lattente-a-une-fin-Photos-de.jpg\" width=\"159\" height=\"159\" alt=\"\"><\/figure>\n<figure class=\"column small-6 medium-3 end\"><img loading=\"lazy\" decoding=\"async\" src=\"https:\/\/vieassociative.be\/actualites\/wp-content\/uploads\/2025\/02\/1738441046_793_Lago-Eupen-Wetzlarbad-Lattente-a-une-fin-Photos-de.jpg\" width=\"159\" height=\"159\" alt=\"\"><\/figure>\n<figure class=\"column small-6 medium-3 end\"><img loading=\"lazy\" decoding=\"async\" src=\"https:\/\/vieassociative.be\/actualites\/wp-content\/uploads\/2025\/02\/1738441046_60_Lago-Eupen-Wetzlarbad-Lattente-a-une-fin-Photos-de.jpg\" width=\"159\" height=\"159\" alt=\"\"><\/figure>\n<figure class=\"column small-6 medium-3 end\"><img loading=\"lazy\" decoding=\"async\" src=\"https:\/\/vieassociative.be\/actualites\/wp-content\/uploads\/2025\/02\/1738441046_848_Lago-Eupen-Wetzlarbad-Lattente-a-une-fin-Photos-de.jpg\" width=\"159\" height=\"159\" alt=\"\"><\/figure>\n<figure class=\"column small-6 medium-3 end\"><img loading=\"lazy\" decoding=\"async\" src=\"https:\/\/vieassociative.be\/actualites\/wp-content\/uploads\/2025\/02\/1738441047_950_Lago-Eupen-Wetzlarbad-Lattente-a-une-fin-Photos-de.jpg\" width=\"159\" height=\"159\" alt=\"\"><\/figure>\n<figure class=\"column small-6 medium-3 end\"><img loading=\"lazy\" decoding=\"async\" src=\"https:\/\/vieassociative.be\/actualites\/wp-content\/uploads\/2025\/02\/1738441047_781_Lago-Eupen-Wetzlarbad-Lattente-a-une-fin-Photos-de.jpg\" width=\"159\" height=\"159\" alt=\"\"><\/figure>\n<figure class=\"column small-6 medium-3 end\"><img loading=\"lazy\" decoding=\"async\" src=\"https:\/\/vieassociative.be\/actualites\/wp-content\/uploads\/2025\/02\/1738441047_135_Lago-Eupen-Wetzlarbad-Lattente-a-une-fin-Photos-de.jpg\" width=\"159\" height=\"159\" alt=\"\"><\/figure>\n<figure class=\"column small-6 medium-3 end\"><img loading=\"lazy\" decoding=\"async\" src=\"https:\/\/vieassociative.be\/actualites\/wp-content\/uploads\/2025\/02\/1738441047_385_Lago-Eupen-Wetzlarbad-Lattente-a-une-fin-Photos-de.jpg\" width=\"159\" height=\"159\" alt=\"\"><\/figure>\n<figure class=\"column small-6 medium-3 end\"><img loading=\"lazy\" decoding=\"async\" src=\"https:\/\/vieassociative.be\/actualites\/wp-content\/uploads\/2025\/02\/1738441047_322_Lago-Eupen-Wetzlarbad-Lattente-a-une-fin-Photos-de.jpg\" width=\"159\" height=\"159\" alt=\"\"><\/figure>\n<figure class=\"column small-6 medium-3 end\"><img loading=\"lazy\" decoding=\"async\" src=\"https:\/\/vieassociative.be\/actualites\/wp-content\/uploads\/2025\/02\/1738441047_294_Lago-Eupen-Wetzlarbad-Lattente-a-une-fin-Photos-de.jpg\" width=\"159\" height=\"159\" alt=\"\"><\/figure>\n<figure class=\"column small-6 medium-3 end\"><img loading=\"lazy\" decoding=\"async\" src=\"https:\/\/vieassociative.be\/actualites\/wp-content\/uploads\/2025\/02\/1738441047_11_Lago-Eupen-Wetzlarbad-Lattente-a-une-fin-Photos-de.jpg\" width=\"159\" height=\"159\" alt=\"\"><\/figure>\n<figure class=\"column small-6 medium-3 end\"><img loading=\"lazy\" decoding=\"async\" src=\"https:\/\/vieassociative.be\/actualites\/wp-content\/uploads\/2025\/02\/1738441047_10_Lago-Eupen-Wetzlarbad-Lattente-a-une-fin-Photos-de.jpg\" width=\"159\" height=\"159\" alt=\"\"><\/figure>\n<figure class=\"column small-6 medium-3 end\"><img loading=\"lazy\" decoding=\"async\" src=\"https:\/\/vieassociative.be\/actualites\/wp-content\/uploads\/2025\/02\/1738441047_886_Lago-Eupen-Wetzlarbad-Lattente-a-une-fin-Photos-de.jpg\" width=\"159\" height=\"159\" alt=\"\"><\/figure>\n<figure class=\"column small-6 medium-3 end\"><img loading=\"lazy\" decoding=\"async\" src=\"https:\/\/vieassociative.be\/actualites\/wp-content\/uploads\/2025\/02\/1738441047_498_Lago-Eupen-Wetzlarbad-Lattente-a-une-fin-Photos-de.jpg\" width=\"159\" height=\"159\" alt=\"\"><\/figure>\n<figure class=\"column small-6 medium-3 end\"><img loading=\"lazy\" decoding=\"async\" src=\"https:\/\/vieassociative.be\/actualites\/wp-content\/uploads\/2025\/02\/1738441047_542_Lago-Eupen-Wetzlarbad-Lattente-a-une-fin-Photos-de.jpg\" width=\"159\" height=\"159\" alt=\"\"><\/figure>\n<figure class=\"column small-6 medium-3 end\"><img loading=\"lazy\" decoding=\"async\" src=\"https:\/\/vieassociative.be\/actualites\/wp-content\/uploads\/2025\/02\/1738441047_777_Lago-Eupen-Wetzlarbad-Lattente-a-une-fin-Photos-de.jpg\" width=\"159\" height=\"159\" alt=\"\"><\/figure>\n<figure class=\"column small-6 medium-3 end\"><img loading=\"lazy\" decoding=\"async\" src=\"https:\/\/vieassociative.be\/actualites\/wp-content\/uploads\/2025\/02\/1738441047_961_Lago-Eupen-Wetzlarbad-Lattente-a-une-fin-Photos-de.jpg\" width=\"159\" height=\"159\" alt=\"\"><\/figure>\n<figure class=\"column small-6 medium-3 end\"><img loading=\"lazy\" decoding=\"async\" src=\"https:\/\/vieassociative.be\/actualites\/wp-content\/uploads\/2025\/02\/1738441047_717_Lago-Eupen-Wetzlarbad-Lattente-a-une-fin-Photos-de.jpg\" width=\"159\" height=\"159\" alt=\"\"><\/figure>\n<figure class=\"column small-6 medium-3 end\"><img loading=\"lazy\" decoding=\"async\" src=\"https:\/\/vieassociative.be\/actualites\/wp-content\/uploads\/2025\/02\/1738441047_62_Lago-Eupen-Wetzlarbad-Lattente-a-une-fin-Photos-de.jpg\" width=\"159\" height=\"159\" alt=\"\"><\/figure>\n<figure class=\"column small-6 medium-3 end\"><img loading=\"lazy\" decoding=\"async\" src=\"https:\/\/vieassociative.be\/actualites\/wp-content\/uploads\/2025\/02\/1738441047_923_Lago-Eupen-Wetzlarbad-Lattente-a-une-fin-Photos-de.jpg\" width=\"159\" height=\"159\" alt=\"\"><\/figure>\n<figure class=\"column small-6 medium-3 end\"><img loading=\"lazy\" decoding=\"async\" src=\"https:\/\/vieassociative.be\/actualites\/wp-content\/uploads\/2025\/02\/1738441047_550_Lago-Eupen-Wetzlarbad-Lattente-a-une-fin-Photos-de.jpg\" width=\"159\" height=\"159\" alt=\"\"><\/figure>\n<figure class=\"column small-6 medium-3 end\"><img loading=\"lazy\" decoding=\"async\" src=\"https:\/\/vieassociative.be\/actualites\/wp-content\/uploads\/2025\/02\/1738441047_290_Lago-Eupen-Wetzlarbad-Lattente-a-une-fin-Photos-de.jpg\" width=\"159\" height=\"159\" alt=\"\"><\/figure>\n<\/div>\n","protected":false},"excerpt":{"rendered":"<p>Le nouveau Lago Eupen Wetzlarbad a recommenc\u00e9 depuis samedi matin. Quoi en attendant, on appelle une \u00ab\u00a0histoire sans fin\u00a0\u00bb a pris fin. Vous pouvez nager<\/p>\n","protected":false},"author":1,"featured_media":4775,"comment_status":"","ping_status":"","sticky":false,"template":"","format":"standard","meta":{"footnotes":""},"categories":[298],"tags":[2329,1908,3257,5099,5100,4668,3253,283,110,4722],"class_list":["post-4774","post","type-post","status-publish","format-standard","has-post-thumbnail","hentry","category-belgique","tag-eupen","tag-fin","tag-galerie","tag-lago","tag-lattente","tag-louverture","tag-officielle","tag-photos","tag-une","tag-wetzlarbad","generate-columns","tablet-grid-50","mobile-grid-100","grid-parent","grid-33"],"yoast_head":"<!-- This site is optimized with the Yoast SEO plugin v24.0 - https:\/\/yoast.com\/wordpress\/plugins\/seo\/ -->\n<title>Lago Eupen Wetzlarbad: L&#039;attente a une fin - Photos de l&#039;ouverture officielle (galerie de photos) | Vie Associative<\/title>\n<meta name=\"robots\" content=\"index, follow, max-snippet:-1, max-image-preview:large, max-video-preview:-1\" \/>\n<link rel=\"canonical\" href=\"https:\/\/vieassociative.be\/actualites\/lago-eupen-wetzlarbad-lattente-a-une-fin-photos-de-louverture-officielle-galerie-de-photos\/\" \/>\n<meta property=\"og:locale\" content=\"fr_FR\" \/>\n<meta property=\"og:type\" content=\"article\" \/>\n<meta property=\"og:title\" content=\"Lago Eupen Wetzlarbad: L&#039;attente a une fin - Photos de l&#039;ouverture officielle (galerie de photos) | Vie Associative\" \/>\n<meta property=\"og:description\" content=\"Le nouveau Lago Eupen Wetzlarbad a recommenc\u00e9 depuis samedi matin. Quoi en attendant, on appelle une \u00ab\u00a0histoire sans fin\u00a0\u00bb a pris fin. Vous pouvez nager\" \/>\n<meta property=\"og:url\" content=\"https:\/\/vieassociative.be\/actualites\/lago-eupen-wetzlarbad-lattente-a-une-fin-photos-de-louverture-officielle-galerie-de-photos\/\" \/>\n<meta property=\"og:site_name\" content=\"Vie Associative\" \/>\n<meta property=\"article:published_time\" content=\"2025-02-01T20:17:27+00:00\" \/>\n<meta property=\"og:image\" content=\"https:\/\/vieassociative.be\/actualites\/wp-content\/uploads\/2024\/09\/header_backgroundk-01-e1726694325946.png\" \/>\n\t<meta property=\"og:image:width\" content=\"279\" \/>\n\t<meta property=\"og:image:height\" content=\"92\" \/>\n\t<meta property=\"og:image:type\" content=\"image\/png\" \/>\n<meta name=\"author\" content=\"Julien\" \/>\n<meta name=\"twitter:card\" content=\"summary_large_image\" \/>\n<meta name=\"twitter:label1\" content=\"\u00c9crit par\" \/>\n\t<meta name=\"twitter:data1\" content=\"Julien\" \/>\n\t<meta name=\"twitter:label2\" content=\"Dur\u00e9e de lecture est.\" \/>\n\t<meta name=\"twitter:data2\" content=\"1 minute\" \/>\n<script type=\"application\/ld+json\" class=\"yoast-schema-graph\">{\"@context\":\"https:\/\/schema.org\",\"@graph\":[{\"@type\":\"Article\",\"@id\":\"https:\/\/vieassociative.be\/actualites\/lago-eupen-wetzlarbad-lattente-a-une-fin-photos-de-louverture-officielle-galerie-de-photos\/#article\",\"isPartOf\":{\"@id\":\"https:\/\/vieassociative.be\/actualites\/lago-eupen-wetzlarbad-lattente-a-une-fin-photos-de-louverture-officielle-galerie-de-photos\/\"},\"author\":{\"name\":\"Julien\",\"@id\":\"https:\/\/vieassociative.be\/actualites\/#\/schema\/person\/b87ac4f82f9d4e7b7cec7395b679edc4\"},\"headline\":\"Lago Eupen Wetzlarbad: L&rsquo;attente a une fin &#8211; Photos de l&rsquo;ouverture officielle (galerie de photos)\",\"datePublished\":\"2025-02-01T20:17:27+00:00\",\"dateModified\":\"2025-02-01T20:17:27+00:00\",\"mainEntityOfPage\":{\"@id\":\"https:\/\/vieassociative.be\/actualites\/lago-eupen-wetzlarbad-lattente-a-une-fin-photos-de-louverture-officielle-galerie-de-photos\/\"},\"wordCount\":297,\"publisher\":{\"@id\":\"https:\/\/vieassociative.be\/actualites\/#organization\"},\"image\":{\"@id\":\"https:\/\/vieassociative.be\/actualites\/lago-eupen-wetzlarbad-lattente-a-une-fin-photos-de-louverture-officielle-galerie-de-photos\/#primaryimage\"},\"thumbnailUrl\":\"https:\/\/vieassociative.be\/actualites\/wp-content\/uploads\/2025\/02\/1738441048_Lago-Eupen-Wetzlarbad-Lattente-a-une-fin-Photos-de.jpg\",\"keywords\":[\"Eupen\",\"fin\",\"galerie\",\"Lago\",\"Lattente\",\"louverture\",\"officielle\",\"Photos\",\"une\",\"Wetzlarbad\"],\"articleSection\":[\"Belgique\"],\"inLanguage\":\"fr-BE\"},{\"@type\":\"WebPage\",\"@id\":\"https:\/\/vieassociative.be\/actualites\/lago-eupen-wetzlarbad-lattente-a-une-fin-photos-de-louverture-officielle-galerie-de-photos\/\",\"url\":\"https:\/\/vieassociative.be\/actualites\/lago-eupen-wetzlarbad-lattente-a-une-fin-photos-de-louverture-officielle-galerie-de-photos\/\",\"name\":\"Lago Eupen Wetzlarbad: L'attente a une fin - Photos de l'ouverture officielle (galerie de photos) | Vie Associative\",\"isPartOf\":{\"@id\":\"https:\/\/vieassociative.be\/actualites\/#website\"},\"primaryImageOfPage\":{\"@id\":\"https:\/\/vieassociative.be\/actualites\/lago-eupen-wetzlarbad-lattente-a-une-fin-photos-de-louverture-officielle-galerie-de-photos\/#primaryimage\"},\"image\":{\"@id\":\"https:\/\/vieassociative.be\/actualites\/lago-eupen-wetzlarbad-lattente-a-une-fin-photos-de-louverture-officielle-galerie-de-photos\/#primaryimage\"},\"thumbnailUrl\":\"https:\/\/vieassociative.be\/actualites\/wp-content\/uploads\/2025\/02\/1738441048_Lago-Eupen-Wetzlarbad-Lattente-a-une-fin-Photos-de.jpg\",\"datePublished\":\"2025-02-01T20:17:27+00:00\",\"dateModified\":\"2025-02-01T20:17:27+00:00\",\"breadcrumb\":{\"@id\":\"https:\/\/vieassociative.be\/actualites\/lago-eupen-wetzlarbad-lattente-a-une-fin-photos-de-louverture-officielle-galerie-de-photos\/#breadcrumb\"},\"inLanguage\":\"fr-BE\",\"potentialAction\":[{\"@type\":\"ReadAction\",\"target\":[\"https:\/\/vieassociative.be\/actualites\/lago-eupen-wetzlarbad-lattente-a-une-fin-photos-de-louverture-officielle-galerie-de-photos\/\"]}]},{\"@type\":\"ImageObject\",\"inLanguage\":\"fr-BE\",\"@id\":\"https:\/\/vieassociative.be\/actualites\/lago-eupen-wetzlarbad-lattente-a-une-fin-photos-de-louverture-officielle-galerie-de-photos\/#primaryimage\",\"url\":\"https:\/\/vieassociative.be\/actualites\/wp-content\/uploads\/2025\/02\/1738441048_Lago-Eupen-Wetzlarbad-Lattente-a-une-fin-Photos-de.jpg\",\"contentUrl\":\"https:\/\/vieassociative.be\/actualites\/wp-content\/uploads\/2025\/02\/1738441048_Lago-Eupen-Wetzlarbad-Lattente-a-une-fin-Photos-de.jpg\",\"width\":1200,\"height\":802,\"caption\":\"Lago Eupen Wetzlarbad: L'attente a une fin - Photos de l'ouverture officielle (galerie de photos)\"},{\"@type\":\"BreadcrumbList\",\"@id\":\"https:\/\/vieassociative.be\/actualites\/lago-eupen-wetzlarbad-lattente-a-une-fin-photos-de-louverture-officielle-galerie-de-photos\/#breadcrumb\",\"itemListElement\":[{\"@type\":\"ListItem\",\"position\":1,\"name\":\"Accueil\",\"item\":\"https:\/\/vieassociative.be\/actualites\/\"},{\"@type\":\"ListItem\",\"position\":2,\"name\":\"Lago Eupen Wetzlarbad: L&rsquo;attente a une fin &#8211; Photos de l&rsquo;ouverture officielle (galerie de photos)\"}]},{\"@type\":\"WebSite\",\"@id\":\"https:\/\/vieassociative.be\/actualites\/#website\",\"url\":\"https:\/\/vieassociative.be\/actualites\/\",\"name\":\"Vie Associative\",\"description\":\"\",\"publisher\":{\"@id\":\"https:\/\/vieassociative.be\/actualites\/#organization\"},\"potentialAction\":[{\"@type\":\"SearchAction\",\"target\":{\"@type\":\"EntryPoint\",\"urlTemplate\":\"https:\/\/vieassociative.be\/actualites\/?s={search_term_string}\"},\"query-input\":{\"@type\":\"PropertyValueSpecification\",\"valueRequired\":true,\"valueName\":\"search_term_string\"}}],\"inLanguage\":\"fr-BE\"},{\"@type\":\"Organization\",\"@id\":\"https:\/\/vieassociative.be\/actualites\/#organization\",\"name\":\"Vie Associative\",\"url\":\"https:\/\/vieassociative.be\/actualites\/\",\"logo\":{\"@type\":\"ImageObject\",\"inLanguage\":\"fr-BE\",\"@id\":\"https:\/\/vieassociative.be\/actualites\/#\/schema\/logo\/image\/\",\"url\":\"https:\/\/vieassociative.be\/actualites\/wp-content\/uploads\/2024\/09\/cropped-vieassociative_favicon.ico.png\",\"contentUrl\":\"https:\/\/vieassociative.be\/actualites\/wp-content\/uploads\/2024\/09\/cropped-vieassociative_favicon.ico.png\",\"width\":512,\"height\":512,\"caption\":\"Vie Associative\"},\"image\":{\"@id\":\"https:\/\/vieassociative.be\/actualites\/#\/schema\/logo\/image\/\"}},{\"@type\":\"Person\",\"@id\":\"https:\/\/vieassociative.be\/actualites\/#\/schema\/person\/b87ac4f82f9d4e7b7cec7395b679edc4\",\"name\":\"Julien\",\"image\":{\"@type\":\"ImageObject\",\"inLanguage\":\"fr-BE\",\"@id\":\"https:\/\/vieassociative.be\/actualites\/#\/schema\/person\/image\/\",\"url\":\"https:\/\/vieassociative.be\/actualites\/wp-content\/uploads\/2024\/09\/vie-associative-1-150x150.jpg\",\"contentUrl\":\"https:\/\/vieassociative.be\/actualites\/wp-content\/uploads\/2024\/09\/vie-associative-1-150x150.jpg\",\"caption\":\"Julien\"},\"description\":\"Je suis Julien, r\u00e9dacteur pour Vie Associative. Passionn\u00e9 par le monde associatif depuis plus de 10 ans, j'ai \u00e0 c\u0153ur de partager des histoires inspirantes et de mettre en lumi\u00e8re les initiatives locales. Mon objectif est de sensibiliser et d'encourager l'engagement communautaire \u00e0 travers mes articles.\",\"sameAs\":[\"https:\/\/vieassociative.be\/\"]}]}<\/script>\n<!-- \/ Yoast SEO plugin. -->","yoast_head_json":{"title":"Lago Eupen Wetzlarbad: L'attente a une fin - Photos de l'ouverture officielle (galerie de photos) | Vie Associative","robots":{"index":"index","follow":"follow","max-snippet":"max-snippet:-1","max-image-preview":"max-image-preview:large","max-video-preview":"max-video-preview:-1"},"canonical":"https:\/\/vieassociative.be\/actualites\/lago-eupen-wetzlarbad-lattente-a-une-fin-photos-de-louverture-officielle-galerie-de-photos\/","og_locale":"fr_FR","og_type":"article","og_title":"Lago Eupen Wetzlarbad: L'attente a une fin - Photos de l'ouverture officielle (galerie de photos) | Vie Associative","og_description":"Le nouveau Lago Eupen Wetzlarbad a recommenc\u00e9 depuis samedi matin. Quoi en attendant, on appelle une \u00ab\u00a0histoire sans fin\u00a0\u00bb a pris fin. Vous pouvez nager","og_url":"https:\/\/vieassociative.be\/actualites\/lago-eupen-wetzlarbad-lattente-a-une-fin-photos-de-louverture-officielle-galerie-de-photos\/","og_site_name":"Vie Associative","article_published_time":"2025-02-01T20:17:27+00:00","og_image":[{"width":279,"height":92,"url":"https:\/\/vieassociative.be\/actualites\/wp-content\/uploads\/2024\/09\/header_backgroundk-01-e1726694325946.png","type":"image\/png"}],"author":"Julien","twitter_card":"summary_large_image","twitter_misc":{"\u00c9crit par":"Julien","Dur\u00e9e de lecture est.":"1 minute"},"schema":{"@context":"https:\/\/schema.org","@graph":[{"@type":"Article","@id":"https:\/\/vieassociative.be\/actualites\/lago-eupen-wetzlarbad-lattente-a-une-fin-photos-de-louverture-officielle-galerie-de-photos\/#article","isPartOf":{"@id":"https:\/\/vieassociative.be\/actualites\/lago-eupen-wetzlarbad-lattente-a-une-fin-photos-de-louverture-officielle-galerie-de-photos\/"},"author":{"name":"Julien","@id":"https:\/\/vieassociative.be\/actualites\/#\/schema\/person\/b87ac4f82f9d4e7b7cec7395b679edc4"},"headline":"Lago Eupen Wetzlarbad: L&rsquo;attente a une fin &#8211; Photos de l&rsquo;ouverture officielle (galerie de photos)","datePublished":"2025-02-01T20:17:27+00:00","dateModified":"2025-02-01T20:17:27+00:00","mainEntityOfPage":{"@id":"https:\/\/vieassociative.be\/actualites\/lago-eupen-wetzlarbad-lattente-a-une-fin-photos-de-louverture-officielle-galerie-de-photos\/"},"wordCount":297,"publisher":{"@id":"https:\/\/vieassociative.be\/actualites\/#organization"},"image":{"@id":"https:\/\/vieassociative.be\/actualites\/lago-eupen-wetzlarbad-lattente-a-une-fin-photos-de-louverture-officielle-galerie-de-photos\/#primaryimage"},"thumbnailUrl":"https:\/\/vieassociative.be\/actualites\/wp-content\/uploads\/2025\/02\/1738441048_Lago-Eupen-Wetzlarbad-Lattente-a-une-fin-Photos-de.jpg","keywords":["Eupen","fin","galerie","Lago","Lattente","louverture","officielle","Photos","une","Wetzlarbad"],"articleSection":["Belgique"],"inLanguage":"fr-BE"},{"@type":"WebPage","@id":"https:\/\/vieassociative.be\/actualites\/lago-eupen-wetzlarbad-lattente-a-une-fin-photos-de-louverture-officielle-galerie-de-photos\/","url":"https:\/\/vieassociative.be\/actualites\/lago-eupen-wetzlarbad-lattente-a-une-fin-photos-de-louverture-officielle-galerie-de-photos\/","name":"Lago Eupen Wetzlarbad: L'attente a une fin - Photos de l'ouverture officielle (galerie de photos) | Vie Associative","isPartOf":{"@id":"https:\/\/vieassociative.be\/actualites\/#website"},"primaryImageOfPage":{"@id":"https:\/\/vieassociative.be\/actualites\/lago-eupen-wetzlarbad-lattente-a-une-fin-photos-de-louverture-officielle-galerie-de-photos\/#primaryimage"},"image":{"@id":"https:\/\/vieassociative.be\/actualites\/lago-eupen-wetzlarbad-lattente-a-une-fin-photos-de-louverture-officielle-galerie-de-photos\/#primaryimage"},"thumbnailUrl":"https:\/\/vieassociative.be\/actualites\/wp-content\/uploads\/2025\/02\/1738441048_Lago-Eupen-Wetzlarbad-Lattente-a-une-fin-Photos-de.jpg","datePublished":"2025-02-01T20:17:27+00:00","dateModified":"2025-02-01T20:17:27+00:00","breadcrumb":{"@id":"https:\/\/vieassociative.be\/actualites\/lago-eupen-wetzlarbad-lattente-a-une-fin-photos-de-louverture-officielle-galerie-de-photos\/#breadcrumb"},"inLanguage":"fr-BE","potentialAction":[{"@type":"ReadAction","target":["https:\/\/vieassociative.be\/actualites\/lago-eupen-wetzlarbad-lattente-a-une-fin-photos-de-louverture-officielle-galerie-de-photos\/"]}]},{"@type":"ImageObject","inLanguage":"fr-BE","@id":"https:\/\/vieassociative.be\/actualites\/lago-eupen-wetzlarbad-lattente-a-une-fin-photos-de-louverture-officielle-galerie-de-photos\/#primaryimage","url":"https:\/\/vieassociative.be\/actualites\/wp-content\/uploads\/2025\/02\/1738441048_Lago-Eupen-Wetzlarbad-Lattente-a-une-fin-Photos-de.jpg","contentUrl":"https:\/\/vieassociative.be\/actualites\/wp-content\/uploads\/2025\/02\/1738441048_Lago-Eupen-Wetzlarbad-Lattente-a-une-fin-Photos-de.jpg","width":1200,"height":802,"caption":"Lago Eupen Wetzlarbad: L'attente a une fin - Photos de l'ouverture officielle (galerie de photos)"},{"@type":"BreadcrumbList","@id":"https:\/\/vieassociative.be\/actualites\/lago-eupen-wetzlarbad-lattente-a-une-fin-photos-de-louverture-officielle-galerie-de-photos\/#breadcrumb","itemListElement":[{"@type":"ListItem","position":1,"name":"Accueil","item":"https:\/\/vieassociative.be\/actualites\/"},{"@type":"ListItem","position":2,"name":"Lago Eupen Wetzlarbad: L&rsquo;attente a une fin &#8211; Photos de l&rsquo;ouverture officielle (galerie de photos)"}]},{"@type":"WebSite","@id":"https:\/\/vieassociative.be\/actualites\/#website","url":"https:\/\/vieassociative.be\/actualites\/","name":"Vie Associative","description":"","publisher":{"@id":"https:\/\/vieassociative.be\/actualites\/#organization"},"potentialAction":[{"@type":"SearchAction","target":{"@type":"EntryPoint","urlTemplate":"https:\/\/vieassociative.be\/actualites\/?s={search_term_string}"},"query-input":{"@type":"PropertyValueSpecification","valueRequired":true,"valueName":"search_term_string"}}],"inLanguage":"fr-BE"},{"@type":"Organization","@id":"https:\/\/vieassociative.be\/actualites\/#organization","name":"Vie Associative","url":"https:\/\/vieassociative.be\/actualites\/","logo":{"@type":"ImageObject","inLanguage":"fr-BE","@id":"https:\/\/vieassociative.be\/actualites\/#\/schema\/logo\/image\/","url":"https:\/\/vieassociative.be\/actualites\/wp-content\/uploads\/2024\/09\/cropped-vieassociative_favicon.ico.png","contentUrl":"https:\/\/vieassociative.be\/actualites\/wp-content\/uploads\/2024\/09\/cropped-vieassociative_favicon.ico.png","width":512,"height":512,"caption":"Vie Associative"},"image":{"@id":"https:\/\/vieassociative.be\/actualites\/#\/schema\/logo\/image\/"}},{"@type":"Person","@id":"https:\/\/vieassociative.be\/actualites\/#\/schema\/person\/b87ac4f82f9d4e7b7cec7395b679edc4","name":"Julien","image":{"@type":"ImageObject","inLanguage":"fr-BE","@id":"https:\/\/vieassociative.be\/actualites\/#\/schema\/person\/image\/","url":"https:\/\/vieassociative.be\/actualites\/wp-content\/uploads\/2024\/09\/vie-associative-1-150x150.jpg","contentUrl":"https:\/\/vieassociative.be\/actualites\/wp-content\/uploads\/2024\/09\/vie-associative-1-150x150.jpg","caption":"Julien"},"description":"Je suis Julien, r\u00e9dacteur pour Vie Associative. Passionn\u00e9 par le monde associatif depuis plus de 10 ans, j'ai \u00e0 c\u0153ur de partager des histoires inspirantes et de mettre en lumi\u00e8re les initiatives locales. Mon objectif est de sensibiliser et d'encourager l'engagement communautaire \u00e0 travers mes articles.","sameAs":["https:\/\/vieassociative.be\/"]}]}},"_links":{"self":[{"href":"https:\/\/vieassociative.be\/actualites\/wp-json\/wp\/v2\/posts\/4774"}],"collection":[{"href":"https:\/\/vieassociative.be\/actualites\/wp-json\/wp\/v2\/posts"}],"about":[{"href":"https:\/\/vieassociative.be\/actualites\/wp-json\/wp\/v2\/types\/post"}],"author":[{"embeddable":true,"href":"https:\/\/vieassociative.be\/actualites\/wp-json\/wp\/v2\/users\/1"}],"replies":[{"embeddable":true,"href":"https:\/\/vieassociative.be\/actualites\/wp-json\/wp\/v2\/comments?post=4774"}],"version-history":[{"count":0,"href":"https:\/\/vieassociative.be\/actualites\/wp-json\/wp\/v2\/posts\/4774\/revisions"}],"wp:featuredmedia":[{"embeddable":true,"href":"https:\/\/vieassociative.be\/actualites\/wp-json\/wp\/v2\/media\/4775"}],"wp:attachment":[{"href":"https:\/\/vieassociative.be\/actualites\/wp-json\/wp\/v2\/media?parent=4774"}],"wp:term":[{"taxonomy":"category","embeddable":true,"href":"https:\/\/vieassociative.be\/actualites\/wp-json\/wp\/v2\/categories?post=4774"},{"taxonomy":"post_tag","embeddable":true,"href":"https:\/\/vieassociative.be\/actualites\/wp-json\/wp\/v2\/tags?post=4774"}],"curies":[{"name":"wp","href":"https:\/\/api.w.org\/{rel}","templated":true}]}}