{"id":4772,"date":"2025-02-01T20:17:44","date_gmt":"2025-02-01T19:17:44","guid":{"rendered":"https:\/\/vieassociative.be\/actualites\/une-autre-violation-de-donnees-sur-les-soins-de-sante-a-compromis-un-million-dinformations-sur-les-patients\/"},"modified":"2025-02-01T20:17:44","modified_gmt":"2025-02-01T19:17:44","slug":"une-autre-violation-de-donnees-sur-les-soins-de-sante-a-compromis-un-million-dinformations-sur-les-patients","status":"publish","type":"post","link":"https:\/\/vieassociative.be\/actualites\/une-autre-violation-de-donnees-sur-les-soins-de-sante-a-compromis-un-million-dinformations-sur-les-patients\/","title":{"rendered":"Une autre violation de donn\u00e9es sur les soins de sant\u00e9 a compromis un million d&rsquo;informations sur les patients"},"content":{"rendered":"<div class=\"mt-4 leading-6 md:mb-8\">Le hack comprenait des donn\u00e9es sensibles des dossiers du centre de sant\u00e9 communautaire.<\/div>\n<p><\/p>\n<p>Le secteur des soins de sant\u00e9 est l&rsquo;un des objectifs les plus courants pour les pirates et les cybercriminels, et une autre violation de donn\u00e9es a mis les donn\u00e9es personnelles de plus d&rsquo;un million de patients \u00e0 risque. Community Health Center (CHC), un fournisseur de soins de sant\u00e9 \u00e0 but non lucratif dans le Connecticut, a r\u00e9v\u00e9l\u00e9 que les pirates ont eu acc\u00e8s \u00e0 son syst\u00e8me en octobre et ont vol\u00e9 une sant\u00e9 sensible et des informations personnelles appartenant \u00e0 1 060 936 personnes. <\/p>\n<h2 id=\"what-happened-with-chc\">Que s&rsquo;est-il pass\u00e9 avec CHC? <\/h2>\n<p>Selon les rapports de Bleeping Computer, les pirates ont eu acc\u00e8s au r\u00e9seau CHC pendant plusieurs heures le 14 octobre 2024, bien que la violation n&rsquo;ait \u00e9t\u00e9 d\u00e9couverte que le 2 janvier 2025. Les donn\u00e9es vol\u00e9es peuvent inclure des noms, des dates de naissance, des adresses, des num\u00e9ros de t\u00e9l\u00e9phone, des e-mails, et les num\u00e9ros de s\u00e9curit\u00e9 sociale ainsi que les dossiers m\u00e9dicaux et les informations sur l&rsquo;assurance maladie. CHC a indiqu\u00e9 qu&rsquo;il ne s&rsquo;agissait pas d&rsquo;une attaque de ransomware et qu&rsquo;aucune donn\u00e9e n&rsquo;a \u00e9t\u00e9 verrouill\u00e9e ou supprim\u00e9e. <\/p>\n<h2 id=\"what-you-can-do-if-your-data-was-stolen\">Ce que vous pouvez faire si vos donn\u00e9es ont \u00e9t\u00e9 vol\u00e9es<\/h2>\n<p>Bien que vous ne puissiez pas faire de la fuite de vos donn\u00e9es personnelles, vous pouvez (et devriez) \u00eatre \u00e0 l&rsquo;aff\u00fbt des signes qu&rsquo;il est utilis\u00e9 avec malveillance. CHC offre 24 mois de protection de vol d&rsquo;identit\u00e9 gratuite via IDX, y compris le cr\u00e9dit et la cyber surveillance et la r\u00e9cup\u00e9ration du vol d&rsquo;identit\u00e9. Selon le dossier du CHC aupr\u00e8s du procureur g\u00e9n\u00e9ral du Maine, les personnes touch\u00e9es par la violation ont \u00e9t\u00e9 notifi\u00e9es par lettre commen\u00e7ant le 30 janvier &#8211; et cet avis de consommation comprend un code QR pour activer les services de surveillance, ou vous pouvez vous rendre sur le site Web d&rsquo;IDX et saisir l&rsquo;inscription code fourni. La date limite pour s&rsquo;inscrire \u00e0 la protection du vol d&rsquo;identit\u00e9 est le 30 avril. <\/p>\n<p>Vous devez \u00e9galement vous engager dans d&rsquo;autres meilleures pratiques pour s\u00e9curiser vos donn\u00e9es, notamment en utilisant des services de surveillance du cr\u00e9dit (m\u00eame si vous n&rsquo;\u00eates pas admissible \u00e0 l&rsquo;inscription IDX), \u00e0 l&rsquo;activation des gel et des alertes de fraude, de rester sceptique quant aux demandes de vos informations personnelles (ne pas Donnez n&rsquo;importe quoi par SMS, e-mail ou t\u00e9l\u00e9phone jusqu&rsquo;\u00e0 ce que vous ayez v\u00e9rifi\u00e9) et ne cliquant jamais sur des liens \u00e9tranges. <\/p>\n<p>Bien s\u00fbr, l&rsquo;incident du CHC n&rsquo;est pas le seul \u00e0 compromettre les donn\u00e9es des patients &#8211; et c&rsquo;est loin d&rsquo;\u00eatre le plus important. La violation majeure de la filiale de UnitedHealth Group Change Healthcare (signal\u00e9e pour la premi\u00e8re fois en octobre 2024) est d\u00e9sormais cens\u00e9e avoir un impact sur pr\u00e8s de deux fois plus de personnes que pr\u00e9c\u00e9demment. Cette attaque de ransomware comprenait les informations d&rsquo;assurance maladie, de facturation et de paiement ainsi que des dossiers m\u00e9dicaux et des donn\u00e9es personnelles sensibles de pr\u00e8s de 190 millions de patients. Ascension Health a subi une violation similaire en f\u00e9vrier 2024, qui a affect\u00e9 pr\u00e8s de 6 millions de personnes. <\/p>\n","protected":false},"excerpt":{"rendered":"<p>Le hack comprenait des donn\u00e9es sensibles des dossiers du centre de sant\u00e9 communautaire. Le secteur des soins de sant\u00e9 est l&rsquo;un des objectifs les plus<\/p>\n","protected":false},"author":1,"featured_media":4773,"comment_status":"","ping_status":"","sticky":false,"template":"","format":"standard","meta":{"footnotes":""},"categories":[13],"tags":[3090,5096,5098,154,14,5097,780,916,1401,33,110,5095],"class_list":["post-4772","post","type-post","status-publish","format-standard","has-post-thumbnail","hentry","category-technologie","tag-autre","tag-compromis","tag-dinformations","tag-donnees","tag-les","tag-million","tag-patients","tag-sante","tag-soins","tag-sur","tag-une","tag-violation","generate-columns","tablet-grid-50","mobile-grid-100","grid-parent","grid-33"],"yoast_head":"<!-- This site is optimized with the Yoast SEO plugin v24.0 - https:\/\/yoast.com\/wordpress\/plugins\/seo\/ -->\n<title>Une autre violation de donn\u00e9es sur les soins de sant\u00e9 a compromis un million d&#039;informations sur les patients | Vie Associative<\/title>\n<meta name=\"robots\" content=\"index, follow, max-snippet:-1, max-image-preview:large, max-video-preview:-1\" \/>\n<link rel=\"canonical\" href=\"https:\/\/vieassociative.be\/actualites\/une-autre-violation-de-donnees-sur-les-soins-de-sante-a-compromis-un-million-dinformations-sur-les-patients\/\" \/>\n<meta property=\"og:locale\" content=\"fr_FR\" \/>\n<meta property=\"og:type\" content=\"article\" \/>\n<meta property=\"og:title\" content=\"Une autre violation de donn\u00e9es sur les soins de sant\u00e9 a compromis un million d&#039;informations sur les patients | Vie Associative\" \/>\n<meta property=\"og:description\" content=\"Le hack comprenait des donn\u00e9es sensibles des dossiers du centre de sant\u00e9 communautaire. Le secteur des soins de sant\u00e9 est l&rsquo;un des objectifs les plus\" \/>\n<meta property=\"og:url\" content=\"https:\/\/vieassociative.be\/actualites\/une-autre-violation-de-donnees-sur-les-soins-de-sante-a-compromis-un-million-dinformations-sur-les-patients\/\" \/>\n<meta property=\"og:site_name\" content=\"Vie Associative\" \/>\n<meta property=\"article:published_time\" content=\"2025-02-01T19:17:44+00:00\" \/>\n<meta property=\"og:image\" content=\"https:\/\/vieassociative.be\/actualites\/wp-content\/uploads\/2024\/09\/header_backgroundk-01-e1726694325946.png\" \/>\n\t<meta property=\"og:image:width\" content=\"279\" \/>\n\t<meta property=\"og:image:height\" content=\"92\" \/>\n\t<meta property=\"og:image:type\" content=\"image\/png\" \/>\n<meta name=\"author\" content=\"Julien\" \/>\n<meta name=\"twitter:card\" content=\"summary_large_image\" \/>\n<meta name=\"twitter:label1\" content=\"\u00c9crit par\" \/>\n\t<meta name=\"twitter:data1\" content=\"Julien\" \/>\n\t<meta name=\"twitter:label2\" content=\"Dur\u00e9e de lecture est.\" \/>\n\t<meta name=\"twitter:data2\" content=\"3 minutes\" \/>\n<script type=\"application\/ld+json\" class=\"yoast-schema-graph\">{\"@context\":\"https:\/\/schema.org\",\"@graph\":[{\"@type\":\"Article\",\"@id\":\"https:\/\/vieassociative.be\/actualites\/une-autre-violation-de-donnees-sur-les-soins-de-sante-a-compromis-un-million-dinformations-sur-les-patients\/#article\",\"isPartOf\":{\"@id\":\"https:\/\/vieassociative.be\/actualites\/une-autre-violation-de-donnees-sur-les-soins-de-sante-a-compromis-un-million-dinformations-sur-les-patients\/\"},\"author\":{\"name\":\"Julien\",\"@id\":\"https:\/\/vieassociative.be\/actualites\/#\/schema\/person\/b87ac4f82f9d4e7b7cec7395b679edc4\"},\"headline\":\"Une autre violation de donn\u00e9es sur les soins de sant\u00e9 a compromis un million d&rsquo;informations sur les patients\",\"datePublished\":\"2025-02-01T19:17:44+00:00\",\"dateModified\":\"2025-02-01T19:17:44+00:00\",\"mainEntityOfPage\":{\"@id\":\"https:\/\/vieassociative.be\/actualites\/une-autre-violation-de-donnees-sur-les-soins-de-sante-a-compromis-un-million-dinformations-sur-les-patients\/\"},\"wordCount\":589,\"publisher\":{\"@id\":\"https:\/\/vieassociative.be\/actualites\/#organization\"},\"image\":{\"@id\":\"https:\/\/vieassociative.be\/actualites\/une-autre-violation-de-donnees-sur-les-soins-de-sante-a-compromis-un-million-dinformations-sur-les-patients\/#primaryimage\"},\"thumbnailUrl\":\"https:\/\/vieassociative.be\/actualites\/wp-content\/uploads\/2025\/02\/Une-autre-violation-de-donnees-sur-les-soins-de-sante.png\",\"keywords\":[\"autre\",\"compromis\",\"dinformations\",\"donn\u00e9es\",\"Les\",\"million\",\"patients\",\"sant\u00e9\",\"soins\",\"sur\",\"une\",\"violation\"],\"articleSection\":[\"Technologie\"],\"inLanguage\":\"fr-BE\"},{\"@type\":\"WebPage\",\"@id\":\"https:\/\/vieassociative.be\/actualites\/une-autre-violation-de-donnees-sur-les-soins-de-sante-a-compromis-un-million-dinformations-sur-les-patients\/\",\"url\":\"https:\/\/vieassociative.be\/actualites\/une-autre-violation-de-donnees-sur-les-soins-de-sante-a-compromis-un-million-dinformations-sur-les-patients\/\",\"name\":\"Une autre violation de donn\u00e9es sur les soins de sant\u00e9 a compromis un million d'informations sur les patients | Vie Associative\",\"isPartOf\":{\"@id\":\"https:\/\/vieassociative.be\/actualites\/#website\"},\"primaryImageOfPage\":{\"@id\":\"https:\/\/vieassociative.be\/actualites\/une-autre-violation-de-donnees-sur-les-soins-de-sante-a-compromis-un-million-dinformations-sur-les-patients\/#primaryimage\"},\"image\":{\"@id\":\"https:\/\/vieassociative.be\/actualites\/une-autre-violation-de-donnees-sur-les-soins-de-sante-a-compromis-un-million-dinformations-sur-les-patients\/#primaryimage\"},\"thumbnailUrl\":\"https:\/\/vieassociative.be\/actualites\/wp-content\/uploads\/2025\/02\/Une-autre-violation-de-donnees-sur-les-soins-de-sante.png\",\"datePublished\":\"2025-02-01T19:17:44+00:00\",\"dateModified\":\"2025-02-01T19:17:44+00:00\",\"breadcrumb\":{\"@id\":\"https:\/\/vieassociative.be\/actualites\/une-autre-violation-de-donnees-sur-les-soins-de-sante-a-compromis-un-million-dinformations-sur-les-patients\/#breadcrumb\"},\"inLanguage\":\"fr-BE\",\"potentialAction\":[{\"@type\":\"ReadAction\",\"target\":[\"https:\/\/vieassociative.be\/actualites\/une-autre-violation-de-donnees-sur-les-soins-de-sante-a-compromis-un-million-dinformations-sur-les-patients\/\"]}]},{\"@type\":\"ImageObject\",\"inLanguage\":\"fr-BE\",\"@id\":\"https:\/\/vieassociative.be\/actualites\/une-autre-violation-de-donnees-sur-les-soins-de-sante-a-compromis-un-million-dinformations-sur-les-patients\/#primaryimage\",\"url\":\"https:\/\/vieassociative.be\/actualites\/wp-content\/uploads\/2025\/02\/Une-autre-violation-de-donnees-sur-les-soins-de-sante.png\",\"contentUrl\":\"https:\/\/vieassociative.be\/actualites\/wp-content\/uploads\/2025\/02\/Une-autre-violation-de-donnees-sur-les-soins-de-sante.png\",\"width\":1200,\"height\":675,\"caption\":\"Une autre violation de donn\u00e9es sur les soins de sant\u00e9 a compromis un million d'informations sur les patients\"},{\"@type\":\"BreadcrumbList\",\"@id\":\"https:\/\/vieassociative.be\/actualites\/une-autre-violation-de-donnees-sur-les-soins-de-sante-a-compromis-un-million-dinformations-sur-les-patients\/#breadcrumb\",\"itemListElement\":[{\"@type\":\"ListItem\",\"position\":1,\"name\":\"Accueil\",\"item\":\"https:\/\/vieassociative.be\/actualites\/\"},{\"@type\":\"ListItem\",\"position\":2,\"name\":\"Une autre violation de donn\u00e9es sur les soins de sant\u00e9 a compromis un million d&rsquo;informations sur les patients\"}]},{\"@type\":\"WebSite\",\"@id\":\"https:\/\/vieassociative.be\/actualites\/#website\",\"url\":\"https:\/\/vieassociative.be\/actualites\/\",\"name\":\"Vie Associative\",\"description\":\"\",\"publisher\":{\"@id\":\"https:\/\/vieassociative.be\/actualites\/#organization\"},\"potentialAction\":[{\"@type\":\"SearchAction\",\"target\":{\"@type\":\"EntryPoint\",\"urlTemplate\":\"https:\/\/vieassociative.be\/actualites\/?s={search_term_string}\"},\"query-input\":{\"@type\":\"PropertyValueSpecification\",\"valueRequired\":true,\"valueName\":\"search_term_string\"}}],\"inLanguage\":\"fr-BE\"},{\"@type\":\"Organization\",\"@id\":\"https:\/\/vieassociative.be\/actualites\/#organization\",\"name\":\"Vie Associative\",\"url\":\"https:\/\/vieassociative.be\/actualites\/\",\"logo\":{\"@type\":\"ImageObject\",\"inLanguage\":\"fr-BE\",\"@id\":\"https:\/\/vieassociative.be\/actualites\/#\/schema\/logo\/image\/\",\"url\":\"https:\/\/vieassociative.be\/actualites\/wp-content\/uploads\/2024\/09\/cropped-vieassociative_favicon.ico.png\",\"contentUrl\":\"https:\/\/vieassociative.be\/actualites\/wp-content\/uploads\/2024\/09\/cropped-vieassociative_favicon.ico.png\",\"width\":512,\"height\":512,\"caption\":\"Vie Associative\"},\"image\":{\"@id\":\"https:\/\/vieassociative.be\/actualites\/#\/schema\/logo\/image\/\"}},{\"@type\":\"Person\",\"@id\":\"https:\/\/vieassociative.be\/actualites\/#\/schema\/person\/b87ac4f82f9d4e7b7cec7395b679edc4\",\"name\":\"Julien\",\"image\":{\"@type\":\"ImageObject\",\"inLanguage\":\"fr-BE\",\"@id\":\"https:\/\/vieassociative.be\/actualites\/#\/schema\/person\/image\/\",\"url\":\"https:\/\/vieassociative.be\/actualites\/wp-content\/uploads\/2024\/09\/vie-associative-1-150x150.jpg\",\"contentUrl\":\"https:\/\/vieassociative.be\/actualites\/wp-content\/uploads\/2024\/09\/vie-associative-1-150x150.jpg\",\"caption\":\"Julien\"},\"description\":\"Je suis Julien, r\u00e9dacteur pour Vie Associative. Passionn\u00e9 par le monde associatif depuis plus de 10 ans, j'ai \u00e0 c\u0153ur de partager des histoires inspirantes et de mettre en lumi\u00e8re les initiatives locales. Mon objectif est de sensibiliser et d'encourager l'engagement communautaire \u00e0 travers mes articles.\",\"sameAs\":[\"https:\/\/vieassociative.be\/\"]}]}<\/script>\n<!-- \/ Yoast SEO plugin. -->","yoast_head_json":{"title":"Une autre violation de donn\u00e9es sur les soins de sant\u00e9 a compromis un million d'informations sur les patients | Vie Associative","robots":{"index":"index","follow":"follow","max-snippet":"max-snippet:-1","max-image-preview":"max-image-preview:large","max-video-preview":"max-video-preview:-1"},"canonical":"https:\/\/vieassociative.be\/actualites\/une-autre-violation-de-donnees-sur-les-soins-de-sante-a-compromis-un-million-dinformations-sur-les-patients\/","og_locale":"fr_FR","og_type":"article","og_title":"Une autre violation de donn\u00e9es sur les soins de sant\u00e9 a compromis un million d'informations sur les patients | Vie Associative","og_description":"Le hack comprenait des donn\u00e9es sensibles des dossiers du centre de sant\u00e9 communautaire. Le secteur des soins de sant\u00e9 est l&rsquo;un des objectifs les plus","og_url":"https:\/\/vieassociative.be\/actualites\/une-autre-violation-de-donnees-sur-les-soins-de-sante-a-compromis-un-million-dinformations-sur-les-patients\/","og_site_name":"Vie Associative","article_published_time":"2025-02-01T19:17:44+00:00","og_image":[{"width":279,"height":92,"url":"https:\/\/vieassociative.be\/actualites\/wp-content\/uploads\/2024\/09\/header_backgroundk-01-e1726694325946.png","type":"image\/png"}],"author":"Julien","twitter_card":"summary_large_image","twitter_misc":{"\u00c9crit par":"Julien","Dur\u00e9e de lecture est.":"3 minutes"},"schema":{"@context":"https:\/\/schema.org","@graph":[{"@type":"Article","@id":"https:\/\/vieassociative.be\/actualites\/une-autre-violation-de-donnees-sur-les-soins-de-sante-a-compromis-un-million-dinformations-sur-les-patients\/#article","isPartOf":{"@id":"https:\/\/vieassociative.be\/actualites\/une-autre-violation-de-donnees-sur-les-soins-de-sante-a-compromis-un-million-dinformations-sur-les-patients\/"},"author":{"name":"Julien","@id":"https:\/\/vieassociative.be\/actualites\/#\/schema\/person\/b87ac4f82f9d4e7b7cec7395b679edc4"},"headline":"Une autre violation de donn\u00e9es sur les soins de sant\u00e9 a compromis un million d&rsquo;informations sur les patients","datePublished":"2025-02-01T19:17:44+00:00","dateModified":"2025-02-01T19:17:44+00:00","mainEntityOfPage":{"@id":"https:\/\/vieassociative.be\/actualites\/une-autre-violation-de-donnees-sur-les-soins-de-sante-a-compromis-un-million-dinformations-sur-les-patients\/"},"wordCount":589,"publisher":{"@id":"https:\/\/vieassociative.be\/actualites\/#organization"},"image":{"@id":"https:\/\/vieassociative.be\/actualites\/une-autre-violation-de-donnees-sur-les-soins-de-sante-a-compromis-un-million-dinformations-sur-les-patients\/#primaryimage"},"thumbnailUrl":"https:\/\/vieassociative.be\/actualites\/wp-content\/uploads\/2025\/02\/Une-autre-violation-de-donnees-sur-les-soins-de-sante.png","keywords":["autre","compromis","dinformations","donn\u00e9es","Les","million","patients","sant\u00e9","soins","sur","une","violation"],"articleSection":["Technologie"],"inLanguage":"fr-BE"},{"@type":"WebPage","@id":"https:\/\/vieassociative.be\/actualites\/une-autre-violation-de-donnees-sur-les-soins-de-sante-a-compromis-un-million-dinformations-sur-les-patients\/","url":"https:\/\/vieassociative.be\/actualites\/une-autre-violation-de-donnees-sur-les-soins-de-sante-a-compromis-un-million-dinformations-sur-les-patients\/","name":"Une autre violation de donn\u00e9es sur les soins de sant\u00e9 a compromis un million d'informations sur les patients | Vie Associative","isPartOf":{"@id":"https:\/\/vieassociative.be\/actualites\/#website"},"primaryImageOfPage":{"@id":"https:\/\/vieassociative.be\/actualites\/une-autre-violation-de-donnees-sur-les-soins-de-sante-a-compromis-un-million-dinformations-sur-les-patients\/#primaryimage"},"image":{"@id":"https:\/\/vieassociative.be\/actualites\/une-autre-violation-de-donnees-sur-les-soins-de-sante-a-compromis-un-million-dinformations-sur-les-patients\/#primaryimage"},"thumbnailUrl":"https:\/\/vieassociative.be\/actualites\/wp-content\/uploads\/2025\/02\/Une-autre-violation-de-donnees-sur-les-soins-de-sante.png","datePublished":"2025-02-01T19:17:44+00:00","dateModified":"2025-02-01T19:17:44+00:00","breadcrumb":{"@id":"https:\/\/vieassociative.be\/actualites\/une-autre-violation-de-donnees-sur-les-soins-de-sante-a-compromis-un-million-dinformations-sur-les-patients\/#breadcrumb"},"inLanguage":"fr-BE","potentialAction":[{"@type":"ReadAction","target":["https:\/\/vieassociative.be\/actualites\/une-autre-violation-de-donnees-sur-les-soins-de-sante-a-compromis-un-million-dinformations-sur-les-patients\/"]}]},{"@type":"ImageObject","inLanguage":"fr-BE","@id":"https:\/\/vieassociative.be\/actualites\/une-autre-violation-de-donnees-sur-les-soins-de-sante-a-compromis-un-million-dinformations-sur-les-patients\/#primaryimage","url":"https:\/\/vieassociative.be\/actualites\/wp-content\/uploads\/2025\/02\/Une-autre-violation-de-donnees-sur-les-soins-de-sante.png","contentUrl":"https:\/\/vieassociative.be\/actualites\/wp-content\/uploads\/2025\/02\/Une-autre-violation-de-donnees-sur-les-soins-de-sante.png","width":1200,"height":675,"caption":"Une autre violation de donn\u00e9es sur les soins de sant\u00e9 a compromis un million d'informations sur les patients"},{"@type":"BreadcrumbList","@id":"https:\/\/vieassociative.be\/actualites\/une-autre-violation-de-donnees-sur-les-soins-de-sante-a-compromis-un-million-dinformations-sur-les-patients\/#breadcrumb","itemListElement":[{"@type":"ListItem","position":1,"name":"Accueil","item":"https:\/\/vieassociative.be\/actualites\/"},{"@type":"ListItem","position":2,"name":"Une autre violation de donn\u00e9es sur les soins de sant\u00e9 a compromis un million d&rsquo;informations sur les patients"}]},{"@type":"WebSite","@id":"https:\/\/vieassociative.be\/actualites\/#website","url":"https:\/\/vieassociative.be\/actualites\/","name":"Vie Associative","description":"","publisher":{"@id":"https:\/\/vieassociative.be\/actualites\/#organization"},"potentialAction":[{"@type":"SearchAction","target":{"@type":"EntryPoint","urlTemplate":"https:\/\/vieassociative.be\/actualites\/?s={search_term_string}"},"query-input":{"@type":"PropertyValueSpecification","valueRequired":true,"valueName":"search_term_string"}}],"inLanguage":"fr-BE"},{"@type":"Organization","@id":"https:\/\/vieassociative.be\/actualites\/#organization","name":"Vie Associative","url":"https:\/\/vieassociative.be\/actualites\/","logo":{"@type":"ImageObject","inLanguage":"fr-BE","@id":"https:\/\/vieassociative.be\/actualites\/#\/schema\/logo\/image\/","url":"https:\/\/vieassociative.be\/actualites\/wp-content\/uploads\/2024\/09\/cropped-vieassociative_favicon.ico.png","contentUrl":"https:\/\/vieassociative.be\/actualites\/wp-content\/uploads\/2024\/09\/cropped-vieassociative_favicon.ico.png","width":512,"height":512,"caption":"Vie Associative"},"image":{"@id":"https:\/\/vieassociative.be\/actualites\/#\/schema\/logo\/image\/"}},{"@type":"Person","@id":"https:\/\/vieassociative.be\/actualites\/#\/schema\/person\/b87ac4f82f9d4e7b7cec7395b679edc4","name":"Julien","image":{"@type":"ImageObject","inLanguage":"fr-BE","@id":"https:\/\/vieassociative.be\/actualites\/#\/schema\/person\/image\/","url":"https:\/\/vieassociative.be\/actualites\/wp-content\/uploads\/2024\/09\/vie-associative-1-150x150.jpg","contentUrl":"https:\/\/vieassociative.be\/actualites\/wp-content\/uploads\/2024\/09\/vie-associative-1-150x150.jpg","caption":"Julien"},"description":"Je suis Julien, r\u00e9dacteur pour Vie Associative. Passionn\u00e9 par le monde associatif depuis plus de 10 ans, j'ai \u00e0 c\u0153ur de partager des histoires inspirantes et de mettre en lumi\u00e8re les initiatives locales. Mon objectif est de sensibiliser et d'encourager l'engagement communautaire \u00e0 travers mes articles.","sameAs":["https:\/\/vieassociative.be\/"]}]}},"_links":{"self":[{"href":"https:\/\/vieassociative.be\/actualites\/wp-json\/wp\/v2\/posts\/4772"}],"collection":[{"href":"https:\/\/vieassociative.be\/actualites\/wp-json\/wp\/v2\/posts"}],"about":[{"href":"https:\/\/vieassociative.be\/actualites\/wp-json\/wp\/v2\/types\/post"}],"author":[{"embeddable":true,"href":"https:\/\/vieassociative.be\/actualites\/wp-json\/wp\/v2\/users\/1"}],"replies":[{"embeddable":true,"href":"https:\/\/vieassociative.be\/actualites\/wp-json\/wp\/v2\/comments?post=4772"}],"version-history":[{"count":0,"href":"https:\/\/vieassociative.be\/actualites\/wp-json\/wp\/v2\/posts\/4772\/revisions"}],"wp:featuredmedia":[{"embeddable":true,"href":"https:\/\/vieassociative.be\/actualites\/wp-json\/wp\/v2\/media\/4773"}],"wp:attachment":[{"href":"https:\/\/vieassociative.be\/actualites\/wp-json\/wp\/v2\/media?parent=4772"}],"wp:term":[{"taxonomy":"category","embeddable":true,"href":"https:\/\/vieassociative.be\/actualites\/wp-json\/wp\/v2\/categories?post=4772"},{"taxonomy":"post_tag","embeddable":true,"href":"https:\/\/vieassociative.be\/actualites\/wp-json\/wp\/v2\/tags?post=4772"}],"curies":[{"name":"wp","href":"https:\/\/api.w.org\/{rel}","templated":true}]}}