{"id":4768,"date":"2025-02-01T15:17:35","date_gmt":"2025-02-01T14:17:35","guid":{"rendered":"https:\/\/vieassociative.be\/actualites\/en-tant-queupen-depuis-le-22-novembre-2024-sans-victoire\/"},"modified":"2025-02-01T15:17:35","modified_gmt":"2025-02-01T14:17:35","slug":"en-tant-queupen-depuis-le-22-novembre-2024-sans-victoire","status":"publish","type":"post","link":"https:\/\/vieassociative.be\/actualites\/en-tant-queupen-depuis-le-22-novembre-2024-sans-victoire\/","title":{"rendered":"En tant qu&rsquo;Eupen depuis le 22 novembre 2024 sans victoire"},"content":{"rendered":"<p><strong>Depuis le 22 novembre 2024 et la victoire 4-0 au Club NXT, Football Second Division Club, car Eupen n&rsquo;a pas remport\u00e9 de match. Avant de se rencontrer ce samedi contre SK Lommel (20 h \/ Live on Dazn), l&rsquo;\u00e9quipe de l&rsquo;entra\u00eeneur Mersad Selimbegovic occupe une 14e place d\u00e9cevante. <\/strong><\/p>\n<p><span id=\"more-407222\"><\/span>Les Noirs et blancs n&rsquo;ont que trois points d&rsquo;avance sur l&rsquo;\u00e9quipe de Jong Genk dans la rel\u00e9gation Place 15. Les Eupeners peuvent toujours parler de la chance que la faillite de Deinze a d\u00fb s&rsquo;inscrire et donc le bas du tableau est d\u00e9j\u00e0 la premi\u00e8re rel\u00e9gation.<\/p>\n<p>Cependant, de petits progr\u00e8s peuvent \u00eatre observ\u00e9s. Dans la premi\u00e8re moiti\u00e9, avec beaucoup d&rsquo;efficacit\u00e9, Eupen a impressionn\u00e9 en premi\u00e8re mi-temps, a men\u00e9 2-0 \u00e0 la pause avant que les c\u00f4t\u00e9s des c\u00f4t\u00e9s ne puissent toujours se retourner et gagner 3: 2. <\/p>\n<p>Lors du match de rattrapage mardi dernier \u00e0 Lokeren-Temse, le noir et blanc a r\u00e9ussi \u00e0 r\u00e9aliser un match nul apr\u00e8s cinq d\u00e9faites cons\u00e9cutives. Une victoire devrait enfin r\u00e9ussir contre Lommel ce soir.<\/p>\n<div id=\"attachment_357948\" class=\"wp-caption alignleft\" style=\"max-width: 300px\"><img fetchpriority=\"high\" decoding=\"async\" class=\"wp-image-357948 size-medium\" src=\"https:\/\/vieassociative.be\/actualites\/wp-content\/uploads\/2025\/02\/En-tant-quEupen-depuis-le-22-novembre-2024-sans-victoire.jpg\" alt=\"\" width=\"300\" height=\"200\"  ><\/p>\n<p class=\"wp-caption-text\">La droite d&rsquo;Eupen, Yentl Van Genecht, devrait rester sur le Kehrweg au moins jusqu&rsquo;\u00e0 la fin de la saison. Lfoto: Belga<\/p>\n<\/div>\n<p>Un peu s&rsquo;est \u00e9galement produit en termes de personnel. Par exemple, Yentl Van, qui a \u00e9t\u00e9 courtis\u00e9 par le Wargem, devrait rester sur le Kehrweg, au moins jusqu&rsquo;\u00e0 la fin de la saison en cours. Reagan Charles-Cook, qui a d\u00fb faire une pause dans les habitants, est \u00e0 nouveau en forme et peut jouer.<\/p>\n<p>Le nouveau venu Philip Ejike a d&rsquo;abord pu s&rsquo;entra\u00eener avec l&rsquo;\u00e9quipe, mais a maintenant son permis de travail et son droit \u00e0 jouer, comme les rapports AS sur son site Web. Pape Niang et Scott Kennedy sont l\u00e9g\u00e8rement frapp\u00e9s. Pour vous, vous d\u00e9ciderez \u00e0 court terme si vous \u00eates une option pour une utilisation contre Lommel ou non.<\/p>\n<p>Un deuxi\u00e8me nouvel ajout \u00e0 la p\u00e9riode de transfert d&rsquo;hiver a \u00e9galement \u00e9t\u00e9 pr\u00e9sent\u00e9 vendredi. L&rsquo;attaquant nig\u00e9rian Ade Oguns, alias Wedingo, a \u00e9t\u00e9 emprunt\u00e9 au champion de disques v\u00e9n\u00e9zu\u00e9lien Caracas FC. Il devrait \u00ab\u00a0donner le jeu de Kas Eupen avec ses dribbles et sa vitesse\u00a0\u00bb, a d\u00e9clar\u00e9 le AS sur son site Web.<\/p>\n<p>Apr\u00e8s avoir rencontr\u00e9 Lommel, le AS Eupen jouera un autre match \u00e0 domicile le dimanche 9 f\u00e9vrier \u00e0 13 h 30 (Cre)<\/p>\n","protected":false},"excerpt":{"rendered":"<p>Depuis le 22 novembre 2024 et la victoire 4-0 au Club NXT, Football Second Division Club, car Eupen n&rsquo;a pas remport\u00e9 de match. Avant de<\/p>\n","protected":false},"author":1,"featured_media":4769,"comment_status":"","ping_status":"","sticky":false,"template":"","format":"standard","meta":{"footnotes":""},"categories":[298],"tags":[1824,1894,5094,130,1745,784],"class_list":["post-4768","post","type-post","status-publish","format-standard","has-post-thumbnail","hentry","category-belgique","tag-depuis","tag-novembre","tag-queupen","tag-sans","tag-tant","tag-victoire","generate-columns","tablet-grid-50","mobile-grid-100","grid-parent","grid-33"],"yoast_head":"<!-- This site is optimized with the Yoast SEO plugin v24.0 - https:\/\/yoast.com\/wordpress\/plugins\/seo\/ -->\n<title>En tant qu&#039;Eupen depuis le 22 novembre 2024 sans victoire | Vie Associative<\/title>\n<meta name=\"robots\" content=\"index, follow, max-snippet:-1, max-image-preview:large, max-video-preview:-1\" \/>\n<link rel=\"canonical\" href=\"https:\/\/vieassociative.be\/actualites\/en-tant-queupen-depuis-le-22-novembre-2024-sans-victoire\/\" \/>\n<meta property=\"og:locale\" content=\"fr_FR\" \/>\n<meta property=\"og:type\" content=\"article\" \/>\n<meta property=\"og:title\" content=\"En tant qu&#039;Eupen depuis le 22 novembre 2024 sans victoire | Vie Associative\" \/>\n<meta property=\"og:description\" content=\"Depuis le 22 novembre 2024 et la victoire 4-0 au Club NXT, Football Second Division Club, car Eupen n&rsquo;a pas remport\u00e9 de match. Avant de\" \/>\n<meta property=\"og:url\" content=\"https:\/\/vieassociative.be\/actualites\/en-tant-queupen-depuis-le-22-novembre-2024-sans-victoire\/\" \/>\n<meta property=\"og:site_name\" content=\"Vie Associative\" \/>\n<meta property=\"article:published_time\" content=\"2025-02-01T14:17:35+00:00\" \/>\n<meta property=\"og:image\" content=\"https:\/\/vieassociative.be\/actualites\/wp-content\/uploads\/2024\/09\/header_backgroundk-01-e1726694325946.png\" \/>\n\t<meta property=\"og:image:width\" content=\"279\" \/>\n\t<meta property=\"og:image:height\" content=\"92\" \/>\n\t<meta property=\"og:image:type\" content=\"image\/png\" \/>\n<meta name=\"author\" content=\"Julien\" \/>\n<meta name=\"twitter:card\" content=\"summary_large_image\" \/>\n<meta name=\"twitter:label1\" content=\"\u00c9crit par\" \/>\n\t<meta name=\"twitter:data1\" content=\"Julien\" \/>\n\t<meta name=\"twitter:label2\" content=\"Dur\u00e9e de lecture est.\" \/>\n\t<meta name=\"twitter:data2\" content=\"2 minutes\" \/>\n<script type=\"application\/ld+json\" class=\"yoast-schema-graph\">{\"@context\":\"https:\/\/schema.org\",\"@graph\":[{\"@type\":\"Article\",\"@id\":\"https:\/\/vieassociative.be\/actualites\/en-tant-queupen-depuis-le-22-novembre-2024-sans-victoire\/#article\",\"isPartOf\":{\"@id\":\"https:\/\/vieassociative.be\/actualites\/en-tant-queupen-depuis-le-22-novembre-2024-sans-victoire\/\"},\"author\":{\"name\":\"Julien\",\"@id\":\"https:\/\/vieassociative.be\/actualites\/#\/schema\/person\/b87ac4f82f9d4e7b7cec7395b679edc4\"},\"headline\":\"En tant qu&rsquo;Eupen depuis le 22 novembre 2024 sans victoire\",\"datePublished\":\"2025-02-01T14:17:35+00:00\",\"dateModified\":\"2025-02-01T14:17:35+00:00\",\"mainEntityOfPage\":{\"@id\":\"https:\/\/vieassociative.be\/actualites\/en-tant-queupen-depuis-le-22-novembre-2024-sans-victoire\/\"},\"wordCount\":416,\"publisher\":{\"@id\":\"https:\/\/vieassociative.be\/actualites\/#organization\"},\"image\":{\"@id\":\"https:\/\/vieassociative.be\/actualites\/en-tant-queupen-depuis-le-22-novembre-2024-sans-victoire\/#primaryimage\"},\"thumbnailUrl\":\"https:\/\/vieassociative.be\/actualites\/wp-content\/uploads\/2025\/02\/1738419455_En-tant-quEupen-depuis-le-22-novembre-2024-sans-victoire.jpg\",\"keywords\":[\"depuis\",\"novembre\",\"quEupen\",\"sans\",\"tant\",\"victoire\"],\"articleSection\":[\"Belgique\"],\"inLanguage\":\"fr-BE\"},{\"@type\":\"WebPage\",\"@id\":\"https:\/\/vieassociative.be\/actualites\/en-tant-queupen-depuis-le-22-novembre-2024-sans-victoire\/\",\"url\":\"https:\/\/vieassociative.be\/actualites\/en-tant-queupen-depuis-le-22-novembre-2024-sans-victoire\/\",\"name\":\"En tant qu'Eupen depuis le 22 novembre 2024 sans victoire | Vie Associative\",\"isPartOf\":{\"@id\":\"https:\/\/vieassociative.be\/actualites\/#website\"},\"primaryImageOfPage\":{\"@id\":\"https:\/\/vieassociative.be\/actualites\/en-tant-queupen-depuis-le-22-novembre-2024-sans-victoire\/#primaryimage\"},\"image\":{\"@id\":\"https:\/\/vieassociative.be\/actualites\/en-tant-queupen-depuis-le-22-novembre-2024-sans-victoire\/#primaryimage\"},\"thumbnailUrl\":\"https:\/\/vieassociative.be\/actualites\/wp-content\/uploads\/2025\/02\/1738419455_En-tant-quEupen-depuis-le-22-novembre-2024-sans-victoire.jpg\",\"datePublished\":\"2025-02-01T14:17:35+00:00\",\"dateModified\":\"2025-02-01T14:17:35+00:00\",\"breadcrumb\":{\"@id\":\"https:\/\/vieassociative.be\/actualites\/en-tant-queupen-depuis-le-22-novembre-2024-sans-victoire\/#breadcrumb\"},\"inLanguage\":\"fr-BE\",\"potentialAction\":[{\"@type\":\"ReadAction\",\"target\":[\"https:\/\/vieassociative.be\/actualites\/en-tant-queupen-depuis-le-22-novembre-2024-sans-victoire\/\"]}]},{\"@type\":\"ImageObject\",\"inLanguage\":\"fr-BE\",\"@id\":\"https:\/\/vieassociative.be\/actualites\/en-tant-queupen-depuis-le-22-novembre-2024-sans-victoire\/#primaryimage\",\"url\":\"https:\/\/vieassociative.be\/actualites\/wp-content\/uploads\/2025\/02\/1738419455_En-tant-quEupen-depuis-le-22-novembre-2024-sans-victoire.jpg\",\"contentUrl\":\"https:\/\/vieassociative.be\/actualites\/wp-content\/uploads\/2025\/02\/1738419455_En-tant-quEupen-depuis-le-22-novembre-2024-sans-victoire.jpg\",\"width\":1200,\"height\":800,\"caption\":\"En tant qu'Eupen depuis le 22 novembre 2024 sans victoire\"},{\"@type\":\"BreadcrumbList\",\"@id\":\"https:\/\/vieassociative.be\/actualites\/en-tant-queupen-depuis-le-22-novembre-2024-sans-victoire\/#breadcrumb\",\"itemListElement\":[{\"@type\":\"ListItem\",\"position\":1,\"name\":\"Accueil\",\"item\":\"https:\/\/vieassociative.be\/actualites\/\"},{\"@type\":\"ListItem\",\"position\":2,\"name\":\"En tant qu&rsquo;Eupen depuis le 22 novembre 2024 sans victoire\"}]},{\"@type\":\"WebSite\",\"@id\":\"https:\/\/vieassociative.be\/actualites\/#website\",\"url\":\"https:\/\/vieassociative.be\/actualites\/\",\"name\":\"Vie Associative\",\"description\":\"\",\"publisher\":{\"@id\":\"https:\/\/vieassociative.be\/actualites\/#organization\"},\"potentialAction\":[{\"@type\":\"SearchAction\",\"target\":{\"@type\":\"EntryPoint\",\"urlTemplate\":\"https:\/\/vieassociative.be\/actualites\/?s={search_term_string}\"},\"query-input\":{\"@type\":\"PropertyValueSpecification\",\"valueRequired\":true,\"valueName\":\"search_term_string\"}}],\"inLanguage\":\"fr-BE\"},{\"@type\":\"Organization\",\"@id\":\"https:\/\/vieassociative.be\/actualites\/#organization\",\"name\":\"Vie Associative\",\"url\":\"https:\/\/vieassociative.be\/actualites\/\",\"logo\":{\"@type\":\"ImageObject\",\"inLanguage\":\"fr-BE\",\"@id\":\"https:\/\/vieassociative.be\/actualites\/#\/schema\/logo\/image\/\",\"url\":\"https:\/\/vieassociative.be\/actualites\/wp-content\/uploads\/2024\/09\/cropped-vieassociative_favicon.ico.png\",\"contentUrl\":\"https:\/\/vieassociative.be\/actualites\/wp-content\/uploads\/2024\/09\/cropped-vieassociative_favicon.ico.png\",\"width\":512,\"height\":512,\"caption\":\"Vie Associative\"},\"image\":{\"@id\":\"https:\/\/vieassociative.be\/actualites\/#\/schema\/logo\/image\/\"}},{\"@type\":\"Person\",\"@id\":\"https:\/\/vieassociative.be\/actualites\/#\/schema\/person\/b87ac4f82f9d4e7b7cec7395b679edc4\",\"name\":\"Julien\",\"image\":{\"@type\":\"ImageObject\",\"inLanguage\":\"fr-BE\",\"@id\":\"https:\/\/vieassociative.be\/actualites\/#\/schema\/person\/image\/\",\"url\":\"https:\/\/vieassociative.be\/actualites\/wp-content\/uploads\/2024\/09\/vie-associative-1-150x150.jpg\",\"contentUrl\":\"https:\/\/vieassociative.be\/actualites\/wp-content\/uploads\/2024\/09\/vie-associative-1-150x150.jpg\",\"caption\":\"Julien\"},\"description\":\"Je suis Julien, r\u00e9dacteur pour Vie Associative. Passionn\u00e9 par le monde associatif depuis plus de 10 ans, j'ai \u00e0 c\u0153ur de partager des histoires inspirantes et de mettre en lumi\u00e8re les initiatives locales. Mon objectif est de sensibiliser et d'encourager l'engagement communautaire \u00e0 travers mes articles.\",\"sameAs\":[\"https:\/\/vieassociative.be\/\"]}]}<\/script>\n<!-- \/ Yoast SEO plugin. -->","yoast_head_json":{"title":"En tant qu'Eupen depuis le 22 novembre 2024 sans victoire | Vie Associative","robots":{"index":"index","follow":"follow","max-snippet":"max-snippet:-1","max-image-preview":"max-image-preview:large","max-video-preview":"max-video-preview:-1"},"canonical":"https:\/\/vieassociative.be\/actualites\/en-tant-queupen-depuis-le-22-novembre-2024-sans-victoire\/","og_locale":"fr_FR","og_type":"article","og_title":"En tant qu'Eupen depuis le 22 novembre 2024 sans victoire | Vie Associative","og_description":"Depuis le 22 novembre 2024 et la victoire 4-0 au Club NXT, Football Second Division Club, car Eupen n&rsquo;a pas remport\u00e9 de match. Avant de","og_url":"https:\/\/vieassociative.be\/actualites\/en-tant-queupen-depuis-le-22-novembre-2024-sans-victoire\/","og_site_name":"Vie Associative","article_published_time":"2025-02-01T14:17:35+00:00","og_image":[{"width":279,"height":92,"url":"https:\/\/vieassociative.be\/actualites\/wp-content\/uploads\/2024\/09\/header_backgroundk-01-e1726694325946.png","type":"image\/png"}],"author":"Julien","twitter_card":"summary_large_image","twitter_misc":{"\u00c9crit par":"Julien","Dur\u00e9e de lecture est.":"2 minutes"},"schema":{"@context":"https:\/\/schema.org","@graph":[{"@type":"Article","@id":"https:\/\/vieassociative.be\/actualites\/en-tant-queupen-depuis-le-22-novembre-2024-sans-victoire\/#article","isPartOf":{"@id":"https:\/\/vieassociative.be\/actualites\/en-tant-queupen-depuis-le-22-novembre-2024-sans-victoire\/"},"author":{"name":"Julien","@id":"https:\/\/vieassociative.be\/actualites\/#\/schema\/person\/b87ac4f82f9d4e7b7cec7395b679edc4"},"headline":"En tant qu&rsquo;Eupen depuis le 22 novembre 2024 sans victoire","datePublished":"2025-02-01T14:17:35+00:00","dateModified":"2025-02-01T14:17:35+00:00","mainEntityOfPage":{"@id":"https:\/\/vieassociative.be\/actualites\/en-tant-queupen-depuis-le-22-novembre-2024-sans-victoire\/"},"wordCount":416,"publisher":{"@id":"https:\/\/vieassociative.be\/actualites\/#organization"},"image":{"@id":"https:\/\/vieassociative.be\/actualites\/en-tant-queupen-depuis-le-22-novembre-2024-sans-victoire\/#primaryimage"},"thumbnailUrl":"https:\/\/vieassociative.be\/actualites\/wp-content\/uploads\/2025\/02\/1738419455_En-tant-quEupen-depuis-le-22-novembre-2024-sans-victoire.jpg","keywords":["depuis","novembre","quEupen","sans","tant","victoire"],"articleSection":["Belgique"],"inLanguage":"fr-BE"},{"@type":"WebPage","@id":"https:\/\/vieassociative.be\/actualites\/en-tant-queupen-depuis-le-22-novembre-2024-sans-victoire\/","url":"https:\/\/vieassociative.be\/actualites\/en-tant-queupen-depuis-le-22-novembre-2024-sans-victoire\/","name":"En tant qu'Eupen depuis le 22 novembre 2024 sans victoire | Vie Associative","isPartOf":{"@id":"https:\/\/vieassociative.be\/actualites\/#website"},"primaryImageOfPage":{"@id":"https:\/\/vieassociative.be\/actualites\/en-tant-queupen-depuis-le-22-novembre-2024-sans-victoire\/#primaryimage"},"image":{"@id":"https:\/\/vieassociative.be\/actualites\/en-tant-queupen-depuis-le-22-novembre-2024-sans-victoire\/#primaryimage"},"thumbnailUrl":"https:\/\/vieassociative.be\/actualites\/wp-content\/uploads\/2025\/02\/1738419455_En-tant-quEupen-depuis-le-22-novembre-2024-sans-victoire.jpg","datePublished":"2025-02-01T14:17:35+00:00","dateModified":"2025-02-01T14:17:35+00:00","breadcrumb":{"@id":"https:\/\/vieassociative.be\/actualites\/en-tant-queupen-depuis-le-22-novembre-2024-sans-victoire\/#breadcrumb"},"inLanguage":"fr-BE","potentialAction":[{"@type":"ReadAction","target":["https:\/\/vieassociative.be\/actualites\/en-tant-queupen-depuis-le-22-novembre-2024-sans-victoire\/"]}]},{"@type":"ImageObject","inLanguage":"fr-BE","@id":"https:\/\/vieassociative.be\/actualites\/en-tant-queupen-depuis-le-22-novembre-2024-sans-victoire\/#primaryimage","url":"https:\/\/vieassociative.be\/actualites\/wp-content\/uploads\/2025\/02\/1738419455_En-tant-quEupen-depuis-le-22-novembre-2024-sans-victoire.jpg","contentUrl":"https:\/\/vieassociative.be\/actualites\/wp-content\/uploads\/2025\/02\/1738419455_En-tant-quEupen-depuis-le-22-novembre-2024-sans-victoire.jpg","width":1200,"height":800,"caption":"En tant qu'Eupen depuis le 22 novembre 2024 sans victoire"},{"@type":"BreadcrumbList","@id":"https:\/\/vieassociative.be\/actualites\/en-tant-queupen-depuis-le-22-novembre-2024-sans-victoire\/#breadcrumb","itemListElement":[{"@type":"ListItem","position":1,"name":"Accueil","item":"https:\/\/vieassociative.be\/actualites\/"},{"@type":"ListItem","position":2,"name":"En tant qu&rsquo;Eupen depuis le 22 novembre 2024 sans victoire"}]},{"@type":"WebSite","@id":"https:\/\/vieassociative.be\/actualites\/#website","url":"https:\/\/vieassociative.be\/actualites\/","name":"Vie Associative","description":"","publisher":{"@id":"https:\/\/vieassociative.be\/actualites\/#organization"},"potentialAction":[{"@type":"SearchAction","target":{"@type":"EntryPoint","urlTemplate":"https:\/\/vieassociative.be\/actualites\/?s={search_term_string}"},"query-input":{"@type":"PropertyValueSpecification","valueRequired":true,"valueName":"search_term_string"}}],"inLanguage":"fr-BE"},{"@type":"Organization","@id":"https:\/\/vieassociative.be\/actualites\/#organization","name":"Vie Associative","url":"https:\/\/vieassociative.be\/actualites\/","logo":{"@type":"ImageObject","inLanguage":"fr-BE","@id":"https:\/\/vieassociative.be\/actualites\/#\/schema\/logo\/image\/","url":"https:\/\/vieassociative.be\/actualites\/wp-content\/uploads\/2024\/09\/cropped-vieassociative_favicon.ico.png","contentUrl":"https:\/\/vieassociative.be\/actualites\/wp-content\/uploads\/2024\/09\/cropped-vieassociative_favicon.ico.png","width":512,"height":512,"caption":"Vie Associative"},"image":{"@id":"https:\/\/vieassociative.be\/actualites\/#\/schema\/logo\/image\/"}},{"@type":"Person","@id":"https:\/\/vieassociative.be\/actualites\/#\/schema\/person\/b87ac4f82f9d4e7b7cec7395b679edc4","name":"Julien","image":{"@type":"ImageObject","inLanguage":"fr-BE","@id":"https:\/\/vieassociative.be\/actualites\/#\/schema\/person\/image\/","url":"https:\/\/vieassociative.be\/actualites\/wp-content\/uploads\/2024\/09\/vie-associative-1-150x150.jpg","contentUrl":"https:\/\/vieassociative.be\/actualites\/wp-content\/uploads\/2024\/09\/vie-associative-1-150x150.jpg","caption":"Julien"},"description":"Je suis Julien, r\u00e9dacteur pour Vie Associative. Passionn\u00e9 par le monde associatif depuis plus de 10 ans, j'ai \u00e0 c\u0153ur de partager des histoires inspirantes et de mettre en lumi\u00e8re les initiatives locales. Mon objectif est de sensibiliser et d'encourager l'engagement communautaire \u00e0 travers mes articles.","sameAs":["https:\/\/vieassociative.be\/"]}]}},"_links":{"self":[{"href":"https:\/\/vieassociative.be\/actualites\/wp-json\/wp\/v2\/posts\/4768"}],"collection":[{"href":"https:\/\/vieassociative.be\/actualites\/wp-json\/wp\/v2\/posts"}],"about":[{"href":"https:\/\/vieassociative.be\/actualites\/wp-json\/wp\/v2\/types\/post"}],"author":[{"embeddable":true,"href":"https:\/\/vieassociative.be\/actualites\/wp-json\/wp\/v2\/users\/1"}],"replies":[{"embeddable":true,"href":"https:\/\/vieassociative.be\/actualites\/wp-json\/wp\/v2\/comments?post=4768"}],"version-history":[{"count":0,"href":"https:\/\/vieassociative.be\/actualites\/wp-json\/wp\/v2\/posts\/4768\/revisions"}],"wp:featuredmedia":[{"embeddable":true,"href":"https:\/\/vieassociative.be\/actualites\/wp-json\/wp\/v2\/media\/4769"}],"wp:attachment":[{"href":"https:\/\/vieassociative.be\/actualites\/wp-json\/wp\/v2\/media?parent=4768"}],"wp:term":[{"taxonomy":"category","embeddable":true,"href":"https:\/\/vieassociative.be\/actualites\/wp-json\/wp\/v2\/categories?post=4768"},{"taxonomy":"post_tag","embeddable":true,"href":"https:\/\/vieassociative.be\/actualites\/wp-json\/wp\/v2\/tags?post=4768"}],"curies":[{"name":"wp","href":"https:\/\/api.w.org\/{rel}","templated":true}]}}