{"id":4754,"date":"2025-02-01T04:17:46","date_gmt":"2025-02-01T03:17:46","guid":{"rendered":"https:\/\/vieassociative.be\/actualites\/la-belgique-recoit-le-gouvernement-pour-la-premiere-fois-par-la-bonne-partie\/"},"modified":"2025-02-01T04:17:49","modified_gmt":"2025-02-01T03:17:49","slug":"la-belgique-recoit-le-gouvernement-pour-la-premiere-fois-par-la-bonne-partie","status":"publish","type":"post","link":"https:\/\/vieassociative.be\/actualites\/la-belgique-recoit-le-gouvernement-pour-la-premiere-fois-par-la-bonne-partie\/","title":{"rendered":"La Belgique re\u00e7oit le gouvernement pour la premi\u00e8re fois par la bonne partie"},"content":{"rendered":"<p><\/p>\n<p class=\"font-sans font-medium\">  Pression l\u00e9gale en Belgique. Les nationalistes flamands du parti N-VA ont convenu de la formation d&rsquo;une coalition avec quatre autres parties.<\/p>\n<aside class=\"h-ad-280+text lg:h-0 \" data-slot-id=\"pos1_sm\" data-breakpoint=\"sm\" data-hide-ad-text=\"false\" data-module-id=\"SparkAdSlotModule\"><\/aside>\n<p>La Belgique re\u00e7oit un gouvernement dirig\u00e9 par le bon parti N-VA pour la premi\u00e8re fois. Selon l&rsquo;agence de presse belge Belga, la migration-critique flamand<strong> Nationaliste <\/strong>Le N-VA avec quatre autres parties peut s&rsquo;entendre sur la formation d&rsquo;une coalition. Le chef du gouvernement serait le pr\u00e9sident de la N-VA <strong>Bart de Wever<\/strong> devenir.<\/p>\n<p>Le 54 ans -old de Wever \u00e9tait jusqu&rsquo;\u00e0 pr\u00e9sent<strong> maire<\/strong> la ville portuaire <strong>Antwerpe<\/strong>N. En cons\u00e9quence, des r\u00e9formes socio-\u00e9conomiques drastiques avec des coupes graves sont attendues dans l&rsquo;\u00c9tat providence. Les parties doivent encore accepter officiellement l&rsquo;accord. Par la suite, le roi Philippe doit jurer le nouveau gouvernement.<\/p>\n<h3>Belgique: les parties forment la \u00ab\u00a0Coalition de l&rsquo;Arizona\u00a0\u00bb<\/h3>\n<div id=\"piano-banner-kampagne\" data-module-id=\"PianoElementModule, PianoRecoWidgetModule\" class=\"mb-4 block\"><\/div>\n<div id=\"piano-reco-widget\" data-module-id=\"PianoElementModule, PianoRecoWidgetModule\" class=\"mb-4 block\"><\/div>\n<p>Le n-va, qui entre autres<strong> autonomie<\/strong> Pour l&rsquo;espace \u00e9conomique <strong>Flandre<\/strong> Straper pour les \u00e9lections d&rsquo;une nouvelle chambre de d\u00e9put\u00e9s en juin \u00e9tait devenue la force la plus forte. La soi-disant coalition de l&rsquo;Arizona doit \u00eatre fond\u00e9e avec le Parti lib\u00e9ral M. de la Wallonie francophone, les d\u00e9mocrates chr\u00e9tiens des deux parties du pays et des sociaux-d\u00e9mocrates flamandes. Le nom se produit parce que les couleurs des parties correspondent \u00e0 celles du drapeau de l&rsquo;\u00c9tat am\u00e9ricain. <\/p>\n<p><!-- opinary --><\/p>\n<div class=\"w-full bg-stable-white\">\n<div id=\"opinary-automation-placeholder\" class=\"w-full\"><\/div>\n<\/p><\/div>\n<p>Le N-VA avait d\u00e9j\u00e0 re\u00e7u le plus de votes lors des derni\u00e8res \u00e9lections l\u00e9gislatives en 2019, mais \u00e9tait rest\u00e9e dans l&rsquo;opposition. Ce n&rsquo;est qu&rsquo;apr\u00e8s environ 16 mois de n\u00e9gociations que la coalition Vivaldi de sept partis &#8211; les Greens, les lib\u00e9raux et les sociaux-d\u00e9mocrates des deux parties du pays ainsi que les Greens, les lib\u00e9raux et les sociaux-d\u00e9mocrates des deux parties du pays ainsi que <strong>D\u00e9mocrates chr\u00e9tiens<\/strong> de la Flandre.<\/p>\n<aside class=\"h-ad-600+text lg:h-0 \" data-slot-id=\"pos2_sm\" data-breakpoint=\"sm\" data-hide-ad-text=\"false\" data-module-id=\"SparkAdSlotModule\"><\/aside>\n<h3>Belgique: Formation gouvernementale pour la plupart longue<\/h3>\n<p>Les formations gouvernementales en Belgique sont compliqu\u00e9es et surtout longues. Cela est \u00e9galement d\u00fb au fait que la plupart des partis se disputent soit dans des flanches de Wallony ou de Fran\u00e7ais en Fran\u00e7ais. Le <strong>roi<\/strong> joue un r\u00f4le de courtier. <\/p>\n<p>Un total de huit millions de Belges ont \u00e9t\u00e9 appel\u00e9s \u00e0 l&rsquo;\u00e9lection. Il y a en Belgique <strong>Admissibilit\u00e9<\/strong>. Les non-voteurs qui ne votent pas sans raison judiciaire sont menac\u00e9s par une punition.<\/p>\n","protected":false},"excerpt":{"rendered":"<p>Pression l\u00e9gale en Belgique. Les nationalistes flamands du parti N-VA ont convenu de la formation d&rsquo;une coalition avec quatre autres parties. La Belgique re\u00e7oit un<\/p>\n","protected":false},"author":1,"featured_media":4755,"comment_status":"closed","ping_status":"","sticky":false,"template":"","format":"standard","meta":{"footnotes":""},"categories":[298],"tags":[383,680,774,615,676,1663,81,610,4129],"class_list":["post-4754","post","type-post","status-publish","format-standard","has-post-thumbnail","hentry","category-belgique","tag-belgique","tag-bonne","tag-fois","tag-gouvernement","tag-par","tag-partie","tag-pour","tag-premiere","tag-recoit","generate-columns","tablet-grid-50","mobile-grid-100","grid-parent","grid-33"],"yoast_head":"<!-- This site is optimized with the Yoast SEO plugin v24.0 - https:\/\/yoast.com\/wordpress\/plugins\/seo\/ -->\n<title>La Belgique re\u00e7oit le gouvernement pour la premi\u00e8re fois par la bonne partie | Vie Associative<\/title>\n<meta name=\"robots\" content=\"index, follow, max-snippet:-1, max-image-preview:large, max-video-preview:-1\" \/>\n<link rel=\"canonical\" href=\"https:\/\/vieassociative.be\/actualites\/la-belgique-recoit-le-gouvernement-pour-la-premiere-fois-par-la-bonne-partie\/\" \/>\n<meta property=\"og:locale\" content=\"fr_FR\" \/>\n<meta property=\"og:type\" content=\"article\" \/>\n<meta property=\"og:title\" content=\"La Belgique re\u00e7oit le gouvernement pour la premi\u00e8re fois par la bonne partie | Vie Associative\" \/>\n<meta property=\"og:description\" content=\"Pression l\u00e9gale en Belgique. Les nationalistes flamands du parti N-VA ont convenu de la formation d&rsquo;une coalition avec quatre autres parties. La Belgique re\u00e7oit un\" \/>\n<meta property=\"og:url\" content=\"https:\/\/vieassociative.be\/actualites\/la-belgique-recoit-le-gouvernement-pour-la-premiere-fois-par-la-bonne-partie\/\" \/>\n<meta property=\"og:site_name\" content=\"Vie Associative\" \/>\n<meta property=\"article:published_time\" content=\"2025-02-01T03:17:46+00:00\" \/>\n<meta property=\"article:modified_time\" content=\"2025-02-01T03:17:49+00:00\" \/>\n<meta property=\"og:image\" content=\"https:\/\/vieassociative.be\/actualites\/wp-content\/uploads\/2025\/02\/1738379867_La-Belgique-recoit-le-gouvernement-pour-la-premiere-fois-par.jpeg\" \/>\n\t<meta property=\"og:image:width\" content=\"1600\" \/>\n\t<meta property=\"og:image:height\" content=\"900\" \/>\n\t<meta property=\"og:image:type\" content=\"image\/jpeg\" \/>\n<meta name=\"author\" content=\"Julien\" \/>\n<meta name=\"twitter:card\" content=\"summary_large_image\" \/>\n<meta name=\"twitter:label1\" content=\"\u00c9crit par\" \/>\n\t<meta name=\"twitter:data1\" content=\"Julien\" \/>\n\t<meta name=\"twitter:label2\" content=\"Dur\u00e9e de lecture est.\" \/>\n\t<meta name=\"twitter:data2\" content=\"2 minutes\" \/>\n<script type=\"application\/ld+json\" class=\"yoast-schema-graph\">{\"@context\":\"https:\/\/schema.org\",\"@graph\":[{\"@type\":\"Article\",\"@id\":\"https:\/\/vieassociative.be\/actualites\/la-belgique-recoit-le-gouvernement-pour-la-premiere-fois-par-la-bonne-partie\/#article\",\"isPartOf\":{\"@id\":\"https:\/\/vieassociative.be\/actualites\/la-belgique-recoit-le-gouvernement-pour-la-premiere-fois-par-la-bonne-partie\/\"},\"author\":{\"name\":\"Julien\",\"@id\":\"https:\/\/vieassociative.be\/actualites\/#\/schema\/person\/b87ac4f82f9d4e7b7cec7395b679edc4\"},\"headline\":\"La Belgique re\u00e7oit le gouvernement pour la premi\u00e8re fois par la bonne partie\",\"datePublished\":\"2025-02-01T03:17:46+00:00\",\"dateModified\":\"2025-02-01T03:17:49+00:00\",\"mainEntityOfPage\":{\"@id\":\"https:\/\/vieassociative.be\/actualites\/la-belgique-recoit-le-gouvernement-pour-la-premiere-fois-par-la-bonne-partie\/\"},\"wordCount\":413,\"publisher\":{\"@id\":\"https:\/\/vieassociative.be\/actualites\/#organization\"},\"image\":{\"@id\":\"https:\/\/vieassociative.be\/actualites\/la-belgique-recoit-le-gouvernement-pour-la-premiere-fois-par-la-bonne-partie\/#primaryimage\"},\"thumbnailUrl\":\"https:\/\/vieassociative.be\/actualites\/wp-content\/uploads\/2025\/02\/1738379867_La-Belgique-recoit-le-gouvernement-pour-la-premiere-fois-par.jpeg\",\"keywords\":[\"Belgique\",\"bonne\",\"fois\",\"gouvernement\",\"par\",\"partie\",\"pour\",\"premi\u00e8re\",\"re\u00e7oit\"],\"articleSection\":[\"Belgique\"],\"inLanguage\":\"fr-BE\"},{\"@type\":\"WebPage\",\"@id\":\"https:\/\/vieassociative.be\/actualites\/la-belgique-recoit-le-gouvernement-pour-la-premiere-fois-par-la-bonne-partie\/\",\"url\":\"https:\/\/vieassociative.be\/actualites\/la-belgique-recoit-le-gouvernement-pour-la-premiere-fois-par-la-bonne-partie\/\",\"name\":\"La Belgique re\u00e7oit le gouvernement pour la premi\u00e8re fois par la bonne partie | Vie Associative\",\"isPartOf\":{\"@id\":\"https:\/\/vieassociative.be\/actualites\/#website\"},\"primaryImageOfPage\":{\"@id\":\"https:\/\/vieassociative.be\/actualites\/la-belgique-recoit-le-gouvernement-pour-la-premiere-fois-par-la-bonne-partie\/#primaryimage\"},\"image\":{\"@id\":\"https:\/\/vieassociative.be\/actualites\/la-belgique-recoit-le-gouvernement-pour-la-premiere-fois-par-la-bonne-partie\/#primaryimage\"},\"thumbnailUrl\":\"https:\/\/vieassociative.be\/actualites\/wp-content\/uploads\/2025\/02\/1738379867_La-Belgique-recoit-le-gouvernement-pour-la-premiere-fois-par.jpeg\",\"datePublished\":\"2025-02-01T03:17:46+00:00\",\"dateModified\":\"2025-02-01T03:17:49+00:00\",\"breadcrumb\":{\"@id\":\"https:\/\/vieassociative.be\/actualites\/la-belgique-recoit-le-gouvernement-pour-la-premiere-fois-par-la-bonne-partie\/#breadcrumb\"},\"inLanguage\":\"fr-BE\",\"potentialAction\":[{\"@type\":\"ReadAction\",\"target\":[\"https:\/\/vieassociative.be\/actualites\/la-belgique-recoit-le-gouvernement-pour-la-premiere-fois-par-la-bonne-partie\/\"]}]},{\"@type\":\"ImageObject\",\"inLanguage\":\"fr-BE\",\"@id\":\"https:\/\/vieassociative.be\/actualites\/la-belgique-recoit-le-gouvernement-pour-la-premiere-fois-par-la-bonne-partie\/#primaryimage\",\"url\":\"https:\/\/vieassociative.be\/actualites\/wp-content\/uploads\/2025\/02\/1738379867_La-Belgique-recoit-le-gouvernement-pour-la-premiere-fois-par.jpeg\",\"contentUrl\":\"https:\/\/vieassociative.be\/actualites\/wp-content\/uploads\/2025\/02\/1738379867_La-Belgique-recoit-le-gouvernement-pour-la-premiere-fois-par.jpeg\",\"width\":1600,\"height\":900,\"caption\":\"La Belgique re\u00e7oit le gouvernement pour la premi\u00e8re fois par la bonne partie\"},{\"@type\":\"BreadcrumbList\",\"@id\":\"https:\/\/vieassociative.be\/actualites\/la-belgique-recoit-le-gouvernement-pour-la-premiere-fois-par-la-bonne-partie\/#breadcrumb\",\"itemListElement\":[{\"@type\":\"ListItem\",\"position\":1,\"name\":\"Accueil\",\"item\":\"https:\/\/vieassociative.be\/actualites\/\"},{\"@type\":\"ListItem\",\"position\":2,\"name\":\"La Belgique re\u00e7oit le gouvernement pour la premi\u00e8re fois par la bonne partie\"}]},{\"@type\":\"WebSite\",\"@id\":\"https:\/\/vieassociative.be\/actualites\/#website\",\"url\":\"https:\/\/vieassociative.be\/actualites\/\",\"name\":\"Vie Associative\",\"description\":\"\",\"publisher\":{\"@id\":\"https:\/\/vieassociative.be\/actualites\/#organization\"},\"potentialAction\":[{\"@type\":\"SearchAction\",\"target\":{\"@type\":\"EntryPoint\",\"urlTemplate\":\"https:\/\/vieassociative.be\/actualites\/?s={search_term_string}\"},\"query-input\":{\"@type\":\"PropertyValueSpecification\",\"valueRequired\":true,\"valueName\":\"search_term_string\"}}],\"inLanguage\":\"fr-BE\"},{\"@type\":\"Organization\",\"@id\":\"https:\/\/vieassociative.be\/actualites\/#organization\",\"name\":\"Vie Associative\",\"url\":\"https:\/\/vieassociative.be\/actualites\/\",\"logo\":{\"@type\":\"ImageObject\",\"inLanguage\":\"fr-BE\",\"@id\":\"https:\/\/vieassociative.be\/actualites\/#\/schema\/logo\/image\/\",\"url\":\"https:\/\/vieassociative.be\/actualites\/wp-content\/uploads\/2024\/09\/cropped-vieassociative_favicon.ico.png\",\"contentUrl\":\"https:\/\/vieassociative.be\/actualites\/wp-content\/uploads\/2024\/09\/cropped-vieassociative_favicon.ico.png\",\"width\":512,\"height\":512,\"caption\":\"Vie Associative\"},\"image\":{\"@id\":\"https:\/\/vieassociative.be\/actualites\/#\/schema\/logo\/image\/\"}},{\"@type\":\"Person\",\"@id\":\"https:\/\/vieassociative.be\/actualites\/#\/schema\/person\/b87ac4f82f9d4e7b7cec7395b679edc4\",\"name\":\"Julien\",\"image\":{\"@type\":\"ImageObject\",\"inLanguage\":\"fr-BE\",\"@id\":\"https:\/\/vieassociative.be\/actualites\/#\/schema\/person\/image\/\",\"url\":\"https:\/\/vieassociative.be\/actualites\/wp-content\/uploads\/2024\/09\/vie-associative-1-150x150.jpg\",\"contentUrl\":\"https:\/\/vieassociative.be\/actualites\/wp-content\/uploads\/2024\/09\/vie-associative-1-150x150.jpg\",\"caption\":\"Julien\"},\"description\":\"Je suis Julien, r\u00e9dacteur pour Vie Associative. Passionn\u00e9 par le monde associatif depuis plus de 10 ans, j'ai \u00e0 c\u0153ur de partager des histoires inspirantes et de mettre en lumi\u00e8re les initiatives locales. Mon objectif est de sensibiliser et d'encourager l'engagement communautaire \u00e0 travers mes articles.\",\"sameAs\":[\"https:\/\/vieassociative.be\/\"]}]}<\/script>\n<!-- \/ Yoast SEO plugin. -->","yoast_head_json":{"title":"La Belgique re\u00e7oit le gouvernement pour la premi\u00e8re fois par la bonne partie | Vie Associative","robots":{"index":"index","follow":"follow","max-snippet":"max-snippet:-1","max-image-preview":"max-image-preview:large","max-video-preview":"max-video-preview:-1"},"canonical":"https:\/\/vieassociative.be\/actualites\/la-belgique-recoit-le-gouvernement-pour-la-premiere-fois-par-la-bonne-partie\/","og_locale":"fr_FR","og_type":"article","og_title":"La Belgique re\u00e7oit le gouvernement pour la premi\u00e8re fois par la bonne partie | Vie Associative","og_description":"Pression l\u00e9gale en Belgique. Les nationalistes flamands du parti N-VA ont convenu de la formation d&rsquo;une coalition avec quatre autres parties. La Belgique re\u00e7oit un","og_url":"https:\/\/vieassociative.be\/actualites\/la-belgique-recoit-le-gouvernement-pour-la-premiere-fois-par-la-bonne-partie\/","og_site_name":"Vie Associative","article_published_time":"2025-02-01T03:17:46+00:00","article_modified_time":"2025-02-01T03:17:49+00:00","og_image":[{"width":1600,"height":900,"url":"https:\/\/vieassociative.be\/actualites\/wp-content\/uploads\/2025\/02\/1738379867_La-Belgique-recoit-le-gouvernement-pour-la-premiere-fois-par.jpeg","type":"image\/jpeg"}],"author":"Julien","twitter_card":"summary_large_image","twitter_misc":{"\u00c9crit par":"Julien","Dur\u00e9e de lecture est.":"2 minutes"},"schema":{"@context":"https:\/\/schema.org","@graph":[{"@type":"Article","@id":"https:\/\/vieassociative.be\/actualites\/la-belgique-recoit-le-gouvernement-pour-la-premiere-fois-par-la-bonne-partie\/#article","isPartOf":{"@id":"https:\/\/vieassociative.be\/actualites\/la-belgique-recoit-le-gouvernement-pour-la-premiere-fois-par-la-bonne-partie\/"},"author":{"name":"Julien","@id":"https:\/\/vieassociative.be\/actualites\/#\/schema\/person\/b87ac4f82f9d4e7b7cec7395b679edc4"},"headline":"La Belgique re\u00e7oit le gouvernement pour la premi\u00e8re fois par la bonne partie","datePublished":"2025-02-01T03:17:46+00:00","dateModified":"2025-02-01T03:17:49+00:00","mainEntityOfPage":{"@id":"https:\/\/vieassociative.be\/actualites\/la-belgique-recoit-le-gouvernement-pour-la-premiere-fois-par-la-bonne-partie\/"},"wordCount":413,"publisher":{"@id":"https:\/\/vieassociative.be\/actualites\/#organization"},"image":{"@id":"https:\/\/vieassociative.be\/actualites\/la-belgique-recoit-le-gouvernement-pour-la-premiere-fois-par-la-bonne-partie\/#primaryimage"},"thumbnailUrl":"https:\/\/vieassociative.be\/actualites\/wp-content\/uploads\/2025\/02\/1738379867_La-Belgique-recoit-le-gouvernement-pour-la-premiere-fois-par.jpeg","keywords":["Belgique","bonne","fois","gouvernement","par","partie","pour","premi\u00e8re","re\u00e7oit"],"articleSection":["Belgique"],"inLanguage":"fr-BE"},{"@type":"WebPage","@id":"https:\/\/vieassociative.be\/actualites\/la-belgique-recoit-le-gouvernement-pour-la-premiere-fois-par-la-bonne-partie\/","url":"https:\/\/vieassociative.be\/actualites\/la-belgique-recoit-le-gouvernement-pour-la-premiere-fois-par-la-bonne-partie\/","name":"La Belgique re\u00e7oit le gouvernement pour la premi\u00e8re fois par la bonne partie | Vie Associative","isPartOf":{"@id":"https:\/\/vieassociative.be\/actualites\/#website"},"primaryImageOfPage":{"@id":"https:\/\/vieassociative.be\/actualites\/la-belgique-recoit-le-gouvernement-pour-la-premiere-fois-par-la-bonne-partie\/#primaryimage"},"image":{"@id":"https:\/\/vieassociative.be\/actualites\/la-belgique-recoit-le-gouvernement-pour-la-premiere-fois-par-la-bonne-partie\/#primaryimage"},"thumbnailUrl":"https:\/\/vieassociative.be\/actualites\/wp-content\/uploads\/2025\/02\/1738379867_La-Belgique-recoit-le-gouvernement-pour-la-premiere-fois-par.jpeg","datePublished":"2025-02-01T03:17:46+00:00","dateModified":"2025-02-01T03:17:49+00:00","breadcrumb":{"@id":"https:\/\/vieassociative.be\/actualites\/la-belgique-recoit-le-gouvernement-pour-la-premiere-fois-par-la-bonne-partie\/#breadcrumb"},"inLanguage":"fr-BE","potentialAction":[{"@type":"ReadAction","target":["https:\/\/vieassociative.be\/actualites\/la-belgique-recoit-le-gouvernement-pour-la-premiere-fois-par-la-bonne-partie\/"]}]},{"@type":"ImageObject","inLanguage":"fr-BE","@id":"https:\/\/vieassociative.be\/actualites\/la-belgique-recoit-le-gouvernement-pour-la-premiere-fois-par-la-bonne-partie\/#primaryimage","url":"https:\/\/vieassociative.be\/actualites\/wp-content\/uploads\/2025\/02\/1738379867_La-Belgique-recoit-le-gouvernement-pour-la-premiere-fois-par.jpeg","contentUrl":"https:\/\/vieassociative.be\/actualites\/wp-content\/uploads\/2025\/02\/1738379867_La-Belgique-recoit-le-gouvernement-pour-la-premiere-fois-par.jpeg","width":1600,"height":900,"caption":"La Belgique re\u00e7oit le gouvernement pour la premi\u00e8re fois par la bonne partie"},{"@type":"BreadcrumbList","@id":"https:\/\/vieassociative.be\/actualites\/la-belgique-recoit-le-gouvernement-pour-la-premiere-fois-par-la-bonne-partie\/#breadcrumb","itemListElement":[{"@type":"ListItem","position":1,"name":"Accueil","item":"https:\/\/vieassociative.be\/actualites\/"},{"@type":"ListItem","position":2,"name":"La Belgique re\u00e7oit le gouvernement pour la premi\u00e8re fois par la bonne partie"}]},{"@type":"WebSite","@id":"https:\/\/vieassociative.be\/actualites\/#website","url":"https:\/\/vieassociative.be\/actualites\/","name":"Vie Associative","description":"","publisher":{"@id":"https:\/\/vieassociative.be\/actualites\/#organization"},"potentialAction":[{"@type":"SearchAction","target":{"@type":"EntryPoint","urlTemplate":"https:\/\/vieassociative.be\/actualites\/?s={search_term_string}"},"query-input":{"@type":"PropertyValueSpecification","valueRequired":true,"valueName":"search_term_string"}}],"inLanguage":"fr-BE"},{"@type":"Organization","@id":"https:\/\/vieassociative.be\/actualites\/#organization","name":"Vie Associative","url":"https:\/\/vieassociative.be\/actualites\/","logo":{"@type":"ImageObject","inLanguage":"fr-BE","@id":"https:\/\/vieassociative.be\/actualites\/#\/schema\/logo\/image\/","url":"https:\/\/vieassociative.be\/actualites\/wp-content\/uploads\/2024\/09\/cropped-vieassociative_favicon.ico.png","contentUrl":"https:\/\/vieassociative.be\/actualites\/wp-content\/uploads\/2024\/09\/cropped-vieassociative_favicon.ico.png","width":512,"height":512,"caption":"Vie Associative"},"image":{"@id":"https:\/\/vieassociative.be\/actualites\/#\/schema\/logo\/image\/"}},{"@type":"Person","@id":"https:\/\/vieassociative.be\/actualites\/#\/schema\/person\/b87ac4f82f9d4e7b7cec7395b679edc4","name":"Julien","image":{"@type":"ImageObject","inLanguage":"fr-BE","@id":"https:\/\/vieassociative.be\/actualites\/#\/schema\/person\/image\/","url":"https:\/\/vieassociative.be\/actualites\/wp-content\/uploads\/2024\/09\/vie-associative-1-150x150.jpg","contentUrl":"https:\/\/vieassociative.be\/actualites\/wp-content\/uploads\/2024\/09\/vie-associative-1-150x150.jpg","caption":"Julien"},"description":"Je suis Julien, r\u00e9dacteur pour Vie Associative. Passionn\u00e9 par le monde associatif depuis plus de 10 ans, j'ai \u00e0 c\u0153ur de partager des histoires inspirantes et de mettre en lumi\u00e8re les initiatives locales. Mon objectif est de sensibiliser et d'encourager l'engagement communautaire \u00e0 travers mes articles.","sameAs":["https:\/\/vieassociative.be\/"]}]}},"_links":{"self":[{"href":"https:\/\/vieassociative.be\/actualites\/wp-json\/wp\/v2\/posts\/4754"}],"collection":[{"href":"https:\/\/vieassociative.be\/actualites\/wp-json\/wp\/v2\/posts"}],"about":[{"href":"https:\/\/vieassociative.be\/actualites\/wp-json\/wp\/v2\/types\/post"}],"author":[{"embeddable":true,"href":"https:\/\/vieassociative.be\/actualites\/wp-json\/wp\/v2\/users\/1"}],"replies":[{"embeddable":true,"href":"https:\/\/vieassociative.be\/actualites\/wp-json\/wp\/v2\/comments?post=4754"}],"version-history":[{"count":1,"href":"https:\/\/vieassociative.be\/actualites\/wp-json\/wp\/v2\/posts\/4754\/revisions"}],"predecessor-version":[{"id":4756,"href":"https:\/\/vieassociative.be\/actualites\/wp-json\/wp\/v2\/posts\/4754\/revisions\/4756"}],"wp:featuredmedia":[{"embeddable":true,"href":"https:\/\/vieassociative.be\/actualites\/wp-json\/wp\/v2\/media\/4755"}],"wp:attachment":[{"href":"https:\/\/vieassociative.be\/actualites\/wp-json\/wp\/v2\/media?parent=4754"}],"wp:term":[{"taxonomy":"category","embeddable":true,"href":"https:\/\/vieassociative.be\/actualites\/wp-json\/wp\/v2\/categories?post=4754"},{"taxonomy":"post_tag","embeddable":true,"href":"https:\/\/vieassociative.be\/actualites\/wp-json\/wp\/v2\/tags?post=4754"}],"curies":[{"name":"wp","href":"https:\/\/api.w.org\/{rel}","templated":true}]}}