{"id":4752,"date":"2025-02-01T03:17:57","date_gmt":"2025-02-01T02:17:57","guid":{"rendered":"https:\/\/vieassociative.be\/actualites\/pres-de-huit-mois-apres-les-elections-la-belgique-a-recu-un-gouvernement-federal-dirige-par-n-va-pour-la-premiere-fois\/"},"modified":"2025-02-01T03:17:57","modified_gmt":"2025-02-01T02:17:57","slug":"pres-de-huit-mois-apres-les-elections-la-belgique-a-recu-un-gouvernement-federal-dirige-par-n-va-pour-la-premiere-fois","status":"publish","type":"post","link":"https:\/\/vieassociative.be\/actualites\/pres-de-huit-mois-apres-les-elections-la-belgique-a-recu-un-gouvernement-federal-dirige-par-n-va-pour-la-premiere-fois\/","title":{"rendered":"Pr\u00e8s de huit mois apr\u00e8s les \u00e9lections, la Belgique a re\u00e7u un gouvernement f\u00e9d\u00e9ral dirig\u00e9 par N-VA pour la premi\u00e8re fois"},"content":{"rendered":"<p><strong>Pr\u00e8s de huit mois apr\u00e8s l&rsquo;\u00e9lection du 9 juin 2024, il y a un nouveau gouvernement f\u00e9d\u00e9ral en Belgique qui est g\u00e9r\u00e9 pour la premi\u00e8re fois par les nationalistes flamands du N-VA. Les n\u00e9gociateurs des cinq parties qui forment la Coalition \u00ab\u00a0Arizona\u00a0\u00bb (N-VA, MR, Les Engages, Vooruit et CD &#038; V) ont obtenu un accord gouvernemental vendredi soir. Le nouveau Premier ministre doit devenir le pr\u00e9sident de la N-VA Bart de Wever.<\/strong><\/p>\n<p><span id=\"more-407207\"><\/span>Selon l&rsquo;agence de presse Belga, les nationalistes flamands du N-VA ont convenu de la formation d&rsquo;une soi-disant coalition \u00ab\u00a0Arizona\u00a0\u00bb avec quatre autres parties (Mr, Vooruit, CD&#038;V et Les Engages).<\/p>\n<p>Les cinq parties de la Future Majority Coalition tiendront leur congr\u00e8s du parti le week-end pour confirmer l&rsquo;accord conclu vendredi soir et leur participation au nouveau gouvernement f\u00e9d\u00e9ral.<\/p>\n<div id=\"attachment_407212\" class=\"wp-caption alignleft\" style=\"max-width: 300px\"><img fetchpriority=\"high\" decoding=\"async\" class=\"wp-image-407212 size-medium\" src=\"https:\/\/vieassociative.be\/actualites\/wp-content\/uploads\/2025\/02\/Pres-de-huit-mois-apres-les-elections-la-Belgique-a.jpg\" alt=\"\" width=\"300\" height=\"200\"><\/p>\n<p class=\"wp-caption-text\">31\/01\/2025, Belgique, Bruxelles: un cam\u00e9raman se tient devant l&rsquo;\u00e9cole militaire royale, dans laquelle les n\u00e9gociateurs de cinq jours de partis sur la formation d&rsquo;un nouveau gouvernement f\u00e9d\u00e9ral. Photo: Hatim Kaghat \/ Belga \/ DPA<\/p>\n<\/div>\n<p>Le 54 ans -old de Wever \u00e9tait jusqu&rsquo;\u00e0 pr\u00e9sent maire d&rsquo;Anvers. L&rsquo;objectif des nouveaux partis gouvernementaux est principalement de r\u00e9duire la charge de dette importante et le d\u00e9ficit budg\u00e9taire. En cons\u00e9quence, des r\u00e9formes socio-\u00e9conomiques drastiques avec des coupes graves sont attendues dans l&rsquo;\u00c9tat providence. Les parties doivent encore accepter officiellement l&rsquo;accord. Par la suite, le roi Philippe doit jurer le nouveau gouvernement.<\/p>\n<p>Le N-VA, qui s&rsquo;efforce principalement d&rsquo;autonomie pour la Flandre et veut convertir la Belgique en conf\u00e9d\u00e9ration, \u00e9tait devenue la force la plus forte des \u00e9lections pour un nouveau membre des d\u00e9put\u00e9s en juin. Avec les lib\u00e9raux francophones (MR), les d\u00e9mocrates chr\u00e9tiens des deux parties du pays et des sociaux-d\u00e9mocrates flamands, la soi-disant coalition \u00ab\u00a0Arizona\u00a0\u00bb doit \u00eatre fond\u00e9e. Le nom se produit parce que les couleurs des parties correspondent au drapeau de l&rsquo;\u00e9tat am\u00e9ricain (orange, bleu, rouge et jaune).<\/p>\n<p>Le N-VA avait d\u00e9j\u00e0 re\u00e7u le plus de votes lors des derni\u00e8res \u00e9lections l\u00e9gislatives de 2019, mais \u00e9tait rest\u00e9e dans l&rsquo;opposition. Ce n&rsquo;est qu&rsquo;apr\u00e8s environ 16 mois de n\u00e9gociations que la soi-disant coalition \u00abVivaldi\u00bb de sept partis &#8211; les verts, les lib\u00e9raux et les sociaux-d\u00e9mocrates des deux parties du pays ainsi que les d\u00e9mocrates chr\u00e9tiens flamands. (DPA \/ CRE)<\/p>\n","protected":false},"excerpt":{"rendered":"<p>Pr\u00e8s de huit mois apr\u00e8s l&rsquo;\u00e9lection du 9 juin 2024, il y a un nouveau gouvernement f\u00e9d\u00e9ral en Belgique qui est g\u00e9r\u00e9 pour la premi\u00e8re<\/p>\n","protected":false},"author":1,"featured_media":4753,"comment_status":"","ping_status":"","sticky":false,"template":"","format":"standard","meta":{"footnotes":""},"categories":[298],"tags":[472,383,5087,2569,5086,774,615,78,14,232,5088,676,81,610,1750,3920],"class_list":["post-4752","post","type-post","status-publish","format-standard","has-post-thumbnail","hentry","category-belgique","tag-apres","tag-belgique","tag-dirige","tag-elections","tag-federal","tag-fois","tag-gouvernement","tag-huit","tag-les","tag-mois","tag-nva","tag-par","tag-pour","tag-premiere","tag-pres","tag-recu","generate-columns","tablet-grid-50","mobile-grid-100","grid-parent","grid-33"],"yoast_head":"<!-- This site is optimized with the Yoast SEO plugin v24.0 - https:\/\/yoast.com\/wordpress\/plugins\/seo\/ -->\n<title>Pr\u00e8s de huit mois apr\u00e8s les \u00e9lections, la Belgique a re\u00e7u un gouvernement f\u00e9d\u00e9ral dirig\u00e9 par N-VA pour la premi\u00e8re fois | Vie Associative<\/title>\n<meta name=\"robots\" content=\"index, follow, max-snippet:-1, max-image-preview:large, max-video-preview:-1\" \/>\n<link rel=\"canonical\" href=\"https:\/\/vieassociative.be\/actualites\/pres-de-huit-mois-apres-les-elections-la-belgique-a-recu-un-gouvernement-federal-dirige-par-n-va-pour-la-premiere-fois\/\" \/>\n<meta property=\"og:locale\" content=\"fr_FR\" \/>\n<meta property=\"og:type\" content=\"article\" \/>\n<meta property=\"og:title\" content=\"Pr\u00e8s de huit mois apr\u00e8s les \u00e9lections, la Belgique a re\u00e7u un gouvernement f\u00e9d\u00e9ral dirig\u00e9 par N-VA pour la premi\u00e8re fois | Vie Associative\" \/>\n<meta property=\"og:description\" content=\"Pr\u00e8s de huit mois apr\u00e8s l&rsquo;\u00e9lection du 9 juin 2024, il y a un nouveau gouvernement f\u00e9d\u00e9ral en Belgique qui est g\u00e9r\u00e9 pour la premi\u00e8re\" \/>\n<meta property=\"og:url\" content=\"https:\/\/vieassociative.be\/actualites\/pres-de-huit-mois-apres-les-elections-la-belgique-a-recu-un-gouvernement-federal-dirige-par-n-va-pour-la-premiere-fois\/\" \/>\n<meta property=\"og:site_name\" content=\"Vie Associative\" \/>\n<meta property=\"article:published_time\" content=\"2025-02-01T02:17:57+00:00\" \/>\n<meta property=\"og:image\" content=\"https:\/\/vieassociative.be\/actualites\/wp-content\/uploads\/2024\/09\/header_backgroundk-01-e1726694325946.png\" \/>\n\t<meta property=\"og:image:width\" content=\"279\" \/>\n\t<meta property=\"og:image:height\" content=\"92\" \/>\n\t<meta property=\"og:image:type\" content=\"image\/png\" \/>\n<meta name=\"author\" content=\"Julien\" \/>\n<meta name=\"twitter:card\" content=\"summary_large_image\" \/>\n<meta name=\"twitter:label1\" content=\"\u00c9crit par\" \/>\n\t<meta name=\"twitter:data1\" content=\"Julien\" \/>\n\t<meta name=\"twitter:label2\" content=\"Dur\u00e9e de lecture est.\" \/>\n\t<meta name=\"twitter:data2\" content=\"2 minutes\" \/>\n<script type=\"application\/ld+json\" class=\"yoast-schema-graph\">{\"@context\":\"https:\/\/schema.org\",\"@graph\":[{\"@type\":\"Article\",\"@id\":\"https:\/\/vieassociative.be\/actualites\/pres-de-huit-mois-apres-les-elections-la-belgique-a-recu-un-gouvernement-federal-dirige-par-n-va-pour-la-premiere-fois\/#article\",\"isPartOf\":{\"@id\":\"https:\/\/vieassociative.be\/actualites\/pres-de-huit-mois-apres-les-elections-la-belgique-a-recu-un-gouvernement-federal-dirige-par-n-va-pour-la-premiere-fois\/\"},\"author\":{\"name\":\"Julien\",\"@id\":\"https:\/\/vieassociative.be\/actualites\/#\/schema\/person\/b87ac4f82f9d4e7b7cec7395b679edc4\"},\"headline\":\"Pr\u00e8s de huit mois apr\u00e8s les \u00e9lections, la Belgique a re\u00e7u un gouvernement f\u00e9d\u00e9ral dirig\u00e9 par N-VA pour la premi\u00e8re fois\",\"datePublished\":\"2025-02-01T02:17:57+00:00\",\"dateModified\":\"2025-02-01T02:17:57+00:00\",\"mainEntityOfPage\":{\"@id\":\"https:\/\/vieassociative.be\/actualites\/pres-de-huit-mois-apres-les-elections-la-belgique-a-recu-un-gouvernement-federal-dirige-par-n-va-pour-la-premiere-fois\/\"},\"wordCount\":439,\"publisher\":{\"@id\":\"https:\/\/vieassociative.be\/actualites\/#organization\"},\"image\":{\"@id\":\"https:\/\/vieassociative.be\/actualites\/pres-de-huit-mois-apres-les-elections-la-belgique-a-recu-un-gouvernement-federal-dirige-par-n-va-pour-la-premiere-fois\/#primaryimage\"},\"thumbnailUrl\":\"https:\/\/vieassociative.be\/actualites\/wp-content\/uploads\/2025\/02\/1738376277_Pres-de-huit-mois-apres-les-elections-la-Belgique-a.jpg\",\"keywords\":[\"Apr\u00e8s\",\"Belgique\",\"dirig\u00e9\",\"\u00e9lections\",\"f\u00e9d\u00e9ral\",\"fois\",\"gouvernement\",\"Huit\",\"Les\",\"mois\",\"NVA\",\"par\",\"pour\",\"premi\u00e8re\",\"pr\u00e8s\",\"re\u00e7u\"],\"articleSection\":[\"Belgique\"],\"inLanguage\":\"fr-BE\"},{\"@type\":\"WebPage\",\"@id\":\"https:\/\/vieassociative.be\/actualites\/pres-de-huit-mois-apres-les-elections-la-belgique-a-recu-un-gouvernement-federal-dirige-par-n-va-pour-la-premiere-fois\/\",\"url\":\"https:\/\/vieassociative.be\/actualites\/pres-de-huit-mois-apres-les-elections-la-belgique-a-recu-un-gouvernement-federal-dirige-par-n-va-pour-la-premiere-fois\/\",\"name\":\"Pr\u00e8s de huit mois apr\u00e8s les \u00e9lections, la Belgique a re\u00e7u un gouvernement f\u00e9d\u00e9ral dirig\u00e9 par N-VA pour la premi\u00e8re fois | Vie Associative\",\"isPartOf\":{\"@id\":\"https:\/\/vieassociative.be\/actualites\/#website\"},\"primaryImageOfPage\":{\"@id\":\"https:\/\/vieassociative.be\/actualites\/pres-de-huit-mois-apres-les-elections-la-belgique-a-recu-un-gouvernement-federal-dirige-par-n-va-pour-la-premiere-fois\/#primaryimage\"},\"image\":{\"@id\":\"https:\/\/vieassociative.be\/actualites\/pres-de-huit-mois-apres-les-elections-la-belgique-a-recu-un-gouvernement-federal-dirige-par-n-va-pour-la-premiere-fois\/#primaryimage\"},\"thumbnailUrl\":\"https:\/\/vieassociative.be\/actualites\/wp-content\/uploads\/2025\/02\/1738376277_Pres-de-huit-mois-apres-les-elections-la-Belgique-a.jpg\",\"datePublished\":\"2025-02-01T02:17:57+00:00\",\"dateModified\":\"2025-02-01T02:17:57+00:00\",\"breadcrumb\":{\"@id\":\"https:\/\/vieassociative.be\/actualites\/pres-de-huit-mois-apres-les-elections-la-belgique-a-recu-un-gouvernement-federal-dirige-par-n-va-pour-la-premiere-fois\/#breadcrumb\"},\"inLanguage\":\"fr-BE\",\"potentialAction\":[{\"@type\":\"ReadAction\",\"target\":[\"https:\/\/vieassociative.be\/actualites\/pres-de-huit-mois-apres-les-elections-la-belgique-a-recu-un-gouvernement-federal-dirige-par-n-va-pour-la-premiere-fois\/\"]}]},{\"@type\":\"ImageObject\",\"inLanguage\":\"fr-BE\",\"@id\":\"https:\/\/vieassociative.be\/actualites\/pres-de-huit-mois-apres-les-elections-la-belgique-a-recu-un-gouvernement-federal-dirige-par-n-va-pour-la-premiere-fois\/#primaryimage\",\"url\":\"https:\/\/vieassociative.be\/actualites\/wp-content\/uploads\/2025\/02\/1738376277_Pres-de-huit-mois-apres-les-elections-la-Belgique-a.jpg\",\"contentUrl\":\"https:\/\/vieassociative.be\/actualites\/wp-content\/uploads\/2025\/02\/1738376277_Pres-de-huit-mois-apres-les-elections-la-Belgique-a.jpg\",\"width\":1200,\"height\":700,\"caption\":\"Pr\u00e8s de huit mois apr\u00e8s les \u00e9lections, la Belgique a re\u00e7u un gouvernement f\u00e9d\u00e9ral dirig\u00e9 par N-VA pour la premi\u00e8re fois\"},{\"@type\":\"BreadcrumbList\",\"@id\":\"https:\/\/vieassociative.be\/actualites\/pres-de-huit-mois-apres-les-elections-la-belgique-a-recu-un-gouvernement-federal-dirige-par-n-va-pour-la-premiere-fois\/#breadcrumb\",\"itemListElement\":[{\"@type\":\"ListItem\",\"position\":1,\"name\":\"Accueil\",\"item\":\"https:\/\/vieassociative.be\/actualites\/\"},{\"@type\":\"ListItem\",\"position\":2,\"name\":\"Pr\u00e8s de huit mois apr\u00e8s les \u00e9lections, la Belgique a re\u00e7u un gouvernement f\u00e9d\u00e9ral dirig\u00e9 par N-VA pour la premi\u00e8re fois\"}]},{\"@type\":\"WebSite\",\"@id\":\"https:\/\/vieassociative.be\/actualites\/#website\",\"url\":\"https:\/\/vieassociative.be\/actualites\/\",\"name\":\"Vie Associative\",\"description\":\"\",\"publisher\":{\"@id\":\"https:\/\/vieassociative.be\/actualites\/#organization\"},\"potentialAction\":[{\"@type\":\"SearchAction\",\"target\":{\"@type\":\"EntryPoint\",\"urlTemplate\":\"https:\/\/vieassociative.be\/actualites\/?s={search_term_string}\"},\"query-input\":{\"@type\":\"PropertyValueSpecification\",\"valueRequired\":true,\"valueName\":\"search_term_string\"}}],\"inLanguage\":\"fr-BE\"},{\"@type\":\"Organization\",\"@id\":\"https:\/\/vieassociative.be\/actualites\/#organization\",\"name\":\"Vie Associative\",\"url\":\"https:\/\/vieassociative.be\/actualites\/\",\"logo\":{\"@type\":\"ImageObject\",\"inLanguage\":\"fr-BE\",\"@id\":\"https:\/\/vieassociative.be\/actualites\/#\/schema\/logo\/image\/\",\"url\":\"https:\/\/vieassociative.be\/actualites\/wp-content\/uploads\/2024\/09\/cropped-vieassociative_favicon.ico.png\",\"contentUrl\":\"https:\/\/vieassociative.be\/actualites\/wp-content\/uploads\/2024\/09\/cropped-vieassociative_favicon.ico.png\",\"width\":512,\"height\":512,\"caption\":\"Vie Associative\"},\"image\":{\"@id\":\"https:\/\/vieassociative.be\/actualites\/#\/schema\/logo\/image\/\"}},{\"@type\":\"Person\",\"@id\":\"https:\/\/vieassociative.be\/actualites\/#\/schema\/person\/b87ac4f82f9d4e7b7cec7395b679edc4\",\"name\":\"Julien\",\"image\":{\"@type\":\"ImageObject\",\"inLanguage\":\"fr-BE\",\"@id\":\"https:\/\/vieassociative.be\/actualites\/#\/schema\/person\/image\/\",\"url\":\"https:\/\/vieassociative.be\/actualites\/wp-content\/uploads\/2024\/09\/vie-associative-1-150x150.jpg\",\"contentUrl\":\"https:\/\/vieassociative.be\/actualites\/wp-content\/uploads\/2024\/09\/vie-associative-1-150x150.jpg\",\"caption\":\"Julien\"},\"description\":\"Je suis Julien, r\u00e9dacteur pour Vie Associative. Passionn\u00e9 par le monde associatif depuis plus de 10 ans, j'ai \u00e0 c\u0153ur de partager des histoires inspirantes et de mettre en lumi\u00e8re les initiatives locales. Mon objectif est de sensibiliser et d'encourager l'engagement communautaire \u00e0 travers mes articles.\",\"sameAs\":[\"https:\/\/vieassociative.be\/\"]}]}<\/script>\n<!-- \/ Yoast SEO plugin. -->","yoast_head_json":{"title":"Pr\u00e8s de huit mois apr\u00e8s les \u00e9lections, la Belgique a re\u00e7u un gouvernement f\u00e9d\u00e9ral dirig\u00e9 par N-VA pour la premi\u00e8re fois | Vie Associative","robots":{"index":"index","follow":"follow","max-snippet":"max-snippet:-1","max-image-preview":"max-image-preview:large","max-video-preview":"max-video-preview:-1"},"canonical":"https:\/\/vieassociative.be\/actualites\/pres-de-huit-mois-apres-les-elections-la-belgique-a-recu-un-gouvernement-federal-dirige-par-n-va-pour-la-premiere-fois\/","og_locale":"fr_FR","og_type":"article","og_title":"Pr\u00e8s de huit mois apr\u00e8s les \u00e9lections, la Belgique a re\u00e7u un gouvernement f\u00e9d\u00e9ral dirig\u00e9 par N-VA pour la premi\u00e8re fois | Vie Associative","og_description":"Pr\u00e8s de huit mois apr\u00e8s l&rsquo;\u00e9lection du 9 juin 2024, il y a un nouveau gouvernement f\u00e9d\u00e9ral en Belgique qui est g\u00e9r\u00e9 pour la premi\u00e8re","og_url":"https:\/\/vieassociative.be\/actualites\/pres-de-huit-mois-apres-les-elections-la-belgique-a-recu-un-gouvernement-federal-dirige-par-n-va-pour-la-premiere-fois\/","og_site_name":"Vie Associative","article_published_time":"2025-02-01T02:17:57+00:00","og_image":[{"width":279,"height":92,"url":"https:\/\/vieassociative.be\/actualites\/wp-content\/uploads\/2024\/09\/header_backgroundk-01-e1726694325946.png","type":"image\/png"}],"author":"Julien","twitter_card":"summary_large_image","twitter_misc":{"\u00c9crit par":"Julien","Dur\u00e9e de lecture est.":"2 minutes"},"schema":{"@context":"https:\/\/schema.org","@graph":[{"@type":"Article","@id":"https:\/\/vieassociative.be\/actualites\/pres-de-huit-mois-apres-les-elections-la-belgique-a-recu-un-gouvernement-federal-dirige-par-n-va-pour-la-premiere-fois\/#article","isPartOf":{"@id":"https:\/\/vieassociative.be\/actualites\/pres-de-huit-mois-apres-les-elections-la-belgique-a-recu-un-gouvernement-federal-dirige-par-n-va-pour-la-premiere-fois\/"},"author":{"name":"Julien","@id":"https:\/\/vieassociative.be\/actualites\/#\/schema\/person\/b87ac4f82f9d4e7b7cec7395b679edc4"},"headline":"Pr\u00e8s de huit mois apr\u00e8s les \u00e9lections, la Belgique a re\u00e7u un gouvernement f\u00e9d\u00e9ral dirig\u00e9 par N-VA pour la premi\u00e8re fois","datePublished":"2025-02-01T02:17:57+00:00","dateModified":"2025-02-01T02:17:57+00:00","mainEntityOfPage":{"@id":"https:\/\/vieassociative.be\/actualites\/pres-de-huit-mois-apres-les-elections-la-belgique-a-recu-un-gouvernement-federal-dirige-par-n-va-pour-la-premiere-fois\/"},"wordCount":439,"publisher":{"@id":"https:\/\/vieassociative.be\/actualites\/#organization"},"image":{"@id":"https:\/\/vieassociative.be\/actualites\/pres-de-huit-mois-apres-les-elections-la-belgique-a-recu-un-gouvernement-federal-dirige-par-n-va-pour-la-premiere-fois\/#primaryimage"},"thumbnailUrl":"https:\/\/vieassociative.be\/actualites\/wp-content\/uploads\/2025\/02\/1738376277_Pres-de-huit-mois-apres-les-elections-la-Belgique-a.jpg","keywords":["Apr\u00e8s","Belgique","dirig\u00e9","\u00e9lections","f\u00e9d\u00e9ral","fois","gouvernement","Huit","Les","mois","NVA","par","pour","premi\u00e8re","pr\u00e8s","re\u00e7u"],"articleSection":["Belgique"],"inLanguage":"fr-BE"},{"@type":"WebPage","@id":"https:\/\/vieassociative.be\/actualites\/pres-de-huit-mois-apres-les-elections-la-belgique-a-recu-un-gouvernement-federal-dirige-par-n-va-pour-la-premiere-fois\/","url":"https:\/\/vieassociative.be\/actualites\/pres-de-huit-mois-apres-les-elections-la-belgique-a-recu-un-gouvernement-federal-dirige-par-n-va-pour-la-premiere-fois\/","name":"Pr\u00e8s de huit mois apr\u00e8s les \u00e9lections, la Belgique a re\u00e7u un gouvernement f\u00e9d\u00e9ral dirig\u00e9 par N-VA pour la premi\u00e8re fois | Vie Associative","isPartOf":{"@id":"https:\/\/vieassociative.be\/actualites\/#website"},"primaryImageOfPage":{"@id":"https:\/\/vieassociative.be\/actualites\/pres-de-huit-mois-apres-les-elections-la-belgique-a-recu-un-gouvernement-federal-dirige-par-n-va-pour-la-premiere-fois\/#primaryimage"},"image":{"@id":"https:\/\/vieassociative.be\/actualites\/pres-de-huit-mois-apres-les-elections-la-belgique-a-recu-un-gouvernement-federal-dirige-par-n-va-pour-la-premiere-fois\/#primaryimage"},"thumbnailUrl":"https:\/\/vieassociative.be\/actualites\/wp-content\/uploads\/2025\/02\/1738376277_Pres-de-huit-mois-apres-les-elections-la-Belgique-a.jpg","datePublished":"2025-02-01T02:17:57+00:00","dateModified":"2025-02-01T02:17:57+00:00","breadcrumb":{"@id":"https:\/\/vieassociative.be\/actualites\/pres-de-huit-mois-apres-les-elections-la-belgique-a-recu-un-gouvernement-federal-dirige-par-n-va-pour-la-premiere-fois\/#breadcrumb"},"inLanguage":"fr-BE","potentialAction":[{"@type":"ReadAction","target":["https:\/\/vieassociative.be\/actualites\/pres-de-huit-mois-apres-les-elections-la-belgique-a-recu-un-gouvernement-federal-dirige-par-n-va-pour-la-premiere-fois\/"]}]},{"@type":"ImageObject","inLanguage":"fr-BE","@id":"https:\/\/vieassociative.be\/actualites\/pres-de-huit-mois-apres-les-elections-la-belgique-a-recu-un-gouvernement-federal-dirige-par-n-va-pour-la-premiere-fois\/#primaryimage","url":"https:\/\/vieassociative.be\/actualites\/wp-content\/uploads\/2025\/02\/1738376277_Pres-de-huit-mois-apres-les-elections-la-Belgique-a.jpg","contentUrl":"https:\/\/vieassociative.be\/actualites\/wp-content\/uploads\/2025\/02\/1738376277_Pres-de-huit-mois-apres-les-elections-la-Belgique-a.jpg","width":1200,"height":700,"caption":"Pr\u00e8s de huit mois apr\u00e8s les \u00e9lections, la Belgique a re\u00e7u un gouvernement f\u00e9d\u00e9ral dirig\u00e9 par N-VA pour la premi\u00e8re fois"},{"@type":"BreadcrumbList","@id":"https:\/\/vieassociative.be\/actualites\/pres-de-huit-mois-apres-les-elections-la-belgique-a-recu-un-gouvernement-federal-dirige-par-n-va-pour-la-premiere-fois\/#breadcrumb","itemListElement":[{"@type":"ListItem","position":1,"name":"Accueil","item":"https:\/\/vieassociative.be\/actualites\/"},{"@type":"ListItem","position":2,"name":"Pr\u00e8s de huit mois apr\u00e8s les \u00e9lections, la Belgique a re\u00e7u un gouvernement f\u00e9d\u00e9ral dirig\u00e9 par N-VA pour la premi\u00e8re fois"}]},{"@type":"WebSite","@id":"https:\/\/vieassociative.be\/actualites\/#website","url":"https:\/\/vieassociative.be\/actualites\/","name":"Vie Associative","description":"","publisher":{"@id":"https:\/\/vieassociative.be\/actualites\/#organization"},"potentialAction":[{"@type":"SearchAction","target":{"@type":"EntryPoint","urlTemplate":"https:\/\/vieassociative.be\/actualites\/?s={search_term_string}"},"query-input":{"@type":"PropertyValueSpecification","valueRequired":true,"valueName":"search_term_string"}}],"inLanguage":"fr-BE"},{"@type":"Organization","@id":"https:\/\/vieassociative.be\/actualites\/#organization","name":"Vie Associative","url":"https:\/\/vieassociative.be\/actualites\/","logo":{"@type":"ImageObject","inLanguage":"fr-BE","@id":"https:\/\/vieassociative.be\/actualites\/#\/schema\/logo\/image\/","url":"https:\/\/vieassociative.be\/actualites\/wp-content\/uploads\/2024\/09\/cropped-vieassociative_favicon.ico.png","contentUrl":"https:\/\/vieassociative.be\/actualites\/wp-content\/uploads\/2024\/09\/cropped-vieassociative_favicon.ico.png","width":512,"height":512,"caption":"Vie Associative"},"image":{"@id":"https:\/\/vieassociative.be\/actualites\/#\/schema\/logo\/image\/"}},{"@type":"Person","@id":"https:\/\/vieassociative.be\/actualites\/#\/schema\/person\/b87ac4f82f9d4e7b7cec7395b679edc4","name":"Julien","image":{"@type":"ImageObject","inLanguage":"fr-BE","@id":"https:\/\/vieassociative.be\/actualites\/#\/schema\/person\/image\/","url":"https:\/\/vieassociative.be\/actualites\/wp-content\/uploads\/2024\/09\/vie-associative-1-150x150.jpg","contentUrl":"https:\/\/vieassociative.be\/actualites\/wp-content\/uploads\/2024\/09\/vie-associative-1-150x150.jpg","caption":"Julien"},"description":"Je suis Julien, r\u00e9dacteur pour Vie Associative. Passionn\u00e9 par le monde associatif depuis plus de 10 ans, j'ai \u00e0 c\u0153ur de partager des histoires inspirantes et de mettre en lumi\u00e8re les initiatives locales. Mon objectif est de sensibiliser et d'encourager l'engagement communautaire \u00e0 travers mes articles.","sameAs":["https:\/\/vieassociative.be\/"]}]}},"_links":{"self":[{"href":"https:\/\/vieassociative.be\/actualites\/wp-json\/wp\/v2\/posts\/4752"}],"collection":[{"href":"https:\/\/vieassociative.be\/actualites\/wp-json\/wp\/v2\/posts"}],"about":[{"href":"https:\/\/vieassociative.be\/actualites\/wp-json\/wp\/v2\/types\/post"}],"author":[{"embeddable":true,"href":"https:\/\/vieassociative.be\/actualites\/wp-json\/wp\/v2\/users\/1"}],"replies":[{"embeddable":true,"href":"https:\/\/vieassociative.be\/actualites\/wp-json\/wp\/v2\/comments?post=4752"}],"version-history":[{"count":0,"href":"https:\/\/vieassociative.be\/actualites\/wp-json\/wp\/v2\/posts\/4752\/revisions"}],"wp:featuredmedia":[{"embeddable":true,"href":"https:\/\/vieassociative.be\/actualites\/wp-json\/wp\/v2\/media\/4753"}],"wp:attachment":[{"href":"https:\/\/vieassociative.be\/actualites\/wp-json\/wp\/v2\/media?parent=4752"}],"wp:term":[{"taxonomy":"category","embeddable":true,"href":"https:\/\/vieassociative.be\/actualites\/wp-json\/wp\/v2\/categories?post=4752"},{"taxonomy":"post_tag","embeddable":true,"href":"https:\/\/vieassociative.be\/actualites\/wp-json\/wp\/v2\/tags?post=4752"}],"curies":[{"name":"wp","href":"https:\/\/api.w.org\/{rel}","templated":true}]}}