{"id":4746,"date":"2025-01-31T21:18:32","date_gmt":"2025-01-31T20:18:32","guid":{"rendered":"https:\/\/vieassociative.be\/actualites\/bundestag-rejette-la-loi-sur-la-limitation-de-lafflux-rally-nous-sommes-le-mur-du-feu-a-aix-un\/"},"modified":"2025-01-31T21:18:32","modified_gmt":"2025-01-31T20:18:32","slug":"bundestag-rejette-la-loi-sur-la-limitation-de-lafflux-rally-nous-sommes-le-mur-du-feu-a-aix-un","status":"publish","type":"post","link":"https:\/\/vieassociative.be\/actualites\/bundestag-rejette-la-loi-sur-la-limitation-de-lafflux-rally-nous-sommes-le-mur-du-feu-a-aix-un\/","title":{"rendered":"Bundestag rejette la \u00ab\u00a0loi sur la limitation de l&rsquo;afflux\u00a0\u00bb &#8211; Rally \u00ab\u00a0Nous sommes le mur du feu\u00a0\u00bb \u00e0 Aix-un"},"content":{"rendered":"<p><strong>Le Bundestag allemand a \u00e9galement rejet\u00e9 le projet de loi du groupe parlementaire CDU \/ CSU pour limiter la migration pour un \u00e9ventuel soutien de l&rsquo;AFD. <\/strong><\/p>\n<p><span id=\"more-407191\"><\/span>Le chef de session Petra Pau a annonc\u00e9 que la \u00abloi sur la limitation des flux\u00bb n&rsquo;avait pas trouv\u00e9 la majorit\u00e9 \u00e0 la deuxi\u00e8me lecture. La troisi\u00e8me lecture avec le vote final \u00e9tait \u00e0 peu pr\u00e8s \u00e0 peu pr\u00e8s.<\/p>\n<p>Selon PAU, 693 d\u00e9put\u00e9s ont soumis leurs voix: 338 Oui, 350 Votes et 5 abstentions. En plus des repr\u00e9sentants du CDU \/ CSU, de l&rsquo;AFD, du FDP, du BSW et de l&rsquo;approbation fractionnaire, avait pr\u00e9c\u00e9demment signal\u00e9. Le SPD et les Verts avaient fortement critiqu\u00e9 les plans. Les critiques avaient averti que le \u00abmur du feu\u00bb des autres partis pour l&rsquo;automne de l&rsquo;AFD, si une loi \u00e9tait adopt\u00e9e, aurait \u00e9t\u00e9 d\u00e9cisive pour les votes de l&rsquo;AFD. Comment les d\u00e9put\u00e9s se sont coordonn\u00e9s en d\u00e9tail doivent encore \u00eatre annonc\u00e9s.<\/p>\n<p><strong>&#8211; Baerbock parle de \u00ab\u00a0honte\u00a0\u00bb<\/strong>: Mercredi, une application du CDU \/ CSU a trouv\u00e9 une majorit\u00e9 pour les refus des migrants aux fronti\u00e8res allemandes, qui n&rsquo;a aucun effet contraignant. Des repr\u00e9sentants de CDU \/ CSU, AFD, FDP et d\u00e9put\u00e9s non infactionnels l&rsquo;ont approuv\u00e9, ce qui a d\u00e9clench\u00e9 l&rsquo;indignation.<\/p>\n<p>Jeudi, des dizaines de milliers de personnes sont descendues dans la rue &#8211; notamment \u00e0 Berlin, Freiburg, Hanover et Munich. Il y avait aussi un vent de face pour le syndicat de nos propres rangs: l&rsquo;ancienne chanceli\u00e8re Angela Merkel (CDU) est intervenue et l&rsquo;a appel\u00e9e \u00ab\u00a0mal\u00a0\u00bb pour permettre une majorit\u00e9 avec les votes de l&rsquo;AFD pour la premi\u00e8re fois.<\/p>\n<div id=\"attachment_407194\" class=\"wp-caption alignleft\" style=\"max-width: 300px\"><img fetchpriority=\"high\" decoding=\"async\" class=\"wp-image-407194 size-medium\" src=\"https:\/\/vieassociative.be\/actualites\/wp-content\/uploads\/2025\/01\/Bundestag-rejette-la-loi-sur-la-limitation-de-lafflux.jpg\" alt=\"\" width=\"300\" height=\"195\"><\/p>\n<p class=\"wp-caption-text\">01\/31\/2025, Berlin: Friedrich Merz, pr\u00e9sident f\u00e9d\u00e9ral de la CDU et chef du groupe parlementaire de la CDU \/ CSU dans le Bundestag, participe \u00e0 un groupe parlementaire apr\u00e8s le vote sur la \u00ab\u00a0Loi sur la limitation de l&rsquo;Union\u00a0\u00bb de l&rsquo;Union pour contenir la migration dans le Bundestag . Photo: Michael Kappeler \/ DPA<\/p>\n<\/div>\n<p>Il s&rsquo;agit maintenant de corriger \u00abla honte de mercredi\u00bb, a d\u00e9clar\u00e9 vendredi la ministre des Affaires \u00e9trang\u00e8res Annalena Baerbock (Verts) dans le d\u00e9bat. Le chef du groupe parlementaire du SPD, Rolf M\u00fctzenich, a appel\u00e9 Merz: \u00abLa chute des p\u00e9ch\u00e9s vous accompagnera pour toujours. Mais la passerelle vers l&rsquo;enfer, oui, je le dis, nous pouvons toujours fermer la passerelle en enfer ensemble.<\/p>\n<p><strong>&#8211; N\u00e9gociations Hitzy et all\u00e9gations mutuelles:<\/strong> Le d\u00e9bat sur le projet de loi a commenc\u00e9 par un retard de trois heures et demie. Le FDP a initialement propos\u00e9 de renvoyer le projet dans les comit\u00e9s et d&#8217;emp\u00eacher ainsi une \u00e9ventuelle d\u00e9cision renouvel\u00e9e avec des votes d\u00e9cisifs de l&rsquo;AFD. Cela a \u00e9t\u00e9 suivi par des consultations mouvement\u00e9es entre les CDU \/ CSU, SPD, Greens et FDP, qui, cependant, n&rsquo;\u00e9taient pas d&rsquo;accord. Le FDP a ensuite renonc\u00e9 \u00e0 sa proposition.<\/p>\n<p>Le chef du groupe parlementaire du FDP, Christian D\u00fcrr, a d\u00e9clar\u00e9 qu&rsquo;il avait offert au SPD et aux Verts que le FDP avait accept\u00e9 un projet de loi-vert pour migration s&rsquo;il soutient le projet du syndicat en retour. Cependant, cette offre de compromis a \u00e9t\u00e9 rejet\u00e9e. D\u00fcrr a annonc\u00e9 que le FDP voulait accepter la loi de l&rsquo;Union.<\/p>\n<p>Le chef de la faction syndicale Friedrich Merz a une fois de plus strictement rejet\u00e9 strictement l&rsquo;all\u00e9gation de coop\u00e9ration avec l&rsquo;AFD dans le vote sur une politique de migration plus nette. Pour exiger le chef du groupe parlementaire du SPD, M\u00fctzenich, il devrait s&rsquo;excuser d&rsquo;avoir partag\u00e9 l&rsquo;AFD, la pr\u00e9sidente de la CDU et candidat \u00e0 l&rsquo;Union a d\u00e9clar\u00e9 dans le d\u00e9bat sur la loi de son groupe parlementaire: \u00ab\u00a0Personne de mon parti n&rsquo;est suffisant pour l&rsquo;AFD ..\u00a0\u00bb<\/p>\n<p>Le directeur g\u00e9n\u00e9ral parlementaire du groupe parlementaire de l&rsquo;AFD, Bernd Baumann, a accus\u00e9 le syndicat un cours incroyable en mati\u00e8re de politique de migration. Baumann a d\u00e9clar\u00e9 dans le Bundestag que Merz voulait aller de l&rsquo;avant, mais il a commenc\u00e9 \u00e0 h\u00e9siter et \u00e0 danser et \u00e0 n\u00e9gocier avec le rouge-vert. En outre, le Premier ministre de l&rsquo;Union avait d\u00e9j\u00e0 annonc\u00e9 que la \u00abloi sur la limitation du commerce\u00bb au sein du Conseil f\u00e9d\u00e9ral n&rsquo;avait pas accept\u00e9.<\/p>\n<p>FDP-vice Wolfgang Kubicki a accus\u00e9 les Verts une politique de migration immorale. \u00ab\u00a0Quiconque pense pouvoir impressionner les autres par des appels moraux tout en ne faisant rien pour s&rsquo;attaquer aux probl\u00e8mes \u00e9vidents dans le pays ne montre qu&rsquo;une seule chose: il ne s&rsquo;agit pas du pays, il ne s&rsquo;agit que de lui-m\u00eame\u00a0\u00bb, a d\u00e9clar\u00e9 Kubicki.<\/p>\n<div id=\"attachment_407195\" class=\"wp-caption alignleft\" style=\"max-width: 300px\"><img decoding=\"async\" class=\"wp-image-407195 size-medium\" src=\"https:\/\/vieassociative.be\/actualites\/wp-content\/uploads\/2025\/01\/1738354712_605_Bundestag-rejette-la-loi-sur-la-limitation-de-lafflux.jpg\" alt=\"\" width=\"300\" height=\"206\"><\/p>\n<p class=\"wp-caption-text\">31\/01\/2025, Berlin: Nancy Faeser (SPD, L), ministre f\u00e9d\u00e9ral de l&rsquo;int\u00e9rieur et du foyer, et le chancelier f\u00e9d\u00e9ral Olaf Scholz (SPD) pendant le d\u00e9bat dans la salle pl\u00e9ni\u00e8re du Bundestag. Dans le Bundestag, le syndicat a \u00e9t\u00e9 coordonn\u00e9 par la \u00ab\u00a0Loi sur la limitation de la confusion\u00a0\u00bb de l&rsquo;Union pour contenir la migration. Photo: Michael Kappeler \/ DPA<\/p>\n<\/div>\n<p>Le c\u0153ur du projet de loi \u00e9tait une suspension de la r\u00e9unification familiale aux r\u00e9fugi\u00e9s ayant un statut de protection limit\u00e9. Ce groupe comprend de nombreux Syriens en Allemagne. De plus, les pouvoirs de la police f\u00e9d\u00e9rale devraient \u00eatre \u00e9largis. Si, par exemple, vous pouvez d\u00e9couvrir le d\u00e9ploiement de la personne dans les gares, elle devrait \u00eatre en mesure de provoquer une expulsion. Dans son projet, le syndicat a \u00e9galement exhort\u00e9 \u00e0 r\u00e9int\u00e9grer l&rsquo;objectif d&rsquo;une \u00ab\u00a0limitation\u00a0\u00bb de l&rsquo;afflux d&rsquo;\u00e9trangers \u00e0 la loi sur la r\u00e9sidence.<\/p>\n<p>\u00c0 partir de ce samedi 1er f\u00e9vrier, des centaines de personnes devraient faire campagne \u00e0 Aix-un. L&rsquo;Alliance \u00ab\u00a0We Are Aix-up\u00a0\u00bb, une association de diverses organisations, parties et initiatives d&rsquo;Aix-un, pr\u00e9voit un rassemblement de 12 h \u00e0 13 h sur le \u00ab\u00a0Platz for Democracy\u00a0\u00bb (B\u00fcchel) sous la devise \u00ab\u00a0Nous sommes le mur du feu\u00a0\u00bb. Environ 500 participants attendus ont \u00e9t\u00e9 signal\u00e9s \u00e0 la police.<\/p>\n<p>Dans le contexte de l&rsquo;acceptation d&rsquo;une r\u00e9solution du groupe parlementaire de la CDU \/ CSU pour limiter la migration en Allemagne, qui a \u00e9t\u00e9 adopt\u00e9e mercredi avec l&rsquo;aide des voix de l&rsquo;extr\u00e9miste de droite AFD, il existe d&rsquo;autres promotions de groupes tels que \u00a0\u00bb \u00c9tudes contre le droit \u00ab\u00a0ou les\u00a0\u00bb grands contre droite \u00ab\u00a0pr\u00e9vus. Une \u00abveill\u00e9e\u00bb devait se tenir devant le bureau de la CDU d&rsquo;Aix-un \u00e0 Martinsstrasse lors de la soir\u00e9e libre. (DPA \/ CRE)<\/p>\n","protected":false},"excerpt":{"rendered":"<p>Le Bundestag allemand a \u00e9galement rejet\u00e9 le projet de loi du groupe parlementaire CDU \/ CSU pour limiter la migration pour un \u00e9ventuel soutien de<\/p>\n","protected":false},"author":1,"featured_media":4747,"comment_status":"","ping_status":"","sticky":false,"template":"","format":"standard","meta":{"footnotes":""},"categories":[298],"tags":[5083,4063,2114,5079,5078,5077,5082,393,5080,5076,5081,33],"class_list":["post-4746","post","type-post","status-publish","format-standard","has-post-thumbnail","hentry","category-belgique","tag-aixun","tag-bundestag","tag-feu","tag-lafflux","tag-limitation","tag-loi","tag-mur","tag-nous","tag-rally","tag-rejette","tag-sommes","tag-sur","generate-columns","tablet-grid-50","mobile-grid-100","grid-parent","grid-33"],"yoast_head":"<!-- This site is optimized with the Yoast SEO plugin v24.0 - https:\/\/yoast.com\/wordpress\/plugins\/seo\/ -->\n<title>Bundestag rejette la &quot;loi sur la limitation de l&#039;afflux&quot; - Rally &quot;Nous sommes le mur du feu&quot; \u00e0 Aix-un | Vie Associative<\/title>\n<meta name=\"robots\" content=\"index, follow, max-snippet:-1, max-image-preview:large, max-video-preview:-1\" \/>\n<link rel=\"canonical\" href=\"https:\/\/vieassociative.be\/actualites\/bundestag-rejette-la-loi-sur-la-limitation-de-lafflux-rally-nous-sommes-le-mur-du-feu-a-aix-un\/\" \/>\n<meta property=\"og:locale\" content=\"fr_FR\" \/>\n<meta property=\"og:type\" content=\"article\" \/>\n<meta property=\"og:title\" content=\"Bundestag rejette la &quot;loi sur la limitation de l&#039;afflux&quot; - Rally &quot;Nous sommes le mur du feu&quot; \u00e0 Aix-un | Vie Associative\" \/>\n<meta property=\"og:description\" content=\"Le Bundestag allemand a \u00e9galement rejet\u00e9 le projet de loi du groupe parlementaire CDU \/ CSU pour limiter la migration pour un \u00e9ventuel soutien de\" \/>\n<meta property=\"og:url\" content=\"https:\/\/vieassociative.be\/actualites\/bundestag-rejette-la-loi-sur-la-limitation-de-lafflux-rally-nous-sommes-le-mur-du-feu-a-aix-un\/\" \/>\n<meta property=\"og:site_name\" content=\"Vie Associative\" \/>\n<meta property=\"article:published_time\" content=\"2025-01-31T20:18:32+00:00\" \/>\n<meta property=\"og:image\" content=\"https:\/\/vieassociative.be\/actualites\/wp-content\/uploads\/2024\/09\/header_backgroundk-01-e1726694325946.png\" \/>\n\t<meta property=\"og:image:width\" content=\"279\" \/>\n\t<meta property=\"og:image:height\" content=\"92\" \/>\n\t<meta property=\"og:image:type\" content=\"image\/png\" \/>\n<meta name=\"author\" content=\"Julien\" \/>\n<meta name=\"twitter:card\" content=\"summary_large_image\" \/>\n<meta name=\"twitter:label1\" content=\"\u00c9crit par\" \/>\n\t<meta name=\"twitter:data1\" content=\"Julien\" \/>\n\t<meta name=\"twitter:label2\" content=\"Dur\u00e9e de lecture est.\" \/>\n\t<meta name=\"twitter:data2\" content=\"5 minutes\" \/>\n<script type=\"application\/ld+json\" class=\"yoast-schema-graph\">{\"@context\":\"https:\/\/schema.org\",\"@graph\":[{\"@type\":\"Article\",\"@id\":\"https:\/\/vieassociative.be\/actualites\/bundestag-rejette-la-loi-sur-la-limitation-de-lafflux-rally-nous-sommes-le-mur-du-feu-a-aix-un\/#article\",\"isPartOf\":{\"@id\":\"https:\/\/vieassociative.be\/actualites\/bundestag-rejette-la-loi-sur-la-limitation-de-lafflux-rally-nous-sommes-le-mur-du-feu-a-aix-un\/\"},\"author\":{\"name\":\"Julien\",\"@id\":\"https:\/\/vieassociative.be\/actualites\/#\/schema\/person\/b87ac4f82f9d4e7b7cec7395b679edc4\"},\"headline\":\"Bundestag rejette la \u00ab\u00a0loi sur la limitation de l&rsquo;afflux\u00a0\u00bb &#8211; Rally \u00ab\u00a0Nous sommes le mur du feu\u00a0\u00bb \u00e0 Aix-un\",\"datePublished\":\"2025-01-31T20:18:32+00:00\",\"dateModified\":\"2025-01-31T20:18:32+00:00\",\"mainEntityOfPage\":{\"@id\":\"https:\/\/vieassociative.be\/actualites\/bundestag-rejette-la-loi-sur-la-limitation-de-lafflux-rally-nous-sommes-le-mur-du-feu-a-aix-un\/\"},\"wordCount\":1127,\"publisher\":{\"@id\":\"https:\/\/vieassociative.be\/actualites\/#organization\"},\"image\":{\"@id\":\"https:\/\/vieassociative.be\/actualites\/bundestag-rejette-la-loi-sur-la-limitation-de-lafflux-rally-nous-sommes-le-mur-du-feu-a-aix-un\/#primaryimage\"},\"thumbnailUrl\":\"https:\/\/vieassociative.be\/actualites\/wp-content\/uploads\/2025\/01\/1738354712_Bundestag-rejette-la-loi-sur-la-limitation-de-lafflux.jpg\",\"keywords\":[\"Aixun\",\"Bundestag\",\"feu\",\"lafflux\",\"limitation\",\"loi\",\"mur\",\"nous\",\"Rally\",\"rejette\",\"sommes\",\"sur\"],\"articleSection\":[\"Belgique\"],\"inLanguage\":\"fr-BE\"},{\"@type\":\"WebPage\",\"@id\":\"https:\/\/vieassociative.be\/actualites\/bundestag-rejette-la-loi-sur-la-limitation-de-lafflux-rally-nous-sommes-le-mur-du-feu-a-aix-un\/\",\"url\":\"https:\/\/vieassociative.be\/actualites\/bundestag-rejette-la-loi-sur-la-limitation-de-lafflux-rally-nous-sommes-le-mur-du-feu-a-aix-un\/\",\"name\":\"Bundestag rejette la \\\"loi sur la limitation de l'afflux\\\" - Rally \\\"Nous sommes le mur du feu\\\" \u00e0 Aix-un | Vie Associative\",\"isPartOf\":{\"@id\":\"https:\/\/vieassociative.be\/actualites\/#website\"},\"primaryImageOfPage\":{\"@id\":\"https:\/\/vieassociative.be\/actualites\/bundestag-rejette-la-loi-sur-la-limitation-de-lafflux-rally-nous-sommes-le-mur-du-feu-a-aix-un\/#primaryimage\"},\"image\":{\"@id\":\"https:\/\/vieassociative.be\/actualites\/bundestag-rejette-la-loi-sur-la-limitation-de-lafflux-rally-nous-sommes-le-mur-du-feu-a-aix-un\/#primaryimage\"},\"thumbnailUrl\":\"https:\/\/vieassociative.be\/actualites\/wp-content\/uploads\/2025\/01\/1738354712_Bundestag-rejette-la-loi-sur-la-limitation-de-lafflux.jpg\",\"datePublished\":\"2025-01-31T20:18:32+00:00\",\"dateModified\":\"2025-01-31T20:18:32+00:00\",\"breadcrumb\":{\"@id\":\"https:\/\/vieassociative.be\/actualites\/bundestag-rejette-la-loi-sur-la-limitation-de-lafflux-rally-nous-sommes-le-mur-du-feu-a-aix-un\/#breadcrumb\"},\"inLanguage\":\"fr-BE\",\"potentialAction\":[{\"@type\":\"ReadAction\",\"target\":[\"https:\/\/vieassociative.be\/actualites\/bundestag-rejette-la-loi-sur-la-limitation-de-lafflux-rally-nous-sommes-le-mur-du-feu-a-aix-un\/\"]}]},{\"@type\":\"ImageObject\",\"inLanguage\":\"fr-BE\",\"@id\":\"https:\/\/vieassociative.be\/actualites\/bundestag-rejette-la-loi-sur-la-limitation-de-lafflux-rally-nous-sommes-le-mur-du-feu-a-aix-un\/#primaryimage\",\"url\":\"https:\/\/vieassociative.be\/actualites\/wp-content\/uploads\/2025\/01\/1738354712_Bundestag-rejette-la-loi-sur-la-limitation-de-lafflux.jpg\",\"contentUrl\":\"https:\/\/vieassociative.be\/actualites\/wp-content\/uploads\/2025\/01\/1738354712_Bundestag-rejette-la-loi-sur-la-limitation-de-lafflux.jpg\",\"width\":1200,\"height\":800,\"caption\":\"Bundestag rejette la \\\"loi sur la limitation de l'afflux\\\" - Rally \\\"Nous sommes le mur du feu\\\" \u00e0 Aix-un\"},{\"@type\":\"BreadcrumbList\",\"@id\":\"https:\/\/vieassociative.be\/actualites\/bundestag-rejette-la-loi-sur-la-limitation-de-lafflux-rally-nous-sommes-le-mur-du-feu-a-aix-un\/#breadcrumb\",\"itemListElement\":[{\"@type\":\"ListItem\",\"position\":1,\"name\":\"Accueil\",\"item\":\"https:\/\/vieassociative.be\/actualites\/\"},{\"@type\":\"ListItem\",\"position\":2,\"name\":\"Bundestag rejette la \u00ab\u00a0loi sur la limitation de l&rsquo;afflux\u00a0\u00bb &#8211; Rally \u00ab\u00a0Nous sommes le mur du feu\u00a0\u00bb \u00e0 Aix-un\"}]},{\"@type\":\"WebSite\",\"@id\":\"https:\/\/vieassociative.be\/actualites\/#website\",\"url\":\"https:\/\/vieassociative.be\/actualites\/\",\"name\":\"Vie Associative\",\"description\":\"\",\"publisher\":{\"@id\":\"https:\/\/vieassociative.be\/actualites\/#organization\"},\"potentialAction\":[{\"@type\":\"SearchAction\",\"target\":{\"@type\":\"EntryPoint\",\"urlTemplate\":\"https:\/\/vieassociative.be\/actualites\/?s={search_term_string}\"},\"query-input\":{\"@type\":\"PropertyValueSpecification\",\"valueRequired\":true,\"valueName\":\"search_term_string\"}}],\"inLanguage\":\"fr-BE\"},{\"@type\":\"Organization\",\"@id\":\"https:\/\/vieassociative.be\/actualites\/#organization\",\"name\":\"Vie Associative\",\"url\":\"https:\/\/vieassociative.be\/actualites\/\",\"logo\":{\"@type\":\"ImageObject\",\"inLanguage\":\"fr-BE\",\"@id\":\"https:\/\/vieassociative.be\/actualites\/#\/schema\/logo\/image\/\",\"url\":\"https:\/\/vieassociative.be\/actualites\/wp-content\/uploads\/2024\/09\/cropped-vieassociative_favicon.ico.png\",\"contentUrl\":\"https:\/\/vieassociative.be\/actualites\/wp-content\/uploads\/2024\/09\/cropped-vieassociative_favicon.ico.png\",\"width\":512,\"height\":512,\"caption\":\"Vie Associative\"},\"image\":{\"@id\":\"https:\/\/vieassociative.be\/actualites\/#\/schema\/logo\/image\/\"}},{\"@type\":\"Person\",\"@id\":\"https:\/\/vieassociative.be\/actualites\/#\/schema\/person\/b87ac4f82f9d4e7b7cec7395b679edc4\",\"name\":\"Julien\",\"image\":{\"@type\":\"ImageObject\",\"inLanguage\":\"fr-BE\",\"@id\":\"https:\/\/vieassociative.be\/actualites\/#\/schema\/person\/image\/\",\"url\":\"https:\/\/vieassociative.be\/actualites\/wp-content\/uploads\/2024\/09\/vie-associative-1-150x150.jpg\",\"contentUrl\":\"https:\/\/vieassociative.be\/actualites\/wp-content\/uploads\/2024\/09\/vie-associative-1-150x150.jpg\",\"caption\":\"Julien\"},\"description\":\"Je suis Julien, r\u00e9dacteur pour Vie Associative. Passionn\u00e9 par le monde associatif depuis plus de 10 ans, j'ai \u00e0 c\u0153ur de partager des histoires inspirantes et de mettre en lumi\u00e8re les initiatives locales. Mon objectif est de sensibiliser et d'encourager l'engagement communautaire \u00e0 travers mes articles.\",\"sameAs\":[\"https:\/\/vieassociative.be\/\"]}]}<\/script>\n<!-- \/ Yoast SEO plugin. -->","yoast_head_json":{"title":"Bundestag rejette la \"loi sur la limitation de l'afflux\" - Rally \"Nous sommes le mur du feu\" \u00e0 Aix-un | Vie Associative","robots":{"index":"index","follow":"follow","max-snippet":"max-snippet:-1","max-image-preview":"max-image-preview:large","max-video-preview":"max-video-preview:-1"},"canonical":"https:\/\/vieassociative.be\/actualites\/bundestag-rejette-la-loi-sur-la-limitation-de-lafflux-rally-nous-sommes-le-mur-du-feu-a-aix-un\/","og_locale":"fr_FR","og_type":"article","og_title":"Bundestag rejette la \"loi sur la limitation de l'afflux\" - Rally \"Nous sommes le mur du feu\" \u00e0 Aix-un | Vie Associative","og_description":"Le Bundestag allemand a \u00e9galement rejet\u00e9 le projet de loi du groupe parlementaire CDU \/ CSU pour limiter la migration pour un \u00e9ventuel soutien de","og_url":"https:\/\/vieassociative.be\/actualites\/bundestag-rejette-la-loi-sur-la-limitation-de-lafflux-rally-nous-sommes-le-mur-du-feu-a-aix-un\/","og_site_name":"Vie Associative","article_published_time":"2025-01-31T20:18:32+00:00","og_image":[{"width":279,"height":92,"url":"https:\/\/vieassociative.be\/actualites\/wp-content\/uploads\/2024\/09\/header_backgroundk-01-e1726694325946.png","type":"image\/png"}],"author":"Julien","twitter_card":"summary_large_image","twitter_misc":{"\u00c9crit par":"Julien","Dur\u00e9e de lecture est.":"5 minutes"},"schema":{"@context":"https:\/\/schema.org","@graph":[{"@type":"Article","@id":"https:\/\/vieassociative.be\/actualites\/bundestag-rejette-la-loi-sur-la-limitation-de-lafflux-rally-nous-sommes-le-mur-du-feu-a-aix-un\/#article","isPartOf":{"@id":"https:\/\/vieassociative.be\/actualites\/bundestag-rejette-la-loi-sur-la-limitation-de-lafflux-rally-nous-sommes-le-mur-du-feu-a-aix-un\/"},"author":{"name":"Julien","@id":"https:\/\/vieassociative.be\/actualites\/#\/schema\/person\/b87ac4f82f9d4e7b7cec7395b679edc4"},"headline":"Bundestag rejette la \u00ab\u00a0loi sur la limitation de l&rsquo;afflux\u00a0\u00bb &#8211; Rally \u00ab\u00a0Nous sommes le mur du feu\u00a0\u00bb \u00e0 Aix-un","datePublished":"2025-01-31T20:18:32+00:00","dateModified":"2025-01-31T20:18:32+00:00","mainEntityOfPage":{"@id":"https:\/\/vieassociative.be\/actualites\/bundestag-rejette-la-loi-sur-la-limitation-de-lafflux-rally-nous-sommes-le-mur-du-feu-a-aix-un\/"},"wordCount":1127,"publisher":{"@id":"https:\/\/vieassociative.be\/actualites\/#organization"},"image":{"@id":"https:\/\/vieassociative.be\/actualites\/bundestag-rejette-la-loi-sur-la-limitation-de-lafflux-rally-nous-sommes-le-mur-du-feu-a-aix-un\/#primaryimage"},"thumbnailUrl":"https:\/\/vieassociative.be\/actualites\/wp-content\/uploads\/2025\/01\/1738354712_Bundestag-rejette-la-loi-sur-la-limitation-de-lafflux.jpg","keywords":["Aixun","Bundestag","feu","lafflux","limitation","loi","mur","nous","Rally","rejette","sommes","sur"],"articleSection":["Belgique"],"inLanguage":"fr-BE"},{"@type":"WebPage","@id":"https:\/\/vieassociative.be\/actualites\/bundestag-rejette-la-loi-sur-la-limitation-de-lafflux-rally-nous-sommes-le-mur-du-feu-a-aix-un\/","url":"https:\/\/vieassociative.be\/actualites\/bundestag-rejette-la-loi-sur-la-limitation-de-lafflux-rally-nous-sommes-le-mur-du-feu-a-aix-un\/","name":"Bundestag rejette la \"loi sur la limitation de l'afflux\" - Rally \"Nous sommes le mur du feu\" \u00e0 Aix-un | Vie Associative","isPartOf":{"@id":"https:\/\/vieassociative.be\/actualites\/#website"},"primaryImageOfPage":{"@id":"https:\/\/vieassociative.be\/actualites\/bundestag-rejette-la-loi-sur-la-limitation-de-lafflux-rally-nous-sommes-le-mur-du-feu-a-aix-un\/#primaryimage"},"image":{"@id":"https:\/\/vieassociative.be\/actualites\/bundestag-rejette-la-loi-sur-la-limitation-de-lafflux-rally-nous-sommes-le-mur-du-feu-a-aix-un\/#primaryimage"},"thumbnailUrl":"https:\/\/vieassociative.be\/actualites\/wp-content\/uploads\/2025\/01\/1738354712_Bundestag-rejette-la-loi-sur-la-limitation-de-lafflux.jpg","datePublished":"2025-01-31T20:18:32+00:00","dateModified":"2025-01-31T20:18:32+00:00","breadcrumb":{"@id":"https:\/\/vieassociative.be\/actualites\/bundestag-rejette-la-loi-sur-la-limitation-de-lafflux-rally-nous-sommes-le-mur-du-feu-a-aix-un\/#breadcrumb"},"inLanguage":"fr-BE","potentialAction":[{"@type":"ReadAction","target":["https:\/\/vieassociative.be\/actualites\/bundestag-rejette-la-loi-sur-la-limitation-de-lafflux-rally-nous-sommes-le-mur-du-feu-a-aix-un\/"]}]},{"@type":"ImageObject","inLanguage":"fr-BE","@id":"https:\/\/vieassociative.be\/actualites\/bundestag-rejette-la-loi-sur-la-limitation-de-lafflux-rally-nous-sommes-le-mur-du-feu-a-aix-un\/#primaryimage","url":"https:\/\/vieassociative.be\/actualites\/wp-content\/uploads\/2025\/01\/1738354712_Bundestag-rejette-la-loi-sur-la-limitation-de-lafflux.jpg","contentUrl":"https:\/\/vieassociative.be\/actualites\/wp-content\/uploads\/2025\/01\/1738354712_Bundestag-rejette-la-loi-sur-la-limitation-de-lafflux.jpg","width":1200,"height":800,"caption":"Bundestag rejette la \"loi sur la limitation de l'afflux\" - Rally \"Nous sommes le mur du feu\" \u00e0 Aix-un"},{"@type":"BreadcrumbList","@id":"https:\/\/vieassociative.be\/actualites\/bundestag-rejette-la-loi-sur-la-limitation-de-lafflux-rally-nous-sommes-le-mur-du-feu-a-aix-un\/#breadcrumb","itemListElement":[{"@type":"ListItem","position":1,"name":"Accueil","item":"https:\/\/vieassociative.be\/actualites\/"},{"@type":"ListItem","position":2,"name":"Bundestag rejette la \u00ab\u00a0loi sur la limitation de l&rsquo;afflux\u00a0\u00bb &#8211; Rally \u00ab\u00a0Nous sommes le mur du feu\u00a0\u00bb \u00e0 Aix-un"}]},{"@type":"WebSite","@id":"https:\/\/vieassociative.be\/actualites\/#website","url":"https:\/\/vieassociative.be\/actualites\/","name":"Vie Associative","description":"","publisher":{"@id":"https:\/\/vieassociative.be\/actualites\/#organization"},"potentialAction":[{"@type":"SearchAction","target":{"@type":"EntryPoint","urlTemplate":"https:\/\/vieassociative.be\/actualites\/?s={search_term_string}"},"query-input":{"@type":"PropertyValueSpecification","valueRequired":true,"valueName":"search_term_string"}}],"inLanguage":"fr-BE"},{"@type":"Organization","@id":"https:\/\/vieassociative.be\/actualites\/#organization","name":"Vie Associative","url":"https:\/\/vieassociative.be\/actualites\/","logo":{"@type":"ImageObject","inLanguage":"fr-BE","@id":"https:\/\/vieassociative.be\/actualites\/#\/schema\/logo\/image\/","url":"https:\/\/vieassociative.be\/actualites\/wp-content\/uploads\/2024\/09\/cropped-vieassociative_favicon.ico.png","contentUrl":"https:\/\/vieassociative.be\/actualites\/wp-content\/uploads\/2024\/09\/cropped-vieassociative_favicon.ico.png","width":512,"height":512,"caption":"Vie Associative"},"image":{"@id":"https:\/\/vieassociative.be\/actualites\/#\/schema\/logo\/image\/"}},{"@type":"Person","@id":"https:\/\/vieassociative.be\/actualites\/#\/schema\/person\/b87ac4f82f9d4e7b7cec7395b679edc4","name":"Julien","image":{"@type":"ImageObject","inLanguage":"fr-BE","@id":"https:\/\/vieassociative.be\/actualites\/#\/schema\/person\/image\/","url":"https:\/\/vieassociative.be\/actualites\/wp-content\/uploads\/2024\/09\/vie-associative-1-150x150.jpg","contentUrl":"https:\/\/vieassociative.be\/actualites\/wp-content\/uploads\/2024\/09\/vie-associative-1-150x150.jpg","caption":"Julien"},"description":"Je suis Julien, r\u00e9dacteur pour Vie Associative. Passionn\u00e9 par le monde associatif depuis plus de 10 ans, j'ai \u00e0 c\u0153ur de partager des histoires inspirantes et de mettre en lumi\u00e8re les initiatives locales. Mon objectif est de sensibiliser et d'encourager l'engagement communautaire \u00e0 travers mes articles.","sameAs":["https:\/\/vieassociative.be\/"]}]}},"_links":{"self":[{"href":"https:\/\/vieassociative.be\/actualites\/wp-json\/wp\/v2\/posts\/4746"}],"collection":[{"href":"https:\/\/vieassociative.be\/actualites\/wp-json\/wp\/v2\/posts"}],"about":[{"href":"https:\/\/vieassociative.be\/actualites\/wp-json\/wp\/v2\/types\/post"}],"author":[{"embeddable":true,"href":"https:\/\/vieassociative.be\/actualites\/wp-json\/wp\/v2\/users\/1"}],"replies":[{"embeddable":true,"href":"https:\/\/vieassociative.be\/actualites\/wp-json\/wp\/v2\/comments?post=4746"}],"version-history":[{"count":0,"href":"https:\/\/vieassociative.be\/actualites\/wp-json\/wp\/v2\/posts\/4746\/revisions"}],"wp:featuredmedia":[{"embeddable":true,"href":"https:\/\/vieassociative.be\/actualites\/wp-json\/wp\/v2\/media\/4747"}],"wp:attachment":[{"href":"https:\/\/vieassociative.be\/actualites\/wp-json\/wp\/v2\/media?parent=4746"}],"wp:term":[{"taxonomy":"category","embeddable":true,"href":"https:\/\/vieassociative.be\/actualites\/wp-json\/wp\/v2\/categories?post=4746"},{"taxonomy":"post_tag","embeddable":true,"href":"https:\/\/vieassociative.be\/actualites\/wp-json\/wp\/v2\/tags?post=4746"}],"curies":[{"name":"wp","href":"https:\/\/api.w.org\/{rel}","templated":true}]}}