{"id":4744,"date":"2025-01-31T20:17:21","date_gmt":"2025-01-31T19:17:21","guid":{"rendered":"https:\/\/vieassociative.be\/actualites\/ces-ecouteurs-sennheiser-sont-a-leur-prix-le-plus-bas-en-ce-moment\/"},"modified":"2025-01-31T20:17:21","modified_gmt":"2025-01-31T19:17:21","slug":"ces-ecouteurs-sennheiser-sont-a-leur-prix-le-plus-bas-en-ce-moment","status":"publish","type":"post","link":"https:\/\/vieassociative.be\/actualites\/ces-ecouteurs-sennheiser-sont-a-leur-prix-le-plus-bas-en-ce-moment\/","title":{"rendered":"Ces \u00e9couteurs Sennheiser sont \u00e0 leur prix le plus bas en ce moment"},"content":{"rendered":"<div class=\"mt-4 leading-6 md:mb-8\">Compatibles avec les codecs AAC, APTX et SBC, ils offrent une grande qualit\u00e9 sonore mais manquent de support LDAC pour une \u00e9coute haute r\u00e9solution.<\/div>\n<p><\/p>\n<p>Si vous avez regard\u00e9 des \u00e9couteurs sans fil premium mais que vous ne voulez pas d\u00e9bourser de gros dollars, cet accord sur le Sennheiser Momentum True Wireless 3 pourrait attirer votre attention. \u00c0 l&rsquo;origine au prix de 279,95 $, ils vont maintenant pour 99,99 $ sur Woot, mais seulement pour huit jours ou jusqu&rsquo;\u00e0 \u00e9puisement. De plus, les membres Prime obtiennent une livraison standard gratuite, tandis que d&rsquo;autres devront payer 6 $ (juste une t\u00eate haute, cette vente n&rsquo;est disponible qu&rsquo;aux \u00c9tats-Unis, et la livraison gratuite n&rsquo;est pas disponible pour les bo\u00eetes de l&rsquo;Alaska, Hawa\u00ef ou PO). Vous obtenez \u00e9galement une garantie limit\u00e9e du fabricant de Sennheiser de deux ans, donc il y a une tranquillit\u00e9 d&rsquo;esprit si quelque chose ne va pas.<\/p>\n<div class=\"pogoClear mb-12 mt-10 rounded-md border-2 border-gray-100 py-7 shadow-xl md:py-6\">\n<div class=\"flex flex-wrap justify-between px-7 text-black no-underline md:flex-nowrap md:px-8\">\n<div class=\"order-1 mx-auto flex flex-col justify-center md:order-2 md:ml-4 md:w-full md:grow\">\n<div class=\"block cursor-pointer text-center font-akshar text-2xl font-medium leading-7 text-brand-green duration-200 ease-in-out hover:text-brand-green-700 md:text-left md:text-xl md:leading-6\">Sennheiser Momentum True Wireless 3 \u00c9diteurs\n                <\/div>\n<div class=\"mt-4 hidden md:flex md:justify-between\">\n<div class=\"self-end\">\n<div class=\"mb-0 h-11 md:flex md:flex-col md:justify-center\">\n<div class=\" font-sans leading-4 text-black\">\n<div class=\"flex flex-wrap items-center justify-center gap-x-1 md:justify-start\">\n        <span class=\"font-bold\"><\/p>\n<p>            99,99 $<br \/>\n                            <span class=\"font-medium\">\u00e0 Woot<\/span><br \/>\n                    <\/span>\n            <\/div>\n<div class=\"flex items-center justify-center gap-x-1 font-bold md:justify-start\">\n            <span class=\"text-sm line-through\">279,95 $<\/span><br \/>\n            <span class=\"text-sm text-brand-green\">\u00c9conomisez 179,96 $<\/span>\n        <\/div>\n<\/p><\/div>\n<\/p><\/div>\n<\/p><\/div>\n<div class=\"w-44 self-end\">\n                            <button class=\"flex justify-center items-center w-full bg-brand-green text-white text-base font-sans font-medium rounded-md hover:bg-brand-green-700 hover:cursor-pointer md:text-sm h-11\"><\/p>\n<p>    Conclure un accord<br \/>\n<\/button>\n                        <\/div>\n<\/p><\/div>\n<\/p><\/div>\n<div class=\"order-2 mt-5 h-auto w-full md:order-1 md:mt-0 md:hidden\">\n<div class=\"flex aspect-video items-center justify-center\">\n                                            <img decoding=\"async\" class=\"m-0 max-h-full max-w-full rounded-md\" src=\"https:\/\/vieassociative.be\/actualites\/wp-content\/uploads\/2025\/01\/Ces-ecouteurs-Sennheiser-sont-a-leur-prix-le-plus-bas.png\" alt=\"Sennheiser Momentum True Wireless 3\" width=\"auto\" height=\"auto\" loading=\"lazy\">\n                                    <\/div>\n<\/p><\/div>\n<div class=\"order-2 ml-2 hidden w-32 shrink-0 items-center md:order-1 md:ml-0 md:flex\">\n<div class=\"flex aspect-video items-center justify-center\">\n                                            <img decoding=\"async\" class=\"m-0 max-h-full max-w-full rounded-md\" src=\"https:\/\/vieassociative.be\/actualites\/wp-content\/uploads\/2025\/01\/Ces-ecouteurs-Sennheiser-sont-a-leur-prix-le-plus-bas.png\" alt=\"Sennheiser Momentum True Wireless 3\" width=\"auto\" height=\"auto\" loading=\"lazy\">\n                                    <\/div>\n<\/p><\/div>\n<div class=\"order-3 flex grow flex-wrap md:hidden md:grow-0\">\n<div class=\"mt-4 w-full\">\n                        <button class=\"flex justify-center items-center w-full bg-brand-green text-white text-base font-sans font-medium rounded-md hover:bg-brand-green-700 hover:cursor-pointer md:text-sm h-11\"><\/p>\n<p>    Conclure un accord<br \/>\n<\/button>\n                    <\/div>\n<div class=\"mx-2 mt-4 w-full\">\n<div class=\" font-sans leading-4 text-black\">\n<div class=\"flex flex-wrap items-center justify-center gap-x-1 md:justify-start\">\n        <span class=\"font-bold\"><\/p>\n<p>            99,99 $<br \/>\n                            <span class=\"font-medium\">\u00e0 Woot<\/span><br \/>\n                    <\/span>\n            <\/div>\n<div class=\"flex items-center justify-center gap-x-1 font-bold md:justify-start\">\n            <span class=\"text-sm line-through\">279,95 $<\/span><br \/>\n            <span class=\"text-sm text-brand-green\">\u00c9conomisez 179,96 $<\/span>\n        <\/div>\n<\/p><\/div>\n<\/p><\/div>\n<\/p><\/div>\n<\/p><\/div>\n<\/div>\n<p>Ces \u00e9couteurs class\u00e9s IPX4 sont livr\u00e9s avec quatre paires de pointes d&rsquo;oreille (XS \u00e0 L) et trois ensembles de nageoires de stabilit\u00e9, qui aident \u00e0 les maintenir en place, surtout si vous pr\u00e9voyez de les utiliser au gymnase. Les commandes sont int\u00e9gr\u00e9es dans les panneaux ext\u00e9rieurs capacitifs de chaque \u00e9couteur et seraient assez r\u00e9actifs. Cela dit, les commandes tactiles peuvent \u00eatre un peu <em>aussi<\/em> Sensible &#8211; une pause ou un saut de pistes accidentellement lorsque vous ajustez simplement les \u00e9couteurs est un probl\u00e8me courant. En ce qui concerne la batterie, vous obtenez sept heures par charge avec 21 heures suppl\u00e9mentaires \u00e0 partir de l&rsquo;affaire (d\u00e9cente, mais attendez-vous \u00e0 moins si l&rsquo;ANC est allum\u00e9e). La charge est pratique car l&rsquo;affaire prend en charge la charge sans fil Qi et l&rsquo;USB-C.<\/p>\n<p>Sa compatibilit\u00e9 Bluetooth 5.2 assure une connexion stable tandis que ses pilotes dynamiques de 7 mm couvrent une large plage de fr\u00e9quences de 5 Hz \u00e0 21 kHz, offrant une basse profonde sans distorsion, des m\u00e9diums clairs et des sommets \u00e9quilibr\u00e9s. La qualit\u00e9 sonore est impressionnante avec AAC, APTX, APTX Adaptive et SBC pris en charge (ce qui devrait bien fonctionner pour la plupart des utilisateurs), mais les audiophiles pourraient remarquer l&rsquo;absence de support LDAC. L&rsquo;annulation active du bruit (ANC) ici est solide mais pas la meilleure. Il g\u00e8re bien les grondements bas (comme le bruit du plan) mais lutte avec des sons de fr\u00e9quence plus \u00e9lev\u00e9e (comme des bavardages et des plats de clan), comme indiqu\u00e9 dans cette revue PCMAG. Vous pouvez modifier l&rsquo;\u00e9galiseur, ajuster les param\u00e8tres ANC, personnaliser les commandes tactiles, et plus \u00e0 l&rsquo;aide de l&rsquo;application intelligente Sennheiser.<\/p>\n<p>Si la r\u00e9sistance \u00e0 l&rsquo;eau est une priorit\u00e9, le Jabra Elite 7 Pro (renouvel\u00e9, 129,99 $) offre une note IP57 plus \u00e9lev\u00e9e, ce qui la rend plus durable contre la poussi\u00e8re et l&rsquo;eau. Et si vous recherchez une ANC plus forte, le Sony WF-1000XM4 (renouvel\u00e9, 149,97 $) pourrait \u00eatre un meilleur choix.<\/p>\n","protected":false},"excerpt":{"rendered":"<p>Compatibles avec les codecs AAC, APTX et SBC, ils offrent une grande qualit\u00e9 sonore mais manquent de support LDAC pour une \u00e9coute haute r\u00e9solution. Si<\/p>\n","protected":false},"author":1,"featured_media":4745,"comment_status":"","ping_status":"","sticky":false,"template":"","format":"standard","meta":{"footnotes":""},"categories":[13],"tags":[700,248,1537,958,1429,1399,5075,18],"class_list":["post-4744","post","type-post","status-publish","format-standard","has-post-thumbnail","hentry","category-technologie","tag-bas","tag-ces","tag-ecouteurs","tag-leur","tag-moment","tag-prix","tag-sennheiser","tag-sont","generate-columns","tablet-grid-50","mobile-grid-100","grid-parent","grid-33"],"yoast_head":"<!-- This site is optimized with the Yoast SEO plugin v24.0 - https:\/\/yoast.com\/wordpress\/plugins\/seo\/ -->\n<title>Ces \u00e9couteurs Sennheiser sont \u00e0 leur prix le plus bas en ce moment | Vie Associative<\/title>\n<meta name=\"robots\" content=\"index, follow, max-snippet:-1, max-image-preview:large, max-video-preview:-1\" \/>\n<link rel=\"canonical\" href=\"https:\/\/vieassociative.be\/actualites\/ces-ecouteurs-sennheiser-sont-a-leur-prix-le-plus-bas-en-ce-moment\/\" \/>\n<meta property=\"og:locale\" content=\"fr_FR\" \/>\n<meta property=\"og:type\" content=\"article\" \/>\n<meta property=\"og:title\" content=\"Ces \u00e9couteurs Sennheiser sont \u00e0 leur prix le plus bas en ce moment | Vie Associative\" \/>\n<meta property=\"og:description\" content=\"Compatibles avec les codecs AAC, APTX et SBC, ils offrent une grande qualit\u00e9 sonore mais manquent de support LDAC pour une \u00e9coute haute r\u00e9solution. Si\" \/>\n<meta property=\"og:url\" content=\"https:\/\/vieassociative.be\/actualites\/ces-ecouteurs-sennheiser-sont-a-leur-prix-le-plus-bas-en-ce-moment\/\" \/>\n<meta property=\"og:site_name\" content=\"Vie Associative\" \/>\n<meta property=\"article:published_time\" content=\"2025-01-31T19:17:21+00:00\" \/>\n<meta property=\"og:image\" content=\"https:\/\/vieassociative.be\/actualites\/wp-content\/uploads\/2025\/01\/Ces-ecouteurs-Sennheiser-sont-a-leur-prix-le-plus-bas.png\" \/>\n<meta name=\"author\" content=\"Julien\" \/>\n<meta name=\"twitter:card\" content=\"summary_large_image\" \/>\n<meta name=\"twitter:label1\" content=\"\u00c9crit par\" \/>\n\t<meta name=\"twitter:data1\" content=\"Julien\" \/>\n\t<meta name=\"twitter:label2\" content=\"Dur\u00e9e de lecture est.\" \/>\n\t<meta name=\"twitter:data2\" content=\"2 minutes\" \/>\n<script type=\"application\/ld+json\" class=\"yoast-schema-graph\">{\"@context\":\"https:\/\/schema.org\",\"@graph\":[{\"@type\":\"Article\",\"@id\":\"https:\/\/vieassociative.be\/actualites\/ces-ecouteurs-sennheiser-sont-a-leur-prix-le-plus-bas-en-ce-moment\/#article\",\"isPartOf\":{\"@id\":\"https:\/\/vieassociative.be\/actualites\/ces-ecouteurs-sennheiser-sont-a-leur-prix-le-plus-bas-en-ce-moment\/\"},\"author\":{\"name\":\"Julien\",\"@id\":\"https:\/\/vieassociative.be\/actualites\/#\/schema\/person\/b87ac4f82f9d4e7b7cec7395b679edc4\"},\"headline\":\"Ces \u00e9couteurs Sennheiser sont \u00e0 leur prix le plus bas en ce moment\",\"datePublished\":\"2025-01-31T19:17:21+00:00\",\"dateModified\":\"2025-01-31T19:17:21+00:00\",\"mainEntityOfPage\":{\"@id\":\"https:\/\/vieassociative.be\/actualites\/ces-ecouteurs-sennheiser-sont-a-leur-prix-le-plus-bas-en-ce-moment\/\"},\"wordCount\":517,\"publisher\":{\"@id\":\"https:\/\/vieassociative.be\/actualites\/#organization\"},\"image\":{\"@id\":\"https:\/\/vieassociative.be\/actualites\/ces-ecouteurs-sennheiser-sont-a-leur-prix-le-plus-bas-en-ce-moment\/#primaryimage\"},\"thumbnailUrl\":\"https:\/\/vieassociative.be\/actualites\/wp-content\/uploads\/2025\/01\/1738351041_Ces-ecouteurs-Sennheiser-sont-a-leur-prix-le-plus-bas.png\",\"keywords\":[\"bas\",\"ces\",\"\u00e9couteurs\",\"leur\",\"moment\",\"prix\",\"Sennheiser\",\"sont\"],\"articleSection\":[\"Technologie\"],\"inLanguage\":\"fr-BE\"},{\"@type\":\"WebPage\",\"@id\":\"https:\/\/vieassociative.be\/actualites\/ces-ecouteurs-sennheiser-sont-a-leur-prix-le-plus-bas-en-ce-moment\/\",\"url\":\"https:\/\/vieassociative.be\/actualites\/ces-ecouteurs-sennheiser-sont-a-leur-prix-le-plus-bas-en-ce-moment\/\",\"name\":\"Ces \u00e9couteurs Sennheiser sont \u00e0 leur prix le plus bas en ce moment | Vie Associative\",\"isPartOf\":{\"@id\":\"https:\/\/vieassociative.be\/actualites\/#website\"},\"primaryImageOfPage\":{\"@id\":\"https:\/\/vieassociative.be\/actualites\/ces-ecouteurs-sennheiser-sont-a-leur-prix-le-plus-bas-en-ce-moment\/#primaryimage\"},\"image\":{\"@id\":\"https:\/\/vieassociative.be\/actualites\/ces-ecouteurs-sennheiser-sont-a-leur-prix-le-plus-bas-en-ce-moment\/#primaryimage\"},\"thumbnailUrl\":\"https:\/\/vieassociative.be\/actualites\/wp-content\/uploads\/2025\/01\/1738351041_Ces-ecouteurs-Sennheiser-sont-a-leur-prix-le-plus-bas.png\",\"datePublished\":\"2025-01-31T19:17:21+00:00\",\"dateModified\":\"2025-01-31T19:17:21+00:00\",\"breadcrumb\":{\"@id\":\"https:\/\/vieassociative.be\/actualites\/ces-ecouteurs-sennheiser-sont-a-leur-prix-le-plus-bas-en-ce-moment\/#breadcrumb\"},\"inLanguage\":\"fr-BE\",\"potentialAction\":[{\"@type\":\"ReadAction\",\"target\":[\"https:\/\/vieassociative.be\/actualites\/ces-ecouteurs-sennheiser-sont-a-leur-prix-le-plus-bas-en-ce-moment\/\"]}]},{\"@type\":\"ImageObject\",\"inLanguage\":\"fr-BE\",\"@id\":\"https:\/\/vieassociative.be\/actualites\/ces-ecouteurs-sennheiser-sont-a-leur-prix-le-plus-bas-en-ce-moment\/#primaryimage\",\"url\":\"https:\/\/vieassociative.be\/actualites\/wp-content\/uploads\/2025\/01\/1738351041_Ces-ecouteurs-Sennheiser-sont-a-leur-prix-le-plus-bas.png\",\"contentUrl\":\"https:\/\/vieassociative.be\/actualites\/wp-content\/uploads\/2025\/01\/1738351041_Ces-ecouteurs-Sennheiser-sont-a-leur-prix-le-plus-bas.png\",\"width\":1200,\"height\":675,\"caption\":\"Ces \u00e9couteurs Sennheiser sont \u00e0 leur prix le plus bas en ce moment\"},{\"@type\":\"BreadcrumbList\",\"@id\":\"https:\/\/vieassociative.be\/actualites\/ces-ecouteurs-sennheiser-sont-a-leur-prix-le-plus-bas-en-ce-moment\/#breadcrumb\",\"itemListElement\":[{\"@type\":\"ListItem\",\"position\":1,\"name\":\"Accueil\",\"item\":\"https:\/\/vieassociative.be\/actualites\/\"},{\"@type\":\"ListItem\",\"position\":2,\"name\":\"Ces \u00e9couteurs Sennheiser sont \u00e0 leur prix le plus bas en ce moment\"}]},{\"@type\":\"WebSite\",\"@id\":\"https:\/\/vieassociative.be\/actualites\/#website\",\"url\":\"https:\/\/vieassociative.be\/actualites\/\",\"name\":\"Vie Associative\",\"description\":\"\",\"publisher\":{\"@id\":\"https:\/\/vieassociative.be\/actualites\/#organization\"},\"potentialAction\":[{\"@type\":\"SearchAction\",\"target\":{\"@type\":\"EntryPoint\",\"urlTemplate\":\"https:\/\/vieassociative.be\/actualites\/?s={search_term_string}\"},\"query-input\":{\"@type\":\"PropertyValueSpecification\",\"valueRequired\":true,\"valueName\":\"search_term_string\"}}],\"inLanguage\":\"fr-BE\"},{\"@type\":\"Organization\",\"@id\":\"https:\/\/vieassociative.be\/actualites\/#organization\",\"name\":\"Vie Associative\",\"url\":\"https:\/\/vieassociative.be\/actualites\/\",\"logo\":{\"@type\":\"ImageObject\",\"inLanguage\":\"fr-BE\",\"@id\":\"https:\/\/vieassociative.be\/actualites\/#\/schema\/logo\/image\/\",\"url\":\"https:\/\/vieassociative.be\/actualites\/wp-content\/uploads\/2024\/09\/cropped-vieassociative_favicon.ico.png\",\"contentUrl\":\"https:\/\/vieassociative.be\/actualites\/wp-content\/uploads\/2024\/09\/cropped-vieassociative_favicon.ico.png\",\"width\":512,\"height\":512,\"caption\":\"Vie Associative\"},\"image\":{\"@id\":\"https:\/\/vieassociative.be\/actualites\/#\/schema\/logo\/image\/\"}},{\"@type\":\"Person\",\"@id\":\"https:\/\/vieassociative.be\/actualites\/#\/schema\/person\/b87ac4f82f9d4e7b7cec7395b679edc4\",\"name\":\"Julien\",\"image\":{\"@type\":\"ImageObject\",\"inLanguage\":\"fr-BE\",\"@id\":\"https:\/\/vieassociative.be\/actualites\/#\/schema\/person\/image\/\",\"url\":\"https:\/\/vieassociative.be\/actualites\/wp-content\/uploads\/2024\/09\/vie-associative-1-150x150.jpg\",\"contentUrl\":\"https:\/\/vieassociative.be\/actualites\/wp-content\/uploads\/2024\/09\/vie-associative-1-150x150.jpg\",\"caption\":\"Julien\"},\"description\":\"Je suis Julien, r\u00e9dacteur pour Vie Associative. Passionn\u00e9 par le monde associatif depuis plus de 10 ans, j'ai \u00e0 c\u0153ur de partager des histoires inspirantes et de mettre en lumi\u00e8re les initiatives locales. Mon objectif est de sensibiliser et d'encourager l'engagement communautaire \u00e0 travers mes articles.\",\"sameAs\":[\"https:\/\/vieassociative.be\/\"]}]}<\/script>\n<!-- \/ Yoast SEO plugin. -->","yoast_head_json":{"title":"Ces \u00e9couteurs Sennheiser sont \u00e0 leur prix le plus bas en ce moment | Vie Associative","robots":{"index":"index","follow":"follow","max-snippet":"max-snippet:-1","max-image-preview":"max-image-preview:large","max-video-preview":"max-video-preview:-1"},"canonical":"https:\/\/vieassociative.be\/actualites\/ces-ecouteurs-sennheiser-sont-a-leur-prix-le-plus-bas-en-ce-moment\/","og_locale":"fr_FR","og_type":"article","og_title":"Ces \u00e9couteurs Sennheiser sont \u00e0 leur prix le plus bas en ce moment | Vie Associative","og_description":"Compatibles avec les codecs AAC, APTX et SBC, ils offrent une grande qualit\u00e9 sonore mais manquent de support LDAC pour une \u00e9coute haute r\u00e9solution. Si","og_url":"https:\/\/vieassociative.be\/actualites\/ces-ecouteurs-sennheiser-sont-a-leur-prix-le-plus-bas-en-ce-moment\/","og_site_name":"Vie Associative","article_published_time":"2025-01-31T19:17:21+00:00","og_image":[{"url":"https:\/\/vieassociative.be\/actualites\/wp-content\/uploads\/2025\/01\/Ces-ecouteurs-Sennheiser-sont-a-leur-prix-le-plus-bas.png","type":"","width":"","height":""}],"author":"Julien","twitter_card":"summary_large_image","twitter_misc":{"\u00c9crit par":"Julien","Dur\u00e9e de lecture est.":"2 minutes"},"schema":{"@context":"https:\/\/schema.org","@graph":[{"@type":"Article","@id":"https:\/\/vieassociative.be\/actualites\/ces-ecouteurs-sennheiser-sont-a-leur-prix-le-plus-bas-en-ce-moment\/#article","isPartOf":{"@id":"https:\/\/vieassociative.be\/actualites\/ces-ecouteurs-sennheiser-sont-a-leur-prix-le-plus-bas-en-ce-moment\/"},"author":{"name":"Julien","@id":"https:\/\/vieassociative.be\/actualites\/#\/schema\/person\/b87ac4f82f9d4e7b7cec7395b679edc4"},"headline":"Ces \u00e9couteurs Sennheiser sont \u00e0 leur prix le plus bas en ce moment","datePublished":"2025-01-31T19:17:21+00:00","dateModified":"2025-01-31T19:17:21+00:00","mainEntityOfPage":{"@id":"https:\/\/vieassociative.be\/actualites\/ces-ecouteurs-sennheiser-sont-a-leur-prix-le-plus-bas-en-ce-moment\/"},"wordCount":517,"publisher":{"@id":"https:\/\/vieassociative.be\/actualites\/#organization"},"image":{"@id":"https:\/\/vieassociative.be\/actualites\/ces-ecouteurs-sennheiser-sont-a-leur-prix-le-plus-bas-en-ce-moment\/#primaryimage"},"thumbnailUrl":"https:\/\/vieassociative.be\/actualites\/wp-content\/uploads\/2025\/01\/1738351041_Ces-ecouteurs-Sennheiser-sont-a-leur-prix-le-plus-bas.png","keywords":["bas","ces","\u00e9couteurs","leur","moment","prix","Sennheiser","sont"],"articleSection":["Technologie"],"inLanguage":"fr-BE"},{"@type":"WebPage","@id":"https:\/\/vieassociative.be\/actualites\/ces-ecouteurs-sennheiser-sont-a-leur-prix-le-plus-bas-en-ce-moment\/","url":"https:\/\/vieassociative.be\/actualites\/ces-ecouteurs-sennheiser-sont-a-leur-prix-le-plus-bas-en-ce-moment\/","name":"Ces \u00e9couteurs Sennheiser sont \u00e0 leur prix le plus bas en ce moment | Vie Associative","isPartOf":{"@id":"https:\/\/vieassociative.be\/actualites\/#website"},"primaryImageOfPage":{"@id":"https:\/\/vieassociative.be\/actualites\/ces-ecouteurs-sennheiser-sont-a-leur-prix-le-plus-bas-en-ce-moment\/#primaryimage"},"image":{"@id":"https:\/\/vieassociative.be\/actualites\/ces-ecouteurs-sennheiser-sont-a-leur-prix-le-plus-bas-en-ce-moment\/#primaryimage"},"thumbnailUrl":"https:\/\/vieassociative.be\/actualites\/wp-content\/uploads\/2025\/01\/1738351041_Ces-ecouteurs-Sennheiser-sont-a-leur-prix-le-plus-bas.png","datePublished":"2025-01-31T19:17:21+00:00","dateModified":"2025-01-31T19:17:21+00:00","breadcrumb":{"@id":"https:\/\/vieassociative.be\/actualites\/ces-ecouteurs-sennheiser-sont-a-leur-prix-le-plus-bas-en-ce-moment\/#breadcrumb"},"inLanguage":"fr-BE","potentialAction":[{"@type":"ReadAction","target":["https:\/\/vieassociative.be\/actualites\/ces-ecouteurs-sennheiser-sont-a-leur-prix-le-plus-bas-en-ce-moment\/"]}]},{"@type":"ImageObject","inLanguage":"fr-BE","@id":"https:\/\/vieassociative.be\/actualites\/ces-ecouteurs-sennheiser-sont-a-leur-prix-le-plus-bas-en-ce-moment\/#primaryimage","url":"https:\/\/vieassociative.be\/actualites\/wp-content\/uploads\/2025\/01\/1738351041_Ces-ecouteurs-Sennheiser-sont-a-leur-prix-le-plus-bas.png","contentUrl":"https:\/\/vieassociative.be\/actualites\/wp-content\/uploads\/2025\/01\/1738351041_Ces-ecouteurs-Sennheiser-sont-a-leur-prix-le-plus-bas.png","width":1200,"height":675,"caption":"Ces \u00e9couteurs Sennheiser sont \u00e0 leur prix le plus bas en ce moment"},{"@type":"BreadcrumbList","@id":"https:\/\/vieassociative.be\/actualites\/ces-ecouteurs-sennheiser-sont-a-leur-prix-le-plus-bas-en-ce-moment\/#breadcrumb","itemListElement":[{"@type":"ListItem","position":1,"name":"Accueil","item":"https:\/\/vieassociative.be\/actualites\/"},{"@type":"ListItem","position":2,"name":"Ces \u00e9couteurs Sennheiser sont \u00e0 leur prix le plus bas en ce moment"}]},{"@type":"WebSite","@id":"https:\/\/vieassociative.be\/actualites\/#website","url":"https:\/\/vieassociative.be\/actualites\/","name":"Vie Associative","description":"","publisher":{"@id":"https:\/\/vieassociative.be\/actualites\/#organization"},"potentialAction":[{"@type":"SearchAction","target":{"@type":"EntryPoint","urlTemplate":"https:\/\/vieassociative.be\/actualites\/?s={search_term_string}"},"query-input":{"@type":"PropertyValueSpecification","valueRequired":true,"valueName":"search_term_string"}}],"inLanguage":"fr-BE"},{"@type":"Organization","@id":"https:\/\/vieassociative.be\/actualites\/#organization","name":"Vie Associative","url":"https:\/\/vieassociative.be\/actualites\/","logo":{"@type":"ImageObject","inLanguage":"fr-BE","@id":"https:\/\/vieassociative.be\/actualites\/#\/schema\/logo\/image\/","url":"https:\/\/vieassociative.be\/actualites\/wp-content\/uploads\/2024\/09\/cropped-vieassociative_favicon.ico.png","contentUrl":"https:\/\/vieassociative.be\/actualites\/wp-content\/uploads\/2024\/09\/cropped-vieassociative_favicon.ico.png","width":512,"height":512,"caption":"Vie Associative"},"image":{"@id":"https:\/\/vieassociative.be\/actualites\/#\/schema\/logo\/image\/"}},{"@type":"Person","@id":"https:\/\/vieassociative.be\/actualites\/#\/schema\/person\/b87ac4f82f9d4e7b7cec7395b679edc4","name":"Julien","image":{"@type":"ImageObject","inLanguage":"fr-BE","@id":"https:\/\/vieassociative.be\/actualites\/#\/schema\/person\/image\/","url":"https:\/\/vieassociative.be\/actualites\/wp-content\/uploads\/2024\/09\/vie-associative-1-150x150.jpg","contentUrl":"https:\/\/vieassociative.be\/actualites\/wp-content\/uploads\/2024\/09\/vie-associative-1-150x150.jpg","caption":"Julien"},"description":"Je suis Julien, r\u00e9dacteur pour Vie Associative. Passionn\u00e9 par le monde associatif depuis plus de 10 ans, j'ai \u00e0 c\u0153ur de partager des histoires inspirantes et de mettre en lumi\u00e8re les initiatives locales. Mon objectif est de sensibiliser et d'encourager l'engagement communautaire \u00e0 travers mes articles.","sameAs":["https:\/\/vieassociative.be\/"]}]}},"_links":{"self":[{"href":"https:\/\/vieassociative.be\/actualites\/wp-json\/wp\/v2\/posts\/4744"}],"collection":[{"href":"https:\/\/vieassociative.be\/actualites\/wp-json\/wp\/v2\/posts"}],"about":[{"href":"https:\/\/vieassociative.be\/actualites\/wp-json\/wp\/v2\/types\/post"}],"author":[{"embeddable":true,"href":"https:\/\/vieassociative.be\/actualites\/wp-json\/wp\/v2\/users\/1"}],"replies":[{"embeddable":true,"href":"https:\/\/vieassociative.be\/actualites\/wp-json\/wp\/v2\/comments?post=4744"}],"version-history":[{"count":0,"href":"https:\/\/vieassociative.be\/actualites\/wp-json\/wp\/v2\/posts\/4744\/revisions"}],"wp:featuredmedia":[{"embeddable":true,"href":"https:\/\/vieassociative.be\/actualites\/wp-json\/wp\/v2\/media\/4745"}],"wp:attachment":[{"href":"https:\/\/vieassociative.be\/actualites\/wp-json\/wp\/v2\/media?parent=4744"}],"wp:term":[{"taxonomy":"category","embeddable":true,"href":"https:\/\/vieassociative.be\/actualites\/wp-json\/wp\/v2\/categories?post=4744"},{"taxonomy":"post_tag","embeddable":true,"href":"https:\/\/vieassociative.be\/actualites\/wp-json\/wp\/v2\/tags?post=4744"}],"curies":[{"name":"wp","href":"https:\/\/api.w.org\/{rel}","templated":true}]}}