{"id":4738,"date":"2025-01-31T15:16:58","date_gmt":"2025-01-31T14:16:58","guid":{"rendered":"https:\/\/vieassociative.be\/actualites\/comme-la-chapelle-banneux-a-lichtenbusch-est-mentionnee-cetait-une-question-de-qui-sait-quelque-chose-comme-ca\/"},"modified":"2025-01-31T15:16:58","modified_gmt":"2025-01-31T14:16:58","slug":"comme-la-chapelle-banneux-a-lichtenbusch-est-mentionnee-cetait-une-question-de-qui-sait-quelque-chose-comme-ca","status":"publish","type":"post","link":"https:\/\/vieassociative.be\/actualites\/comme-la-chapelle-banneux-a-lichtenbusch-est-mentionnee-cetait-une-question-de-qui-sait-quelque-chose-comme-ca\/","title":{"rendered":"Comme la chapelle Banneux \u00e0 Lichtenbusch est mentionn\u00e9e, c&rsquo;\u00e9tait une question de \u00ab\u00a0qui sait quelque chose comme \u00e7a?\u00a0\u00bb"},"content":{"rendered":"<p><strong>La chapelle Banneux \u00e0 Lichtenbusch a r\u00e9cemment \u00e9t\u00e9 une question de question dans l&rsquo;\u00e9mission de quiz Ard \u00ab\u00a0qui sait quelque chose comme \u00e7a?\u00a0\u00bb comme une \u00e9mission du samedi soir sur la t\u00e9l\u00e9vision ARD.<\/strong><\/p>\n<p><span id=\"more-407159\"><\/span>La question, qui a \u00e9t\u00e9 pos\u00e9e aux deux candidats permanents Ho\u00ebcker et Elton avec leurs partenaires invit\u00e9s respectifs, \u00e9tait: pourquoi la chapelle Banneux dans la ville belge de Lichtenbusch a-t-elle eu le surnom de \u00ab\u00a0Leck-Mich-Arsch-Kapelle\u00a0\u00bb?<\/p>\n<p>Il y avait trois r\u00e9ponses possibles au choix:<\/p>\n<p>A. Des modifications fr\u00e9quentes des plans de construction ont provoqu\u00e9 du ressentiment dans la communaut\u00e9.<\/p>\n<p>B. Les cloches commencent \u00e0 sonner dans le c\u00f4t\u00e9 des vents forts.<\/p>\n<p>C. Il a \u00e9t\u00e9 financ\u00e9 dans une taverne par un \u00ab\u00a0Fonds de mal\u00e9diction\u00a0\u00bb.<\/p>\n<div id=\"attachment_407166\" class=\"wp-caption alignleft\" style=\"max-width: 300px\"><img fetchpriority=\"high\" decoding=\"async\" class=\"wp-image-407166 size-medium\" src=\"https:\/\/vieassociative.be\/actualites\/wp-content\/uploads\/2025\/01\/Comme-la-chapelle-Banneux-a-Lichtenbusch-est-mentionnee-cetait-une.jpg\" alt=\"\" width=\"300\" height=\"175\"  ><\/p>\n<p class=\"wp-caption-text\">Quelqu&rsquo;un du public avait la bonne r\u00e9ponse. (Cliquez sur l&rsquo;image pour agrandir). Photo: Capture d&rsquo;\u00e9cran le plus<\/p>\n<\/div>\n<p>La bonne r\u00e9ponse a \u00e9t\u00e9 C. Vous pouvez \u00e9galement lire ceci \u00e0 Wikipedia: \u00abLa chapelle Banneux, Lichtenbusch Prayer, Jungfrau der Armen \u00e0 Eynatte-Lichtenbusch dans la communaut\u00e9 germanophone de l&rsquo;Est de la Belgique a \u00e9t\u00e9 construite au coin de Raerener Stra\u00dfe \/ Totleger en 1968 en 1968 et la Vierge Maria d\u00e9di\u00e9e. Son nom est li\u00e9 au site de p\u00e8lerinage de Banneux dans la municipalit\u00e9 de Sprimont, qui est attribu\u00e9 aux ph\u00e9nom\u00e8nes mariens. La chapelle est un projet conjoint des citoyens des deux c\u00f4t\u00e9s de la fronti\u00e8re du lieu allemand-belgien et, en raison de l&rsquo;id\u00e9e d&rsquo;un h\u00f4te, de la construction et de l&rsquo;entretien de la chapelle de la chapelle appel\u00e9e &lsquo;.<\/p>\n","protected":false},"excerpt":{"rendered":"<p>La chapelle Banneux \u00e0 Lichtenbusch a r\u00e9cemment \u00e9t\u00e9 une question de question dans l&rsquo;\u00e9mission de quiz Ard \u00ab\u00a0qui sait quelque chose comme \u00e7a?\u00a0\u00bb comme une<\/p>\n","protected":false},"author":1,"featured_media":4739,"comment_status":"","ping_status":"","sticky":false,"template":"","format":"standard","meta":{"footnotes":""},"categories":[298],"tags":[5068,3208,5071,5067,1651,1254,76,5069,5070,1061,2519,99,5072,110],"class_list":["post-4738","post","type-post","status-publish","format-standard","has-post-thumbnail","hentry","category-belgique","tag-banneux","tag-ca","tag-cetait","tag-chapelle","tag-chose","tag-comme","tag-est","tag-lichtenbusch","tag-mentionnee","tag-quelque","tag-question","tag-qui","tag-sait","tag-une","generate-columns","tablet-grid-50","mobile-grid-100","grid-parent","grid-33"],"yoast_head":"<!-- This site is optimized with the Yoast SEO plugin v24.0 - https:\/\/yoast.com\/wordpress\/plugins\/seo\/ -->\n<title>Comme la chapelle Banneux \u00e0 Lichtenbusch est mentionn\u00e9e, c&#039;\u00e9tait une question de &quot;qui sait quelque chose comme \u00e7a?&quot; | Vie Associative<\/title>\n<meta name=\"robots\" content=\"index, follow, max-snippet:-1, max-image-preview:large, max-video-preview:-1\" \/>\n<link rel=\"canonical\" href=\"https:\/\/vieassociative.be\/actualites\/comme-la-chapelle-banneux-a-lichtenbusch-est-mentionnee-cetait-une-question-de-qui-sait-quelque-chose-comme-ca\/\" \/>\n<meta property=\"og:locale\" content=\"fr_FR\" \/>\n<meta property=\"og:type\" content=\"article\" \/>\n<meta property=\"og:title\" content=\"Comme la chapelle Banneux \u00e0 Lichtenbusch est mentionn\u00e9e, c&#039;\u00e9tait une question de &quot;qui sait quelque chose comme \u00e7a?&quot; | Vie Associative\" \/>\n<meta property=\"og:description\" content=\"La chapelle Banneux \u00e0 Lichtenbusch a r\u00e9cemment \u00e9t\u00e9 une question de question dans l&rsquo;\u00e9mission de quiz Ard \u00ab\u00a0qui sait quelque chose comme \u00e7a?\u00a0\u00bb comme une\" \/>\n<meta property=\"og:url\" content=\"https:\/\/vieassociative.be\/actualites\/comme-la-chapelle-banneux-a-lichtenbusch-est-mentionnee-cetait-une-question-de-qui-sait-quelque-chose-comme-ca\/\" \/>\n<meta property=\"og:site_name\" content=\"Vie Associative\" \/>\n<meta property=\"article:published_time\" content=\"2025-01-31T14:16:58+00:00\" \/>\n<meta property=\"og:image\" content=\"https:\/\/vieassociative.be\/actualites\/wp-content\/uploads\/2024\/09\/header_backgroundk-01-e1726694325946.png\" \/>\n\t<meta property=\"og:image:width\" content=\"279\" \/>\n\t<meta property=\"og:image:height\" content=\"92\" \/>\n\t<meta property=\"og:image:type\" content=\"image\/png\" \/>\n<meta name=\"author\" content=\"Julien\" \/>\n<meta name=\"twitter:card\" content=\"summary_large_image\" \/>\n<meta name=\"twitter:label1\" content=\"\u00c9crit par\" \/>\n\t<meta name=\"twitter:data1\" content=\"Julien\" \/>\n\t<meta name=\"twitter:label2\" content=\"Dur\u00e9e de lecture est.\" \/>\n\t<meta name=\"twitter:data2\" content=\"1 minute\" \/>\n<script type=\"application\/ld+json\" class=\"yoast-schema-graph\">{\"@context\":\"https:\/\/schema.org\",\"@graph\":[{\"@type\":\"Article\",\"@id\":\"https:\/\/vieassociative.be\/actualites\/comme-la-chapelle-banneux-a-lichtenbusch-est-mentionnee-cetait-une-question-de-qui-sait-quelque-chose-comme-ca\/#article\",\"isPartOf\":{\"@id\":\"https:\/\/vieassociative.be\/actualites\/comme-la-chapelle-banneux-a-lichtenbusch-est-mentionnee-cetait-une-question-de-qui-sait-quelque-chose-comme-ca\/\"},\"author\":{\"name\":\"Julien\",\"@id\":\"https:\/\/vieassociative.be\/actualites\/#\/schema\/person\/b87ac4f82f9d4e7b7cec7395b679edc4\"},\"headline\":\"Comme la chapelle Banneux \u00e0 Lichtenbusch est mentionn\u00e9e, c&rsquo;\u00e9tait une question de \u00ab\u00a0qui sait quelque chose comme \u00e7a?\u00a0\u00bb\",\"datePublished\":\"2025-01-31T14:16:58+00:00\",\"dateModified\":\"2025-01-31T14:16:58+00:00\",\"mainEntityOfPage\":{\"@id\":\"https:\/\/vieassociative.be\/actualites\/comme-la-chapelle-banneux-a-lichtenbusch-est-mentionnee-cetait-une-question-de-qui-sait-quelque-chose-comme-ca\/\"},\"wordCount\":286,\"publisher\":{\"@id\":\"https:\/\/vieassociative.be\/actualites\/#organization\"},\"image\":{\"@id\":\"https:\/\/vieassociative.be\/actualites\/comme-la-chapelle-banneux-a-lichtenbusch-est-mentionnee-cetait-une-question-de-qui-sait-quelque-chose-comme-ca\/#primaryimage\"},\"thumbnailUrl\":\"https:\/\/vieassociative.be\/actualites\/wp-content\/uploads\/2025\/01\/1738333018_Comme-la-chapelle-Banneux-a-Lichtenbusch-est-mentionnee-cetait-une.jpg\",\"keywords\":[\"Banneux\",\"\u00e7a\",\"c\u00e9tait\",\"chapelle\",\"chose\",\"comme\",\"est\",\"Lichtenbusch\",\"mentionn\u00e9e\",\"quelque\",\"question\",\"qui\",\"sait\",\"une\"],\"articleSection\":[\"Belgique\"],\"inLanguage\":\"fr-BE\"},{\"@type\":\"WebPage\",\"@id\":\"https:\/\/vieassociative.be\/actualites\/comme-la-chapelle-banneux-a-lichtenbusch-est-mentionnee-cetait-une-question-de-qui-sait-quelque-chose-comme-ca\/\",\"url\":\"https:\/\/vieassociative.be\/actualites\/comme-la-chapelle-banneux-a-lichtenbusch-est-mentionnee-cetait-une-question-de-qui-sait-quelque-chose-comme-ca\/\",\"name\":\"Comme la chapelle Banneux \u00e0 Lichtenbusch est mentionn\u00e9e, c'\u00e9tait une question de \\\"qui sait quelque chose comme \u00e7a?\\\" | Vie Associative\",\"isPartOf\":{\"@id\":\"https:\/\/vieassociative.be\/actualites\/#website\"},\"primaryImageOfPage\":{\"@id\":\"https:\/\/vieassociative.be\/actualites\/comme-la-chapelle-banneux-a-lichtenbusch-est-mentionnee-cetait-une-question-de-qui-sait-quelque-chose-comme-ca\/#primaryimage\"},\"image\":{\"@id\":\"https:\/\/vieassociative.be\/actualites\/comme-la-chapelle-banneux-a-lichtenbusch-est-mentionnee-cetait-une-question-de-qui-sait-quelque-chose-comme-ca\/#primaryimage\"},\"thumbnailUrl\":\"https:\/\/vieassociative.be\/actualites\/wp-content\/uploads\/2025\/01\/1738333018_Comme-la-chapelle-Banneux-a-Lichtenbusch-est-mentionnee-cetait-une.jpg\",\"datePublished\":\"2025-01-31T14:16:58+00:00\",\"dateModified\":\"2025-01-31T14:16:58+00:00\",\"breadcrumb\":{\"@id\":\"https:\/\/vieassociative.be\/actualites\/comme-la-chapelle-banneux-a-lichtenbusch-est-mentionnee-cetait-une-question-de-qui-sait-quelque-chose-comme-ca\/#breadcrumb\"},\"inLanguage\":\"fr-BE\",\"potentialAction\":[{\"@type\":\"ReadAction\",\"target\":[\"https:\/\/vieassociative.be\/actualites\/comme-la-chapelle-banneux-a-lichtenbusch-est-mentionnee-cetait-une-question-de-qui-sait-quelque-chose-comme-ca\/\"]}]},{\"@type\":\"ImageObject\",\"inLanguage\":\"fr-BE\",\"@id\":\"https:\/\/vieassociative.be\/actualites\/comme-la-chapelle-banneux-a-lichtenbusch-est-mentionnee-cetait-une-question-de-qui-sait-quelque-chose-comme-ca\/#primaryimage\",\"url\":\"https:\/\/vieassociative.be\/actualites\/wp-content\/uploads\/2025\/01\/1738333018_Comme-la-chapelle-Banneux-a-Lichtenbusch-est-mentionnee-cetait-une.jpg\",\"contentUrl\":\"https:\/\/vieassociative.be\/actualites\/wp-content\/uploads\/2025\/01\/1738333018_Comme-la-chapelle-Banneux-a-Lichtenbusch-est-mentionnee-cetait-une.jpg\",\"width\":1200,\"height\":1200,\"caption\":\"Comme la chapelle Banneux \u00e0 Lichtenbusch est mentionn\u00e9e, c'\u00e9tait une question de \\\"qui sait quelque chose comme \u00e7a?\\\"\"},{\"@type\":\"BreadcrumbList\",\"@id\":\"https:\/\/vieassociative.be\/actualites\/comme-la-chapelle-banneux-a-lichtenbusch-est-mentionnee-cetait-une-question-de-qui-sait-quelque-chose-comme-ca\/#breadcrumb\",\"itemListElement\":[{\"@type\":\"ListItem\",\"position\":1,\"name\":\"Accueil\",\"item\":\"https:\/\/vieassociative.be\/actualites\/\"},{\"@type\":\"ListItem\",\"position\":2,\"name\":\"Comme la chapelle Banneux \u00e0 Lichtenbusch est mentionn\u00e9e, c&rsquo;\u00e9tait une question de \u00ab\u00a0qui sait quelque chose comme \u00e7a?\u00a0\u00bb\"}]},{\"@type\":\"WebSite\",\"@id\":\"https:\/\/vieassociative.be\/actualites\/#website\",\"url\":\"https:\/\/vieassociative.be\/actualites\/\",\"name\":\"Vie Associative\",\"description\":\"\",\"publisher\":{\"@id\":\"https:\/\/vieassociative.be\/actualites\/#organization\"},\"potentialAction\":[{\"@type\":\"SearchAction\",\"target\":{\"@type\":\"EntryPoint\",\"urlTemplate\":\"https:\/\/vieassociative.be\/actualites\/?s={search_term_string}\"},\"query-input\":{\"@type\":\"PropertyValueSpecification\",\"valueRequired\":true,\"valueName\":\"search_term_string\"}}],\"inLanguage\":\"fr-BE\"},{\"@type\":\"Organization\",\"@id\":\"https:\/\/vieassociative.be\/actualites\/#organization\",\"name\":\"Vie Associative\",\"url\":\"https:\/\/vieassociative.be\/actualites\/\",\"logo\":{\"@type\":\"ImageObject\",\"inLanguage\":\"fr-BE\",\"@id\":\"https:\/\/vieassociative.be\/actualites\/#\/schema\/logo\/image\/\",\"url\":\"https:\/\/vieassociative.be\/actualites\/wp-content\/uploads\/2024\/09\/cropped-vieassociative_favicon.ico.png\",\"contentUrl\":\"https:\/\/vieassociative.be\/actualites\/wp-content\/uploads\/2024\/09\/cropped-vieassociative_favicon.ico.png\",\"width\":512,\"height\":512,\"caption\":\"Vie Associative\"},\"image\":{\"@id\":\"https:\/\/vieassociative.be\/actualites\/#\/schema\/logo\/image\/\"}},{\"@type\":\"Person\",\"@id\":\"https:\/\/vieassociative.be\/actualites\/#\/schema\/person\/b87ac4f82f9d4e7b7cec7395b679edc4\",\"name\":\"Julien\",\"image\":{\"@type\":\"ImageObject\",\"inLanguage\":\"fr-BE\",\"@id\":\"https:\/\/vieassociative.be\/actualites\/#\/schema\/person\/image\/\",\"url\":\"https:\/\/vieassociative.be\/actualites\/wp-content\/uploads\/2024\/09\/vie-associative-1-150x150.jpg\",\"contentUrl\":\"https:\/\/vieassociative.be\/actualites\/wp-content\/uploads\/2024\/09\/vie-associative-1-150x150.jpg\",\"caption\":\"Julien\"},\"description\":\"Je suis Julien, r\u00e9dacteur pour Vie Associative. Passionn\u00e9 par le monde associatif depuis plus de 10 ans, j'ai \u00e0 c\u0153ur de partager des histoires inspirantes et de mettre en lumi\u00e8re les initiatives locales. Mon objectif est de sensibiliser et d'encourager l'engagement communautaire \u00e0 travers mes articles.\",\"sameAs\":[\"https:\/\/vieassociative.be\/\"]}]}<\/script>\n<!-- \/ Yoast SEO plugin. -->","yoast_head_json":{"title":"Comme la chapelle Banneux \u00e0 Lichtenbusch est mentionn\u00e9e, c'\u00e9tait une question de \"qui sait quelque chose comme \u00e7a?\" | Vie Associative","robots":{"index":"index","follow":"follow","max-snippet":"max-snippet:-1","max-image-preview":"max-image-preview:large","max-video-preview":"max-video-preview:-1"},"canonical":"https:\/\/vieassociative.be\/actualites\/comme-la-chapelle-banneux-a-lichtenbusch-est-mentionnee-cetait-une-question-de-qui-sait-quelque-chose-comme-ca\/","og_locale":"fr_FR","og_type":"article","og_title":"Comme la chapelle Banneux \u00e0 Lichtenbusch est mentionn\u00e9e, c'\u00e9tait une question de \"qui sait quelque chose comme \u00e7a?\" | Vie Associative","og_description":"La chapelle Banneux \u00e0 Lichtenbusch a r\u00e9cemment \u00e9t\u00e9 une question de question dans l&rsquo;\u00e9mission de quiz Ard \u00ab\u00a0qui sait quelque chose comme \u00e7a?\u00a0\u00bb comme une","og_url":"https:\/\/vieassociative.be\/actualites\/comme-la-chapelle-banneux-a-lichtenbusch-est-mentionnee-cetait-une-question-de-qui-sait-quelque-chose-comme-ca\/","og_site_name":"Vie Associative","article_published_time":"2025-01-31T14:16:58+00:00","og_image":[{"width":279,"height":92,"url":"https:\/\/vieassociative.be\/actualites\/wp-content\/uploads\/2024\/09\/header_backgroundk-01-e1726694325946.png","type":"image\/png"}],"author":"Julien","twitter_card":"summary_large_image","twitter_misc":{"\u00c9crit par":"Julien","Dur\u00e9e de lecture est.":"1 minute"},"schema":{"@context":"https:\/\/schema.org","@graph":[{"@type":"Article","@id":"https:\/\/vieassociative.be\/actualites\/comme-la-chapelle-banneux-a-lichtenbusch-est-mentionnee-cetait-une-question-de-qui-sait-quelque-chose-comme-ca\/#article","isPartOf":{"@id":"https:\/\/vieassociative.be\/actualites\/comme-la-chapelle-banneux-a-lichtenbusch-est-mentionnee-cetait-une-question-de-qui-sait-quelque-chose-comme-ca\/"},"author":{"name":"Julien","@id":"https:\/\/vieassociative.be\/actualites\/#\/schema\/person\/b87ac4f82f9d4e7b7cec7395b679edc4"},"headline":"Comme la chapelle Banneux \u00e0 Lichtenbusch est mentionn\u00e9e, c&rsquo;\u00e9tait une question de \u00ab\u00a0qui sait quelque chose comme \u00e7a?\u00a0\u00bb","datePublished":"2025-01-31T14:16:58+00:00","dateModified":"2025-01-31T14:16:58+00:00","mainEntityOfPage":{"@id":"https:\/\/vieassociative.be\/actualites\/comme-la-chapelle-banneux-a-lichtenbusch-est-mentionnee-cetait-une-question-de-qui-sait-quelque-chose-comme-ca\/"},"wordCount":286,"publisher":{"@id":"https:\/\/vieassociative.be\/actualites\/#organization"},"image":{"@id":"https:\/\/vieassociative.be\/actualites\/comme-la-chapelle-banneux-a-lichtenbusch-est-mentionnee-cetait-une-question-de-qui-sait-quelque-chose-comme-ca\/#primaryimage"},"thumbnailUrl":"https:\/\/vieassociative.be\/actualites\/wp-content\/uploads\/2025\/01\/1738333018_Comme-la-chapelle-Banneux-a-Lichtenbusch-est-mentionnee-cetait-une.jpg","keywords":["Banneux","\u00e7a","c\u00e9tait","chapelle","chose","comme","est","Lichtenbusch","mentionn\u00e9e","quelque","question","qui","sait","une"],"articleSection":["Belgique"],"inLanguage":"fr-BE"},{"@type":"WebPage","@id":"https:\/\/vieassociative.be\/actualites\/comme-la-chapelle-banneux-a-lichtenbusch-est-mentionnee-cetait-une-question-de-qui-sait-quelque-chose-comme-ca\/","url":"https:\/\/vieassociative.be\/actualites\/comme-la-chapelle-banneux-a-lichtenbusch-est-mentionnee-cetait-une-question-de-qui-sait-quelque-chose-comme-ca\/","name":"Comme la chapelle Banneux \u00e0 Lichtenbusch est mentionn\u00e9e, c'\u00e9tait une question de \"qui sait quelque chose comme \u00e7a?\" | Vie Associative","isPartOf":{"@id":"https:\/\/vieassociative.be\/actualites\/#website"},"primaryImageOfPage":{"@id":"https:\/\/vieassociative.be\/actualites\/comme-la-chapelle-banneux-a-lichtenbusch-est-mentionnee-cetait-une-question-de-qui-sait-quelque-chose-comme-ca\/#primaryimage"},"image":{"@id":"https:\/\/vieassociative.be\/actualites\/comme-la-chapelle-banneux-a-lichtenbusch-est-mentionnee-cetait-une-question-de-qui-sait-quelque-chose-comme-ca\/#primaryimage"},"thumbnailUrl":"https:\/\/vieassociative.be\/actualites\/wp-content\/uploads\/2025\/01\/1738333018_Comme-la-chapelle-Banneux-a-Lichtenbusch-est-mentionnee-cetait-une.jpg","datePublished":"2025-01-31T14:16:58+00:00","dateModified":"2025-01-31T14:16:58+00:00","breadcrumb":{"@id":"https:\/\/vieassociative.be\/actualites\/comme-la-chapelle-banneux-a-lichtenbusch-est-mentionnee-cetait-une-question-de-qui-sait-quelque-chose-comme-ca\/#breadcrumb"},"inLanguage":"fr-BE","potentialAction":[{"@type":"ReadAction","target":["https:\/\/vieassociative.be\/actualites\/comme-la-chapelle-banneux-a-lichtenbusch-est-mentionnee-cetait-une-question-de-qui-sait-quelque-chose-comme-ca\/"]}]},{"@type":"ImageObject","inLanguage":"fr-BE","@id":"https:\/\/vieassociative.be\/actualites\/comme-la-chapelle-banneux-a-lichtenbusch-est-mentionnee-cetait-une-question-de-qui-sait-quelque-chose-comme-ca\/#primaryimage","url":"https:\/\/vieassociative.be\/actualites\/wp-content\/uploads\/2025\/01\/1738333018_Comme-la-chapelle-Banneux-a-Lichtenbusch-est-mentionnee-cetait-une.jpg","contentUrl":"https:\/\/vieassociative.be\/actualites\/wp-content\/uploads\/2025\/01\/1738333018_Comme-la-chapelle-Banneux-a-Lichtenbusch-est-mentionnee-cetait-une.jpg","width":1200,"height":1200,"caption":"Comme la chapelle Banneux \u00e0 Lichtenbusch est mentionn\u00e9e, c'\u00e9tait une question de \"qui sait quelque chose comme \u00e7a?\""},{"@type":"BreadcrumbList","@id":"https:\/\/vieassociative.be\/actualites\/comme-la-chapelle-banneux-a-lichtenbusch-est-mentionnee-cetait-une-question-de-qui-sait-quelque-chose-comme-ca\/#breadcrumb","itemListElement":[{"@type":"ListItem","position":1,"name":"Accueil","item":"https:\/\/vieassociative.be\/actualites\/"},{"@type":"ListItem","position":2,"name":"Comme la chapelle Banneux \u00e0 Lichtenbusch est mentionn\u00e9e, c&rsquo;\u00e9tait une question de \u00ab\u00a0qui sait quelque chose comme \u00e7a?\u00a0\u00bb"}]},{"@type":"WebSite","@id":"https:\/\/vieassociative.be\/actualites\/#website","url":"https:\/\/vieassociative.be\/actualites\/","name":"Vie Associative","description":"","publisher":{"@id":"https:\/\/vieassociative.be\/actualites\/#organization"},"potentialAction":[{"@type":"SearchAction","target":{"@type":"EntryPoint","urlTemplate":"https:\/\/vieassociative.be\/actualites\/?s={search_term_string}"},"query-input":{"@type":"PropertyValueSpecification","valueRequired":true,"valueName":"search_term_string"}}],"inLanguage":"fr-BE"},{"@type":"Organization","@id":"https:\/\/vieassociative.be\/actualites\/#organization","name":"Vie Associative","url":"https:\/\/vieassociative.be\/actualites\/","logo":{"@type":"ImageObject","inLanguage":"fr-BE","@id":"https:\/\/vieassociative.be\/actualites\/#\/schema\/logo\/image\/","url":"https:\/\/vieassociative.be\/actualites\/wp-content\/uploads\/2024\/09\/cropped-vieassociative_favicon.ico.png","contentUrl":"https:\/\/vieassociative.be\/actualites\/wp-content\/uploads\/2024\/09\/cropped-vieassociative_favicon.ico.png","width":512,"height":512,"caption":"Vie Associative"},"image":{"@id":"https:\/\/vieassociative.be\/actualites\/#\/schema\/logo\/image\/"}},{"@type":"Person","@id":"https:\/\/vieassociative.be\/actualites\/#\/schema\/person\/b87ac4f82f9d4e7b7cec7395b679edc4","name":"Julien","image":{"@type":"ImageObject","inLanguage":"fr-BE","@id":"https:\/\/vieassociative.be\/actualites\/#\/schema\/person\/image\/","url":"https:\/\/vieassociative.be\/actualites\/wp-content\/uploads\/2024\/09\/vie-associative-1-150x150.jpg","contentUrl":"https:\/\/vieassociative.be\/actualites\/wp-content\/uploads\/2024\/09\/vie-associative-1-150x150.jpg","caption":"Julien"},"description":"Je suis Julien, r\u00e9dacteur pour Vie Associative. Passionn\u00e9 par le monde associatif depuis plus de 10 ans, j'ai \u00e0 c\u0153ur de partager des histoires inspirantes et de mettre en lumi\u00e8re les initiatives locales. Mon objectif est de sensibiliser et d'encourager l'engagement communautaire \u00e0 travers mes articles.","sameAs":["https:\/\/vieassociative.be\/"]}]}},"_links":{"self":[{"href":"https:\/\/vieassociative.be\/actualites\/wp-json\/wp\/v2\/posts\/4738"}],"collection":[{"href":"https:\/\/vieassociative.be\/actualites\/wp-json\/wp\/v2\/posts"}],"about":[{"href":"https:\/\/vieassociative.be\/actualites\/wp-json\/wp\/v2\/types\/post"}],"author":[{"embeddable":true,"href":"https:\/\/vieassociative.be\/actualites\/wp-json\/wp\/v2\/users\/1"}],"replies":[{"embeddable":true,"href":"https:\/\/vieassociative.be\/actualites\/wp-json\/wp\/v2\/comments?post=4738"}],"version-history":[{"count":0,"href":"https:\/\/vieassociative.be\/actualites\/wp-json\/wp\/v2\/posts\/4738\/revisions"}],"wp:featuredmedia":[{"embeddable":true,"href":"https:\/\/vieassociative.be\/actualites\/wp-json\/wp\/v2\/media\/4739"}],"wp:attachment":[{"href":"https:\/\/vieassociative.be\/actualites\/wp-json\/wp\/v2\/media?parent=4738"}],"wp:term":[{"taxonomy":"category","embeddable":true,"href":"https:\/\/vieassociative.be\/actualites\/wp-json\/wp\/v2\/categories?post=4738"},{"taxonomy":"post_tag","embeddable":true,"href":"https:\/\/vieassociative.be\/actualites\/wp-json\/wp\/v2\/tags?post=4738"}],"curies":[{"name":"wp","href":"https:\/\/api.w.org\/{rel}","templated":true}]}}