{"id":4727,"date":"2025-01-31T03:18:06","date_gmt":"2025-01-31T02:18:06","guid":{"rendered":"https:\/\/vieassociative.be\/actualites\/passenger-machine-entre-en-collision-avec-un-helicoptere-a-washington\/"},"modified":"2025-01-31T03:18:06","modified_gmt":"2025-01-31T02:18:06","slug":"passenger-machine-entre-en-collision-avec-un-helicoptere-a-washington","status":"publish","type":"post","link":"https:\/\/vieassociative.be\/actualites\/passenger-machine-entre-en-collision-avec-un-helicoptere-a-washington\/","title":{"rendered":"Passenger Machine entre en collision avec un h\u00e9licopt\u00e8re \u00e0 Washington"},"content":{"rendered":"<p><strong>MISE \u00c0 JOUR &#8211; Un cauchemar a lieu \u00e0 l&rsquo;a\u00e9roport de la capitale am\u00e9ricaine. Une machine passager entre en collision avec un h\u00e9licopt\u00e8re. Les secouristes n&rsquo;ont aucun espoir de trouver des survivants.<\/strong><\/p>\n<p><span id=\"more-407118\"><\/span>Selon les autorit\u00e9s, les 67 d\u00e9tenus des deux machines ont \u00e9t\u00e9 tu\u00e9s dans l&rsquo;accident d&rsquo;avion dans la capitale am\u00e9ricaine de Washington. \u00ab\u00a0Pour le moment, nous ne croyons pas qu&rsquo;il y a des survivants\u00a0\u00bb, a d\u00e9clar\u00e9 le chef des pompiers John Donnelly. Jusqu&rsquo;\u00e0 pr\u00e9sent, 27 passagers ont \u00e9t\u00e9 r\u00e9cup\u00e9r\u00e9s de l&rsquo;avion et d&rsquo;une personne de l&rsquo;h\u00e9licopt\u00e8re. Vous continuerez \u00e0 travailler pour trouver tous les corps, a d\u00e9clar\u00e9 Donnelly.<\/p>\n<div id=\"attachment_407155\" class=\"wp-caption alignleft\" style=\"max-width: 300px\"><img fetchpriority=\"high\" decoding=\"async\" class=\"wp-image-407155 size-medium\" src=\"https:\/\/vieassociative.be\/actualites\/wp-content\/uploads\/2025\/01\/Passenger-Machine-entre-en-collision-avec-un-helicoptere-a-Washington.jpg\" alt=\"\" width=\"300\" height=\"200\"><\/p>\n<p class=\"wp-caption-text\">30\/01\/2025, \u00c9tats-Unis, Arlington: Des mesures de recherche et de sauvetage peuvent \u00eatre vues autour d&rsquo;une \u00e9pave d&rsquo;avion dans la rivi\u00e8re Potomac de l&rsquo;a\u00e9roport national de Ronald Reagan Washington t\u00f4t jeudi matin. Photo: Carolyn Kaster \/ AP \/ DPA<\/p>\n<\/div>\n<p>Pr\u00e8s de l&rsquo;a\u00e9roport de Ronald Reagan (DCA) \u00e0 Washington, une machine \u00e0 passagers avec 64 personnes \u00e0 bord est entr\u00e9e en collision avec un h\u00e9licopt\u00e8re militaire am\u00e9ricain mercredi soir. Jusqu&rsquo;\u00e0 pr\u00e9sent, on ne sait pas comment la collision s&rsquo;est produite. Les deux machines ont plong\u00e9 dans l&rsquo;eau. Il y avait trois d\u00e9tenus dans l&rsquo;h\u00e9licopt\u00e8re militaire, comme ont rapport\u00e9 les m\u00e9dias am\u00e9ricains. Des bateaux et des plongeurs ont cherch\u00e9 des survivants dans l&rsquo;eau fra\u00eeche de la glace pendant la nuit.<\/p>\n<p>L&rsquo;a\u00e9roport devait \u00eatre ouvert jeudi. \u00ab\u00a0C&rsquo;est s\u00fbr\u00a0\u00bb, a d\u00e9clar\u00e9 Jack Potter de l&rsquo;autorit\u00e9 a\u00e9roportuaire de la r\u00e9gion m\u00e9tropolitaine de Washington. Les travaux de sauvetage qui seraient effectu\u00e9s sur le site auraient lieu dans l&rsquo;eau. Par cons\u00e9quent, le trafic a\u00e9rien reprendra le matin \u00e0 11h00 (heure locale).<\/p>\n<p>Selon le minist\u00e8re am\u00e9ricain de la D\u00e9fense, l&rsquo;h\u00e9licopt\u00e8re \u00e9tait sur un vol d&rsquo;entra\u00eenement. Il est ouvert pourquoi l&rsquo;avion militaire est entr\u00e9 dans la trajectoire de la machine \u00e0 passagers, a d\u00e9clar\u00e9 Robert Isom, le chef de la compagnie a\u00e9rienne American Airlines.<\/p>\n<div id=\"attachment_407156\" class=\"wp-caption alignleft\" style=\"max-width: 300px\"><img decoding=\"async\" class=\"wp-image-407156 size-medium\" src=\"https:\/\/vieassociative.be\/actualites\/wp-content\/uploads\/2025\/01\/1738289886_435_Passenger-Machine-entre-en-collision-avec-un-helicoptere-a-Washington.jpg\" alt=\"\" width=\"300\" height=\"200\"><\/p>\n<p class=\"wp-caption-text\">30\/01\/2025, \u00c9tats-Unis, Arlington: Des mesures de recherche et de sauvetage peuvent \u00eatre vues autour d&rsquo;une \u00e9pave d&rsquo;avion dans la rivi\u00e8re Potomac au d\u00e9but du matin dans le contexte du Capitole de l&rsquo;a\u00e9roport national de Ronald Reagan Washington. Photo: Carolyn Kaster \/ AP \/ DPA<\/p>\n<\/div>\n<p>Selon les informations officielles, il n&rsquo;y a eu aucune anomalie avant la collision. \u00ab\u00a0Tout \u00e9tait normal avant l&rsquo;accident\u00a0\u00bb, a d\u00e9clar\u00e9 le ministre am\u00e9ricain des Transports, Sean Duffy. Quiconque vit \u00e0 Washington voit r\u00e9guli\u00e8rement \u00ab\u00a0comment les h\u00e9licopt\u00e8res militaires volent de haut en bas de la rivi\u00e8re\u00a0\u00bb. C&rsquo;\u00e9tait une nuit claire avec de bonnes conditions visuelles.<\/p>\n<p>Duffy a \u00e9galement d\u00e9clar\u00e9 que la coque de l&rsquo;avion \u00e9tait d\u00e9chir\u00e9e en au moins trois parties apr\u00e8s la collision.<\/p>\n<p><strong>&#8211; \u00c9quipe de patinage artistique \u00e0 bord:<\/strong> Au d\u00e9but, il n&rsquo;y avait aucune information officielle sur l&rsquo;identit\u00e9 des passagers. Plusieurs patineurs artistiques, entra\u00eeneurs et leurs proches \u00e9taient \u00e0 bord. Ils \u00e9taient sur le chemin du retour d&rsquo;un camp d&rsquo;entra\u00eenement qui a eu lieu dans l&rsquo;\u00c9tat du Kansas dans le cadre des championnats nationaux de Wichita, a-t-il \u00e9t\u00e9 dit dans une notification d&rsquo;association \u00e0 partir de laquelle plusieurs m\u00e9dias ont \u00e9t\u00e9 cit\u00e9s. L&rsquo;avion passager a commenc\u00e9 \u00e0 Wichita.<\/p>\n<p>Les basses temp\u00e9ratures ont rendu difficile le travail des secouristes &#8211; au cours des derniers jours, ils \u00e9taient bien en dessous de cong\u00e9lation, il n&rsquo;\u00e9tait sensiblement plus chaud au d\u00e9but de la semaine. (DPA)<\/p>\n","protected":false},"excerpt":{"rendered":"<p>MISE \u00c0 JOUR &#8211; Un cauchemar a lieu \u00e0 l&rsquo;a\u00e9roport de la capitale am\u00e9ricaine. Une machine passager entre en collision avec un h\u00e9licopt\u00e8re. Les secouristes<\/p>\n","protected":false},"author":1,"featured_media":4728,"comment_status":"","ping_status":"","sticky":false,"template":"","format":"standard","meta":{"footnotes":""},"categories":[298],"tags":[61,3322,70,5055,4570,5054,5056],"class_list":["post-4727","post","type-post","status-publish","format-standard","has-post-thumbnail","hentry","category-belgique","tag-avec","tag-collision","tag-entre","tag-helicoptere","tag-machine","tag-passenger","tag-washington","generate-columns","tablet-grid-50","mobile-grid-100","grid-parent","grid-33"],"yoast_head":"<!-- This site is optimized with the Yoast SEO plugin v24.0 - https:\/\/yoast.com\/wordpress\/plugins\/seo\/ -->\n<title>Passenger Machine entre en collision avec un h\u00e9licopt\u00e8re \u00e0 Washington | Vie Associative<\/title>\n<meta name=\"robots\" content=\"index, follow, max-snippet:-1, max-image-preview:large, max-video-preview:-1\" \/>\n<link rel=\"canonical\" href=\"https:\/\/vieassociative.be\/actualites\/passenger-machine-entre-en-collision-avec-un-helicoptere-a-washington\/\" \/>\n<meta property=\"og:locale\" content=\"fr_FR\" \/>\n<meta property=\"og:type\" content=\"article\" \/>\n<meta property=\"og:title\" content=\"Passenger Machine entre en collision avec un h\u00e9licopt\u00e8re \u00e0 Washington | Vie Associative\" \/>\n<meta property=\"og:description\" content=\"MISE \u00c0 JOUR &#8211; Un cauchemar a lieu \u00e0 l&rsquo;a\u00e9roport de la capitale am\u00e9ricaine. Une machine passager entre en collision avec un h\u00e9licopt\u00e8re. Les secouristes\" \/>\n<meta property=\"og:url\" content=\"https:\/\/vieassociative.be\/actualites\/passenger-machine-entre-en-collision-avec-un-helicoptere-a-washington\/\" \/>\n<meta property=\"og:site_name\" content=\"Vie Associative\" \/>\n<meta property=\"article:published_time\" content=\"2025-01-31T02:18:06+00:00\" \/>\n<meta property=\"og:image\" content=\"https:\/\/vieassociative.be\/actualites\/wp-content\/uploads\/2024\/09\/header_backgroundk-01-e1726694325946.png\" \/>\n\t<meta property=\"og:image:width\" content=\"279\" \/>\n\t<meta property=\"og:image:height\" content=\"92\" \/>\n\t<meta property=\"og:image:type\" content=\"image\/png\" \/>\n<meta name=\"author\" content=\"Julien\" \/>\n<meta name=\"twitter:card\" content=\"summary_large_image\" \/>\n<meta name=\"twitter:label1\" content=\"\u00c9crit par\" \/>\n\t<meta name=\"twitter:data1\" content=\"Julien\" \/>\n\t<meta name=\"twitter:label2\" content=\"Dur\u00e9e de lecture est.\" \/>\n\t<meta name=\"twitter:data2\" content=\"3 minutes\" \/>\n<script type=\"application\/ld+json\" class=\"yoast-schema-graph\">{\"@context\":\"https:\/\/schema.org\",\"@graph\":[{\"@type\":\"Article\",\"@id\":\"https:\/\/vieassociative.be\/actualites\/passenger-machine-entre-en-collision-avec-un-helicoptere-a-washington\/#article\",\"isPartOf\":{\"@id\":\"https:\/\/vieassociative.be\/actualites\/passenger-machine-entre-en-collision-avec-un-helicoptere-a-washington\/\"},\"author\":{\"name\":\"Julien\",\"@id\":\"https:\/\/vieassociative.be\/actualites\/#\/schema\/person\/b87ac4f82f9d4e7b7cec7395b679edc4\"},\"headline\":\"Passenger Machine entre en collision avec un h\u00e9licopt\u00e8re \u00e0 Washington\",\"datePublished\":\"2025-01-31T02:18:06+00:00\",\"dateModified\":\"2025-01-31T02:18:06+00:00\",\"mainEntityOfPage\":{\"@id\":\"https:\/\/vieassociative.be\/actualites\/passenger-machine-entre-en-collision-avec-un-helicoptere-a-washington\/\"},\"wordCount\":629,\"publisher\":{\"@id\":\"https:\/\/vieassociative.be\/actualites\/#organization\"},\"image\":{\"@id\":\"https:\/\/vieassociative.be\/actualites\/passenger-machine-entre-en-collision-avec-un-helicoptere-a-washington\/#primaryimage\"},\"thumbnailUrl\":\"https:\/\/vieassociative.be\/actualites\/wp-content\/uploads\/2025\/01\/1738289886_Passenger-Machine-entre-en-collision-avec-un-helicoptere-a-Washington.jpg\",\"keywords\":[\"avec\",\"collision\",\"entre\",\"h\u00e9licopt\u00e8re\",\"machine\",\"Passenger\",\"Washington\"],\"articleSection\":[\"Belgique\"],\"inLanguage\":\"fr-BE\"},{\"@type\":\"WebPage\",\"@id\":\"https:\/\/vieassociative.be\/actualites\/passenger-machine-entre-en-collision-avec-un-helicoptere-a-washington\/\",\"url\":\"https:\/\/vieassociative.be\/actualites\/passenger-machine-entre-en-collision-avec-un-helicoptere-a-washington\/\",\"name\":\"Passenger Machine entre en collision avec un h\u00e9licopt\u00e8re \u00e0 Washington | Vie Associative\",\"isPartOf\":{\"@id\":\"https:\/\/vieassociative.be\/actualites\/#website\"},\"primaryImageOfPage\":{\"@id\":\"https:\/\/vieassociative.be\/actualites\/passenger-machine-entre-en-collision-avec-un-helicoptere-a-washington\/#primaryimage\"},\"image\":{\"@id\":\"https:\/\/vieassociative.be\/actualites\/passenger-machine-entre-en-collision-avec-un-helicoptere-a-washington\/#primaryimage\"},\"thumbnailUrl\":\"https:\/\/vieassociative.be\/actualites\/wp-content\/uploads\/2025\/01\/1738289886_Passenger-Machine-entre-en-collision-avec-un-helicoptere-a-Washington.jpg\",\"datePublished\":\"2025-01-31T02:18:06+00:00\",\"dateModified\":\"2025-01-31T02:18:06+00:00\",\"breadcrumb\":{\"@id\":\"https:\/\/vieassociative.be\/actualites\/passenger-machine-entre-en-collision-avec-un-helicoptere-a-washington\/#breadcrumb\"},\"inLanguage\":\"fr-BE\",\"potentialAction\":[{\"@type\":\"ReadAction\",\"target\":[\"https:\/\/vieassociative.be\/actualites\/passenger-machine-entre-en-collision-avec-un-helicoptere-a-washington\/\"]}]},{\"@type\":\"ImageObject\",\"inLanguage\":\"fr-BE\",\"@id\":\"https:\/\/vieassociative.be\/actualites\/passenger-machine-entre-en-collision-avec-un-helicoptere-a-washington\/#primaryimage\",\"url\":\"https:\/\/vieassociative.be\/actualites\/wp-content\/uploads\/2025\/01\/1738289886_Passenger-Machine-entre-en-collision-avec-un-helicoptere-a-Washington.jpg\",\"contentUrl\":\"https:\/\/vieassociative.be\/actualites\/wp-content\/uploads\/2025\/01\/1738289886_Passenger-Machine-entre-en-collision-avec-un-helicoptere-a-Washington.jpg\",\"width\":1200,\"height\":800,\"caption\":\"Passenger Machine entre en collision avec un h\u00e9licopt\u00e8re \u00e0 Washington\"},{\"@type\":\"BreadcrumbList\",\"@id\":\"https:\/\/vieassociative.be\/actualites\/passenger-machine-entre-en-collision-avec-un-helicoptere-a-washington\/#breadcrumb\",\"itemListElement\":[{\"@type\":\"ListItem\",\"position\":1,\"name\":\"Accueil\",\"item\":\"https:\/\/vieassociative.be\/actualites\/\"},{\"@type\":\"ListItem\",\"position\":2,\"name\":\"Passenger Machine entre en collision avec un h\u00e9licopt\u00e8re \u00e0 Washington\"}]},{\"@type\":\"WebSite\",\"@id\":\"https:\/\/vieassociative.be\/actualites\/#website\",\"url\":\"https:\/\/vieassociative.be\/actualites\/\",\"name\":\"Vie Associative\",\"description\":\"\",\"publisher\":{\"@id\":\"https:\/\/vieassociative.be\/actualites\/#organization\"},\"potentialAction\":[{\"@type\":\"SearchAction\",\"target\":{\"@type\":\"EntryPoint\",\"urlTemplate\":\"https:\/\/vieassociative.be\/actualites\/?s={search_term_string}\"},\"query-input\":{\"@type\":\"PropertyValueSpecification\",\"valueRequired\":true,\"valueName\":\"search_term_string\"}}],\"inLanguage\":\"fr-BE\"},{\"@type\":\"Organization\",\"@id\":\"https:\/\/vieassociative.be\/actualites\/#organization\",\"name\":\"Vie Associative\",\"url\":\"https:\/\/vieassociative.be\/actualites\/\",\"logo\":{\"@type\":\"ImageObject\",\"inLanguage\":\"fr-BE\",\"@id\":\"https:\/\/vieassociative.be\/actualites\/#\/schema\/logo\/image\/\",\"url\":\"https:\/\/vieassociative.be\/actualites\/wp-content\/uploads\/2024\/09\/cropped-vieassociative_favicon.ico.png\",\"contentUrl\":\"https:\/\/vieassociative.be\/actualites\/wp-content\/uploads\/2024\/09\/cropped-vieassociative_favicon.ico.png\",\"width\":512,\"height\":512,\"caption\":\"Vie Associative\"},\"image\":{\"@id\":\"https:\/\/vieassociative.be\/actualites\/#\/schema\/logo\/image\/\"}},{\"@type\":\"Person\",\"@id\":\"https:\/\/vieassociative.be\/actualites\/#\/schema\/person\/b87ac4f82f9d4e7b7cec7395b679edc4\",\"name\":\"Julien\",\"image\":{\"@type\":\"ImageObject\",\"inLanguage\":\"fr-BE\",\"@id\":\"https:\/\/vieassociative.be\/actualites\/#\/schema\/person\/image\/\",\"url\":\"https:\/\/vieassociative.be\/actualites\/wp-content\/uploads\/2024\/09\/vie-associative-1-150x150.jpg\",\"contentUrl\":\"https:\/\/vieassociative.be\/actualites\/wp-content\/uploads\/2024\/09\/vie-associative-1-150x150.jpg\",\"caption\":\"Julien\"},\"description\":\"Je suis Julien, r\u00e9dacteur pour Vie Associative. Passionn\u00e9 par le monde associatif depuis plus de 10 ans, j'ai \u00e0 c\u0153ur de partager des histoires inspirantes et de mettre en lumi\u00e8re les initiatives locales. Mon objectif est de sensibiliser et d'encourager l'engagement communautaire \u00e0 travers mes articles.\",\"sameAs\":[\"https:\/\/vieassociative.be\/\"]}]}<\/script>\n<!-- \/ Yoast SEO plugin. -->","yoast_head_json":{"title":"Passenger Machine entre en collision avec un h\u00e9licopt\u00e8re \u00e0 Washington | Vie Associative","robots":{"index":"index","follow":"follow","max-snippet":"max-snippet:-1","max-image-preview":"max-image-preview:large","max-video-preview":"max-video-preview:-1"},"canonical":"https:\/\/vieassociative.be\/actualites\/passenger-machine-entre-en-collision-avec-un-helicoptere-a-washington\/","og_locale":"fr_FR","og_type":"article","og_title":"Passenger Machine entre en collision avec un h\u00e9licopt\u00e8re \u00e0 Washington | Vie Associative","og_description":"MISE \u00c0 JOUR &#8211; Un cauchemar a lieu \u00e0 l&rsquo;a\u00e9roport de la capitale am\u00e9ricaine. Une machine passager entre en collision avec un h\u00e9licopt\u00e8re. Les secouristes","og_url":"https:\/\/vieassociative.be\/actualites\/passenger-machine-entre-en-collision-avec-un-helicoptere-a-washington\/","og_site_name":"Vie Associative","article_published_time":"2025-01-31T02:18:06+00:00","og_image":[{"width":279,"height":92,"url":"https:\/\/vieassociative.be\/actualites\/wp-content\/uploads\/2024\/09\/header_backgroundk-01-e1726694325946.png","type":"image\/png"}],"author":"Julien","twitter_card":"summary_large_image","twitter_misc":{"\u00c9crit par":"Julien","Dur\u00e9e de lecture est.":"3 minutes"},"schema":{"@context":"https:\/\/schema.org","@graph":[{"@type":"Article","@id":"https:\/\/vieassociative.be\/actualites\/passenger-machine-entre-en-collision-avec-un-helicoptere-a-washington\/#article","isPartOf":{"@id":"https:\/\/vieassociative.be\/actualites\/passenger-machine-entre-en-collision-avec-un-helicoptere-a-washington\/"},"author":{"name":"Julien","@id":"https:\/\/vieassociative.be\/actualites\/#\/schema\/person\/b87ac4f82f9d4e7b7cec7395b679edc4"},"headline":"Passenger Machine entre en collision avec un h\u00e9licopt\u00e8re \u00e0 Washington","datePublished":"2025-01-31T02:18:06+00:00","dateModified":"2025-01-31T02:18:06+00:00","mainEntityOfPage":{"@id":"https:\/\/vieassociative.be\/actualites\/passenger-machine-entre-en-collision-avec-un-helicoptere-a-washington\/"},"wordCount":629,"publisher":{"@id":"https:\/\/vieassociative.be\/actualites\/#organization"},"image":{"@id":"https:\/\/vieassociative.be\/actualites\/passenger-machine-entre-en-collision-avec-un-helicoptere-a-washington\/#primaryimage"},"thumbnailUrl":"https:\/\/vieassociative.be\/actualites\/wp-content\/uploads\/2025\/01\/1738289886_Passenger-Machine-entre-en-collision-avec-un-helicoptere-a-Washington.jpg","keywords":["avec","collision","entre","h\u00e9licopt\u00e8re","machine","Passenger","Washington"],"articleSection":["Belgique"],"inLanguage":"fr-BE"},{"@type":"WebPage","@id":"https:\/\/vieassociative.be\/actualites\/passenger-machine-entre-en-collision-avec-un-helicoptere-a-washington\/","url":"https:\/\/vieassociative.be\/actualites\/passenger-machine-entre-en-collision-avec-un-helicoptere-a-washington\/","name":"Passenger Machine entre en collision avec un h\u00e9licopt\u00e8re \u00e0 Washington | Vie Associative","isPartOf":{"@id":"https:\/\/vieassociative.be\/actualites\/#website"},"primaryImageOfPage":{"@id":"https:\/\/vieassociative.be\/actualites\/passenger-machine-entre-en-collision-avec-un-helicoptere-a-washington\/#primaryimage"},"image":{"@id":"https:\/\/vieassociative.be\/actualites\/passenger-machine-entre-en-collision-avec-un-helicoptere-a-washington\/#primaryimage"},"thumbnailUrl":"https:\/\/vieassociative.be\/actualites\/wp-content\/uploads\/2025\/01\/1738289886_Passenger-Machine-entre-en-collision-avec-un-helicoptere-a-Washington.jpg","datePublished":"2025-01-31T02:18:06+00:00","dateModified":"2025-01-31T02:18:06+00:00","breadcrumb":{"@id":"https:\/\/vieassociative.be\/actualites\/passenger-machine-entre-en-collision-avec-un-helicoptere-a-washington\/#breadcrumb"},"inLanguage":"fr-BE","potentialAction":[{"@type":"ReadAction","target":["https:\/\/vieassociative.be\/actualites\/passenger-machine-entre-en-collision-avec-un-helicoptere-a-washington\/"]}]},{"@type":"ImageObject","inLanguage":"fr-BE","@id":"https:\/\/vieassociative.be\/actualites\/passenger-machine-entre-en-collision-avec-un-helicoptere-a-washington\/#primaryimage","url":"https:\/\/vieassociative.be\/actualites\/wp-content\/uploads\/2025\/01\/1738289886_Passenger-Machine-entre-en-collision-avec-un-helicoptere-a-Washington.jpg","contentUrl":"https:\/\/vieassociative.be\/actualites\/wp-content\/uploads\/2025\/01\/1738289886_Passenger-Machine-entre-en-collision-avec-un-helicoptere-a-Washington.jpg","width":1200,"height":800,"caption":"Passenger Machine entre en collision avec un h\u00e9licopt\u00e8re \u00e0 Washington"},{"@type":"BreadcrumbList","@id":"https:\/\/vieassociative.be\/actualites\/passenger-machine-entre-en-collision-avec-un-helicoptere-a-washington\/#breadcrumb","itemListElement":[{"@type":"ListItem","position":1,"name":"Accueil","item":"https:\/\/vieassociative.be\/actualites\/"},{"@type":"ListItem","position":2,"name":"Passenger Machine entre en collision avec un h\u00e9licopt\u00e8re \u00e0 Washington"}]},{"@type":"WebSite","@id":"https:\/\/vieassociative.be\/actualites\/#website","url":"https:\/\/vieassociative.be\/actualites\/","name":"Vie Associative","description":"","publisher":{"@id":"https:\/\/vieassociative.be\/actualites\/#organization"},"potentialAction":[{"@type":"SearchAction","target":{"@type":"EntryPoint","urlTemplate":"https:\/\/vieassociative.be\/actualites\/?s={search_term_string}"},"query-input":{"@type":"PropertyValueSpecification","valueRequired":true,"valueName":"search_term_string"}}],"inLanguage":"fr-BE"},{"@type":"Organization","@id":"https:\/\/vieassociative.be\/actualites\/#organization","name":"Vie Associative","url":"https:\/\/vieassociative.be\/actualites\/","logo":{"@type":"ImageObject","inLanguage":"fr-BE","@id":"https:\/\/vieassociative.be\/actualites\/#\/schema\/logo\/image\/","url":"https:\/\/vieassociative.be\/actualites\/wp-content\/uploads\/2024\/09\/cropped-vieassociative_favicon.ico.png","contentUrl":"https:\/\/vieassociative.be\/actualites\/wp-content\/uploads\/2024\/09\/cropped-vieassociative_favicon.ico.png","width":512,"height":512,"caption":"Vie Associative"},"image":{"@id":"https:\/\/vieassociative.be\/actualites\/#\/schema\/logo\/image\/"}},{"@type":"Person","@id":"https:\/\/vieassociative.be\/actualites\/#\/schema\/person\/b87ac4f82f9d4e7b7cec7395b679edc4","name":"Julien","image":{"@type":"ImageObject","inLanguage":"fr-BE","@id":"https:\/\/vieassociative.be\/actualites\/#\/schema\/person\/image\/","url":"https:\/\/vieassociative.be\/actualites\/wp-content\/uploads\/2024\/09\/vie-associative-1-150x150.jpg","contentUrl":"https:\/\/vieassociative.be\/actualites\/wp-content\/uploads\/2024\/09\/vie-associative-1-150x150.jpg","caption":"Julien"},"description":"Je suis Julien, r\u00e9dacteur pour Vie Associative. Passionn\u00e9 par le monde associatif depuis plus de 10 ans, j'ai \u00e0 c\u0153ur de partager des histoires inspirantes et de mettre en lumi\u00e8re les initiatives locales. Mon objectif est de sensibiliser et d'encourager l'engagement communautaire \u00e0 travers mes articles.","sameAs":["https:\/\/vieassociative.be\/"]}]}},"_links":{"self":[{"href":"https:\/\/vieassociative.be\/actualites\/wp-json\/wp\/v2\/posts\/4727"}],"collection":[{"href":"https:\/\/vieassociative.be\/actualites\/wp-json\/wp\/v2\/posts"}],"about":[{"href":"https:\/\/vieassociative.be\/actualites\/wp-json\/wp\/v2\/types\/post"}],"author":[{"embeddable":true,"href":"https:\/\/vieassociative.be\/actualites\/wp-json\/wp\/v2\/users\/1"}],"replies":[{"embeddable":true,"href":"https:\/\/vieassociative.be\/actualites\/wp-json\/wp\/v2\/comments?post=4727"}],"version-history":[{"count":0,"href":"https:\/\/vieassociative.be\/actualites\/wp-json\/wp\/v2\/posts\/4727\/revisions"}],"wp:featuredmedia":[{"embeddable":true,"href":"https:\/\/vieassociative.be\/actualites\/wp-json\/wp\/v2\/media\/4728"}],"wp:attachment":[{"href":"https:\/\/vieassociative.be\/actualites\/wp-json\/wp\/v2\/media?parent=4727"}],"wp:term":[{"taxonomy":"category","embeddable":true,"href":"https:\/\/vieassociative.be\/actualites\/wp-json\/wp\/v2\/categories?post=4727"},{"taxonomy":"post_tag","embeddable":true,"href":"https:\/\/vieassociative.be\/actualites\/wp-json\/wp\/v2\/tags?post=4727"}],"curies":[{"name":"wp","href":"https:\/\/api.w.org\/{rel}","templated":true}]}}