{"id":472,"date":"2024-09-25T19:17:29","date_gmt":"2024-09-25T17:17:29","guid":{"rendered":"https:\/\/vieassociative.be\/actualites\/faites-frire-a-lair-libre-des-morceaux-de-bacon-achetes-en-magasin\/"},"modified":"2024-09-25T19:17:29","modified_gmt":"2024-09-25T17:17:29","slug":"faites-frire-a-lair-libre-des-morceaux-de-bacon-achetes-en-magasin","status":"publish","type":"post","link":"https:\/\/vieassociative.be\/actualites\/faites-frire-a-lair-libre-des-morceaux-de-bacon-achetes-en-magasin\/","title":{"rendered":"Faites frire \u00e0 l&rsquo;air libre des morceaux de bacon achet\u00e9s en magasin"},"content":{"rendered":"<div class=\"mt-4 leading-6 md:mb-8\">Les morceaux de bacon achet\u00e9s en magasin sont gommeux et ternes, sans la texture que nous associons au bacon fra\u00eechement frit.<\/div>\n<p><\/p>\n<p>En tant que mangeuse prolifique de salades en quartiers, de macaronis au fromage et d&rsquo;autres plats qui ont meilleur go\u00fbt avec un peu de bacon, j&rsquo;ai tendance \u00e0 garder sous la main un sac de vrais morceaux de bacon achet\u00e9s en magasin. Ils sont utiles &#8211; apr\u00e8s tout, c&rsquo;est du bacon &#8211; mais ils sortent du sac gluants et ternes, sans aucune de la texture que nous associons au bacon fra\u00eechement frit. Mais avec une friteuse \u00e0 air, vous pouvez les faire croustiller et les servir, et personne ne saura qu&rsquo;ils sortent d&rsquo;un sac en plastique.<\/p>\n<p>Vous avez probablement remarqu\u00e9 que votre friteuse \u00e0 air fait de grandes choses pour les aliments gras : la chaleur intense fait bouger et rainurer la graisse, tandis que la circulation d&rsquo;air agressive \u00e9vacue l&rsquo;humidit\u00e9 et garantit que chaque centim\u00e8tre rencontre une partie de cette chaleur. C&rsquo;est pourquoi c&rsquo;est un appareil id\u00e9al pour r\u00e9chauffer un morceau de poulet frit ou pour cuisiner des plats cuisin\u00e9s pr\u00e9-frits et surgel\u00e9s.<\/p>\n<p>Le bacon est assez gras, m\u00eame les morceaux pr\u00e9cuits achet\u00e9s en magasin. En les jetant dans la friteuse \u00e0 air, les graisses se r\u00e9veillent et la viande devient croustillante, ce qui donne \u00e0 vos morceaux de bacon une texture plus croustillante et une meilleure saveur. (Les graisses froides n&rsquo;enrobent pas votre palais aussi bien que les graisses chaudes).<\/p>\n<h2 id=\"how-to-crisp-up-bacon-bits-in-an-air-fryer\">Comment rendre croustillants des morceaux de bacon dans une friteuse \u00e0 air<\/h2>\n<p>R\u00e9glez votre friteuse \u00e0 air sur 400 \u2109, retirez le plateau du panier et placez une poign\u00e9e de morceaux de bacon directement dans le panier. Laissez la friteuse \u00e0 air r\u00e9chauffer les morceaux pendant une minute ou deux, jusqu&rsquo;\u00e0 ce que vous puissiez sentir l&rsquo;odeur du bacon. Jetez un \u0153il et go\u00fbtez les morceaux de viande. S&rsquo;ils sont bien croustillants, sortez-les et saupoudrez-les sur quelque chose. S&rsquo;ils sont encore un peu gluants, laissez-les reposer encore une minute, jusqu&rsquo;\u00e0 ce qu&rsquo;ils atteignent la texture souhait\u00e9e. Servez imm\u00e9diatement sur une salade en quartiers, sur des p\u00e2tes ou sur tout ce qui n\u00e9cessite la saveur et la texture du porc croustillant et sal\u00e9. <\/p>\n","protected":false},"excerpt":{"rendered":"<p>Les morceaux de bacon achet\u00e9s en magasin sont gommeux et ternes, sans la texture que nous associons au bacon fra\u00eechement frit. En tant que mangeuse<\/p>\n","protected":false},"author":1,"featured_media":473,"comment_status":"","ping_status":"","sticky":false,"template":"","format":"standard","meta":{"footnotes":""},"categories":[39],"tags":[768,767,29,600,764,748,765,769,766],"class_list":["post-472","post","type-post","status-publish","format-standard","has-post-thumbnail","hentry","category-gastronomie","tag-achetes","tag-bacon","tag-des","tag-faites","tag-frire","tag-lair","tag-libre","tag-magasin","tag-morceaux","generate-columns","tablet-grid-50","mobile-grid-100","grid-parent","grid-33"],"yoast_head":"<!-- This site is optimized with the Yoast SEO plugin v24.0 - https:\/\/yoast.com\/wordpress\/plugins\/seo\/ -->\n<title>Faites frire \u00e0 l&#039;air libre des morceaux de bacon achet\u00e9s en magasin | Vie Associative<\/title>\n<meta name=\"robots\" content=\"index, follow, max-snippet:-1, max-image-preview:large, max-video-preview:-1\" \/>\n<link rel=\"canonical\" href=\"https:\/\/vieassociative.be\/actualites\/faites-frire-a-lair-libre-des-morceaux-de-bacon-achetes-en-magasin\/\" \/>\n<meta property=\"og:locale\" content=\"fr_FR\" \/>\n<meta property=\"og:type\" content=\"article\" \/>\n<meta property=\"og:title\" content=\"Faites frire \u00e0 l&#039;air libre des morceaux de bacon achet\u00e9s en magasin | Vie Associative\" \/>\n<meta property=\"og:description\" content=\"Les morceaux de bacon achet\u00e9s en magasin sont gommeux et ternes, sans la texture que nous associons au bacon fra\u00eechement frit. En tant que mangeuse\" \/>\n<meta property=\"og:url\" content=\"https:\/\/vieassociative.be\/actualites\/faites-frire-a-lair-libre-des-morceaux-de-bacon-achetes-en-magasin\/\" \/>\n<meta property=\"og:site_name\" content=\"Vie Associative\" \/>\n<meta property=\"article:published_time\" content=\"2024-09-25T17:17:29+00:00\" \/>\n<meta property=\"og:image\" content=\"https:\/\/vieassociative.be\/actualites\/wp-content\/uploads\/2024\/09\/header_backgroundk-01-e1726694325946.png\" \/>\n\t<meta property=\"og:image:width\" content=\"279\" \/>\n\t<meta property=\"og:image:height\" content=\"92\" \/>\n\t<meta property=\"og:image:type\" content=\"image\/png\" \/>\n<meta name=\"author\" content=\"Julien\" \/>\n<meta name=\"twitter:card\" content=\"summary_large_image\" \/>\n<meta name=\"twitter:label1\" content=\"\u00c9crit par\" \/>\n\t<meta name=\"twitter:data1\" content=\"Julien\" \/>\n\t<meta name=\"twitter:label2\" content=\"Dur\u00e9e de lecture est.\" \/>\n\t<meta name=\"twitter:data2\" content=\"2 minutes\" \/>\n<script type=\"application\/ld+json\" class=\"yoast-schema-graph\">{\"@context\":\"https:\/\/schema.org\",\"@graph\":[{\"@type\":\"Article\",\"@id\":\"https:\/\/vieassociative.be\/actualites\/faites-frire-a-lair-libre-des-morceaux-de-bacon-achetes-en-magasin\/#article\",\"isPartOf\":{\"@id\":\"https:\/\/vieassociative.be\/actualites\/faites-frire-a-lair-libre-des-morceaux-de-bacon-achetes-en-magasin\/\"},\"author\":{\"name\":\"Julien\",\"@id\":\"https:\/\/vieassociative.be\/actualites\/#\/schema\/person\/b87ac4f82f9d4e7b7cec7395b679edc4\"},\"headline\":\"Faites frire \u00e0 l&rsquo;air libre des morceaux de bacon achet\u00e9s en magasin\",\"datePublished\":\"2024-09-25T17:17:29+00:00\",\"dateModified\":\"2024-09-25T17:17:29+00:00\",\"mainEntityOfPage\":{\"@id\":\"https:\/\/vieassociative.be\/actualites\/faites-frire-a-lair-libre-des-morceaux-de-bacon-achetes-en-magasin\/\"},\"wordCount\":405,\"publisher\":{\"@id\":\"https:\/\/vieassociative.be\/actualites\/#organization\"},\"image\":{\"@id\":\"https:\/\/vieassociative.be\/actualites\/faites-frire-a-lair-libre-des-morceaux-de-bacon-achetes-en-magasin\/#primaryimage\"},\"thumbnailUrl\":\"https:\/\/vieassociative.be\/actualites\/wp-content\/uploads\/2024\/09\/Faites-frire-a-lair-libre-des-morceaux-de-bacon-achetes.jpg\",\"keywords\":[\"achet\u00e9s\",\"bacon\",\"Des\",\"faites\",\"frire\",\"lair\",\"libre\",\"magasin\",\"morceaux\"],\"articleSection\":[\"Gastronomie\"],\"inLanguage\":\"fr-BE\"},{\"@type\":\"WebPage\",\"@id\":\"https:\/\/vieassociative.be\/actualites\/faites-frire-a-lair-libre-des-morceaux-de-bacon-achetes-en-magasin\/\",\"url\":\"https:\/\/vieassociative.be\/actualites\/faites-frire-a-lair-libre-des-morceaux-de-bacon-achetes-en-magasin\/\",\"name\":\"Faites frire \u00e0 l'air libre des morceaux de bacon achet\u00e9s en magasin | Vie Associative\",\"isPartOf\":{\"@id\":\"https:\/\/vieassociative.be\/actualites\/#website\"},\"primaryImageOfPage\":{\"@id\":\"https:\/\/vieassociative.be\/actualites\/faites-frire-a-lair-libre-des-morceaux-de-bacon-achetes-en-magasin\/#primaryimage\"},\"image\":{\"@id\":\"https:\/\/vieassociative.be\/actualites\/faites-frire-a-lair-libre-des-morceaux-de-bacon-achetes-en-magasin\/#primaryimage\"},\"thumbnailUrl\":\"https:\/\/vieassociative.be\/actualites\/wp-content\/uploads\/2024\/09\/Faites-frire-a-lair-libre-des-morceaux-de-bacon-achetes.jpg\",\"datePublished\":\"2024-09-25T17:17:29+00:00\",\"dateModified\":\"2024-09-25T17:17:29+00:00\",\"breadcrumb\":{\"@id\":\"https:\/\/vieassociative.be\/actualites\/faites-frire-a-lair-libre-des-morceaux-de-bacon-achetes-en-magasin\/#breadcrumb\"},\"inLanguage\":\"fr-BE\",\"potentialAction\":[{\"@type\":\"ReadAction\",\"target\":[\"https:\/\/vieassociative.be\/actualites\/faites-frire-a-lair-libre-des-morceaux-de-bacon-achetes-en-magasin\/\"]}]},{\"@type\":\"ImageObject\",\"inLanguage\":\"fr-BE\",\"@id\":\"https:\/\/vieassociative.be\/actualites\/faites-frire-a-lair-libre-des-morceaux-de-bacon-achetes-en-magasin\/#primaryimage\",\"url\":\"https:\/\/vieassociative.be\/actualites\/wp-content\/uploads\/2024\/09\/Faites-frire-a-lair-libre-des-morceaux-de-bacon-achetes.jpg\",\"contentUrl\":\"https:\/\/vieassociative.be\/actualites\/wp-content\/uploads\/2024\/09\/Faites-frire-a-lair-libre-des-morceaux-de-bacon-achetes.jpg\",\"width\":1200,\"height\":675,\"caption\":\"Faites frire \u00e0 l'air libre des morceaux de bacon achet\u00e9s en magasin\"},{\"@type\":\"BreadcrumbList\",\"@id\":\"https:\/\/vieassociative.be\/actualites\/faites-frire-a-lair-libre-des-morceaux-de-bacon-achetes-en-magasin\/#breadcrumb\",\"itemListElement\":[{\"@type\":\"ListItem\",\"position\":1,\"name\":\"Accueil\",\"item\":\"https:\/\/vieassociative.be\/actualites\/\"},{\"@type\":\"ListItem\",\"position\":2,\"name\":\"Faites frire \u00e0 l&rsquo;air libre des morceaux de bacon achet\u00e9s en magasin\"}]},{\"@type\":\"WebSite\",\"@id\":\"https:\/\/vieassociative.be\/actualites\/#website\",\"url\":\"https:\/\/vieassociative.be\/actualites\/\",\"name\":\"Vie Associative\",\"description\":\"\",\"publisher\":{\"@id\":\"https:\/\/vieassociative.be\/actualites\/#organization\"},\"potentialAction\":[{\"@type\":\"SearchAction\",\"target\":{\"@type\":\"EntryPoint\",\"urlTemplate\":\"https:\/\/vieassociative.be\/actualites\/?s={search_term_string}\"},\"query-input\":{\"@type\":\"PropertyValueSpecification\",\"valueRequired\":true,\"valueName\":\"search_term_string\"}}],\"inLanguage\":\"fr-BE\"},{\"@type\":\"Organization\",\"@id\":\"https:\/\/vieassociative.be\/actualites\/#organization\",\"name\":\"Vie Associative\",\"url\":\"https:\/\/vieassociative.be\/actualites\/\",\"logo\":{\"@type\":\"ImageObject\",\"inLanguage\":\"fr-BE\",\"@id\":\"https:\/\/vieassociative.be\/actualites\/#\/schema\/logo\/image\/\",\"url\":\"https:\/\/vieassociative.be\/actualites\/wp-content\/uploads\/2024\/09\/cropped-vieassociative_favicon.ico.png\",\"contentUrl\":\"https:\/\/vieassociative.be\/actualites\/wp-content\/uploads\/2024\/09\/cropped-vieassociative_favicon.ico.png\",\"width\":512,\"height\":512,\"caption\":\"Vie Associative\"},\"image\":{\"@id\":\"https:\/\/vieassociative.be\/actualites\/#\/schema\/logo\/image\/\"}},{\"@type\":\"Person\",\"@id\":\"https:\/\/vieassociative.be\/actualites\/#\/schema\/person\/b87ac4f82f9d4e7b7cec7395b679edc4\",\"name\":\"Julien\",\"image\":{\"@type\":\"ImageObject\",\"inLanguage\":\"fr-BE\",\"@id\":\"https:\/\/vieassociative.be\/actualites\/#\/schema\/person\/image\/\",\"url\":\"https:\/\/vieassociative.be\/actualites\/wp-content\/uploads\/2024\/09\/vie-associative-1-150x150.jpg\",\"contentUrl\":\"https:\/\/vieassociative.be\/actualites\/wp-content\/uploads\/2024\/09\/vie-associative-1-150x150.jpg\",\"caption\":\"Julien\"},\"description\":\"Je suis Julien, r\u00e9dacteur pour Vie Associative. Passionn\u00e9 par le monde associatif depuis plus de 10 ans, j'ai \u00e0 c\u0153ur de partager des histoires inspirantes et de mettre en lumi\u00e8re les initiatives locales. Mon objectif est de sensibiliser et d'encourager l'engagement communautaire \u00e0 travers mes articles.\",\"sameAs\":[\"https:\/\/vieassociative.be\/\"]}]}<\/script>\n<!-- \/ Yoast SEO plugin. -->","yoast_head_json":{"title":"Faites frire \u00e0 l'air libre des morceaux de bacon achet\u00e9s en magasin | Vie Associative","robots":{"index":"index","follow":"follow","max-snippet":"max-snippet:-1","max-image-preview":"max-image-preview:large","max-video-preview":"max-video-preview:-1"},"canonical":"https:\/\/vieassociative.be\/actualites\/faites-frire-a-lair-libre-des-morceaux-de-bacon-achetes-en-magasin\/","og_locale":"fr_FR","og_type":"article","og_title":"Faites frire \u00e0 l'air libre des morceaux de bacon achet\u00e9s en magasin | Vie Associative","og_description":"Les morceaux de bacon achet\u00e9s en magasin sont gommeux et ternes, sans la texture que nous associons au bacon fra\u00eechement frit. En tant que mangeuse","og_url":"https:\/\/vieassociative.be\/actualites\/faites-frire-a-lair-libre-des-morceaux-de-bacon-achetes-en-magasin\/","og_site_name":"Vie Associative","article_published_time":"2024-09-25T17:17:29+00:00","og_image":[{"width":279,"height":92,"url":"https:\/\/vieassociative.be\/actualites\/wp-content\/uploads\/2024\/09\/header_backgroundk-01-e1726694325946.png","type":"image\/png"}],"author":"Julien","twitter_card":"summary_large_image","twitter_misc":{"\u00c9crit par":"Julien","Dur\u00e9e de lecture est.":"2 minutes"},"schema":{"@context":"https:\/\/schema.org","@graph":[{"@type":"Article","@id":"https:\/\/vieassociative.be\/actualites\/faites-frire-a-lair-libre-des-morceaux-de-bacon-achetes-en-magasin\/#article","isPartOf":{"@id":"https:\/\/vieassociative.be\/actualites\/faites-frire-a-lair-libre-des-morceaux-de-bacon-achetes-en-magasin\/"},"author":{"name":"Julien","@id":"https:\/\/vieassociative.be\/actualites\/#\/schema\/person\/b87ac4f82f9d4e7b7cec7395b679edc4"},"headline":"Faites frire \u00e0 l&rsquo;air libre des morceaux de bacon achet\u00e9s en magasin","datePublished":"2024-09-25T17:17:29+00:00","dateModified":"2024-09-25T17:17:29+00:00","mainEntityOfPage":{"@id":"https:\/\/vieassociative.be\/actualites\/faites-frire-a-lair-libre-des-morceaux-de-bacon-achetes-en-magasin\/"},"wordCount":405,"publisher":{"@id":"https:\/\/vieassociative.be\/actualites\/#organization"},"image":{"@id":"https:\/\/vieassociative.be\/actualites\/faites-frire-a-lair-libre-des-morceaux-de-bacon-achetes-en-magasin\/#primaryimage"},"thumbnailUrl":"https:\/\/vieassociative.be\/actualites\/wp-content\/uploads\/2024\/09\/Faites-frire-a-lair-libre-des-morceaux-de-bacon-achetes.jpg","keywords":["achet\u00e9s","bacon","Des","faites","frire","lair","libre","magasin","morceaux"],"articleSection":["Gastronomie"],"inLanguage":"fr-BE"},{"@type":"WebPage","@id":"https:\/\/vieassociative.be\/actualites\/faites-frire-a-lair-libre-des-morceaux-de-bacon-achetes-en-magasin\/","url":"https:\/\/vieassociative.be\/actualites\/faites-frire-a-lair-libre-des-morceaux-de-bacon-achetes-en-magasin\/","name":"Faites frire \u00e0 l'air libre des morceaux de bacon achet\u00e9s en magasin | Vie Associative","isPartOf":{"@id":"https:\/\/vieassociative.be\/actualites\/#website"},"primaryImageOfPage":{"@id":"https:\/\/vieassociative.be\/actualites\/faites-frire-a-lair-libre-des-morceaux-de-bacon-achetes-en-magasin\/#primaryimage"},"image":{"@id":"https:\/\/vieassociative.be\/actualites\/faites-frire-a-lair-libre-des-morceaux-de-bacon-achetes-en-magasin\/#primaryimage"},"thumbnailUrl":"https:\/\/vieassociative.be\/actualites\/wp-content\/uploads\/2024\/09\/Faites-frire-a-lair-libre-des-morceaux-de-bacon-achetes.jpg","datePublished":"2024-09-25T17:17:29+00:00","dateModified":"2024-09-25T17:17:29+00:00","breadcrumb":{"@id":"https:\/\/vieassociative.be\/actualites\/faites-frire-a-lair-libre-des-morceaux-de-bacon-achetes-en-magasin\/#breadcrumb"},"inLanguage":"fr-BE","potentialAction":[{"@type":"ReadAction","target":["https:\/\/vieassociative.be\/actualites\/faites-frire-a-lair-libre-des-morceaux-de-bacon-achetes-en-magasin\/"]}]},{"@type":"ImageObject","inLanguage":"fr-BE","@id":"https:\/\/vieassociative.be\/actualites\/faites-frire-a-lair-libre-des-morceaux-de-bacon-achetes-en-magasin\/#primaryimage","url":"https:\/\/vieassociative.be\/actualites\/wp-content\/uploads\/2024\/09\/Faites-frire-a-lair-libre-des-morceaux-de-bacon-achetes.jpg","contentUrl":"https:\/\/vieassociative.be\/actualites\/wp-content\/uploads\/2024\/09\/Faites-frire-a-lair-libre-des-morceaux-de-bacon-achetes.jpg","width":1200,"height":675,"caption":"Faites frire \u00e0 l'air libre des morceaux de bacon achet\u00e9s en magasin"},{"@type":"BreadcrumbList","@id":"https:\/\/vieassociative.be\/actualites\/faites-frire-a-lair-libre-des-morceaux-de-bacon-achetes-en-magasin\/#breadcrumb","itemListElement":[{"@type":"ListItem","position":1,"name":"Accueil","item":"https:\/\/vieassociative.be\/actualites\/"},{"@type":"ListItem","position":2,"name":"Faites frire \u00e0 l&rsquo;air libre des morceaux de bacon achet\u00e9s en magasin"}]},{"@type":"WebSite","@id":"https:\/\/vieassociative.be\/actualites\/#website","url":"https:\/\/vieassociative.be\/actualites\/","name":"Vie Associative","description":"","publisher":{"@id":"https:\/\/vieassociative.be\/actualites\/#organization"},"potentialAction":[{"@type":"SearchAction","target":{"@type":"EntryPoint","urlTemplate":"https:\/\/vieassociative.be\/actualites\/?s={search_term_string}"},"query-input":{"@type":"PropertyValueSpecification","valueRequired":true,"valueName":"search_term_string"}}],"inLanguage":"fr-BE"},{"@type":"Organization","@id":"https:\/\/vieassociative.be\/actualites\/#organization","name":"Vie Associative","url":"https:\/\/vieassociative.be\/actualites\/","logo":{"@type":"ImageObject","inLanguage":"fr-BE","@id":"https:\/\/vieassociative.be\/actualites\/#\/schema\/logo\/image\/","url":"https:\/\/vieassociative.be\/actualites\/wp-content\/uploads\/2024\/09\/cropped-vieassociative_favicon.ico.png","contentUrl":"https:\/\/vieassociative.be\/actualites\/wp-content\/uploads\/2024\/09\/cropped-vieassociative_favicon.ico.png","width":512,"height":512,"caption":"Vie Associative"},"image":{"@id":"https:\/\/vieassociative.be\/actualites\/#\/schema\/logo\/image\/"}},{"@type":"Person","@id":"https:\/\/vieassociative.be\/actualites\/#\/schema\/person\/b87ac4f82f9d4e7b7cec7395b679edc4","name":"Julien","image":{"@type":"ImageObject","inLanguage":"fr-BE","@id":"https:\/\/vieassociative.be\/actualites\/#\/schema\/person\/image\/","url":"https:\/\/vieassociative.be\/actualites\/wp-content\/uploads\/2024\/09\/vie-associative-1-150x150.jpg","contentUrl":"https:\/\/vieassociative.be\/actualites\/wp-content\/uploads\/2024\/09\/vie-associative-1-150x150.jpg","caption":"Julien"},"description":"Je suis Julien, r\u00e9dacteur pour Vie Associative. Passionn\u00e9 par le monde associatif depuis plus de 10 ans, j'ai \u00e0 c\u0153ur de partager des histoires inspirantes et de mettre en lumi\u00e8re les initiatives locales. Mon objectif est de sensibiliser et d'encourager l'engagement communautaire \u00e0 travers mes articles.","sameAs":["https:\/\/vieassociative.be\/"]}]}},"_links":{"self":[{"href":"https:\/\/vieassociative.be\/actualites\/wp-json\/wp\/v2\/posts\/472"}],"collection":[{"href":"https:\/\/vieassociative.be\/actualites\/wp-json\/wp\/v2\/posts"}],"about":[{"href":"https:\/\/vieassociative.be\/actualites\/wp-json\/wp\/v2\/types\/post"}],"author":[{"embeddable":true,"href":"https:\/\/vieassociative.be\/actualites\/wp-json\/wp\/v2\/users\/1"}],"replies":[{"embeddable":true,"href":"https:\/\/vieassociative.be\/actualites\/wp-json\/wp\/v2\/comments?post=472"}],"version-history":[{"count":0,"href":"https:\/\/vieassociative.be\/actualites\/wp-json\/wp\/v2\/posts\/472\/revisions"}],"wp:featuredmedia":[{"embeddable":true,"href":"https:\/\/vieassociative.be\/actualites\/wp-json\/wp\/v2\/media\/473"}],"wp:attachment":[{"href":"https:\/\/vieassociative.be\/actualites\/wp-json\/wp\/v2\/media?parent=472"}],"wp:term":[{"taxonomy":"category","embeddable":true,"href":"https:\/\/vieassociative.be\/actualites\/wp-json\/wp\/v2\/categories?post=472"},{"taxonomy":"post_tag","embeddable":true,"href":"https:\/\/vieassociative.be\/actualites\/wp-json\/wp\/v2\/tags?post=472"}],"curies":[{"name":"wp","href":"https:\/\/api.w.org\/{rel}","templated":true}]}}