{"id":4719,"date":"2025-01-30T21:18:24","date_gmt":"2025-01-30T20:18:24","guid":{"rendered":"https:\/\/vieassociative.be\/actualites\/claudia-niessen-nest-plus-maire-mais-reste-presidente-de-lhopital-eupener-st-nikolaus\/"},"modified":"2025-01-30T21:18:24","modified_gmt":"2025-01-30T20:18:24","slug":"claudia-niessen-nest-plus-maire-mais-reste-presidente-de-lhopital-eupener-st-nikolaus","status":"publish","type":"post","link":"https:\/\/vieassociative.be\/actualites\/claudia-niessen-nest-plus-maire-mais-reste-presidente-de-lhopital-eupener-st-nikolaus\/","title":{"rendered":"Claudia Niessen n&rsquo;est plus maire, mais reste pr\u00e9sidente de l&rsquo;h\u00f4pital Eupener St. Nikolaus"},"content":{"rendered":"<p><strong>Il a toujours \u00e9t\u00e9 une tradition que le maire de la ville d&rsquo;Eupen est \u00e9galement le pr\u00e9sident du conseil d&rsquo;administration de l&rsquo;h\u00f4pital St. Nikolaus. Cependant, de nouvelles lois ont \u00e9t\u00e9 adopt\u00e9es il y a un an, ce qui entra\u00eene un changement dans la structure de l&rsquo;h\u00f4pital.<\/strong><\/p>\n<p><span id=\"more-407138\"><\/span>Selon BRF, six membres du conseil d&rsquo;administration de l&rsquo;h\u00f4pital St. Nikolaus d&rsquo;Eupen ont jusqu&rsquo;\u00e0 pr\u00e9sent \u00e9t\u00e9 fournis par les municipalit\u00e9s au nord de la DG. Cela change maintenant. L&rsquo;un est de plus en plus li\u00e9 aux personnalit\u00e9s, entre autres, de la sant\u00e9 et de la finance.<\/p>\n<p>Une plus grande profession au conseil d&rsquo;administration, qui a \u00e9t\u00e9 occup\u00e9e dans le pass\u00e9 des repr\u00e9sentants des municipalit\u00e9s et de l&rsquo;\u00c9glise, n&rsquo;est g\u00e9n\u00e9ralement pas critiqu\u00e9e.<\/p>\n<div id=\"attachment_405301\" class=\"wp-caption alignleft\" style=\"max-width: 300px\"><img fetchpriority=\"high\" decoding=\"async\" class=\"wp-image-405301 size-medium\" src=\"https:\/\/vieassociative.be\/actualites\/wp-content\/uploads\/2025\/01\/Claudia-Niessen-nest-plus-maire-mais-reste-presidente-de-lhopital.jpg\" alt=\"\" width=\"300\" height=\"200\"><\/p>\n<p class=\"wp-caption-text\">L&rsquo;ancienne ma\u00eetre d&rsquo;Eupen Claudia Niessen reste pr\u00e9sidente du conseil d&rsquo;administration de l&rsquo;h\u00f4pital St. Nikolaus. Photo: Patrick von Staufenberg<\/p>\n<\/div>\n<p>Il est plut\u00f4t controvers\u00e9 que le changement dans les statuts ne reprend pas la position du conseil d&rsquo;administration de son pr\u00e9d\u00e9cesseur Claudia Niessen, mais le politicien Ecolo continue de prendre ce bureau, bien que les relations majoritaires \u00e0 la mairie d&rsquo;Eupen aient chang\u00e9.<\/p>\n<p>La pr\u00e9sidence du conseil d&rsquo;administration de l&rsquo;h\u00f4pital Eupen est \u00ab\u00a0l&rsquo;une des questions les plus difficiles et les plus complexes que j&rsquo;ai rencontr\u00e9es jusqu&rsquo;\u00e0 pr\u00e9sent\u00a0\u00bb, a d\u00e9clar\u00e9 Niessen dans Border Echo. Elle a travaill\u00e9 intensivement dans ce bureau au cours des six derni\u00e8res ann\u00e9es. Aujourd&rsquo;hui, le politicien Ecolo estime que \u00ab\u00a0un changement au sommet du conseil d&rsquo;administration n&rsquo;est actuellement pas avantageux pour la structure\u00a0\u00bb.<\/p>\n<p>Au niveau communautaire, le fait que les municipalit\u00e9s n&rsquo;envoient plus de repr\u00e9sentants provoquent un m\u00e9contentement. Selon le BRF, la municipalit\u00e9 de Raeren en particulier a enregistr\u00e9 des pr\u00e9occupations. (Cre)<\/p>\n","protected":false},"excerpt":{"rendered":"<p>Il a toujours \u00e9t\u00e9 une tradition que le maire de la ville d&rsquo;Eupen est \u00e9galement le pr\u00e9sident du conseil d&rsquo;administration de l&rsquo;h\u00f4pital St. Nikolaus. Cependant,<\/p>\n","protected":false},"author":1,"featured_media":4720,"comment_status":"","ping_status":"","sticky":false,"template":"","format":"standard","meta":{"footnotes":""},"categories":[298],"tags":[5046,5049,5048,4378,156,1082,3615,5050,5047,1856],"class_list":["post-4719","post","type-post","status-publish","format-standard","has-post-thumbnail","hentry","category-belgique","tag-claudia","tag-eupener","tag-lhopital","tag-maire","tag-mais","tag-nest","tag-niessen","tag-nikolaus","tag-presidente","tag-reste","generate-columns","tablet-grid-50","mobile-grid-100","grid-parent","grid-33"],"yoast_head":"<!-- This site is optimized with the Yoast SEO plugin v24.0 - https:\/\/yoast.com\/wordpress\/plugins\/seo\/ -->\n<title>Claudia Niessen n&#039;est plus maire, mais reste pr\u00e9sidente de l&#039;h\u00f4pital Eupener St. Nikolaus | Vie Associative<\/title>\n<meta name=\"robots\" content=\"index, follow, max-snippet:-1, max-image-preview:large, max-video-preview:-1\" \/>\n<link rel=\"canonical\" href=\"https:\/\/vieassociative.be\/actualites\/claudia-niessen-nest-plus-maire-mais-reste-presidente-de-lhopital-eupener-st-nikolaus\/\" \/>\n<meta property=\"og:locale\" content=\"fr_FR\" \/>\n<meta property=\"og:type\" content=\"article\" \/>\n<meta property=\"og:title\" content=\"Claudia Niessen n&#039;est plus maire, mais reste pr\u00e9sidente de l&#039;h\u00f4pital Eupener St. Nikolaus | Vie Associative\" \/>\n<meta property=\"og:description\" content=\"Il a toujours \u00e9t\u00e9 une tradition que le maire de la ville d&rsquo;Eupen est \u00e9galement le pr\u00e9sident du conseil d&rsquo;administration de l&rsquo;h\u00f4pital St. Nikolaus. Cependant,\" \/>\n<meta property=\"og:url\" content=\"https:\/\/vieassociative.be\/actualites\/claudia-niessen-nest-plus-maire-mais-reste-presidente-de-lhopital-eupener-st-nikolaus\/\" \/>\n<meta property=\"og:site_name\" content=\"Vie Associative\" \/>\n<meta property=\"article:published_time\" content=\"2025-01-30T20:18:24+00:00\" \/>\n<meta property=\"og:image\" content=\"https:\/\/vieassociative.be\/actualites\/wp-content\/uploads\/2024\/09\/header_backgroundk-01-e1726694325946.png\" \/>\n\t<meta property=\"og:image:width\" content=\"279\" \/>\n\t<meta property=\"og:image:height\" content=\"92\" \/>\n\t<meta property=\"og:image:type\" content=\"image\/png\" \/>\n<meta name=\"author\" content=\"Julien\" \/>\n<meta name=\"twitter:card\" content=\"summary_large_image\" \/>\n<meta name=\"twitter:label1\" content=\"\u00c9crit par\" \/>\n\t<meta name=\"twitter:data1\" content=\"Julien\" \/>\n\t<meta name=\"twitter:label2\" content=\"Dur\u00e9e de lecture est.\" \/>\n\t<meta name=\"twitter:data2\" content=\"2 minutes\" \/>\n<script type=\"application\/ld+json\" class=\"yoast-schema-graph\">{\"@context\":\"https:\/\/schema.org\",\"@graph\":[{\"@type\":\"Article\",\"@id\":\"https:\/\/vieassociative.be\/actualites\/claudia-niessen-nest-plus-maire-mais-reste-presidente-de-lhopital-eupener-st-nikolaus\/#article\",\"isPartOf\":{\"@id\":\"https:\/\/vieassociative.be\/actualites\/claudia-niessen-nest-plus-maire-mais-reste-presidente-de-lhopital-eupener-st-nikolaus\/\"},\"author\":{\"name\":\"Julien\",\"@id\":\"https:\/\/vieassociative.be\/actualites\/#\/schema\/person\/b87ac4f82f9d4e7b7cec7395b679edc4\"},\"headline\":\"Claudia Niessen n&rsquo;est plus maire, mais reste pr\u00e9sidente de l&rsquo;h\u00f4pital Eupener St. Nikolaus\",\"datePublished\":\"2025-01-30T20:18:24+00:00\",\"dateModified\":\"2025-01-30T20:18:24+00:00\",\"mainEntityOfPage\":{\"@id\":\"https:\/\/vieassociative.be\/actualites\/claudia-niessen-nest-plus-maire-mais-reste-presidente-de-lhopital-eupener-st-nikolaus\/\"},\"wordCount\":343,\"publisher\":{\"@id\":\"https:\/\/vieassociative.be\/actualites\/#organization\"},\"image\":{\"@id\":\"https:\/\/vieassociative.be\/actualites\/claudia-niessen-nest-plus-maire-mais-reste-presidente-de-lhopital-eupener-st-nikolaus\/#primaryimage\"},\"thumbnailUrl\":\"https:\/\/vieassociative.be\/actualites\/wp-content\/uploads\/2025\/01\/Claudia-Niessen-nest-plus-maire-mais-reste-presidente-de-lhopital.jpeg\",\"keywords\":[\"Claudia\",\"Eupener\",\"lh\u00f4pital\",\"maire\",\"mais\",\"nest\",\"Niessen\",\"Nikolaus\",\"pr\u00e9sidente\",\"reste\"],\"articleSection\":[\"Belgique\"],\"inLanguage\":\"fr-BE\"},{\"@type\":\"WebPage\",\"@id\":\"https:\/\/vieassociative.be\/actualites\/claudia-niessen-nest-plus-maire-mais-reste-presidente-de-lhopital-eupener-st-nikolaus\/\",\"url\":\"https:\/\/vieassociative.be\/actualites\/claudia-niessen-nest-plus-maire-mais-reste-presidente-de-lhopital-eupener-st-nikolaus\/\",\"name\":\"Claudia Niessen n'est plus maire, mais reste pr\u00e9sidente de l'h\u00f4pital Eupener St. Nikolaus | Vie Associative\",\"isPartOf\":{\"@id\":\"https:\/\/vieassociative.be\/actualites\/#website\"},\"primaryImageOfPage\":{\"@id\":\"https:\/\/vieassociative.be\/actualites\/claudia-niessen-nest-plus-maire-mais-reste-presidente-de-lhopital-eupener-st-nikolaus\/#primaryimage\"},\"image\":{\"@id\":\"https:\/\/vieassociative.be\/actualites\/claudia-niessen-nest-plus-maire-mais-reste-presidente-de-lhopital-eupener-st-nikolaus\/#primaryimage\"},\"thumbnailUrl\":\"https:\/\/vieassociative.be\/actualites\/wp-content\/uploads\/2025\/01\/Claudia-Niessen-nest-plus-maire-mais-reste-presidente-de-lhopital.jpeg\",\"datePublished\":\"2025-01-30T20:18:24+00:00\",\"dateModified\":\"2025-01-30T20:18:24+00:00\",\"breadcrumb\":{\"@id\":\"https:\/\/vieassociative.be\/actualites\/claudia-niessen-nest-plus-maire-mais-reste-presidente-de-lhopital-eupener-st-nikolaus\/#breadcrumb\"},\"inLanguage\":\"fr-BE\",\"potentialAction\":[{\"@type\":\"ReadAction\",\"target\":[\"https:\/\/vieassociative.be\/actualites\/claudia-niessen-nest-plus-maire-mais-reste-presidente-de-lhopital-eupener-st-nikolaus\/\"]}]},{\"@type\":\"ImageObject\",\"inLanguage\":\"fr-BE\",\"@id\":\"https:\/\/vieassociative.be\/actualites\/claudia-niessen-nest-plus-maire-mais-reste-presidente-de-lhopital-eupener-st-nikolaus\/#primaryimage\",\"url\":\"https:\/\/vieassociative.be\/actualites\/wp-content\/uploads\/2025\/01\/Claudia-Niessen-nest-plus-maire-mais-reste-presidente-de-lhopital.jpeg\",\"contentUrl\":\"https:\/\/vieassociative.be\/actualites\/wp-content\/uploads\/2025\/01\/Claudia-Niessen-nest-plus-maire-mais-reste-presidente-de-lhopital.jpeg\",\"width\":1200,\"height\":800,\"caption\":\"Claudia Niessen n'est plus maire, mais reste pr\u00e9sidente de l'h\u00f4pital Eupener St. Nikolaus\"},{\"@type\":\"BreadcrumbList\",\"@id\":\"https:\/\/vieassociative.be\/actualites\/claudia-niessen-nest-plus-maire-mais-reste-presidente-de-lhopital-eupener-st-nikolaus\/#breadcrumb\",\"itemListElement\":[{\"@type\":\"ListItem\",\"position\":1,\"name\":\"Accueil\",\"item\":\"https:\/\/vieassociative.be\/actualites\/\"},{\"@type\":\"ListItem\",\"position\":2,\"name\":\"Claudia Niessen n&rsquo;est plus maire, mais reste pr\u00e9sidente de l&rsquo;h\u00f4pital Eupener St. Nikolaus\"}]},{\"@type\":\"WebSite\",\"@id\":\"https:\/\/vieassociative.be\/actualites\/#website\",\"url\":\"https:\/\/vieassociative.be\/actualites\/\",\"name\":\"Vie Associative\",\"description\":\"\",\"publisher\":{\"@id\":\"https:\/\/vieassociative.be\/actualites\/#organization\"},\"potentialAction\":[{\"@type\":\"SearchAction\",\"target\":{\"@type\":\"EntryPoint\",\"urlTemplate\":\"https:\/\/vieassociative.be\/actualites\/?s={search_term_string}\"},\"query-input\":{\"@type\":\"PropertyValueSpecification\",\"valueRequired\":true,\"valueName\":\"search_term_string\"}}],\"inLanguage\":\"fr-BE\"},{\"@type\":\"Organization\",\"@id\":\"https:\/\/vieassociative.be\/actualites\/#organization\",\"name\":\"Vie Associative\",\"url\":\"https:\/\/vieassociative.be\/actualites\/\",\"logo\":{\"@type\":\"ImageObject\",\"inLanguage\":\"fr-BE\",\"@id\":\"https:\/\/vieassociative.be\/actualites\/#\/schema\/logo\/image\/\",\"url\":\"https:\/\/vieassociative.be\/actualites\/wp-content\/uploads\/2024\/09\/cropped-vieassociative_favicon.ico.png\",\"contentUrl\":\"https:\/\/vieassociative.be\/actualites\/wp-content\/uploads\/2024\/09\/cropped-vieassociative_favicon.ico.png\",\"width\":512,\"height\":512,\"caption\":\"Vie Associative\"},\"image\":{\"@id\":\"https:\/\/vieassociative.be\/actualites\/#\/schema\/logo\/image\/\"}},{\"@type\":\"Person\",\"@id\":\"https:\/\/vieassociative.be\/actualites\/#\/schema\/person\/b87ac4f82f9d4e7b7cec7395b679edc4\",\"name\":\"Julien\",\"image\":{\"@type\":\"ImageObject\",\"inLanguage\":\"fr-BE\",\"@id\":\"https:\/\/vieassociative.be\/actualites\/#\/schema\/person\/image\/\",\"url\":\"https:\/\/vieassociative.be\/actualites\/wp-content\/uploads\/2024\/09\/vie-associative-1-150x150.jpg\",\"contentUrl\":\"https:\/\/vieassociative.be\/actualites\/wp-content\/uploads\/2024\/09\/vie-associative-1-150x150.jpg\",\"caption\":\"Julien\"},\"description\":\"Je suis Julien, r\u00e9dacteur pour Vie Associative. Passionn\u00e9 par le monde associatif depuis plus de 10 ans, j'ai \u00e0 c\u0153ur de partager des histoires inspirantes et de mettre en lumi\u00e8re les initiatives locales. Mon objectif est de sensibiliser et d'encourager l'engagement communautaire \u00e0 travers mes articles.\",\"sameAs\":[\"https:\/\/vieassociative.be\/\"]}]}<\/script>\n<!-- \/ Yoast SEO plugin. -->","yoast_head_json":{"title":"Claudia Niessen n'est plus maire, mais reste pr\u00e9sidente de l'h\u00f4pital Eupener St. Nikolaus | Vie Associative","robots":{"index":"index","follow":"follow","max-snippet":"max-snippet:-1","max-image-preview":"max-image-preview:large","max-video-preview":"max-video-preview:-1"},"canonical":"https:\/\/vieassociative.be\/actualites\/claudia-niessen-nest-plus-maire-mais-reste-presidente-de-lhopital-eupener-st-nikolaus\/","og_locale":"fr_FR","og_type":"article","og_title":"Claudia Niessen n'est plus maire, mais reste pr\u00e9sidente de l'h\u00f4pital Eupener St. Nikolaus | Vie Associative","og_description":"Il a toujours \u00e9t\u00e9 une tradition que le maire de la ville d&rsquo;Eupen est \u00e9galement le pr\u00e9sident du conseil d&rsquo;administration de l&rsquo;h\u00f4pital St. Nikolaus. Cependant,","og_url":"https:\/\/vieassociative.be\/actualites\/claudia-niessen-nest-plus-maire-mais-reste-presidente-de-lhopital-eupener-st-nikolaus\/","og_site_name":"Vie Associative","article_published_time":"2025-01-30T20:18:24+00:00","og_image":[{"width":279,"height":92,"url":"https:\/\/vieassociative.be\/actualites\/wp-content\/uploads\/2024\/09\/header_backgroundk-01-e1726694325946.png","type":"image\/png"}],"author":"Julien","twitter_card":"summary_large_image","twitter_misc":{"\u00c9crit par":"Julien","Dur\u00e9e de lecture est.":"2 minutes"},"schema":{"@context":"https:\/\/schema.org","@graph":[{"@type":"Article","@id":"https:\/\/vieassociative.be\/actualites\/claudia-niessen-nest-plus-maire-mais-reste-presidente-de-lhopital-eupener-st-nikolaus\/#article","isPartOf":{"@id":"https:\/\/vieassociative.be\/actualites\/claudia-niessen-nest-plus-maire-mais-reste-presidente-de-lhopital-eupener-st-nikolaus\/"},"author":{"name":"Julien","@id":"https:\/\/vieassociative.be\/actualites\/#\/schema\/person\/b87ac4f82f9d4e7b7cec7395b679edc4"},"headline":"Claudia Niessen n&rsquo;est plus maire, mais reste pr\u00e9sidente de l&rsquo;h\u00f4pital Eupener St. Nikolaus","datePublished":"2025-01-30T20:18:24+00:00","dateModified":"2025-01-30T20:18:24+00:00","mainEntityOfPage":{"@id":"https:\/\/vieassociative.be\/actualites\/claudia-niessen-nest-plus-maire-mais-reste-presidente-de-lhopital-eupener-st-nikolaus\/"},"wordCount":343,"publisher":{"@id":"https:\/\/vieassociative.be\/actualites\/#organization"},"image":{"@id":"https:\/\/vieassociative.be\/actualites\/claudia-niessen-nest-plus-maire-mais-reste-presidente-de-lhopital-eupener-st-nikolaus\/#primaryimage"},"thumbnailUrl":"https:\/\/vieassociative.be\/actualites\/wp-content\/uploads\/2025\/01\/Claudia-Niessen-nest-plus-maire-mais-reste-presidente-de-lhopital.jpeg","keywords":["Claudia","Eupener","lh\u00f4pital","maire","mais","nest","Niessen","Nikolaus","pr\u00e9sidente","reste"],"articleSection":["Belgique"],"inLanguage":"fr-BE"},{"@type":"WebPage","@id":"https:\/\/vieassociative.be\/actualites\/claudia-niessen-nest-plus-maire-mais-reste-presidente-de-lhopital-eupener-st-nikolaus\/","url":"https:\/\/vieassociative.be\/actualites\/claudia-niessen-nest-plus-maire-mais-reste-presidente-de-lhopital-eupener-st-nikolaus\/","name":"Claudia Niessen n'est plus maire, mais reste pr\u00e9sidente de l'h\u00f4pital Eupener St. Nikolaus | Vie Associative","isPartOf":{"@id":"https:\/\/vieassociative.be\/actualites\/#website"},"primaryImageOfPage":{"@id":"https:\/\/vieassociative.be\/actualites\/claudia-niessen-nest-plus-maire-mais-reste-presidente-de-lhopital-eupener-st-nikolaus\/#primaryimage"},"image":{"@id":"https:\/\/vieassociative.be\/actualites\/claudia-niessen-nest-plus-maire-mais-reste-presidente-de-lhopital-eupener-st-nikolaus\/#primaryimage"},"thumbnailUrl":"https:\/\/vieassociative.be\/actualites\/wp-content\/uploads\/2025\/01\/Claudia-Niessen-nest-plus-maire-mais-reste-presidente-de-lhopital.jpeg","datePublished":"2025-01-30T20:18:24+00:00","dateModified":"2025-01-30T20:18:24+00:00","breadcrumb":{"@id":"https:\/\/vieassociative.be\/actualites\/claudia-niessen-nest-plus-maire-mais-reste-presidente-de-lhopital-eupener-st-nikolaus\/#breadcrumb"},"inLanguage":"fr-BE","potentialAction":[{"@type":"ReadAction","target":["https:\/\/vieassociative.be\/actualites\/claudia-niessen-nest-plus-maire-mais-reste-presidente-de-lhopital-eupener-st-nikolaus\/"]}]},{"@type":"ImageObject","inLanguage":"fr-BE","@id":"https:\/\/vieassociative.be\/actualites\/claudia-niessen-nest-plus-maire-mais-reste-presidente-de-lhopital-eupener-st-nikolaus\/#primaryimage","url":"https:\/\/vieassociative.be\/actualites\/wp-content\/uploads\/2025\/01\/Claudia-Niessen-nest-plus-maire-mais-reste-presidente-de-lhopital.jpeg","contentUrl":"https:\/\/vieassociative.be\/actualites\/wp-content\/uploads\/2025\/01\/Claudia-Niessen-nest-plus-maire-mais-reste-presidente-de-lhopital.jpeg","width":1200,"height":800,"caption":"Claudia Niessen n'est plus maire, mais reste pr\u00e9sidente de l'h\u00f4pital Eupener St. Nikolaus"},{"@type":"BreadcrumbList","@id":"https:\/\/vieassociative.be\/actualites\/claudia-niessen-nest-plus-maire-mais-reste-presidente-de-lhopital-eupener-st-nikolaus\/#breadcrumb","itemListElement":[{"@type":"ListItem","position":1,"name":"Accueil","item":"https:\/\/vieassociative.be\/actualites\/"},{"@type":"ListItem","position":2,"name":"Claudia Niessen n&rsquo;est plus maire, mais reste pr\u00e9sidente de l&rsquo;h\u00f4pital Eupener St. Nikolaus"}]},{"@type":"WebSite","@id":"https:\/\/vieassociative.be\/actualites\/#website","url":"https:\/\/vieassociative.be\/actualites\/","name":"Vie Associative","description":"","publisher":{"@id":"https:\/\/vieassociative.be\/actualites\/#organization"},"potentialAction":[{"@type":"SearchAction","target":{"@type":"EntryPoint","urlTemplate":"https:\/\/vieassociative.be\/actualites\/?s={search_term_string}"},"query-input":{"@type":"PropertyValueSpecification","valueRequired":true,"valueName":"search_term_string"}}],"inLanguage":"fr-BE"},{"@type":"Organization","@id":"https:\/\/vieassociative.be\/actualites\/#organization","name":"Vie Associative","url":"https:\/\/vieassociative.be\/actualites\/","logo":{"@type":"ImageObject","inLanguage":"fr-BE","@id":"https:\/\/vieassociative.be\/actualites\/#\/schema\/logo\/image\/","url":"https:\/\/vieassociative.be\/actualites\/wp-content\/uploads\/2024\/09\/cropped-vieassociative_favicon.ico.png","contentUrl":"https:\/\/vieassociative.be\/actualites\/wp-content\/uploads\/2024\/09\/cropped-vieassociative_favicon.ico.png","width":512,"height":512,"caption":"Vie Associative"},"image":{"@id":"https:\/\/vieassociative.be\/actualites\/#\/schema\/logo\/image\/"}},{"@type":"Person","@id":"https:\/\/vieassociative.be\/actualites\/#\/schema\/person\/b87ac4f82f9d4e7b7cec7395b679edc4","name":"Julien","image":{"@type":"ImageObject","inLanguage":"fr-BE","@id":"https:\/\/vieassociative.be\/actualites\/#\/schema\/person\/image\/","url":"https:\/\/vieassociative.be\/actualites\/wp-content\/uploads\/2024\/09\/vie-associative-1-150x150.jpg","contentUrl":"https:\/\/vieassociative.be\/actualites\/wp-content\/uploads\/2024\/09\/vie-associative-1-150x150.jpg","caption":"Julien"},"description":"Je suis Julien, r\u00e9dacteur pour Vie Associative. Passionn\u00e9 par le monde associatif depuis plus de 10 ans, j'ai \u00e0 c\u0153ur de partager des histoires inspirantes et de mettre en lumi\u00e8re les initiatives locales. Mon objectif est de sensibiliser et d'encourager l'engagement communautaire \u00e0 travers mes articles.","sameAs":["https:\/\/vieassociative.be\/"]}]}},"_links":{"self":[{"href":"https:\/\/vieassociative.be\/actualites\/wp-json\/wp\/v2\/posts\/4719"}],"collection":[{"href":"https:\/\/vieassociative.be\/actualites\/wp-json\/wp\/v2\/posts"}],"about":[{"href":"https:\/\/vieassociative.be\/actualites\/wp-json\/wp\/v2\/types\/post"}],"author":[{"embeddable":true,"href":"https:\/\/vieassociative.be\/actualites\/wp-json\/wp\/v2\/users\/1"}],"replies":[{"embeddable":true,"href":"https:\/\/vieassociative.be\/actualites\/wp-json\/wp\/v2\/comments?post=4719"}],"version-history":[{"count":0,"href":"https:\/\/vieassociative.be\/actualites\/wp-json\/wp\/v2\/posts\/4719\/revisions"}],"wp:featuredmedia":[{"embeddable":true,"href":"https:\/\/vieassociative.be\/actualites\/wp-json\/wp\/v2\/media\/4720"}],"wp:attachment":[{"href":"https:\/\/vieassociative.be\/actualites\/wp-json\/wp\/v2\/media?parent=4719"}],"wp:term":[{"taxonomy":"category","embeddable":true,"href":"https:\/\/vieassociative.be\/actualites\/wp-json\/wp\/v2\/categories?post=4719"},{"taxonomy":"post_tag","embeddable":true,"href":"https:\/\/vieassociative.be\/actualites\/wp-json\/wp\/v2\/tags?post=4719"}],"curies":[{"name":"wp","href":"https:\/\/api.w.org\/{rel}","templated":true}]}}