{"id":4717,"date":"2025-01-30T20:18:51","date_gmt":"2025-01-30T19:18:51","guid":{"rendered":"https:\/\/vieassociative.be\/actualites\/vos-chats-en-profondeur-peuvent-avoir-ete-exposes-en-ligne\/"},"modified":"2025-01-30T20:18:51","modified_gmt":"2025-01-30T19:18:51","slug":"vos-chats-en-profondeur-peuvent-avoir-ete-exposes-en-ligne","status":"publish","type":"post","link":"https:\/\/vieassociative.be\/actualites\/vos-chats-en-profondeur-peuvent-avoir-ete-exposes-en-ligne\/","title":{"rendered":"Vos chats en profondeur peuvent avoir \u00e9t\u00e9 expos\u00e9s en ligne"},"content":{"rendered":"<div class=\"mt-4 leading-6 md:mb-8\">Deepseek dit qu&rsquo;ils continuent d&rsquo;enqu\u00eater sur la question.<\/div>\n<p><\/p>\n<p>Deepseek a un moment: avec la sortie de son mod\u00e8le R1 impressionnant, la soci\u00e9t\u00e9 AI a d\u00e9pass\u00e9 Chatgpt (et toutes les autres applications) pour devenir l&rsquo;application gratuite num\u00e9ro un sur l&rsquo;iOS App Store et Google Play Store. Si vous avez essay\u00e9 l&rsquo;application cette semaine, soyez averti: vos chats peuvent avoir \u00e9t\u00e9 expos\u00e9s. <\/p>\n<p>Comme l&rsquo;a rapport\u00e9 The Hacker News, Deepseek a laiss\u00e9 l&rsquo;une de ses bases de donn\u00e9es en ligne expos\u00e9es. Bien que la soci\u00e9t\u00e9 ait \u00e9mis un correctif, cette base de donn\u00e9es est un tr\u00e9sor d&rsquo;informations utilisateur. Il contient plus d&rsquo;un million de lignes de flux de journaux, qui comprennent l&rsquo;historique de chat, les cl\u00e9s secr\u00e8tes (utilis\u00e9es pour crypter et d\u00e9crypter les donn\u00e9es), des informations backend et d&rsquo;autres donn\u00e9es importantes.<\/p>\n<p>\u00c0 partir de cet article, Deepseek dit qu&rsquo;ils continuent d&rsquo;enqu\u00eater sur le probl\u00e8me, malgr\u00e9 la mise en \u0153uvre d&rsquo;un correctif le 29 janvier.  <\/p>\n<p>Il n&rsquo;est pas clair si des parties ont eu acc\u00e8s \u00e0 la base de donn\u00e9es de Deepseek alors qu&rsquo;elle \u00e9tait vuln\u00e9rable, mais la vuln\u00e9rabilit\u00e9 a permis un \u00ab\u00a0contr\u00f4le complet de la base de donn\u00e9es\u00a0\u00bb, ainsi qu&rsquo;une escalade de privil\u00e8ge dans le r\u00e9seau de Deepseek sans aucune authentification n\u00e9cessaire.<\/p>\n<p>Les politiques de confidentialit\u00e9 et de s\u00e9curit\u00e9 de Deepseek ont \u200b\u200b\u00e9t\u00e9 un point de pr\u00e9occupation, car de nombreux utilisateurs affluent vers son service. La plate-forme recueille de nombreuses donn\u00e9es utilisateur, comme les adresses e-mail, les adresses IP et les histoires de chat, mais aussi plus concernant les points de donn\u00e9es, comme les mod\u00e8les et les rythmes de la cl\u00e9. Pourquoi une application AI doit-elle non seulement savoir ce que j&rsquo;ai tap\u00e9, mais aussi <em>comment<\/em> Je l&rsquo;ai tap\u00e9 aussi? Comme Deepseek est une entreprise chinoise, elle stocke toutes les donn\u00e9es des utilisateurs sur les serveurs en Chine. En tant que tel, la Soci\u00e9t\u00e9 est redevable par la loi de partager toutes les donn\u00e9es que le gouvernement chinois demande. Ces pratiques sont parmi les raisons pour lesquelles le gouvernement am\u00e9ricain a interdit Tiktok.<\/p>\n<p>Il n&rsquo;y a aucune preuve que cela s&rsquo;est produit, mais toute la situation d\u00e9peint une image pr\u00e9caire pour la populaire startup d&rsquo;IA. Si vous voulez essayer Deepseek, ou si vous l&rsquo;utilisez d\u00e9j\u00e0, il est important de garder ces points \u00e0 l&rsquo;esprit. Vos donn\u00e9es utilisateur peuvent ne pas \u00eatre si s\u00e9curis\u00e9es avec cette entreprise particuli\u00e8re. <\/p>\n","protected":false},"excerpt":{"rendered":"<p>Deepseek dit qu&rsquo;ils continuent d&rsquo;enqu\u00eater sur la question. Deepseek a un moment: avec la sortie de son mod\u00e8le R1 impressionnant, la soci\u00e9t\u00e9 AI a d\u00e9pass\u00e9<\/p>\n","protected":false},"author":1,"featured_media":4718,"comment_status":"","ping_status":"","sticky":false,"template":"","format":"standard","meta":{"footnotes":""},"categories":[13],"tags":[224,1633,217,5045,11,293,5005,27],"class_list":["post-4717","post","type-post","status-publish","format-standard","has-post-thumbnail","hentry","category-technologie","tag-avoir","tag-chats","tag-ete","tag-exposes","tag-ligne","tag-peuvent","tag-profondeur","tag-vos","generate-columns","tablet-grid-50","mobile-grid-100","grid-parent","grid-33"],"yoast_head":"<!-- This site is optimized with the Yoast SEO plugin v24.0 - https:\/\/yoast.com\/wordpress\/plugins\/seo\/ -->\n<title>Vos chats en profondeur peuvent avoir \u00e9t\u00e9 expos\u00e9s en ligne | Vie Associative<\/title>\n<meta name=\"robots\" content=\"index, follow, max-snippet:-1, max-image-preview:large, max-video-preview:-1\" \/>\n<link rel=\"canonical\" href=\"https:\/\/vieassociative.be\/actualites\/vos-chats-en-profondeur-peuvent-avoir-ete-exposes-en-ligne\/\" \/>\n<meta property=\"og:locale\" content=\"fr_FR\" \/>\n<meta property=\"og:type\" content=\"article\" \/>\n<meta property=\"og:title\" content=\"Vos chats en profondeur peuvent avoir \u00e9t\u00e9 expos\u00e9s en ligne | Vie Associative\" \/>\n<meta property=\"og:description\" content=\"Deepseek dit qu&rsquo;ils continuent d&rsquo;enqu\u00eater sur la question. Deepseek a un moment: avec la sortie de son mod\u00e8le R1 impressionnant, la soci\u00e9t\u00e9 AI a d\u00e9pass\u00e9\" \/>\n<meta property=\"og:url\" content=\"https:\/\/vieassociative.be\/actualites\/vos-chats-en-profondeur-peuvent-avoir-ete-exposes-en-ligne\/\" \/>\n<meta property=\"og:site_name\" content=\"Vie Associative\" \/>\n<meta property=\"article:published_time\" content=\"2025-01-30T19:18:51+00:00\" \/>\n<meta property=\"og:image\" content=\"https:\/\/vieassociative.be\/actualites\/wp-content\/uploads\/2024\/09\/header_backgroundk-01-e1726694325946.png\" \/>\n\t<meta property=\"og:image:width\" content=\"279\" \/>\n\t<meta property=\"og:image:height\" content=\"92\" \/>\n\t<meta property=\"og:image:type\" content=\"image\/png\" \/>\n<meta name=\"author\" content=\"Julien\" \/>\n<meta name=\"twitter:card\" content=\"summary_large_image\" \/>\n<meta name=\"twitter:label1\" content=\"\u00c9crit par\" \/>\n\t<meta name=\"twitter:data1\" content=\"Julien\" \/>\n\t<meta name=\"twitter:label2\" content=\"Dur\u00e9e de lecture est.\" \/>\n\t<meta name=\"twitter:data2\" content=\"2 minutes\" \/>\n<script type=\"application\/ld+json\" class=\"yoast-schema-graph\">{\"@context\":\"https:\/\/schema.org\",\"@graph\":[{\"@type\":\"Article\",\"@id\":\"https:\/\/vieassociative.be\/actualites\/vos-chats-en-profondeur-peuvent-avoir-ete-exposes-en-ligne\/#article\",\"isPartOf\":{\"@id\":\"https:\/\/vieassociative.be\/actualites\/vos-chats-en-profondeur-peuvent-avoir-ete-exposes-en-ligne\/\"},\"author\":{\"name\":\"Julien\",\"@id\":\"https:\/\/vieassociative.be\/actualites\/#\/schema\/person\/b87ac4f82f9d4e7b7cec7395b679edc4\"},\"headline\":\"Vos chats en profondeur peuvent avoir \u00e9t\u00e9 expos\u00e9s en ligne\",\"datePublished\":\"2025-01-30T19:18:51+00:00\",\"dateModified\":\"2025-01-30T19:18:51+00:00\",\"mainEntityOfPage\":{\"@id\":\"https:\/\/vieassociative.be\/actualites\/vos-chats-en-profondeur-peuvent-avoir-ete-exposes-en-ligne\/\"},\"wordCount\":459,\"publisher\":{\"@id\":\"https:\/\/vieassociative.be\/actualites\/#organization\"},\"image\":{\"@id\":\"https:\/\/vieassociative.be\/actualites\/vos-chats-en-profondeur-peuvent-avoir-ete-exposes-en-ligne\/#primaryimage\"},\"thumbnailUrl\":\"https:\/\/vieassociative.be\/actualites\/wp-content\/uploads\/2025\/01\/Vos-chats-en-profondeur-peuvent-avoir-ete-exposes-en-ligne.jpg\",\"keywords\":[\"avoir\",\"chats\",\"\u00e9t\u00e9\",\"expos\u00e9s\",\"ligne\",\"peuvent\",\"profondeur\",\"vos\"],\"articleSection\":[\"Technologie\"],\"inLanguage\":\"fr-BE\"},{\"@type\":\"WebPage\",\"@id\":\"https:\/\/vieassociative.be\/actualites\/vos-chats-en-profondeur-peuvent-avoir-ete-exposes-en-ligne\/\",\"url\":\"https:\/\/vieassociative.be\/actualites\/vos-chats-en-profondeur-peuvent-avoir-ete-exposes-en-ligne\/\",\"name\":\"Vos chats en profondeur peuvent avoir \u00e9t\u00e9 expos\u00e9s en ligne | Vie Associative\",\"isPartOf\":{\"@id\":\"https:\/\/vieassociative.be\/actualites\/#website\"},\"primaryImageOfPage\":{\"@id\":\"https:\/\/vieassociative.be\/actualites\/vos-chats-en-profondeur-peuvent-avoir-ete-exposes-en-ligne\/#primaryimage\"},\"image\":{\"@id\":\"https:\/\/vieassociative.be\/actualites\/vos-chats-en-profondeur-peuvent-avoir-ete-exposes-en-ligne\/#primaryimage\"},\"thumbnailUrl\":\"https:\/\/vieassociative.be\/actualites\/wp-content\/uploads\/2025\/01\/Vos-chats-en-profondeur-peuvent-avoir-ete-exposes-en-ligne.jpg\",\"datePublished\":\"2025-01-30T19:18:51+00:00\",\"dateModified\":\"2025-01-30T19:18:51+00:00\",\"breadcrumb\":{\"@id\":\"https:\/\/vieassociative.be\/actualites\/vos-chats-en-profondeur-peuvent-avoir-ete-exposes-en-ligne\/#breadcrumb\"},\"inLanguage\":\"fr-BE\",\"potentialAction\":[{\"@type\":\"ReadAction\",\"target\":[\"https:\/\/vieassociative.be\/actualites\/vos-chats-en-profondeur-peuvent-avoir-ete-exposes-en-ligne\/\"]}]},{\"@type\":\"ImageObject\",\"inLanguage\":\"fr-BE\",\"@id\":\"https:\/\/vieassociative.be\/actualites\/vos-chats-en-profondeur-peuvent-avoir-ete-exposes-en-ligne\/#primaryimage\",\"url\":\"https:\/\/vieassociative.be\/actualites\/wp-content\/uploads\/2025\/01\/Vos-chats-en-profondeur-peuvent-avoir-ete-exposes-en-ligne.jpg\",\"contentUrl\":\"https:\/\/vieassociative.be\/actualites\/wp-content\/uploads\/2025\/01\/Vos-chats-en-profondeur-peuvent-avoir-ete-exposes-en-ligne.jpg\",\"width\":1200,\"height\":675,\"caption\":\"Vos chats en profondeur peuvent avoir \u00e9t\u00e9 expos\u00e9s en ligne\"},{\"@type\":\"BreadcrumbList\",\"@id\":\"https:\/\/vieassociative.be\/actualites\/vos-chats-en-profondeur-peuvent-avoir-ete-exposes-en-ligne\/#breadcrumb\",\"itemListElement\":[{\"@type\":\"ListItem\",\"position\":1,\"name\":\"Accueil\",\"item\":\"https:\/\/vieassociative.be\/actualites\/\"},{\"@type\":\"ListItem\",\"position\":2,\"name\":\"Vos chats en profondeur peuvent avoir \u00e9t\u00e9 expos\u00e9s en ligne\"}]},{\"@type\":\"WebSite\",\"@id\":\"https:\/\/vieassociative.be\/actualites\/#website\",\"url\":\"https:\/\/vieassociative.be\/actualites\/\",\"name\":\"Vie Associative\",\"description\":\"\",\"publisher\":{\"@id\":\"https:\/\/vieassociative.be\/actualites\/#organization\"},\"potentialAction\":[{\"@type\":\"SearchAction\",\"target\":{\"@type\":\"EntryPoint\",\"urlTemplate\":\"https:\/\/vieassociative.be\/actualites\/?s={search_term_string}\"},\"query-input\":{\"@type\":\"PropertyValueSpecification\",\"valueRequired\":true,\"valueName\":\"search_term_string\"}}],\"inLanguage\":\"fr-BE\"},{\"@type\":\"Organization\",\"@id\":\"https:\/\/vieassociative.be\/actualites\/#organization\",\"name\":\"Vie Associative\",\"url\":\"https:\/\/vieassociative.be\/actualites\/\",\"logo\":{\"@type\":\"ImageObject\",\"inLanguage\":\"fr-BE\",\"@id\":\"https:\/\/vieassociative.be\/actualites\/#\/schema\/logo\/image\/\",\"url\":\"https:\/\/vieassociative.be\/actualites\/wp-content\/uploads\/2024\/09\/cropped-vieassociative_favicon.ico.png\",\"contentUrl\":\"https:\/\/vieassociative.be\/actualites\/wp-content\/uploads\/2024\/09\/cropped-vieassociative_favicon.ico.png\",\"width\":512,\"height\":512,\"caption\":\"Vie Associative\"},\"image\":{\"@id\":\"https:\/\/vieassociative.be\/actualites\/#\/schema\/logo\/image\/\"}},{\"@type\":\"Person\",\"@id\":\"https:\/\/vieassociative.be\/actualites\/#\/schema\/person\/b87ac4f82f9d4e7b7cec7395b679edc4\",\"name\":\"Julien\",\"image\":{\"@type\":\"ImageObject\",\"inLanguage\":\"fr-BE\",\"@id\":\"https:\/\/vieassociative.be\/actualites\/#\/schema\/person\/image\/\",\"url\":\"https:\/\/vieassociative.be\/actualites\/wp-content\/uploads\/2024\/09\/vie-associative-1-150x150.jpg\",\"contentUrl\":\"https:\/\/vieassociative.be\/actualites\/wp-content\/uploads\/2024\/09\/vie-associative-1-150x150.jpg\",\"caption\":\"Julien\"},\"description\":\"Je suis Julien, r\u00e9dacteur pour Vie Associative. Passionn\u00e9 par le monde associatif depuis plus de 10 ans, j'ai \u00e0 c\u0153ur de partager des histoires inspirantes et de mettre en lumi\u00e8re les initiatives locales. Mon objectif est de sensibiliser et d'encourager l'engagement communautaire \u00e0 travers mes articles.\",\"sameAs\":[\"https:\/\/vieassociative.be\/\"]}]}<\/script>\n<!-- \/ Yoast SEO plugin. -->","yoast_head_json":{"title":"Vos chats en profondeur peuvent avoir \u00e9t\u00e9 expos\u00e9s en ligne | Vie Associative","robots":{"index":"index","follow":"follow","max-snippet":"max-snippet:-1","max-image-preview":"max-image-preview:large","max-video-preview":"max-video-preview:-1"},"canonical":"https:\/\/vieassociative.be\/actualites\/vos-chats-en-profondeur-peuvent-avoir-ete-exposes-en-ligne\/","og_locale":"fr_FR","og_type":"article","og_title":"Vos chats en profondeur peuvent avoir \u00e9t\u00e9 expos\u00e9s en ligne | Vie Associative","og_description":"Deepseek dit qu&rsquo;ils continuent d&rsquo;enqu\u00eater sur la question. Deepseek a un moment: avec la sortie de son mod\u00e8le R1 impressionnant, la soci\u00e9t\u00e9 AI a d\u00e9pass\u00e9","og_url":"https:\/\/vieassociative.be\/actualites\/vos-chats-en-profondeur-peuvent-avoir-ete-exposes-en-ligne\/","og_site_name":"Vie Associative","article_published_time":"2025-01-30T19:18:51+00:00","og_image":[{"width":279,"height":92,"url":"https:\/\/vieassociative.be\/actualites\/wp-content\/uploads\/2024\/09\/header_backgroundk-01-e1726694325946.png","type":"image\/png"}],"author":"Julien","twitter_card":"summary_large_image","twitter_misc":{"\u00c9crit par":"Julien","Dur\u00e9e de lecture est.":"2 minutes"},"schema":{"@context":"https:\/\/schema.org","@graph":[{"@type":"Article","@id":"https:\/\/vieassociative.be\/actualites\/vos-chats-en-profondeur-peuvent-avoir-ete-exposes-en-ligne\/#article","isPartOf":{"@id":"https:\/\/vieassociative.be\/actualites\/vos-chats-en-profondeur-peuvent-avoir-ete-exposes-en-ligne\/"},"author":{"name":"Julien","@id":"https:\/\/vieassociative.be\/actualites\/#\/schema\/person\/b87ac4f82f9d4e7b7cec7395b679edc4"},"headline":"Vos chats en profondeur peuvent avoir \u00e9t\u00e9 expos\u00e9s en ligne","datePublished":"2025-01-30T19:18:51+00:00","dateModified":"2025-01-30T19:18:51+00:00","mainEntityOfPage":{"@id":"https:\/\/vieassociative.be\/actualites\/vos-chats-en-profondeur-peuvent-avoir-ete-exposes-en-ligne\/"},"wordCount":459,"publisher":{"@id":"https:\/\/vieassociative.be\/actualites\/#organization"},"image":{"@id":"https:\/\/vieassociative.be\/actualites\/vos-chats-en-profondeur-peuvent-avoir-ete-exposes-en-ligne\/#primaryimage"},"thumbnailUrl":"https:\/\/vieassociative.be\/actualites\/wp-content\/uploads\/2025\/01\/Vos-chats-en-profondeur-peuvent-avoir-ete-exposes-en-ligne.jpg","keywords":["avoir","chats","\u00e9t\u00e9","expos\u00e9s","ligne","peuvent","profondeur","vos"],"articleSection":["Technologie"],"inLanguage":"fr-BE"},{"@type":"WebPage","@id":"https:\/\/vieassociative.be\/actualites\/vos-chats-en-profondeur-peuvent-avoir-ete-exposes-en-ligne\/","url":"https:\/\/vieassociative.be\/actualites\/vos-chats-en-profondeur-peuvent-avoir-ete-exposes-en-ligne\/","name":"Vos chats en profondeur peuvent avoir \u00e9t\u00e9 expos\u00e9s en ligne | Vie Associative","isPartOf":{"@id":"https:\/\/vieassociative.be\/actualites\/#website"},"primaryImageOfPage":{"@id":"https:\/\/vieassociative.be\/actualites\/vos-chats-en-profondeur-peuvent-avoir-ete-exposes-en-ligne\/#primaryimage"},"image":{"@id":"https:\/\/vieassociative.be\/actualites\/vos-chats-en-profondeur-peuvent-avoir-ete-exposes-en-ligne\/#primaryimage"},"thumbnailUrl":"https:\/\/vieassociative.be\/actualites\/wp-content\/uploads\/2025\/01\/Vos-chats-en-profondeur-peuvent-avoir-ete-exposes-en-ligne.jpg","datePublished":"2025-01-30T19:18:51+00:00","dateModified":"2025-01-30T19:18:51+00:00","breadcrumb":{"@id":"https:\/\/vieassociative.be\/actualites\/vos-chats-en-profondeur-peuvent-avoir-ete-exposes-en-ligne\/#breadcrumb"},"inLanguage":"fr-BE","potentialAction":[{"@type":"ReadAction","target":["https:\/\/vieassociative.be\/actualites\/vos-chats-en-profondeur-peuvent-avoir-ete-exposes-en-ligne\/"]}]},{"@type":"ImageObject","inLanguage":"fr-BE","@id":"https:\/\/vieassociative.be\/actualites\/vos-chats-en-profondeur-peuvent-avoir-ete-exposes-en-ligne\/#primaryimage","url":"https:\/\/vieassociative.be\/actualites\/wp-content\/uploads\/2025\/01\/Vos-chats-en-profondeur-peuvent-avoir-ete-exposes-en-ligne.jpg","contentUrl":"https:\/\/vieassociative.be\/actualites\/wp-content\/uploads\/2025\/01\/Vos-chats-en-profondeur-peuvent-avoir-ete-exposes-en-ligne.jpg","width":1200,"height":675,"caption":"Vos chats en profondeur peuvent avoir \u00e9t\u00e9 expos\u00e9s en ligne"},{"@type":"BreadcrumbList","@id":"https:\/\/vieassociative.be\/actualites\/vos-chats-en-profondeur-peuvent-avoir-ete-exposes-en-ligne\/#breadcrumb","itemListElement":[{"@type":"ListItem","position":1,"name":"Accueil","item":"https:\/\/vieassociative.be\/actualites\/"},{"@type":"ListItem","position":2,"name":"Vos chats en profondeur peuvent avoir \u00e9t\u00e9 expos\u00e9s en ligne"}]},{"@type":"WebSite","@id":"https:\/\/vieassociative.be\/actualites\/#website","url":"https:\/\/vieassociative.be\/actualites\/","name":"Vie Associative","description":"","publisher":{"@id":"https:\/\/vieassociative.be\/actualites\/#organization"},"potentialAction":[{"@type":"SearchAction","target":{"@type":"EntryPoint","urlTemplate":"https:\/\/vieassociative.be\/actualites\/?s={search_term_string}"},"query-input":{"@type":"PropertyValueSpecification","valueRequired":true,"valueName":"search_term_string"}}],"inLanguage":"fr-BE"},{"@type":"Organization","@id":"https:\/\/vieassociative.be\/actualites\/#organization","name":"Vie Associative","url":"https:\/\/vieassociative.be\/actualites\/","logo":{"@type":"ImageObject","inLanguage":"fr-BE","@id":"https:\/\/vieassociative.be\/actualites\/#\/schema\/logo\/image\/","url":"https:\/\/vieassociative.be\/actualites\/wp-content\/uploads\/2024\/09\/cropped-vieassociative_favicon.ico.png","contentUrl":"https:\/\/vieassociative.be\/actualites\/wp-content\/uploads\/2024\/09\/cropped-vieassociative_favicon.ico.png","width":512,"height":512,"caption":"Vie Associative"},"image":{"@id":"https:\/\/vieassociative.be\/actualites\/#\/schema\/logo\/image\/"}},{"@type":"Person","@id":"https:\/\/vieassociative.be\/actualites\/#\/schema\/person\/b87ac4f82f9d4e7b7cec7395b679edc4","name":"Julien","image":{"@type":"ImageObject","inLanguage":"fr-BE","@id":"https:\/\/vieassociative.be\/actualites\/#\/schema\/person\/image\/","url":"https:\/\/vieassociative.be\/actualites\/wp-content\/uploads\/2024\/09\/vie-associative-1-150x150.jpg","contentUrl":"https:\/\/vieassociative.be\/actualites\/wp-content\/uploads\/2024\/09\/vie-associative-1-150x150.jpg","caption":"Julien"},"description":"Je suis Julien, r\u00e9dacteur pour Vie Associative. Passionn\u00e9 par le monde associatif depuis plus de 10 ans, j'ai \u00e0 c\u0153ur de partager des histoires inspirantes et de mettre en lumi\u00e8re les initiatives locales. Mon objectif est de sensibiliser et d'encourager l'engagement communautaire \u00e0 travers mes articles.","sameAs":["https:\/\/vieassociative.be\/"]}]}},"_links":{"self":[{"href":"https:\/\/vieassociative.be\/actualites\/wp-json\/wp\/v2\/posts\/4717"}],"collection":[{"href":"https:\/\/vieassociative.be\/actualites\/wp-json\/wp\/v2\/posts"}],"about":[{"href":"https:\/\/vieassociative.be\/actualites\/wp-json\/wp\/v2\/types\/post"}],"author":[{"embeddable":true,"href":"https:\/\/vieassociative.be\/actualites\/wp-json\/wp\/v2\/users\/1"}],"replies":[{"embeddable":true,"href":"https:\/\/vieassociative.be\/actualites\/wp-json\/wp\/v2\/comments?post=4717"}],"version-history":[{"count":0,"href":"https:\/\/vieassociative.be\/actualites\/wp-json\/wp\/v2\/posts\/4717\/revisions"}],"wp:featuredmedia":[{"embeddable":true,"href":"https:\/\/vieassociative.be\/actualites\/wp-json\/wp\/v2\/media\/4718"}],"wp:attachment":[{"href":"https:\/\/vieassociative.be\/actualites\/wp-json\/wp\/v2\/media?parent=4717"}],"wp:term":[{"taxonomy":"category","embeddable":true,"href":"https:\/\/vieassociative.be\/actualites\/wp-json\/wp\/v2\/categories?post=4717"},{"taxonomy":"post_tag","embeddable":true,"href":"https:\/\/vieassociative.be\/actualites\/wp-json\/wp\/v2\/tags?post=4717"}],"curies":[{"name":"wp","href":"https:\/\/api.w.org\/{rel}","templated":true}]}}