{"id":4713,"date":"2025-01-30T17:17:52","date_gmt":"2025-01-30T16:17:52","guid":{"rendered":"https:\/\/vieassociative.be\/actualites\/sony-vendra-bientot-des-ps5-ordinaires-pour-la-moitie-du-cout-dune-ps5-pro\/"},"modified":"2025-01-30T17:17:52","modified_gmt":"2025-01-30T16:17:52","slug":"sony-vendra-bientot-des-ps5-ordinaires-pour-la-moitie-du-cout-dune-ps5-pro","status":"publish","type":"post","link":"https:\/\/vieassociative.be\/actualites\/sony-vendra-bientot-des-ps5-ordinaires-pour-la-moitie-du-cout-dune-ps5-pro\/","title":{"rendered":"Sony vendra bient\u00f4t des PS5 ordinaires pour la moiti\u00e9 du co\u00fbt d&rsquo;une PS5 Pro"},"content":{"rendered":"<div class=\"mt-4 leading-6 md:mb-8\">Les PS5 r\u00e9nov\u00e9s de Sony sont un moyen beaucoup moins cher de se lancer dans la g\u00e9n\u00e9ration actuelle de console.<\/div>\n<p><\/p>\n<p>Avec la sortie de New Hardware vient des baisses de prix sur les anciens mod\u00e8les, et apr\u00e8s que Sony a annonc\u00e9 le nouveau PS5 Pro et son prix de 700 $, la soci\u00e9t\u00e9 se pr\u00e9pare \u00e9galement \u00e0 donner au reste d&rsquo;entre nous une alternative beaucoup moins ch\u00e8re.<\/p>\n<p>Rep\u00e9r\u00e9 par l&rsquo;expert des offres Wario64 juste en avant le flux PS5 Pro Reveal, il semble que le magasin PlayStation Direct de Sony ait d\u00e9sormais de nouvelles annonces pour les mod\u00e8les remis \u00e0 neuf de la base PS5. Ils ne sont pas encore tout \u00e0 fait en vente, mais sont r\u00e9pertori\u00e9s comme \u00ab\u00e0 venir bient\u00f4t\u00bb, et ils sont environ 100 $ moins cher que leurs nouveaux \u00e9quivalents.<\/p>\n<p>Cela prend la version de la PS5 avec un lecteur de disque \u00e0 400 $ et celui sans un disque \u00e0 350 $, ce qui signifie que vous pourrez bient\u00f4t entrer dans la g\u00e9n\u00e9ration de console actuelle de Sony pour la moiti\u00e9 du prix d&rsquo;une PS5 Pro. Je recommande toujours un mod\u00e8le avec un lecteur de disque, mais je regarde \u00e9galement beaucoup de Blu-ray.<\/p>\n<p>Les annonces, notamment, concernent les versions de la PS5 vendues au lancement, plut\u00f4t que la PS5 Slim qui est sortie l&rsquo;ann\u00e9e derni\u00e8re. Le lancement des PS5 fonctionne toujours aussi bien que le mod\u00e8le Slim, donc la diff\u00e9rence est largement esth\u00e9tique, bien que notez que le lancement de \u00abDigital Edition\u00bb PS5 ne pourra pas utiliser le lecteur de disque compl\u00e9mentaire que Sony a introduit \u00e0 c\u00f4t\u00e9 du Slim Refresh. Le PS5 Slim a \u00e9galement un peu plus de stockage, mais les 825 Go du mod\u00e8le de lancement devraient toujours \u00eatre suffisants pour la plupart des gens.<\/p>\n<p>Sony offre une garantie de 12 mois sur toutes les unit\u00e9s r\u00e9nov\u00e9es, promettant que les utilisateurs devraient s&rsquo;attendre \u00e0 ce qu&rsquo;ils fonctionnent sans probl\u00e8me, bien que vous remarquiez peut-\u00eatre des rayures ou d&rsquo;autres imperfections esth\u00e9tiques. Pourtant, c&rsquo;est une fa\u00e7on pour les gens qui s&rsquo;en tiennent \u00e0 leur PS4 pour vivre des jeux PS5 exclusifs comme <em>Astro<\/em> tout en payant moins que le co\u00fbt PS4 Pro au lancement (399 $).<\/p>\n<p>Sony est \u00e9galement pr\u00eat \u00e0 commencer \u00e0 vendre des contr\u00f4leurs PS5 DualSense r\u00e9nov\u00e9s aux c\u00f4t\u00e9s de ses consoles d&rsquo;occasion, bien que la baisse de prix soit beaucoup moins agressive, \u00e0 65 $ d&rsquo;occasion contre 75 $ neufs.<\/p>\n","protected":false},"excerpt":{"rendered":"<p>Les PS5 r\u00e9nov\u00e9s de Sony sont un moyen beaucoup moins cher de se lancer dans la g\u00e9n\u00e9ration actuelle de console. Avec la sortie de New<\/p>\n","protected":false},"author":1,"featured_media":4714,"comment_status":"","ping_status":"","sticky":false,"template":"","format":"standard","meta":{"footnotes":""},"categories":[36],"tags":[2550,2786,29,698,4637,5044,81,630,874,2243,5043],"class_list":["post-4713","post","type-post","status-publish","format-standard","has-post-thumbnail","hentry","category-divertissement","tag-bientot","tag-cout","tag-des","tag-dune","tag-moitie","tag-ordinaires","tag-pour","tag-pro","tag-ps5","tag-sony","tag-vendra","generate-columns","tablet-grid-50","mobile-grid-100","grid-parent","grid-33"],"yoast_head":"<!-- This site is optimized with the Yoast SEO plugin v24.0 - https:\/\/yoast.com\/wordpress\/plugins\/seo\/ -->\n<title>Sony vendra bient\u00f4t des PS5 ordinaires pour la moiti\u00e9 du co\u00fbt d&#039;une PS5 Pro | Vie Associative<\/title>\n<meta name=\"robots\" content=\"index, follow, max-snippet:-1, max-image-preview:large, max-video-preview:-1\" \/>\n<link rel=\"canonical\" href=\"https:\/\/vieassociative.be\/actualites\/sony-vendra-bientot-des-ps5-ordinaires-pour-la-moitie-du-cout-dune-ps5-pro\/\" \/>\n<meta property=\"og:locale\" content=\"fr_FR\" \/>\n<meta property=\"og:type\" content=\"article\" \/>\n<meta property=\"og:title\" content=\"Sony vendra bient\u00f4t des PS5 ordinaires pour la moiti\u00e9 du co\u00fbt d&#039;une PS5 Pro | Vie Associative\" \/>\n<meta property=\"og:description\" content=\"Les PS5 r\u00e9nov\u00e9s de Sony sont un moyen beaucoup moins cher de se lancer dans la g\u00e9n\u00e9ration actuelle de console. Avec la sortie de New\" \/>\n<meta property=\"og:url\" content=\"https:\/\/vieassociative.be\/actualites\/sony-vendra-bientot-des-ps5-ordinaires-pour-la-moitie-du-cout-dune-ps5-pro\/\" \/>\n<meta property=\"og:site_name\" content=\"Vie Associative\" \/>\n<meta property=\"article:published_time\" content=\"2025-01-30T16:17:52+00:00\" \/>\n<meta property=\"og:image\" content=\"https:\/\/vieassociative.be\/actualites\/wp-content\/uploads\/2024\/09\/header_backgroundk-01-e1726694325946.png\" \/>\n\t<meta property=\"og:image:width\" content=\"279\" \/>\n\t<meta property=\"og:image:height\" content=\"92\" \/>\n\t<meta property=\"og:image:type\" content=\"image\/png\" \/>\n<meta name=\"author\" content=\"Julien\" \/>\n<meta name=\"twitter:card\" content=\"summary_large_image\" \/>\n<meta name=\"twitter:label1\" content=\"\u00c9crit par\" \/>\n\t<meta name=\"twitter:data1\" content=\"Julien\" \/>\n\t<meta name=\"twitter:label2\" content=\"Dur\u00e9e de lecture est.\" \/>\n\t<meta name=\"twitter:data2\" content=\"2 minutes\" \/>\n<script type=\"application\/ld+json\" class=\"yoast-schema-graph\">{\"@context\":\"https:\/\/schema.org\",\"@graph\":[{\"@type\":\"Article\",\"@id\":\"https:\/\/vieassociative.be\/actualites\/sony-vendra-bientot-des-ps5-ordinaires-pour-la-moitie-du-cout-dune-ps5-pro\/#article\",\"isPartOf\":{\"@id\":\"https:\/\/vieassociative.be\/actualites\/sony-vendra-bientot-des-ps5-ordinaires-pour-la-moitie-du-cout-dune-ps5-pro\/\"},\"author\":{\"name\":\"Julien\",\"@id\":\"https:\/\/vieassociative.be\/actualites\/#\/schema\/person\/b87ac4f82f9d4e7b7cec7395b679edc4\"},\"headline\":\"Sony vendra bient\u00f4t des PS5 ordinaires pour la moiti\u00e9 du co\u00fbt d&rsquo;une PS5 Pro\",\"datePublished\":\"2025-01-30T16:17:52+00:00\",\"dateModified\":\"2025-01-30T16:17:52+00:00\",\"mainEntityOfPage\":{\"@id\":\"https:\/\/vieassociative.be\/actualites\/sony-vendra-bientot-des-ps5-ordinaires-pour-la-moitie-du-cout-dune-ps5-pro\/\"},\"wordCount\":441,\"publisher\":{\"@id\":\"https:\/\/vieassociative.be\/actualites\/#organization\"},\"image\":{\"@id\":\"https:\/\/vieassociative.be\/actualites\/sony-vendra-bientot-des-ps5-ordinaires-pour-la-moitie-du-cout-dune-ps5-pro\/#primaryimage\"},\"thumbnailUrl\":\"https:\/\/vieassociative.be\/actualites\/wp-content\/uploads\/2025\/01\/Sony-vendra-bientot-des-PS5-ordinaires-pour-la-moitie-du.png\",\"keywords\":[\"bient\u00f4t\",\"co\u00fbt\",\"Des\",\"dune\",\"moiti\u00e9\",\"ordinaires\",\"pour\",\"Pro\",\"PS5\",\"Sony\",\"vendra\"],\"articleSection\":[\"Divertissement\"],\"inLanguage\":\"fr-BE\"},{\"@type\":\"WebPage\",\"@id\":\"https:\/\/vieassociative.be\/actualites\/sony-vendra-bientot-des-ps5-ordinaires-pour-la-moitie-du-cout-dune-ps5-pro\/\",\"url\":\"https:\/\/vieassociative.be\/actualites\/sony-vendra-bientot-des-ps5-ordinaires-pour-la-moitie-du-cout-dune-ps5-pro\/\",\"name\":\"Sony vendra bient\u00f4t des PS5 ordinaires pour la moiti\u00e9 du co\u00fbt d'une PS5 Pro | Vie Associative\",\"isPartOf\":{\"@id\":\"https:\/\/vieassociative.be\/actualites\/#website\"},\"primaryImageOfPage\":{\"@id\":\"https:\/\/vieassociative.be\/actualites\/sony-vendra-bientot-des-ps5-ordinaires-pour-la-moitie-du-cout-dune-ps5-pro\/#primaryimage\"},\"image\":{\"@id\":\"https:\/\/vieassociative.be\/actualites\/sony-vendra-bientot-des-ps5-ordinaires-pour-la-moitie-du-cout-dune-ps5-pro\/#primaryimage\"},\"thumbnailUrl\":\"https:\/\/vieassociative.be\/actualites\/wp-content\/uploads\/2025\/01\/Sony-vendra-bientot-des-PS5-ordinaires-pour-la-moitie-du.png\",\"datePublished\":\"2025-01-30T16:17:52+00:00\",\"dateModified\":\"2025-01-30T16:17:52+00:00\",\"breadcrumb\":{\"@id\":\"https:\/\/vieassociative.be\/actualites\/sony-vendra-bientot-des-ps5-ordinaires-pour-la-moitie-du-cout-dune-ps5-pro\/#breadcrumb\"},\"inLanguage\":\"fr-BE\",\"potentialAction\":[{\"@type\":\"ReadAction\",\"target\":[\"https:\/\/vieassociative.be\/actualites\/sony-vendra-bientot-des-ps5-ordinaires-pour-la-moitie-du-cout-dune-ps5-pro\/\"]}]},{\"@type\":\"ImageObject\",\"inLanguage\":\"fr-BE\",\"@id\":\"https:\/\/vieassociative.be\/actualites\/sony-vendra-bientot-des-ps5-ordinaires-pour-la-moitie-du-cout-dune-ps5-pro\/#primaryimage\",\"url\":\"https:\/\/vieassociative.be\/actualites\/wp-content\/uploads\/2025\/01\/Sony-vendra-bientot-des-PS5-ordinaires-pour-la-moitie-du.png\",\"contentUrl\":\"https:\/\/vieassociative.be\/actualites\/wp-content\/uploads\/2025\/01\/Sony-vendra-bientot-des-PS5-ordinaires-pour-la-moitie-du.png\",\"width\":1200,\"height\":675,\"caption\":\"Sony vendra bient\u00f4t des PS5 ordinaires pour la moiti\u00e9 du co\u00fbt d'une PS5 Pro\"},{\"@type\":\"BreadcrumbList\",\"@id\":\"https:\/\/vieassociative.be\/actualites\/sony-vendra-bientot-des-ps5-ordinaires-pour-la-moitie-du-cout-dune-ps5-pro\/#breadcrumb\",\"itemListElement\":[{\"@type\":\"ListItem\",\"position\":1,\"name\":\"Accueil\",\"item\":\"https:\/\/vieassociative.be\/actualites\/\"},{\"@type\":\"ListItem\",\"position\":2,\"name\":\"Sony vendra bient\u00f4t des PS5 ordinaires pour la moiti\u00e9 du co\u00fbt d&rsquo;une PS5 Pro\"}]},{\"@type\":\"WebSite\",\"@id\":\"https:\/\/vieassociative.be\/actualites\/#website\",\"url\":\"https:\/\/vieassociative.be\/actualites\/\",\"name\":\"Vie Associative\",\"description\":\"\",\"publisher\":{\"@id\":\"https:\/\/vieassociative.be\/actualites\/#organization\"},\"potentialAction\":[{\"@type\":\"SearchAction\",\"target\":{\"@type\":\"EntryPoint\",\"urlTemplate\":\"https:\/\/vieassociative.be\/actualites\/?s={search_term_string}\"},\"query-input\":{\"@type\":\"PropertyValueSpecification\",\"valueRequired\":true,\"valueName\":\"search_term_string\"}}],\"inLanguage\":\"fr-BE\"},{\"@type\":\"Organization\",\"@id\":\"https:\/\/vieassociative.be\/actualites\/#organization\",\"name\":\"Vie Associative\",\"url\":\"https:\/\/vieassociative.be\/actualites\/\",\"logo\":{\"@type\":\"ImageObject\",\"inLanguage\":\"fr-BE\",\"@id\":\"https:\/\/vieassociative.be\/actualites\/#\/schema\/logo\/image\/\",\"url\":\"https:\/\/vieassociative.be\/actualites\/wp-content\/uploads\/2024\/09\/cropped-vieassociative_favicon.ico.png\",\"contentUrl\":\"https:\/\/vieassociative.be\/actualites\/wp-content\/uploads\/2024\/09\/cropped-vieassociative_favicon.ico.png\",\"width\":512,\"height\":512,\"caption\":\"Vie Associative\"},\"image\":{\"@id\":\"https:\/\/vieassociative.be\/actualites\/#\/schema\/logo\/image\/\"}},{\"@type\":\"Person\",\"@id\":\"https:\/\/vieassociative.be\/actualites\/#\/schema\/person\/b87ac4f82f9d4e7b7cec7395b679edc4\",\"name\":\"Julien\",\"image\":{\"@type\":\"ImageObject\",\"inLanguage\":\"fr-BE\",\"@id\":\"https:\/\/vieassociative.be\/actualites\/#\/schema\/person\/image\/\",\"url\":\"https:\/\/vieassociative.be\/actualites\/wp-content\/uploads\/2024\/09\/vie-associative-1-150x150.jpg\",\"contentUrl\":\"https:\/\/vieassociative.be\/actualites\/wp-content\/uploads\/2024\/09\/vie-associative-1-150x150.jpg\",\"caption\":\"Julien\"},\"description\":\"Je suis Julien, r\u00e9dacteur pour Vie Associative. Passionn\u00e9 par le monde associatif depuis plus de 10 ans, j'ai \u00e0 c\u0153ur de partager des histoires inspirantes et de mettre en lumi\u00e8re les initiatives locales. Mon objectif est de sensibiliser et d'encourager l'engagement communautaire \u00e0 travers mes articles.\",\"sameAs\":[\"https:\/\/vieassociative.be\/\"]}]}<\/script>\n<!-- \/ Yoast SEO plugin. -->","yoast_head_json":{"title":"Sony vendra bient\u00f4t des PS5 ordinaires pour la moiti\u00e9 du co\u00fbt d'une PS5 Pro | Vie Associative","robots":{"index":"index","follow":"follow","max-snippet":"max-snippet:-1","max-image-preview":"max-image-preview:large","max-video-preview":"max-video-preview:-1"},"canonical":"https:\/\/vieassociative.be\/actualites\/sony-vendra-bientot-des-ps5-ordinaires-pour-la-moitie-du-cout-dune-ps5-pro\/","og_locale":"fr_FR","og_type":"article","og_title":"Sony vendra bient\u00f4t des PS5 ordinaires pour la moiti\u00e9 du co\u00fbt d'une PS5 Pro | Vie Associative","og_description":"Les PS5 r\u00e9nov\u00e9s de Sony sont un moyen beaucoup moins cher de se lancer dans la g\u00e9n\u00e9ration actuelle de console. Avec la sortie de New","og_url":"https:\/\/vieassociative.be\/actualites\/sony-vendra-bientot-des-ps5-ordinaires-pour-la-moitie-du-cout-dune-ps5-pro\/","og_site_name":"Vie Associative","article_published_time":"2025-01-30T16:17:52+00:00","og_image":[{"width":279,"height":92,"url":"https:\/\/vieassociative.be\/actualites\/wp-content\/uploads\/2024\/09\/header_backgroundk-01-e1726694325946.png","type":"image\/png"}],"author":"Julien","twitter_card":"summary_large_image","twitter_misc":{"\u00c9crit par":"Julien","Dur\u00e9e de lecture est.":"2 minutes"},"schema":{"@context":"https:\/\/schema.org","@graph":[{"@type":"Article","@id":"https:\/\/vieassociative.be\/actualites\/sony-vendra-bientot-des-ps5-ordinaires-pour-la-moitie-du-cout-dune-ps5-pro\/#article","isPartOf":{"@id":"https:\/\/vieassociative.be\/actualites\/sony-vendra-bientot-des-ps5-ordinaires-pour-la-moitie-du-cout-dune-ps5-pro\/"},"author":{"name":"Julien","@id":"https:\/\/vieassociative.be\/actualites\/#\/schema\/person\/b87ac4f82f9d4e7b7cec7395b679edc4"},"headline":"Sony vendra bient\u00f4t des PS5 ordinaires pour la moiti\u00e9 du co\u00fbt d&rsquo;une PS5 Pro","datePublished":"2025-01-30T16:17:52+00:00","dateModified":"2025-01-30T16:17:52+00:00","mainEntityOfPage":{"@id":"https:\/\/vieassociative.be\/actualites\/sony-vendra-bientot-des-ps5-ordinaires-pour-la-moitie-du-cout-dune-ps5-pro\/"},"wordCount":441,"publisher":{"@id":"https:\/\/vieassociative.be\/actualites\/#organization"},"image":{"@id":"https:\/\/vieassociative.be\/actualites\/sony-vendra-bientot-des-ps5-ordinaires-pour-la-moitie-du-cout-dune-ps5-pro\/#primaryimage"},"thumbnailUrl":"https:\/\/vieassociative.be\/actualites\/wp-content\/uploads\/2025\/01\/Sony-vendra-bientot-des-PS5-ordinaires-pour-la-moitie-du.png","keywords":["bient\u00f4t","co\u00fbt","Des","dune","moiti\u00e9","ordinaires","pour","Pro","PS5","Sony","vendra"],"articleSection":["Divertissement"],"inLanguage":"fr-BE"},{"@type":"WebPage","@id":"https:\/\/vieassociative.be\/actualites\/sony-vendra-bientot-des-ps5-ordinaires-pour-la-moitie-du-cout-dune-ps5-pro\/","url":"https:\/\/vieassociative.be\/actualites\/sony-vendra-bientot-des-ps5-ordinaires-pour-la-moitie-du-cout-dune-ps5-pro\/","name":"Sony vendra bient\u00f4t des PS5 ordinaires pour la moiti\u00e9 du co\u00fbt d'une PS5 Pro | Vie Associative","isPartOf":{"@id":"https:\/\/vieassociative.be\/actualites\/#website"},"primaryImageOfPage":{"@id":"https:\/\/vieassociative.be\/actualites\/sony-vendra-bientot-des-ps5-ordinaires-pour-la-moitie-du-cout-dune-ps5-pro\/#primaryimage"},"image":{"@id":"https:\/\/vieassociative.be\/actualites\/sony-vendra-bientot-des-ps5-ordinaires-pour-la-moitie-du-cout-dune-ps5-pro\/#primaryimage"},"thumbnailUrl":"https:\/\/vieassociative.be\/actualites\/wp-content\/uploads\/2025\/01\/Sony-vendra-bientot-des-PS5-ordinaires-pour-la-moitie-du.png","datePublished":"2025-01-30T16:17:52+00:00","dateModified":"2025-01-30T16:17:52+00:00","breadcrumb":{"@id":"https:\/\/vieassociative.be\/actualites\/sony-vendra-bientot-des-ps5-ordinaires-pour-la-moitie-du-cout-dune-ps5-pro\/#breadcrumb"},"inLanguage":"fr-BE","potentialAction":[{"@type":"ReadAction","target":["https:\/\/vieassociative.be\/actualites\/sony-vendra-bientot-des-ps5-ordinaires-pour-la-moitie-du-cout-dune-ps5-pro\/"]}]},{"@type":"ImageObject","inLanguage":"fr-BE","@id":"https:\/\/vieassociative.be\/actualites\/sony-vendra-bientot-des-ps5-ordinaires-pour-la-moitie-du-cout-dune-ps5-pro\/#primaryimage","url":"https:\/\/vieassociative.be\/actualites\/wp-content\/uploads\/2025\/01\/Sony-vendra-bientot-des-PS5-ordinaires-pour-la-moitie-du.png","contentUrl":"https:\/\/vieassociative.be\/actualites\/wp-content\/uploads\/2025\/01\/Sony-vendra-bientot-des-PS5-ordinaires-pour-la-moitie-du.png","width":1200,"height":675,"caption":"Sony vendra bient\u00f4t des PS5 ordinaires pour la moiti\u00e9 du co\u00fbt d'une PS5 Pro"},{"@type":"BreadcrumbList","@id":"https:\/\/vieassociative.be\/actualites\/sony-vendra-bientot-des-ps5-ordinaires-pour-la-moitie-du-cout-dune-ps5-pro\/#breadcrumb","itemListElement":[{"@type":"ListItem","position":1,"name":"Accueil","item":"https:\/\/vieassociative.be\/actualites\/"},{"@type":"ListItem","position":2,"name":"Sony vendra bient\u00f4t des PS5 ordinaires pour la moiti\u00e9 du co\u00fbt d&rsquo;une PS5 Pro"}]},{"@type":"WebSite","@id":"https:\/\/vieassociative.be\/actualites\/#website","url":"https:\/\/vieassociative.be\/actualites\/","name":"Vie Associative","description":"","publisher":{"@id":"https:\/\/vieassociative.be\/actualites\/#organization"},"potentialAction":[{"@type":"SearchAction","target":{"@type":"EntryPoint","urlTemplate":"https:\/\/vieassociative.be\/actualites\/?s={search_term_string}"},"query-input":{"@type":"PropertyValueSpecification","valueRequired":true,"valueName":"search_term_string"}}],"inLanguage":"fr-BE"},{"@type":"Organization","@id":"https:\/\/vieassociative.be\/actualites\/#organization","name":"Vie Associative","url":"https:\/\/vieassociative.be\/actualites\/","logo":{"@type":"ImageObject","inLanguage":"fr-BE","@id":"https:\/\/vieassociative.be\/actualites\/#\/schema\/logo\/image\/","url":"https:\/\/vieassociative.be\/actualites\/wp-content\/uploads\/2024\/09\/cropped-vieassociative_favicon.ico.png","contentUrl":"https:\/\/vieassociative.be\/actualites\/wp-content\/uploads\/2024\/09\/cropped-vieassociative_favicon.ico.png","width":512,"height":512,"caption":"Vie Associative"},"image":{"@id":"https:\/\/vieassociative.be\/actualites\/#\/schema\/logo\/image\/"}},{"@type":"Person","@id":"https:\/\/vieassociative.be\/actualites\/#\/schema\/person\/b87ac4f82f9d4e7b7cec7395b679edc4","name":"Julien","image":{"@type":"ImageObject","inLanguage":"fr-BE","@id":"https:\/\/vieassociative.be\/actualites\/#\/schema\/person\/image\/","url":"https:\/\/vieassociative.be\/actualites\/wp-content\/uploads\/2024\/09\/vie-associative-1-150x150.jpg","contentUrl":"https:\/\/vieassociative.be\/actualites\/wp-content\/uploads\/2024\/09\/vie-associative-1-150x150.jpg","caption":"Julien"},"description":"Je suis Julien, r\u00e9dacteur pour Vie Associative. Passionn\u00e9 par le monde associatif depuis plus de 10 ans, j'ai \u00e0 c\u0153ur de partager des histoires inspirantes et de mettre en lumi\u00e8re les initiatives locales. Mon objectif est de sensibiliser et d'encourager l'engagement communautaire \u00e0 travers mes articles.","sameAs":["https:\/\/vieassociative.be\/"]}]}},"_links":{"self":[{"href":"https:\/\/vieassociative.be\/actualites\/wp-json\/wp\/v2\/posts\/4713"}],"collection":[{"href":"https:\/\/vieassociative.be\/actualites\/wp-json\/wp\/v2\/posts"}],"about":[{"href":"https:\/\/vieassociative.be\/actualites\/wp-json\/wp\/v2\/types\/post"}],"author":[{"embeddable":true,"href":"https:\/\/vieassociative.be\/actualites\/wp-json\/wp\/v2\/users\/1"}],"replies":[{"embeddable":true,"href":"https:\/\/vieassociative.be\/actualites\/wp-json\/wp\/v2\/comments?post=4713"}],"version-history":[{"count":0,"href":"https:\/\/vieassociative.be\/actualites\/wp-json\/wp\/v2\/posts\/4713\/revisions"}],"wp:featuredmedia":[{"embeddable":true,"href":"https:\/\/vieassociative.be\/actualites\/wp-json\/wp\/v2\/media\/4714"}],"wp:attachment":[{"href":"https:\/\/vieassociative.be\/actualites\/wp-json\/wp\/v2\/media?parent=4713"}],"wp:term":[{"taxonomy":"category","embeddable":true,"href":"https:\/\/vieassociative.be\/actualites\/wp-json\/wp\/v2\/categories?post=4713"},{"taxonomy":"post_tag","embeddable":true,"href":"https:\/\/vieassociative.be\/actualites\/wp-json\/wp\/v2\/tags?post=4713"}],"curies":[{"name":"wp","href":"https:\/\/api.w.org\/{rel}","templated":true}]}}