{"id":4710,"date":"2025-01-30T14:18:55","date_gmt":"2025-01-30T13:18:55","guid":{"rendered":"https:\/\/vieassociative.be\/actualites\/t-mobile-etend-sa-version-beta-de-starlink-a-iphones\/"},"modified":"2025-01-30T14:18:55","modified_gmt":"2025-01-30T13:18:55","slug":"t-mobile-etend-sa-version-beta-de-starlink-a-iphones","status":"publish","type":"post","link":"https:\/\/vieassociative.be\/actualites\/t-mobile-etend-sa-version-beta-de-starlink-a-iphones\/","title":{"rendered":"T-Mobile \u00e9tend sa version b\u00eata de starlink \u00e0 iPhones"},"content":{"rendered":"<div class=\"mt-4 leading-6 md:mb-8\">Certains utilisateurs d&rsquo;iPhone et de Samsung Galaxy peuvent d\u00e9sormais se connecter \u00e0 StarLink.<\/div>\n<p><\/p>\n<p>Si vous avez T-Mobile, et un iPhone ou un appareil Samsung Galaxy, vous avez maintenant acc\u00e8s \u00e0 StarLink &#8211; potentiel. <\/p>\n<p>Voici le scoop: en d\u00e9cembre, T-Mobile a annonc\u00e9 un partenariat entre lui-m\u00eame et SpaceX pour apporter le service StarLink aux clients. Puis, plus t\u00f4t ce mois-ci, l&rsquo;entreprise a commenc\u00e9 \u00e0 accepter les utilisateurs dans la version b\u00eata, mais uniquement celles avec des appareils Samsung sp\u00e9cifiques et r\u00e9cents. <\/p>\n<p>Cependant, cela a chang\u00e9 lorsque Apple a sorti iOS 18.3 cette semaine. Il semble que le fabricant d&rsquo;iPhone ait travaill\u00e9 avec SpaceX et T-Mobile pour d\u00e9ployer \u00e9galement le support StarLink aux iPhones &#8211; bien que rien n&rsquo;a \u00e9t\u00e9 annonc\u00e9 d&rsquo;Apple dans le cadre de la mise \u00e0 jour. <\/p>\n<p>T-Mobile ne laisse pas encore tous les clients IPhones dans la version b\u00eata. Si vous entrez, vous recevrez un SMS qui se lit 18.3. \u00ab\u00a0<\/p>\n<h2 id=\"how-to-join-the-t-mobile-starlink-beta\">Comment rejoindre le T-Mobile Starlink Beta<\/h2>\n<p>Si vous \u00eates int\u00e9ress\u00e9 \u00e0 vous lancer dans la version starlink de T-Mobile, vous avez d&rsquo;abord besoin d&rsquo;un appareil compatible. Sur le front de Samsung, qui comprend le Galaxy S24 5G, Galaxy S24 plus 5G, Galaxy S24 Ultra 5G, Galaxy Z Fold 6 5G et Galaxy Z Flip 6 5G. Tout iPhone qui peut ex\u00e9cuter iOS 18.3 est compatible. <\/p>\n<p>\u00c0 partir d&rsquo;ici, vous devrez vous diriger vers la page officielle de T-Mobile, et choisir \u00ab\u00a0Inscrivez-vous maintenant\u00a0\u00bb ou faites d\u00e9filer jusqu&rsquo;\u00e0 la section d&rsquo;inscription. Vous devrez saisir votre premier et votre nom de famille, votre adresse e-mail et votre num\u00e9ro de t\u00e9l\u00e9phone.  <\/p>\n<p>Ne vous inqui\u00e9tez pas si vous ne pouvez pas encore entrer: T-Mobile dit qu&rsquo;il \u00e9largit bient\u00f4t le plan, alors attendez-vous \u00e0 ce que plus de spots s&rsquo;ouvrent imminemment. <\/p>\n<h2 id=\"whats-the-big-deal-with-satellite-connectivity\">Quel est le probl\u00e8me avec la connectivit\u00e9 satellite?<\/h2>\n<p>Pouvoir connecter votre smartphone aux satellites est, litt\u00e9ralement, un changeur de jeu. Cela signifie que vous n&rsquo;avez plus besoin de vous soucier de perdre le service cellulaire ou de pouvoir \u00e0 partir d&rsquo;une connexion WiFi. Tant que vous avez une vue quelque peu claire du ciel, vous pouvez vous connecter au monde ext\u00e9rieur.<\/p>\n<p>Pour \u00eatre clair, cette fonctionnalit\u00e9 ne fonctionne que lorsque vous n&rsquo;avez pas de service cellulaire disponible. \u00c0 ce stade, votre t\u00e9l\u00e9phone peut ensuite se connecter aux satellites les plus proches. Vous n&rsquo;aurez pas la possibilit\u00e9 de vous connecter manuellement aux satellites lorsque vous avez une connexion r\u00e9seau. <\/p>\n<p>\u00c0 ce stade, la version starlink de T-Mobile ne fonctionne que pour les SMS. Mais, selon Elon Musk, la technologie actuelle de StarLink devrait prendre en charge les images de r\u00e9solution moyenne et le streaming de musique et de podcast. Mais m\u00eame si T-Mobile ne prend en charge que des SMS pour le moment, vous pouvez imaginer ce qu&rsquo;est une bou\u00e9e de sauvetage. Si vous n&rsquo;avez pas de service cellulaire et que vous ne pourriez autrement pas contacter les services d&rsquo;urgence ou les contacts essentiels, vous pouvez vous connecter \u00e0 un satellite StarLink et envoyer des SMS \u00e0 l&rsquo;un ou l&rsquo;autre (ou les deux). <\/p>\n<p>Cela dit, ce n&rsquo;est pas la premi\u00e8re fois que les iPhones peuvent se connecter aux satellites. Apple a offert une connectivit\u00e9 satellite depuis 2022, lorsqu&rsquo;elle a fait ses d\u00e9buts \u00ab\u00a0SOS d&rsquo;urgence via satellite\u00a0\u00bb avec l&rsquo;iPhone 14. La soci\u00e9t\u00e9 a \u00e9largi la fonctionnalit\u00e9 avec iOS 18: avant, vous ne pouviez contacter que les services d&rsquo;urgence ou l&rsquo;aide routi\u00e8re via le satellite, mais depuis l&rsquo;ann\u00e9e derni\u00e8re Grande mise \u00e0 jour, vous avez pu envoyer des messages \u00e0 n&rsquo;importe qui. <\/p>\n<p>Au cours des deux derni\u00e8res ann\u00e9es et demie, Apple a travaill\u00e9 exclusivement avec GlobalStar Inc. pour la connectivit\u00e9 satellite. \u00c0 l&rsquo;avenir, cependant, si vous avez un iPhone et que vous \u00eates inscrit \u00e0 cette version b\u00eata T-Mobile, votre t\u00e9l\u00e9phone sera par d\u00e9faut pour se connecter aux satellites de SpaceX. \u00c0 partir d&rsquo;ici, vous pourrez vous connecter manuellement aux services satellites exclusifs d&rsquo;Apple si vous le souhaitez. Fait int\u00e9ressant, alors que la fonction satellite d&rsquo;Apple vous fait pointer votre t\u00e9l\u00e9phone vers le ciel pour rechercher le satellite le plus proche, le service de StarLink devrait se connecter automatiquement. <\/p>\n","protected":false},"excerpt":{"rendered":"<p>Certains utilisateurs d&rsquo;iPhone et de Samsung Galaxy peuvent d\u00e9sormais se connecter \u00e0 StarLink. Si vous avez T-Mobile, et un iPhone ou un appareil Samsung Galaxy,<\/p>\n","protected":false},"author":1,"featured_media":4711,"comment_status":"","ping_status":"","sticky":false,"template":"","format":"standard","meta":{"footnotes":""},"categories":[13],"tags":[4813,5039,5032,5040,5038,2376],"class_list":["post-4710","post","type-post","status-publish","format-standard","has-post-thumbnail","hentry","category-technologie","tag-beta","tag-etend","tag-iphones","tag-starlink","tag-tmobile","tag-version","generate-columns","tablet-grid-50","mobile-grid-100","grid-parent","grid-33"],"yoast_head":"<!-- This site is optimized with the Yoast SEO plugin v24.0 - https:\/\/yoast.com\/wordpress\/plugins\/seo\/ -->\n<title>T-Mobile \u00e9tend sa version b\u00eata de starlink \u00e0 iPhones | Vie Associative<\/title>\n<meta name=\"robots\" content=\"index, follow, max-snippet:-1, max-image-preview:large, max-video-preview:-1\" \/>\n<link rel=\"canonical\" href=\"https:\/\/vieassociative.be\/actualites\/t-mobile-etend-sa-version-beta-de-starlink-a-iphones\/\" \/>\n<meta property=\"og:locale\" content=\"fr_FR\" \/>\n<meta property=\"og:type\" content=\"article\" \/>\n<meta property=\"og:title\" content=\"T-Mobile \u00e9tend sa version b\u00eata de starlink \u00e0 iPhones | Vie Associative\" \/>\n<meta property=\"og:description\" content=\"Certains utilisateurs d&rsquo;iPhone et de Samsung Galaxy peuvent d\u00e9sormais se connecter \u00e0 StarLink. Si vous avez T-Mobile, et un iPhone ou un appareil Samsung Galaxy,\" \/>\n<meta property=\"og:url\" content=\"https:\/\/vieassociative.be\/actualites\/t-mobile-etend-sa-version-beta-de-starlink-a-iphones\/\" \/>\n<meta property=\"og:site_name\" content=\"Vie Associative\" \/>\n<meta property=\"article:published_time\" content=\"2025-01-30T13:18:55+00:00\" \/>\n<meta property=\"og:image\" content=\"https:\/\/vieassociative.be\/actualites\/wp-content\/uploads\/2024\/09\/header_backgroundk-01-e1726694325946.png\" \/>\n\t<meta property=\"og:image:width\" content=\"279\" \/>\n\t<meta property=\"og:image:height\" content=\"92\" \/>\n\t<meta property=\"og:image:type\" content=\"image\/png\" \/>\n<meta name=\"author\" content=\"Julien\" \/>\n<meta name=\"twitter:card\" content=\"summary_large_image\" \/>\n<meta name=\"twitter:label1\" content=\"\u00c9crit par\" \/>\n\t<meta name=\"twitter:data1\" content=\"Julien\" \/>\n\t<meta name=\"twitter:label2\" content=\"Dur\u00e9e de lecture est.\" \/>\n\t<meta name=\"twitter:data2\" content=\"3 minutes\" \/>\n<script type=\"application\/ld+json\" class=\"yoast-schema-graph\">{\"@context\":\"https:\/\/schema.org\",\"@graph\":[{\"@type\":\"Article\",\"@id\":\"https:\/\/vieassociative.be\/actualites\/t-mobile-etend-sa-version-beta-de-starlink-a-iphones\/#article\",\"isPartOf\":{\"@id\":\"https:\/\/vieassociative.be\/actualites\/t-mobile-etend-sa-version-beta-de-starlink-a-iphones\/\"},\"author\":{\"name\":\"Julien\",\"@id\":\"https:\/\/vieassociative.be\/actualites\/#\/schema\/person\/b87ac4f82f9d4e7b7cec7395b679edc4\"},\"headline\":\"T-Mobile \u00e9tend sa version b\u00eata de starlink \u00e0 iPhones\",\"datePublished\":\"2025-01-30T13:18:55+00:00\",\"dateModified\":\"2025-01-30T13:18:55+00:00\",\"mainEntityOfPage\":{\"@id\":\"https:\/\/vieassociative.be\/actualites\/t-mobile-etend-sa-version-beta-de-starlink-a-iphones\/\"},\"wordCount\":731,\"publisher\":{\"@id\":\"https:\/\/vieassociative.be\/actualites\/#organization\"},\"image\":{\"@id\":\"https:\/\/vieassociative.be\/actualites\/t-mobile-etend-sa-version-beta-de-starlink-a-iphones\/#primaryimage\"},\"thumbnailUrl\":\"https:\/\/vieassociative.be\/actualites\/wp-content\/uploads\/2025\/01\/T-Mobile-etend-sa-version-beta-de-starlink-a-iPhones.png\",\"keywords\":[\"b\u00eata\",\"\u00e9tend\",\"iPhones\",\"starlink\",\"TMobile\",\"version\"],\"articleSection\":[\"Technologie\"],\"inLanguage\":\"fr-BE\"},{\"@type\":\"WebPage\",\"@id\":\"https:\/\/vieassociative.be\/actualites\/t-mobile-etend-sa-version-beta-de-starlink-a-iphones\/\",\"url\":\"https:\/\/vieassociative.be\/actualites\/t-mobile-etend-sa-version-beta-de-starlink-a-iphones\/\",\"name\":\"T-Mobile \u00e9tend sa version b\u00eata de starlink \u00e0 iPhones | Vie Associative\",\"isPartOf\":{\"@id\":\"https:\/\/vieassociative.be\/actualites\/#website\"},\"primaryImageOfPage\":{\"@id\":\"https:\/\/vieassociative.be\/actualites\/t-mobile-etend-sa-version-beta-de-starlink-a-iphones\/#primaryimage\"},\"image\":{\"@id\":\"https:\/\/vieassociative.be\/actualites\/t-mobile-etend-sa-version-beta-de-starlink-a-iphones\/#primaryimage\"},\"thumbnailUrl\":\"https:\/\/vieassociative.be\/actualites\/wp-content\/uploads\/2025\/01\/T-Mobile-etend-sa-version-beta-de-starlink-a-iPhones.png\",\"datePublished\":\"2025-01-30T13:18:55+00:00\",\"dateModified\":\"2025-01-30T13:18:55+00:00\",\"breadcrumb\":{\"@id\":\"https:\/\/vieassociative.be\/actualites\/t-mobile-etend-sa-version-beta-de-starlink-a-iphones\/#breadcrumb\"},\"inLanguage\":\"fr-BE\",\"potentialAction\":[{\"@type\":\"ReadAction\",\"target\":[\"https:\/\/vieassociative.be\/actualites\/t-mobile-etend-sa-version-beta-de-starlink-a-iphones\/\"]}]},{\"@type\":\"ImageObject\",\"inLanguage\":\"fr-BE\",\"@id\":\"https:\/\/vieassociative.be\/actualites\/t-mobile-etend-sa-version-beta-de-starlink-a-iphones\/#primaryimage\",\"url\":\"https:\/\/vieassociative.be\/actualites\/wp-content\/uploads\/2025\/01\/T-Mobile-etend-sa-version-beta-de-starlink-a-iPhones.png\",\"contentUrl\":\"https:\/\/vieassociative.be\/actualites\/wp-content\/uploads\/2025\/01\/T-Mobile-etend-sa-version-beta-de-starlink-a-iPhones.png\",\"width\":1200,\"height\":675,\"caption\":\"T-Mobile \u00e9tend sa version b\u00eata de starlink \u00e0 iPhones\"},{\"@type\":\"BreadcrumbList\",\"@id\":\"https:\/\/vieassociative.be\/actualites\/t-mobile-etend-sa-version-beta-de-starlink-a-iphones\/#breadcrumb\",\"itemListElement\":[{\"@type\":\"ListItem\",\"position\":1,\"name\":\"Accueil\",\"item\":\"https:\/\/vieassociative.be\/actualites\/\"},{\"@type\":\"ListItem\",\"position\":2,\"name\":\"T-Mobile \u00e9tend sa version b\u00eata de starlink \u00e0 iPhones\"}]},{\"@type\":\"WebSite\",\"@id\":\"https:\/\/vieassociative.be\/actualites\/#website\",\"url\":\"https:\/\/vieassociative.be\/actualites\/\",\"name\":\"Vie Associative\",\"description\":\"\",\"publisher\":{\"@id\":\"https:\/\/vieassociative.be\/actualites\/#organization\"},\"potentialAction\":[{\"@type\":\"SearchAction\",\"target\":{\"@type\":\"EntryPoint\",\"urlTemplate\":\"https:\/\/vieassociative.be\/actualites\/?s={search_term_string}\"},\"query-input\":{\"@type\":\"PropertyValueSpecification\",\"valueRequired\":true,\"valueName\":\"search_term_string\"}}],\"inLanguage\":\"fr-BE\"},{\"@type\":\"Organization\",\"@id\":\"https:\/\/vieassociative.be\/actualites\/#organization\",\"name\":\"Vie Associative\",\"url\":\"https:\/\/vieassociative.be\/actualites\/\",\"logo\":{\"@type\":\"ImageObject\",\"inLanguage\":\"fr-BE\",\"@id\":\"https:\/\/vieassociative.be\/actualites\/#\/schema\/logo\/image\/\",\"url\":\"https:\/\/vieassociative.be\/actualites\/wp-content\/uploads\/2024\/09\/cropped-vieassociative_favicon.ico.png\",\"contentUrl\":\"https:\/\/vieassociative.be\/actualites\/wp-content\/uploads\/2024\/09\/cropped-vieassociative_favicon.ico.png\",\"width\":512,\"height\":512,\"caption\":\"Vie Associative\"},\"image\":{\"@id\":\"https:\/\/vieassociative.be\/actualites\/#\/schema\/logo\/image\/\"}},{\"@type\":\"Person\",\"@id\":\"https:\/\/vieassociative.be\/actualites\/#\/schema\/person\/b87ac4f82f9d4e7b7cec7395b679edc4\",\"name\":\"Julien\",\"image\":{\"@type\":\"ImageObject\",\"inLanguage\":\"fr-BE\",\"@id\":\"https:\/\/vieassociative.be\/actualites\/#\/schema\/person\/image\/\",\"url\":\"https:\/\/vieassociative.be\/actualites\/wp-content\/uploads\/2024\/09\/vie-associative-1-150x150.jpg\",\"contentUrl\":\"https:\/\/vieassociative.be\/actualites\/wp-content\/uploads\/2024\/09\/vie-associative-1-150x150.jpg\",\"caption\":\"Julien\"},\"description\":\"Je suis Julien, r\u00e9dacteur pour Vie Associative. Passionn\u00e9 par le monde associatif depuis plus de 10 ans, j'ai \u00e0 c\u0153ur de partager des histoires inspirantes et de mettre en lumi\u00e8re les initiatives locales. Mon objectif est de sensibiliser et d'encourager l'engagement communautaire \u00e0 travers mes articles.\",\"sameAs\":[\"https:\/\/vieassociative.be\/\"]}]}<\/script>\n<!-- \/ Yoast SEO plugin. -->","yoast_head_json":{"title":"T-Mobile \u00e9tend sa version b\u00eata de starlink \u00e0 iPhones | Vie Associative","robots":{"index":"index","follow":"follow","max-snippet":"max-snippet:-1","max-image-preview":"max-image-preview:large","max-video-preview":"max-video-preview:-1"},"canonical":"https:\/\/vieassociative.be\/actualites\/t-mobile-etend-sa-version-beta-de-starlink-a-iphones\/","og_locale":"fr_FR","og_type":"article","og_title":"T-Mobile \u00e9tend sa version b\u00eata de starlink \u00e0 iPhones | Vie Associative","og_description":"Certains utilisateurs d&rsquo;iPhone et de Samsung Galaxy peuvent d\u00e9sormais se connecter \u00e0 StarLink. Si vous avez T-Mobile, et un iPhone ou un appareil Samsung Galaxy,","og_url":"https:\/\/vieassociative.be\/actualites\/t-mobile-etend-sa-version-beta-de-starlink-a-iphones\/","og_site_name":"Vie Associative","article_published_time":"2025-01-30T13:18:55+00:00","og_image":[{"width":279,"height":92,"url":"https:\/\/vieassociative.be\/actualites\/wp-content\/uploads\/2024\/09\/header_backgroundk-01-e1726694325946.png","type":"image\/png"}],"author":"Julien","twitter_card":"summary_large_image","twitter_misc":{"\u00c9crit par":"Julien","Dur\u00e9e de lecture est.":"3 minutes"},"schema":{"@context":"https:\/\/schema.org","@graph":[{"@type":"Article","@id":"https:\/\/vieassociative.be\/actualites\/t-mobile-etend-sa-version-beta-de-starlink-a-iphones\/#article","isPartOf":{"@id":"https:\/\/vieassociative.be\/actualites\/t-mobile-etend-sa-version-beta-de-starlink-a-iphones\/"},"author":{"name":"Julien","@id":"https:\/\/vieassociative.be\/actualites\/#\/schema\/person\/b87ac4f82f9d4e7b7cec7395b679edc4"},"headline":"T-Mobile \u00e9tend sa version b\u00eata de starlink \u00e0 iPhones","datePublished":"2025-01-30T13:18:55+00:00","dateModified":"2025-01-30T13:18:55+00:00","mainEntityOfPage":{"@id":"https:\/\/vieassociative.be\/actualites\/t-mobile-etend-sa-version-beta-de-starlink-a-iphones\/"},"wordCount":731,"publisher":{"@id":"https:\/\/vieassociative.be\/actualites\/#organization"},"image":{"@id":"https:\/\/vieassociative.be\/actualites\/t-mobile-etend-sa-version-beta-de-starlink-a-iphones\/#primaryimage"},"thumbnailUrl":"https:\/\/vieassociative.be\/actualites\/wp-content\/uploads\/2025\/01\/T-Mobile-etend-sa-version-beta-de-starlink-a-iPhones.png","keywords":["b\u00eata","\u00e9tend","iPhones","starlink","TMobile","version"],"articleSection":["Technologie"],"inLanguage":"fr-BE"},{"@type":"WebPage","@id":"https:\/\/vieassociative.be\/actualites\/t-mobile-etend-sa-version-beta-de-starlink-a-iphones\/","url":"https:\/\/vieassociative.be\/actualites\/t-mobile-etend-sa-version-beta-de-starlink-a-iphones\/","name":"T-Mobile \u00e9tend sa version b\u00eata de starlink \u00e0 iPhones | Vie Associative","isPartOf":{"@id":"https:\/\/vieassociative.be\/actualites\/#website"},"primaryImageOfPage":{"@id":"https:\/\/vieassociative.be\/actualites\/t-mobile-etend-sa-version-beta-de-starlink-a-iphones\/#primaryimage"},"image":{"@id":"https:\/\/vieassociative.be\/actualites\/t-mobile-etend-sa-version-beta-de-starlink-a-iphones\/#primaryimage"},"thumbnailUrl":"https:\/\/vieassociative.be\/actualites\/wp-content\/uploads\/2025\/01\/T-Mobile-etend-sa-version-beta-de-starlink-a-iPhones.png","datePublished":"2025-01-30T13:18:55+00:00","dateModified":"2025-01-30T13:18:55+00:00","breadcrumb":{"@id":"https:\/\/vieassociative.be\/actualites\/t-mobile-etend-sa-version-beta-de-starlink-a-iphones\/#breadcrumb"},"inLanguage":"fr-BE","potentialAction":[{"@type":"ReadAction","target":["https:\/\/vieassociative.be\/actualites\/t-mobile-etend-sa-version-beta-de-starlink-a-iphones\/"]}]},{"@type":"ImageObject","inLanguage":"fr-BE","@id":"https:\/\/vieassociative.be\/actualites\/t-mobile-etend-sa-version-beta-de-starlink-a-iphones\/#primaryimage","url":"https:\/\/vieassociative.be\/actualites\/wp-content\/uploads\/2025\/01\/T-Mobile-etend-sa-version-beta-de-starlink-a-iPhones.png","contentUrl":"https:\/\/vieassociative.be\/actualites\/wp-content\/uploads\/2025\/01\/T-Mobile-etend-sa-version-beta-de-starlink-a-iPhones.png","width":1200,"height":675,"caption":"T-Mobile \u00e9tend sa version b\u00eata de starlink \u00e0 iPhones"},{"@type":"BreadcrumbList","@id":"https:\/\/vieassociative.be\/actualites\/t-mobile-etend-sa-version-beta-de-starlink-a-iphones\/#breadcrumb","itemListElement":[{"@type":"ListItem","position":1,"name":"Accueil","item":"https:\/\/vieassociative.be\/actualites\/"},{"@type":"ListItem","position":2,"name":"T-Mobile \u00e9tend sa version b\u00eata de starlink \u00e0 iPhones"}]},{"@type":"WebSite","@id":"https:\/\/vieassociative.be\/actualites\/#website","url":"https:\/\/vieassociative.be\/actualites\/","name":"Vie Associative","description":"","publisher":{"@id":"https:\/\/vieassociative.be\/actualites\/#organization"},"potentialAction":[{"@type":"SearchAction","target":{"@type":"EntryPoint","urlTemplate":"https:\/\/vieassociative.be\/actualites\/?s={search_term_string}"},"query-input":{"@type":"PropertyValueSpecification","valueRequired":true,"valueName":"search_term_string"}}],"inLanguage":"fr-BE"},{"@type":"Organization","@id":"https:\/\/vieassociative.be\/actualites\/#organization","name":"Vie Associative","url":"https:\/\/vieassociative.be\/actualites\/","logo":{"@type":"ImageObject","inLanguage":"fr-BE","@id":"https:\/\/vieassociative.be\/actualites\/#\/schema\/logo\/image\/","url":"https:\/\/vieassociative.be\/actualites\/wp-content\/uploads\/2024\/09\/cropped-vieassociative_favicon.ico.png","contentUrl":"https:\/\/vieassociative.be\/actualites\/wp-content\/uploads\/2024\/09\/cropped-vieassociative_favicon.ico.png","width":512,"height":512,"caption":"Vie Associative"},"image":{"@id":"https:\/\/vieassociative.be\/actualites\/#\/schema\/logo\/image\/"}},{"@type":"Person","@id":"https:\/\/vieassociative.be\/actualites\/#\/schema\/person\/b87ac4f82f9d4e7b7cec7395b679edc4","name":"Julien","image":{"@type":"ImageObject","inLanguage":"fr-BE","@id":"https:\/\/vieassociative.be\/actualites\/#\/schema\/person\/image\/","url":"https:\/\/vieassociative.be\/actualites\/wp-content\/uploads\/2024\/09\/vie-associative-1-150x150.jpg","contentUrl":"https:\/\/vieassociative.be\/actualites\/wp-content\/uploads\/2024\/09\/vie-associative-1-150x150.jpg","caption":"Julien"},"description":"Je suis Julien, r\u00e9dacteur pour Vie Associative. Passionn\u00e9 par le monde associatif depuis plus de 10 ans, j'ai \u00e0 c\u0153ur de partager des histoires inspirantes et de mettre en lumi\u00e8re les initiatives locales. Mon objectif est de sensibiliser et d'encourager l'engagement communautaire \u00e0 travers mes articles.","sameAs":["https:\/\/vieassociative.be\/"]}]}},"_links":{"self":[{"href":"https:\/\/vieassociative.be\/actualites\/wp-json\/wp\/v2\/posts\/4710"}],"collection":[{"href":"https:\/\/vieassociative.be\/actualites\/wp-json\/wp\/v2\/posts"}],"about":[{"href":"https:\/\/vieassociative.be\/actualites\/wp-json\/wp\/v2\/types\/post"}],"author":[{"embeddable":true,"href":"https:\/\/vieassociative.be\/actualites\/wp-json\/wp\/v2\/users\/1"}],"replies":[{"embeddable":true,"href":"https:\/\/vieassociative.be\/actualites\/wp-json\/wp\/v2\/comments?post=4710"}],"version-history":[{"count":0,"href":"https:\/\/vieassociative.be\/actualites\/wp-json\/wp\/v2\/posts\/4710\/revisions"}],"wp:featuredmedia":[{"embeddable":true,"href":"https:\/\/vieassociative.be\/actualites\/wp-json\/wp\/v2\/media\/4711"}],"wp:attachment":[{"href":"https:\/\/vieassociative.be\/actualites\/wp-json\/wp\/v2\/media?parent=4710"}],"wp:term":[{"taxonomy":"category","embeddable":true,"href":"https:\/\/vieassociative.be\/actualites\/wp-json\/wp\/v2\/categories?post=4710"},{"taxonomy":"post_tag","embeddable":true,"href":"https:\/\/vieassociative.be\/actualites\/wp-json\/wp\/v2\/tags?post=4710"}],"curies":[{"name":"wp","href":"https:\/\/api.w.org\/{rel}","templated":true}]}}