{"id":4704,"date":"2025-01-30T08:17:46","date_gmt":"2025-01-30T07:17:46","guid":{"rendered":"https:\/\/vieassociative.be\/actualites\/comment-jai-appris-que-je-nai-pas-besoin-dun-couteau-a-sculpture-et-ce-que-jutilise-a-la-place\/"},"modified":"2025-01-30T08:17:46","modified_gmt":"2025-01-30T07:17:46","slug":"comment-jai-appris-que-je-nai-pas-besoin-dun-couteau-a-sculpture-et-ce-que-jutilise-a-la-place","status":"publish","type":"post","link":"https:\/\/vieassociative.be\/actualites\/comment-jai-appris-que-je-nai-pas-besoin-dun-couteau-a-sculpture-et-ce-que-jutilise-a-la-place\/","title":{"rendered":"Comment j&rsquo;ai appris que je n&rsquo;ai pas besoin d&rsquo;un couteau \u00e0 sculpture (et ce que j&rsquo;utilise \u00e0 la place)"},"content":{"rendered":"<div class=\"mt-4 leading-6 md:mb-8\">Il y a probablement un autre couteau dans votre cuisine qui peut faire le travail.<\/div>\n<p><\/p>\n<p>Si vous avez achet\u00e9 des couteaux, vous avez probablement remarqu\u00e9 qu&rsquo;il existe des tonnes d&rsquo;options \u00e0 votre disposition. Entre les couteaux de d\u00e9sosser, les couteaux filet, les couteaux de pain et autres, il peut commencer \u00e0 se sentir comme si chaque ingr\u00e9dient a besoin de sa propre lame sp\u00e9ciale. R\u00e9cemment, je me demandais si un couteau \u00e0 sculpture valait la peine d&rsquo;ajouter \u00e0 ma bo\u00eete \u00e0 outils, donc j&rsquo;en ai eu un \u00e0 tester. C&rsquo;\u00e9tait net, l\u00e9ger et joli \u00e0 regarder, mais il s&rsquo;av\u00e8re que je n&rsquo;avais pas du tout besoin d&rsquo;un couteau \u00e0 sculpture. <\/p>\n<p>J&rsquo;ai travaill\u00e9 avec beaucoup de poulet ces derniers temps &#8211; des oiseaux spatch\u00e9s, des poitrines de poulet papillons et des cuisses de poulet d\u00e9bonn\u00e9es &#8211; et lorsque vous coupez beaucoup de viande, vous commencez \u00e0 vous demander s&rsquo;il y a un couteau \u00abparfait\u00bb pour faire le travail. Je sculptais la viande, donc un couteau \u00e0 sculpture est ce dont j&rsquo;avais besoin. Droite?<\/p>\n<h2 id=\"what-is-a-carving-knife\">Qu&rsquo;est-ce qu&rsquo;un couteau \u00e0 sculpture?<\/h2>\n<p>L&rsquo;objectif d&rsquo;un couteau \u00e0 sculpture est de s&rsquo;occuper de longues coupures ou de coupes monomasticoles. Moins vous devez soulever le couteau et continuer la m\u00eame coupe, mieux c&rsquo;est. Vous pourriez \u00e9galement \u00eatre votre intention d&rsquo;utiliser un couteau \u00e0 sculpture pour diviser un r\u00f4ti en parties, comme un poulet en pilons, ailes et tranches de sein. Cela peut vous y aider aussi.<\/p>\n<p>Les couteaux de sculpture varient l\u00e9g\u00e8rement en fonction du fabricant de couteaux ou de la marque, mais dans l&rsquo;ensemble, vous verrez plus de similitudes entre eux: la longueur (parfois jusqu&rsquo;\u00e0 12 pouces) et une lame l\u00e9g\u00e8rement incurv\u00e9e et pointue. La lame tranchante et mince garantit que la viande ne se d\u00e9chire pas et que la longueur facilite la coupe de gros r\u00f4tis.<\/p>\n<h2 id=\"a-chefs-knife-can-do-the-trick\">Le couteau d&rsquo;un chef peut faire l&rsquo;affaire<\/h2>\n<p>Apr\u00e8s avoir essay\u00e9 mon couteau \u00e0 sculpture pendant quelques mois, j&rsquo;\u00e9tais satisfait de sa performance, mais je n&rsquo;\u00e9tais pas amoureux. Je voulais recommencer \u00e0 utiliser le couteau de mon chef pour la sculpture. C&rsquo;\u00e9tait tout aussi net, j&rsquo;ai pr\u00e9f\u00e9r\u00e9 l&rsquo;\u00e9quilibre de son poids, et la longueur n&rsquo;\u00e9tait pas si diff\u00e9rente, donc je pouvais encore passer \u00e0 travers de gros r\u00f4tis. De plus, je n&rsquo;ai vraiment pas utilis\u00e9 le couteau de sculpture pour autre chose, donc il occupait un espace pr\u00e9cieux sur ma bande d&rsquo;aimant.<\/p>\n<p>Bien s\u00fbr, si vous fumez toujours la poitrine ou les r\u00f4tis entiers font souvent partie de la rotation de vos repas de famille, il pourrait \u00eatre logique que vous investiez dans un couteau \u00e0 sculpture. Si vous le faites, j&rsquo;en sugg\u00e8re un avec un bord creux comme celui-ci de Mestermeister. Les petits divots sur les c\u00f4t\u00e9s fournissent une petite poche d&rsquo;air entre le m\u00e9tal et la viande pour \u00e9viter l&rsquo;aspiration. <\/p>\n<p>Pour moi et d&rsquo;autres qui ne coupent que de gros r\u00f4tis quelques fois par saison ou une fois par an, un couteau \u00e0 sculpture n&rsquo;est peut-\u00eatre pas une d\u00e9pense n\u00e9cessaire si vous avez un couteau de chef que vous aimez d\u00e9j\u00e0. J&rsquo;ai eu un couteau de chef W\u00fcsthof depuis des lustres et c&rsquo;est souvent le seul couteau dont j&rsquo;ai besoin pour pr\u00e9parer un repas. <\/p>\n<div class=\"pogoClear mb-12 mt-10 rounded-md border-2 border-gray-100 py-7 shadow-xl md:py-6\">\n<div class=\"flex flex-wrap justify-between px-7 text-black no-underline md:flex-nowrap md:px-8\">\n<div class=\"order-1 mx-auto flex flex-col justify-center md:order-2 md:ml-4 md:w-full md:grow\">\n<div class=\"block cursor-pointer text-center font-akshar text-2xl font-medium leading-7 text-brand-green duration-200 ease-in-out hover:text-brand-green-700 md:text-left md:text-xl md:leading-6\">W\u00fcsthof Classic 10 \u00ab\u00a0Chef&rsquo;s Knife, Black\n                <\/div>\n<div class=\"mt-4 hidden md:flex md:justify-between\">\n<div class=\"self-end\">\n<div class=\"mb-0 h-11 md:flex md:flex-col md:justify-center\">\n<div class=\" font-sans leading-4 text-black\">\n<div class=\"flex flex-wrap items-center justify-center gap-x-1 md:justify-start\">\n        <span class=\"font-bold\"><\/p>\n<p>            200,00 $<br \/>\n                            <span class=\"font-medium\">\u00e0 Amazon<\/span><br \/>\n                    <\/span><br \/>\n                    <img decoding=\"async\" class=\"mt-0 h-(15px)\" src=\"https:\/\/vieassociative.be\/actualites\/wp-content\/uploads\/2025\/01\/Comment-jai-appris-que-je-nai-pas-besoin-dun-couteau.svg.svg+xml\" title=\"Amazon Prime\" alt=\"Amazon Prime\">\n            <\/div>\n<\/p><\/div>\n<\/p><\/div>\n<\/p><\/div>\n<div class=\"w-44 self-end\">\n                            <button class=\"flex justify-center items-center w-full bg-brand-green text-white text-base font-sans font-medium rounded-md hover:bg-brand-green-700 hover:cursor-pointer md:text-sm h-11\"><\/p>\n<p>    Faire un magasin maintenant<br \/>\n<\/button>\n                        <\/div>\n<\/p><\/div>\n<\/p><\/div>\n<div class=\"order-2 mt-5 h-auto w-full md:order-1 md:mt-0 md:hidden\">\n<div class=\"flex aspect-video items-center justify-center\">\n                                            <img decoding=\"async\" class=\"m-0 max-h-full max-w-full rounded-md\" src=\"https:\/\/vieassociative.be\/actualites\/wp-content\/uploads\/2025\/01\/Comment-jai-appris-que-je-nai-pas-besoin-dun-couteau.jpg\" alt=\"W\u00fcsthof Classic 10&quot; Couteau du chef, noir\" width=\"auto\" height=\"auto\" loading=\"lazy\">\n                                    <\/div>\n<\/p><\/div>\n<div class=\"order-2 ml-2 hidden w-32 shrink-0 items-center md:order-1 md:ml-0 md:flex\">\n<div class=\"flex aspect-video items-center justify-center\">\n                                            <img decoding=\"async\" class=\"m-0 max-h-full max-w-full rounded-md\" src=\"https:\/\/vieassociative.be\/actualites\/wp-content\/uploads\/2025\/01\/Comment-jai-appris-que-je-nai-pas-besoin-dun-couteau.jpg\" alt=\"W\u00fcsthof Classic 10&quot; Couteau du chef, noir\" width=\"auto\" height=\"auto\" loading=\"lazy\">\n                                    <\/div>\n<\/p><\/div>\n<div class=\"order-3 flex grow flex-wrap md:hidden md:grow-0\">\n<div class=\"mt-4 w-full\">\n                        <button class=\"flex justify-center items-center w-full bg-brand-green text-white text-base font-sans font-medium rounded-md hover:bg-brand-green-700 hover:cursor-pointer md:text-sm h-11\"><\/p>\n<p>    Faire un magasin maintenant<br \/>\n<\/button>\n                    <\/div>\n<div class=\"mx-2 mt-4 w-full\">\n<div class=\" font-sans leading-4 text-black\">\n<div class=\"flex flex-wrap items-center justify-center gap-x-1 md:justify-start\">\n        <span class=\"font-bold\"><\/p>\n<p>            200,00 $<br \/>\n                            <span class=\"font-medium\">\u00e0 Amazon<\/span><br \/>\n                    <\/span><br \/>\n                    <img decoding=\"async\" class=\"mt-0 h-(15px)\" src=\"https:\/\/vieassociative.be\/actualites\/wp-content\/uploads\/2025\/01\/Comment-jai-appris-que-je-nai-pas-besoin-dun-couteau.svg.svg+xml\" title=\"Amazon Prime\" alt=\"Amazon Prime\">\n            <\/div>\n<\/p><\/div>\n<\/p><\/div>\n<\/p><\/div>\n<\/p><\/div>\n<\/div>\n<p>Un bon couteau d&rsquo;un chef peut faire le hachage, marquer, <em>et<\/em> La sculpture aussi longtemps que vous le gardez vif. Si vous ne savez pas comment faire cela, ne craignez pas: voici un guide utile pour prendre soin de vos couteaux.<\/p>\n","protected":false},"excerpt":{"rendered":"<p>Il y a probablement un autre couteau dans votre cuisine qui peut faire le travail. Si vous avez achet\u00e9 des couteaux, vous avez probablement remarqu\u00e9<\/p>\n","protected":false},"author":1,"featured_media":4705,"comment_status":"","ping_status":"","sticky":false,"template":"","format":"standard","meta":{"footnotes":""},"categories":[39],"tags":[3765,259,44,4556,354,823,3406,5035,126,204,5036],"class_list":["post-4704","post","type-post","status-publish","format-standard","has-post-thumbnail","hentry","category-gastronomie","tag-appris","tag-besoin","tag-comment","tag-couteau","tag-dun","tag-jai","tag-jutilise","tag-nai","tag-pas","tag-place","tag-sculpture","generate-columns","tablet-grid-50","mobile-grid-100","grid-parent","grid-33"],"yoast_head":"<!-- This site is optimized with the Yoast SEO plugin v24.0 - https:\/\/yoast.com\/wordpress\/plugins\/seo\/ -->\n<title>Comment j&#039;ai appris que je n&#039;ai pas besoin d&#039;un couteau \u00e0 sculpture (et ce que j&#039;utilise \u00e0 la place) | Vie Associative<\/title>\n<meta name=\"robots\" content=\"index, follow, max-snippet:-1, max-image-preview:large, max-video-preview:-1\" \/>\n<link rel=\"canonical\" href=\"https:\/\/vieassociative.be\/actualites\/comment-jai-appris-que-je-nai-pas-besoin-dun-couteau-a-sculpture-et-ce-que-jutilise-a-la-place\/\" \/>\n<meta property=\"og:locale\" content=\"fr_FR\" \/>\n<meta property=\"og:type\" content=\"article\" \/>\n<meta property=\"og:title\" content=\"Comment j&#039;ai appris que je n&#039;ai pas besoin d&#039;un couteau \u00e0 sculpture (et ce que j&#039;utilise \u00e0 la place) | Vie Associative\" \/>\n<meta property=\"og:description\" content=\"Il y a probablement un autre couteau dans votre cuisine qui peut faire le travail. Si vous avez achet\u00e9 des couteaux, vous avez probablement remarqu\u00e9\" \/>\n<meta property=\"og:url\" content=\"https:\/\/vieassociative.be\/actualites\/comment-jai-appris-que-je-nai-pas-besoin-dun-couteau-a-sculpture-et-ce-que-jutilise-a-la-place\/\" \/>\n<meta property=\"og:site_name\" content=\"Vie Associative\" \/>\n<meta property=\"article:published_time\" content=\"2025-01-30T07:17:46+00:00\" \/>\n<meta property=\"og:image\" content=\"https:\/\/vieassociative.be\/actualites\/wp-content\/uploads\/2025\/01\/Comment-jai-appris-que-je-nai-pas-besoin-dun-couteau.svg.svg+xml\" \/>\n<meta name=\"author\" content=\"Julien\" \/>\n<meta name=\"twitter:card\" content=\"summary_large_image\" \/>\n<meta name=\"twitter:label1\" content=\"\u00c9crit par\" \/>\n\t<meta name=\"twitter:data1\" content=\"Julien\" \/>\n\t<meta name=\"twitter:label2\" content=\"Dur\u00e9e de lecture est.\" \/>\n\t<meta name=\"twitter:data2\" content=\"3 minutes\" \/>\n<script type=\"application\/ld+json\" class=\"yoast-schema-graph\">{\"@context\":\"https:\/\/schema.org\",\"@graph\":[{\"@type\":\"Article\",\"@id\":\"https:\/\/vieassociative.be\/actualites\/comment-jai-appris-que-je-nai-pas-besoin-dun-couteau-a-sculpture-et-ce-que-jutilise-a-la-place\/#article\",\"isPartOf\":{\"@id\":\"https:\/\/vieassociative.be\/actualites\/comment-jai-appris-que-je-nai-pas-besoin-dun-couteau-a-sculpture-et-ce-que-jutilise-a-la-place\/\"},\"author\":{\"name\":\"Julien\",\"@id\":\"https:\/\/vieassociative.be\/actualites\/#\/schema\/person\/b87ac4f82f9d4e7b7cec7395b679edc4\"},\"headline\":\"Comment j&rsquo;ai appris que je n&rsquo;ai pas besoin d&rsquo;un couteau \u00e0 sculpture (et ce que j&rsquo;utilise \u00e0 la place)\",\"datePublished\":\"2025-01-30T07:17:46+00:00\",\"dateModified\":\"2025-01-30T07:17:46+00:00\",\"mainEntityOfPage\":{\"@id\":\"https:\/\/vieassociative.be\/actualites\/comment-jai-appris-que-je-nai-pas-besoin-dun-couteau-a-sculpture-et-ce-que-jutilise-a-la-place\/\"},\"wordCount\":661,\"publisher\":{\"@id\":\"https:\/\/vieassociative.be\/actualites\/#organization\"},\"image\":{\"@id\":\"https:\/\/vieassociative.be\/actualites\/comment-jai-appris-que-je-nai-pas-besoin-dun-couteau-a-sculpture-et-ce-que-jutilise-a-la-place\/#primaryimage\"},\"thumbnailUrl\":\"https:\/\/vieassociative.be\/actualites\/wp-content\/uploads\/2025\/01\/1738221466_Comment-jai-appris-que-je-nai-pas-besoin-dun-couteau.jpg\",\"keywords\":[\"appris\",\"besoin\",\"Comment\",\"couteau\",\"dun\",\"Jai\",\"jutilise\",\"nai\",\"pas\",\"place\",\"sculpture\"],\"articleSection\":[\"Gastronomie\"],\"inLanguage\":\"fr-BE\"},{\"@type\":\"WebPage\",\"@id\":\"https:\/\/vieassociative.be\/actualites\/comment-jai-appris-que-je-nai-pas-besoin-dun-couteau-a-sculpture-et-ce-que-jutilise-a-la-place\/\",\"url\":\"https:\/\/vieassociative.be\/actualites\/comment-jai-appris-que-je-nai-pas-besoin-dun-couteau-a-sculpture-et-ce-que-jutilise-a-la-place\/\",\"name\":\"Comment j'ai appris que je n'ai pas besoin d'un couteau \u00e0 sculpture (et ce que j'utilise \u00e0 la place) | Vie Associative\",\"isPartOf\":{\"@id\":\"https:\/\/vieassociative.be\/actualites\/#website\"},\"primaryImageOfPage\":{\"@id\":\"https:\/\/vieassociative.be\/actualites\/comment-jai-appris-que-je-nai-pas-besoin-dun-couteau-a-sculpture-et-ce-que-jutilise-a-la-place\/#primaryimage\"},\"image\":{\"@id\":\"https:\/\/vieassociative.be\/actualites\/comment-jai-appris-que-je-nai-pas-besoin-dun-couteau-a-sculpture-et-ce-que-jutilise-a-la-place\/#primaryimage\"},\"thumbnailUrl\":\"https:\/\/vieassociative.be\/actualites\/wp-content\/uploads\/2025\/01\/1738221466_Comment-jai-appris-que-je-nai-pas-besoin-dun-couteau.jpg\",\"datePublished\":\"2025-01-30T07:17:46+00:00\",\"dateModified\":\"2025-01-30T07:17:46+00:00\",\"breadcrumb\":{\"@id\":\"https:\/\/vieassociative.be\/actualites\/comment-jai-appris-que-je-nai-pas-besoin-dun-couteau-a-sculpture-et-ce-que-jutilise-a-la-place\/#breadcrumb\"},\"inLanguage\":\"fr-BE\",\"potentialAction\":[{\"@type\":\"ReadAction\",\"target\":[\"https:\/\/vieassociative.be\/actualites\/comment-jai-appris-que-je-nai-pas-besoin-dun-couteau-a-sculpture-et-ce-que-jutilise-a-la-place\/\"]}]},{\"@type\":\"ImageObject\",\"inLanguage\":\"fr-BE\",\"@id\":\"https:\/\/vieassociative.be\/actualites\/comment-jai-appris-que-je-nai-pas-besoin-dun-couteau-a-sculpture-et-ce-que-jutilise-a-la-place\/#primaryimage\",\"url\":\"https:\/\/vieassociative.be\/actualites\/wp-content\/uploads\/2025\/01\/1738221466_Comment-jai-appris-que-je-nai-pas-besoin-dun-couteau.jpg\",\"contentUrl\":\"https:\/\/vieassociative.be\/actualites\/wp-content\/uploads\/2025\/01\/1738221466_Comment-jai-appris-que-je-nai-pas-besoin-dun-couteau.jpg\",\"width\":1200,\"height\":675,\"caption\":\"Comment j'ai appris que je n'ai pas besoin d'un couteau \u00e0 sculpture (et ce que j'utilise \u00e0 la place)\"},{\"@type\":\"BreadcrumbList\",\"@id\":\"https:\/\/vieassociative.be\/actualites\/comment-jai-appris-que-je-nai-pas-besoin-dun-couteau-a-sculpture-et-ce-que-jutilise-a-la-place\/#breadcrumb\",\"itemListElement\":[{\"@type\":\"ListItem\",\"position\":1,\"name\":\"Accueil\",\"item\":\"https:\/\/vieassociative.be\/actualites\/\"},{\"@type\":\"ListItem\",\"position\":2,\"name\":\"Comment j&rsquo;ai appris que je n&rsquo;ai pas besoin d&rsquo;un couteau \u00e0 sculpture (et ce que j&rsquo;utilise \u00e0 la place)\"}]},{\"@type\":\"WebSite\",\"@id\":\"https:\/\/vieassociative.be\/actualites\/#website\",\"url\":\"https:\/\/vieassociative.be\/actualites\/\",\"name\":\"Vie Associative\",\"description\":\"\",\"publisher\":{\"@id\":\"https:\/\/vieassociative.be\/actualites\/#organization\"},\"potentialAction\":[{\"@type\":\"SearchAction\",\"target\":{\"@type\":\"EntryPoint\",\"urlTemplate\":\"https:\/\/vieassociative.be\/actualites\/?s={search_term_string}\"},\"query-input\":{\"@type\":\"PropertyValueSpecification\",\"valueRequired\":true,\"valueName\":\"search_term_string\"}}],\"inLanguage\":\"fr-BE\"},{\"@type\":\"Organization\",\"@id\":\"https:\/\/vieassociative.be\/actualites\/#organization\",\"name\":\"Vie Associative\",\"url\":\"https:\/\/vieassociative.be\/actualites\/\",\"logo\":{\"@type\":\"ImageObject\",\"inLanguage\":\"fr-BE\",\"@id\":\"https:\/\/vieassociative.be\/actualites\/#\/schema\/logo\/image\/\",\"url\":\"https:\/\/vieassociative.be\/actualites\/wp-content\/uploads\/2024\/09\/cropped-vieassociative_favicon.ico.png\",\"contentUrl\":\"https:\/\/vieassociative.be\/actualites\/wp-content\/uploads\/2024\/09\/cropped-vieassociative_favicon.ico.png\",\"width\":512,\"height\":512,\"caption\":\"Vie Associative\"},\"image\":{\"@id\":\"https:\/\/vieassociative.be\/actualites\/#\/schema\/logo\/image\/\"}},{\"@type\":\"Person\",\"@id\":\"https:\/\/vieassociative.be\/actualites\/#\/schema\/person\/b87ac4f82f9d4e7b7cec7395b679edc4\",\"name\":\"Julien\",\"image\":{\"@type\":\"ImageObject\",\"inLanguage\":\"fr-BE\",\"@id\":\"https:\/\/vieassociative.be\/actualites\/#\/schema\/person\/image\/\",\"url\":\"https:\/\/vieassociative.be\/actualites\/wp-content\/uploads\/2024\/09\/vie-associative-1-150x150.jpg\",\"contentUrl\":\"https:\/\/vieassociative.be\/actualites\/wp-content\/uploads\/2024\/09\/vie-associative-1-150x150.jpg\",\"caption\":\"Julien\"},\"description\":\"Je suis Julien, r\u00e9dacteur pour Vie Associative. Passionn\u00e9 par le monde associatif depuis plus de 10 ans, j'ai \u00e0 c\u0153ur de partager des histoires inspirantes et de mettre en lumi\u00e8re les initiatives locales. Mon objectif est de sensibiliser et d'encourager l'engagement communautaire \u00e0 travers mes articles.\",\"sameAs\":[\"https:\/\/vieassociative.be\/\"]}]}<\/script>\n<!-- \/ Yoast SEO plugin. -->","yoast_head_json":{"title":"Comment j'ai appris que je n'ai pas besoin d'un couteau \u00e0 sculpture (et ce que j'utilise \u00e0 la place) | Vie Associative","robots":{"index":"index","follow":"follow","max-snippet":"max-snippet:-1","max-image-preview":"max-image-preview:large","max-video-preview":"max-video-preview:-1"},"canonical":"https:\/\/vieassociative.be\/actualites\/comment-jai-appris-que-je-nai-pas-besoin-dun-couteau-a-sculpture-et-ce-que-jutilise-a-la-place\/","og_locale":"fr_FR","og_type":"article","og_title":"Comment j'ai appris que je n'ai pas besoin d'un couteau \u00e0 sculpture (et ce que j'utilise \u00e0 la place) | Vie Associative","og_description":"Il y a probablement un autre couteau dans votre cuisine qui peut faire le travail. Si vous avez achet\u00e9 des couteaux, vous avez probablement remarqu\u00e9","og_url":"https:\/\/vieassociative.be\/actualites\/comment-jai-appris-que-je-nai-pas-besoin-dun-couteau-a-sculpture-et-ce-que-jutilise-a-la-place\/","og_site_name":"Vie Associative","article_published_time":"2025-01-30T07:17:46+00:00","og_image":[{"url":"https:\/\/vieassociative.be\/actualites\/wp-content\/uploads\/2025\/01\/Comment-jai-appris-que-je-nai-pas-besoin-dun-couteau.svg.svg+xml","type":"","width":"","height":""}],"author":"Julien","twitter_card":"summary_large_image","twitter_misc":{"\u00c9crit par":"Julien","Dur\u00e9e de lecture est.":"3 minutes"},"schema":{"@context":"https:\/\/schema.org","@graph":[{"@type":"Article","@id":"https:\/\/vieassociative.be\/actualites\/comment-jai-appris-que-je-nai-pas-besoin-dun-couteau-a-sculpture-et-ce-que-jutilise-a-la-place\/#article","isPartOf":{"@id":"https:\/\/vieassociative.be\/actualites\/comment-jai-appris-que-je-nai-pas-besoin-dun-couteau-a-sculpture-et-ce-que-jutilise-a-la-place\/"},"author":{"name":"Julien","@id":"https:\/\/vieassociative.be\/actualites\/#\/schema\/person\/b87ac4f82f9d4e7b7cec7395b679edc4"},"headline":"Comment j&rsquo;ai appris que je n&rsquo;ai pas besoin d&rsquo;un couteau \u00e0 sculpture (et ce que j&rsquo;utilise \u00e0 la place)","datePublished":"2025-01-30T07:17:46+00:00","dateModified":"2025-01-30T07:17:46+00:00","mainEntityOfPage":{"@id":"https:\/\/vieassociative.be\/actualites\/comment-jai-appris-que-je-nai-pas-besoin-dun-couteau-a-sculpture-et-ce-que-jutilise-a-la-place\/"},"wordCount":661,"publisher":{"@id":"https:\/\/vieassociative.be\/actualites\/#organization"},"image":{"@id":"https:\/\/vieassociative.be\/actualites\/comment-jai-appris-que-je-nai-pas-besoin-dun-couteau-a-sculpture-et-ce-que-jutilise-a-la-place\/#primaryimage"},"thumbnailUrl":"https:\/\/vieassociative.be\/actualites\/wp-content\/uploads\/2025\/01\/1738221466_Comment-jai-appris-que-je-nai-pas-besoin-dun-couteau.jpg","keywords":["appris","besoin","Comment","couteau","dun","Jai","jutilise","nai","pas","place","sculpture"],"articleSection":["Gastronomie"],"inLanguage":"fr-BE"},{"@type":"WebPage","@id":"https:\/\/vieassociative.be\/actualites\/comment-jai-appris-que-je-nai-pas-besoin-dun-couteau-a-sculpture-et-ce-que-jutilise-a-la-place\/","url":"https:\/\/vieassociative.be\/actualites\/comment-jai-appris-que-je-nai-pas-besoin-dun-couteau-a-sculpture-et-ce-que-jutilise-a-la-place\/","name":"Comment j'ai appris que je n'ai pas besoin d'un couteau \u00e0 sculpture (et ce que j'utilise \u00e0 la place) | Vie Associative","isPartOf":{"@id":"https:\/\/vieassociative.be\/actualites\/#website"},"primaryImageOfPage":{"@id":"https:\/\/vieassociative.be\/actualites\/comment-jai-appris-que-je-nai-pas-besoin-dun-couteau-a-sculpture-et-ce-que-jutilise-a-la-place\/#primaryimage"},"image":{"@id":"https:\/\/vieassociative.be\/actualites\/comment-jai-appris-que-je-nai-pas-besoin-dun-couteau-a-sculpture-et-ce-que-jutilise-a-la-place\/#primaryimage"},"thumbnailUrl":"https:\/\/vieassociative.be\/actualites\/wp-content\/uploads\/2025\/01\/1738221466_Comment-jai-appris-que-je-nai-pas-besoin-dun-couteau.jpg","datePublished":"2025-01-30T07:17:46+00:00","dateModified":"2025-01-30T07:17:46+00:00","breadcrumb":{"@id":"https:\/\/vieassociative.be\/actualites\/comment-jai-appris-que-je-nai-pas-besoin-dun-couteau-a-sculpture-et-ce-que-jutilise-a-la-place\/#breadcrumb"},"inLanguage":"fr-BE","potentialAction":[{"@type":"ReadAction","target":["https:\/\/vieassociative.be\/actualites\/comment-jai-appris-que-je-nai-pas-besoin-dun-couteau-a-sculpture-et-ce-que-jutilise-a-la-place\/"]}]},{"@type":"ImageObject","inLanguage":"fr-BE","@id":"https:\/\/vieassociative.be\/actualites\/comment-jai-appris-que-je-nai-pas-besoin-dun-couteau-a-sculpture-et-ce-que-jutilise-a-la-place\/#primaryimage","url":"https:\/\/vieassociative.be\/actualites\/wp-content\/uploads\/2025\/01\/1738221466_Comment-jai-appris-que-je-nai-pas-besoin-dun-couteau.jpg","contentUrl":"https:\/\/vieassociative.be\/actualites\/wp-content\/uploads\/2025\/01\/1738221466_Comment-jai-appris-que-je-nai-pas-besoin-dun-couteau.jpg","width":1200,"height":675,"caption":"Comment j'ai appris que je n'ai pas besoin d'un couteau \u00e0 sculpture (et ce que j'utilise \u00e0 la place)"},{"@type":"BreadcrumbList","@id":"https:\/\/vieassociative.be\/actualites\/comment-jai-appris-que-je-nai-pas-besoin-dun-couteau-a-sculpture-et-ce-que-jutilise-a-la-place\/#breadcrumb","itemListElement":[{"@type":"ListItem","position":1,"name":"Accueil","item":"https:\/\/vieassociative.be\/actualites\/"},{"@type":"ListItem","position":2,"name":"Comment j&rsquo;ai appris que je n&rsquo;ai pas besoin d&rsquo;un couteau \u00e0 sculpture (et ce que j&rsquo;utilise \u00e0 la place)"}]},{"@type":"WebSite","@id":"https:\/\/vieassociative.be\/actualites\/#website","url":"https:\/\/vieassociative.be\/actualites\/","name":"Vie Associative","description":"","publisher":{"@id":"https:\/\/vieassociative.be\/actualites\/#organization"},"potentialAction":[{"@type":"SearchAction","target":{"@type":"EntryPoint","urlTemplate":"https:\/\/vieassociative.be\/actualites\/?s={search_term_string}"},"query-input":{"@type":"PropertyValueSpecification","valueRequired":true,"valueName":"search_term_string"}}],"inLanguage":"fr-BE"},{"@type":"Organization","@id":"https:\/\/vieassociative.be\/actualites\/#organization","name":"Vie Associative","url":"https:\/\/vieassociative.be\/actualites\/","logo":{"@type":"ImageObject","inLanguage":"fr-BE","@id":"https:\/\/vieassociative.be\/actualites\/#\/schema\/logo\/image\/","url":"https:\/\/vieassociative.be\/actualites\/wp-content\/uploads\/2024\/09\/cropped-vieassociative_favicon.ico.png","contentUrl":"https:\/\/vieassociative.be\/actualites\/wp-content\/uploads\/2024\/09\/cropped-vieassociative_favicon.ico.png","width":512,"height":512,"caption":"Vie Associative"},"image":{"@id":"https:\/\/vieassociative.be\/actualites\/#\/schema\/logo\/image\/"}},{"@type":"Person","@id":"https:\/\/vieassociative.be\/actualites\/#\/schema\/person\/b87ac4f82f9d4e7b7cec7395b679edc4","name":"Julien","image":{"@type":"ImageObject","inLanguage":"fr-BE","@id":"https:\/\/vieassociative.be\/actualites\/#\/schema\/person\/image\/","url":"https:\/\/vieassociative.be\/actualites\/wp-content\/uploads\/2024\/09\/vie-associative-1-150x150.jpg","contentUrl":"https:\/\/vieassociative.be\/actualites\/wp-content\/uploads\/2024\/09\/vie-associative-1-150x150.jpg","caption":"Julien"},"description":"Je suis Julien, r\u00e9dacteur pour Vie Associative. Passionn\u00e9 par le monde associatif depuis plus de 10 ans, j'ai \u00e0 c\u0153ur de partager des histoires inspirantes et de mettre en lumi\u00e8re les initiatives locales. Mon objectif est de sensibiliser et d'encourager l'engagement communautaire \u00e0 travers mes articles.","sameAs":["https:\/\/vieassociative.be\/"]}]}},"_links":{"self":[{"href":"https:\/\/vieassociative.be\/actualites\/wp-json\/wp\/v2\/posts\/4704"}],"collection":[{"href":"https:\/\/vieassociative.be\/actualites\/wp-json\/wp\/v2\/posts"}],"about":[{"href":"https:\/\/vieassociative.be\/actualites\/wp-json\/wp\/v2\/types\/post"}],"author":[{"embeddable":true,"href":"https:\/\/vieassociative.be\/actualites\/wp-json\/wp\/v2\/users\/1"}],"replies":[{"embeddable":true,"href":"https:\/\/vieassociative.be\/actualites\/wp-json\/wp\/v2\/comments?post=4704"}],"version-history":[{"count":0,"href":"https:\/\/vieassociative.be\/actualites\/wp-json\/wp\/v2\/posts\/4704\/revisions"}],"wp:featuredmedia":[{"embeddable":true,"href":"https:\/\/vieassociative.be\/actualites\/wp-json\/wp\/v2\/media\/4705"}],"wp:attachment":[{"href":"https:\/\/vieassociative.be\/actualites\/wp-json\/wp\/v2\/media?parent=4704"}],"wp:term":[{"taxonomy":"category","embeddable":true,"href":"https:\/\/vieassociative.be\/actualites\/wp-json\/wp\/v2\/categories?post=4704"},{"taxonomy":"post_tag","embeddable":true,"href":"https:\/\/vieassociative.be\/actualites\/wp-json\/wp\/v2\/tags?post=4704"}],"curies":[{"name":"wp","href":"https:\/\/api.w.org\/{rel}","templated":true}]}}