{"id":4692,"date":"2025-01-29T21:17:33","date_gmt":"2025-01-29T20:17:33","guid":{"rendered":"https:\/\/vieassociative.be\/actualites\/aujourdhui-journee-des-champions-les-plus-chaudes-de-tous-les-temps\/"},"modified":"2025-01-29T21:17:33","modified_gmt":"2025-01-29T20:17:33","slug":"aujourdhui-journee-des-champions-les-plus-chaudes-de-tous-les-temps","status":"publish","type":"post","link":"https:\/\/vieassociative.be\/actualites\/aujourdhui-journee-des-champions-les-plus-chaudes-de-tous-les-temps\/","title":{"rendered":"Aujourd&rsquo;hui, \u00ab\u00a0Journ\u00e9e des champions les plus chaudes de tous les temps\u00a0\u00bb"},"content":{"rendered":"<p><strong>Ce sera une soir\u00e9e de football chaude en Ligue des champions. Pour le journal \u00ab\u00a0Bild\u00a0\u00bb, m\u00eame \u00ab\u00a0la journ\u00e9e la plus chaude de la Ligue des champions de tous les temps\u00a0\u00bb est m\u00eame \u00ab\u00a0la Ligue des champions les plus chaudes\u00a0\u00bb. \u00c0 21 h, les 18 rencontres ont lieu en parall\u00e8le. Sur la performance du ma\u00eetre belge FC Bruges ne sommes pas seulement nous Belges <\/strong><strong>Excit\u00e9, mais fans de football de toute l&rsquo;Europe.<\/strong><\/p>\n<p><span id=\"more-407062\"><\/span><strong>&#8211; FC Bruges l&rsquo;a lui-m\u00eame dans sa main:<\/strong> Le FC Bruges doit rivaliser avec Manchester City le dernier jour du match. Dans le tableau, le champion belge a pris 20 avec 11 points &#8211; 3 points de plus que Manchester City, qui est \u00e0 la 25e place et serait donc parti s&rsquo;il restait apr\u00e8s le match contre Bruges.<\/p>\n<p>En cas de victoire ou d&rsquo;une \u00e9galit\u00e9 aujourd&rsquo;hui au Stage Ethiad, Hans Vanaken &#038; Co. serait certainement en s\u00e9ries \u00e9liminatoires. M\u00eame avec une d\u00e9faite, l&rsquo;\u00e9quipe de l&rsquo;entra\u00eeneur Nicky Hayen pourrait y arriver.<\/p>\n<div id=\"attachment_385277\" class=\"wp-caption alignleft\" style=\"max-width: 300px\"><img fetchpriority=\"high\" decoding=\"async\" class=\"wp-image-385277 size-medium\" src=\"https:\/\/vieassociative.be\/actualites\/wp-content\/uploads\/2025\/01\/Aujourdhui-Journee-des-champions-les-plus-chaudes-de-tous-les.jpg\" alt=\"\" width=\"300\" height=\"206\"><\/p>\n<p class=\"wp-caption-text\">L&rsquo;entra\u00eeneur-chef Nicky Hayen (photo) du FC Bruges. Photo: Nikola Krstic \/ Belga \/ DPA<\/p>\n<\/div>\n<p><strong>&#8211; Position de d\u00e9part pour les clubs allemands:<\/strong> Bayer Leverkusen est dans la meilleure situation. Apr\u00e8s sept jours de match, le champion allemand occupe la huiti\u00e8me place avec 13 points et a donc dirig\u00e9 direct dans la manche de 16 \u00e0 sa main. Une victoire \u00e0 domicile contre l&rsquo;Outsider Sparta Prague, qui est d\u00e9j\u00e0 parti, devrait \u00eatre suffisante. Cependant, la diff\u00e9rence d&rsquo;objectifs pourrait \u00e9galement d\u00e9cider \u00e0 la fin.<\/p>\n<p>Le Bayern Munich et le Borussia Dortmund, en revanche, menacent le d\u00e9tour via les s\u00e9ries \u00e9liminatoires \u00e0 la mi-f\u00e9vrier. Les deux \u00e9quipes ont douze points dans le compte apr\u00e8s sept jours de match et comptent sur l&rsquo;aide au tir dans leurs propres victoires. Dortmund re\u00e7oit des \u00e9trangers Donetsk, en Bavi\u00e8re, contre les invit\u00e9s inutiles de Slovan Bratislava.<\/p>\n<p>Pour VFB Stuttgart, le dernier match pr\u00e9liminaire contre le Paris Saint-Germain consiste \u00e0 emm\u00e9nager dans les s\u00e9ries \u00e9liminatoires. Les Swabiens ont actuellement dix points et donc deux points d&rsquo;avance sur la comp\u00e9tition, par exemple, Manchester City. Pour RB Leipzig, Sturm Graz ne concerne que des adieux raisonnables de la premi\u00e8re classe.<\/p>\n<div id=\"attachment_407071\" class=\"wp-caption alignleft\" style=\"max-width: 240px\"><img decoding=\"async\" class=\"wp-image-407071 size-medium\" src=\"https:\/\/vieassociative.be\/actualites\/wp-content\/uploads\/2025\/01\/Aujourdhui-Journee-des-champions-les-plus-chaudes-de-tous-les.jpeg\" alt=\"\" width=\"240\" height=\"300\"  ><\/p>\n<p class=\"wp-caption-text\">Le tableau avant le dernier jour de jeu de groupe (cliquez sur l&rsquo;image pour agrandir). Les \u00e9quipes de Pl\u00e2tzen 1 \u00e0 8 sont d\u00e9j\u00e0 en huiti\u00e8mes de finale, les places 9 \u00e0 24 ont droit \u00e0 participer aux s\u00e9ries \u00e9liminatoires, les \u00e9quipes de la 25e place ont \u00e9t\u00e9 \u00e9limin\u00e9es.<\/p>\n<\/div>\n<p><strong>&#8211; Les jeux peuvent \u00eatre vus ici: <\/strong>Chez Proxi + Sports, les fans de football peuvent voir les 18 rencontres dans la transmission individuelle ou lors de la conf\u00e9rence XXL (\u00e9galement appel\u00e9e \u00ab\u00a0multiblum\u00a0\u00bb). 18 matchs! Il n&rsquo;y a jamais eu de si grande conf\u00e9rence. La rencontre entre Manchester City et FC Bruges peut \u00e9galement \u00eatre vue en plus de la cha\u00eene de paiement Sports Proxi + sur la t\u00e9l\u00e9vision gratuite sur RTL Club ou sur VTM2. Le ZDF envoie des r\u00e9sum\u00e9s des jeux les plus importants \u00e0 partir de 23 heures.<\/p>\n<p><strong>&#8211; c&rsquo;est ainsi que \u00e7a se passe par la suite:<\/strong> Apr\u00e8s le spectacle de football mercredi soir, le match nul pour les s\u00e9ries \u00e9liminatoires aura lieu \u00e0 Nyon vendredi \u00e0 12 h. et 18.\/19. F\u00e9vrier. Les huit meilleurs clubs de la phase de groupe sont libres de progresser dans les s\u00e9ries \u00e9liminatoires en s\u00e9ries \u00e9liminatoires.<\/p>\n<p>La co-phase compl\u00e8te est r\u00e9alis\u00e9e via l&rsquo;arbre de tournoi classique analogue \u00e0 un tournoi du Grand Chelem en tennis. Les \u00e9quipes qui compl\u00e8tent la ligue aux endroits 9 \u00e0 16 sont pr\u00eates pour le tirage des s\u00e9ries \u00e9liminatoires et rencontrent des \u00e9quipes qui se sont retrouv\u00e9es aux lieux de 17 \u00e0 24. L&rsquo;ensemble de l&rsquo;\u00e9quipe a des droits \u00e0 domicile au deuxi\u00e8me \u00e9tape.<\/p>\n<p>Les couples appel\u00e9s sont donc \u00e9galement form\u00e9s. Par exemple, les \u00e9quipes qui occupent des places 9 et 10 rivalisent avec les \u00e9quipes qui se sont retrouv\u00e9es au num\u00e9ro 23 ou 24. Les \u00e9quipes dans les endroits 11 ou 12 sont attir\u00e9es par des \u00e9quipes en 21 ou 22, etc.<\/p>\n<p>Les clubs du m\u00eame pays peuvent \u00e9galement se rencontrer. Les duels avec des clubs qui \u00e9taient d\u00e9j\u00e0 jou\u00e9s dans la ligue sont \u00e0 nouveau possibles.<\/p>\n<p>Apr\u00e8s les s\u00e9ries \u00e9liminatoires, le tirage au sort de 16 ans a lieu. C&rsquo;est le dernier match nul car le chemin suppl\u00e9mentaire vers la finale de Munich le 31 mai par la suite se traduira par l&rsquo;arbre du tournoi. (DPA \/ CRE)<\/p>\n","protected":false},"excerpt":{"rendered":"<p>Ce sera une soir\u00e9e de football chaude en Ligue des champions. Pour le journal \u00ab\u00a0Bild\u00a0\u00bb, m\u00eame \u00ab\u00a0la journ\u00e9e la plus chaude de la Ligue des<\/p>\n","protected":false},"author":1,"featured_media":4693,"comment_status":"","ping_status":"","sticky":false,"template":"","format":"standard","meta":{"footnotes":""},"categories":[298],"tags":[2330,2818,5027,29,2877,14,790,546],"class_list":["post-4692","post","type-post","status-publish","format-standard","has-post-thumbnail","hentry","category-belgique","tag-aujourdhui","tag-champions","tag-chaudes","tag-des","tag-journee","tag-les","tag-temps","tag-tous","generate-columns","tablet-grid-50","mobile-grid-100","grid-parent","grid-33"],"yoast_head":"<!-- This site is optimized with the Yoast SEO plugin v24.0 - https:\/\/yoast.com\/wordpress\/plugins\/seo\/ -->\n<title>Aujourd&#039;hui, &quot;Journ\u00e9e des champions les plus chaudes de tous les temps&quot; | Vie Associative<\/title>\n<meta name=\"robots\" content=\"index, follow, max-snippet:-1, max-image-preview:large, max-video-preview:-1\" \/>\n<link rel=\"canonical\" href=\"https:\/\/vieassociative.be\/actualites\/aujourdhui-journee-des-champions-les-plus-chaudes-de-tous-les-temps\/\" \/>\n<meta property=\"og:locale\" content=\"fr_FR\" \/>\n<meta property=\"og:type\" content=\"article\" \/>\n<meta property=\"og:title\" content=\"Aujourd&#039;hui, &quot;Journ\u00e9e des champions les plus chaudes de tous les temps&quot; | Vie Associative\" \/>\n<meta property=\"og:description\" content=\"Ce sera une soir\u00e9e de football chaude en Ligue des champions. Pour le journal \u00ab\u00a0Bild\u00a0\u00bb, m\u00eame \u00ab\u00a0la journ\u00e9e la plus chaude de la Ligue des\" \/>\n<meta property=\"og:url\" content=\"https:\/\/vieassociative.be\/actualites\/aujourdhui-journee-des-champions-les-plus-chaudes-de-tous-les-temps\/\" \/>\n<meta property=\"og:site_name\" content=\"Vie Associative\" \/>\n<meta property=\"article:published_time\" content=\"2025-01-29T20:17:33+00:00\" \/>\n<meta property=\"og:image\" content=\"https:\/\/vieassociative.be\/actualites\/wp-content\/uploads\/2024\/09\/header_backgroundk-01-e1726694325946.png\" \/>\n\t<meta property=\"og:image:width\" content=\"279\" \/>\n\t<meta property=\"og:image:height\" content=\"92\" \/>\n\t<meta property=\"og:image:type\" content=\"image\/png\" \/>\n<meta name=\"author\" content=\"Julien\" \/>\n<meta name=\"twitter:card\" content=\"summary_large_image\" \/>\n<meta name=\"twitter:label1\" content=\"\u00c9crit par\" \/>\n\t<meta name=\"twitter:data1\" content=\"Julien\" \/>\n\t<meta name=\"twitter:label2\" content=\"Dur\u00e9e de lecture est.\" \/>\n\t<meta name=\"twitter:data2\" content=\"4 minutes\" \/>\n<script type=\"application\/ld+json\" class=\"yoast-schema-graph\">{\"@context\":\"https:\/\/schema.org\",\"@graph\":[{\"@type\":\"Article\",\"@id\":\"https:\/\/vieassociative.be\/actualites\/aujourdhui-journee-des-champions-les-plus-chaudes-de-tous-les-temps\/#article\",\"isPartOf\":{\"@id\":\"https:\/\/vieassociative.be\/actualites\/aujourdhui-journee-des-champions-les-plus-chaudes-de-tous-les-temps\/\"},\"author\":{\"name\":\"Julien\",\"@id\":\"https:\/\/vieassociative.be\/actualites\/#\/schema\/person\/b87ac4f82f9d4e7b7cec7395b679edc4\"},\"headline\":\"Aujourd&rsquo;hui, \u00ab\u00a0Journ\u00e9e des champions les plus chaudes de tous les temps\u00a0\u00bb\",\"datePublished\":\"2025-01-29T20:17:33+00:00\",\"dateModified\":\"2025-01-29T20:17:33+00:00\",\"mainEntityOfPage\":{\"@id\":\"https:\/\/vieassociative.be\/actualites\/aujourdhui-journee-des-champions-les-plus-chaudes-de-tous-les-temps\/\"},\"wordCount\":772,\"publisher\":{\"@id\":\"https:\/\/vieassociative.be\/actualites\/#organization\"},\"image\":{\"@id\":\"https:\/\/vieassociative.be\/actualites\/aujourdhui-journee-des-champions-les-plus-chaudes-de-tous-les-temps\/#primaryimage\"},\"thumbnailUrl\":\"https:\/\/vieassociative.be\/actualites\/wp-content\/uploads\/2025\/01\/1738181853_Aujourdhui-Journee-des-champions-les-plus-chaudes-de-tous-les.jpg\",\"keywords\":[\"aujourdhui\",\"Champions\",\"chaudes\",\"Des\",\"journ\u00e9e\",\"Les\",\"temps\",\"tous\"],\"articleSection\":[\"Belgique\"],\"inLanguage\":\"fr-BE\"},{\"@type\":\"WebPage\",\"@id\":\"https:\/\/vieassociative.be\/actualites\/aujourdhui-journee-des-champions-les-plus-chaudes-de-tous-les-temps\/\",\"url\":\"https:\/\/vieassociative.be\/actualites\/aujourdhui-journee-des-champions-les-plus-chaudes-de-tous-les-temps\/\",\"name\":\"Aujourd'hui, \\\"Journ\u00e9e des champions les plus chaudes de tous les temps\\\" | Vie Associative\",\"isPartOf\":{\"@id\":\"https:\/\/vieassociative.be\/actualites\/#website\"},\"primaryImageOfPage\":{\"@id\":\"https:\/\/vieassociative.be\/actualites\/aujourdhui-journee-des-champions-les-plus-chaudes-de-tous-les-temps\/#primaryimage\"},\"image\":{\"@id\":\"https:\/\/vieassociative.be\/actualites\/aujourdhui-journee-des-champions-les-plus-chaudes-de-tous-les-temps\/#primaryimage\"},\"thumbnailUrl\":\"https:\/\/vieassociative.be\/actualites\/wp-content\/uploads\/2025\/01\/1738181853_Aujourdhui-Journee-des-champions-les-plus-chaudes-de-tous-les.jpg\",\"datePublished\":\"2025-01-29T20:17:33+00:00\",\"dateModified\":\"2025-01-29T20:17:33+00:00\",\"breadcrumb\":{\"@id\":\"https:\/\/vieassociative.be\/actualites\/aujourdhui-journee-des-champions-les-plus-chaudes-de-tous-les-temps\/#breadcrumb\"},\"inLanguage\":\"fr-BE\",\"potentialAction\":[{\"@type\":\"ReadAction\",\"target\":[\"https:\/\/vieassociative.be\/actualites\/aujourdhui-journee-des-champions-les-plus-chaudes-de-tous-les-temps\/\"]}]},{\"@type\":\"ImageObject\",\"inLanguage\":\"fr-BE\",\"@id\":\"https:\/\/vieassociative.be\/actualites\/aujourdhui-journee-des-champions-les-plus-chaudes-de-tous-les-temps\/#primaryimage\",\"url\":\"https:\/\/vieassociative.be\/actualites\/wp-content\/uploads\/2025\/01\/1738181853_Aujourdhui-Journee-des-champions-les-plus-chaudes-de-tous-les.jpg\",\"contentUrl\":\"https:\/\/vieassociative.be\/actualites\/wp-content\/uploads\/2025\/01\/1738181853_Aujourdhui-Journee-des-champions-les-plus-chaudes-de-tous-les.jpg\",\"width\":1200,\"height\":800,\"caption\":\"Aujourd'hui, \\\"Journ\u00e9e des champions les plus chaudes de tous les temps\\\"\"},{\"@type\":\"BreadcrumbList\",\"@id\":\"https:\/\/vieassociative.be\/actualites\/aujourdhui-journee-des-champions-les-plus-chaudes-de-tous-les-temps\/#breadcrumb\",\"itemListElement\":[{\"@type\":\"ListItem\",\"position\":1,\"name\":\"Accueil\",\"item\":\"https:\/\/vieassociative.be\/actualites\/\"},{\"@type\":\"ListItem\",\"position\":2,\"name\":\"Aujourd&rsquo;hui, \u00ab\u00a0Journ\u00e9e des champions les plus chaudes de tous les temps\u00a0\u00bb\"}]},{\"@type\":\"WebSite\",\"@id\":\"https:\/\/vieassociative.be\/actualites\/#website\",\"url\":\"https:\/\/vieassociative.be\/actualites\/\",\"name\":\"Vie Associative\",\"description\":\"\",\"publisher\":{\"@id\":\"https:\/\/vieassociative.be\/actualites\/#organization\"},\"potentialAction\":[{\"@type\":\"SearchAction\",\"target\":{\"@type\":\"EntryPoint\",\"urlTemplate\":\"https:\/\/vieassociative.be\/actualites\/?s={search_term_string}\"},\"query-input\":{\"@type\":\"PropertyValueSpecification\",\"valueRequired\":true,\"valueName\":\"search_term_string\"}}],\"inLanguage\":\"fr-BE\"},{\"@type\":\"Organization\",\"@id\":\"https:\/\/vieassociative.be\/actualites\/#organization\",\"name\":\"Vie Associative\",\"url\":\"https:\/\/vieassociative.be\/actualites\/\",\"logo\":{\"@type\":\"ImageObject\",\"inLanguage\":\"fr-BE\",\"@id\":\"https:\/\/vieassociative.be\/actualites\/#\/schema\/logo\/image\/\",\"url\":\"https:\/\/vieassociative.be\/actualites\/wp-content\/uploads\/2024\/09\/cropped-vieassociative_favicon.ico.png\",\"contentUrl\":\"https:\/\/vieassociative.be\/actualites\/wp-content\/uploads\/2024\/09\/cropped-vieassociative_favicon.ico.png\",\"width\":512,\"height\":512,\"caption\":\"Vie Associative\"},\"image\":{\"@id\":\"https:\/\/vieassociative.be\/actualites\/#\/schema\/logo\/image\/\"}},{\"@type\":\"Person\",\"@id\":\"https:\/\/vieassociative.be\/actualites\/#\/schema\/person\/b87ac4f82f9d4e7b7cec7395b679edc4\",\"name\":\"Julien\",\"image\":{\"@type\":\"ImageObject\",\"inLanguage\":\"fr-BE\",\"@id\":\"https:\/\/vieassociative.be\/actualites\/#\/schema\/person\/image\/\",\"url\":\"https:\/\/vieassociative.be\/actualites\/wp-content\/uploads\/2024\/09\/vie-associative-1-150x150.jpg\",\"contentUrl\":\"https:\/\/vieassociative.be\/actualites\/wp-content\/uploads\/2024\/09\/vie-associative-1-150x150.jpg\",\"caption\":\"Julien\"},\"description\":\"Je suis Julien, r\u00e9dacteur pour Vie Associative. Passionn\u00e9 par le monde associatif depuis plus de 10 ans, j'ai \u00e0 c\u0153ur de partager des histoires inspirantes et de mettre en lumi\u00e8re les initiatives locales. Mon objectif est de sensibiliser et d'encourager l'engagement communautaire \u00e0 travers mes articles.\",\"sameAs\":[\"https:\/\/vieassociative.be\/\"]}]}<\/script>\n<!-- \/ Yoast SEO plugin. -->","yoast_head_json":{"title":"Aujourd'hui, \"Journ\u00e9e des champions les plus chaudes de tous les temps\" | Vie Associative","robots":{"index":"index","follow":"follow","max-snippet":"max-snippet:-1","max-image-preview":"max-image-preview:large","max-video-preview":"max-video-preview:-1"},"canonical":"https:\/\/vieassociative.be\/actualites\/aujourdhui-journee-des-champions-les-plus-chaudes-de-tous-les-temps\/","og_locale":"fr_FR","og_type":"article","og_title":"Aujourd'hui, \"Journ\u00e9e des champions les plus chaudes de tous les temps\" | Vie Associative","og_description":"Ce sera une soir\u00e9e de football chaude en Ligue des champions. Pour le journal \u00ab\u00a0Bild\u00a0\u00bb, m\u00eame \u00ab\u00a0la journ\u00e9e la plus chaude de la Ligue des","og_url":"https:\/\/vieassociative.be\/actualites\/aujourdhui-journee-des-champions-les-plus-chaudes-de-tous-les-temps\/","og_site_name":"Vie Associative","article_published_time":"2025-01-29T20:17:33+00:00","og_image":[{"width":279,"height":92,"url":"https:\/\/vieassociative.be\/actualites\/wp-content\/uploads\/2024\/09\/header_backgroundk-01-e1726694325946.png","type":"image\/png"}],"author":"Julien","twitter_card":"summary_large_image","twitter_misc":{"\u00c9crit par":"Julien","Dur\u00e9e de lecture est.":"4 minutes"},"schema":{"@context":"https:\/\/schema.org","@graph":[{"@type":"Article","@id":"https:\/\/vieassociative.be\/actualites\/aujourdhui-journee-des-champions-les-plus-chaudes-de-tous-les-temps\/#article","isPartOf":{"@id":"https:\/\/vieassociative.be\/actualites\/aujourdhui-journee-des-champions-les-plus-chaudes-de-tous-les-temps\/"},"author":{"name":"Julien","@id":"https:\/\/vieassociative.be\/actualites\/#\/schema\/person\/b87ac4f82f9d4e7b7cec7395b679edc4"},"headline":"Aujourd&rsquo;hui, \u00ab\u00a0Journ\u00e9e des champions les plus chaudes de tous les temps\u00a0\u00bb","datePublished":"2025-01-29T20:17:33+00:00","dateModified":"2025-01-29T20:17:33+00:00","mainEntityOfPage":{"@id":"https:\/\/vieassociative.be\/actualites\/aujourdhui-journee-des-champions-les-plus-chaudes-de-tous-les-temps\/"},"wordCount":772,"publisher":{"@id":"https:\/\/vieassociative.be\/actualites\/#organization"},"image":{"@id":"https:\/\/vieassociative.be\/actualites\/aujourdhui-journee-des-champions-les-plus-chaudes-de-tous-les-temps\/#primaryimage"},"thumbnailUrl":"https:\/\/vieassociative.be\/actualites\/wp-content\/uploads\/2025\/01\/1738181853_Aujourdhui-Journee-des-champions-les-plus-chaudes-de-tous-les.jpg","keywords":["aujourdhui","Champions","chaudes","Des","journ\u00e9e","Les","temps","tous"],"articleSection":["Belgique"],"inLanguage":"fr-BE"},{"@type":"WebPage","@id":"https:\/\/vieassociative.be\/actualites\/aujourdhui-journee-des-champions-les-plus-chaudes-de-tous-les-temps\/","url":"https:\/\/vieassociative.be\/actualites\/aujourdhui-journee-des-champions-les-plus-chaudes-de-tous-les-temps\/","name":"Aujourd'hui, \"Journ\u00e9e des champions les plus chaudes de tous les temps\" | Vie Associative","isPartOf":{"@id":"https:\/\/vieassociative.be\/actualites\/#website"},"primaryImageOfPage":{"@id":"https:\/\/vieassociative.be\/actualites\/aujourdhui-journee-des-champions-les-plus-chaudes-de-tous-les-temps\/#primaryimage"},"image":{"@id":"https:\/\/vieassociative.be\/actualites\/aujourdhui-journee-des-champions-les-plus-chaudes-de-tous-les-temps\/#primaryimage"},"thumbnailUrl":"https:\/\/vieassociative.be\/actualites\/wp-content\/uploads\/2025\/01\/1738181853_Aujourdhui-Journee-des-champions-les-plus-chaudes-de-tous-les.jpg","datePublished":"2025-01-29T20:17:33+00:00","dateModified":"2025-01-29T20:17:33+00:00","breadcrumb":{"@id":"https:\/\/vieassociative.be\/actualites\/aujourdhui-journee-des-champions-les-plus-chaudes-de-tous-les-temps\/#breadcrumb"},"inLanguage":"fr-BE","potentialAction":[{"@type":"ReadAction","target":["https:\/\/vieassociative.be\/actualites\/aujourdhui-journee-des-champions-les-plus-chaudes-de-tous-les-temps\/"]}]},{"@type":"ImageObject","inLanguage":"fr-BE","@id":"https:\/\/vieassociative.be\/actualites\/aujourdhui-journee-des-champions-les-plus-chaudes-de-tous-les-temps\/#primaryimage","url":"https:\/\/vieassociative.be\/actualites\/wp-content\/uploads\/2025\/01\/1738181853_Aujourdhui-Journee-des-champions-les-plus-chaudes-de-tous-les.jpg","contentUrl":"https:\/\/vieassociative.be\/actualites\/wp-content\/uploads\/2025\/01\/1738181853_Aujourdhui-Journee-des-champions-les-plus-chaudes-de-tous-les.jpg","width":1200,"height":800,"caption":"Aujourd'hui, \"Journ\u00e9e des champions les plus chaudes de tous les temps\""},{"@type":"BreadcrumbList","@id":"https:\/\/vieassociative.be\/actualites\/aujourdhui-journee-des-champions-les-plus-chaudes-de-tous-les-temps\/#breadcrumb","itemListElement":[{"@type":"ListItem","position":1,"name":"Accueil","item":"https:\/\/vieassociative.be\/actualites\/"},{"@type":"ListItem","position":2,"name":"Aujourd&rsquo;hui, \u00ab\u00a0Journ\u00e9e des champions les plus chaudes de tous les temps\u00a0\u00bb"}]},{"@type":"WebSite","@id":"https:\/\/vieassociative.be\/actualites\/#website","url":"https:\/\/vieassociative.be\/actualites\/","name":"Vie Associative","description":"","publisher":{"@id":"https:\/\/vieassociative.be\/actualites\/#organization"},"potentialAction":[{"@type":"SearchAction","target":{"@type":"EntryPoint","urlTemplate":"https:\/\/vieassociative.be\/actualites\/?s={search_term_string}"},"query-input":{"@type":"PropertyValueSpecification","valueRequired":true,"valueName":"search_term_string"}}],"inLanguage":"fr-BE"},{"@type":"Organization","@id":"https:\/\/vieassociative.be\/actualites\/#organization","name":"Vie Associative","url":"https:\/\/vieassociative.be\/actualites\/","logo":{"@type":"ImageObject","inLanguage":"fr-BE","@id":"https:\/\/vieassociative.be\/actualites\/#\/schema\/logo\/image\/","url":"https:\/\/vieassociative.be\/actualites\/wp-content\/uploads\/2024\/09\/cropped-vieassociative_favicon.ico.png","contentUrl":"https:\/\/vieassociative.be\/actualites\/wp-content\/uploads\/2024\/09\/cropped-vieassociative_favicon.ico.png","width":512,"height":512,"caption":"Vie Associative"},"image":{"@id":"https:\/\/vieassociative.be\/actualites\/#\/schema\/logo\/image\/"}},{"@type":"Person","@id":"https:\/\/vieassociative.be\/actualites\/#\/schema\/person\/b87ac4f82f9d4e7b7cec7395b679edc4","name":"Julien","image":{"@type":"ImageObject","inLanguage":"fr-BE","@id":"https:\/\/vieassociative.be\/actualites\/#\/schema\/person\/image\/","url":"https:\/\/vieassociative.be\/actualites\/wp-content\/uploads\/2024\/09\/vie-associative-1-150x150.jpg","contentUrl":"https:\/\/vieassociative.be\/actualites\/wp-content\/uploads\/2024\/09\/vie-associative-1-150x150.jpg","caption":"Julien"},"description":"Je suis Julien, r\u00e9dacteur pour Vie Associative. Passionn\u00e9 par le monde associatif depuis plus de 10 ans, j'ai \u00e0 c\u0153ur de partager des histoires inspirantes et de mettre en lumi\u00e8re les initiatives locales. Mon objectif est de sensibiliser et d'encourager l'engagement communautaire \u00e0 travers mes articles.","sameAs":["https:\/\/vieassociative.be\/"]}]}},"_links":{"self":[{"href":"https:\/\/vieassociative.be\/actualites\/wp-json\/wp\/v2\/posts\/4692"}],"collection":[{"href":"https:\/\/vieassociative.be\/actualites\/wp-json\/wp\/v2\/posts"}],"about":[{"href":"https:\/\/vieassociative.be\/actualites\/wp-json\/wp\/v2\/types\/post"}],"author":[{"embeddable":true,"href":"https:\/\/vieassociative.be\/actualites\/wp-json\/wp\/v2\/users\/1"}],"replies":[{"embeddable":true,"href":"https:\/\/vieassociative.be\/actualites\/wp-json\/wp\/v2\/comments?post=4692"}],"version-history":[{"count":0,"href":"https:\/\/vieassociative.be\/actualites\/wp-json\/wp\/v2\/posts\/4692\/revisions"}],"wp:featuredmedia":[{"embeddable":true,"href":"https:\/\/vieassociative.be\/actualites\/wp-json\/wp\/v2\/media\/4693"}],"wp:attachment":[{"href":"https:\/\/vieassociative.be\/actualites\/wp-json\/wp\/v2\/media?parent=4692"}],"wp:term":[{"taxonomy":"category","embeddable":true,"href":"https:\/\/vieassociative.be\/actualites\/wp-json\/wp\/v2\/categories?post=4692"},{"taxonomy":"post_tag","embeddable":true,"href":"https:\/\/vieassociative.be\/actualites\/wp-json\/wp\/v2\/tags?post=4692"}],"curies":[{"name":"wp","href":"https:\/\/api.w.org\/{rel}","templated":true}]}}