{"id":469,"date":"2024-09-25T18:21:22","date_gmt":"2024-09-25T16:21:22","guid":{"rendered":"https:\/\/vieassociative.be\/actualites\/duisburger-weihnachtsmarkt-lockte-hollander-et-belgier-an\/"},"modified":"2024-09-25T18:21:25","modified_gmt":"2024-09-25T16:21:25","slug":"duisburger-weihnachtsmarkt-lockte-hollander-et-belgier-an","status":"publish","type":"post","link":"https:\/\/vieassociative.be\/actualites\/duisburger-weihnachtsmarkt-lockte-hollander-et-belgier-an\/","title":{"rendered":"Duisburger Weihnachtsmarkt lockte Holl\u00e4nder et Belgier an"},"content":{"rendered":"<p><\/p>\n<p class=\"font-sans font-medium\">  Veranstalter Duisburg Vous pouvez profiter de plus de deux millions de visiteurs au march\u00e9 de No\u00ebl. 44 Veranstaltungstage gab&rsquo;s zur 40. Auflage.<\/p>\n<aside class=\"h-ad-280+text lg:h-0 \" data-slot-id=\"pos1_sm\" data-breakpoint=\"sm\" data-hide-ad-text=\"false\" data-module-id=\"SparkAdSlotModule\"><\/aside>\n<p>Gl\u00fchwein et Riesenrad seront \u00e9galement disponibles \u00e0 l&rsquo;\u00e9t\u00e9 2018. Plus de deux millions de visiteurs peuvent profiter du Duisburger Weihnachtsmarkt. Damit depuis le Veranstalter sehr zufrieden.<\/p>\n<p>44 Veranstaltungstage z\u00e4hlte der Duisburger Weihnachtsmarkt en janvier 2019. Avec plus de deux millions de visiteurs, le Weihnachtsmarkt de Duisburg est le plus grand magasin en plein air, comme le dit Uwe Kluge, Gesch\u00e4ftsf\u00fchrer von Duisburg Kontor : \u00ab Besonders veee invit\u00e9s depuis cette ann\u00e9e \u00e0 c\u00f4t\u00e9 des Nachbarl\u00e4ndern Holland et Belgique col\u00e8re requise.\u201c Besonders qui ach\u00e8tent tous les deux Sonntage \u00e0 8h et 29h. Ce mois-ci h\u00e4tten \u00fcberregionale Anziehungskraft entfaltet.<\/p>\n<div id=\"piano-banner-kampagne\" class=\"mb-4 block\"><\/div>\n<div id=\"piano-reco-widget\" class=\"mb-4 block\"><\/div>\n<\/p>\n<p>Laut Duisburg sera heureux de vous accueillir au cours de la nouvelle ann\u00e9e 2019, de profiter de votre exp\u00e9rience visuelle et de profiter d&rsquo;un merveilleux R\u00e4tselrundgang, de la Nikolausparade et du week-end VRR X-Mas-Ticket-Ruhr.<\/p>\n<h3>Duisburger Weihnachtsmarkt profite de la r\u00e9gion de Riesenrad<\/h3>\n<\/p>\n<p>Le march\u00e9 de No\u00ebl a profit\u00e9 du march\u00e9 de la restauration rapide en 2019 \u2013 et apr\u00e8s une longue pause du Riesenrad. Depuis, nous avons pu voir les attractions du march\u00e9 de No\u00ebl. 2018 tout doit \u00eatre vu de la part des proches Tradition : Der Betreiber hatte Duisburg zwar zwar gesagt, lieferte sein Riesenrad aber stattdessen apr\u00e8s Dortmund. Le Rechtsstreit dazu l\u00e4uft noch.<\/p>\n","protected":false},"excerpt":{"rendered":"<p>Veranstalter Duisburg Vous pouvez profiter de plus de deux millions de visiteurs au march\u00e9 de No\u00ebl. 44 Veranstaltungstage gab&rsquo;s zur 40. Auflage. Gl\u00fchwein et Riesenrad<\/p>\n","protected":false},"author":1,"featured_media":470,"comment_status":"closed","ping_status":"","sticky":false,"template":"","format":"standard","meta":{"footnotes":""},"categories":[298],"tags":[763,759,762,761,760],"class_list":["post-469","post","type-post","status-publish","format-standard","has-post-thumbnail","hentry","category-belgique","tag-belgier","tag-duisburger","tag-hollander","tag-lockte","tag-weihnachtsmarkt","generate-columns","tablet-grid-50","mobile-grid-100","grid-parent","grid-33"],"yoast_head":"<!-- This site is optimized with the Yoast SEO plugin v24.0 - https:\/\/yoast.com\/wordpress\/plugins\/seo\/ -->\n<title>Duisburger Weihnachtsmarkt lockte Holl\u00e4nder et Belgier an | Vie Associative<\/title>\n<meta name=\"robots\" content=\"index, follow, max-snippet:-1, max-image-preview:large, max-video-preview:-1\" \/>\n<link rel=\"canonical\" href=\"https:\/\/vieassociative.be\/actualites\/duisburger-weihnachtsmarkt-lockte-hollander-et-belgier-an\/\" \/>\n<meta property=\"og:locale\" content=\"fr_FR\" \/>\n<meta property=\"og:type\" content=\"article\" \/>\n<meta property=\"og:title\" content=\"Duisburger Weihnachtsmarkt lockte Holl\u00e4nder et Belgier an | Vie Associative\" \/>\n<meta property=\"og:description\" content=\"Veranstalter Duisburg Vous pouvez profiter de plus de deux millions de visiteurs au march\u00e9 de No\u00ebl. 44 Veranstaltungstage gab&rsquo;s zur 40. Auflage. Gl\u00fchwein et Riesenrad\" \/>\n<meta property=\"og:url\" content=\"https:\/\/vieassociative.be\/actualites\/duisburger-weihnachtsmarkt-lockte-hollander-et-belgier-an\/\" \/>\n<meta property=\"og:site_name\" content=\"Vie Associative\" \/>\n<meta property=\"article:published_time\" content=\"2024-09-25T16:21:22+00:00\" \/>\n<meta property=\"article:modified_time\" content=\"2024-09-25T16:21:25+00:00\" \/>\n<meta property=\"og:image\" content=\"https:\/\/vieassociative.be\/actualites\/wp-content\/uploads\/2024\/09\/1727281283_Duisburger-Weihnachtsmarkt-lockte-Hollander-et-Belgier-an.jpeg\" \/>\n\t<meta property=\"og:image:width\" content=\"1600\" \/>\n\t<meta property=\"og:image:height\" content=\"900\" \/>\n\t<meta property=\"og:image:type\" content=\"image\/jpeg\" \/>\n<meta name=\"author\" content=\"Julien\" \/>\n<meta name=\"twitter:card\" content=\"summary_large_image\" \/>\n<meta name=\"twitter:label1\" content=\"\u00c9crit par\" \/>\n\t<meta name=\"twitter:data1\" content=\"Julien\" \/>\n\t<meta name=\"twitter:label2\" content=\"Dur\u00e9e de lecture est.\" \/>\n\t<meta name=\"twitter:data2\" content=\"1 minute\" \/>\n<script type=\"application\/ld+json\" class=\"yoast-schema-graph\">{\"@context\":\"https:\/\/schema.org\",\"@graph\":[{\"@type\":\"Article\",\"@id\":\"https:\/\/vieassociative.be\/actualites\/duisburger-weihnachtsmarkt-lockte-hollander-et-belgier-an\/#article\",\"isPartOf\":{\"@id\":\"https:\/\/vieassociative.be\/actualites\/duisburger-weihnachtsmarkt-lockte-hollander-et-belgier-an\/\"},\"author\":{\"name\":\"Julien\",\"@id\":\"https:\/\/vieassociative.be\/actualites\/#\/schema\/person\/b87ac4f82f9d4e7b7cec7395b679edc4\"},\"headline\":\"Duisburger Weihnachtsmarkt lockte Holl\u00e4nder et Belgier an\",\"datePublished\":\"2024-09-25T16:21:22+00:00\",\"dateModified\":\"2024-09-25T16:21:25+00:00\",\"mainEntityOfPage\":{\"@id\":\"https:\/\/vieassociative.be\/actualites\/duisburger-weihnachtsmarkt-lockte-hollander-et-belgier-an\/\"},\"wordCount\":242,\"publisher\":{\"@id\":\"https:\/\/vieassociative.be\/actualites\/#organization\"},\"image\":{\"@id\":\"https:\/\/vieassociative.be\/actualites\/duisburger-weihnachtsmarkt-lockte-hollander-et-belgier-an\/#primaryimage\"},\"thumbnailUrl\":\"https:\/\/vieassociative.be\/actualites\/wp-content\/uploads\/2024\/09\/1727281283_Duisburger-Weihnachtsmarkt-lockte-Hollander-et-Belgier-an.jpeg\",\"keywords\":[\"Belgier\",\"Duisburger\",\"Holl\u00e4nder\",\"lockte\",\"Weihnachtsmarkt\"],\"articleSection\":[\"Belgique\"],\"inLanguage\":\"fr-BE\"},{\"@type\":\"WebPage\",\"@id\":\"https:\/\/vieassociative.be\/actualites\/duisburger-weihnachtsmarkt-lockte-hollander-et-belgier-an\/\",\"url\":\"https:\/\/vieassociative.be\/actualites\/duisburger-weihnachtsmarkt-lockte-hollander-et-belgier-an\/\",\"name\":\"Duisburger Weihnachtsmarkt lockte Holl\u00e4nder et Belgier an | Vie Associative\",\"isPartOf\":{\"@id\":\"https:\/\/vieassociative.be\/actualites\/#website\"},\"primaryImageOfPage\":{\"@id\":\"https:\/\/vieassociative.be\/actualites\/duisburger-weihnachtsmarkt-lockte-hollander-et-belgier-an\/#primaryimage\"},\"image\":{\"@id\":\"https:\/\/vieassociative.be\/actualites\/duisburger-weihnachtsmarkt-lockte-hollander-et-belgier-an\/#primaryimage\"},\"thumbnailUrl\":\"https:\/\/vieassociative.be\/actualites\/wp-content\/uploads\/2024\/09\/1727281283_Duisburger-Weihnachtsmarkt-lockte-Hollander-et-Belgier-an.jpeg\",\"datePublished\":\"2024-09-25T16:21:22+00:00\",\"dateModified\":\"2024-09-25T16:21:25+00:00\",\"breadcrumb\":{\"@id\":\"https:\/\/vieassociative.be\/actualites\/duisburger-weihnachtsmarkt-lockte-hollander-et-belgier-an\/#breadcrumb\"},\"inLanguage\":\"fr-BE\",\"potentialAction\":[{\"@type\":\"ReadAction\",\"target\":[\"https:\/\/vieassociative.be\/actualites\/duisburger-weihnachtsmarkt-lockte-hollander-et-belgier-an\/\"]}]},{\"@type\":\"ImageObject\",\"inLanguage\":\"fr-BE\",\"@id\":\"https:\/\/vieassociative.be\/actualites\/duisburger-weihnachtsmarkt-lockte-hollander-et-belgier-an\/#primaryimage\",\"url\":\"https:\/\/vieassociative.be\/actualites\/wp-content\/uploads\/2024\/09\/1727281283_Duisburger-Weihnachtsmarkt-lockte-Hollander-et-Belgier-an.jpeg\",\"contentUrl\":\"https:\/\/vieassociative.be\/actualites\/wp-content\/uploads\/2024\/09\/1727281283_Duisburger-Weihnachtsmarkt-lockte-Hollander-et-Belgier-an.jpeg\",\"width\":1600,\"height\":900,\"caption\":\"Duisburger Weihnachtsmarkt lockte Holl\u00e4nder et Belgier an\"},{\"@type\":\"BreadcrumbList\",\"@id\":\"https:\/\/vieassociative.be\/actualites\/duisburger-weihnachtsmarkt-lockte-hollander-et-belgier-an\/#breadcrumb\",\"itemListElement\":[{\"@type\":\"ListItem\",\"position\":1,\"name\":\"Accueil\",\"item\":\"https:\/\/vieassociative.be\/actualites\/\"},{\"@type\":\"ListItem\",\"position\":2,\"name\":\"Duisburger Weihnachtsmarkt lockte Holl\u00e4nder et Belgier an\"}]},{\"@type\":\"WebSite\",\"@id\":\"https:\/\/vieassociative.be\/actualites\/#website\",\"url\":\"https:\/\/vieassociative.be\/actualites\/\",\"name\":\"Vie Associative\",\"description\":\"\",\"publisher\":{\"@id\":\"https:\/\/vieassociative.be\/actualites\/#organization\"},\"potentialAction\":[{\"@type\":\"SearchAction\",\"target\":{\"@type\":\"EntryPoint\",\"urlTemplate\":\"https:\/\/vieassociative.be\/actualites\/?s={search_term_string}\"},\"query-input\":{\"@type\":\"PropertyValueSpecification\",\"valueRequired\":true,\"valueName\":\"search_term_string\"}}],\"inLanguage\":\"fr-BE\"},{\"@type\":\"Organization\",\"@id\":\"https:\/\/vieassociative.be\/actualites\/#organization\",\"name\":\"Vie Associative\",\"url\":\"https:\/\/vieassociative.be\/actualites\/\",\"logo\":{\"@type\":\"ImageObject\",\"inLanguage\":\"fr-BE\",\"@id\":\"https:\/\/vieassociative.be\/actualites\/#\/schema\/logo\/image\/\",\"url\":\"https:\/\/vieassociative.be\/actualites\/wp-content\/uploads\/2024\/09\/cropped-vieassociative_favicon.ico.png\",\"contentUrl\":\"https:\/\/vieassociative.be\/actualites\/wp-content\/uploads\/2024\/09\/cropped-vieassociative_favicon.ico.png\",\"width\":512,\"height\":512,\"caption\":\"Vie Associative\"},\"image\":{\"@id\":\"https:\/\/vieassociative.be\/actualites\/#\/schema\/logo\/image\/\"}},{\"@type\":\"Person\",\"@id\":\"https:\/\/vieassociative.be\/actualites\/#\/schema\/person\/b87ac4f82f9d4e7b7cec7395b679edc4\",\"name\":\"Julien\",\"image\":{\"@type\":\"ImageObject\",\"inLanguage\":\"fr-BE\",\"@id\":\"https:\/\/vieassociative.be\/actualites\/#\/schema\/person\/image\/\",\"url\":\"https:\/\/vieassociative.be\/actualites\/wp-content\/uploads\/2024\/09\/vie-associative-1-150x150.jpg\",\"contentUrl\":\"https:\/\/vieassociative.be\/actualites\/wp-content\/uploads\/2024\/09\/vie-associative-1-150x150.jpg\",\"caption\":\"Julien\"},\"description\":\"Je suis Julien, r\u00e9dacteur pour Vie Associative. Passionn\u00e9 par le monde associatif depuis plus de 10 ans, j'ai \u00e0 c\u0153ur de partager des histoires inspirantes et de mettre en lumi\u00e8re les initiatives locales. Mon objectif est de sensibiliser et d'encourager l'engagement communautaire \u00e0 travers mes articles.\",\"sameAs\":[\"https:\/\/vieassociative.be\/\"]}]}<\/script>\n<!-- \/ Yoast SEO plugin. -->","yoast_head_json":{"title":"Duisburger Weihnachtsmarkt lockte Holl\u00e4nder et Belgier an | Vie Associative","robots":{"index":"index","follow":"follow","max-snippet":"max-snippet:-1","max-image-preview":"max-image-preview:large","max-video-preview":"max-video-preview:-1"},"canonical":"https:\/\/vieassociative.be\/actualites\/duisburger-weihnachtsmarkt-lockte-hollander-et-belgier-an\/","og_locale":"fr_FR","og_type":"article","og_title":"Duisburger Weihnachtsmarkt lockte Holl\u00e4nder et Belgier an | Vie Associative","og_description":"Veranstalter Duisburg Vous pouvez profiter de plus de deux millions de visiteurs au march\u00e9 de No\u00ebl. 44 Veranstaltungstage gab&rsquo;s zur 40. Auflage. Gl\u00fchwein et Riesenrad","og_url":"https:\/\/vieassociative.be\/actualites\/duisburger-weihnachtsmarkt-lockte-hollander-et-belgier-an\/","og_site_name":"Vie Associative","article_published_time":"2024-09-25T16:21:22+00:00","article_modified_time":"2024-09-25T16:21:25+00:00","og_image":[{"width":1600,"height":900,"url":"https:\/\/vieassociative.be\/actualites\/wp-content\/uploads\/2024\/09\/1727281283_Duisburger-Weihnachtsmarkt-lockte-Hollander-et-Belgier-an.jpeg","type":"image\/jpeg"}],"author":"Julien","twitter_card":"summary_large_image","twitter_misc":{"\u00c9crit par":"Julien","Dur\u00e9e de lecture est.":"1 minute"},"schema":{"@context":"https:\/\/schema.org","@graph":[{"@type":"Article","@id":"https:\/\/vieassociative.be\/actualites\/duisburger-weihnachtsmarkt-lockte-hollander-et-belgier-an\/#article","isPartOf":{"@id":"https:\/\/vieassociative.be\/actualites\/duisburger-weihnachtsmarkt-lockte-hollander-et-belgier-an\/"},"author":{"name":"Julien","@id":"https:\/\/vieassociative.be\/actualites\/#\/schema\/person\/b87ac4f82f9d4e7b7cec7395b679edc4"},"headline":"Duisburger Weihnachtsmarkt lockte Holl\u00e4nder et Belgier an","datePublished":"2024-09-25T16:21:22+00:00","dateModified":"2024-09-25T16:21:25+00:00","mainEntityOfPage":{"@id":"https:\/\/vieassociative.be\/actualites\/duisburger-weihnachtsmarkt-lockte-hollander-et-belgier-an\/"},"wordCount":242,"publisher":{"@id":"https:\/\/vieassociative.be\/actualites\/#organization"},"image":{"@id":"https:\/\/vieassociative.be\/actualites\/duisburger-weihnachtsmarkt-lockte-hollander-et-belgier-an\/#primaryimage"},"thumbnailUrl":"https:\/\/vieassociative.be\/actualites\/wp-content\/uploads\/2024\/09\/1727281283_Duisburger-Weihnachtsmarkt-lockte-Hollander-et-Belgier-an.jpeg","keywords":["Belgier","Duisburger","Holl\u00e4nder","lockte","Weihnachtsmarkt"],"articleSection":["Belgique"],"inLanguage":"fr-BE"},{"@type":"WebPage","@id":"https:\/\/vieassociative.be\/actualites\/duisburger-weihnachtsmarkt-lockte-hollander-et-belgier-an\/","url":"https:\/\/vieassociative.be\/actualites\/duisburger-weihnachtsmarkt-lockte-hollander-et-belgier-an\/","name":"Duisburger Weihnachtsmarkt lockte Holl\u00e4nder et Belgier an | Vie Associative","isPartOf":{"@id":"https:\/\/vieassociative.be\/actualites\/#website"},"primaryImageOfPage":{"@id":"https:\/\/vieassociative.be\/actualites\/duisburger-weihnachtsmarkt-lockte-hollander-et-belgier-an\/#primaryimage"},"image":{"@id":"https:\/\/vieassociative.be\/actualites\/duisburger-weihnachtsmarkt-lockte-hollander-et-belgier-an\/#primaryimage"},"thumbnailUrl":"https:\/\/vieassociative.be\/actualites\/wp-content\/uploads\/2024\/09\/1727281283_Duisburger-Weihnachtsmarkt-lockte-Hollander-et-Belgier-an.jpeg","datePublished":"2024-09-25T16:21:22+00:00","dateModified":"2024-09-25T16:21:25+00:00","breadcrumb":{"@id":"https:\/\/vieassociative.be\/actualites\/duisburger-weihnachtsmarkt-lockte-hollander-et-belgier-an\/#breadcrumb"},"inLanguage":"fr-BE","potentialAction":[{"@type":"ReadAction","target":["https:\/\/vieassociative.be\/actualites\/duisburger-weihnachtsmarkt-lockte-hollander-et-belgier-an\/"]}]},{"@type":"ImageObject","inLanguage":"fr-BE","@id":"https:\/\/vieassociative.be\/actualites\/duisburger-weihnachtsmarkt-lockte-hollander-et-belgier-an\/#primaryimage","url":"https:\/\/vieassociative.be\/actualites\/wp-content\/uploads\/2024\/09\/1727281283_Duisburger-Weihnachtsmarkt-lockte-Hollander-et-Belgier-an.jpeg","contentUrl":"https:\/\/vieassociative.be\/actualites\/wp-content\/uploads\/2024\/09\/1727281283_Duisburger-Weihnachtsmarkt-lockte-Hollander-et-Belgier-an.jpeg","width":1600,"height":900,"caption":"Duisburger Weihnachtsmarkt lockte Holl\u00e4nder et Belgier an"},{"@type":"BreadcrumbList","@id":"https:\/\/vieassociative.be\/actualites\/duisburger-weihnachtsmarkt-lockte-hollander-et-belgier-an\/#breadcrumb","itemListElement":[{"@type":"ListItem","position":1,"name":"Accueil","item":"https:\/\/vieassociative.be\/actualites\/"},{"@type":"ListItem","position":2,"name":"Duisburger Weihnachtsmarkt lockte Holl\u00e4nder et Belgier an"}]},{"@type":"WebSite","@id":"https:\/\/vieassociative.be\/actualites\/#website","url":"https:\/\/vieassociative.be\/actualites\/","name":"Vie Associative","description":"","publisher":{"@id":"https:\/\/vieassociative.be\/actualites\/#organization"},"potentialAction":[{"@type":"SearchAction","target":{"@type":"EntryPoint","urlTemplate":"https:\/\/vieassociative.be\/actualites\/?s={search_term_string}"},"query-input":{"@type":"PropertyValueSpecification","valueRequired":true,"valueName":"search_term_string"}}],"inLanguage":"fr-BE"},{"@type":"Organization","@id":"https:\/\/vieassociative.be\/actualites\/#organization","name":"Vie Associative","url":"https:\/\/vieassociative.be\/actualites\/","logo":{"@type":"ImageObject","inLanguage":"fr-BE","@id":"https:\/\/vieassociative.be\/actualites\/#\/schema\/logo\/image\/","url":"https:\/\/vieassociative.be\/actualites\/wp-content\/uploads\/2024\/09\/cropped-vieassociative_favicon.ico.png","contentUrl":"https:\/\/vieassociative.be\/actualites\/wp-content\/uploads\/2024\/09\/cropped-vieassociative_favicon.ico.png","width":512,"height":512,"caption":"Vie Associative"},"image":{"@id":"https:\/\/vieassociative.be\/actualites\/#\/schema\/logo\/image\/"}},{"@type":"Person","@id":"https:\/\/vieassociative.be\/actualites\/#\/schema\/person\/b87ac4f82f9d4e7b7cec7395b679edc4","name":"Julien","image":{"@type":"ImageObject","inLanguage":"fr-BE","@id":"https:\/\/vieassociative.be\/actualites\/#\/schema\/person\/image\/","url":"https:\/\/vieassociative.be\/actualites\/wp-content\/uploads\/2024\/09\/vie-associative-1-150x150.jpg","contentUrl":"https:\/\/vieassociative.be\/actualites\/wp-content\/uploads\/2024\/09\/vie-associative-1-150x150.jpg","caption":"Julien"},"description":"Je suis Julien, r\u00e9dacteur pour Vie Associative. Passionn\u00e9 par le monde associatif depuis plus de 10 ans, j'ai \u00e0 c\u0153ur de partager des histoires inspirantes et de mettre en lumi\u00e8re les initiatives locales. Mon objectif est de sensibiliser et d'encourager l'engagement communautaire \u00e0 travers mes articles.","sameAs":["https:\/\/vieassociative.be\/"]}]}},"_links":{"self":[{"href":"https:\/\/vieassociative.be\/actualites\/wp-json\/wp\/v2\/posts\/469"}],"collection":[{"href":"https:\/\/vieassociative.be\/actualites\/wp-json\/wp\/v2\/posts"}],"about":[{"href":"https:\/\/vieassociative.be\/actualites\/wp-json\/wp\/v2\/types\/post"}],"author":[{"embeddable":true,"href":"https:\/\/vieassociative.be\/actualites\/wp-json\/wp\/v2\/users\/1"}],"replies":[{"embeddable":true,"href":"https:\/\/vieassociative.be\/actualites\/wp-json\/wp\/v2\/comments?post=469"}],"version-history":[{"count":1,"href":"https:\/\/vieassociative.be\/actualites\/wp-json\/wp\/v2\/posts\/469\/revisions"}],"predecessor-version":[{"id":471,"href":"https:\/\/vieassociative.be\/actualites\/wp-json\/wp\/v2\/posts\/469\/revisions\/471"}],"wp:featuredmedia":[{"embeddable":true,"href":"https:\/\/vieassociative.be\/actualites\/wp-json\/wp\/v2\/media\/470"}],"wp:attachment":[{"href":"https:\/\/vieassociative.be\/actualites\/wp-json\/wp\/v2\/media?parent=469"}],"wp:term":[{"taxonomy":"category","embeddable":true,"href":"https:\/\/vieassociative.be\/actualites\/wp-json\/wp\/v2\/categories?post=469"},{"taxonomy":"post_tag","embeddable":true,"href":"https:\/\/vieassociative.be\/actualites\/wp-json\/wp\/v2\/tags?post=469"}],"curies":[{"name":"wp","href":"https:\/\/api.w.org\/{rel}","templated":true}]}}